{"id":32770,"date":"2017-08-04T09:00:57","date_gmt":"2017-08-04T12:00:57","guid":{"rendered":"http:\/\/patagoniambiental.com.ar\/info\/?p=32770"},"modified":"2017-08-03T17:18:41","modified_gmt":"2017-08-03T20:18:41","slug":"primera-travesia-de-regularidad-del-estrecho-a-los-glaciares","status":"publish","type":"post","link":"https:\/\/patagoniambiental.com.ar\/info\/primera-travesia-de-regularidad-del-estrecho-a-los-glaciares\/","title":{"rendered":"Primera Traves\u00eda de Regularidad \u201cDel Estrecho a Los Glaciares\u201d"},"content":{"rendered":"<div class=\"XXtextoNota clearfix\">\n<div align=\"justify\">\n<p>EL CALAFATE.- Entre el 15 al 18 de septiembre pr\u00f3ximo, se llevar\u00e1 a cabo la 1\u00b0 Traves\u00eda \u201cDel Estrecho a Los Glaciares\u201d, que ser\u00e1 una carrera de regularidad de 800 kil\u00f3metros uniendo Punta Arenas en Chile con El Calafate en la Argentina.<\/p>\n<p>Miembros de la Asociaci\u00f3n Amigos de los Autos Antiguos de El Calafate, Ra\u00fal Gamboa, Mario G\u00fcena y Carlos D\u2019Agostino, brindaron los detalles de la traves\u00eda que se correr\u00e1 por primera vez en la historia uniendo a la Patagonia Austral. \u201cDesde el a\u00f1o pasado hablamos de la posibilidad de poder organizar esta carrera, y despu\u00e9s de varios contactos pudimos llevarla a delante y en eso estamos.<\/p>\n<p>La carrera largar\u00e1 el s\u00e1bado 16 desde Punta Arenas, por eso el viernes 15 los argentinos que estamos inscriptos viajaremos en caravana hacia Chile para el otro d\u00eda largar la competencia. La primera etapa ser\u00e1 Punta Arenas \u2013 Puerto Natales donde al mediod\u00eda haremos una parada para almorzar en la Estancia R\u00edo Penitentes.<\/p>\n<p>El domingo 17 despu\u00e9s de hacer el enlace que va a ser el paso por las aduanas, se largar\u00e1 la segunda etapa entre Puerto Natales \u2013 El Calafate, donde al mediod\u00eda se har\u00e1 una parada en La Esperanza. Finalmente el lunes 18 haremos El Calafate \u2013 Portal de Entrada al Parque Nacional Los Glaciares, la idea es entrar en carrera como otros a\u00f1os, y llegar al Glaciar Perito Moreno, pero a\u00fan no hemos podido confirmar con la Administraci\u00f3n Central de Parques esta posibilidad. Igualmente todo termina con un almuerzo en el Restaurante Nativos de la Patagonia en el Glaciar. Por la noche se har\u00e1 la cena de premiaci\u00f3n en el Hotel Posadas Los \u00c1lamos terminando el evento.\u201d<\/p>\n<p>\u201cHay en total 30 cupos para Argentina y 30 cupos para Chile, hasta el momento hay confirmados 20 en nuestro pa\u00eds y 18 en Chile, as\u00ed que aquellos que quieran inscribirse no se queden porque a los 30 se cierra o el 8 de septiembre pr\u00f3ximo.\u201d<\/p>\n<p>Para m\u00e1s informaci\u00f3n e inscripci\u00f3n los contactos son los siguientes:<\/p>\n<p>Mario G\u00fcena:\u00a0<a href=\"mailto:stellagabriel1@hotmail.com\">stellagabriel1@hotmail.com<\/a>\u00a0. Celular: 011 15 4408 3729<\/p>\n<p>Ra\u00fal Gamboa:\u00a0<a href=\"mailto:raul.gamboa@cotecal.com.ar\">raul.gamboa@cotecal.com.ar<\/a>\u00a0. Celular: 02966 15 721833 (Ahora Calafate)<\/p>\n<\/div>\n<\/div>\n<div class=\"votes clearfix\">\u00a0Fuente: Tiempo Sur<\/div>\n","protected":false},"excerpt":{"rendered":"<p>EL CALAFATE.- Entre el 15 al 18 de septiembre pr\u00f3ximo, se llevar\u00e1 a cabo la 1\u00b0 Traves\u00eda \u201cDel Estrecho a [&hellip;]<\/p>\n","protected":false},"author":2,"featured_media":32771,"comment_status":"open","ping_status":"open","sticky":false,"template":"","format":"standard","meta":{"site-sidebar-layout":"default","site-content-layout":"","ast-site-content-layout":"default","site-content-style":"default","site-sidebar-style":"default","ast-global-header-display":"","ast-banner-title-visibility":"","ast-main-header-display":"","ast-hfb-above-header-display":"","ast-hfb-below-header-display":"","ast-hfb-mobile-header-display":"","site-post-title":"","ast-breadcrumbs-content":"","ast-featured-img":"","footer-sml-layout":"","ast-disable-related-posts":"","theme-transparent-header-meta":"","adv-header-id-meta":"","stick-header-meta":"","header-above-stick-meta":"","header-main-stick-meta":"","header-below-stick-meta":"","astra-migrate-meta-layouts":"default","ast-page-background-enabled":"default","ast-page-background-meta":{"desktop":{"background-color":"var(--ast-global-color-5)","background-image":"","background-repeat":"repeat","background-position":"center center","background-size":"auto","background-attachment":"scroll","background-type":"","background-media":"","overlay-type":"","overlay-color":"","overlay-opacity":"","overlay-gradient":""},"tablet":{"background-color":"","background-image":"","background-repeat":"repeat","background-position":"center center","background-size":"auto","background-attachment":"scroll","background-type":"","background-media":"","overlay-type":"","overlay-color":"","overlay-opacity":"","overlay-gradient":""},"mobile":{"background-color":"","background-image":"","background-repeat":"repeat","background-position":"center center","background-size":"auto","background-attachment":"scroll","background-type":"","background-media":"","overlay-type":"","overlay-color":"","overlay-opacity":"","overlay-gradient":""}},"ast-content-background-meta":{"desktop":{"background-color":"var(--ast-global-color-4)","background-image":"","background-repeat":"repeat","background-position":"center center","background-size":"auto","background-attachment":"scroll","background-type":"","background-media":"","overlay-type":"","overlay-color":"","overlay-opacity":"","overlay-gradient":""},"tablet":{"background-color":"var(--ast-global-color-4)","background-image":"","background-repeat":"repeat","background-position":"center center","background-size":"auto","background-attachment":"scroll","background-type":"","background-media":"","overlay-type":"","overlay-color":"","overlay-opacity":"","overlay-gradient":""},"mobile":{"background-color":"var(--ast-global-color-4)","background-image":"","background-repeat":"repeat","background-position":"center center","background-size":"auto","background-attachment":"scroll","background-type":"","background-media":"","overlay-type":"","overlay-color":"","overlay-opacity":"","overlay-gradient":""}},"footnotes":""},"categories":[12,1],"tags":[],"class_list":["post-32770","post","type-post","status-publish","format-standard","has-post-thumbnail","hentry","category-agenda-ambiental","category-noticias"],"yoast_head":"<!-- This site is optimized with the Yoast SEO Premium plugin v23.0 (Yoast SEO v27.5) - https:\/\/yoast.com\/product\/yoast-seo-premium-wordpress\/ -->\n<title>Primera Traves\u00eda de Regularidad \u201cDel Estrecho a Los Glaciares\u201d<\/title>\n<meta name=\"robots\" content=\"index, follow, max-snippet:-1, max-image-preview:large, max-video-preview:-1\" \/>\n<link rel=\"canonical\" href=\"https:\/\/patagoniambiental.com.ar\/info\/primera-travesia-de-regularidad-del-estrecho-a-los-glaciares\/\" \/>\n<meta property=\"og:locale\" content=\"es_ES\" \/>\n<meta property=\"og:type\" content=\"article\" \/>\n<meta property=\"og:title\" content=\"Primera Traves\u00eda de Regularidad \u201cDel Estrecho a Los Glaciares\u201d\" \/>\n<meta property=\"og:description\" content=\"EL CALAFATE.- Entre el 15 al 18 de septiembre pr\u00f3ximo, se llevar\u00e1 a cabo la 1\u00b0 Traves\u00eda \u201cDel Estrecho a [&hellip;]\" \/>\n<meta property=\"og:url\" content=\"https:\/\/patagoniambiental.com.ar\/info\/primera-travesia-de-regularidad-del-estrecho-a-los-glaciares\/\" \/>\n<meta property=\"og:site_name\" content=\"Patagonia Ambiental\" \/>\n<meta property=\"article:publisher\" content=\"https:\/\/www.facebook.com\/patagonia.ambiental\" \/>\n<meta property=\"article:author\" content=\"https:\/\/www.facebook.com\/share\/1C1V8Gv9BX\/?mibextid=qi2Omg\" \/>\n<meta property=\"article:published_time\" content=\"2017-08-04T12:00:57+00:00\" \/>\n<meta property=\"og:image\" content=\"https:\/\/patagoniambiental.com.ar\/info\/wp-content\/uploads\/2017\/08\/autos-viejos.jpg\" \/>\n\t<meta property=\"og:image:width\" content=\"555\" \/>\n\t<meta property=\"og:image:height\" content=\"415\" \/>\n\t<meta property=\"og:image:type\" content=\"image\/jpeg\" \/>\n<meta name=\"author\" content=\"Patagonia Ambiental\" \/>\n<meta name=\"twitter:card\" content=\"summary_large_image\" \/>\n<meta name=\"twitter:creator\" content=\"@PatAmb\" \/>\n<meta name=\"twitter:site\" content=\"@PatAmb\" \/>\n<script type=\"application\/ld+json\" class=\"yoast-schema-graph\">{\"@context\":\"https:\\\/\\\/schema.org\",\"@graph\":[{\"@type\":\"Article\",\"@id\":\"https:\\\/\\\/patagoniambiental.com.ar\\\/info\\\/primera-travesia-de-regularidad-del-estrecho-a-los-glaciares\\\/#article\",\"isPartOf\":{\"@id\":\"https:\\\/\\\/patagoniambiental.com.ar\\\/info\\\/primera-travesia-de-regularidad-del-estrecho-a-los-glaciares\\\/\"},\"author\":{\"name\":\"Patagonia Ambiental\",\"@id\":\"https:\\\/\\\/patagoniambiental.com.ar\\\/info\\\/#\\\/schema\\\/person\\\/db12bff64bbcbf6a253710bf0ea37b5d\"},\"headline\":\"Primera Traves\u00eda de Regularidad \u201cDel Estrecho a Los Glaciares\u201d\",\"datePublished\":\"2017-08-04T12:00:57+00:00\",\"mainEntityOfPage\":{\"@id\":\"https:\\\/\\\/patagoniambiental.com.ar\\\/info\\\/primera-travesia-de-regularidad-del-estrecho-a-los-glaciares\\\/\"},\"wordCount\":373,\"commentCount\":0,\"publisher\":{\"@id\":\"https:\\\/\\\/patagoniambiental.com.ar\\\/info\\\/#organization\"},\"image\":{\"@id\":\"https:\\\/\\\/patagoniambiental.com.ar\\\/info\\\/primera-travesia-de-regularidad-del-estrecho-a-los-glaciares\\\/#primaryimage\"},\"thumbnailUrl\":\"https:\\\/\\\/patagoniambiental.com.ar\\\/info\\\/wp-content\\\/uploads\\\/2017\\\/08\\\/autos-viejos.jpg\",\"articleSection\":[\"Agenda Ambiental\",\"Noticias\"],\"inLanguage\":\"es\",\"potentialAction\":[{\"@type\":\"CommentAction\",\"name\":\"Comment\",\"target\":[\"https:\\\/\\\/patagoniambiental.com.ar\\\/info\\\/primera-travesia-de-regularidad-del-estrecho-a-los-glaciares\\\/#respond\"]}]},{\"@type\":\"WebPage\",\"@id\":\"https:\\\/\\\/patagoniambiental.com.ar\\\/info\\\/primera-travesia-de-regularidad-del-estrecho-a-los-glaciares\\\/\",\"url\":\"https:\\\/\\\/patagoniambiental.com.ar\\\/info\\\/primera-travesia-de-regularidad-del-estrecho-a-los-glaciares\\\/\",\"name\":\"Primera Traves\u00eda de Regularidad \u201cDel Estrecho a Los Glaciares\u201d\",\"isPartOf\":{\"@id\":\"https:\\\/\\\/patagoniambiental.com.ar\\\/info\\\/#website\"},\"primaryImageOfPage\":{\"@id\":\"https:\\\/\\\/patagoniambiental.com.ar\\\/info\\\/primera-travesia-de-regularidad-del-estrecho-a-los-glaciares\\\/#primaryimage\"},\"image\":{\"@id\":\"https:\\\/\\\/patagoniambiental.com.ar\\\/info\\\/primera-travesia-de-regularidad-del-estrecho-a-los-glaciares\\\/#primaryimage\"},\"thumbnailUrl\":\"https:\\\/\\\/patagoniambiental.com.ar\\\/info\\\/wp-content\\\/uploads\\\/2017\\\/08\\\/autos-viejos.jpg\",\"datePublished\":\"2017-08-04T12:00:57+00:00\",\"breadcrumb\":{\"@id\":\"https:\\\/\\\/patagoniambiental.com.ar\\\/info\\\/primera-travesia-de-regularidad-del-estrecho-a-los-glaciares\\\/#breadcrumb\"},\"inLanguage\":\"es\",\"potentialAction\":[{\"@type\":\"ReadAction\",\"target\":[\"https:\\\/\\\/patagoniambiental.com.ar\\\/info\\\/primera-travesia-de-regularidad-del-estrecho-a-los-glaciares\\\/\"]}]},{\"@type\":\"ImageObject\",\"inLanguage\":\"es\",\"@id\":\"https:\\\/\\\/patagoniambiental.com.ar\\\/info\\\/primera-travesia-de-regularidad-del-estrecho-a-los-glaciares\\\/#primaryimage\",\"url\":\"https:\\\/\\\/patagoniambiental.com.ar\\\/info\\\/wp-content\\\/uploads\\\/2017\\\/08\\\/autos-viejos.jpg\",\"contentUrl\":\"https:\\\/\\\/patagoniambiental.com.ar\\\/info\\\/wp-content\\\/uploads\\\/2017\\\/08\\\/autos-viejos.jpg\",\"width\":555,\"height\":415},{\"@type\":\"BreadcrumbList\",\"@id\":\"https:\\\/\\\/patagoniambiental.com.ar\\\/info\\\/primera-travesia-de-regularidad-del-estrecho-a-los-glaciares\\\/#breadcrumb\",\"itemListElement\":[{\"@type\":\"ListItem\",\"position\":1,\"name\":\"Inicio\",\"item\":\"https:\\\/\\\/patagoniambiental.com.ar\\\/info\\\/\"},{\"@type\":\"ListItem\",\"position\":2,\"name\":\"Primera Traves\u00eda de Regularidad \u201cDel Estrecho a Los Glaciares\u201d\"}]},{\"@type\":\"WebSite\",\"@id\":\"https:\\\/\\\/patagoniambiental.com.ar\\\/info\\\/#website\",\"url\":\"https:\\\/\\\/patagoniambiental.com.ar\\\/info\\\/\",\"name\":\"Patagonia Ambiental\",\"description\":\"Monitoreo y an\u00e1lisis de la situaci\u00f3n geopol\u00edtica en el mundo y su implicancia en la Patagonia\",\"publisher\":{\"@id\":\"https:\\\/\\\/patagoniambiental.com.ar\\\/info\\\/#organization\"},\"potentialAction\":[{\"@type\":\"SearchAction\",\"target\":{\"@type\":\"EntryPoint\",\"urlTemplate\":\"https:\\\/\\\/patagoniambiental.com.ar\\\/info\\\/?s={search_term_string}\"},\"query-input\":{\"@type\":\"PropertyValueSpecification\",\"valueRequired\":true,\"valueName\":\"search_term_string\"}}],\"inLanguage\":\"es\"},{\"@type\":\"Organization\",\"@id\":\"https:\\\/\\\/patagoniambiental.com.ar\\\/info\\\/#organization\",\"name\":\"Patagonia Ambiental\",\"url\":\"https:\\\/\\\/patagoniambiental.com.ar\\\/info\\\/\",\"logo\":{\"@type\":\"ImageObject\",\"inLanguage\":\"es\",\"@id\":\"https:\\\/\\\/patagoniambiental.com.ar\\\/info\\\/#\\\/schema\\\/logo\\\/image\\\/\",\"url\":\"https:\\\/\\\/patagoniambiental.com.ar\\\/info\\\/wp-content\\\/uploads\\\/2025\\\/05\\\/LOGO-PATAGONIA-AMBIENTAL.png\",\"contentUrl\":\"https:\\\/\\\/patagoniambiental.com.ar\\\/info\\\/wp-content\\\/uploads\\\/2025\\\/05\\\/LOGO-PATAGONIA-AMBIENTAL.png\",\"width\":433,\"height\":250,\"caption\":\"Patagonia Ambiental\"},\"image\":{\"@id\":\"https:\\\/\\\/patagoniambiental.com.ar\\\/info\\\/#\\\/schema\\\/logo\\\/image\\\/\"},\"sameAs\":[\"https:\\\/\\\/www.facebook.com\\\/patagonia.ambiental\",\"https:\\\/\\\/x.com\\\/PatAmb\"]},{\"@type\":\"Person\",\"@id\":\"https:\\\/\\\/patagoniambiental.com.ar\\\/info\\\/#\\\/schema\\\/person\\\/db12bff64bbcbf6a253710bf0ea37b5d\",\"name\":\"Patagonia Ambiental\",\"description\":\"Andr\u00e9s Nievas T\u00e9cnico en manejo ambiental, consultor Ambiental y escritor para medios locales e internacionales sobre temas de geopolitica y medio ambiente.\",\"sameAs\":[\"http:\\\/\\\/www.patagoniambiental.com.ar\",\"https:\\\/\\\/www.facebook.com\\\/share\\\/1C1V8Gv9BX\\\/?mibextid=qi2Omg\",\"@patagoniambiental\",\"https:\\\/\\\/youtube.com\\\/@patagoniaambiental2023?si=BLt58t0wuXquxlYZ\"]}]}<\/script>\n<!-- \/ Yoast SEO Premium plugin. -->","yoast_head_json":{"title":"Primera Traves\u00eda de Regularidad \u201cDel Estrecho a Los Glaciares\u201d","robots":{"index":"index","follow":"follow","max-snippet":"max-snippet:-1","max-image-preview":"max-image-preview:large","max-video-preview":"max-video-preview:-1"},"canonical":"https:\/\/patagoniambiental.com.ar\/info\/primera-travesia-de-regularidad-del-estrecho-a-los-glaciares\/","og_locale":"es_ES","og_type":"article","og_title":"Primera Traves\u00eda de Regularidad \u201cDel Estrecho a Los Glaciares\u201d","og_description":"EL CALAFATE.- Entre el 15 al 18 de septiembre pr\u00f3ximo, se llevar\u00e1 a cabo la 1\u00b0 Traves\u00eda \u201cDel Estrecho a [&hellip;]","og_url":"https:\/\/patagoniambiental.com.ar\/info\/primera-travesia-de-regularidad-del-estrecho-a-los-glaciares\/","og_site_name":"Patagonia Ambiental","article_publisher":"https:\/\/www.facebook.com\/patagonia.ambiental","article_author":"https:\/\/www.facebook.com\/share\/1C1V8Gv9BX\/?mibextid=qi2Omg","article_published_time":"2017-08-04T12:00:57+00:00","og_image":[{"width":555,"height":415,"url":"https:\/\/patagoniambiental.com.ar\/info\/wp-content\/uploads\/2017\/08\/autos-viejos.jpg","type":"image\/jpeg"}],"author":"Patagonia Ambiental","twitter_card":"summary_large_image","twitter_creator":"@PatAmb","twitter_site":"@PatAmb","schema":{"@context":"https:\/\/schema.org","@graph":[{"@type":"Article","@id":"https:\/\/patagoniambiental.com.ar\/info\/primera-travesia-de-regularidad-del-estrecho-a-los-glaciares\/#article","isPartOf":{"@id":"https:\/\/patagoniambiental.com.ar\/info\/primera-travesia-de-regularidad-del-estrecho-a-los-glaciares\/"},"author":{"name":"Patagonia Ambiental","@id":"https:\/\/patagoniambiental.com.ar\/info\/#\/schema\/person\/db12bff64bbcbf6a253710bf0ea37b5d"},"headline":"Primera Traves\u00eda de Regularidad \u201cDel Estrecho a Los Glaciares\u201d","datePublished":"2017-08-04T12:00:57+00:00","mainEntityOfPage":{"@id":"https:\/\/patagoniambiental.com.ar\/info\/primera-travesia-de-regularidad-del-estrecho-a-los-glaciares\/"},"wordCount":373,"commentCount":0,"publisher":{"@id":"https:\/\/patagoniambiental.com.ar\/info\/#organization"},"image":{"@id":"https:\/\/patagoniambiental.com.ar\/info\/primera-travesia-de-regularidad-del-estrecho-a-los-glaciares\/#primaryimage"},"thumbnailUrl":"https:\/\/patagoniambiental.com.ar\/info\/wp-content\/uploads\/2017\/08\/autos-viejos.jpg","articleSection":["Agenda Ambiental","Noticias"],"inLanguage":"es","potentialAction":[{"@type":"CommentAction","name":"Comment","target":["https:\/\/patagoniambiental.com.ar\/info\/primera-travesia-de-regularidad-del-estrecho-a-los-glaciares\/#respond"]}]},{"@type":"WebPage","@id":"https:\/\/patagoniambiental.com.ar\/info\/primera-travesia-de-regularidad-del-estrecho-a-los-glaciares\/","url":"https:\/\/patagoniambiental.com.ar\/info\/primera-travesia-de-regularidad-del-estrecho-a-los-glaciares\/","name":"Primera Traves\u00eda de Regularidad \u201cDel Estrecho a Los Glaciares\u201d","isPartOf":{"@id":"https:\/\/patagoniambiental.com.ar\/info\/#website"},"primaryImageOfPage":{"@id":"https:\/\/patagoniambiental.com.ar\/info\/primera-travesia-de-regularidad-del-estrecho-a-los-glaciares\/#primaryimage"},"image":{"@id":"https:\/\/patagoniambiental.com.ar\/info\/primera-travesia-de-regularidad-del-estrecho-a-los-glaciares\/#primaryimage"},"thumbnailUrl":"https:\/\/patagoniambiental.com.ar\/info\/wp-content\/uploads\/2017\/08\/autos-viejos.jpg","datePublished":"2017-08-04T12:00:57+00:00","breadcrumb":{"@id":"https:\/\/patagoniambiental.com.ar\/info\/primera-travesia-de-regularidad-del-estrecho-a-los-glaciares\/#breadcrumb"},"inLanguage":"es","potentialAction":[{"@type":"ReadAction","target":["https:\/\/patagoniambiental.com.ar\/info\/primera-travesia-de-regularidad-del-estrecho-a-los-glaciares\/"]}]},{"@type":"ImageObject","inLanguage":"es","@id":"https:\/\/patagoniambiental.com.ar\/info\/primera-travesia-de-regularidad-del-estrecho-a-los-glaciares\/#primaryimage","url":"https:\/\/patagoniambiental.com.ar\/info\/wp-content\/uploads\/2017\/08\/autos-viejos.jpg","contentUrl":"https:\/\/patagoniambiental.com.ar\/info\/wp-content\/uploads\/2017\/08\/autos-viejos.jpg","width":555,"height":415},{"@type":"BreadcrumbList","@id":"https:\/\/patagoniambiental.com.ar\/info\/primera-travesia-de-regularidad-del-estrecho-a-los-glaciares\/#breadcrumb","itemListElement":[{"@type":"ListItem","position":1,"name":"Inicio","item":"https:\/\/patagoniambiental.com.ar\/info\/"},{"@type":"ListItem","position":2,"name":"Primera Traves\u00eda de Regularidad \u201cDel Estrecho a Los Glaciares\u201d"}]},{"@type":"WebSite","@id":"https:\/\/patagoniambiental.com.ar\/info\/#website","url":"https:\/\/patagoniambiental.com.ar\/info\/","name":"Patagonia Ambiental","description":"Monitoreo y an\u00e1lisis de la situaci\u00f3n geopol\u00edtica en el mundo y su implicancia en la Patagonia","publisher":{"@id":"https:\/\/patagoniambiental.com.ar\/info\/#organization"},"potentialAction":[{"@type":"SearchAction","target":{"@type":"EntryPoint","urlTemplate":"https:\/\/patagoniambiental.com.ar\/info\/?s={search_term_string}"},"query-input":{"@type":"PropertyValueSpecification","valueRequired":true,"valueName":"search_term_string"}}],"inLanguage":"es"},{"@type":"Organization","@id":"https:\/\/patagoniambiental.com.ar\/info\/#organization","name":"Patagonia Ambiental","url":"https:\/\/patagoniambiental.com.ar\/info\/","logo":{"@type":"ImageObject","inLanguage":"es","@id":"https:\/\/patagoniambiental.com.ar\/info\/#\/schema\/logo\/image\/","url":"https:\/\/patagoniambiental.com.ar\/info\/wp-content\/uploads\/2025\/05\/LOGO-PATAGONIA-AMBIENTAL.png","contentUrl":"https:\/\/patagoniambiental.com.ar\/info\/wp-content\/uploads\/2025\/05\/LOGO-PATAGONIA-AMBIENTAL.png","width":433,"height":250,"caption":"Patagonia Ambiental"},"image":{"@id":"https:\/\/patagoniambiental.com.ar\/info\/#\/schema\/logo\/image\/"},"sameAs":["https:\/\/www.facebook.com\/patagonia.ambiental","https:\/\/x.com\/PatAmb"]},{"@type":"Person","@id":"https:\/\/patagoniambiental.com.ar\/info\/#\/schema\/person\/db12bff64bbcbf6a253710bf0ea37b5d","name":"Patagonia Ambiental","description":"Andr\u00e9s Nievas T\u00e9cnico en manejo ambiental, consultor Ambiental y escritor para medios locales e internacionales sobre temas de geopolitica y medio ambiente.","sameAs":["http:\/\/www.patagoniambiental.com.ar","https:\/\/www.facebook.com\/share\/1C1V8Gv9BX\/?mibextid=qi2Omg","@patagoniambiental","https:\/\/youtube.com\/@patagoniaambiental2023?si=BLt58t0wuXquxlYZ"]}]}},"_links":{"self":[{"href":"https:\/\/patagoniambiental.com.ar\/info\/wp-json\/wp\/v2\/posts\/32770","targetHints":{"allow":["GET"]}}],"collection":[{"href":"https:\/\/patagoniambiental.com.ar\/info\/wp-json\/wp\/v2\/posts"}],"about":[{"href":"https:\/\/patagoniambiental.com.ar\/info\/wp-json\/wp\/v2\/types\/post"}],"author":[{"embeddable":true,"href":"https:\/\/patagoniambiental.com.ar\/info\/wp-json\/wp\/v2\/users\/2"}],"replies":[{"embeddable":true,"href":"https:\/\/patagoniambiental.com.ar\/info\/wp-json\/wp\/v2\/comments?post=32770"}],"version-history":[{"count":0,"href":"https:\/\/patagoniambiental.com.ar\/info\/wp-json\/wp\/v2\/posts\/32770\/revisions"}],"wp:featuredmedia":[{"embeddable":true,"href":"https:\/\/patagoniambiental.com.ar\/info\/wp-json\/wp\/v2\/media\/32771"}],"wp:attachment":[{"href":"https:\/\/patagoniambiental.com.ar\/info\/wp-json\/wp\/v2\/media?parent=32770"}],"wp:term":[{"taxonomy":"category","embeddable":true,"href":"https:\/\/patagoniambiental.com.ar\/info\/wp-json\/wp\/v2\/categories?post=32770"},{"taxonomy":"post_tag","embeddable":true,"href":"https:\/\/patagoniambiental.com.ar\/info\/wp-json\/wp\/v2\/tags?post=32770"}],"curies":[{"name":"wp","href":"https:\/\/api.w.org\/{rel}","templated":true}]}}