{"id":32848,"date":"2017-08-07T09:00:14","date_gmt":"2017-08-07T12:00:14","guid":{"rendered":"http:\/\/patagoniambiental.com.ar\/info\/?p=32848"},"modified":"2017-08-06T16:36:47","modified_gmt":"2017-08-06T19:36:47","slug":"viedma-definieron-consignas-para-la-marcha-antinuclear-el-proximo-miercoles","status":"publish","type":"post","link":"https:\/\/patagoniambiental.com.ar\/info\/viedma-definieron-consignas-para-la-marcha-antinuclear-el-proximo-miercoles\/","title":{"rendered":"Viedma: Definieron consignas para la marcha antinuclear el pr\u00f3ximo mi\u00e9rcoles"},"content":{"rendered":"<p class=\"subheadline font-2 fs16\">VIEDMA.- Se har\u00e1 el mi\u00e9rcoles a la tarde en Viedma y en una veintena de ciudades de todo el pa\u00eds para rechazar la instalaci\u00f3n de la central at\u00f3mica.\u00a0Ser\u00e1 para expresarse a favor de la naturaleza y el medio ambiente. No habr\u00e1 consignas partidarias y piden que se desarrolle pac\u00edficamente.<\/p>\n<p>A cuatro d\u00edas de la marcha por el No, que se supone reunir\u00e1 a cientos de personas en las calles de la capital y en al menos otra veintena de ciudades del pa\u00eds el pr\u00f3ximo mi\u00e9rcoles a las 16:30.<\/p>\n<p>Ayer se desarroll\u00f3 en la Catedral una nueva asamblea en contra de la instalaci\u00f3n de una central at\u00f3mica en la regi\u00f3n, con una convocatoria algo menor a la de anteriores encuentros. El tenor m\u00e1s organizacional y log\u00edstico de la reuni\u00f3n y las recientes declaraciones del gobernador Alberto Weretilneck descartando que la planta se vaya a establecer en Viedma pudieron haber sido los motivos de la participaci\u00f3n menos masiva de los habitantes de la ciudad.<\/p>\n<p>No obstante, los presentes dejaron en claro ayer que la negativa es tanto a la instalaci\u00f3n en esta parte del este rionegrino como tambi\u00e9n en cualquier otra ciudad patag\u00f3nica.<\/p>\n<p>La mec\u00e1nica de la asamblea de ayer consisti\u00f3 en la elaboraci\u00f3n de premisas que servir\u00e1n como eje del manifiesto que se leer\u00e1 durante la marcha del 9 de agosto. La idea fue que los participantes expresaran consignas propositivas respaldando acciones favorables para el mejoramiento de la calidad de vida en la zona.<\/p>\n<p>\u201cS\u00ed al respeto a la soberan\u00eda popular y a la naturaleza\u201d, dijo uno de los oradores, al tiempo que otros agregaron: \u201cS\u00ed a la utilizaci\u00f3n responsable de los recursos naturales\u201d, \u201cs\u00ed a la educaci\u00f3n ambiental\u201d, \u201cs\u00ed a la democracia, porque los votos no le dan derecho a los gobernantes a hacer lo que quieran sin respetar la voz del pueblo\u201d, \u201cs\u00ed a la preservaci\u00f3n de los recursos\u201d, \u201cs\u00ed a la generaci\u00f3n de empleo genuino y no mediante la instalaci\u00f3n de esta planta\u201d.<\/p>\n<p>Una ni\u00f1a de muy corta edad expres\u00f3 \u201cs\u00ed al futuro\u201d y recibi\u00f3 una ovaci\u00f3n. Los ni\u00f1os ser\u00e1n quienes el mi\u00e9rcoles encabecen la marcha portando una bandera que dir\u00e1 \u201cNo a la Planta Nuclear en la Patagonia\u201d. As\u00ed se defini\u00f3 ayer en la segunda parte de la asamblea. Adem\u00e1s se determin\u00f3 qui\u00e9nes colaborar\u00e1n con la seguridad de la marcha y se pidi\u00f3 que no haya pancartas partidarias ni con otras consignas.<\/p>\n<p>La movilizaci\u00f3n popular para el 9 de agosto se anunci\u00f3 a principios de junio en una asamblea tambi\u00e9n llevada a cabo en la Catedral local, luego de que se confirmaran las intenciones de los gobiernos nacional y provincial de avanzar con la instalaci\u00f3n de una central at\u00f3mica en cercan\u00edas de Viedma, a partir de un acuerdo suscrito con China.<\/p>\n<p>La fuerte expresi\u00f3n ciudadana en sucesivas reuniones y en particular luego de la llegada hace un par de semanas de una comitiva china que fue acompa\u00f1ada por t\u00e9cnicos locales motiv\u00f3 que el gobernador Alberto Weretilneck descartara la construcci\u00f3n de la planta en el ejido de Viedma y evaluara otras posibilidades, como por ejemplo Sierra Grande.<\/p>\n<p>La pol\u00e9mica generada contamina la actual campa\u00f1a electoral y la marcha se realizar\u00e1 justamente a pocos d\u00edas de las Primarias, lo que alienta las tensiones sobre la controversial tem\u00e1tica.<\/p>\n<p>Fuente: Pedro Caram para Diario R\u00edo Negro<\/p>\n","protected":false},"excerpt":{"rendered":"<p>VIEDMA.- Se har\u00e1 el mi\u00e9rcoles a la tarde en Viedma y en una veintena de ciudades de todo el pa\u00eds [&hellip;]<\/p>\n","protected":false},"author":2,"featured_media":29072,"comment_status":"open","ping_status":"open","sticky":false,"template":"","format":"standard","meta":{"site-sidebar-layout":"default","site-content-layout":"","ast-site-content-layout":"default","site-content-style":"default","site-sidebar-style":"default","ast-global-header-display":"","ast-banner-title-visibility":"","ast-main-header-display":"","ast-hfb-above-header-display":"","ast-hfb-below-header-display":"","ast-hfb-mobile-header-display":"","site-post-title":"","ast-breadcrumbs-content":"","ast-featured-img":"","footer-sml-layout":"","ast-disable-related-posts":"","theme-transparent-header-meta":"","adv-header-id-meta":"","stick-header-meta":"","header-above-stick-meta":"","header-main-stick-meta":"","header-below-stick-meta":"","astra-migrate-meta-layouts":"default","ast-page-background-enabled":"default","ast-page-background-meta":{"desktop":{"background-color":"var(--ast-global-color-5)","background-image":"","background-repeat":"repeat","background-position":"center center","background-size":"auto","background-attachment":"scroll","background-type":"","background-media":"","overlay-type":"","overlay-color":"","overlay-opacity":"","overlay-gradient":""},"tablet":{"background-color":"","background-image":"","background-repeat":"repeat","background-position":"center center","background-size":"auto","background-attachment":"scroll","background-type":"","background-media":"","overlay-type":"","overlay-color":"","overlay-opacity":"","overlay-gradient":""},"mobile":{"background-color":"","background-image":"","background-repeat":"repeat","background-position":"center center","background-size":"auto","background-attachment":"scroll","background-type":"","background-media":"","overlay-type":"","overlay-color":"","overlay-opacity":"","overlay-gradient":""}},"ast-content-background-meta":{"desktop":{"background-color":"var(--ast-global-color-4)","background-image":"","background-repeat":"repeat","background-position":"center center","background-size":"auto","background-attachment":"scroll","background-type":"","background-media":"","overlay-type":"","overlay-color":"","overlay-opacity":"","overlay-gradient":""},"tablet":{"background-color":"var(--ast-global-color-4)","background-image":"","background-repeat":"repeat","background-position":"center center","background-size":"auto","background-attachment":"scroll","background-type":"","background-media":"","overlay-type":"","overlay-color":"","overlay-opacity":"","overlay-gradient":""},"mobile":{"background-color":"var(--ast-global-color-4)","background-image":"","background-repeat":"repeat","background-position":"center center","background-size":"auto","background-attachment":"scroll","background-type":"","background-media":"","overlay-type":"","overlay-color":"","overlay-opacity":"","overlay-gradient":""}},"footnotes":""},"categories":[16,1],"tags":[],"class_list":["post-32848","post","type-post","status-publish","format-standard","has-post-thumbnail","hentry","category-municipales","category-noticias"],"yoast_head":"<!-- This site is optimized with the Yoast SEO Premium plugin v23.0 (Yoast SEO v27.4) - https:\/\/yoast.com\/product\/yoast-seo-premium-wordpress\/ -->\n<title>Viedma: Definieron consignas para la marcha antinuclear el pr\u00f3ximo mi\u00e9rcoles<\/title>\n<meta name=\"robots\" content=\"index, follow, max-snippet:-1, max-image-preview:large, max-video-preview:-1\" \/>\n<link rel=\"canonical\" href=\"https:\/\/patagoniambiental.com.ar\/info\/viedma-definieron-consignas-para-la-marcha-antinuclear-el-proximo-miercoles\/\" \/>\n<meta property=\"og:locale\" content=\"es_ES\" \/>\n<meta property=\"og:type\" content=\"article\" \/>\n<meta property=\"og:title\" content=\"Viedma: Definieron consignas para la marcha antinuclear el pr\u00f3ximo mi\u00e9rcoles\" \/>\n<meta property=\"og:description\" content=\"VIEDMA.- Se har\u00e1 el mi\u00e9rcoles a la tarde en Viedma y en una veintena de ciudades de todo el pa\u00eds [&hellip;]\" \/>\n<meta property=\"og:url\" content=\"https:\/\/patagoniambiental.com.ar\/info\/viedma-definieron-consignas-para-la-marcha-antinuclear-el-proximo-miercoles\/\" \/>\n<meta property=\"og:site_name\" content=\"Patagonia Ambiental\" \/>\n<meta property=\"article:publisher\" content=\"https:\/\/www.facebook.com\/patagonia.ambiental\" \/>\n<meta property=\"article:author\" content=\"https:\/\/www.facebook.com\/share\/1C1V8Gv9BX\/?mibextid=qi2Omg\" \/>\n<meta property=\"article:published_time\" content=\"2017-08-07T12:00:14+00:00\" \/>\n<meta property=\"og:image\" content=\"https:\/\/patagoniambiental.com.ar\/info\/wp-content\/uploads\/2017\/05\/Central-Nuclear-rechazada-696x463.jpg\" \/>\n\t<meta property=\"og:image:width\" content=\"696\" \/>\n\t<meta property=\"og:image:height\" content=\"463\" \/>\n\t<meta property=\"og:image:type\" content=\"image\/jpeg\" \/>\n<meta name=\"author\" content=\"Patagonia Ambiental\" \/>\n<meta name=\"twitter:card\" content=\"summary_large_image\" \/>\n<meta name=\"twitter:creator\" content=\"@PatAmb\" \/>\n<meta name=\"twitter:site\" content=\"@PatAmb\" \/>\n<script type=\"application\/ld+json\" class=\"yoast-schema-graph\">{\"@context\":\"https:\\\/\\\/schema.org\",\"@graph\":[{\"@type\":\"Article\",\"@id\":\"https:\\\/\\\/patagoniambiental.com.ar\\\/info\\\/viedma-definieron-consignas-para-la-marcha-antinuclear-el-proximo-miercoles\\\/#article\",\"isPartOf\":{\"@id\":\"https:\\\/\\\/patagoniambiental.com.ar\\\/info\\\/viedma-definieron-consignas-para-la-marcha-antinuclear-el-proximo-miercoles\\\/\"},\"author\":{\"name\":\"Patagonia Ambiental\",\"@id\":\"https:\\\/\\\/patagoniambiental.com.ar\\\/info\\\/#\\\/schema\\\/person\\\/db12bff64bbcbf6a253710bf0ea37b5d\"},\"headline\":\"Viedma: Definieron consignas para la marcha antinuclear el pr\u00f3ximo mi\u00e9rcoles\",\"datePublished\":\"2017-08-07T12:00:14+00:00\",\"mainEntityOfPage\":{\"@id\":\"https:\\\/\\\/patagoniambiental.com.ar\\\/info\\\/viedma-definieron-consignas-para-la-marcha-antinuclear-el-proximo-miercoles\\\/\"},\"wordCount\":606,\"commentCount\":0,\"publisher\":{\"@id\":\"https:\\\/\\\/patagoniambiental.com.ar\\\/info\\\/#organization\"},\"image\":{\"@id\":\"https:\\\/\\\/patagoniambiental.com.ar\\\/info\\\/viedma-definieron-consignas-para-la-marcha-antinuclear-el-proximo-miercoles\\\/#primaryimage\"},\"thumbnailUrl\":\"https:\\\/\\\/patagoniambiental.com.ar\\\/info\\\/wp-content\\\/uploads\\\/2017\\\/05\\\/Central-Nuclear-rechazada-696x463.jpg\",\"articleSection\":[\"Municipales\",\"Noticias\"],\"inLanguage\":\"es\",\"potentialAction\":[{\"@type\":\"CommentAction\",\"name\":\"Comment\",\"target\":[\"https:\\\/\\\/patagoniambiental.com.ar\\\/info\\\/viedma-definieron-consignas-para-la-marcha-antinuclear-el-proximo-miercoles\\\/#respond\"]}]},{\"@type\":\"WebPage\",\"@id\":\"https:\\\/\\\/patagoniambiental.com.ar\\\/info\\\/viedma-definieron-consignas-para-la-marcha-antinuclear-el-proximo-miercoles\\\/\",\"url\":\"https:\\\/\\\/patagoniambiental.com.ar\\\/info\\\/viedma-definieron-consignas-para-la-marcha-antinuclear-el-proximo-miercoles\\\/\",\"name\":\"Viedma: Definieron consignas para la marcha antinuclear el pr\u00f3ximo mi\u00e9rcoles\",\"isPartOf\":{\"@id\":\"https:\\\/\\\/patagoniambiental.com.ar\\\/info\\\/#website\"},\"primaryImageOfPage\":{\"@id\":\"https:\\\/\\\/patagoniambiental.com.ar\\\/info\\\/viedma-definieron-consignas-para-la-marcha-antinuclear-el-proximo-miercoles\\\/#primaryimage\"},\"image\":{\"@id\":\"https:\\\/\\\/patagoniambiental.com.ar\\\/info\\\/viedma-definieron-consignas-para-la-marcha-antinuclear-el-proximo-miercoles\\\/#primaryimage\"},\"thumbnailUrl\":\"https:\\\/\\\/patagoniambiental.com.ar\\\/info\\\/wp-content\\\/uploads\\\/2017\\\/05\\\/Central-Nuclear-rechazada-696x463.jpg\",\"datePublished\":\"2017-08-07T12:00:14+00:00\",\"breadcrumb\":{\"@id\":\"https:\\\/\\\/patagoniambiental.com.ar\\\/info\\\/viedma-definieron-consignas-para-la-marcha-antinuclear-el-proximo-miercoles\\\/#breadcrumb\"},\"inLanguage\":\"es\",\"potentialAction\":[{\"@type\":\"ReadAction\",\"target\":[\"https:\\\/\\\/patagoniambiental.com.ar\\\/info\\\/viedma-definieron-consignas-para-la-marcha-antinuclear-el-proximo-miercoles\\\/\"]}]},{\"@type\":\"ImageObject\",\"inLanguage\":\"es\",\"@id\":\"https:\\\/\\\/patagoniambiental.com.ar\\\/info\\\/viedma-definieron-consignas-para-la-marcha-antinuclear-el-proximo-miercoles\\\/#primaryimage\",\"url\":\"https:\\\/\\\/patagoniambiental.com.ar\\\/info\\\/wp-content\\\/uploads\\\/2017\\\/05\\\/Central-Nuclear-rechazada-696x463.jpg\",\"contentUrl\":\"https:\\\/\\\/patagoniambiental.com.ar\\\/info\\\/wp-content\\\/uploads\\\/2017\\\/05\\\/Central-Nuclear-rechazada-696x463.jpg\",\"width\":696,\"height\":463},{\"@type\":\"BreadcrumbList\",\"@id\":\"https:\\\/\\\/patagoniambiental.com.ar\\\/info\\\/viedma-definieron-consignas-para-la-marcha-antinuclear-el-proximo-miercoles\\\/#breadcrumb\",\"itemListElement\":[{\"@type\":\"ListItem\",\"position\":1,\"name\":\"Inicio\",\"item\":\"https:\\\/\\\/patagoniambiental.com.ar\\\/info\\\/\"},{\"@type\":\"ListItem\",\"position\":2,\"name\":\"Viedma: Definieron consignas para la marcha antinuclear el pr\u00f3ximo mi\u00e9rcoles\"}]},{\"@type\":\"WebSite\",\"@id\":\"https:\\\/\\\/patagoniambiental.com.ar\\\/info\\\/#website\",\"url\":\"https:\\\/\\\/patagoniambiental.com.ar\\\/info\\\/\",\"name\":\"Patagonia Ambiental\",\"description\":\"Monitoreo y an\u00e1lisis de la situaci\u00f3n geopol\u00edtica en el mundo y su implicancia en la Patagonia\",\"publisher\":{\"@id\":\"https:\\\/\\\/patagoniambiental.com.ar\\\/info\\\/#organization\"},\"potentialAction\":[{\"@type\":\"SearchAction\",\"target\":{\"@type\":\"EntryPoint\",\"urlTemplate\":\"https:\\\/\\\/patagoniambiental.com.ar\\\/info\\\/?s={search_term_string}\"},\"query-input\":{\"@type\":\"PropertyValueSpecification\",\"valueRequired\":true,\"valueName\":\"search_term_string\"}}],\"inLanguage\":\"es\"},{\"@type\":\"Organization\",\"@id\":\"https:\\\/\\\/patagoniambiental.com.ar\\\/info\\\/#organization\",\"name\":\"Patagonia Ambiental\",\"url\":\"https:\\\/\\\/patagoniambiental.com.ar\\\/info\\\/\",\"logo\":{\"@type\":\"ImageObject\",\"inLanguage\":\"es\",\"@id\":\"https:\\\/\\\/patagoniambiental.com.ar\\\/info\\\/#\\\/schema\\\/logo\\\/image\\\/\",\"url\":\"https:\\\/\\\/patagoniambiental.com.ar\\\/info\\\/wp-content\\\/uploads\\\/2025\\\/05\\\/LOGO-PATAGONIA-AMBIENTAL.png\",\"contentUrl\":\"https:\\\/\\\/patagoniambiental.com.ar\\\/info\\\/wp-content\\\/uploads\\\/2025\\\/05\\\/LOGO-PATAGONIA-AMBIENTAL.png\",\"width\":433,\"height\":250,\"caption\":\"Patagonia Ambiental\"},\"image\":{\"@id\":\"https:\\\/\\\/patagoniambiental.com.ar\\\/info\\\/#\\\/schema\\\/logo\\\/image\\\/\"},\"sameAs\":[\"https:\\\/\\\/www.facebook.com\\\/patagonia.ambiental\",\"https:\\\/\\\/x.com\\\/PatAmb\"]},{\"@type\":\"Person\",\"@id\":\"https:\\\/\\\/patagoniambiental.com.ar\\\/info\\\/#\\\/schema\\\/person\\\/db12bff64bbcbf6a253710bf0ea37b5d\",\"name\":\"Patagonia Ambiental\",\"description\":\"Andr\u00e9s Nievas T\u00e9cnico en manejo ambiental, consultor Ambiental y escritor para medios locales e internacionales sobre temas de geopolitica y medio ambiente.\",\"sameAs\":[\"http:\\\/\\\/www.patagoniambiental.com.ar\",\"https:\\\/\\\/www.facebook.com\\\/share\\\/1C1V8Gv9BX\\\/?mibextid=qi2Omg\",\"@patagoniambiental\",\"https:\\\/\\\/youtube.com\\\/@patagoniaambiental2023?si=BLt58t0wuXquxlYZ\"]}]}<\/script>\n<!-- \/ Yoast SEO Premium plugin. -->","yoast_head_json":{"title":"Viedma: Definieron consignas para la marcha antinuclear el pr\u00f3ximo mi\u00e9rcoles","robots":{"index":"index","follow":"follow","max-snippet":"max-snippet:-1","max-image-preview":"max-image-preview:large","max-video-preview":"max-video-preview:-1"},"canonical":"https:\/\/patagoniambiental.com.ar\/info\/viedma-definieron-consignas-para-la-marcha-antinuclear-el-proximo-miercoles\/","og_locale":"es_ES","og_type":"article","og_title":"Viedma: Definieron consignas para la marcha antinuclear el pr\u00f3ximo mi\u00e9rcoles","og_description":"VIEDMA.- Se har\u00e1 el mi\u00e9rcoles a la tarde en Viedma y en una veintena de ciudades de todo el pa\u00eds [&hellip;]","og_url":"https:\/\/patagoniambiental.com.ar\/info\/viedma-definieron-consignas-para-la-marcha-antinuclear-el-proximo-miercoles\/","og_site_name":"Patagonia Ambiental","article_publisher":"https:\/\/www.facebook.com\/patagonia.ambiental","article_author":"https:\/\/www.facebook.com\/share\/1C1V8Gv9BX\/?mibextid=qi2Omg","article_published_time":"2017-08-07T12:00:14+00:00","og_image":[{"width":696,"height":463,"url":"https:\/\/patagoniambiental.com.ar\/info\/wp-content\/uploads\/2017\/05\/Central-Nuclear-rechazada-696x463.jpg","type":"image\/jpeg"}],"author":"Patagonia Ambiental","twitter_card":"summary_large_image","twitter_creator":"@PatAmb","twitter_site":"@PatAmb","schema":{"@context":"https:\/\/schema.org","@graph":[{"@type":"Article","@id":"https:\/\/patagoniambiental.com.ar\/info\/viedma-definieron-consignas-para-la-marcha-antinuclear-el-proximo-miercoles\/#article","isPartOf":{"@id":"https:\/\/patagoniambiental.com.ar\/info\/viedma-definieron-consignas-para-la-marcha-antinuclear-el-proximo-miercoles\/"},"author":{"name":"Patagonia Ambiental","@id":"https:\/\/patagoniambiental.com.ar\/info\/#\/schema\/person\/db12bff64bbcbf6a253710bf0ea37b5d"},"headline":"Viedma: Definieron consignas para la marcha antinuclear el pr\u00f3ximo mi\u00e9rcoles","datePublished":"2017-08-07T12:00:14+00:00","mainEntityOfPage":{"@id":"https:\/\/patagoniambiental.com.ar\/info\/viedma-definieron-consignas-para-la-marcha-antinuclear-el-proximo-miercoles\/"},"wordCount":606,"commentCount":0,"publisher":{"@id":"https:\/\/patagoniambiental.com.ar\/info\/#organization"},"image":{"@id":"https:\/\/patagoniambiental.com.ar\/info\/viedma-definieron-consignas-para-la-marcha-antinuclear-el-proximo-miercoles\/#primaryimage"},"thumbnailUrl":"https:\/\/patagoniambiental.com.ar\/info\/wp-content\/uploads\/2017\/05\/Central-Nuclear-rechazada-696x463.jpg","articleSection":["Municipales","Noticias"],"inLanguage":"es","potentialAction":[{"@type":"CommentAction","name":"Comment","target":["https:\/\/patagoniambiental.com.ar\/info\/viedma-definieron-consignas-para-la-marcha-antinuclear-el-proximo-miercoles\/#respond"]}]},{"@type":"WebPage","@id":"https:\/\/patagoniambiental.com.ar\/info\/viedma-definieron-consignas-para-la-marcha-antinuclear-el-proximo-miercoles\/","url":"https:\/\/patagoniambiental.com.ar\/info\/viedma-definieron-consignas-para-la-marcha-antinuclear-el-proximo-miercoles\/","name":"Viedma: Definieron consignas para la marcha antinuclear el pr\u00f3ximo mi\u00e9rcoles","isPartOf":{"@id":"https:\/\/patagoniambiental.com.ar\/info\/#website"},"primaryImageOfPage":{"@id":"https:\/\/patagoniambiental.com.ar\/info\/viedma-definieron-consignas-para-la-marcha-antinuclear-el-proximo-miercoles\/#primaryimage"},"image":{"@id":"https:\/\/patagoniambiental.com.ar\/info\/viedma-definieron-consignas-para-la-marcha-antinuclear-el-proximo-miercoles\/#primaryimage"},"thumbnailUrl":"https:\/\/patagoniambiental.com.ar\/info\/wp-content\/uploads\/2017\/05\/Central-Nuclear-rechazada-696x463.jpg","datePublished":"2017-08-07T12:00:14+00:00","breadcrumb":{"@id":"https:\/\/patagoniambiental.com.ar\/info\/viedma-definieron-consignas-para-la-marcha-antinuclear-el-proximo-miercoles\/#breadcrumb"},"inLanguage":"es","potentialAction":[{"@type":"ReadAction","target":["https:\/\/patagoniambiental.com.ar\/info\/viedma-definieron-consignas-para-la-marcha-antinuclear-el-proximo-miercoles\/"]}]},{"@type":"ImageObject","inLanguage":"es","@id":"https:\/\/patagoniambiental.com.ar\/info\/viedma-definieron-consignas-para-la-marcha-antinuclear-el-proximo-miercoles\/#primaryimage","url":"https:\/\/patagoniambiental.com.ar\/info\/wp-content\/uploads\/2017\/05\/Central-Nuclear-rechazada-696x463.jpg","contentUrl":"https:\/\/patagoniambiental.com.ar\/info\/wp-content\/uploads\/2017\/05\/Central-Nuclear-rechazada-696x463.jpg","width":696,"height":463},{"@type":"BreadcrumbList","@id":"https:\/\/patagoniambiental.com.ar\/info\/viedma-definieron-consignas-para-la-marcha-antinuclear-el-proximo-miercoles\/#breadcrumb","itemListElement":[{"@type":"ListItem","position":1,"name":"Inicio","item":"https:\/\/patagoniambiental.com.ar\/info\/"},{"@type":"ListItem","position":2,"name":"Viedma: Definieron consignas para la marcha antinuclear el pr\u00f3ximo mi\u00e9rcoles"}]},{"@type":"WebSite","@id":"https:\/\/patagoniambiental.com.ar\/info\/#website","url":"https:\/\/patagoniambiental.com.ar\/info\/","name":"Patagonia Ambiental","description":"Monitoreo y an\u00e1lisis de la situaci\u00f3n geopol\u00edtica en el mundo y su implicancia en la Patagonia","publisher":{"@id":"https:\/\/patagoniambiental.com.ar\/info\/#organization"},"potentialAction":[{"@type":"SearchAction","target":{"@type":"EntryPoint","urlTemplate":"https:\/\/patagoniambiental.com.ar\/info\/?s={search_term_string}"},"query-input":{"@type":"PropertyValueSpecification","valueRequired":true,"valueName":"search_term_string"}}],"inLanguage":"es"},{"@type":"Organization","@id":"https:\/\/patagoniambiental.com.ar\/info\/#organization","name":"Patagonia Ambiental","url":"https:\/\/patagoniambiental.com.ar\/info\/","logo":{"@type":"ImageObject","inLanguage":"es","@id":"https:\/\/patagoniambiental.com.ar\/info\/#\/schema\/logo\/image\/","url":"https:\/\/patagoniambiental.com.ar\/info\/wp-content\/uploads\/2025\/05\/LOGO-PATAGONIA-AMBIENTAL.png","contentUrl":"https:\/\/patagoniambiental.com.ar\/info\/wp-content\/uploads\/2025\/05\/LOGO-PATAGONIA-AMBIENTAL.png","width":433,"height":250,"caption":"Patagonia Ambiental"},"image":{"@id":"https:\/\/patagoniambiental.com.ar\/info\/#\/schema\/logo\/image\/"},"sameAs":["https:\/\/www.facebook.com\/patagonia.ambiental","https:\/\/x.com\/PatAmb"]},{"@type":"Person","@id":"https:\/\/patagoniambiental.com.ar\/info\/#\/schema\/person\/db12bff64bbcbf6a253710bf0ea37b5d","name":"Patagonia Ambiental","description":"Andr\u00e9s Nievas T\u00e9cnico en manejo ambiental, consultor Ambiental y escritor para medios locales e internacionales sobre temas de geopolitica y medio ambiente.","sameAs":["http:\/\/www.patagoniambiental.com.ar","https:\/\/www.facebook.com\/share\/1C1V8Gv9BX\/?mibextid=qi2Omg","@patagoniambiental","https:\/\/youtube.com\/@patagoniaambiental2023?si=BLt58t0wuXquxlYZ"]}]}},"_links":{"self":[{"href":"https:\/\/patagoniambiental.com.ar\/info\/wp-json\/wp\/v2\/posts\/32848","targetHints":{"allow":["GET"]}}],"collection":[{"href":"https:\/\/patagoniambiental.com.ar\/info\/wp-json\/wp\/v2\/posts"}],"about":[{"href":"https:\/\/patagoniambiental.com.ar\/info\/wp-json\/wp\/v2\/types\/post"}],"author":[{"embeddable":true,"href":"https:\/\/patagoniambiental.com.ar\/info\/wp-json\/wp\/v2\/users\/2"}],"replies":[{"embeddable":true,"href":"https:\/\/patagoniambiental.com.ar\/info\/wp-json\/wp\/v2\/comments?post=32848"}],"version-history":[{"count":0,"href":"https:\/\/patagoniambiental.com.ar\/info\/wp-json\/wp\/v2\/posts\/32848\/revisions"}],"wp:featuredmedia":[{"embeddable":true,"href":"https:\/\/patagoniambiental.com.ar\/info\/wp-json\/wp\/v2\/media\/29072"}],"wp:attachment":[{"href":"https:\/\/patagoniambiental.com.ar\/info\/wp-json\/wp\/v2\/media?parent=32848"}],"wp:term":[{"taxonomy":"category","embeddable":true,"href":"https:\/\/patagoniambiental.com.ar\/info\/wp-json\/wp\/v2\/categories?post=32848"},{"taxonomy":"post_tag","embeddable":true,"href":"https:\/\/patagoniambiental.com.ar\/info\/wp-json\/wp\/v2\/tags?post=32848"}],"curies":[{"name":"wp","href":"https:\/\/api.w.org\/{rel}","templated":true}]}}