{"id":32853,"date":"2017-08-07T09:00:14","date_gmt":"2017-08-07T12:00:14","guid":{"rendered":"http:\/\/patagoniambiental.com.ar\/info\/?p=32853"},"modified":"2017-08-06T16:49:53","modified_gmt":"2017-08-06T19:49:53","slug":"eeuu-notifica-a-la-onu-su-retirada-del-acuerdo-de-paris-sobre-el-clima","status":"publish","type":"post","link":"https:\/\/patagoniambiental.com.ar\/info\/eeuu-notifica-a-la-onu-su-retirada-del-acuerdo-de-paris-sobre-el-clima\/","title":{"rendered":"EEUU notifica a la ONU su retirada del Acuerdo de Par\u00eds sobre el clima"},"content":{"rendered":"<article class=\"post-listing post-93451 efe_noticias type-efe_noticias status-publish format-standard hentry area_geografica-espana area_geografica-internacional tematica-cambioclimatico tipo_noticia-efe-recomienda\">\n<div class=\"post-inner\">\n<div class=\"entry\">\n<p class=\"entradilla\">El Gobierno estadounidense notific\u00f3 formalmente a la ONU su intenci\u00f3n de retirarse del Acuerdo de Par\u00eds, como anunci\u00f3 hace dos meses el presidente Donald Trump. Sin embargo el proceso no podr\u00e1 completarse hasta el 4 de noviembre de 2020, un d\u00eda despu\u00e9s de las pr\u00f3ximas elecciones presidenciales en Estados Unidos.<\/p>\n<p>Estados Unidos envi\u00f3 una comunicaci\u00f3n a las Naciones Unidas, en su capacidad como depositario del Acuerdo de Par\u00eds, sobre la intenci\u00f3n de EEUU de retirarse del Acuerdo de Par\u00eds \u201ctan pronto como tenga la opci\u00f3n de hacerlo, seg\u00fan los t\u00e9rminos\u201d del pacto, dijo el Departamento de Estado estadounidense en un comunicado.<\/p>\n<p>Trump anunci\u00f3 el pasado 1 de junio su decisi\u00f3n de abandonar el Acuerdo de Par\u00eds que a finales de 2015 firmaron casi 200 pa\u00edses, al argumentar que ese pacto pone en\u00a0<em>\u201cpermanente desventaja\u201d<\/em>\u00a0a la econom\u00eda y los trabajadores estadounidenses.<\/p>\n<p>El punto 28 del Acuerdo de Par\u00eds indica que cualquier pa\u00eds que haya ratificado el acuerdo, como es el caso de EEUU, solamente podr\u00e1 solicitar su salida tres a\u00f1os despu\u00e9s de su entrada en vigor, esto es, el 4 de noviembre de 2019.<\/p>\n<div id=\"attachment_93453\" class=\"wp-caption alignright\">\n<p class=\"wp-caption-text\">\n<\/div>\n<h2>Un a\u00f1o para que la salida sea efectiva<\/h2>\n<p>Una vez hecha formalmente esa petici\u00f3n, tiene que pasar otro a\u00f1o para que la salida del acuerdo sea efectiva, por lo que Estados Unidos se desvincular\u00e1 del pacto el 4 de noviembre de 2020.<\/p>\n<p>\u201cEl presidente est\u00e1 dispuesto a volver a implicarse en el Acuerdo de Par\u00eds si Estados Unidos puede identificar t\u00e9rminos que sean m\u00e1s favorables para el pa\u00eds, sus negocios, sus trabajadores, su pueblo y sus contribuyentes\u201d, indic\u00f3 hoy el Departamento de Estado.<\/p>\n<p>Pese a esa oferta de Trump, Alemania, Francia e Italia ya cerraron en junio la puerta a una eventual renegociaci\u00f3n del acuerdo, y todo apunta a que el pacto firmado en Par\u00eds seguir\u00e1 adelante sin la participaci\u00f3n de Estados Unidos.<\/p>\n<p>Trump asegur\u00f3 al hacer su anuncio que detendr\u00eda \u201ctodas las implementaciones\u201d de sus compromisos clim\u00e1ticos en el marco de Par\u00eds, que inclu\u00edan la meta propuesta por el expresidente Barack Obama de reducir para 2025 las emisiones de gases de efecto invernadero entre un 26 y un 28 % respecto a los niveles de 2005.<\/p>\n<h2>Equilibrio en su pol\u00edtica clim\u00e1tica<\/h2>\n<p>A\u00fan as\u00ed, el Departamento de Estado defendi\u00f3 hoy que Estados Unidos \u201capoya un enfoque equilibrado en su pol\u00edtica clim\u00e1tica, que rebaje las emisiones al tiempo que promueva el crecimiento econ\u00f3mico y garantice la seguridad energ\u00e9tica\u201d.<\/p>\n<p>\u201cSeguiremos reduciendo nuestras emisiones de gases de efecto invernadero mediante avances tecnol\u00f3gicos y de innovaci\u00f3n, y trabajaremos con otros pa\u00edses para ayudarles a acceder a combustibles f\u00f3siles y usarlos de manera m\u00e1s limpia y eficaz, y desplegar fuentes de energ\u00eda renovables\u201d, se\u00f1ala el comunicado.<\/p>\n<p>Estados Unidos seguir\u00e1 participando en negociaciones y reuniones internacionales sobre cambio clim\u00e1tico, incluida la cumbre del clima (COP23) que se celebrar\u00e1 en noviembre en la ciudad alemana de Bonn, para \u201cproteger los intereses estadounidenses y asegurar que la Administraci\u00f3n tiene abiertas todas las opciones posibles en el futuro\u201d para su pol\u00edtica sobre el clima.<\/p>\n<p>\u201cEsa participaci\u00f3n incluir\u00e1 las negociaciones en curso relacionadas con las formas de implementaci\u00f3n del Acuerdo de Par\u00eds\u201d, precis\u00f3 el Departamento de Estado.<\/p>\n<div>\nFuente:\u00a0Efeverde<\/p>\n<\/div>\n<\/div>\n<\/div>\n<\/article>\n<section id=\"author-box\">\n<div class=\"block-head\"><\/div>\n<\/section>\n","protected":false},"excerpt":{"rendered":"<p>El Gobierno estadounidense notific\u00f3 formalmente a la ONU su intenci\u00f3n de retirarse del Acuerdo de Par\u00eds, como anunci\u00f3 hace dos [&hellip;]<\/p>\n","protected":false},"author":2,"featured_media":32854,"comment_status":"open","ping_status":"open","sticky":false,"template":"","format":"standard","meta":{"site-sidebar-layout":"default","site-content-layout":"","ast-site-content-layout":"default","site-content-style":"default","site-sidebar-style":"default","ast-global-header-display":"","ast-banner-title-visibility":"","ast-main-header-display":"","ast-hfb-above-header-display":"","ast-hfb-below-header-display":"","ast-hfb-mobile-header-display":"","site-post-title":"","ast-breadcrumbs-content":"","ast-featured-img":"","footer-sml-layout":"","ast-disable-related-posts":"","theme-transparent-header-meta":"","adv-header-id-meta":"","stick-header-meta":"","header-above-stick-meta":"","header-main-stick-meta":"","header-below-stick-meta":"","astra-migrate-meta-layouts":"default","ast-page-background-enabled":"default","ast-page-background-meta":{"desktop":{"background-color":"var(--ast-global-color-5)","background-image":"","background-repeat":"repeat","background-position":"center center","background-size":"auto","background-attachment":"scroll","background-type":"","background-media":"","overlay-type":"","overlay-color":"","overlay-opacity":"","overlay-gradient":""},"tablet":{"background-color":"","background-image":"","background-repeat":"repeat","background-position":"center center","background-size":"auto","background-attachment":"scroll","background-type":"","background-media":"","overlay-type":"","overlay-color":"","overlay-opacity":"","overlay-gradient":""},"mobile":{"background-color":"","background-image":"","background-repeat":"repeat","background-position":"center center","background-size":"auto","background-attachment":"scroll","background-type":"","background-media":"","overlay-type":"","overlay-color":"","overlay-opacity":"","overlay-gradient":""}},"ast-content-background-meta":{"desktop":{"background-color":"var(--ast-global-color-4)","background-image":"","background-repeat":"repeat","background-position":"center center","background-size":"auto","background-attachment":"scroll","background-type":"","background-media":"","overlay-type":"","overlay-color":"","overlay-opacity":"","overlay-gradient":""},"tablet":{"background-color":"var(--ast-global-color-4)","background-image":"","background-repeat":"repeat","background-position":"center center","background-size":"auto","background-attachment":"scroll","background-type":"","background-media":"","overlay-type":"","overlay-color":"","overlay-opacity":"","overlay-gradient":""},"mobile":{"background-color":"var(--ast-global-color-4)","background-image":"","background-repeat":"repeat","background-position":"center center","background-size":"auto","background-attachment":"scroll","background-type":"","background-media":"","overlay-type":"","overlay-color":"","overlay-opacity":"","overlay-gradient":""}},"footnotes":""},"categories":[23,1],"tags":[],"class_list":["post-32853","post","type-post","status-publish","format-standard","has-post-thumbnail","hentry","category-internacionales","category-noticias"],"yoast_head":"<!-- This site is optimized with the Yoast SEO Premium plugin v23.0 (Yoast SEO v27.4) - https:\/\/yoast.com\/product\/yoast-seo-premium-wordpress\/ -->\n<title>EEUU notifica a la ONU su retirada del Acuerdo de Par\u00eds sobre el clima<\/title>\n<meta name=\"robots\" content=\"index, follow, max-snippet:-1, max-image-preview:large, max-video-preview:-1\" \/>\n<link rel=\"canonical\" href=\"https:\/\/patagoniambiental.com.ar\/info\/eeuu-notifica-a-la-onu-su-retirada-del-acuerdo-de-paris-sobre-el-clima\/\" \/>\n<meta property=\"og:locale\" content=\"es_ES\" \/>\n<meta property=\"og:type\" content=\"article\" \/>\n<meta property=\"og:title\" content=\"EEUU notifica a la ONU su retirada del Acuerdo de Par\u00eds sobre el clima\" \/>\n<meta property=\"og:description\" content=\"El Gobierno estadounidense notific\u00f3 formalmente a la ONU su intenci\u00f3n de retirarse del Acuerdo de Par\u00eds, como anunci\u00f3 hace dos [&hellip;]\" \/>\n<meta property=\"og:url\" content=\"https:\/\/patagoniambiental.com.ar\/info\/eeuu-notifica-a-la-onu-su-retirada-del-acuerdo-de-paris-sobre-el-clima\/\" \/>\n<meta property=\"og:site_name\" content=\"Patagonia Ambiental\" \/>\n<meta property=\"article:publisher\" content=\"https:\/\/www.facebook.com\/patagonia.ambiental\" \/>\n<meta property=\"article:author\" content=\"https:\/\/www.facebook.com\/share\/1C1V8Gv9BX\/?mibextid=qi2Omg\" \/>\n<meta property=\"article:published_time\" content=\"2017-08-07T12:00:14+00:00\" \/>\n<meta property=\"og:image\" content=\"https:\/\/patagoniambiental.com.ar\/info\/wp-content\/uploads\/2017\/08\/trump1.jpg\" \/>\n\t<meta property=\"og:image:width\" content=\"620\" \/>\n\t<meta property=\"og:image:height\" content=\"310\" \/>\n\t<meta property=\"og:image:type\" content=\"image\/jpeg\" \/>\n<meta name=\"author\" content=\"Patagonia Ambiental\" \/>\n<meta name=\"twitter:card\" content=\"summary_large_image\" \/>\n<meta name=\"twitter:creator\" content=\"@PatAmb\" \/>\n<meta name=\"twitter:site\" content=\"@PatAmb\" \/>\n<script type=\"application\/ld+json\" class=\"yoast-schema-graph\">{\"@context\":\"https:\\\/\\\/schema.org\",\"@graph\":[{\"@type\":\"Article\",\"@id\":\"https:\\\/\\\/patagoniambiental.com.ar\\\/info\\\/eeuu-notifica-a-la-onu-su-retirada-del-acuerdo-de-paris-sobre-el-clima\\\/#article\",\"isPartOf\":{\"@id\":\"https:\\\/\\\/patagoniambiental.com.ar\\\/info\\\/eeuu-notifica-a-la-onu-su-retirada-del-acuerdo-de-paris-sobre-el-clima\\\/\"},\"author\":{\"name\":\"Patagonia Ambiental\",\"@id\":\"https:\\\/\\\/patagoniambiental.com.ar\\\/info\\\/#\\\/schema\\\/person\\\/db12bff64bbcbf6a253710bf0ea37b5d\"},\"headline\":\"EEUU notifica a la ONU su retirada del Acuerdo de Par\u00eds sobre el clima\",\"datePublished\":\"2017-08-07T12:00:14+00:00\",\"mainEntityOfPage\":{\"@id\":\"https:\\\/\\\/patagoniambiental.com.ar\\\/info\\\/eeuu-notifica-a-la-onu-su-retirada-del-acuerdo-de-paris-sobre-el-clima\\\/\"},\"wordCount\":577,\"commentCount\":0,\"publisher\":{\"@id\":\"https:\\\/\\\/patagoniambiental.com.ar\\\/info\\\/#organization\"},\"image\":{\"@id\":\"https:\\\/\\\/patagoniambiental.com.ar\\\/info\\\/eeuu-notifica-a-la-onu-su-retirada-del-acuerdo-de-paris-sobre-el-clima\\\/#primaryimage\"},\"thumbnailUrl\":\"https:\\\/\\\/patagoniambiental.com.ar\\\/info\\\/wp-content\\\/uploads\\\/2017\\\/08\\\/trump1.jpg\",\"articleSection\":[\"Internacionales\",\"Noticias\"],\"inLanguage\":\"es\",\"potentialAction\":[{\"@type\":\"CommentAction\",\"name\":\"Comment\",\"target\":[\"https:\\\/\\\/patagoniambiental.com.ar\\\/info\\\/eeuu-notifica-a-la-onu-su-retirada-del-acuerdo-de-paris-sobre-el-clima\\\/#respond\"]}]},{\"@type\":\"WebPage\",\"@id\":\"https:\\\/\\\/patagoniambiental.com.ar\\\/info\\\/eeuu-notifica-a-la-onu-su-retirada-del-acuerdo-de-paris-sobre-el-clima\\\/\",\"url\":\"https:\\\/\\\/patagoniambiental.com.ar\\\/info\\\/eeuu-notifica-a-la-onu-su-retirada-del-acuerdo-de-paris-sobre-el-clima\\\/\",\"name\":\"EEUU notifica a la ONU su retirada del Acuerdo de Par\u00eds sobre el clima\",\"isPartOf\":{\"@id\":\"https:\\\/\\\/patagoniambiental.com.ar\\\/info\\\/#website\"},\"primaryImageOfPage\":{\"@id\":\"https:\\\/\\\/patagoniambiental.com.ar\\\/info\\\/eeuu-notifica-a-la-onu-su-retirada-del-acuerdo-de-paris-sobre-el-clima\\\/#primaryimage\"},\"image\":{\"@id\":\"https:\\\/\\\/patagoniambiental.com.ar\\\/info\\\/eeuu-notifica-a-la-onu-su-retirada-del-acuerdo-de-paris-sobre-el-clima\\\/#primaryimage\"},\"thumbnailUrl\":\"https:\\\/\\\/patagoniambiental.com.ar\\\/info\\\/wp-content\\\/uploads\\\/2017\\\/08\\\/trump1.jpg\",\"datePublished\":\"2017-08-07T12:00:14+00:00\",\"breadcrumb\":{\"@id\":\"https:\\\/\\\/patagoniambiental.com.ar\\\/info\\\/eeuu-notifica-a-la-onu-su-retirada-del-acuerdo-de-paris-sobre-el-clima\\\/#breadcrumb\"},\"inLanguage\":\"es\",\"potentialAction\":[{\"@type\":\"ReadAction\",\"target\":[\"https:\\\/\\\/patagoniambiental.com.ar\\\/info\\\/eeuu-notifica-a-la-onu-su-retirada-del-acuerdo-de-paris-sobre-el-clima\\\/\"]}]},{\"@type\":\"ImageObject\",\"inLanguage\":\"es\",\"@id\":\"https:\\\/\\\/patagoniambiental.com.ar\\\/info\\\/eeuu-notifica-a-la-onu-su-retirada-del-acuerdo-de-paris-sobre-el-clima\\\/#primaryimage\",\"url\":\"https:\\\/\\\/patagoniambiental.com.ar\\\/info\\\/wp-content\\\/uploads\\\/2017\\\/08\\\/trump1.jpg\",\"contentUrl\":\"https:\\\/\\\/patagoniambiental.com.ar\\\/info\\\/wp-content\\\/uploads\\\/2017\\\/08\\\/trump1.jpg\",\"width\":620,\"height\":310},{\"@type\":\"BreadcrumbList\",\"@id\":\"https:\\\/\\\/patagoniambiental.com.ar\\\/info\\\/eeuu-notifica-a-la-onu-su-retirada-del-acuerdo-de-paris-sobre-el-clima\\\/#breadcrumb\",\"itemListElement\":[{\"@type\":\"ListItem\",\"position\":1,\"name\":\"Inicio\",\"item\":\"https:\\\/\\\/patagoniambiental.com.ar\\\/info\\\/\"},{\"@type\":\"ListItem\",\"position\":2,\"name\":\"EEUU notifica a la ONU su retirada del Acuerdo de Par\u00eds sobre el clima\"}]},{\"@type\":\"WebSite\",\"@id\":\"https:\\\/\\\/patagoniambiental.com.ar\\\/info\\\/#website\",\"url\":\"https:\\\/\\\/patagoniambiental.com.ar\\\/info\\\/\",\"name\":\"Patagonia Ambiental\",\"description\":\"Monitoreo y an\u00e1lisis de la situaci\u00f3n geopol\u00edtica en el mundo y su implicancia en la Patagonia\",\"publisher\":{\"@id\":\"https:\\\/\\\/patagoniambiental.com.ar\\\/info\\\/#organization\"},\"potentialAction\":[{\"@type\":\"SearchAction\",\"target\":{\"@type\":\"EntryPoint\",\"urlTemplate\":\"https:\\\/\\\/patagoniambiental.com.ar\\\/info\\\/?s={search_term_string}\"},\"query-input\":{\"@type\":\"PropertyValueSpecification\",\"valueRequired\":true,\"valueName\":\"search_term_string\"}}],\"inLanguage\":\"es\"},{\"@type\":\"Organization\",\"@id\":\"https:\\\/\\\/patagoniambiental.com.ar\\\/info\\\/#organization\",\"name\":\"Patagonia Ambiental\",\"url\":\"https:\\\/\\\/patagoniambiental.com.ar\\\/info\\\/\",\"logo\":{\"@type\":\"ImageObject\",\"inLanguage\":\"es\",\"@id\":\"https:\\\/\\\/patagoniambiental.com.ar\\\/info\\\/#\\\/schema\\\/logo\\\/image\\\/\",\"url\":\"https:\\\/\\\/patagoniambiental.com.ar\\\/info\\\/wp-content\\\/uploads\\\/2025\\\/05\\\/LOGO-PATAGONIA-AMBIENTAL.png\",\"contentUrl\":\"https:\\\/\\\/patagoniambiental.com.ar\\\/info\\\/wp-content\\\/uploads\\\/2025\\\/05\\\/LOGO-PATAGONIA-AMBIENTAL.png\",\"width\":433,\"height\":250,\"caption\":\"Patagonia Ambiental\"},\"image\":{\"@id\":\"https:\\\/\\\/patagoniambiental.com.ar\\\/info\\\/#\\\/schema\\\/logo\\\/image\\\/\"},\"sameAs\":[\"https:\\\/\\\/www.facebook.com\\\/patagonia.ambiental\",\"https:\\\/\\\/x.com\\\/PatAmb\"]},{\"@type\":\"Person\",\"@id\":\"https:\\\/\\\/patagoniambiental.com.ar\\\/info\\\/#\\\/schema\\\/person\\\/db12bff64bbcbf6a253710bf0ea37b5d\",\"name\":\"Patagonia Ambiental\",\"description\":\"Andr\u00e9s Nievas T\u00e9cnico en manejo ambiental, consultor Ambiental y escritor para medios locales e internacionales sobre temas de geopolitica y medio ambiente.\",\"sameAs\":[\"http:\\\/\\\/www.patagoniambiental.com.ar\",\"https:\\\/\\\/www.facebook.com\\\/share\\\/1C1V8Gv9BX\\\/?mibextid=qi2Omg\",\"@patagoniambiental\",\"https:\\\/\\\/youtube.com\\\/@patagoniaambiental2023?si=BLt58t0wuXquxlYZ\"]}]}<\/script>\n<!-- \/ Yoast SEO Premium plugin. -->","yoast_head_json":{"title":"EEUU notifica a la ONU su retirada del Acuerdo de Par\u00eds sobre el clima","robots":{"index":"index","follow":"follow","max-snippet":"max-snippet:-1","max-image-preview":"max-image-preview:large","max-video-preview":"max-video-preview:-1"},"canonical":"https:\/\/patagoniambiental.com.ar\/info\/eeuu-notifica-a-la-onu-su-retirada-del-acuerdo-de-paris-sobre-el-clima\/","og_locale":"es_ES","og_type":"article","og_title":"EEUU notifica a la ONU su retirada del Acuerdo de Par\u00eds sobre el clima","og_description":"El Gobierno estadounidense notific\u00f3 formalmente a la ONU su intenci\u00f3n de retirarse del Acuerdo de Par\u00eds, como anunci\u00f3 hace dos [&hellip;]","og_url":"https:\/\/patagoniambiental.com.ar\/info\/eeuu-notifica-a-la-onu-su-retirada-del-acuerdo-de-paris-sobre-el-clima\/","og_site_name":"Patagonia Ambiental","article_publisher":"https:\/\/www.facebook.com\/patagonia.ambiental","article_author":"https:\/\/www.facebook.com\/share\/1C1V8Gv9BX\/?mibextid=qi2Omg","article_published_time":"2017-08-07T12:00:14+00:00","og_image":[{"width":620,"height":310,"url":"https:\/\/patagoniambiental.com.ar\/info\/wp-content\/uploads\/2017\/08\/trump1.jpg","type":"image\/jpeg"}],"author":"Patagonia Ambiental","twitter_card":"summary_large_image","twitter_creator":"@PatAmb","twitter_site":"@PatAmb","schema":{"@context":"https:\/\/schema.org","@graph":[{"@type":"Article","@id":"https:\/\/patagoniambiental.com.ar\/info\/eeuu-notifica-a-la-onu-su-retirada-del-acuerdo-de-paris-sobre-el-clima\/#article","isPartOf":{"@id":"https:\/\/patagoniambiental.com.ar\/info\/eeuu-notifica-a-la-onu-su-retirada-del-acuerdo-de-paris-sobre-el-clima\/"},"author":{"name":"Patagonia Ambiental","@id":"https:\/\/patagoniambiental.com.ar\/info\/#\/schema\/person\/db12bff64bbcbf6a253710bf0ea37b5d"},"headline":"EEUU notifica a la ONU su retirada del Acuerdo de Par\u00eds sobre el clima","datePublished":"2017-08-07T12:00:14+00:00","mainEntityOfPage":{"@id":"https:\/\/patagoniambiental.com.ar\/info\/eeuu-notifica-a-la-onu-su-retirada-del-acuerdo-de-paris-sobre-el-clima\/"},"wordCount":577,"commentCount":0,"publisher":{"@id":"https:\/\/patagoniambiental.com.ar\/info\/#organization"},"image":{"@id":"https:\/\/patagoniambiental.com.ar\/info\/eeuu-notifica-a-la-onu-su-retirada-del-acuerdo-de-paris-sobre-el-clima\/#primaryimage"},"thumbnailUrl":"https:\/\/patagoniambiental.com.ar\/info\/wp-content\/uploads\/2017\/08\/trump1.jpg","articleSection":["Internacionales","Noticias"],"inLanguage":"es","potentialAction":[{"@type":"CommentAction","name":"Comment","target":["https:\/\/patagoniambiental.com.ar\/info\/eeuu-notifica-a-la-onu-su-retirada-del-acuerdo-de-paris-sobre-el-clima\/#respond"]}]},{"@type":"WebPage","@id":"https:\/\/patagoniambiental.com.ar\/info\/eeuu-notifica-a-la-onu-su-retirada-del-acuerdo-de-paris-sobre-el-clima\/","url":"https:\/\/patagoniambiental.com.ar\/info\/eeuu-notifica-a-la-onu-su-retirada-del-acuerdo-de-paris-sobre-el-clima\/","name":"EEUU notifica a la ONU su retirada del Acuerdo de Par\u00eds sobre el clima","isPartOf":{"@id":"https:\/\/patagoniambiental.com.ar\/info\/#website"},"primaryImageOfPage":{"@id":"https:\/\/patagoniambiental.com.ar\/info\/eeuu-notifica-a-la-onu-su-retirada-del-acuerdo-de-paris-sobre-el-clima\/#primaryimage"},"image":{"@id":"https:\/\/patagoniambiental.com.ar\/info\/eeuu-notifica-a-la-onu-su-retirada-del-acuerdo-de-paris-sobre-el-clima\/#primaryimage"},"thumbnailUrl":"https:\/\/patagoniambiental.com.ar\/info\/wp-content\/uploads\/2017\/08\/trump1.jpg","datePublished":"2017-08-07T12:00:14+00:00","breadcrumb":{"@id":"https:\/\/patagoniambiental.com.ar\/info\/eeuu-notifica-a-la-onu-su-retirada-del-acuerdo-de-paris-sobre-el-clima\/#breadcrumb"},"inLanguage":"es","potentialAction":[{"@type":"ReadAction","target":["https:\/\/patagoniambiental.com.ar\/info\/eeuu-notifica-a-la-onu-su-retirada-del-acuerdo-de-paris-sobre-el-clima\/"]}]},{"@type":"ImageObject","inLanguage":"es","@id":"https:\/\/patagoniambiental.com.ar\/info\/eeuu-notifica-a-la-onu-su-retirada-del-acuerdo-de-paris-sobre-el-clima\/#primaryimage","url":"https:\/\/patagoniambiental.com.ar\/info\/wp-content\/uploads\/2017\/08\/trump1.jpg","contentUrl":"https:\/\/patagoniambiental.com.ar\/info\/wp-content\/uploads\/2017\/08\/trump1.jpg","width":620,"height":310},{"@type":"BreadcrumbList","@id":"https:\/\/patagoniambiental.com.ar\/info\/eeuu-notifica-a-la-onu-su-retirada-del-acuerdo-de-paris-sobre-el-clima\/#breadcrumb","itemListElement":[{"@type":"ListItem","position":1,"name":"Inicio","item":"https:\/\/patagoniambiental.com.ar\/info\/"},{"@type":"ListItem","position":2,"name":"EEUU notifica a la ONU su retirada del Acuerdo de Par\u00eds sobre el clima"}]},{"@type":"WebSite","@id":"https:\/\/patagoniambiental.com.ar\/info\/#website","url":"https:\/\/patagoniambiental.com.ar\/info\/","name":"Patagonia Ambiental","description":"Monitoreo y an\u00e1lisis de la situaci\u00f3n geopol\u00edtica en el mundo y su implicancia en la Patagonia","publisher":{"@id":"https:\/\/patagoniambiental.com.ar\/info\/#organization"},"potentialAction":[{"@type":"SearchAction","target":{"@type":"EntryPoint","urlTemplate":"https:\/\/patagoniambiental.com.ar\/info\/?s={search_term_string}"},"query-input":{"@type":"PropertyValueSpecification","valueRequired":true,"valueName":"search_term_string"}}],"inLanguage":"es"},{"@type":"Organization","@id":"https:\/\/patagoniambiental.com.ar\/info\/#organization","name":"Patagonia Ambiental","url":"https:\/\/patagoniambiental.com.ar\/info\/","logo":{"@type":"ImageObject","inLanguage":"es","@id":"https:\/\/patagoniambiental.com.ar\/info\/#\/schema\/logo\/image\/","url":"https:\/\/patagoniambiental.com.ar\/info\/wp-content\/uploads\/2025\/05\/LOGO-PATAGONIA-AMBIENTAL.png","contentUrl":"https:\/\/patagoniambiental.com.ar\/info\/wp-content\/uploads\/2025\/05\/LOGO-PATAGONIA-AMBIENTAL.png","width":433,"height":250,"caption":"Patagonia Ambiental"},"image":{"@id":"https:\/\/patagoniambiental.com.ar\/info\/#\/schema\/logo\/image\/"},"sameAs":["https:\/\/www.facebook.com\/patagonia.ambiental","https:\/\/x.com\/PatAmb"]},{"@type":"Person","@id":"https:\/\/patagoniambiental.com.ar\/info\/#\/schema\/person\/db12bff64bbcbf6a253710bf0ea37b5d","name":"Patagonia Ambiental","description":"Andr\u00e9s Nievas T\u00e9cnico en manejo ambiental, consultor Ambiental y escritor para medios locales e internacionales sobre temas de geopolitica y medio ambiente.","sameAs":["http:\/\/www.patagoniambiental.com.ar","https:\/\/www.facebook.com\/share\/1C1V8Gv9BX\/?mibextid=qi2Omg","@patagoniambiental","https:\/\/youtube.com\/@patagoniaambiental2023?si=BLt58t0wuXquxlYZ"]}]}},"_links":{"self":[{"href":"https:\/\/patagoniambiental.com.ar\/info\/wp-json\/wp\/v2\/posts\/32853","targetHints":{"allow":["GET"]}}],"collection":[{"href":"https:\/\/patagoniambiental.com.ar\/info\/wp-json\/wp\/v2\/posts"}],"about":[{"href":"https:\/\/patagoniambiental.com.ar\/info\/wp-json\/wp\/v2\/types\/post"}],"author":[{"embeddable":true,"href":"https:\/\/patagoniambiental.com.ar\/info\/wp-json\/wp\/v2\/users\/2"}],"replies":[{"embeddable":true,"href":"https:\/\/patagoniambiental.com.ar\/info\/wp-json\/wp\/v2\/comments?post=32853"}],"version-history":[{"count":0,"href":"https:\/\/patagoniambiental.com.ar\/info\/wp-json\/wp\/v2\/posts\/32853\/revisions"}],"wp:featuredmedia":[{"embeddable":true,"href":"https:\/\/patagoniambiental.com.ar\/info\/wp-json\/wp\/v2\/media\/32854"}],"wp:attachment":[{"href":"https:\/\/patagoniambiental.com.ar\/info\/wp-json\/wp\/v2\/media?parent=32853"}],"wp:term":[{"taxonomy":"category","embeddable":true,"href":"https:\/\/patagoniambiental.com.ar\/info\/wp-json\/wp\/v2\/categories?post=32853"},{"taxonomy":"post_tag","embeddable":true,"href":"https:\/\/patagoniambiental.com.ar\/info\/wp-json\/wp\/v2\/tags?post=32853"}],"curies":[{"name":"wp","href":"https:\/\/api.w.org\/{rel}","templated":true}]}}