{"id":32899,"date":"2017-08-08T19:00:05","date_gmt":"2017-08-08T22:00:05","guid":{"rendered":"http:\/\/patagoniambiental.com.ar\/info\/?p=32899"},"modified":"2017-08-08T16:30:06","modified_gmt":"2017-08-08T19:30:06","slug":"lo-anuncio-hoy-el-gobernador-weretilneck-invap-participa-en-la-licitacion-por-la-construccion-de-un-reactor-nuclear-en-holanda","status":"publish","type":"post","link":"https:\/\/patagoniambiental.com.ar\/info\/lo-anuncio-hoy-el-gobernador-weretilneck-invap-participa-en-la-licitacion-por-la-construccion-de-un-reactor-nuclear-en-holanda\/","title":{"rendered":"Lo anunci\u00f3 hoy el Gobernador Weretilneck  INVAP participa en la licitaci\u00f3n por la construcci\u00f3n de un reactor nuclear en Holanda"},"content":{"rendered":"<p class=\"x_MsoNormal\"><i>Bariloche.-La empresa rionegrina INVAP anunci\u00f3 el viernes en San Carlos de Bariloche su participaci\u00f3n en una nueva licitaci\u00f3n para la construcci\u00f3n de un reactor nuclear en Holanda. <\/i><!--more--><\/p>\n<p>&nbsp;<\/p>\n<p class=\"x_MsoNormal\"><i>El gobernador Alberto Weretilneck encabez\u00f3 el acto.<\/i><\/p>\n<p class=\"x_MsoNormal\"><i>\u00a0<\/i><\/p>\n<p class=\"x_MsoNormal\">Las gestiones realizadas desde Naci\u00f3n y Provincia, sumada a la amplia trayectoria en el desarrollo nuclear, son elementos que abren grandes posibilidades para que la empresa obtenga la licitaci\u00f3n, cuyo proyecto se acerca a los 400.000.000 de euros.<\/p>\n<p class=\"x_MsoNormal\">Estuvieron presentes, adem\u00e1s de Weretilneck; el presidente del Directorio de INVAP, Horacio Osuna y el gerente general, H\u00e9ctor Otheguy.<\/p>\n<p class=\"x_MsoNormal\">En ese marco, el Gobernador mencion\u00f3 que \u201ces una gran satisfacci\u00f3n para la Provincia que una de las empresas de la cual es propietaria haya culminado esta semana con la preparaci\u00f3n de la presentaci\u00f3n de la oferta para competir en la construcci\u00f3n de un reactor nuclear para Holanda. As\u00ed tambi\u00e9n lo es para Argentina que INVAP pueda estar entre las clasificadas \u201c.<\/p>\n<p class=\"x_MsoNormal\">M\u00e1s adelante, el Mandatario expres\u00f3 que, a partir de las \u00faltimas modificaciones en las pol\u00edticas econ\u00f3micas nacionales, \u201cestamos llevando adelante una acci\u00f3n con la empresa de buscar nuevos socios estrat\u00e9gicos y contratos que no tengan exclusivamente fuentes de financiamiento nacionales\u201d.<\/p>\n<p class=\"x_MsoNormal\">\u201cLa oferta holandesa se enmarca en esta acci\u00f3n, como la propuesta de construcci\u00f3n de sat\u00e9lites para Estados Unidos y Malasia. La idea es no s\u00f3lo producir tecnolog\u00eda para la Argentina, sino tambi\u00e9n para el extranjero, lo cual s\u00ed garantiza el empleo y la inserci\u00f3n internacional\u201d, destac\u00f3.<\/p>\n<p class=\"x_MsoNormal\">Recientemente se relanz\u00f3 la licitaci\u00f3n por el reactor nuclear de investigaci\u00f3n y producci\u00f3n de radiois\u00f3topos Pallas, a construirse en Holanda. En el a\u00f1o 2009 se llev\u00f3 a cabo una licitaci\u00f3n por este mismo reactor, en la cual INVAP fue seleccionada como la oferta preferida, pero fue discontinuada por el cliente a causa de la crisis econ\u00f3mica global que acontec\u00eda en ese momento.<\/p>\n<p class=\"x_MsoNormal\">En marzo de este a\u00f1o, la empresa rionegrina present\u00f3 una nueva oferta, asociados a una empresa holandesa que tendr\u00e1 a su cargo la obra civil. En esta ocasi\u00f3n, igual que en el a\u00f1o 2009, participan de la licitaci\u00f3n tres empresas en total, de Francia y Corea del Sur, que junto con INVAP componen el selecto grupo de compa\u00f1\u00edas que lideran el desarrollo de este tipo de reactores.<\/p>\n<p class=\"x_MsoNormal\">El pr\u00f3ximo 9 de agosto se presentar\u00e1 la oferta final a las autoridades holandesas, quienes prev\u00e9n definir el ganador de la licitaci\u00f3n a fines de octubre.<\/p>\n<p class=\"x_MsoNormal\">Para esta oferta fue fundamental, adem\u00e1s de la trayectoria de INVAP en este \u00e1mbito y una excelente presentaci\u00f3n t\u00e9cnica, el apoyo brindado tanto por el m\u00e1ximo nivel del Gobierno Nacional como el del Gobierno Provincial, a trav\u00e9s de la Legislatura y del Poder Ejecutivo, en diversas instancias.<\/p>\n<p class=\"x_MsoNormal\">Entre los elementos que colaboraron para la consideraci\u00f3n de la oferta rionegrina, se destaca la aprobaci\u00f3n un\u00e1nime de la Ley Provincial 5218, de la Legislatura de R\u00edo Negro, ya que ampl\u00eda el aval para proyectos de exportaci\u00f3n de INVAP hasta 100.000.000 de d\u00f3lares, lo que es fundamental para la obtenci\u00f3n de las garant\u00edas bancarias necesarias en los contratos internacionales.<\/p>\n<p class=\"x_MsoNormal\">Adem\u00e1s, se remarca la carta enviada por el Gobernador de R\u00edo Negro, provincia propietaria de INVAP, expresando su total respaldo a la oferta de la empresa; que se sum\u00f3 a la misiva de respaldo por parte del Gobierno Nacional, la cual firm\u00f3 el Jefe de Gabinete de Ministros, Marcos Pe\u00f1a.<\/p>\n<p class=\"x_MsoNormal\">Adem\u00e1s, hubo un fuerte respaldo y gestiones realizadas por el presidente de la Naci\u00f3n, Mauricio Macri, en su visita de Estado en marzo de este a\u00f1o, con el m\u00e1ximo nivel de las autoridades holandesas.<\/p>\n<p class=\"x_MsoNormal\">La amplia trayectoria de INVAP en la fabricaci\u00f3n de reactores nucleares de investigaci\u00f3n, coloca a Argentina en primera l\u00ednea en materia de proveedores nucleares. As\u00ed lo demuestra el perfecto funcionamiento, luego de diez a\u00f1os, de la operaci\u00f3n del reactor OPAL construido en Australia y la distinci\u00f3n otorgada a la empresa rionegrina, por parte del Nuclear Energy Institute, destacando los logros obtenidos en materia de seguridad nuclear en la cuarta edici\u00f3n de la Cumbre sobre Seguridad Nuclear en el a\u00f1o 2016.<\/p>\n<p><b><span lang=\"ES-AR\">Fuente: GOBIERNO DE R\u00cdO NEGRO<\/span><\/b><\/p>\n","protected":false},"excerpt":{"rendered":"<p>Bariloche.-La empresa rionegrina INVAP anunci\u00f3 el viernes en San Carlos de Bariloche su participaci\u00f3n en una nueva licitaci\u00f3n para la [&hellip;]<\/p>\n","protected":false},"author":2,"featured_media":32900,"comment_status":"open","ping_status":"open","sticky":false,"template":"","format":"standard","meta":{"site-sidebar-layout":"default","site-content-layout":"","ast-site-content-layout":"default","site-content-style":"default","site-sidebar-style":"default","ast-global-header-display":"","ast-banner-title-visibility":"","ast-main-header-display":"","ast-hfb-above-header-display":"","ast-hfb-below-header-display":"","ast-hfb-mobile-header-display":"","site-post-title":"","ast-breadcrumbs-content":"","ast-featured-img":"","footer-sml-layout":"","ast-disable-related-posts":"","theme-transparent-header-meta":"","adv-header-id-meta":"","stick-header-meta":"","header-above-stick-meta":"","header-main-stick-meta":"","header-below-stick-meta":"","astra-migrate-meta-layouts":"default","ast-page-background-enabled":"default","ast-page-background-meta":{"desktop":{"background-color":"var(--ast-global-color-5)","background-image":"","background-repeat":"repeat","background-position":"center center","background-size":"auto","background-attachment":"scroll","background-type":"","background-media":"","overlay-type":"","overlay-color":"","overlay-opacity":"","overlay-gradient":""},"tablet":{"background-color":"","background-image":"","background-repeat":"repeat","background-position":"center center","background-size":"auto","background-attachment":"scroll","background-type":"","background-media":"","overlay-type":"","overlay-color":"","overlay-opacity":"","overlay-gradient":""},"mobile":{"background-color":"","background-image":"","background-repeat":"repeat","background-position":"center center","background-size":"auto","background-attachment":"scroll","background-type":"","background-media":"","overlay-type":"","overlay-color":"","overlay-opacity":"","overlay-gradient":""}},"ast-content-background-meta":{"desktop":{"background-color":"var(--ast-global-color-4)","background-image":"","background-repeat":"repeat","background-position":"center center","background-size":"auto","background-attachment":"scroll","background-type":"","background-media":"","overlay-type":"","overlay-color":"","overlay-opacity":"","overlay-gradient":""},"tablet":{"background-color":"var(--ast-global-color-4)","background-image":"","background-repeat":"repeat","background-position":"center center","background-size":"auto","background-attachment":"scroll","background-type":"","background-media":"","overlay-type":"","overlay-color":"","overlay-opacity":"","overlay-gradient":""},"mobile":{"background-color":"var(--ast-global-color-4)","background-image":"","background-repeat":"repeat","background-position":"center center","background-size":"auto","background-attachment":"scroll","background-type":"","background-media":"","overlay-type":"","overlay-color":"","overlay-opacity":"","overlay-gradient":""}},"footnotes":""},"categories":[23,1],"tags":[],"class_list":["post-32899","post","type-post","status-publish","format-standard","has-post-thumbnail","hentry","category-internacionales","category-noticias"],"yoast_head":"<!-- This site is optimized with the Yoast SEO Premium plugin v23.0 (Yoast SEO v27.4) - https:\/\/yoast.com\/product\/yoast-seo-premium-wordpress\/ -->\n<title>Lo anunci\u00f3 hoy el Gobernador Weretilneck INVAP participa en la licitaci\u00f3n por la construcci\u00f3n de un reactor nuclear en Holanda<\/title>\n<meta name=\"robots\" content=\"index, follow, max-snippet:-1, max-image-preview:large, max-video-preview:-1\" \/>\n<link rel=\"canonical\" href=\"https:\/\/patagoniambiental.com.ar\/info\/lo-anuncio-hoy-el-gobernador-weretilneck-invap-participa-en-la-licitacion-por-la-construccion-de-un-reactor-nuclear-en-holanda\/\" \/>\n<meta property=\"og:locale\" content=\"es_ES\" \/>\n<meta property=\"og:type\" content=\"article\" \/>\n<meta property=\"og:title\" content=\"Lo anunci\u00f3 hoy el Gobernador Weretilneck INVAP participa en la licitaci\u00f3n por la construcci\u00f3n de un reactor nuclear en Holanda\" \/>\n<meta property=\"og:description\" content=\"Bariloche.-La empresa rionegrina INVAP anunci\u00f3 el viernes en San Carlos de Bariloche su participaci\u00f3n en una nueva licitaci\u00f3n para la [&hellip;]\" \/>\n<meta property=\"og:url\" content=\"https:\/\/patagoniambiental.com.ar\/info\/lo-anuncio-hoy-el-gobernador-weretilneck-invap-participa-en-la-licitacion-por-la-construccion-de-un-reactor-nuclear-en-holanda\/\" \/>\n<meta property=\"og:site_name\" content=\"Patagonia Ambiental\" \/>\n<meta property=\"article:publisher\" content=\"https:\/\/www.facebook.com\/patagonia.ambiental\" \/>\n<meta property=\"article:author\" content=\"https:\/\/www.facebook.com\/share\/1C1V8Gv9BX\/?mibextid=qi2Omg\" \/>\n<meta property=\"article:published_time\" content=\"2017-08-08T22:00:05+00:00\" \/>\n<meta property=\"og:image\" content=\"https:\/\/patagoniambiental.com.ar\/info\/wp-content\/uploads\/2017\/08\/Sin-t\u00edtulo.png\" \/>\n\t<meta property=\"og:image:width\" content=\"1214\" \/>\n\t<meta property=\"og:image:height\" content=\"532\" \/>\n\t<meta property=\"og:image:type\" content=\"image\/png\" \/>\n<meta name=\"author\" content=\"Patagonia Ambiental\" \/>\n<meta name=\"twitter:card\" content=\"summary_large_image\" \/>\n<meta name=\"twitter:creator\" content=\"@PatAmb\" \/>\n<meta name=\"twitter:site\" content=\"@PatAmb\" \/>\n<script type=\"application\/ld+json\" class=\"yoast-schema-graph\">{\"@context\":\"https:\\\/\\\/schema.org\",\"@graph\":[{\"@type\":\"Article\",\"@id\":\"https:\\\/\\\/patagoniambiental.com.ar\\\/info\\\/lo-anuncio-hoy-el-gobernador-weretilneck-invap-participa-en-la-licitacion-por-la-construccion-de-un-reactor-nuclear-en-holanda\\\/#article\",\"isPartOf\":{\"@id\":\"https:\\\/\\\/patagoniambiental.com.ar\\\/info\\\/lo-anuncio-hoy-el-gobernador-weretilneck-invap-participa-en-la-licitacion-por-la-construccion-de-un-reactor-nuclear-en-holanda\\\/\"},\"author\":{\"name\":\"Patagonia Ambiental\",\"@id\":\"https:\\\/\\\/patagoniambiental.com.ar\\\/info\\\/#\\\/schema\\\/person\\\/db12bff64bbcbf6a253710bf0ea37b5d\"},\"headline\":\"Lo anunci\u00f3 hoy el Gobernador Weretilneck INVAP participa en la licitaci\u00f3n por la construcci\u00f3n de un reactor nuclear en Holanda\",\"datePublished\":\"2017-08-08T22:00:05+00:00\",\"mainEntityOfPage\":{\"@id\":\"https:\\\/\\\/patagoniambiental.com.ar\\\/info\\\/lo-anuncio-hoy-el-gobernador-weretilneck-invap-participa-en-la-licitacion-por-la-construccion-de-un-reactor-nuclear-en-holanda\\\/\"},\"wordCount\":755,\"commentCount\":0,\"publisher\":{\"@id\":\"https:\\\/\\\/patagoniambiental.com.ar\\\/info\\\/#organization\"},\"image\":{\"@id\":\"https:\\\/\\\/patagoniambiental.com.ar\\\/info\\\/lo-anuncio-hoy-el-gobernador-weretilneck-invap-participa-en-la-licitacion-por-la-construccion-de-un-reactor-nuclear-en-holanda\\\/#primaryimage\"},\"thumbnailUrl\":\"https:\\\/\\\/patagoniambiental.com.ar\\\/info\\\/wp-content\\\/uploads\\\/2017\\\/08\\\/Sin-t\u00edtulo.png\",\"articleSection\":[\"Internacionales\",\"Noticias\"],\"inLanguage\":\"es\",\"potentialAction\":[{\"@type\":\"CommentAction\",\"name\":\"Comment\",\"target\":[\"https:\\\/\\\/patagoniambiental.com.ar\\\/info\\\/lo-anuncio-hoy-el-gobernador-weretilneck-invap-participa-en-la-licitacion-por-la-construccion-de-un-reactor-nuclear-en-holanda\\\/#respond\"]}]},{\"@type\":\"WebPage\",\"@id\":\"https:\\\/\\\/patagoniambiental.com.ar\\\/info\\\/lo-anuncio-hoy-el-gobernador-weretilneck-invap-participa-en-la-licitacion-por-la-construccion-de-un-reactor-nuclear-en-holanda\\\/\",\"url\":\"https:\\\/\\\/patagoniambiental.com.ar\\\/info\\\/lo-anuncio-hoy-el-gobernador-weretilneck-invap-participa-en-la-licitacion-por-la-construccion-de-un-reactor-nuclear-en-holanda\\\/\",\"name\":\"Lo anunci\u00f3 hoy el Gobernador Weretilneck INVAP participa en la licitaci\u00f3n por la construcci\u00f3n de un reactor nuclear en Holanda\",\"isPartOf\":{\"@id\":\"https:\\\/\\\/patagoniambiental.com.ar\\\/info\\\/#website\"},\"primaryImageOfPage\":{\"@id\":\"https:\\\/\\\/patagoniambiental.com.ar\\\/info\\\/lo-anuncio-hoy-el-gobernador-weretilneck-invap-participa-en-la-licitacion-por-la-construccion-de-un-reactor-nuclear-en-holanda\\\/#primaryimage\"},\"image\":{\"@id\":\"https:\\\/\\\/patagoniambiental.com.ar\\\/info\\\/lo-anuncio-hoy-el-gobernador-weretilneck-invap-participa-en-la-licitacion-por-la-construccion-de-un-reactor-nuclear-en-holanda\\\/#primaryimage\"},\"thumbnailUrl\":\"https:\\\/\\\/patagoniambiental.com.ar\\\/info\\\/wp-content\\\/uploads\\\/2017\\\/08\\\/Sin-t\u00edtulo.png\",\"datePublished\":\"2017-08-08T22:00:05+00:00\",\"breadcrumb\":{\"@id\":\"https:\\\/\\\/patagoniambiental.com.ar\\\/info\\\/lo-anuncio-hoy-el-gobernador-weretilneck-invap-participa-en-la-licitacion-por-la-construccion-de-un-reactor-nuclear-en-holanda\\\/#breadcrumb\"},\"inLanguage\":\"es\",\"potentialAction\":[{\"@type\":\"ReadAction\",\"target\":[\"https:\\\/\\\/patagoniambiental.com.ar\\\/info\\\/lo-anuncio-hoy-el-gobernador-weretilneck-invap-participa-en-la-licitacion-por-la-construccion-de-un-reactor-nuclear-en-holanda\\\/\"]}]},{\"@type\":\"ImageObject\",\"inLanguage\":\"es\",\"@id\":\"https:\\\/\\\/patagoniambiental.com.ar\\\/info\\\/lo-anuncio-hoy-el-gobernador-weretilneck-invap-participa-en-la-licitacion-por-la-construccion-de-un-reactor-nuclear-en-holanda\\\/#primaryimage\",\"url\":\"https:\\\/\\\/patagoniambiental.com.ar\\\/info\\\/wp-content\\\/uploads\\\/2017\\\/08\\\/Sin-t\u00edtulo.png\",\"contentUrl\":\"https:\\\/\\\/patagoniambiental.com.ar\\\/info\\\/wp-content\\\/uploads\\\/2017\\\/08\\\/Sin-t\u00edtulo.png\",\"width\":1214,\"height\":532},{\"@type\":\"BreadcrumbList\",\"@id\":\"https:\\\/\\\/patagoniambiental.com.ar\\\/info\\\/lo-anuncio-hoy-el-gobernador-weretilneck-invap-participa-en-la-licitacion-por-la-construccion-de-un-reactor-nuclear-en-holanda\\\/#breadcrumb\",\"itemListElement\":[{\"@type\":\"ListItem\",\"position\":1,\"name\":\"Inicio\",\"item\":\"https:\\\/\\\/patagoniambiental.com.ar\\\/info\\\/\"},{\"@type\":\"ListItem\",\"position\":2,\"name\":\"Lo anunci\u00f3 hoy el Gobernador Weretilneck INVAP participa en la licitaci\u00f3n por la construcci\u00f3n de un reactor nuclear en Holanda\"}]},{\"@type\":\"WebSite\",\"@id\":\"https:\\\/\\\/patagoniambiental.com.ar\\\/info\\\/#website\",\"url\":\"https:\\\/\\\/patagoniambiental.com.ar\\\/info\\\/\",\"name\":\"Patagonia Ambiental\",\"description\":\"Monitoreo y an\u00e1lisis de la situaci\u00f3n geopol\u00edtica en el mundo y su implicancia en la Patagonia\",\"publisher\":{\"@id\":\"https:\\\/\\\/patagoniambiental.com.ar\\\/info\\\/#organization\"},\"potentialAction\":[{\"@type\":\"SearchAction\",\"target\":{\"@type\":\"EntryPoint\",\"urlTemplate\":\"https:\\\/\\\/patagoniambiental.com.ar\\\/info\\\/?s={search_term_string}\"},\"query-input\":{\"@type\":\"PropertyValueSpecification\",\"valueRequired\":true,\"valueName\":\"search_term_string\"}}],\"inLanguage\":\"es\"},{\"@type\":\"Organization\",\"@id\":\"https:\\\/\\\/patagoniambiental.com.ar\\\/info\\\/#organization\",\"name\":\"Patagonia Ambiental\",\"url\":\"https:\\\/\\\/patagoniambiental.com.ar\\\/info\\\/\",\"logo\":{\"@type\":\"ImageObject\",\"inLanguage\":\"es\",\"@id\":\"https:\\\/\\\/patagoniambiental.com.ar\\\/info\\\/#\\\/schema\\\/logo\\\/image\\\/\",\"url\":\"https:\\\/\\\/patagoniambiental.com.ar\\\/info\\\/wp-content\\\/uploads\\\/2025\\\/05\\\/LOGO-PATAGONIA-AMBIENTAL.png\",\"contentUrl\":\"https:\\\/\\\/patagoniambiental.com.ar\\\/info\\\/wp-content\\\/uploads\\\/2025\\\/05\\\/LOGO-PATAGONIA-AMBIENTAL.png\",\"width\":433,\"height\":250,\"caption\":\"Patagonia Ambiental\"},\"image\":{\"@id\":\"https:\\\/\\\/patagoniambiental.com.ar\\\/info\\\/#\\\/schema\\\/logo\\\/image\\\/\"},\"sameAs\":[\"https:\\\/\\\/www.facebook.com\\\/patagonia.ambiental\",\"https:\\\/\\\/x.com\\\/PatAmb\"]},{\"@type\":\"Person\",\"@id\":\"https:\\\/\\\/patagoniambiental.com.ar\\\/info\\\/#\\\/schema\\\/person\\\/db12bff64bbcbf6a253710bf0ea37b5d\",\"name\":\"Patagonia Ambiental\",\"description\":\"Andr\u00e9s Nievas T\u00e9cnico en manejo ambiental, consultor Ambiental y escritor para medios locales e internacionales sobre temas de geopolitica y medio ambiente.\",\"sameAs\":[\"http:\\\/\\\/www.patagoniambiental.com.ar\",\"https:\\\/\\\/www.facebook.com\\\/share\\\/1C1V8Gv9BX\\\/?mibextid=qi2Omg\",\"@patagoniambiental\",\"https:\\\/\\\/youtube.com\\\/@patagoniaambiental2023?si=BLt58t0wuXquxlYZ\"]}]}<\/script>\n<!-- \/ Yoast SEO Premium plugin. -->","yoast_head_json":{"title":"Lo anunci\u00f3 hoy el Gobernador Weretilneck INVAP participa en la licitaci\u00f3n por la construcci\u00f3n de un reactor nuclear en Holanda","robots":{"index":"index","follow":"follow","max-snippet":"max-snippet:-1","max-image-preview":"max-image-preview:large","max-video-preview":"max-video-preview:-1"},"canonical":"https:\/\/patagoniambiental.com.ar\/info\/lo-anuncio-hoy-el-gobernador-weretilneck-invap-participa-en-la-licitacion-por-la-construccion-de-un-reactor-nuclear-en-holanda\/","og_locale":"es_ES","og_type":"article","og_title":"Lo anunci\u00f3 hoy el Gobernador Weretilneck INVAP participa en la licitaci\u00f3n por la construcci\u00f3n de un reactor nuclear en Holanda","og_description":"Bariloche.-La empresa rionegrina INVAP anunci\u00f3 el viernes en San Carlos de Bariloche su participaci\u00f3n en una nueva licitaci\u00f3n para la [&hellip;]","og_url":"https:\/\/patagoniambiental.com.ar\/info\/lo-anuncio-hoy-el-gobernador-weretilneck-invap-participa-en-la-licitacion-por-la-construccion-de-un-reactor-nuclear-en-holanda\/","og_site_name":"Patagonia Ambiental","article_publisher":"https:\/\/www.facebook.com\/patagonia.ambiental","article_author":"https:\/\/www.facebook.com\/share\/1C1V8Gv9BX\/?mibextid=qi2Omg","article_published_time":"2017-08-08T22:00:05+00:00","og_image":[{"width":1214,"height":532,"url":"https:\/\/patagoniambiental.com.ar\/info\/wp-content\/uploads\/2017\/08\/Sin-t\u00edtulo.png","type":"image\/png"}],"author":"Patagonia Ambiental","twitter_card":"summary_large_image","twitter_creator":"@PatAmb","twitter_site":"@PatAmb","schema":{"@context":"https:\/\/schema.org","@graph":[{"@type":"Article","@id":"https:\/\/patagoniambiental.com.ar\/info\/lo-anuncio-hoy-el-gobernador-weretilneck-invap-participa-en-la-licitacion-por-la-construccion-de-un-reactor-nuclear-en-holanda\/#article","isPartOf":{"@id":"https:\/\/patagoniambiental.com.ar\/info\/lo-anuncio-hoy-el-gobernador-weretilneck-invap-participa-en-la-licitacion-por-la-construccion-de-un-reactor-nuclear-en-holanda\/"},"author":{"name":"Patagonia Ambiental","@id":"https:\/\/patagoniambiental.com.ar\/info\/#\/schema\/person\/db12bff64bbcbf6a253710bf0ea37b5d"},"headline":"Lo anunci\u00f3 hoy el Gobernador Weretilneck INVAP participa en la licitaci\u00f3n por la construcci\u00f3n de un reactor nuclear en Holanda","datePublished":"2017-08-08T22:00:05+00:00","mainEntityOfPage":{"@id":"https:\/\/patagoniambiental.com.ar\/info\/lo-anuncio-hoy-el-gobernador-weretilneck-invap-participa-en-la-licitacion-por-la-construccion-de-un-reactor-nuclear-en-holanda\/"},"wordCount":755,"commentCount":0,"publisher":{"@id":"https:\/\/patagoniambiental.com.ar\/info\/#organization"},"image":{"@id":"https:\/\/patagoniambiental.com.ar\/info\/lo-anuncio-hoy-el-gobernador-weretilneck-invap-participa-en-la-licitacion-por-la-construccion-de-un-reactor-nuclear-en-holanda\/#primaryimage"},"thumbnailUrl":"https:\/\/patagoniambiental.com.ar\/info\/wp-content\/uploads\/2017\/08\/Sin-t\u00edtulo.png","articleSection":["Internacionales","Noticias"],"inLanguage":"es","potentialAction":[{"@type":"CommentAction","name":"Comment","target":["https:\/\/patagoniambiental.com.ar\/info\/lo-anuncio-hoy-el-gobernador-weretilneck-invap-participa-en-la-licitacion-por-la-construccion-de-un-reactor-nuclear-en-holanda\/#respond"]}]},{"@type":"WebPage","@id":"https:\/\/patagoniambiental.com.ar\/info\/lo-anuncio-hoy-el-gobernador-weretilneck-invap-participa-en-la-licitacion-por-la-construccion-de-un-reactor-nuclear-en-holanda\/","url":"https:\/\/patagoniambiental.com.ar\/info\/lo-anuncio-hoy-el-gobernador-weretilneck-invap-participa-en-la-licitacion-por-la-construccion-de-un-reactor-nuclear-en-holanda\/","name":"Lo anunci\u00f3 hoy el Gobernador Weretilneck INVAP participa en la licitaci\u00f3n por la construcci\u00f3n de un reactor nuclear en Holanda","isPartOf":{"@id":"https:\/\/patagoniambiental.com.ar\/info\/#website"},"primaryImageOfPage":{"@id":"https:\/\/patagoniambiental.com.ar\/info\/lo-anuncio-hoy-el-gobernador-weretilneck-invap-participa-en-la-licitacion-por-la-construccion-de-un-reactor-nuclear-en-holanda\/#primaryimage"},"image":{"@id":"https:\/\/patagoniambiental.com.ar\/info\/lo-anuncio-hoy-el-gobernador-weretilneck-invap-participa-en-la-licitacion-por-la-construccion-de-un-reactor-nuclear-en-holanda\/#primaryimage"},"thumbnailUrl":"https:\/\/patagoniambiental.com.ar\/info\/wp-content\/uploads\/2017\/08\/Sin-t\u00edtulo.png","datePublished":"2017-08-08T22:00:05+00:00","breadcrumb":{"@id":"https:\/\/patagoniambiental.com.ar\/info\/lo-anuncio-hoy-el-gobernador-weretilneck-invap-participa-en-la-licitacion-por-la-construccion-de-un-reactor-nuclear-en-holanda\/#breadcrumb"},"inLanguage":"es","potentialAction":[{"@type":"ReadAction","target":["https:\/\/patagoniambiental.com.ar\/info\/lo-anuncio-hoy-el-gobernador-weretilneck-invap-participa-en-la-licitacion-por-la-construccion-de-un-reactor-nuclear-en-holanda\/"]}]},{"@type":"ImageObject","inLanguage":"es","@id":"https:\/\/patagoniambiental.com.ar\/info\/lo-anuncio-hoy-el-gobernador-weretilneck-invap-participa-en-la-licitacion-por-la-construccion-de-un-reactor-nuclear-en-holanda\/#primaryimage","url":"https:\/\/patagoniambiental.com.ar\/info\/wp-content\/uploads\/2017\/08\/Sin-t\u00edtulo.png","contentUrl":"https:\/\/patagoniambiental.com.ar\/info\/wp-content\/uploads\/2017\/08\/Sin-t\u00edtulo.png","width":1214,"height":532},{"@type":"BreadcrumbList","@id":"https:\/\/patagoniambiental.com.ar\/info\/lo-anuncio-hoy-el-gobernador-weretilneck-invap-participa-en-la-licitacion-por-la-construccion-de-un-reactor-nuclear-en-holanda\/#breadcrumb","itemListElement":[{"@type":"ListItem","position":1,"name":"Inicio","item":"https:\/\/patagoniambiental.com.ar\/info\/"},{"@type":"ListItem","position":2,"name":"Lo anunci\u00f3 hoy el Gobernador Weretilneck INVAP participa en la licitaci\u00f3n por la construcci\u00f3n de un reactor nuclear en Holanda"}]},{"@type":"WebSite","@id":"https:\/\/patagoniambiental.com.ar\/info\/#website","url":"https:\/\/patagoniambiental.com.ar\/info\/","name":"Patagonia Ambiental","description":"Monitoreo y an\u00e1lisis de la situaci\u00f3n geopol\u00edtica en el mundo y su implicancia en la Patagonia","publisher":{"@id":"https:\/\/patagoniambiental.com.ar\/info\/#organization"},"potentialAction":[{"@type":"SearchAction","target":{"@type":"EntryPoint","urlTemplate":"https:\/\/patagoniambiental.com.ar\/info\/?s={search_term_string}"},"query-input":{"@type":"PropertyValueSpecification","valueRequired":true,"valueName":"search_term_string"}}],"inLanguage":"es"},{"@type":"Organization","@id":"https:\/\/patagoniambiental.com.ar\/info\/#organization","name":"Patagonia Ambiental","url":"https:\/\/patagoniambiental.com.ar\/info\/","logo":{"@type":"ImageObject","inLanguage":"es","@id":"https:\/\/patagoniambiental.com.ar\/info\/#\/schema\/logo\/image\/","url":"https:\/\/patagoniambiental.com.ar\/info\/wp-content\/uploads\/2025\/05\/LOGO-PATAGONIA-AMBIENTAL.png","contentUrl":"https:\/\/patagoniambiental.com.ar\/info\/wp-content\/uploads\/2025\/05\/LOGO-PATAGONIA-AMBIENTAL.png","width":433,"height":250,"caption":"Patagonia Ambiental"},"image":{"@id":"https:\/\/patagoniambiental.com.ar\/info\/#\/schema\/logo\/image\/"},"sameAs":["https:\/\/www.facebook.com\/patagonia.ambiental","https:\/\/x.com\/PatAmb"]},{"@type":"Person","@id":"https:\/\/patagoniambiental.com.ar\/info\/#\/schema\/person\/db12bff64bbcbf6a253710bf0ea37b5d","name":"Patagonia Ambiental","description":"Andr\u00e9s Nievas T\u00e9cnico en manejo ambiental, consultor Ambiental y escritor para medios locales e internacionales sobre temas de geopolitica y medio ambiente.","sameAs":["http:\/\/www.patagoniambiental.com.ar","https:\/\/www.facebook.com\/share\/1C1V8Gv9BX\/?mibextid=qi2Omg","@patagoniambiental","https:\/\/youtube.com\/@patagoniaambiental2023?si=BLt58t0wuXquxlYZ"]}]}},"_links":{"self":[{"href":"https:\/\/patagoniambiental.com.ar\/info\/wp-json\/wp\/v2\/posts\/32899","targetHints":{"allow":["GET"]}}],"collection":[{"href":"https:\/\/patagoniambiental.com.ar\/info\/wp-json\/wp\/v2\/posts"}],"about":[{"href":"https:\/\/patagoniambiental.com.ar\/info\/wp-json\/wp\/v2\/types\/post"}],"author":[{"embeddable":true,"href":"https:\/\/patagoniambiental.com.ar\/info\/wp-json\/wp\/v2\/users\/2"}],"replies":[{"embeddable":true,"href":"https:\/\/patagoniambiental.com.ar\/info\/wp-json\/wp\/v2\/comments?post=32899"}],"version-history":[{"count":0,"href":"https:\/\/patagoniambiental.com.ar\/info\/wp-json\/wp\/v2\/posts\/32899\/revisions"}],"wp:featuredmedia":[{"embeddable":true,"href":"https:\/\/patagoniambiental.com.ar\/info\/wp-json\/wp\/v2\/media\/32900"}],"wp:attachment":[{"href":"https:\/\/patagoniambiental.com.ar\/info\/wp-json\/wp\/v2\/media?parent=32899"}],"wp:term":[{"taxonomy":"category","embeddable":true,"href":"https:\/\/patagoniambiental.com.ar\/info\/wp-json\/wp\/v2\/categories?post=32899"},{"taxonomy":"post_tag","embeddable":true,"href":"https:\/\/patagoniambiental.com.ar\/info\/wp-json\/wp\/v2\/tags?post=32899"}],"curies":[{"name":"wp","href":"https:\/\/api.w.org\/{rel}","templated":true}]}}