{"id":32905,"date":"2017-08-08T19:00:43","date_gmt":"2017-08-08T22:00:43","guid":{"rendered":"http:\/\/patagoniambiental.com.ar\/info\/?p=32905"},"modified":"2017-08-08T16:37:54","modified_gmt":"2017-08-08T19:37:54","slug":"el-hermano-del-joven-desaparecido-durante-la-represion-a-mapuches-responsabilizo-a-gendarmeria-se-llevaron-a-una-persona-y-ahora-dicen-que-no-la-tienen","status":"publish","type":"post","link":"https:\/\/patagoniambiental.com.ar\/info\/el-hermano-del-joven-desaparecido-durante-la-represion-a-mapuches-responsabilizo-a-gendarmeria-se-llevaron-a-una-persona-y-ahora-dicen-que-no-la-tienen\/","title":{"rendered":"El hermano del joven desaparecido durante la represi\u00f3n a mapuches responsabiliz\u00f3 a Gendarmer\u00eda: \u00abSe llevaron a una persona y ahora dicen que no la tienen\u00bb"},"content":{"rendered":"<div class=\"row\">\n<div class=\"col-lg-12\">\n<p>Chubut.-Sergio Maldonado asegur\u00f3 que a Santiago \u201cno se lo llev\u00f3 el r\u00edo o se lo trag\u00f3 el agua.<!--more--><\/p>\n<p>A \u00e9l lo capturan, le pegan y lo llevan en una camioneta blanca, con signo de Gendarmer\u00eda. Y desde ah\u00ed no se sabe m\u00e1s nada\u201d. La familia del joven perteneciente a la comunidad Lof de Cushamenexije al Estado una respuesta inmediata.<\/p>\n<\/div>\n<\/div>\n<p>&nbsp;<\/p>\n<div class=\"row\">\n<div class=\"col-lg-8 col-sm-8 col-xs-12  \">\n<div class=\"nota\"><img decoding=\"async\" class=\"img-responsive\" src=\"http:\/\/www.politicargentina.com\/advf\/imagenes\/editadas\/5987435fd1a4e_750x500.jpg\" alt=\"\" \/><br \/>\nSergio Maldonado, el hermano del joven desaparecido el martes durante la represi\u00f3n a los mapuches acus\u00f3 directamente a Gendarmer\u00eda por la desaparici\u00f3n de Santiago.\u00a0<strong>\u00abSe llevan a una persona y despu\u00e9s dicen que no la tienen\u00bb,<\/strong>\u00a0se\u00f1al\u00f3 y adem\u00e1s confirm\u00f3 que Prefectura Nacional realiz\u00f3 rastrillajes en la zona y que ninguna autoridad se comunic\u00f3 con \u00e9l para darle explicaciones sobre la desaparici\u00f3n de su hermano.<\/p>\n<p>El joven desaparecido el martes durante la represi\u00f3n a los mapuches, pertenece a la comunidad Lof de Cushamen, en Chubut. Su hermano confirm\u00f3 que ayer efectivos de Prefectura Nacional rastrillaron la zona e instalaron la versi\u00f3n de que Maldonado, nunca hab\u00eda cruzado el r\u00edo, argumento utilizado para plantear que se hab\u00eda ahogado y justificar su desaparici\u00f3n. \u00abAcuso a Gendarmer\u00eda por la desaparici\u00f3n de mi hermano\u00bb, afirm\u00f3 Sergio Maldonado.<\/p>\n<p><strong>\u201cNo se lo llev\u00f3 el r\u00edo o se lo trag\u00f3 el agua. A \u00e9l lo capturan, le pegan y lo llevan en una camioneta blanca, con signo de Gendarmer\u00eda. Y desde ah\u00ed no se sabe m\u00e1s nada\u201d,<\/strong>\u00a0detall\u00f3 el hermano del joven desaparecido al cumplirse cinco d\u00edas de la represi\u00f3n a la comunidad mapuche.<\/p>\n<p>Sergo Maldonado exige que autoridades nacionales se comuniquen con la familia y se haga cargo: \u00abEl Estado debe darme una respuesta por la desaparici\u00f3n de Santiago\u00bb, se\u00f1al\u00f3. Tambi\u00e9n coment\u00f3 el llamativo silencio de la prensa en este caso:\u00a0<strong>\u00abLa desaparici\u00f3n de mi hermano es ignorada por el medio m\u00e1s importante del pa\u00eds\u00bb.<\/strong><\/p>\n<p>El joven desaparecido es oriundo de Buenos Aires pero vive en El Bols\u00f3n y hab\u00eda ido a la comunidad el d\u00eda anterior a la represi\u00f3n para quedarse a dormir en la casa de un integrante de la comunidad. Santiago apoya la causa de los mapuches y se cree que hab\u00eda llegado hasta all\u00ed por la Red de apoyo a las Lof (comunidades) en resistencia del departamento de Cushamen.<\/p>\n<p>Desde el Centro de Estudios Legales y Sociales (CELS) pidi\u00f3 este s\u00e1bado una acci\u00f3n urgente al Comit\u00e9 contra la Desaparici\u00f3n Forzada de Naciones Unidas para que el Estado argentino tome de manera inmediata todas las medidas necesarias para buscar y localizar a Santiago Maldonado.<\/p>\n<p>\u00abTambi\u00e9n solicitamos que se adopten medidas concretas para proteger a la comunidad mapuche Pu Lof en Resistencia, en el departamento de Cushamen, provincia de Chubut. El pedido fue realizado en coordinaci\u00f3n con la familia de Maldonado y su abogada Ver\u00f3nica Heredia\u00bb, expres\u00f3 el organismo en un comunicado.<\/p><\/div>\n<\/div>\n<div>Fuente:\u00a0http:\/\/www.politicargentina.com\/notas\/201708\/22087-el-hermano-del-joven-desaparecido-durante-la-represion-a-mapuches-responsabilizo-a-gendarmeria-se-llevaron-a-una-persona-y-ahora-dicen-que-no-la-tienen.html<\/div>\n<\/div>\n","protected":false},"excerpt":{"rendered":"<p>Chubut.-Sergio Maldonado asegur\u00f3 que a Santiago \u201cno se lo llev\u00f3 el r\u00edo o se lo trag\u00f3 el agua.<\/p>\n","protected":false},"author":2,"featured_media":32906,"comment_status":"open","ping_status":"open","sticky":false,"template":"","format":"standard","meta":{"site-sidebar-layout":"default","site-content-layout":"","ast-site-content-layout":"default","site-content-style":"default","site-sidebar-style":"default","ast-global-header-display":"","ast-banner-title-visibility":"","ast-main-header-display":"","ast-hfb-above-header-display":"","ast-hfb-below-header-display":"","ast-hfb-mobile-header-display":"","site-post-title":"","ast-breadcrumbs-content":"","ast-featured-img":"","footer-sml-layout":"","ast-disable-related-posts":"","theme-transparent-header-meta":"","adv-header-id-meta":"","stick-header-meta":"","header-above-stick-meta":"","header-main-stick-meta":"","header-below-stick-meta":"","astra-migrate-meta-layouts":"default","ast-page-background-enabled":"default","ast-page-background-meta":{"desktop":{"background-color":"var(--ast-global-color-5)","background-image":"","background-repeat":"repeat","background-position":"center center","background-size":"auto","background-attachment":"scroll","background-type":"","background-media":"","overlay-type":"","overlay-color":"","overlay-opacity":"","overlay-gradient":""},"tablet":{"background-color":"","background-image":"","background-repeat":"repeat","background-position":"center center","background-size":"auto","background-attachment":"scroll","background-type":"","background-media":"","overlay-type":"","overlay-color":"","overlay-opacity":"","overlay-gradient":""},"mobile":{"background-color":"","background-image":"","background-repeat":"repeat","background-position":"center center","background-size":"auto","background-attachment":"scroll","background-type":"","background-media":"","overlay-type":"","overlay-color":"","overlay-opacity":"","overlay-gradient":""}},"ast-content-background-meta":{"desktop":{"background-color":"var(--ast-global-color-4)","background-image":"","background-repeat":"repeat","background-position":"center center","background-size":"auto","background-attachment":"scroll","background-type":"","background-media":"","overlay-type":"","overlay-color":"","overlay-opacity":"","overlay-gradient":""},"tablet":{"background-color":"var(--ast-global-color-4)","background-image":"","background-repeat":"repeat","background-position":"center center","background-size":"auto","background-attachment":"scroll","background-type":"","background-media":"","overlay-type":"","overlay-color":"","overlay-opacity":"","overlay-gradient":""},"mobile":{"background-color":"var(--ast-global-color-4)","background-image":"","background-repeat":"repeat","background-position":"center center","background-size":"auto","background-attachment":"scroll","background-type":"","background-media":"","overlay-type":"","overlay-color":"","overlay-opacity":"","overlay-gradient":""}},"footnotes":""},"categories":[23,1],"tags":[],"class_list":["post-32905","post","type-post","status-publish","format-standard","has-post-thumbnail","hentry","category-internacionales","category-noticias"],"yoast_head":"<!-- This site is optimized with the Yoast SEO Premium plugin v23.0 (Yoast SEO v27.4) - https:\/\/yoast.com\/product\/yoast-seo-premium-wordpress\/ -->\n<title>El hermano del joven desaparecido durante la represi\u00f3n a mapuches responsabiliz\u00f3 a Gendarmer\u00eda: &quot;Se llevaron a una persona y ahora dicen que no la tienen&quot;<\/title>\n<meta name=\"robots\" content=\"index, follow, max-snippet:-1, max-image-preview:large, max-video-preview:-1\" \/>\n<link rel=\"canonical\" href=\"https:\/\/patagoniambiental.com.ar\/info\/el-hermano-del-joven-desaparecido-durante-la-represion-a-mapuches-responsabilizo-a-gendarmeria-se-llevaron-a-una-persona-y-ahora-dicen-que-no-la-tienen\/\" \/>\n<meta property=\"og:locale\" content=\"es_ES\" \/>\n<meta property=\"og:type\" content=\"article\" \/>\n<meta property=\"og:title\" content=\"El hermano del joven desaparecido durante la represi\u00f3n a mapuches responsabiliz\u00f3 a Gendarmer\u00eda: &quot;Se llevaron a una persona y ahora dicen que no la tienen&quot;\" \/>\n<meta property=\"og:description\" content=\"Chubut.-Sergio Maldonado asegur\u00f3 que a Santiago \u201cno se lo llev\u00f3 el r\u00edo o se lo trag\u00f3 el agua.\" \/>\n<meta property=\"og:url\" content=\"https:\/\/patagoniambiental.com.ar\/info\/el-hermano-del-joven-desaparecido-durante-la-represion-a-mapuches-responsabilizo-a-gendarmeria-se-llevaron-a-una-persona-y-ahora-dicen-que-no-la-tienen\/\" \/>\n<meta property=\"og:site_name\" content=\"Patagonia Ambiental\" \/>\n<meta property=\"article:publisher\" content=\"https:\/\/www.facebook.com\/patagonia.ambiental\" \/>\n<meta property=\"article:author\" content=\"https:\/\/www.facebook.com\/share\/1C1V8Gv9BX\/?mibextid=qi2Omg\" \/>\n<meta property=\"article:published_time\" content=\"2017-08-08T22:00:43+00:00\" \/>\n<meta property=\"og:image\" content=\"https:\/\/patagoniambiental.com.ar\/info\/wp-content\/uploads\/2017\/08\/5987435fd1a4e_750x500.jpg\" \/>\n\t<meta property=\"og:image:width\" content=\"750\" \/>\n\t<meta property=\"og:image:height\" content=\"500\" \/>\n\t<meta property=\"og:image:type\" content=\"image\/jpeg\" \/>\n<meta name=\"author\" content=\"Patagonia Ambiental\" \/>\n<meta name=\"twitter:card\" content=\"summary_large_image\" \/>\n<meta name=\"twitter:creator\" content=\"@PatAmb\" \/>\n<meta name=\"twitter:site\" content=\"@PatAmb\" \/>\n<script type=\"application\/ld+json\" class=\"yoast-schema-graph\">{\"@context\":\"https:\\\/\\\/schema.org\",\"@graph\":[{\"@type\":\"Article\",\"@id\":\"https:\\\/\\\/patagoniambiental.com.ar\\\/info\\\/el-hermano-del-joven-desaparecido-durante-la-represion-a-mapuches-responsabilizo-a-gendarmeria-se-llevaron-a-una-persona-y-ahora-dicen-que-no-la-tienen\\\/#article\",\"isPartOf\":{\"@id\":\"https:\\\/\\\/patagoniambiental.com.ar\\\/info\\\/el-hermano-del-joven-desaparecido-durante-la-represion-a-mapuches-responsabilizo-a-gendarmeria-se-llevaron-a-una-persona-y-ahora-dicen-que-no-la-tienen\\\/\"},\"author\":{\"name\":\"Patagonia Ambiental\",\"@id\":\"https:\\\/\\\/patagoniambiental.com.ar\\\/info\\\/#\\\/schema\\\/person\\\/db12bff64bbcbf6a253710bf0ea37b5d\"},\"headline\":\"El hermano del joven desaparecido durante la represi\u00f3n a mapuches responsabiliz\u00f3 a Gendarmer\u00eda: \u00abSe llevaron a una persona y ahora dicen que no la tienen\u00bb\",\"datePublished\":\"2017-08-08T22:00:43+00:00\",\"mainEntityOfPage\":{\"@id\":\"https:\\\/\\\/patagoniambiental.com.ar\\\/info\\\/el-hermano-del-joven-desaparecido-durante-la-represion-a-mapuches-responsabilizo-a-gendarmeria-se-llevaron-a-una-persona-y-ahora-dicen-que-no-la-tienen\\\/\"},\"wordCount\":534,\"commentCount\":0,\"publisher\":{\"@id\":\"https:\\\/\\\/patagoniambiental.com.ar\\\/info\\\/#organization\"},\"image\":{\"@id\":\"https:\\\/\\\/patagoniambiental.com.ar\\\/info\\\/el-hermano-del-joven-desaparecido-durante-la-represion-a-mapuches-responsabilizo-a-gendarmeria-se-llevaron-a-una-persona-y-ahora-dicen-que-no-la-tienen\\\/#primaryimage\"},\"thumbnailUrl\":\"https:\\\/\\\/patagoniambiental.com.ar\\\/info\\\/wp-content\\\/uploads\\\/2017\\\/08\\\/5987435fd1a4e_750x500.jpg\",\"articleSection\":[\"Internacionales\",\"Noticias\"],\"inLanguage\":\"es\",\"potentialAction\":[{\"@type\":\"CommentAction\",\"name\":\"Comment\",\"target\":[\"https:\\\/\\\/patagoniambiental.com.ar\\\/info\\\/el-hermano-del-joven-desaparecido-durante-la-represion-a-mapuches-responsabilizo-a-gendarmeria-se-llevaron-a-una-persona-y-ahora-dicen-que-no-la-tienen\\\/#respond\"]}]},{\"@type\":\"WebPage\",\"@id\":\"https:\\\/\\\/patagoniambiental.com.ar\\\/info\\\/el-hermano-del-joven-desaparecido-durante-la-represion-a-mapuches-responsabilizo-a-gendarmeria-se-llevaron-a-una-persona-y-ahora-dicen-que-no-la-tienen\\\/\",\"url\":\"https:\\\/\\\/patagoniambiental.com.ar\\\/info\\\/el-hermano-del-joven-desaparecido-durante-la-represion-a-mapuches-responsabilizo-a-gendarmeria-se-llevaron-a-una-persona-y-ahora-dicen-que-no-la-tienen\\\/\",\"name\":\"El hermano del joven desaparecido durante la represi\u00f3n a mapuches responsabiliz\u00f3 a Gendarmer\u00eda: \\\"Se llevaron a una persona y ahora dicen que no la tienen\\\"\",\"isPartOf\":{\"@id\":\"https:\\\/\\\/patagoniambiental.com.ar\\\/info\\\/#website\"},\"primaryImageOfPage\":{\"@id\":\"https:\\\/\\\/patagoniambiental.com.ar\\\/info\\\/el-hermano-del-joven-desaparecido-durante-la-represion-a-mapuches-responsabilizo-a-gendarmeria-se-llevaron-a-una-persona-y-ahora-dicen-que-no-la-tienen\\\/#primaryimage\"},\"image\":{\"@id\":\"https:\\\/\\\/patagoniambiental.com.ar\\\/info\\\/el-hermano-del-joven-desaparecido-durante-la-represion-a-mapuches-responsabilizo-a-gendarmeria-se-llevaron-a-una-persona-y-ahora-dicen-que-no-la-tienen\\\/#primaryimage\"},\"thumbnailUrl\":\"https:\\\/\\\/patagoniambiental.com.ar\\\/info\\\/wp-content\\\/uploads\\\/2017\\\/08\\\/5987435fd1a4e_750x500.jpg\",\"datePublished\":\"2017-08-08T22:00:43+00:00\",\"breadcrumb\":{\"@id\":\"https:\\\/\\\/patagoniambiental.com.ar\\\/info\\\/el-hermano-del-joven-desaparecido-durante-la-represion-a-mapuches-responsabilizo-a-gendarmeria-se-llevaron-a-una-persona-y-ahora-dicen-que-no-la-tienen\\\/#breadcrumb\"},\"inLanguage\":\"es\",\"potentialAction\":[{\"@type\":\"ReadAction\",\"target\":[\"https:\\\/\\\/patagoniambiental.com.ar\\\/info\\\/el-hermano-del-joven-desaparecido-durante-la-represion-a-mapuches-responsabilizo-a-gendarmeria-se-llevaron-a-una-persona-y-ahora-dicen-que-no-la-tienen\\\/\"]}]},{\"@type\":\"ImageObject\",\"inLanguage\":\"es\",\"@id\":\"https:\\\/\\\/patagoniambiental.com.ar\\\/info\\\/el-hermano-del-joven-desaparecido-durante-la-represion-a-mapuches-responsabilizo-a-gendarmeria-se-llevaron-a-una-persona-y-ahora-dicen-que-no-la-tienen\\\/#primaryimage\",\"url\":\"https:\\\/\\\/patagoniambiental.com.ar\\\/info\\\/wp-content\\\/uploads\\\/2017\\\/08\\\/5987435fd1a4e_750x500.jpg\",\"contentUrl\":\"https:\\\/\\\/patagoniambiental.com.ar\\\/info\\\/wp-content\\\/uploads\\\/2017\\\/08\\\/5987435fd1a4e_750x500.jpg\",\"width\":750,\"height\":500},{\"@type\":\"BreadcrumbList\",\"@id\":\"https:\\\/\\\/patagoniambiental.com.ar\\\/info\\\/el-hermano-del-joven-desaparecido-durante-la-represion-a-mapuches-responsabilizo-a-gendarmeria-se-llevaron-a-una-persona-y-ahora-dicen-que-no-la-tienen\\\/#breadcrumb\",\"itemListElement\":[{\"@type\":\"ListItem\",\"position\":1,\"name\":\"Inicio\",\"item\":\"https:\\\/\\\/patagoniambiental.com.ar\\\/info\\\/\"},{\"@type\":\"ListItem\",\"position\":2,\"name\":\"El hermano del joven desaparecido durante la represi\u00f3n a mapuches responsabiliz\u00f3 a Gendarmer\u00eda: \u00abSe llevaron a una persona y ahora dicen que no la tienen\u00bb\"}]},{\"@type\":\"WebSite\",\"@id\":\"https:\\\/\\\/patagoniambiental.com.ar\\\/info\\\/#website\",\"url\":\"https:\\\/\\\/patagoniambiental.com.ar\\\/info\\\/\",\"name\":\"Patagonia Ambiental\",\"description\":\"Monitoreo y an\u00e1lisis de la situaci\u00f3n geopol\u00edtica en el mundo y su implicancia en la Patagonia\",\"publisher\":{\"@id\":\"https:\\\/\\\/patagoniambiental.com.ar\\\/info\\\/#organization\"},\"potentialAction\":[{\"@type\":\"SearchAction\",\"target\":{\"@type\":\"EntryPoint\",\"urlTemplate\":\"https:\\\/\\\/patagoniambiental.com.ar\\\/info\\\/?s={search_term_string}\"},\"query-input\":{\"@type\":\"PropertyValueSpecification\",\"valueRequired\":true,\"valueName\":\"search_term_string\"}}],\"inLanguage\":\"es\"},{\"@type\":\"Organization\",\"@id\":\"https:\\\/\\\/patagoniambiental.com.ar\\\/info\\\/#organization\",\"name\":\"Patagonia Ambiental\",\"url\":\"https:\\\/\\\/patagoniambiental.com.ar\\\/info\\\/\",\"logo\":{\"@type\":\"ImageObject\",\"inLanguage\":\"es\",\"@id\":\"https:\\\/\\\/patagoniambiental.com.ar\\\/info\\\/#\\\/schema\\\/logo\\\/image\\\/\",\"url\":\"https:\\\/\\\/patagoniambiental.com.ar\\\/info\\\/wp-content\\\/uploads\\\/2025\\\/05\\\/LOGO-PATAGONIA-AMBIENTAL.png\",\"contentUrl\":\"https:\\\/\\\/patagoniambiental.com.ar\\\/info\\\/wp-content\\\/uploads\\\/2025\\\/05\\\/LOGO-PATAGONIA-AMBIENTAL.png\",\"width\":433,\"height\":250,\"caption\":\"Patagonia Ambiental\"},\"image\":{\"@id\":\"https:\\\/\\\/patagoniambiental.com.ar\\\/info\\\/#\\\/schema\\\/logo\\\/image\\\/\"},\"sameAs\":[\"https:\\\/\\\/www.facebook.com\\\/patagonia.ambiental\",\"https:\\\/\\\/x.com\\\/PatAmb\"]},{\"@type\":\"Person\",\"@id\":\"https:\\\/\\\/patagoniambiental.com.ar\\\/info\\\/#\\\/schema\\\/person\\\/db12bff64bbcbf6a253710bf0ea37b5d\",\"name\":\"Patagonia Ambiental\",\"description\":\"Andr\u00e9s Nievas T\u00e9cnico en manejo ambiental, consultor Ambiental y escritor para medios locales e internacionales sobre temas de geopolitica y medio ambiente.\",\"sameAs\":[\"http:\\\/\\\/www.patagoniambiental.com.ar\",\"https:\\\/\\\/www.facebook.com\\\/share\\\/1C1V8Gv9BX\\\/?mibextid=qi2Omg\",\"@patagoniambiental\",\"https:\\\/\\\/youtube.com\\\/@patagoniaambiental2023?si=BLt58t0wuXquxlYZ\"]}]}<\/script>\n<!-- \/ Yoast SEO Premium plugin. -->","yoast_head_json":{"title":"El hermano del joven desaparecido durante la represi\u00f3n a mapuches responsabiliz\u00f3 a Gendarmer\u00eda: \"Se llevaron a una persona y ahora dicen que no la tienen\"","robots":{"index":"index","follow":"follow","max-snippet":"max-snippet:-1","max-image-preview":"max-image-preview:large","max-video-preview":"max-video-preview:-1"},"canonical":"https:\/\/patagoniambiental.com.ar\/info\/el-hermano-del-joven-desaparecido-durante-la-represion-a-mapuches-responsabilizo-a-gendarmeria-se-llevaron-a-una-persona-y-ahora-dicen-que-no-la-tienen\/","og_locale":"es_ES","og_type":"article","og_title":"El hermano del joven desaparecido durante la represi\u00f3n a mapuches responsabiliz\u00f3 a Gendarmer\u00eda: \"Se llevaron a una persona y ahora dicen que no la tienen\"","og_description":"Chubut.-Sergio Maldonado asegur\u00f3 que a Santiago \u201cno se lo llev\u00f3 el r\u00edo o se lo trag\u00f3 el agua.","og_url":"https:\/\/patagoniambiental.com.ar\/info\/el-hermano-del-joven-desaparecido-durante-la-represion-a-mapuches-responsabilizo-a-gendarmeria-se-llevaron-a-una-persona-y-ahora-dicen-que-no-la-tienen\/","og_site_name":"Patagonia Ambiental","article_publisher":"https:\/\/www.facebook.com\/patagonia.ambiental","article_author":"https:\/\/www.facebook.com\/share\/1C1V8Gv9BX\/?mibextid=qi2Omg","article_published_time":"2017-08-08T22:00:43+00:00","og_image":[{"width":750,"height":500,"url":"https:\/\/patagoniambiental.com.ar\/info\/wp-content\/uploads\/2017\/08\/5987435fd1a4e_750x500.jpg","type":"image\/jpeg"}],"author":"Patagonia Ambiental","twitter_card":"summary_large_image","twitter_creator":"@PatAmb","twitter_site":"@PatAmb","schema":{"@context":"https:\/\/schema.org","@graph":[{"@type":"Article","@id":"https:\/\/patagoniambiental.com.ar\/info\/el-hermano-del-joven-desaparecido-durante-la-represion-a-mapuches-responsabilizo-a-gendarmeria-se-llevaron-a-una-persona-y-ahora-dicen-que-no-la-tienen\/#article","isPartOf":{"@id":"https:\/\/patagoniambiental.com.ar\/info\/el-hermano-del-joven-desaparecido-durante-la-represion-a-mapuches-responsabilizo-a-gendarmeria-se-llevaron-a-una-persona-y-ahora-dicen-que-no-la-tienen\/"},"author":{"name":"Patagonia Ambiental","@id":"https:\/\/patagoniambiental.com.ar\/info\/#\/schema\/person\/db12bff64bbcbf6a253710bf0ea37b5d"},"headline":"El hermano del joven desaparecido durante la represi\u00f3n a mapuches responsabiliz\u00f3 a Gendarmer\u00eda: \u00abSe llevaron a una persona y ahora dicen que no la tienen\u00bb","datePublished":"2017-08-08T22:00:43+00:00","mainEntityOfPage":{"@id":"https:\/\/patagoniambiental.com.ar\/info\/el-hermano-del-joven-desaparecido-durante-la-represion-a-mapuches-responsabilizo-a-gendarmeria-se-llevaron-a-una-persona-y-ahora-dicen-que-no-la-tienen\/"},"wordCount":534,"commentCount":0,"publisher":{"@id":"https:\/\/patagoniambiental.com.ar\/info\/#organization"},"image":{"@id":"https:\/\/patagoniambiental.com.ar\/info\/el-hermano-del-joven-desaparecido-durante-la-represion-a-mapuches-responsabilizo-a-gendarmeria-se-llevaron-a-una-persona-y-ahora-dicen-que-no-la-tienen\/#primaryimage"},"thumbnailUrl":"https:\/\/patagoniambiental.com.ar\/info\/wp-content\/uploads\/2017\/08\/5987435fd1a4e_750x500.jpg","articleSection":["Internacionales","Noticias"],"inLanguage":"es","potentialAction":[{"@type":"CommentAction","name":"Comment","target":["https:\/\/patagoniambiental.com.ar\/info\/el-hermano-del-joven-desaparecido-durante-la-represion-a-mapuches-responsabilizo-a-gendarmeria-se-llevaron-a-una-persona-y-ahora-dicen-que-no-la-tienen\/#respond"]}]},{"@type":"WebPage","@id":"https:\/\/patagoniambiental.com.ar\/info\/el-hermano-del-joven-desaparecido-durante-la-represion-a-mapuches-responsabilizo-a-gendarmeria-se-llevaron-a-una-persona-y-ahora-dicen-que-no-la-tienen\/","url":"https:\/\/patagoniambiental.com.ar\/info\/el-hermano-del-joven-desaparecido-durante-la-represion-a-mapuches-responsabilizo-a-gendarmeria-se-llevaron-a-una-persona-y-ahora-dicen-que-no-la-tienen\/","name":"El hermano del joven desaparecido durante la represi\u00f3n a mapuches responsabiliz\u00f3 a Gendarmer\u00eda: \"Se llevaron a una persona y ahora dicen que no la tienen\"","isPartOf":{"@id":"https:\/\/patagoniambiental.com.ar\/info\/#website"},"primaryImageOfPage":{"@id":"https:\/\/patagoniambiental.com.ar\/info\/el-hermano-del-joven-desaparecido-durante-la-represion-a-mapuches-responsabilizo-a-gendarmeria-se-llevaron-a-una-persona-y-ahora-dicen-que-no-la-tienen\/#primaryimage"},"image":{"@id":"https:\/\/patagoniambiental.com.ar\/info\/el-hermano-del-joven-desaparecido-durante-la-represion-a-mapuches-responsabilizo-a-gendarmeria-se-llevaron-a-una-persona-y-ahora-dicen-que-no-la-tienen\/#primaryimage"},"thumbnailUrl":"https:\/\/patagoniambiental.com.ar\/info\/wp-content\/uploads\/2017\/08\/5987435fd1a4e_750x500.jpg","datePublished":"2017-08-08T22:00:43+00:00","breadcrumb":{"@id":"https:\/\/patagoniambiental.com.ar\/info\/el-hermano-del-joven-desaparecido-durante-la-represion-a-mapuches-responsabilizo-a-gendarmeria-se-llevaron-a-una-persona-y-ahora-dicen-que-no-la-tienen\/#breadcrumb"},"inLanguage":"es","potentialAction":[{"@type":"ReadAction","target":["https:\/\/patagoniambiental.com.ar\/info\/el-hermano-del-joven-desaparecido-durante-la-represion-a-mapuches-responsabilizo-a-gendarmeria-se-llevaron-a-una-persona-y-ahora-dicen-que-no-la-tienen\/"]}]},{"@type":"ImageObject","inLanguage":"es","@id":"https:\/\/patagoniambiental.com.ar\/info\/el-hermano-del-joven-desaparecido-durante-la-represion-a-mapuches-responsabilizo-a-gendarmeria-se-llevaron-a-una-persona-y-ahora-dicen-que-no-la-tienen\/#primaryimage","url":"https:\/\/patagoniambiental.com.ar\/info\/wp-content\/uploads\/2017\/08\/5987435fd1a4e_750x500.jpg","contentUrl":"https:\/\/patagoniambiental.com.ar\/info\/wp-content\/uploads\/2017\/08\/5987435fd1a4e_750x500.jpg","width":750,"height":500},{"@type":"BreadcrumbList","@id":"https:\/\/patagoniambiental.com.ar\/info\/el-hermano-del-joven-desaparecido-durante-la-represion-a-mapuches-responsabilizo-a-gendarmeria-se-llevaron-a-una-persona-y-ahora-dicen-que-no-la-tienen\/#breadcrumb","itemListElement":[{"@type":"ListItem","position":1,"name":"Inicio","item":"https:\/\/patagoniambiental.com.ar\/info\/"},{"@type":"ListItem","position":2,"name":"El hermano del joven desaparecido durante la represi\u00f3n a mapuches responsabiliz\u00f3 a Gendarmer\u00eda: \u00abSe llevaron a una persona y ahora dicen que no la tienen\u00bb"}]},{"@type":"WebSite","@id":"https:\/\/patagoniambiental.com.ar\/info\/#website","url":"https:\/\/patagoniambiental.com.ar\/info\/","name":"Patagonia Ambiental","description":"Monitoreo y an\u00e1lisis de la situaci\u00f3n geopol\u00edtica en el mundo y su implicancia en la Patagonia","publisher":{"@id":"https:\/\/patagoniambiental.com.ar\/info\/#organization"},"potentialAction":[{"@type":"SearchAction","target":{"@type":"EntryPoint","urlTemplate":"https:\/\/patagoniambiental.com.ar\/info\/?s={search_term_string}"},"query-input":{"@type":"PropertyValueSpecification","valueRequired":true,"valueName":"search_term_string"}}],"inLanguage":"es"},{"@type":"Organization","@id":"https:\/\/patagoniambiental.com.ar\/info\/#organization","name":"Patagonia Ambiental","url":"https:\/\/patagoniambiental.com.ar\/info\/","logo":{"@type":"ImageObject","inLanguage":"es","@id":"https:\/\/patagoniambiental.com.ar\/info\/#\/schema\/logo\/image\/","url":"https:\/\/patagoniambiental.com.ar\/info\/wp-content\/uploads\/2025\/05\/LOGO-PATAGONIA-AMBIENTAL.png","contentUrl":"https:\/\/patagoniambiental.com.ar\/info\/wp-content\/uploads\/2025\/05\/LOGO-PATAGONIA-AMBIENTAL.png","width":433,"height":250,"caption":"Patagonia Ambiental"},"image":{"@id":"https:\/\/patagoniambiental.com.ar\/info\/#\/schema\/logo\/image\/"},"sameAs":["https:\/\/www.facebook.com\/patagonia.ambiental","https:\/\/x.com\/PatAmb"]},{"@type":"Person","@id":"https:\/\/patagoniambiental.com.ar\/info\/#\/schema\/person\/db12bff64bbcbf6a253710bf0ea37b5d","name":"Patagonia Ambiental","description":"Andr\u00e9s Nievas T\u00e9cnico en manejo ambiental, consultor Ambiental y escritor para medios locales e internacionales sobre temas de geopolitica y medio ambiente.","sameAs":["http:\/\/www.patagoniambiental.com.ar","https:\/\/www.facebook.com\/share\/1C1V8Gv9BX\/?mibextid=qi2Omg","@patagoniambiental","https:\/\/youtube.com\/@patagoniaambiental2023?si=BLt58t0wuXquxlYZ"]}]}},"_links":{"self":[{"href":"https:\/\/patagoniambiental.com.ar\/info\/wp-json\/wp\/v2\/posts\/32905","targetHints":{"allow":["GET"]}}],"collection":[{"href":"https:\/\/patagoniambiental.com.ar\/info\/wp-json\/wp\/v2\/posts"}],"about":[{"href":"https:\/\/patagoniambiental.com.ar\/info\/wp-json\/wp\/v2\/types\/post"}],"author":[{"embeddable":true,"href":"https:\/\/patagoniambiental.com.ar\/info\/wp-json\/wp\/v2\/users\/2"}],"replies":[{"embeddable":true,"href":"https:\/\/patagoniambiental.com.ar\/info\/wp-json\/wp\/v2\/comments?post=32905"}],"version-history":[{"count":0,"href":"https:\/\/patagoniambiental.com.ar\/info\/wp-json\/wp\/v2\/posts\/32905\/revisions"}],"wp:featuredmedia":[{"embeddable":true,"href":"https:\/\/patagoniambiental.com.ar\/info\/wp-json\/wp\/v2\/media\/32906"}],"wp:attachment":[{"href":"https:\/\/patagoniambiental.com.ar\/info\/wp-json\/wp\/v2\/media?parent=32905"}],"wp:term":[{"taxonomy":"category","embeddable":true,"href":"https:\/\/patagoniambiental.com.ar\/info\/wp-json\/wp\/v2\/categories?post=32905"},{"taxonomy":"post_tag","embeddable":true,"href":"https:\/\/patagoniambiental.com.ar\/info\/wp-json\/wp\/v2\/tags?post=32905"}],"curies":[{"name":"wp","href":"https:\/\/api.w.org\/{rel}","templated":true}]}}