{"id":32908,"date":"2017-08-08T19:00:21","date_gmt":"2017-08-08T22:00:21","guid":{"rendered":"http:\/\/patagoniambiental.com.ar\/info\/?p=32908"},"modified":"2017-08-08T16:40:42","modified_gmt":"2017-08-08T19:40:42","slug":"onu-exige-al-estado-argentino-que-actue-ante-desaparicion-de-joven-activista","status":"publish","type":"post","link":"https:\/\/patagoniambiental.com.ar\/info\/onu-exige-al-estado-argentino-que-actue-ante-desaparicion-de-joven-activista\/","title":{"rendered":"ONU exige al Estado argentino que act\u00fae ante desaparici\u00f3n de joven activista"},"content":{"rendered":"<div class=\"ng-binding\" data-links-target=\"_blank\">Buenos Aires, 8 ago (Sputnik). &#8211; El Comit\u00e9 de las Naciones Unidas sobre Desapariciones Forzadas exhort\u00f3 al Gobierno argentino de Mauricio Macri que intervenga de inmediato para aclarar la desaparici\u00f3n hace casi una semana del joven activista Santiago Maldonado durante la represi\u00f3n a una comunidad mapuche en la provincia de Chubut (sur), inform\u00f3 el lunes el Centro de Estudios Legales y Sociales (CELS).<\/div>\n<p><!--more--><\/p>\n<div data-links-target=\"_blank\"><\/div>\n<div class=\"ng-binding\" data-links-target=\"_blank\">\n<p>La desaparici\u00f3n de Maldonado exige \u00abla acci\u00f3n urgente del Estado parte para buscarlo y localizarlo\u00bb, se\u00f1al\u00f3 el Comit\u00e9 en una comunicaci\u00f3n dirigida al Gobierno de Macri, seg\u00fan un comunicado del CELS, que hab\u00eda pedido la intervenci\u00f3n de ese \u00f3rgano encargado de supervisar el cumplimiento de la Convenci\u00f3n Internacional para la Protecci\u00f3n de Todas las Personas contra las Desapariciones Forzadas.<\/p>\n<p>El Gobierno, en representaci\u00f3n del Estado argentino, debe adoptar \u00abuna estrategia integral y exhaustiva para la b\u00fasqueda y localizaci\u00f3n\u00bb de Maldonado, a quien se le perdi\u00f3 el rastro el pasado 1 de agosto durante un operativo de desalojo de Gendarmer\u00eda (polic\u00eda de fronteras) contra la comunidad de ind\u00edgenas mapuches Pu Lof, en el departamento chubutense de Cushamen.<\/p>\n<p>La administraci\u00f3n tiene que considerar \u00ablos datos proporcionados por los miembros de la comunidad mapuche Pu Lof presentes durante la acci\u00f3n represiva\u00bb de las fuerzas de seguridad, a\u00f1adi\u00f3 la comunicaci\u00f3n del Comit\u00e9 de las Naciones Unidas al Gobierno.<\/p>\n<p>Por su papel durante lo sucedido, el Comit\u00e9 pide asimismo que la Gendarmer\u00eda \u00abse abstenga de participar en la b\u00fasqueda e investigaci\u00f3n de la desaparici\u00f3n\u00bb.<\/p>\n<p>Tambi\u00e9n se le pide al Gobierno la efectiva conservaci\u00f3n de todas las pruebas de la pesquisa y la concesi\u00f3n de medidas cautelares para proteger a los familiares de Maldonado y a los miembros de la comunidad Pu Lof en la localidad de Resistencia.<\/p>\n<p>El Poder Ejecutivo argentino deber\u00e1 informar al Comit\u00e9 \u00absobre las acciones tomadas por las autoridades competentes del Estado parte para localizarlo (a Maldonado), para aclarar su desaparici\u00f3n y para garantizar que est\u00e9 bajo la protecci\u00f3n de la ley\u00bb, a\u00f1ade el comunicado del CELS.<\/p>\n<p>M\u00e1s temprano, la ministra argentina de Seguridad, Patricia Bullrich, asegur\u00f3 que ni la justicia ni el Gobierno ten\u00edan constancia de que la Gendarmer\u00eda hubiera detenido a Santiago Maldonado.<\/p>\n<p>Esta organizaci\u00f3n no gubernamental solicit\u00f3 el pasado 5 de agosto al Comit\u00e9 sobre Desapariciones Forzadas que se interesara en este caso y denunci\u00f3 la actuaci\u00f3n de la Gendarmer\u00eda, que \u00abdispar\u00f3 balas de goma y de plomo y no tom\u00f3 ninguna precauci\u00f3n para proteger la vida y la integridad\u00bb de los mapuches.<\/p>\n<p>Maldonado, de 28 a\u00f1os y oriundo de la provincia de Buenos Aires, acompa\u00f1aba por solidaridad a la comunidad mapuche en su ocupaci\u00f3n de un predio entregado a la multinacional Benetton y cuya titularidad reclama este pueblo ind\u00edgena.<\/p>\n<p>Los mapuches exig\u00edan la liberaci\u00f3n de su lonco (jefe), Facundo Jones Huala, detenido desde el 28 de junio y cuya extradici\u00f3n solicitan las autoridades de Chile, pa\u00eds que lo acusa de provocar en enero de 2013 un incendio en el latifundio Pisu Pisu\u00e9, en la regi\u00f3n chilena de Los R\u00edos (suroeste).<\/p>\n<p>La familia del joven y la comunidad mapuche acusan a la Gendarmer\u00eda por la desaparici\u00f3n de Maldonado.<\/p>\n<p>El juez federal Guido Otranto pidi\u00f3 el pasado fin de semana que se presenten \u00ablos datos de los testigos presenciales\u00bb que pudieran haber visto si Santiago Maldonado fue capturado por las fuerzas de seguridad.<\/p>\n<p>El lunes se llev\u00f3 a cabo una manifestaci\u00f3n en las inmediaciones de la sede del Congreso, en Buenos Aires, en la que algunas personas se enfrentaban a unos pocos agentes de seguridad.<\/p><\/div>\n<div data-links-target=\"_blank\"><\/div>\n<div class=\"ng-binding\" data-links-target=\"_blank\">Fuente: Sputnik<\/div>\n<p>&nbsp;<\/p>\n","protected":false},"excerpt":{"rendered":"<p>Buenos Aires, 8 ago (Sputnik). &#8211; El Comit\u00e9 de las Naciones Unidas sobre Desapariciones Forzadas exhort\u00f3 al Gobierno argentino de [&hellip;]<\/p>\n","protected":false},"author":2,"featured_media":32909,"comment_status":"open","ping_status":"open","sticky":false,"template":"","format":"standard","meta":{"site-sidebar-layout":"default","site-content-layout":"","ast-site-content-layout":"default","site-content-style":"default","site-sidebar-style":"default","ast-global-header-display":"","ast-banner-title-visibility":"","ast-main-header-display":"","ast-hfb-above-header-display":"","ast-hfb-below-header-display":"","ast-hfb-mobile-header-display":"","site-post-title":"","ast-breadcrumbs-content":"","ast-featured-img":"","footer-sml-layout":"","ast-disable-related-posts":"","theme-transparent-header-meta":"","adv-header-id-meta":"","stick-header-meta":"","header-above-stick-meta":"","header-main-stick-meta":"","header-below-stick-meta":"","astra-migrate-meta-layouts":"default","ast-page-background-enabled":"default","ast-page-background-meta":{"desktop":{"background-color":"var(--ast-global-color-5)","background-image":"","background-repeat":"repeat","background-position":"center center","background-size":"auto","background-attachment":"scroll","background-type":"","background-media":"","overlay-type":"","overlay-color":"","overlay-opacity":"","overlay-gradient":""},"tablet":{"background-color":"","background-image":"","background-repeat":"repeat","background-position":"center center","background-size":"auto","background-attachment":"scroll","background-type":"","background-media":"","overlay-type":"","overlay-color":"","overlay-opacity":"","overlay-gradient":""},"mobile":{"background-color":"","background-image":"","background-repeat":"repeat","background-position":"center center","background-size":"auto","background-attachment":"scroll","background-type":"","background-media":"","overlay-type":"","overlay-color":"","overlay-opacity":"","overlay-gradient":""}},"ast-content-background-meta":{"desktop":{"background-color":"var(--ast-global-color-4)","background-image":"","background-repeat":"repeat","background-position":"center center","background-size":"auto","background-attachment":"scroll","background-type":"","background-media":"","overlay-type":"","overlay-color":"","overlay-opacity":"","overlay-gradient":""},"tablet":{"background-color":"var(--ast-global-color-4)","background-image":"","background-repeat":"repeat","background-position":"center center","background-size":"auto","background-attachment":"scroll","background-type":"","background-media":"","overlay-type":"","overlay-color":"","overlay-opacity":"","overlay-gradient":""},"mobile":{"background-color":"var(--ast-global-color-4)","background-image":"","background-repeat":"repeat","background-position":"center center","background-size":"auto","background-attachment":"scroll","background-type":"","background-media":"","overlay-type":"","overlay-color":"","overlay-opacity":"","overlay-gradient":""}},"footnotes":""},"categories":[23,1],"tags":[],"class_list":["post-32908","post","type-post","status-publish","format-standard","has-post-thumbnail","hentry","category-internacionales","category-noticias"],"yoast_head":"<!-- This site is optimized with the Yoast SEO Premium plugin v23.0 (Yoast SEO v27.4) - https:\/\/yoast.com\/product\/yoast-seo-premium-wordpress\/ -->\n<title>ONU exige al Estado argentino que act\u00fae ante desaparici\u00f3n de joven activista<\/title>\n<meta name=\"robots\" content=\"index, follow, max-snippet:-1, max-image-preview:large, max-video-preview:-1\" \/>\n<link rel=\"canonical\" href=\"https:\/\/patagoniambiental.com.ar\/info\/onu-exige-al-estado-argentino-que-actue-ante-desaparicion-de-joven-activista\/\" \/>\n<meta property=\"og:locale\" content=\"es_ES\" \/>\n<meta property=\"og:type\" content=\"article\" \/>\n<meta property=\"og:title\" content=\"ONU exige al Estado argentino que act\u00fae ante desaparici\u00f3n de joven activista\" \/>\n<meta property=\"og:description\" content=\"Buenos Aires, 8 ago (Sputnik). &#8211; El Comit\u00e9 de las Naciones Unidas sobre Desapariciones Forzadas exhort\u00f3 al Gobierno argentino de [&hellip;]\" \/>\n<meta property=\"og:url\" content=\"https:\/\/patagoniambiental.com.ar\/info\/onu-exige-al-estado-argentino-que-actue-ante-desaparicion-de-joven-activista\/\" \/>\n<meta property=\"og:site_name\" content=\"Patagonia Ambiental\" \/>\n<meta property=\"article:publisher\" content=\"https:\/\/www.facebook.com\/patagonia.ambiental\" \/>\n<meta property=\"article:author\" content=\"https:\/\/www.facebook.com\/share\/1C1V8Gv9BX\/?mibextid=qi2Omg\" \/>\n<meta property=\"article:published_time\" content=\"2017-08-08T22:00:21+00:00\" \/>\n<meta property=\"og:image\" content=\"https:\/\/patagoniambiental.com.ar\/info\/wp-content\/uploads\/2017\/08\/SJB0x1Lw-_930x525.jpg\" \/>\n\t<meta property=\"og:image:width\" content=\"930\" \/>\n\t<meta property=\"og:image:height\" content=\"525\" \/>\n\t<meta property=\"og:image:type\" content=\"image\/jpeg\" \/>\n<meta name=\"author\" content=\"Patagonia Ambiental\" \/>\n<meta name=\"twitter:card\" content=\"summary_large_image\" \/>\n<meta name=\"twitter:creator\" content=\"@PatAmb\" \/>\n<meta name=\"twitter:site\" content=\"@PatAmb\" \/>\n<script type=\"application\/ld+json\" class=\"yoast-schema-graph\">{\"@context\":\"https:\\\/\\\/schema.org\",\"@graph\":[{\"@type\":\"Article\",\"@id\":\"https:\\\/\\\/patagoniambiental.com.ar\\\/info\\\/onu-exige-al-estado-argentino-que-actue-ante-desaparicion-de-joven-activista\\\/#article\",\"isPartOf\":{\"@id\":\"https:\\\/\\\/patagoniambiental.com.ar\\\/info\\\/onu-exige-al-estado-argentino-que-actue-ante-desaparicion-de-joven-activista\\\/\"},\"author\":{\"name\":\"Patagonia Ambiental\",\"@id\":\"https:\\\/\\\/patagoniambiental.com.ar\\\/info\\\/#\\\/schema\\\/person\\\/db12bff64bbcbf6a253710bf0ea37b5d\"},\"headline\":\"ONU exige al Estado argentino que act\u00fae ante desaparici\u00f3n de joven activista\",\"datePublished\":\"2017-08-08T22:00:21+00:00\",\"mainEntityOfPage\":{\"@id\":\"https:\\\/\\\/patagoniambiental.com.ar\\\/info\\\/onu-exige-al-estado-argentino-que-actue-ante-desaparicion-de-joven-activista\\\/\"},\"wordCount\":640,\"commentCount\":0,\"publisher\":{\"@id\":\"https:\\\/\\\/patagoniambiental.com.ar\\\/info\\\/#organization\"},\"image\":{\"@id\":\"https:\\\/\\\/patagoniambiental.com.ar\\\/info\\\/onu-exige-al-estado-argentino-que-actue-ante-desaparicion-de-joven-activista\\\/#primaryimage\"},\"thumbnailUrl\":\"https:\\\/\\\/patagoniambiental.com.ar\\\/info\\\/wp-content\\\/uploads\\\/2017\\\/08\\\/SJB0x1Lw-_930x525.jpg\",\"articleSection\":[\"Internacionales\",\"Noticias\"],\"inLanguage\":\"es\",\"potentialAction\":[{\"@type\":\"CommentAction\",\"name\":\"Comment\",\"target\":[\"https:\\\/\\\/patagoniambiental.com.ar\\\/info\\\/onu-exige-al-estado-argentino-que-actue-ante-desaparicion-de-joven-activista\\\/#respond\"]}]},{\"@type\":\"WebPage\",\"@id\":\"https:\\\/\\\/patagoniambiental.com.ar\\\/info\\\/onu-exige-al-estado-argentino-que-actue-ante-desaparicion-de-joven-activista\\\/\",\"url\":\"https:\\\/\\\/patagoniambiental.com.ar\\\/info\\\/onu-exige-al-estado-argentino-que-actue-ante-desaparicion-de-joven-activista\\\/\",\"name\":\"ONU exige al Estado argentino que act\u00fae ante desaparici\u00f3n de joven activista\",\"isPartOf\":{\"@id\":\"https:\\\/\\\/patagoniambiental.com.ar\\\/info\\\/#website\"},\"primaryImageOfPage\":{\"@id\":\"https:\\\/\\\/patagoniambiental.com.ar\\\/info\\\/onu-exige-al-estado-argentino-que-actue-ante-desaparicion-de-joven-activista\\\/#primaryimage\"},\"image\":{\"@id\":\"https:\\\/\\\/patagoniambiental.com.ar\\\/info\\\/onu-exige-al-estado-argentino-que-actue-ante-desaparicion-de-joven-activista\\\/#primaryimage\"},\"thumbnailUrl\":\"https:\\\/\\\/patagoniambiental.com.ar\\\/info\\\/wp-content\\\/uploads\\\/2017\\\/08\\\/SJB0x1Lw-_930x525.jpg\",\"datePublished\":\"2017-08-08T22:00:21+00:00\",\"breadcrumb\":{\"@id\":\"https:\\\/\\\/patagoniambiental.com.ar\\\/info\\\/onu-exige-al-estado-argentino-que-actue-ante-desaparicion-de-joven-activista\\\/#breadcrumb\"},\"inLanguage\":\"es\",\"potentialAction\":[{\"@type\":\"ReadAction\",\"target\":[\"https:\\\/\\\/patagoniambiental.com.ar\\\/info\\\/onu-exige-al-estado-argentino-que-actue-ante-desaparicion-de-joven-activista\\\/\"]}]},{\"@type\":\"ImageObject\",\"inLanguage\":\"es\",\"@id\":\"https:\\\/\\\/patagoniambiental.com.ar\\\/info\\\/onu-exige-al-estado-argentino-que-actue-ante-desaparicion-de-joven-activista\\\/#primaryimage\",\"url\":\"https:\\\/\\\/patagoniambiental.com.ar\\\/info\\\/wp-content\\\/uploads\\\/2017\\\/08\\\/SJB0x1Lw-_930x525.jpg\",\"contentUrl\":\"https:\\\/\\\/patagoniambiental.com.ar\\\/info\\\/wp-content\\\/uploads\\\/2017\\\/08\\\/SJB0x1Lw-_930x525.jpg\",\"width\":930,\"height\":525},{\"@type\":\"BreadcrumbList\",\"@id\":\"https:\\\/\\\/patagoniambiental.com.ar\\\/info\\\/onu-exige-al-estado-argentino-que-actue-ante-desaparicion-de-joven-activista\\\/#breadcrumb\",\"itemListElement\":[{\"@type\":\"ListItem\",\"position\":1,\"name\":\"Inicio\",\"item\":\"https:\\\/\\\/patagoniambiental.com.ar\\\/info\\\/\"},{\"@type\":\"ListItem\",\"position\":2,\"name\":\"ONU exige al Estado argentino que act\u00fae ante desaparici\u00f3n de joven activista\"}]},{\"@type\":\"WebSite\",\"@id\":\"https:\\\/\\\/patagoniambiental.com.ar\\\/info\\\/#website\",\"url\":\"https:\\\/\\\/patagoniambiental.com.ar\\\/info\\\/\",\"name\":\"Patagonia Ambiental\",\"description\":\"Monitoreo y an\u00e1lisis de la situaci\u00f3n geopol\u00edtica en el mundo y su implicancia en la Patagonia\",\"publisher\":{\"@id\":\"https:\\\/\\\/patagoniambiental.com.ar\\\/info\\\/#organization\"},\"potentialAction\":[{\"@type\":\"SearchAction\",\"target\":{\"@type\":\"EntryPoint\",\"urlTemplate\":\"https:\\\/\\\/patagoniambiental.com.ar\\\/info\\\/?s={search_term_string}\"},\"query-input\":{\"@type\":\"PropertyValueSpecification\",\"valueRequired\":true,\"valueName\":\"search_term_string\"}}],\"inLanguage\":\"es\"},{\"@type\":\"Organization\",\"@id\":\"https:\\\/\\\/patagoniambiental.com.ar\\\/info\\\/#organization\",\"name\":\"Patagonia Ambiental\",\"url\":\"https:\\\/\\\/patagoniambiental.com.ar\\\/info\\\/\",\"logo\":{\"@type\":\"ImageObject\",\"inLanguage\":\"es\",\"@id\":\"https:\\\/\\\/patagoniambiental.com.ar\\\/info\\\/#\\\/schema\\\/logo\\\/image\\\/\",\"url\":\"https:\\\/\\\/patagoniambiental.com.ar\\\/info\\\/wp-content\\\/uploads\\\/2025\\\/05\\\/LOGO-PATAGONIA-AMBIENTAL.png\",\"contentUrl\":\"https:\\\/\\\/patagoniambiental.com.ar\\\/info\\\/wp-content\\\/uploads\\\/2025\\\/05\\\/LOGO-PATAGONIA-AMBIENTAL.png\",\"width\":433,\"height\":250,\"caption\":\"Patagonia Ambiental\"},\"image\":{\"@id\":\"https:\\\/\\\/patagoniambiental.com.ar\\\/info\\\/#\\\/schema\\\/logo\\\/image\\\/\"},\"sameAs\":[\"https:\\\/\\\/www.facebook.com\\\/patagonia.ambiental\",\"https:\\\/\\\/x.com\\\/PatAmb\"]},{\"@type\":\"Person\",\"@id\":\"https:\\\/\\\/patagoniambiental.com.ar\\\/info\\\/#\\\/schema\\\/person\\\/db12bff64bbcbf6a253710bf0ea37b5d\",\"name\":\"Patagonia Ambiental\",\"description\":\"Andr\u00e9s Nievas T\u00e9cnico en manejo ambiental, consultor Ambiental y escritor para medios locales e internacionales sobre temas de geopolitica y medio ambiente.\",\"sameAs\":[\"http:\\\/\\\/www.patagoniambiental.com.ar\",\"https:\\\/\\\/www.facebook.com\\\/share\\\/1C1V8Gv9BX\\\/?mibextid=qi2Omg\",\"@patagoniambiental\",\"https:\\\/\\\/youtube.com\\\/@patagoniaambiental2023?si=BLt58t0wuXquxlYZ\"]}]}<\/script>\n<!-- \/ Yoast SEO Premium plugin. -->","yoast_head_json":{"title":"ONU exige al Estado argentino que act\u00fae ante desaparici\u00f3n de joven activista","robots":{"index":"index","follow":"follow","max-snippet":"max-snippet:-1","max-image-preview":"max-image-preview:large","max-video-preview":"max-video-preview:-1"},"canonical":"https:\/\/patagoniambiental.com.ar\/info\/onu-exige-al-estado-argentino-que-actue-ante-desaparicion-de-joven-activista\/","og_locale":"es_ES","og_type":"article","og_title":"ONU exige al Estado argentino que act\u00fae ante desaparici\u00f3n de joven activista","og_description":"Buenos Aires, 8 ago (Sputnik). &#8211; El Comit\u00e9 de las Naciones Unidas sobre Desapariciones Forzadas exhort\u00f3 al Gobierno argentino de [&hellip;]","og_url":"https:\/\/patagoniambiental.com.ar\/info\/onu-exige-al-estado-argentino-que-actue-ante-desaparicion-de-joven-activista\/","og_site_name":"Patagonia Ambiental","article_publisher":"https:\/\/www.facebook.com\/patagonia.ambiental","article_author":"https:\/\/www.facebook.com\/share\/1C1V8Gv9BX\/?mibextid=qi2Omg","article_published_time":"2017-08-08T22:00:21+00:00","og_image":[{"width":930,"height":525,"url":"https:\/\/patagoniambiental.com.ar\/info\/wp-content\/uploads\/2017\/08\/SJB0x1Lw-_930x525.jpg","type":"image\/jpeg"}],"author":"Patagonia Ambiental","twitter_card":"summary_large_image","twitter_creator":"@PatAmb","twitter_site":"@PatAmb","schema":{"@context":"https:\/\/schema.org","@graph":[{"@type":"Article","@id":"https:\/\/patagoniambiental.com.ar\/info\/onu-exige-al-estado-argentino-que-actue-ante-desaparicion-de-joven-activista\/#article","isPartOf":{"@id":"https:\/\/patagoniambiental.com.ar\/info\/onu-exige-al-estado-argentino-que-actue-ante-desaparicion-de-joven-activista\/"},"author":{"name":"Patagonia Ambiental","@id":"https:\/\/patagoniambiental.com.ar\/info\/#\/schema\/person\/db12bff64bbcbf6a253710bf0ea37b5d"},"headline":"ONU exige al Estado argentino que act\u00fae ante desaparici\u00f3n de joven activista","datePublished":"2017-08-08T22:00:21+00:00","mainEntityOfPage":{"@id":"https:\/\/patagoniambiental.com.ar\/info\/onu-exige-al-estado-argentino-que-actue-ante-desaparicion-de-joven-activista\/"},"wordCount":640,"commentCount":0,"publisher":{"@id":"https:\/\/patagoniambiental.com.ar\/info\/#organization"},"image":{"@id":"https:\/\/patagoniambiental.com.ar\/info\/onu-exige-al-estado-argentino-que-actue-ante-desaparicion-de-joven-activista\/#primaryimage"},"thumbnailUrl":"https:\/\/patagoniambiental.com.ar\/info\/wp-content\/uploads\/2017\/08\/SJB0x1Lw-_930x525.jpg","articleSection":["Internacionales","Noticias"],"inLanguage":"es","potentialAction":[{"@type":"CommentAction","name":"Comment","target":["https:\/\/patagoniambiental.com.ar\/info\/onu-exige-al-estado-argentino-que-actue-ante-desaparicion-de-joven-activista\/#respond"]}]},{"@type":"WebPage","@id":"https:\/\/patagoniambiental.com.ar\/info\/onu-exige-al-estado-argentino-que-actue-ante-desaparicion-de-joven-activista\/","url":"https:\/\/patagoniambiental.com.ar\/info\/onu-exige-al-estado-argentino-que-actue-ante-desaparicion-de-joven-activista\/","name":"ONU exige al Estado argentino que act\u00fae ante desaparici\u00f3n de joven activista","isPartOf":{"@id":"https:\/\/patagoniambiental.com.ar\/info\/#website"},"primaryImageOfPage":{"@id":"https:\/\/patagoniambiental.com.ar\/info\/onu-exige-al-estado-argentino-que-actue-ante-desaparicion-de-joven-activista\/#primaryimage"},"image":{"@id":"https:\/\/patagoniambiental.com.ar\/info\/onu-exige-al-estado-argentino-que-actue-ante-desaparicion-de-joven-activista\/#primaryimage"},"thumbnailUrl":"https:\/\/patagoniambiental.com.ar\/info\/wp-content\/uploads\/2017\/08\/SJB0x1Lw-_930x525.jpg","datePublished":"2017-08-08T22:00:21+00:00","breadcrumb":{"@id":"https:\/\/patagoniambiental.com.ar\/info\/onu-exige-al-estado-argentino-que-actue-ante-desaparicion-de-joven-activista\/#breadcrumb"},"inLanguage":"es","potentialAction":[{"@type":"ReadAction","target":["https:\/\/patagoniambiental.com.ar\/info\/onu-exige-al-estado-argentino-que-actue-ante-desaparicion-de-joven-activista\/"]}]},{"@type":"ImageObject","inLanguage":"es","@id":"https:\/\/patagoniambiental.com.ar\/info\/onu-exige-al-estado-argentino-que-actue-ante-desaparicion-de-joven-activista\/#primaryimage","url":"https:\/\/patagoniambiental.com.ar\/info\/wp-content\/uploads\/2017\/08\/SJB0x1Lw-_930x525.jpg","contentUrl":"https:\/\/patagoniambiental.com.ar\/info\/wp-content\/uploads\/2017\/08\/SJB0x1Lw-_930x525.jpg","width":930,"height":525},{"@type":"BreadcrumbList","@id":"https:\/\/patagoniambiental.com.ar\/info\/onu-exige-al-estado-argentino-que-actue-ante-desaparicion-de-joven-activista\/#breadcrumb","itemListElement":[{"@type":"ListItem","position":1,"name":"Inicio","item":"https:\/\/patagoniambiental.com.ar\/info\/"},{"@type":"ListItem","position":2,"name":"ONU exige al Estado argentino que act\u00fae ante desaparici\u00f3n de joven activista"}]},{"@type":"WebSite","@id":"https:\/\/patagoniambiental.com.ar\/info\/#website","url":"https:\/\/patagoniambiental.com.ar\/info\/","name":"Patagonia Ambiental","description":"Monitoreo y an\u00e1lisis de la situaci\u00f3n geopol\u00edtica en el mundo y su implicancia en la Patagonia","publisher":{"@id":"https:\/\/patagoniambiental.com.ar\/info\/#organization"},"potentialAction":[{"@type":"SearchAction","target":{"@type":"EntryPoint","urlTemplate":"https:\/\/patagoniambiental.com.ar\/info\/?s={search_term_string}"},"query-input":{"@type":"PropertyValueSpecification","valueRequired":true,"valueName":"search_term_string"}}],"inLanguage":"es"},{"@type":"Organization","@id":"https:\/\/patagoniambiental.com.ar\/info\/#organization","name":"Patagonia Ambiental","url":"https:\/\/patagoniambiental.com.ar\/info\/","logo":{"@type":"ImageObject","inLanguage":"es","@id":"https:\/\/patagoniambiental.com.ar\/info\/#\/schema\/logo\/image\/","url":"https:\/\/patagoniambiental.com.ar\/info\/wp-content\/uploads\/2025\/05\/LOGO-PATAGONIA-AMBIENTAL.png","contentUrl":"https:\/\/patagoniambiental.com.ar\/info\/wp-content\/uploads\/2025\/05\/LOGO-PATAGONIA-AMBIENTAL.png","width":433,"height":250,"caption":"Patagonia Ambiental"},"image":{"@id":"https:\/\/patagoniambiental.com.ar\/info\/#\/schema\/logo\/image\/"},"sameAs":["https:\/\/www.facebook.com\/patagonia.ambiental","https:\/\/x.com\/PatAmb"]},{"@type":"Person","@id":"https:\/\/patagoniambiental.com.ar\/info\/#\/schema\/person\/db12bff64bbcbf6a253710bf0ea37b5d","name":"Patagonia Ambiental","description":"Andr\u00e9s Nievas T\u00e9cnico en manejo ambiental, consultor Ambiental y escritor para medios locales e internacionales sobre temas de geopolitica y medio ambiente.","sameAs":["http:\/\/www.patagoniambiental.com.ar","https:\/\/www.facebook.com\/share\/1C1V8Gv9BX\/?mibextid=qi2Omg","@patagoniambiental","https:\/\/youtube.com\/@patagoniaambiental2023?si=BLt58t0wuXquxlYZ"]}]}},"_links":{"self":[{"href":"https:\/\/patagoniambiental.com.ar\/info\/wp-json\/wp\/v2\/posts\/32908","targetHints":{"allow":["GET"]}}],"collection":[{"href":"https:\/\/patagoniambiental.com.ar\/info\/wp-json\/wp\/v2\/posts"}],"about":[{"href":"https:\/\/patagoniambiental.com.ar\/info\/wp-json\/wp\/v2\/types\/post"}],"author":[{"embeddable":true,"href":"https:\/\/patagoniambiental.com.ar\/info\/wp-json\/wp\/v2\/users\/2"}],"replies":[{"embeddable":true,"href":"https:\/\/patagoniambiental.com.ar\/info\/wp-json\/wp\/v2\/comments?post=32908"}],"version-history":[{"count":0,"href":"https:\/\/patagoniambiental.com.ar\/info\/wp-json\/wp\/v2\/posts\/32908\/revisions"}],"wp:featuredmedia":[{"embeddable":true,"href":"https:\/\/patagoniambiental.com.ar\/info\/wp-json\/wp\/v2\/media\/32909"}],"wp:attachment":[{"href":"https:\/\/patagoniambiental.com.ar\/info\/wp-json\/wp\/v2\/media?parent=32908"}],"wp:term":[{"taxonomy":"category","embeddable":true,"href":"https:\/\/patagoniambiental.com.ar\/info\/wp-json\/wp\/v2\/categories?post=32908"},{"taxonomy":"post_tag","embeddable":true,"href":"https:\/\/patagoniambiental.com.ar\/info\/wp-json\/wp\/v2\/tags?post=32908"}],"curies":[{"name":"wp","href":"https:\/\/api.w.org\/{rel}","templated":true}]}}