{"id":32911,"date":"2017-08-08T19:00:12","date_gmt":"2017-08-08T22:00:12","guid":{"rendered":"http:\/\/patagoniambiental.com.ar\/info\/?p=32911"},"modified":"2017-08-08T16:43:55","modified_gmt":"2017-08-08T19:43:55","slug":"sputnik-novosti-gobierno-argentino-niega-que-gendarmeria-detuviera-a-joven-desaparecido","status":"publish","type":"post","link":"https:\/\/patagoniambiental.com.ar\/info\/sputnik-novosti-gobierno-argentino-niega-que-gendarmeria-detuviera-a-joven-desaparecido\/","title":{"rendered":"SPUTNIK N\u00d3VOSTI  Gobierno argentino niega que Gendarmer\u00eda detuviera a joven desaparecido"},"content":{"rendered":"<div data-select-text=\"\">\n<p class=\"ng-binding\">\n<div class=\"ng-binding\" data-links-target=\"_blank\">Buenos Aires, 7 ago (Sputnik). &#8211; La ministra argentina de Seguridad, Patricia Bullrich, asegur\u00f3 que ni la justicia ni el Gobierno tienen constancia de que Gendarmer\u00eda detuviera a un joven activista, llamado Santiago Maldonado, durante una represi\u00f3n contra una comunidad mapuche en la provincia de Chubut (sur), aunque varios organismos de derechos humanos afirman lo contrario.<!--more--><\/div>\n<div data-links-target=\"_blank\"><\/div>\n<div class=\"ng-binding\" data-links-target=\"_blank\">\n\u00abEl juez dice que no hay ning\u00fan indicio de que fue la Gendarmer\u00eda quien lo tom\u00f3 a Maldonado (&#8230;), nosotros tampoco\u00bb, indic\u00f3 la funcionaria en declaraciones a Radio La Red.<\/p>\n<p>Sin embargo, la ministra reconoci\u00f3 que las fuerzas de seguridad llevaron adelante un operativo de desalojo ordenado por el juez federal Guido Otranto el 1 de agosto contra la comunidad de mapuches Pu Lof del departamento de Cushamen \u00abfrente a hechos de violencia extrema como la quema de casas de puesteros y una estaci\u00f3n de tren\u00bb.<\/p>\n<p>Maldonado, un joven argentino de 28 a\u00f1os, se encontraba junto con los mapuches en un campamento de este territorio que reclama la multinacional Benetton cuando Gendarmer\u00eda intervino \u00abdisparando balas de goma y destruyendo todo a su paso\u00bb, seg\u00fan la Comisi\u00f3n Provincial por la Memoria (CPM).<\/p>\n<p>Este organismo de derechos humanos ha presentado un h\u00e1beas corpus para exigir la aparici\u00f3n con vida del activista, dado que seg\u00fan varios testigos, \u00abcuando intentaba escapar de la represi\u00f3n, Santiago fue alcanzado por un grupo de gendarmes que primero lo redujo en el suelo y despu\u00e9s lo subi\u00f3 a una camioneta blanca\u00bb.<\/p>\n<p>El reclamo de la CPM es apoyado por la Liga Argentina por los Derechos del Hombre (APDH), Madres de Plaza de Mayo-L\u00ednea Fundadora y la Liga por los derechos del hombre.<\/p>\n<p>Otra entidad, el Centro de Estudios Legales y Sociales, solicit\u00f3 al Comit\u00e9 contra la Desaparici\u00f3n Forzada de Naciones Unidas que se involucre en este caso.<\/p>\n<p>El juez Otranto pidi\u00f3 el pasado fin de semana que estas organizaciones presenten \u00ablos datos de los &#8216;testigos presenciales&#8217; que habr\u00edan visto cuando Santiago Maldonado era capturado por Gendarmer\u00eda Nacional\u00bb.<\/p>\n<p>\u00abEn este sentido, tambi\u00e9n se reitera que el juzgado dispondr\u00e1 las medidas que resulten adecuadas para resguardar la identidad de estas personas si, como se sostiene, tienen temor a represalias por comparecer en esta instancia\u00bb, a\u00f1adi\u00f3 el magistrado en un comunicado.<\/p>\n<p>Varias agrupaciones sociales se manifiestan esta tarde frente al Congreso en la ciudad de Buenos Aires para reclamar por Maldonado.<\/p>\n<p>El caso tiene cada vez m\u00e1s repercusi\u00f3n en un pa\u00eds que acude a las urnas este domingo para elegir a los candidatos de las elecciones parlamentarias que se celebrar\u00e1n el 22 de octubre.<\/p><\/div>\n<div data-links-target=\"_blank\"><\/div>\n<div class=\"ng-binding\" data-links-target=\"_blank\">Fuente: Sputnik<\/div>\n<\/div>\n<p>&nbsp;<\/p>\n","protected":false},"excerpt":{"rendered":"<p>Buenos Aires, 7 ago (Sputnik). &#8211; La ministra argentina de Seguridad, Patricia Bullrich, asegur\u00f3 que ni la justicia ni el [&hellip;]<\/p>\n","protected":false},"author":2,"featured_media":32912,"comment_status":"open","ping_status":"open","sticky":false,"template":"","format":"standard","meta":{"site-sidebar-layout":"default","site-content-layout":"","ast-site-content-layout":"default","site-content-style":"default","site-sidebar-style":"default","ast-global-header-display":"","ast-banner-title-visibility":"","ast-main-header-display":"","ast-hfb-above-header-display":"","ast-hfb-below-header-display":"","ast-hfb-mobile-header-display":"","site-post-title":"","ast-breadcrumbs-content":"","ast-featured-img":"","footer-sml-layout":"","ast-disable-related-posts":"","theme-transparent-header-meta":"","adv-header-id-meta":"","stick-header-meta":"","header-above-stick-meta":"","header-main-stick-meta":"","header-below-stick-meta":"","astra-migrate-meta-layouts":"default","ast-page-background-enabled":"default","ast-page-background-meta":{"desktop":{"background-color":"var(--ast-global-color-5)","background-image":"","background-repeat":"repeat","background-position":"center center","background-size":"auto","background-attachment":"scroll","background-type":"","background-media":"","overlay-type":"","overlay-color":"","overlay-opacity":"","overlay-gradient":""},"tablet":{"background-color":"","background-image":"","background-repeat":"repeat","background-position":"center center","background-size":"auto","background-attachment":"scroll","background-type":"","background-media":"","overlay-type":"","overlay-color":"","overlay-opacity":"","overlay-gradient":""},"mobile":{"background-color":"","background-image":"","background-repeat":"repeat","background-position":"center center","background-size":"auto","background-attachment":"scroll","background-type":"","background-media":"","overlay-type":"","overlay-color":"","overlay-opacity":"","overlay-gradient":""}},"ast-content-background-meta":{"desktop":{"background-color":"var(--ast-global-color-4)","background-image":"","background-repeat":"repeat","background-position":"center center","background-size":"auto","background-attachment":"scroll","background-type":"","background-media":"","overlay-type":"","overlay-color":"","overlay-opacity":"","overlay-gradient":""},"tablet":{"background-color":"var(--ast-global-color-4)","background-image":"","background-repeat":"repeat","background-position":"center center","background-size":"auto","background-attachment":"scroll","background-type":"","background-media":"","overlay-type":"","overlay-color":"","overlay-opacity":"","overlay-gradient":""},"mobile":{"background-color":"var(--ast-global-color-4)","background-image":"","background-repeat":"repeat","background-position":"center center","background-size":"auto","background-attachment":"scroll","background-type":"","background-media":"","overlay-type":"","overlay-color":"","overlay-opacity":"","overlay-gradient":""}},"footnotes":""},"categories":[23,1],"tags":[],"class_list":["post-32911","post","type-post","status-publish","format-standard","has-post-thumbnail","hentry","category-internacionales","category-noticias"],"yoast_head":"<!-- This site is optimized with the Yoast SEO Premium plugin v23.0 (Yoast SEO v27.4) - https:\/\/yoast.com\/product\/yoast-seo-premium-wordpress\/ -->\n<title>SPUTNIK N\u00d3VOSTI Gobierno argentino niega que Gendarmer\u00eda detuviera a joven desaparecido<\/title>\n<meta name=\"robots\" content=\"index, follow, max-snippet:-1, max-image-preview:large, max-video-preview:-1\" \/>\n<link rel=\"canonical\" href=\"https:\/\/patagoniambiental.com.ar\/info\/sputnik-novosti-gobierno-argentino-niega-que-gendarmeria-detuviera-a-joven-desaparecido\/\" \/>\n<meta property=\"og:locale\" content=\"es_ES\" \/>\n<meta property=\"og:type\" content=\"article\" \/>\n<meta property=\"og:title\" content=\"SPUTNIK N\u00d3VOSTI Gobierno argentino niega que Gendarmer\u00eda detuviera a joven desaparecido\" \/>\n<meta property=\"og:description\" content=\"Buenos Aires, 7 ago (Sputnik). &#8211; La ministra argentina de Seguridad, Patricia Bullrich, asegur\u00f3 que ni la justicia ni el [&hellip;]\" \/>\n<meta property=\"og:url\" content=\"https:\/\/patagoniambiental.com.ar\/info\/sputnik-novosti-gobierno-argentino-niega-que-gendarmeria-detuviera-a-joven-desaparecido\/\" \/>\n<meta property=\"og:site_name\" content=\"Patagonia Ambiental\" \/>\n<meta property=\"article:publisher\" content=\"https:\/\/www.facebook.com\/patagonia.ambiental\" \/>\n<meta property=\"article:author\" content=\"https:\/\/www.facebook.com\/share\/1C1V8Gv9BX\/?mibextid=qi2Omg\" \/>\n<meta property=\"article:published_time\" content=\"2017-08-08T22:00:12+00:00\" \/>\n<meta property=\"og:image\" content=\"https:\/\/patagoniambiental.com.ar\/info\/wp-content\/uploads\/2017\/08\/santiago-maldonado.jpg\" \/>\n\t<meta property=\"og:image:width\" content=\"752\" \/>\n\t<meta property=\"og:image:height\" content=\"490\" \/>\n\t<meta property=\"og:image:type\" content=\"image\/jpeg\" \/>\n<meta name=\"author\" content=\"Patagonia Ambiental\" \/>\n<meta name=\"twitter:card\" content=\"summary_large_image\" \/>\n<meta name=\"twitter:creator\" content=\"@PatAmb\" \/>\n<meta name=\"twitter:site\" content=\"@PatAmb\" \/>\n<script type=\"application\/ld+json\" class=\"yoast-schema-graph\">{\"@context\":\"https:\\\/\\\/schema.org\",\"@graph\":[{\"@type\":\"Article\",\"@id\":\"https:\\\/\\\/patagoniambiental.com.ar\\\/info\\\/sputnik-novosti-gobierno-argentino-niega-que-gendarmeria-detuviera-a-joven-desaparecido\\\/#article\",\"isPartOf\":{\"@id\":\"https:\\\/\\\/patagoniambiental.com.ar\\\/info\\\/sputnik-novosti-gobierno-argentino-niega-que-gendarmeria-detuviera-a-joven-desaparecido\\\/\"},\"author\":{\"name\":\"Patagonia Ambiental\",\"@id\":\"https:\\\/\\\/patagoniambiental.com.ar\\\/info\\\/#\\\/schema\\\/person\\\/db12bff64bbcbf6a253710bf0ea37b5d\"},\"headline\":\"SPUTNIK N\u00d3VOSTI Gobierno argentino niega que Gendarmer\u00eda detuviera a joven desaparecido\",\"datePublished\":\"2017-08-08T22:00:12+00:00\",\"mainEntityOfPage\":{\"@id\":\"https:\\\/\\\/patagoniambiental.com.ar\\\/info\\\/sputnik-novosti-gobierno-argentino-niega-que-gendarmeria-detuviera-a-joven-desaparecido\\\/\"},\"wordCount\":454,\"commentCount\":0,\"publisher\":{\"@id\":\"https:\\\/\\\/patagoniambiental.com.ar\\\/info\\\/#organization\"},\"image\":{\"@id\":\"https:\\\/\\\/patagoniambiental.com.ar\\\/info\\\/sputnik-novosti-gobierno-argentino-niega-que-gendarmeria-detuviera-a-joven-desaparecido\\\/#primaryimage\"},\"thumbnailUrl\":\"https:\\\/\\\/patagoniambiental.com.ar\\\/info\\\/wp-content\\\/uploads\\\/2017\\\/08\\\/santiago-maldonado.jpg\",\"articleSection\":[\"Internacionales\",\"Noticias\"],\"inLanguage\":\"es\",\"potentialAction\":[{\"@type\":\"CommentAction\",\"name\":\"Comment\",\"target\":[\"https:\\\/\\\/patagoniambiental.com.ar\\\/info\\\/sputnik-novosti-gobierno-argentino-niega-que-gendarmeria-detuviera-a-joven-desaparecido\\\/#respond\"]}]},{\"@type\":\"WebPage\",\"@id\":\"https:\\\/\\\/patagoniambiental.com.ar\\\/info\\\/sputnik-novosti-gobierno-argentino-niega-que-gendarmeria-detuviera-a-joven-desaparecido\\\/\",\"url\":\"https:\\\/\\\/patagoniambiental.com.ar\\\/info\\\/sputnik-novosti-gobierno-argentino-niega-que-gendarmeria-detuviera-a-joven-desaparecido\\\/\",\"name\":\"SPUTNIK N\u00d3VOSTI Gobierno argentino niega que Gendarmer\u00eda detuviera a joven desaparecido\",\"isPartOf\":{\"@id\":\"https:\\\/\\\/patagoniambiental.com.ar\\\/info\\\/#website\"},\"primaryImageOfPage\":{\"@id\":\"https:\\\/\\\/patagoniambiental.com.ar\\\/info\\\/sputnik-novosti-gobierno-argentino-niega-que-gendarmeria-detuviera-a-joven-desaparecido\\\/#primaryimage\"},\"image\":{\"@id\":\"https:\\\/\\\/patagoniambiental.com.ar\\\/info\\\/sputnik-novosti-gobierno-argentino-niega-que-gendarmeria-detuviera-a-joven-desaparecido\\\/#primaryimage\"},\"thumbnailUrl\":\"https:\\\/\\\/patagoniambiental.com.ar\\\/info\\\/wp-content\\\/uploads\\\/2017\\\/08\\\/santiago-maldonado.jpg\",\"datePublished\":\"2017-08-08T22:00:12+00:00\",\"breadcrumb\":{\"@id\":\"https:\\\/\\\/patagoniambiental.com.ar\\\/info\\\/sputnik-novosti-gobierno-argentino-niega-que-gendarmeria-detuviera-a-joven-desaparecido\\\/#breadcrumb\"},\"inLanguage\":\"es\",\"potentialAction\":[{\"@type\":\"ReadAction\",\"target\":[\"https:\\\/\\\/patagoniambiental.com.ar\\\/info\\\/sputnik-novosti-gobierno-argentino-niega-que-gendarmeria-detuviera-a-joven-desaparecido\\\/\"]}]},{\"@type\":\"ImageObject\",\"inLanguage\":\"es\",\"@id\":\"https:\\\/\\\/patagoniambiental.com.ar\\\/info\\\/sputnik-novosti-gobierno-argentino-niega-que-gendarmeria-detuviera-a-joven-desaparecido\\\/#primaryimage\",\"url\":\"https:\\\/\\\/patagoniambiental.com.ar\\\/info\\\/wp-content\\\/uploads\\\/2017\\\/08\\\/santiago-maldonado.jpg\",\"contentUrl\":\"https:\\\/\\\/patagoniambiental.com.ar\\\/info\\\/wp-content\\\/uploads\\\/2017\\\/08\\\/santiago-maldonado.jpg\",\"width\":752,\"height\":490,\"caption\":\"http:\\\/\\\/www.agepeba.org\\\/wp-content\\\/uploads\\\/2017\\\/08\\\/santiago-maldonado.jpg\"},{\"@type\":\"BreadcrumbList\",\"@id\":\"https:\\\/\\\/patagoniambiental.com.ar\\\/info\\\/sputnik-novosti-gobierno-argentino-niega-que-gendarmeria-detuviera-a-joven-desaparecido\\\/#breadcrumb\",\"itemListElement\":[{\"@type\":\"ListItem\",\"position\":1,\"name\":\"Inicio\",\"item\":\"https:\\\/\\\/patagoniambiental.com.ar\\\/info\\\/\"},{\"@type\":\"ListItem\",\"position\":2,\"name\":\"SPUTNIK N\u00d3VOSTI Gobierno argentino niega que Gendarmer\u00eda detuviera a joven desaparecido\"}]},{\"@type\":\"WebSite\",\"@id\":\"https:\\\/\\\/patagoniambiental.com.ar\\\/info\\\/#website\",\"url\":\"https:\\\/\\\/patagoniambiental.com.ar\\\/info\\\/\",\"name\":\"Patagonia Ambiental\",\"description\":\"Monitoreo y an\u00e1lisis de la situaci\u00f3n geopol\u00edtica en el mundo y su implicancia en la Patagonia\",\"publisher\":{\"@id\":\"https:\\\/\\\/patagoniambiental.com.ar\\\/info\\\/#organization\"},\"potentialAction\":[{\"@type\":\"SearchAction\",\"target\":{\"@type\":\"EntryPoint\",\"urlTemplate\":\"https:\\\/\\\/patagoniambiental.com.ar\\\/info\\\/?s={search_term_string}\"},\"query-input\":{\"@type\":\"PropertyValueSpecification\",\"valueRequired\":true,\"valueName\":\"search_term_string\"}}],\"inLanguage\":\"es\"},{\"@type\":\"Organization\",\"@id\":\"https:\\\/\\\/patagoniambiental.com.ar\\\/info\\\/#organization\",\"name\":\"Patagonia Ambiental\",\"url\":\"https:\\\/\\\/patagoniambiental.com.ar\\\/info\\\/\",\"logo\":{\"@type\":\"ImageObject\",\"inLanguage\":\"es\",\"@id\":\"https:\\\/\\\/patagoniambiental.com.ar\\\/info\\\/#\\\/schema\\\/logo\\\/image\\\/\",\"url\":\"https:\\\/\\\/patagoniambiental.com.ar\\\/info\\\/wp-content\\\/uploads\\\/2025\\\/05\\\/LOGO-PATAGONIA-AMBIENTAL.png\",\"contentUrl\":\"https:\\\/\\\/patagoniambiental.com.ar\\\/info\\\/wp-content\\\/uploads\\\/2025\\\/05\\\/LOGO-PATAGONIA-AMBIENTAL.png\",\"width\":433,\"height\":250,\"caption\":\"Patagonia Ambiental\"},\"image\":{\"@id\":\"https:\\\/\\\/patagoniambiental.com.ar\\\/info\\\/#\\\/schema\\\/logo\\\/image\\\/\"},\"sameAs\":[\"https:\\\/\\\/www.facebook.com\\\/patagonia.ambiental\",\"https:\\\/\\\/x.com\\\/PatAmb\"]},{\"@type\":\"Person\",\"@id\":\"https:\\\/\\\/patagoniambiental.com.ar\\\/info\\\/#\\\/schema\\\/person\\\/db12bff64bbcbf6a253710bf0ea37b5d\",\"name\":\"Patagonia Ambiental\",\"description\":\"Andr\u00e9s Nievas T\u00e9cnico en manejo ambiental, consultor Ambiental y escritor para medios locales e internacionales sobre temas de geopolitica y medio ambiente.\",\"sameAs\":[\"http:\\\/\\\/www.patagoniambiental.com.ar\",\"https:\\\/\\\/www.facebook.com\\\/share\\\/1C1V8Gv9BX\\\/?mibextid=qi2Omg\",\"@patagoniambiental\",\"https:\\\/\\\/youtube.com\\\/@patagoniaambiental2023?si=BLt58t0wuXquxlYZ\"]}]}<\/script>\n<!-- \/ Yoast SEO Premium plugin. -->","yoast_head_json":{"title":"SPUTNIK N\u00d3VOSTI Gobierno argentino niega que Gendarmer\u00eda detuviera a joven desaparecido","robots":{"index":"index","follow":"follow","max-snippet":"max-snippet:-1","max-image-preview":"max-image-preview:large","max-video-preview":"max-video-preview:-1"},"canonical":"https:\/\/patagoniambiental.com.ar\/info\/sputnik-novosti-gobierno-argentino-niega-que-gendarmeria-detuviera-a-joven-desaparecido\/","og_locale":"es_ES","og_type":"article","og_title":"SPUTNIK N\u00d3VOSTI Gobierno argentino niega que Gendarmer\u00eda detuviera a joven desaparecido","og_description":"Buenos Aires, 7 ago (Sputnik). &#8211; La ministra argentina de Seguridad, Patricia Bullrich, asegur\u00f3 que ni la justicia ni el [&hellip;]","og_url":"https:\/\/patagoniambiental.com.ar\/info\/sputnik-novosti-gobierno-argentino-niega-que-gendarmeria-detuviera-a-joven-desaparecido\/","og_site_name":"Patagonia Ambiental","article_publisher":"https:\/\/www.facebook.com\/patagonia.ambiental","article_author":"https:\/\/www.facebook.com\/share\/1C1V8Gv9BX\/?mibextid=qi2Omg","article_published_time":"2017-08-08T22:00:12+00:00","og_image":[{"width":752,"height":490,"url":"https:\/\/patagoniambiental.com.ar\/info\/wp-content\/uploads\/2017\/08\/santiago-maldonado.jpg","type":"image\/jpeg"}],"author":"Patagonia Ambiental","twitter_card":"summary_large_image","twitter_creator":"@PatAmb","twitter_site":"@PatAmb","schema":{"@context":"https:\/\/schema.org","@graph":[{"@type":"Article","@id":"https:\/\/patagoniambiental.com.ar\/info\/sputnik-novosti-gobierno-argentino-niega-que-gendarmeria-detuviera-a-joven-desaparecido\/#article","isPartOf":{"@id":"https:\/\/patagoniambiental.com.ar\/info\/sputnik-novosti-gobierno-argentino-niega-que-gendarmeria-detuviera-a-joven-desaparecido\/"},"author":{"name":"Patagonia Ambiental","@id":"https:\/\/patagoniambiental.com.ar\/info\/#\/schema\/person\/db12bff64bbcbf6a253710bf0ea37b5d"},"headline":"SPUTNIK N\u00d3VOSTI Gobierno argentino niega que Gendarmer\u00eda detuviera a joven desaparecido","datePublished":"2017-08-08T22:00:12+00:00","mainEntityOfPage":{"@id":"https:\/\/patagoniambiental.com.ar\/info\/sputnik-novosti-gobierno-argentino-niega-que-gendarmeria-detuviera-a-joven-desaparecido\/"},"wordCount":454,"commentCount":0,"publisher":{"@id":"https:\/\/patagoniambiental.com.ar\/info\/#organization"},"image":{"@id":"https:\/\/patagoniambiental.com.ar\/info\/sputnik-novosti-gobierno-argentino-niega-que-gendarmeria-detuviera-a-joven-desaparecido\/#primaryimage"},"thumbnailUrl":"https:\/\/patagoniambiental.com.ar\/info\/wp-content\/uploads\/2017\/08\/santiago-maldonado.jpg","articleSection":["Internacionales","Noticias"],"inLanguage":"es","potentialAction":[{"@type":"CommentAction","name":"Comment","target":["https:\/\/patagoniambiental.com.ar\/info\/sputnik-novosti-gobierno-argentino-niega-que-gendarmeria-detuviera-a-joven-desaparecido\/#respond"]}]},{"@type":"WebPage","@id":"https:\/\/patagoniambiental.com.ar\/info\/sputnik-novosti-gobierno-argentino-niega-que-gendarmeria-detuviera-a-joven-desaparecido\/","url":"https:\/\/patagoniambiental.com.ar\/info\/sputnik-novosti-gobierno-argentino-niega-que-gendarmeria-detuviera-a-joven-desaparecido\/","name":"SPUTNIK N\u00d3VOSTI Gobierno argentino niega que Gendarmer\u00eda detuviera a joven desaparecido","isPartOf":{"@id":"https:\/\/patagoniambiental.com.ar\/info\/#website"},"primaryImageOfPage":{"@id":"https:\/\/patagoniambiental.com.ar\/info\/sputnik-novosti-gobierno-argentino-niega-que-gendarmeria-detuviera-a-joven-desaparecido\/#primaryimage"},"image":{"@id":"https:\/\/patagoniambiental.com.ar\/info\/sputnik-novosti-gobierno-argentino-niega-que-gendarmeria-detuviera-a-joven-desaparecido\/#primaryimage"},"thumbnailUrl":"https:\/\/patagoniambiental.com.ar\/info\/wp-content\/uploads\/2017\/08\/santiago-maldonado.jpg","datePublished":"2017-08-08T22:00:12+00:00","breadcrumb":{"@id":"https:\/\/patagoniambiental.com.ar\/info\/sputnik-novosti-gobierno-argentino-niega-que-gendarmeria-detuviera-a-joven-desaparecido\/#breadcrumb"},"inLanguage":"es","potentialAction":[{"@type":"ReadAction","target":["https:\/\/patagoniambiental.com.ar\/info\/sputnik-novosti-gobierno-argentino-niega-que-gendarmeria-detuviera-a-joven-desaparecido\/"]}]},{"@type":"ImageObject","inLanguage":"es","@id":"https:\/\/patagoniambiental.com.ar\/info\/sputnik-novosti-gobierno-argentino-niega-que-gendarmeria-detuviera-a-joven-desaparecido\/#primaryimage","url":"https:\/\/patagoniambiental.com.ar\/info\/wp-content\/uploads\/2017\/08\/santiago-maldonado.jpg","contentUrl":"https:\/\/patagoniambiental.com.ar\/info\/wp-content\/uploads\/2017\/08\/santiago-maldonado.jpg","width":752,"height":490,"caption":"http:\/\/www.agepeba.org\/wp-content\/uploads\/2017\/08\/santiago-maldonado.jpg"},{"@type":"BreadcrumbList","@id":"https:\/\/patagoniambiental.com.ar\/info\/sputnik-novosti-gobierno-argentino-niega-que-gendarmeria-detuviera-a-joven-desaparecido\/#breadcrumb","itemListElement":[{"@type":"ListItem","position":1,"name":"Inicio","item":"https:\/\/patagoniambiental.com.ar\/info\/"},{"@type":"ListItem","position":2,"name":"SPUTNIK N\u00d3VOSTI Gobierno argentino niega que Gendarmer\u00eda detuviera a joven desaparecido"}]},{"@type":"WebSite","@id":"https:\/\/patagoniambiental.com.ar\/info\/#website","url":"https:\/\/patagoniambiental.com.ar\/info\/","name":"Patagonia Ambiental","description":"Monitoreo y an\u00e1lisis de la situaci\u00f3n geopol\u00edtica en el mundo y su implicancia en la Patagonia","publisher":{"@id":"https:\/\/patagoniambiental.com.ar\/info\/#organization"},"potentialAction":[{"@type":"SearchAction","target":{"@type":"EntryPoint","urlTemplate":"https:\/\/patagoniambiental.com.ar\/info\/?s={search_term_string}"},"query-input":{"@type":"PropertyValueSpecification","valueRequired":true,"valueName":"search_term_string"}}],"inLanguage":"es"},{"@type":"Organization","@id":"https:\/\/patagoniambiental.com.ar\/info\/#organization","name":"Patagonia Ambiental","url":"https:\/\/patagoniambiental.com.ar\/info\/","logo":{"@type":"ImageObject","inLanguage":"es","@id":"https:\/\/patagoniambiental.com.ar\/info\/#\/schema\/logo\/image\/","url":"https:\/\/patagoniambiental.com.ar\/info\/wp-content\/uploads\/2025\/05\/LOGO-PATAGONIA-AMBIENTAL.png","contentUrl":"https:\/\/patagoniambiental.com.ar\/info\/wp-content\/uploads\/2025\/05\/LOGO-PATAGONIA-AMBIENTAL.png","width":433,"height":250,"caption":"Patagonia Ambiental"},"image":{"@id":"https:\/\/patagoniambiental.com.ar\/info\/#\/schema\/logo\/image\/"},"sameAs":["https:\/\/www.facebook.com\/patagonia.ambiental","https:\/\/x.com\/PatAmb"]},{"@type":"Person","@id":"https:\/\/patagoniambiental.com.ar\/info\/#\/schema\/person\/db12bff64bbcbf6a253710bf0ea37b5d","name":"Patagonia Ambiental","description":"Andr\u00e9s Nievas T\u00e9cnico en manejo ambiental, consultor Ambiental y escritor para medios locales e internacionales sobre temas de geopolitica y medio ambiente.","sameAs":["http:\/\/www.patagoniambiental.com.ar","https:\/\/www.facebook.com\/share\/1C1V8Gv9BX\/?mibextid=qi2Omg","@patagoniambiental","https:\/\/youtube.com\/@patagoniaambiental2023?si=BLt58t0wuXquxlYZ"]}]}},"_links":{"self":[{"href":"https:\/\/patagoniambiental.com.ar\/info\/wp-json\/wp\/v2\/posts\/32911","targetHints":{"allow":["GET"]}}],"collection":[{"href":"https:\/\/patagoniambiental.com.ar\/info\/wp-json\/wp\/v2\/posts"}],"about":[{"href":"https:\/\/patagoniambiental.com.ar\/info\/wp-json\/wp\/v2\/types\/post"}],"author":[{"embeddable":true,"href":"https:\/\/patagoniambiental.com.ar\/info\/wp-json\/wp\/v2\/users\/2"}],"replies":[{"embeddable":true,"href":"https:\/\/patagoniambiental.com.ar\/info\/wp-json\/wp\/v2\/comments?post=32911"}],"version-history":[{"count":0,"href":"https:\/\/patagoniambiental.com.ar\/info\/wp-json\/wp\/v2\/posts\/32911\/revisions"}],"wp:featuredmedia":[{"embeddable":true,"href":"https:\/\/patagoniambiental.com.ar\/info\/wp-json\/wp\/v2\/media\/32912"}],"wp:attachment":[{"href":"https:\/\/patagoniambiental.com.ar\/info\/wp-json\/wp\/v2\/media?parent=32911"}],"wp:term":[{"taxonomy":"category","embeddable":true,"href":"https:\/\/patagoniambiental.com.ar\/info\/wp-json\/wp\/v2\/categories?post=32911"},{"taxonomy":"post_tag","embeddable":true,"href":"https:\/\/patagoniambiental.com.ar\/info\/wp-json\/wp\/v2\/tags?post=32911"}],"curies":[{"name":"wp","href":"https:\/\/api.w.org\/{rel}","templated":true}]}}