{"id":32927,"date":"2017-08-09T09:00:36","date_gmt":"2017-08-09T12:00:36","guid":{"rendered":"http:\/\/patagoniambiental.com.ar\/info\/?p=32927"},"modified":"2017-08-08T19:48:29","modified_gmt":"2017-08-08T22:48:29","slug":"obispos-patagonicos-no-estan-dadas-las-condiciones-para-la-planta-nuclear","status":"publish","type":"post","link":"https:\/\/patagoniambiental.com.ar\/info\/obispos-patagonicos-no-estan-dadas-las-condiciones-para-la-planta-nuclear\/","title":{"rendered":"Obispos patag\u00f3nicos: \u201cNo est\u00e1n dadas las condiciones\u201d para la planta nuclear"},"content":{"rendered":"<div class=\"contenedor\">\n<div class=\"caja_nota\">\n<div class=\"caja_nota_texto\">\n<p align=\"JUSTIFY\">NEUQUEN.- Los Obispos de la Patagonia se reunieron en Neuqu\u00e9n, y debatieron en torno a la \u201cconveniencia o no de instalar una planta nuclear\u201d en la Provincia de R\u00edo Negro.<\/p>\n<p align=\"JUSTIFY\">Tras evaluar distintos aspectos del proyecto, concluyeron que \u201choy no est\u00e1n dadas las condiciones para realizar este emprendimiento\u201d, ya que \u201ces imprescindible que en todo emprendimiento en la Patagonia, actual o futuro, se tenga en cuenta la protecci\u00f3n de los habitantes y el cuidado de la casa com\u00fan\u201d.<\/p>\n<p align=\"JUSTIFY\">En su an\u00e1lisis, \u201creconocieron los los argumentos que se presentan a favor de dicha planta nuclear\u201d, y enumeraron, entre ellos \u201cla necesidad que tiene el pa\u00eds de m\u00e1s energ\u00eda el\u00e9ctrica; la oportunidad laboral que brindar\u00e1 esa planta; la urgencia de generar otros tipos de energ\u00eda que no emita gases de efecto invernadero; y los insumos m\u00e9dicos que se obtienen\u201d.<\/p>\n<p align=\"JUSTIFY\">Sin embargo, consideraron los planteos en contra de la instalaci\u00f3n, como la producci\u00f3n de \u201cresiduos radioactivos peligrosos por mucho tiempo\u201d. Adem\u00e1s, enumeraron que \u201cimplica un costo muy alto; las consecuencias de una falla o accidente son grav\u00edsimas e irreparables; y la poca confianza en la efectividad de los controles\u201d.<\/p>\n<p align=\"JUSTIFY\">Para los Obispos, \u201cla Patagonia tiene un potencial natural que no puede ser puesto en peligro. Por eso nos provoca perplejidad este proyecto cuando en varios pa\u00edses se abandona este modo de producir energ\u00eda\u201d.<\/p>\n<p align=\"JUSTIFY\">El contexto del an\u00e1lisis de los hombres de la Iglesia fue \u201cel esp\u00edritu que nos se\u00f1ala el Papa Francisco en la Laudato Si: la Iglesia no pretende definir las cuestiones cient\u00edficas, ni sustituir a la pol\u00edtica, pero s\u00ed invitar a un di\u00e1logo y debate honesto y trasparente, para que las necesidades particulares o las ideolog\u00edas no afecten al bien com\u00fan\u201d.<\/p>\n<p align=\"JUSTIFY\">Y criticaron que \u201ceste emprendimiento surgi\u00f3 al margen del conocimiento de la mayor\u00eda de los ciudadanos. En una cuesti\u00f3n de tanta trascendencia ning\u00fan gobierno debe decidir cerr\u00e1ndose en un c\u00edrculo restringido\u201d.<\/p>\n<p align=\"JUSTIFY\">El comunicado surgido del an\u00e1lisis fue firmado por los Obispos y Obispos Em\u00e9ritos de Neuqu\u00e9n, Alto Valle de R\u00edo Negro, San Carlos de Bariloche, R\u00edo Gallegos, Comodoro Rivadavia, Viedma, y Esquel.<\/p>\n<\/div>\n<\/div>\n<\/div>\n<div id=\"pie\">\u00a0Fuente:\u00a0http:\/\/www.enestosdias.com.ar\/1057-obispos-patagonicos-no-estan-dadas-las-condiciones-para-la-planta-nuclear<\/div>\n","protected":false},"excerpt":{"rendered":"<p>NEUQUEN.- Los Obispos de la Patagonia se reunieron en Neuqu\u00e9n, y debatieron en torno a la \u201cconveniencia o no de [&hellip;]<\/p>\n","protected":false},"author":2,"featured_media":32928,"comment_status":"open","ping_status":"open","sticky":false,"template":"","format":"standard","meta":{"site-sidebar-layout":"default","site-content-layout":"","ast-site-content-layout":"default","site-content-style":"default","site-sidebar-style":"default","ast-global-header-display":"","ast-banner-title-visibility":"","ast-main-header-display":"","ast-hfb-above-header-display":"","ast-hfb-below-header-display":"","ast-hfb-mobile-header-display":"","site-post-title":"","ast-breadcrumbs-content":"","ast-featured-img":"","footer-sml-layout":"","ast-disable-related-posts":"","theme-transparent-header-meta":"","adv-header-id-meta":"","stick-header-meta":"","header-above-stick-meta":"","header-main-stick-meta":"","header-below-stick-meta":"","astra-migrate-meta-layouts":"default","ast-page-background-enabled":"default","ast-page-background-meta":{"desktop":{"background-color":"var(--ast-global-color-5)","background-image":"","background-repeat":"repeat","background-position":"center center","background-size":"auto","background-attachment":"scroll","background-type":"","background-media":"","overlay-type":"","overlay-color":"","overlay-opacity":"","overlay-gradient":""},"tablet":{"background-color":"","background-image":"","background-repeat":"repeat","background-position":"center center","background-size":"auto","background-attachment":"scroll","background-type":"","background-media":"","overlay-type":"","overlay-color":"","overlay-opacity":"","overlay-gradient":""},"mobile":{"background-color":"","background-image":"","background-repeat":"repeat","background-position":"center center","background-size":"auto","background-attachment":"scroll","background-type":"","background-media":"","overlay-type":"","overlay-color":"","overlay-opacity":"","overlay-gradient":""}},"ast-content-background-meta":{"desktop":{"background-color":"var(--ast-global-color-4)","background-image":"","background-repeat":"repeat","background-position":"center center","background-size":"auto","background-attachment":"scroll","background-type":"","background-media":"","overlay-type":"","overlay-color":"","overlay-opacity":"","overlay-gradient":""},"tablet":{"background-color":"var(--ast-global-color-4)","background-image":"","background-repeat":"repeat","background-position":"center center","background-size":"auto","background-attachment":"scroll","background-type":"","background-media":"","overlay-type":"","overlay-color":"","overlay-opacity":"","overlay-gradient":""},"mobile":{"background-color":"var(--ast-global-color-4)","background-image":"","background-repeat":"repeat","background-position":"center center","background-size":"auto","background-attachment":"scroll","background-type":"","background-media":"","overlay-type":"","overlay-color":"","overlay-opacity":"","overlay-gradient":""}},"footnotes":""},"categories":[11,1,27,10],"tags":[],"class_list":["post-32927","post","type-post","status-publish","format-standard","has-post-thumbnail","hentry","category-boletin","category-noticias","category-patagonia","category-rotador"],"yoast_head":"<!-- This site is optimized with the Yoast SEO Premium plugin v23.0 (Yoast SEO v27.5) - https:\/\/yoast.com\/product\/yoast-seo-premium-wordpress\/ -->\n<title>Obispos patag\u00f3nicos: \u201cNo est\u00e1n dadas las condiciones\u201d para la planta nuclear<\/title>\n<meta name=\"robots\" content=\"index, follow, max-snippet:-1, max-image-preview:large, max-video-preview:-1\" \/>\n<link rel=\"canonical\" href=\"https:\/\/patagoniambiental.com.ar\/info\/obispos-patagonicos-no-estan-dadas-las-condiciones-para-la-planta-nuclear\/\" \/>\n<meta property=\"og:locale\" content=\"es_ES\" \/>\n<meta property=\"og:type\" content=\"article\" \/>\n<meta property=\"og:title\" content=\"Obispos patag\u00f3nicos: \u201cNo est\u00e1n dadas las condiciones\u201d para la planta nuclear\" \/>\n<meta property=\"og:description\" content=\"NEUQUEN.- Los Obispos de la Patagonia se reunieron en Neuqu\u00e9n, y debatieron en torno a la \u201cconveniencia o no de [&hellip;]\" \/>\n<meta property=\"og:url\" content=\"https:\/\/patagoniambiental.com.ar\/info\/obispos-patagonicos-no-estan-dadas-las-condiciones-para-la-planta-nuclear\/\" \/>\n<meta property=\"og:site_name\" content=\"Patagonia Ambiental\" \/>\n<meta property=\"article:publisher\" content=\"https:\/\/www.facebook.com\/patagonia.ambiental\" \/>\n<meta property=\"article:author\" content=\"https:\/\/www.facebook.com\/share\/1C1V8Gv9BX\/?mibextid=qi2Omg\" \/>\n<meta property=\"article:published_time\" content=\"2017-08-09T12:00:36+00:00\" \/>\n<meta property=\"og:image\" content=\"https:\/\/patagoniambiental.com.ar\/info\/wp-content\/uploads\/2017\/08\/catedral.jpg\" \/>\n\t<meta property=\"og:image:width\" content=\"700\" \/>\n\t<meta property=\"og:image:height\" content=\"394\" \/>\n\t<meta property=\"og:image:type\" content=\"image\/jpeg\" \/>\n<meta name=\"author\" content=\"Patagonia Ambiental\" \/>\n<meta name=\"twitter:card\" content=\"summary_large_image\" \/>\n<meta name=\"twitter:creator\" content=\"@PatAmb\" \/>\n<meta name=\"twitter:site\" content=\"@PatAmb\" \/>\n<script type=\"application\/ld+json\" class=\"yoast-schema-graph\">{\"@context\":\"https:\\\/\\\/schema.org\",\"@graph\":[{\"@type\":\"Article\",\"@id\":\"https:\\\/\\\/patagoniambiental.com.ar\\\/info\\\/obispos-patagonicos-no-estan-dadas-las-condiciones-para-la-planta-nuclear\\\/#article\",\"isPartOf\":{\"@id\":\"https:\\\/\\\/patagoniambiental.com.ar\\\/info\\\/obispos-patagonicos-no-estan-dadas-las-condiciones-para-la-planta-nuclear\\\/\"},\"author\":{\"name\":\"Patagonia Ambiental\",\"@id\":\"https:\\\/\\\/patagoniambiental.com.ar\\\/info\\\/#\\\/schema\\\/person\\\/db12bff64bbcbf6a253710bf0ea37b5d\"},\"headline\":\"Obispos patag\u00f3nicos: \u201cNo est\u00e1n dadas las condiciones\u201d para la planta nuclear\",\"datePublished\":\"2017-08-09T12:00:36+00:00\",\"mainEntityOfPage\":{\"@id\":\"https:\\\/\\\/patagoniambiental.com.ar\\\/info\\\/obispos-patagonicos-no-estan-dadas-las-condiciones-para-la-planta-nuclear\\\/\"},\"wordCount\":399,\"commentCount\":0,\"publisher\":{\"@id\":\"https:\\\/\\\/patagoniambiental.com.ar\\\/info\\\/#organization\"},\"image\":{\"@id\":\"https:\\\/\\\/patagoniambiental.com.ar\\\/info\\\/obispos-patagonicos-no-estan-dadas-las-condiciones-para-la-planta-nuclear\\\/#primaryimage\"},\"thumbnailUrl\":\"https:\\\/\\\/patagoniambiental.com.ar\\\/info\\\/wp-content\\\/uploads\\\/2017\\\/08\\\/catedral.jpg\",\"articleSection\":[\"Bolet\u00edn\",\"Noticias\",\"Patagonia\",\"Rotador\"],\"inLanguage\":\"es\",\"potentialAction\":[{\"@type\":\"CommentAction\",\"name\":\"Comment\",\"target\":[\"https:\\\/\\\/patagoniambiental.com.ar\\\/info\\\/obispos-patagonicos-no-estan-dadas-las-condiciones-para-la-planta-nuclear\\\/#respond\"]}]},{\"@type\":\"WebPage\",\"@id\":\"https:\\\/\\\/patagoniambiental.com.ar\\\/info\\\/obispos-patagonicos-no-estan-dadas-las-condiciones-para-la-planta-nuclear\\\/\",\"url\":\"https:\\\/\\\/patagoniambiental.com.ar\\\/info\\\/obispos-patagonicos-no-estan-dadas-las-condiciones-para-la-planta-nuclear\\\/\",\"name\":\"Obispos patag\u00f3nicos: \u201cNo est\u00e1n dadas las condiciones\u201d para la planta nuclear\",\"isPartOf\":{\"@id\":\"https:\\\/\\\/patagoniambiental.com.ar\\\/info\\\/#website\"},\"primaryImageOfPage\":{\"@id\":\"https:\\\/\\\/patagoniambiental.com.ar\\\/info\\\/obispos-patagonicos-no-estan-dadas-las-condiciones-para-la-planta-nuclear\\\/#primaryimage\"},\"image\":{\"@id\":\"https:\\\/\\\/patagoniambiental.com.ar\\\/info\\\/obispos-patagonicos-no-estan-dadas-las-condiciones-para-la-planta-nuclear\\\/#primaryimage\"},\"thumbnailUrl\":\"https:\\\/\\\/patagoniambiental.com.ar\\\/info\\\/wp-content\\\/uploads\\\/2017\\\/08\\\/catedral.jpg\",\"datePublished\":\"2017-08-09T12:00:36+00:00\",\"breadcrumb\":{\"@id\":\"https:\\\/\\\/patagoniambiental.com.ar\\\/info\\\/obispos-patagonicos-no-estan-dadas-las-condiciones-para-la-planta-nuclear\\\/#breadcrumb\"},\"inLanguage\":\"es\",\"potentialAction\":[{\"@type\":\"ReadAction\",\"target\":[\"https:\\\/\\\/patagoniambiental.com.ar\\\/info\\\/obispos-patagonicos-no-estan-dadas-las-condiciones-para-la-planta-nuclear\\\/\"]}]},{\"@type\":\"ImageObject\",\"inLanguage\":\"es\",\"@id\":\"https:\\\/\\\/patagoniambiental.com.ar\\\/info\\\/obispos-patagonicos-no-estan-dadas-las-condiciones-para-la-planta-nuclear\\\/#primaryimage\",\"url\":\"https:\\\/\\\/patagoniambiental.com.ar\\\/info\\\/wp-content\\\/uploads\\\/2017\\\/08\\\/catedral.jpg\",\"contentUrl\":\"https:\\\/\\\/patagoniambiental.com.ar\\\/info\\\/wp-content\\\/uploads\\\/2017\\\/08\\\/catedral.jpg\",\"width\":700,\"height\":394},{\"@type\":\"BreadcrumbList\",\"@id\":\"https:\\\/\\\/patagoniambiental.com.ar\\\/info\\\/obispos-patagonicos-no-estan-dadas-las-condiciones-para-la-planta-nuclear\\\/#breadcrumb\",\"itemListElement\":[{\"@type\":\"ListItem\",\"position\":1,\"name\":\"Inicio\",\"item\":\"https:\\\/\\\/patagoniambiental.com.ar\\\/info\\\/\"},{\"@type\":\"ListItem\",\"position\":2,\"name\":\"Obispos patag\u00f3nicos: \u201cNo est\u00e1n dadas las condiciones\u201d para la planta nuclear\"}]},{\"@type\":\"WebSite\",\"@id\":\"https:\\\/\\\/patagoniambiental.com.ar\\\/info\\\/#website\",\"url\":\"https:\\\/\\\/patagoniambiental.com.ar\\\/info\\\/\",\"name\":\"Patagonia Ambiental\",\"description\":\"Monitoreo y an\u00e1lisis de la situaci\u00f3n geopol\u00edtica en el mundo y su implicancia en la Patagonia\",\"publisher\":{\"@id\":\"https:\\\/\\\/patagoniambiental.com.ar\\\/info\\\/#organization\"},\"potentialAction\":[{\"@type\":\"SearchAction\",\"target\":{\"@type\":\"EntryPoint\",\"urlTemplate\":\"https:\\\/\\\/patagoniambiental.com.ar\\\/info\\\/?s={search_term_string}\"},\"query-input\":{\"@type\":\"PropertyValueSpecification\",\"valueRequired\":true,\"valueName\":\"search_term_string\"}}],\"inLanguage\":\"es\"},{\"@type\":\"Organization\",\"@id\":\"https:\\\/\\\/patagoniambiental.com.ar\\\/info\\\/#organization\",\"name\":\"Patagonia Ambiental\",\"url\":\"https:\\\/\\\/patagoniambiental.com.ar\\\/info\\\/\",\"logo\":{\"@type\":\"ImageObject\",\"inLanguage\":\"es\",\"@id\":\"https:\\\/\\\/patagoniambiental.com.ar\\\/info\\\/#\\\/schema\\\/logo\\\/image\\\/\",\"url\":\"https:\\\/\\\/patagoniambiental.com.ar\\\/info\\\/wp-content\\\/uploads\\\/2025\\\/05\\\/LOGO-PATAGONIA-AMBIENTAL.png\",\"contentUrl\":\"https:\\\/\\\/patagoniambiental.com.ar\\\/info\\\/wp-content\\\/uploads\\\/2025\\\/05\\\/LOGO-PATAGONIA-AMBIENTAL.png\",\"width\":433,\"height\":250,\"caption\":\"Patagonia Ambiental\"},\"image\":{\"@id\":\"https:\\\/\\\/patagoniambiental.com.ar\\\/info\\\/#\\\/schema\\\/logo\\\/image\\\/\"},\"sameAs\":[\"https:\\\/\\\/www.facebook.com\\\/patagonia.ambiental\",\"https:\\\/\\\/x.com\\\/PatAmb\"]},{\"@type\":\"Person\",\"@id\":\"https:\\\/\\\/patagoniambiental.com.ar\\\/info\\\/#\\\/schema\\\/person\\\/db12bff64bbcbf6a253710bf0ea37b5d\",\"name\":\"Patagonia Ambiental\",\"description\":\"Andr\u00e9s Nievas T\u00e9cnico en manejo ambiental, consultor Ambiental y escritor para medios locales e internacionales sobre temas de geopolitica y medio ambiente.\",\"sameAs\":[\"http:\\\/\\\/www.patagoniambiental.com.ar\",\"https:\\\/\\\/www.facebook.com\\\/share\\\/1C1V8Gv9BX\\\/?mibextid=qi2Omg\",\"@patagoniambiental\",\"https:\\\/\\\/youtube.com\\\/@patagoniaambiental2023?si=BLt58t0wuXquxlYZ\"]}]}<\/script>\n<!-- \/ Yoast SEO Premium plugin. -->","yoast_head_json":{"title":"Obispos patag\u00f3nicos: \u201cNo est\u00e1n dadas las condiciones\u201d para la planta nuclear","robots":{"index":"index","follow":"follow","max-snippet":"max-snippet:-1","max-image-preview":"max-image-preview:large","max-video-preview":"max-video-preview:-1"},"canonical":"https:\/\/patagoniambiental.com.ar\/info\/obispos-patagonicos-no-estan-dadas-las-condiciones-para-la-planta-nuclear\/","og_locale":"es_ES","og_type":"article","og_title":"Obispos patag\u00f3nicos: \u201cNo est\u00e1n dadas las condiciones\u201d para la planta nuclear","og_description":"NEUQUEN.- Los Obispos de la Patagonia se reunieron en Neuqu\u00e9n, y debatieron en torno a la \u201cconveniencia o no de [&hellip;]","og_url":"https:\/\/patagoniambiental.com.ar\/info\/obispos-patagonicos-no-estan-dadas-las-condiciones-para-la-planta-nuclear\/","og_site_name":"Patagonia Ambiental","article_publisher":"https:\/\/www.facebook.com\/patagonia.ambiental","article_author":"https:\/\/www.facebook.com\/share\/1C1V8Gv9BX\/?mibextid=qi2Omg","article_published_time":"2017-08-09T12:00:36+00:00","og_image":[{"width":700,"height":394,"url":"https:\/\/patagoniambiental.com.ar\/info\/wp-content\/uploads\/2017\/08\/catedral.jpg","type":"image\/jpeg"}],"author":"Patagonia Ambiental","twitter_card":"summary_large_image","twitter_creator":"@PatAmb","twitter_site":"@PatAmb","schema":{"@context":"https:\/\/schema.org","@graph":[{"@type":"Article","@id":"https:\/\/patagoniambiental.com.ar\/info\/obispos-patagonicos-no-estan-dadas-las-condiciones-para-la-planta-nuclear\/#article","isPartOf":{"@id":"https:\/\/patagoniambiental.com.ar\/info\/obispos-patagonicos-no-estan-dadas-las-condiciones-para-la-planta-nuclear\/"},"author":{"name":"Patagonia Ambiental","@id":"https:\/\/patagoniambiental.com.ar\/info\/#\/schema\/person\/db12bff64bbcbf6a253710bf0ea37b5d"},"headline":"Obispos patag\u00f3nicos: \u201cNo est\u00e1n dadas las condiciones\u201d para la planta nuclear","datePublished":"2017-08-09T12:00:36+00:00","mainEntityOfPage":{"@id":"https:\/\/patagoniambiental.com.ar\/info\/obispos-patagonicos-no-estan-dadas-las-condiciones-para-la-planta-nuclear\/"},"wordCount":399,"commentCount":0,"publisher":{"@id":"https:\/\/patagoniambiental.com.ar\/info\/#organization"},"image":{"@id":"https:\/\/patagoniambiental.com.ar\/info\/obispos-patagonicos-no-estan-dadas-las-condiciones-para-la-planta-nuclear\/#primaryimage"},"thumbnailUrl":"https:\/\/patagoniambiental.com.ar\/info\/wp-content\/uploads\/2017\/08\/catedral.jpg","articleSection":["Bolet\u00edn","Noticias","Patagonia","Rotador"],"inLanguage":"es","potentialAction":[{"@type":"CommentAction","name":"Comment","target":["https:\/\/patagoniambiental.com.ar\/info\/obispos-patagonicos-no-estan-dadas-las-condiciones-para-la-planta-nuclear\/#respond"]}]},{"@type":"WebPage","@id":"https:\/\/patagoniambiental.com.ar\/info\/obispos-patagonicos-no-estan-dadas-las-condiciones-para-la-planta-nuclear\/","url":"https:\/\/patagoniambiental.com.ar\/info\/obispos-patagonicos-no-estan-dadas-las-condiciones-para-la-planta-nuclear\/","name":"Obispos patag\u00f3nicos: \u201cNo est\u00e1n dadas las condiciones\u201d para la planta nuclear","isPartOf":{"@id":"https:\/\/patagoniambiental.com.ar\/info\/#website"},"primaryImageOfPage":{"@id":"https:\/\/patagoniambiental.com.ar\/info\/obispos-patagonicos-no-estan-dadas-las-condiciones-para-la-planta-nuclear\/#primaryimage"},"image":{"@id":"https:\/\/patagoniambiental.com.ar\/info\/obispos-patagonicos-no-estan-dadas-las-condiciones-para-la-planta-nuclear\/#primaryimage"},"thumbnailUrl":"https:\/\/patagoniambiental.com.ar\/info\/wp-content\/uploads\/2017\/08\/catedral.jpg","datePublished":"2017-08-09T12:00:36+00:00","breadcrumb":{"@id":"https:\/\/patagoniambiental.com.ar\/info\/obispos-patagonicos-no-estan-dadas-las-condiciones-para-la-planta-nuclear\/#breadcrumb"},"inLanguage":"es","potentialAction":[{"@type":"ReadAction","target":["https:\/\/patagoniambiental.com.ar\/info\/obispos-patagonicos-no-estan-dadas-las-condiciones-para-la-planta-nuclear\/"]}]},{"@type":"ImageObject","inLanguage":"es","@id":"https:\/\/patagoniambiental.com.ar\/info\/obispos-patagonicos-no-estan-dadas-las-condiciones-para-la-planta-nuclear\/#primaryimage","url":"https:\/\/patagoniambiental.com.ar\/info\/wp-content\/uploads\/2017\/08\/catedral.jpg","contentUrl":"https:\/\/patagoniambiental.com.ar\/info\/wp-content\/uploads\/2017\/08\/catedral.jpg","width":700,"height":394},{"@type":"BreadcrumbList","@id":"https:\/\/patagoniambiental.com.ar\/info\/obispos-patagonicos-no-estan-dadas-las-condiciones-para-la-planta-nuclear\/#breadcrumb","itemListElement":[{"@type":"ListItem","position":1,"name":"Inicio","item":"https:\/\/patagoniambiental.com.ar\/info\/"},{"@type":"ListItem","position":2,"name":"Obispos patag\u00f3nicos: \u201cNo est\u00e1n dadas las condiciones\u201d para la planta nuclear"}]},{"@type":"WebSite","@id":"https:\/\/patagoniambiental.com.ar\/info\/#website","url":"https:\/\/patagoniambiental.com.ar\/info\/","name":"Patagonia Ambiental","description":"Monitoreo y an\u00e1lisis de la situaci\u00f3n geopol\u00edtica en el mundo y su implicancia en la Patagonia","publisher":{"@id":"https:\/\/patagoniambiental.com.ar\/info\/#organization"},"potentialAction":[{"@type":"SearchAction","target":{"@type":"EntryPoint","urlTemplate":"https:\/\/patagoniambiental.com.ar\/info\/?s={search_term_string}"},"query-input":{"@type":"PropertyValueSpecification","valueRequired":true,"valueName":"search_term_string"}}],"inLanguage":"es"},{"@type":"Organization","@id":"https:\/\/patagoniambiental.com.ar\/info\/#organization","name":"Patagonia Ambiental","url":"https:\/\/patagoniambiental.com.ar\/info\/","logo":{"@type":"ImageObject","inLanguage":"es","@id":"https:\/\/patagoniambiental.com.ar\/info\/#\/schema\/logo\/image\/","url":"https:\/\/patagoniambiental.com.ar\/info\/wp-content\/uploads\/2025\/05\/LOGO-PATAGONIA-AMBIENTAL.png","contentUrl":"https:\/\/patagoniambiental.com.ar\/info\/wp-content\/uploads\/2025\/05\/LOGO-PATAGONIA-AMBIENTAL.png","width":433,"height":250,"caption":"Patagonia Ambiental"},"image":{"@id":"https:\/\/patagoniambiental.com.ar\/info\/#\/schema\/logo\/image\/"},"sameAs":["https:\/\/www.facebook.com\/patagonia.ambiental","https:\/\/x.com\/PatAmb"]},{"@type":"Person","@id":"https:\/\/patagoniambiental.com.ar\/info\/#\/schema\/person\/db12bff64bbcbf6a253710bf0ea37b5d","name":"Patagonia Ambiental","description":"Andr\u00e9s Nievas T\u00e9cnico en manejo ambiental, consultor Ambiental y escritor para medios locales e internacionales sobre temas de geopolitica y medio ambiente.","sameAs":["http:\/\/www.patagoniambiental.com.ar","https:\/\/www.facebook.com\/share\/1C1V8Gv9BX\/?mibextid=qi2Omg","@patagoniambiental","https:\/\/youtube.com\/@patagoniaambiental2023?si=BLt58t0wuXquxlYZ"]}]}},"_links":{"self":[{"href":"https:\/\/patagoniambiental.com.ar\/info\/wp-json\/wp\/v2\/posts\/32927","targetHints":{"allow":["GET"]}}],"collection":[{"href":"https:\/\/patagoniambiental.com.ar\/info\/wp-json\/wp\/v2\/posts"}],"about":[{"href":"https:\/\/patagoniambiental.com.ar\/info\/wp-json\/wp\/v2\/types\/post"}],"author":[{"embeddable":true,"href":"https:\/\/patagoniambiental.com.ar\/info\/wp-json\/wp\/v2\/users\/2"}],"replies":[{"embeddable":true,"href":"https:\/\/patagoniambiental.com.ar\/info\/wp-json\/wp\/v2\/comments?post=32927"}],"version-history":[{"count":0,"href":"https:\/\/patagoniambiental.com.ar\/info\/wp-json\/wp\/v2\/posts\/32927\/revisions"}],"wp:featuredmedia":[{"embeddable":true,"href":"https:\/\/patagoniambiental.com.ar\/info\/wp-json\/wp\/v2\/media\/32928"}],"wp:attachment":[{"href":"https:\/\/patagoniambiental.com.ar\/info\/wp-json\/wp\/v2\/media?parent=32927"}],"wp:term":[{"taxonomy":"category","embeddable":true,"href":"https:\/\/patagoniambiental.com.ar\/info\/wp-json\/wp\/v2\/categories?post=32927"},{"taxonomy":"post_tag","embeddable":true,"href":"https:\/\/patagoniambiental.com.ar\/info\/wp-json\/wp\/v2\/tags?post=32927"}],"curies":[{"name":"wp","href":"https:\/\/api.w.org\/{rel}","templated":true}]}}