{"id":32988,"date":"2017-08-09T19:00:34","date_gmt":"2017-08-09T22:00:34","guid":{"rendered":"http:\/\/patagoniambiental.com.ar\/info\/?p=32988"},"modified":"2017-08-09T11:23:12","modified_gmt":"2017-08-09T14:23:12","slug":"avanzan-las-tareas-de-construccion-del-parador-de-viento","status":"publish","type":"post","link":"https:\/\/patagoniambiental.com.ar\/info\/avanzan-las-tareas-de-construccion-del-parador-de-viento\/","title":{"rendered":"Avanzan las tareas de construcci\u00f3n del Parador de Viento"},"content":{"rendered":"<div id=\"x_x_yui_3_16_0_ym19_1_1502191256872_15331\"><span id=\"x_x_yui_3_16_0_ym19_1_1502191256872_15332\" style=\"font-family: arial, sans-serif; font-size: large;\">Viedma.-La Municipalidad de Viedma, a trav\u00e9s de a Secretar\u00eda de Ordenamiento Territorial y Servicios P\u00fablicos, avanza con las\u00a0 tareas de construcci\u00f3n del Parador de Viento, ubicado sobre la tercera bajada de la playa del balneario El C\u00f3ndor.<\/span><\/div>\n<p><!--more--><\/p>\n<div id=\"x_x_yui_3_16_0_ym19_1_1502191256872_15333\"><span style=\"font-family: arial, sans-serif; font-size: large;\">\u00a0<\/span><\/div>\n<div id=\"x_x_yui_3_16_0_ym19_1_1502191256872_15335\"><span id=\"x_x_yui_3_16_0_ym19_1_1502191256872_15336\" style=\"font-family: arial, sans-serif; font-size: large;\">Las tareas consisten en colocaci\u00f3n del armado de la estructura con postes de palmeras confeccionados y cubierta de chapa galvanizada.<\/span><\/div>\n<div id=\"x_x_yui_3_16_0_ym19_1_1502191256872_15337\"><span style=\"font-family: arial, sans-serif; font-size: large;\">\u00a0<\/span><\/div>\n<div id=\"x_x_yui_3_16_0_ym19_1_1502191256872_15339\"><span id=\"x_x_yui_3_16_0_ym19_1_1502191256872_15340\" style=\"font-family: arial, sans-serif; font-size: large;\">Tambi\u00e9n se coloca el piso de madera tipo deck, cerramiento con placas de fen\u00f3licos en posici\u00f3n vertical, cielorraso de machimbre, una escalera para el acceso al local, pintura protectora para la madera, carpinter\u00edas de madera dura e instalaciones el\u00e9ctricas alimentadas por un grupo electr\u00f3geno.<\/span><\/div>\n<div id=\"x_x_yui_3_16_0_ym19_1_1502191256872_15341\"><span style=\"font-family: arial, sans-serif; font-size: large;\">\u00a0<\/span><\/div>\n<div id=\"x_x_yui_3_16_0_ym19_1_1502191256872_15343\"><span id=\"x_x_yui_3_16_0_ym19_1_1502191256872_15344\" style=\"font-family: arial, sans-serif; font-size: large;\">La tareas requieren una inversi\u00f3n de 249 mil pesos, con un plazo de ejecuci\u00f3n de 90 d\u00edas.<\/span><\/div>\n<div id=\"x_x_yui_3_16_0_ym19_1_1502191256872_15345\"><span style=\"font-family: arial, sans-serif; font-size: large;\">\u00a0<\/span><\/div>\n<div id=\"x_x_yui_3_16_0_ym19_1_1502191256872_15363\"><span id=\"x_x_yui_3_16_0_ym19_1_1502191256872_15347\" style=\"font-family: arial, sans-serif; font-size: large;\">La obra tiene como objetivo crear un punto de encuentro para el desarrollo de los deportes de viento de playa, como as\u00ed tambi\u00e9n un espacio para la realizaci\u00f3n de eventos, ya sea sector de vestuario, como de reparo.<br \/>\n<\/span><\/div>\n<div id=\"x_x_yui_3_16_0_ym19_1_1502191256872_15362\"><span id=\"x_x_yui_3_16_0_ym19_1_1502191256872_15347\" style=\"font-family: arial, sans-serif; font-size: large;\">\u00a0<\/span><\/div>\n<div id=\"x_x_yui_3_16_0_ym19_1_1502191256872_15356\" dir=\"ltr\"><span style=\"font-family: arial, sans-serif; font-size: large;\"><span id=\"x_x_yui_3_16_0_ym19_1_1502191256872_15393\">Adem\u00e1s, se iniciaron las tareas para la puesta\u00a0<\/span>valor de la Plaza Balda. La obra tiene como finalidad la recuperaci\u00f3n de un espacio de uso caracter\u00edstico, otorg\u00e1ndole adem\u00e1s posibilidades de nuevos usos.<\/span><\/div>\n<div id=\"x_x_yui_3_16_0_ym19_1_1502191256872_15437\" dir=\"ltr\"><span style=\"font-family: arial, sans-serif; font-size: large;\">\u00a0<\/span><\/div>\n<div id=\"x_x_yui_3_16_0_ym19_1_1502191256872_15447\"><span style=\"font-family: arial, sans-serif; font-size: large;\">A trav\u00e9s del programa nacional Mi Pueblo, del Ministerio del Interior, Obras P\u00fablicas y Vivienda, se llevar\u00e1 adelante la reconversi\u00f3n de luminarias a LED.<br \/>\n<\/span><\/div>\n<div id=\"x_x_yui_3_16_0_ym19_1_1502191256872_15448\"><span style=\"font-family: arial, sans-serif; font-size: large;\">\u00a0<\/span><\/div>\n<div id=\"x_x_yui_3_16_0_ym19_1_1502191256872_15450\" dir=\"ltr\"><span style=\"font-family: arial, sans-serif; font-size: large;\">En El C\u00f3ndor las obras incluir\u00e1n a los artefactos ubicados en el ingreso, por calle 69, hasta la rotonda de la costanera. Las tareas tambi\u00e9n se concretar\u00e1n en la rotonda de ingreso, por ruta N\u00ba 1.<\/span><\/div>\n<div dir=\"ltr\"><\/div>\n<div dir=\"ltr\">Fuente: Municipalidad de Viedma.<\/div>\n","protected":false},"excerpt":{"rendered":"<p>Viedma.-La Municipalidad de Viedma, a trav\u00e9s de a Secretar\u00eda de Ordenamiento Territorial y Servicios P\u00fablicos, avanza con las\u00a0 tareas de [&hellip;]<\/p>\n","protected":false},"author":2,"featured_media":32990,"comment_status":"open","ping_status":"open","sticky":false,"template":"","format":"standard","meta":{"site-sidebar-layout":"default","site-content-layout":"","ast-site-content-layout":"default","site-content-style":"default","site-sidebar-style":"default","ast-global-header-display":"","ast-banner-title-visibility":"","ast-main-header-display":"","ast-hfb-above-header-display":"","ast-hfb-below-header-display":"","ast-hfb-mobile-header-display":"","site-post-title":"","ast-breadcrumbs-content":"","ast-featured-img":"","footer-sml-layout":"","ast-disable-related-posts":"","theme-transparent-header-meta":"","adv-header-id-meta":"","stick-header-meta":"","header-above-stick-meta":"","header-main-stick-meta":"","header-below-stick-meta":"","astra-migrate-meta-layouts":"default","ast-page-background-enabled":"default","ast-page-background-meta":{"desktop":{"background-color":"var(--ast-global-color-5)","background-image":"","background-repeat":"repeat","background-position":"center center","background-size":"auto","background-attachment":"scroll","background-type":"","background-media":"","overlay-type":"","overlay-color":"","overlay-opacity":"","overlay-gradient":""},"tablet":{"background-color":"","background-image":"","background-repeat":"repeat","background-position":"center center","background-size":"auto","background-attachment":"scroll","background-type":"","background-media":"","overlay-type":"","overlay-color":"","overlay-opacity":"","overlay-gradient":""},"mobile":{"background-color":"","background-image":"","background-repeat":"repeat","background-position":"center center","background-size":"auto","background-attachment":"scroll","background-type":"","background-media":"","overlay-type":"","overlay-color":"","overlay-opacity":"","overlay-gradient":""}},"ast-content-background-meta":{"desktop":{"background-color":"var(--ast-global-color-4)","background-image":"","background-repeat":"repeat","background-position":"center center","background-size":"auto","background-attachment":"scroll","background-type":"","background-media":"","overlay-type":"","overlay-color":"","overlay-opacity":"","overlay-gradient":""},"tablet":{"background-color":"var(--ast-global-color-4)","background-image":"","background-repeat":"repeat","background-position":"center center","background-size":"auto","background-attachment":"scroll","background-type":"","background-media":"","overlay-type":"","overlay-color":"","overlay-opacity":"","overlay-gradient":""},"mobile":{"background-color":"var(--ast-global-color-4)","background-image":"","background-repeat":"repeat","background-position":"center center","background-size":"auto","background-attachment":"scroll","background-type":"","background-media":"","overlay-type":"","overlay-color":"","overlay-opacity":"","overlay-gradient":""}},"footnotes":""},"categories":[16,1],"tags":[],"class_list":["post-32988","post","type-post","status-publish","format-standard","has-post-thumbnail","hentry","category-municipales","category-noticias"],"yoast_head":"<!-- This site is optimized with the Yoast SEO Premium plugin v23.0 (Yoast SEO v27.4) - https:\/\/yoast.com\/product\/yoast-seo-premium-wordpress\/ -->\n<title>Avanzan las tareas de construcci\u00f3n del Parador de Viento<\/title>\n<meta name=\"robots\" content=\"index, follow, max-snippet:-1, max-image-preview:large, max-video-preview:-1\" \/>\n<link rel=\"canonical\" href=\"https:\/\/patagoniambiental.com.ar\/info\/avanzan-las-tareas-de-construccion-del-parador-de-viento\/\" \/>\n<meta property=\"og:locale\" content=\"es_ES\" \/>\n<meta property=\"og:type\" content=\"article\" \/>\n<meta property=\"og:title\" content=\"Avanzan las tareas de construcci\u00f3n del Parador de Viento\" \/>\n<meta property=\"og:description\" content=\"Viedma.-La Municipalidad de Viedma, a trav\u00e9s de a Secretar\u00eda de Ordenamiento Territorial y Servicios P\u00fablicos, avanza con las\u00a0 tareas de [&hellip;]\" \/>\n<meta property=\"og:url\" content=\"https:\/\/patagoniambiental.com.ar\/info\/avanzan-las-tareas-de-construccion-del-parador-de-viento\/\" \/>\n<meta property=\"og:site_name\" content=\"Patagonia Ambiental\" \/>\n<meta property=\"article:publisher\" content=\"https:\/\/www.facebook.com\/patagonia.ambiental\" \/>\n<meta property=\"article:author\" content=\"https:\/\/www.facebook.com\/share\/1C1V8Gv9BX\/?mibextid=qi2Omg\" \/>\n<meta property=\"article:published_time\" content=\"2017-08-09T22:00:34+00:00\" \/>\n<meta property=\"og:image\" content=\"https:\/\/patagoniambiental.com.ar\/info\/wp-content\/uploads\/2017\/08\/20706952_10213559839326398_782815956_o.jpg\" \/>\n\t<meta property=\"og:image:width\" content=\"1280\" \/>\n\t<meta property=\"og:image:height\" content=\"720\" \/>\n\t<meta property=\"og:image:type\" content=\"image\/jpeg\" \/>\n<meta name=\"author\" content=\"Patagonia Ambiental\" \/>\n<meta name=\"twitter:card\" content=\"summary_large_image\" \/>\n<meta name=\"twitter:creator\" content=\"@PatAmb\" \/>\n<meta name=\"twitter:site\" content=\"@PatAmb\" \/>\n<script type=\"application\/ld+json\" class=\"yoast-schema-graph\">{\"@context\":\"https:\\\/\\\/schema.org\",\"@graph\":[{\"@type\":\"Article\",\"@id\":\"https:\\\/\\\/patagoniambiental.com.ar\\\/info\\\/avanzan-las-tareas-de-construccion-del-parador-de-viento\\\/#article\",\"isPartOf\":{\"@id\":\"https:\\\/\\\/patagoniambiental.com.ar\\\/info\\\/avanzan-las-tareas-de-construccion-del-parador-de-viento\\\/\"},\"author\":{\"name\":\"Patagonia Ambiental\",\"@id\":\"https:\\\/\\\/patagoniambiental.com.ar\\\/info\\\/#\\\/schema\\\/person\\\/db12bff64bbcbf6a253710bf0ea37b5d\"},\"headline\":\"Avanzan las tareas de construcci\u00f3n del Parador de Viento\",\"datePublished\":\"2017-08-09T22:00:34+00:00\",\"mainEntityOfPage\":{\"@id\":\"https:\\\/\\\/patagoniambiental.com.ar\\\/info\\\/avanzan-las-tareas-de-construccion-del-parador-de-viento\\\/\"},\"wordCount\":288,\"commentCount\":0,\"publisher\":{\"@id\":\"https:\\\/\\\/patagoniambiental.com.ar\\\/info\\\/#organization\"},\"image\":{\"@id\":\"https:\\\/\\\/patagoniambiental.com.ar\\\/info\\\/avanzan-las-tareas-de-construccion-del-parador-de-viento\\\/#primaryimage\"},\"thumbnailUrl\":\"https:\\\/\\\/patagoniambiental.com.ar\\\/info\\\/wp-content\\\/uploads\\\/2017\\\/08\\\/20706952_10213559839326398_782815956_o.jpg\",\"articleSection\":[\"Municipales\",\"Noticias\"],\"inLanguage\":\"es\",\"potentialAction\":[{\"@type\":\"CommentAction\",\"name\":\"Comment\",\"target\":[\"https:\\\/\\\/patagoniambiental.com.ar\\\/info\\\/avanzan-las-tareas-de-construccion-del-parador-de-viento\\\/#respond\"]}]},{\"@type\":\"WebPage\",\"@id\":\"https:\\\/\\\/patagoniambiental.com.ar\\\/info\\\/avanzan-las-tareas-de-construccion-del-parador-de-viento\\\/\",\"url\":\"https:\\\/\\\/patagoniambiental.com.ar\\\/info\\\/avanzan-las-tareas-de-construccion-del-parador-de-viento\\\/\",\"name\":\"Avanzan las tareas de construcci\u00f3n del Parador de Viento\",\"isPartOf\":{\"@id\":\"https:\\\/\\\/patagoniambiental.com.ar\\\/info\\\/#website\"},\"primaryImageOfPage\":{\"@id\":\"https:\\\/\\\/patagoniambiental.com.ar\\\/info\\\/avanzan-las-tareas-de-construccion-del-parador-de-viento\\\/#primaryimage\"},\"image\":{\"@id\":\"https:\\\/\\\/patagoniambiental.com.ar\\\/info\\\/avanzan-las-tareas-de-construccion-del-parador-de-viento\\\/#primaryimage\"},\"thumbnailUrl\":\"https:\\\/\\\/patagoniambiental.com.ar\\\/info\\\/wp-content\\\/uploads\\\/2017\\\/08\\\/20706952_10213559839326398_782815956_o.jpg\",\"datePublished\":\"2017-08-09T22:00:34+00:00\",\"breadcrumb\":{\"@id\":\"https:\\\/\\\/patagoniambiental.com.ar\\\/info\\\/avanzan-las-tareas-de-construccion-del-parador-de-viento\\\/#breadcrumb\"},\"inLanguage\":\"es\",\"potentialAction\":[{\"@type\":\"ReadAction\",\"target\":[\"https:\\\/\\\/patagoniambiental.com.ar\\\/info\\\/avanzan-las-tareas-de-construccion-del-parador-de-viento\\\/\"]}]},{\"@type\":\"ImageObject\",\"inLanguage\":\"es\",\"@id\":\"https:\\\/\\\/patagoniambiental.com.ar\\\/info\\\/avanzan-las-tareas-de-construccion-del-parador-de-viento\\\/#primaryimage\",\"url\":\"https:\\\/\\\/patagoniambiental.com.ar\\\/info\\\/wp-content\\\/uploads\\\/2017\\\/08\\\/20706952_10213559839326398_782815956_o.jpg\",\"contentUrl\":\"https:\\\/\\\/patagoniambiental.com.ar\\\/info\\\/wp-content\\\/uploads\\\/2017\\\/08\\\/20706952_10213559839326398_782815956_o.jpg\",\"width\":1280,\"height\":720},{\"@type\":\"BreadcrumbList\",\"@id\":\"https:\\\/\\\/patagoniambiental.com.ar\\\/info\\\/avanzan-las-tareas-de-construccion-del-parador-de-viento\\\/#breadcrumb\",\"itemListElement\":[{\"@type\":\"ListItem\",\"position\":1,\"name\":\"Inicio\",\"item\":\"https:\\\/\\\/patagoniambiental.com.ar\\\/info\\\/\"},{\"@type\":\"ListItem\",\"position\":2,\"name\":\"Avanzan las tareas de construcci\u00f3n del Parador de Viento\"}]},{\"@type\":\"WebSite\",\"@id\":\"https:\\\/\\\/patagoniambiental.com.ar\\\/info\\\/#website\",\"url\":\"https:\\\/\\\/patagoniambiental.com.ar\\\/info\\\/\",\"name\":\"Patagonia Ambiental\",\"description\":\"Monitoreo y an\u00e1lisis de la situaci\u00f3n geopol\u00edtica en el mundo y su implicancia en la Patagonia\",\"publisher\":{\"@id\":\"https:\\\/\\\/patagoniambiental.com.ar\\\/info\\\/#organization\"},\"potentialAction\":[{\"@type\":\"SearchAction\",\"target\":{\"@type\":\"EntryPoint\",\"urlTemplate\":\"https:\\\/\\\/patagoniambiental.com.ar\\\/info\\\/?s={search_term_string}\"},\"query-input\":{\"@type\":\"PropertyValueSpecification\",\"valueRequired\":true,\"valueName\":\"search_term_string\"}}],\"inLanguage\":\"es\"},{\"@type\":\"Organization\",\"@id\":\"https:\\\/\\\/patagoniambiental.com.ar\\\/info\\\/#organization\",\"name\":\"Patagonia Ambiental\",\"url\":\"https:\\\/\\\/patagoniambiental.com.ar\\\/info\\\/\",\"logo\":{\"@type\":\"ImageObject\",\"inLanguage\":\"es\",\"@id\":\"https:\\\/\\\/patagoniambiental.com.ar\\\/info\\\/#\\\/schema\\\/logo\\\/image\\\/\",\"url\":\"https:\\\/\\\/patagoniambiental.com.ar\\\/info\\\/wp-content\\\/uploads\\\/2025\\\/05\\\/LOGO-PATAGONIA-AMBIENTAL.png\",\"contentUrl\":\"https:\\\/\\\/patagoniambiental.com.ar\\\/info\\\/wp-content\\\/uploads\\\/2025\\\/05\\\/LOGO-PATAGONIA-AMBIENTAL.png\",\"width\":433,\"height\":250,\"caption\":\"Patagonia Ambiental\"},\"image\":{\"@id\":\"https:\\\/\\\/patagoniambiental.com.ar\\\/info\\\/#\\\/schema\\\/logo\\\/image\\\/\"},\"sameAs\":[\"https:\\\/\\\/www.facebook.com\\\/patagonia.ambiental\",\"https:\\\/\\\/x.com\\\/PatAmb\"]},{\"@type\":\"Person\",\"@id\":\"https:\\\/\\\/patagoniambiental.com.ar\\\/info\\\/#\\\/schema\\\/person\\\/db12bff64bbcbf6a253710bf0ea37b5d\",\"name\":\"Patagonia Ambiental\",\"description\":\"Andr\u00e9s Nievas T\u00e9cnico en manejo ambiental, consultor Ambiental y escritor para medios locales e internacionales sobre temas de geopolitica y medio ambiente.\",\"sameAs\":[\"http:\\\/\\\/www.patagoniambiental.com.ar\",\"https:\\\/\\\/www.facebook.com\\\/share\\\/1C1V8Gv9BX\\\/?mibextid=qi2Omg\",\"@patagoniambiental\",\"https:\\\/\\\/youtube.com\\\/@patagoniaambiental2023?si=BLt58t0wuXquxlYZ\"]}]}<\/script>\n<!-- \/ Yoast SEO Premium plugin. -->","yoast_head_json":{"title":"Avanzan las tareas de construcci\u00f3n del Parador de Viento","robots":{"index":"index","follow":"follow","max-snippet":"max-snippet:-1","max-image-preview":"max-image-preview:large","max-video-preview":"max-video-preview:-1"},"canonical":"https:\/\/patagoniambiental.com.ar\/info\/avanzan-las-tareas-de-construccion-del-parador-de-viento\/","og_locale":"es_ES","og_type":"article","og_title":"Avanzan las tareas de construcci\u00f3n del Parador de Viento","og_description":"Viedma.-La Municipalidad de Viedma, a trav\u00e9s de a Secretar\u00eda de Ordenamiento Territorial y Servicios P\u00fablicos, avanza con las\u00a0 tareas de [&hellip;]","og_url":"https:\/\/patagoniambiental.com.ar\/info\/avanzan-las-tareas-de-construccion-del-parador-de-viento\/","og_site_name":"Patagonia Ambiental","article_publisher":"https:\/\/www.facebook.com\/patagonia.ambiental","article_author":"https:\/\/www.facebook.com\/share\/1C1V8Gv9BX\/?mibextid=qi2Omg","article_published_time":"2017-08-09T22:00:34+00:00","og_image":[{"width":1280,"height":720,"url":"https:\/\/patagoniambiental.com.ar\/info\/wp-content\/uploads\/2017\/08\/20706952_10213559839326398_782815956_o.jpg","type":"image\/jpeg"}],"author":"Patagonia Ambiental","twitter_card":"summary_large_image","twitter_creator":"@PatAmb","twitter_site":"@PatAmb","schema":{"@context":"https:\/\/schema.org","@graph":[{"@type":"Article","@id":"https:\/\/patagoniambiental.com.ar\/info\/avanzan-las-tareas-de-construccion-del-parador-de-viento\/#article","isPartOf":{"@id":"https:\/\/patagoniambiental.com.ar\/info\/avanzan-las-tareas-de-construccion-del-parador-de-viento\/"},"author":{"name":"Patagonia Ambiental","@id":"https:\/\/patagoniambiental.com.ar\/info\/#\/schema\/person\/db12bff64bbcbf6a253710bf0ea37b5d"},"headline":"Avanzan las tareas de construcci\u00f3n del Parador de Viento","datePublished":"2017-08-09T22:00:34+00:00","mainEntityOfPage":{"@id":"https:\/\/patagoniambiental.com.ar\/info\/avanzan-las-tareas-de-construccion-del-parador-de-viento\/"},"wordCount":288,"commentCount":0,"publisher":{"@id":"https:\/\/patagoniambiental.com.ar\/info\/#organization"},"image":{"@id":"https:\/\/patagoniambiental.com.ar\/info\/avanzan-las-tareas-de-construccion-del-parador-de-viento\/#primaryimage"},"thumbnailUrl":"https:\/\/patagoniambiental.com.ar\/info\/wp-content\/uploads\/2017\/08\/20706952_10213559839326398_782815956_o.jpg","articleSection":["Municipales","Noticias"],"inLanguage":"es","potentialAction":[{"@type":"CommentAction","name":"Comment","target":["https:\/\/patagoniambiental.com.ar\/info\/avanzan-las-tareas-de-construccion-del-parador-de-viento\/#respond"]}]},{"@type":"WebPage","@id":"https:\/\/patagoniambiental.com.ar\/info\/avanzan-las-tareas-de-construccion-del-parador-de-viento\/","url":"https:\/\/patagoniambiental.com.ar\/info\/avanzan-las-tareas-de-construccion-del-parador-de-viento\/","name":"Avanzan las tareas de construcci\u00f3n del Parador de Viento","isPartOf":{"@id":"https:\/\/patagoniambiental.com.ar\/info\/#website"},"primaryImageOfPage":{"@id":"https:\/\/patagoniambiental.com.ar\/info\/avanzan-las-tareas-de-construccion-del-parador-de-viento\/#primaryimage"},"image":{"@id":"https:\/\/patagoniambiental.com.ar\/info\/avanzan-las-tareas-de-construccion-del-parador-de-viento\/#primaryimage"},"thumbnailUrl":"https:\/\/patagoniambiental.com.ar\/info\/wp-content\/uploads\/2017\/08\/20706952_10213559839326398_782815956_o.jpg","datePublished":"2017-08-09T22:00:34+00:00","breadcrumb":{"@id":"https:\/\/patagoniambiental.com.ar\/info\/avanzan-las-tareas-de-construccion-del-parador-de-viento\/#breadcrumb"},"inLanguage":"es","potentialAction":[{"@type":"ReadAction","target":["https:\/\/patagoniambiental.com.ar\/info\/avanzan-las-tareas-de-construccion-del-parador-de-viento\/"]}]},{"@type":"ImageObject","inLanguage":"es","@id":"https:\/\/patagoniambiental.com.ar\/info\/avanzan-las-tareas-de-construccion-del-parador-de-viento\/#primaryimage","url":"https:\/\/patagoniambiental.com.ar\/info\/wp-content\/uploads\/2017\/08\/20706952_10213559839326398_782815956_o.jpg","contentUrl":"https:\/\/patagoniambiental.com.ar\/info\/wp-content\/uploads\/2017\/08\/20706952_10213559839326398_782815956_o.jpg","width":1280,"height":720},{"@type":"BreadcrumbList","@id":"https:\/\/patagoniambiental.com.ar\/info\/avanzan-las-tareas-de-construccion-del-parador-de-viento\/#breadcrumb","itemListElement":[{"@type":"ListItem","position":1,"name":"Inicio","item":"https:\/\/patagoniambiental.com.ar\/info\/"},{"@type":"ListItem","position":2,"name":"Avanzan las tareas de construcci\u00f3n del Parador de Viento"}]},{"@type":"WebSite","@id":"https:\/\/patagoniambiental.com.ar\/info\/#website","url":"https:\/\/patagoniambiental.com.ar\/info\/","name":"Patagonia Ambiental","description":"Monitoreo y an\u00e1lisis de la situaci\u00f3n geopol\u00edtica en el mundo y su implicancia en la Patagonia","publisher":{"@id":"https:\/\/patagoniambiental.com.ar\/info\/#organization"},"potentialAction":[{"@type":"SearchAction","target":{"@type":"EntryPoint","urlTemplate":"https:\/\/patagoniambiental.com.ar\/info\/?s={search_term_string}"},"query-input":{"@type":"PropertyValueSpecification","valueRequired":true,"valueName":"search_term_string"}}],"inLanguage":"es"},{"@type":"Organization","@id":"https:\/\/patagoniambiental.com.ar\/info\/#organization","name":"Patagonia Ambiental","url":"https:\/\/patagoniambiental.com.ar\/info\/","logo":{"@type":"ImageObject","inLanguage":"es","@id":"https:\/\/patagoniambiental.com.ar\/info\/#\/schema\/logo\/image\/","url":"https:\/\/patagoniambiental.com.ar\/info\/wp-content\/uploads\/2025\/05\/LOGO-PATAGONIA-AMBIENTAL.png","contentUrl":"https:\/\/patagoniambiental.com.ar\/info\/wp-content\/uploads\/2025\/05\/LOGO-PATAGONIA-AMBIENTAL.png","width":433,"height":250,"caption":"Patagonia Ambiental"},"image":{"@id":"https:\/\/patagoniambiental.com.ar\/info\/#\/schema\/logo\/image\/"},"sameAs":["https:\/\/www.facebook.com\/patagonia.ambiental","https:\/\/x.com\/PatAmb"]},{"@type":"Person","@id":"https:\/\/patagoniambiental.com.ar\/info\/#\/schema\/person\/db12bff64bbcbf6a253710bf0ea37b5d","name":"Patagonia Ambiental","description":"Andr\u00e9s Nievas T\u00e9cnico en manejo ambiental, consultor Ambiental y escritor para medios locales e internacionales sobre temas de geopolitica y medio ambiente.","sameAs":["http:\/\/www.patagoniambiental.com.ar","https:\/\/www.facebook.com\/share\/1C1V8Gv9BX\/?mibextid=qi2Omg","@patagoniambiental","https:\/\/youtube.com\/@patagoniaambiental2023?si=BLt58t0wuXquxlYZ"]}]}},"_links":{"self":[{"href":"https:\/\/patagoniambiental.com.ar\/info\/wp-json\/wp\/v2\/posts\/32988","targetHints":{"allow":["GET"]}}],"collection":[{"href":"https:\/\/patagoniambiental.com.ar\/info\/wp-json\/wp\/v2\/posts"}],"about":[{"href":"https:\/\/patagoniambiental.com.ar\/info\/wp-json\/wp\/v2\/types\/post"}],"author":[{"embeddable":true,"href":"https:\/\/patagoniambiental.com.ar\/info\/wp-json\/wp\/v2\/users\/2"}],"replies":[{"embeddable":true,"href":"https:\/\/patagoniambiental.com.ar\/info\/wp-json\/wp\/v2\/comments?post=32988"}],"version-history":[{"count":0,"href":"https:\/\/patagoniambiental.com.ar\/info\/wp-json\/wp\/v2\/posts\/32988\/revisions"}],"wp:featuredmedia":[{"embeddable":true,"href":"https:\/\/patagoniambiental.com.ar\/info\/wp-json\/wp\/v2\/media\/32990"}],"wp:attachment":[{"href":"https:\/\/patagoniambiental.com.ar\/info\/wp-json\/wp\/v2\/media?parent=32988"}],"wp:term":[{"taxonomy":"category","embeddable":true,"href":"https:\/\/patagoniambiental.com.ar\/info\/wp-json\/wp\/v2\/categories?post=32988"},{"taxonomy":"post_tag","embeddable":true,"href":"https:\/\/patagoniambiental.com.ar\/info\/wp-json\/wp\/v2\/tags?post=32988"}],"curies":[{"name":"wp","href":"https:\/\/api.w.org\/{rel}","templated":true}]}}