{"id":32992,"date":"2017-08-08T09:00:18","date_gmt":"2017-08-08T12:00:18","guid":{"rendered":"http:\/\/patagoniambiental.com.ar\/info\/?p=32992"},"modified":"2017-08-09T11:50:14","modified_gmt":"2017-08-09T14:50:14","slug":"en-el-congreso-geologico-podes-aprender-todo-sobre-vaca-muerta","status":"publish","type":"post","link":"https:\/\/patagoniambiental.com.ar\/info\/en-el-congreso-geologico-podes-aprender-todo-sobre-vaca-muerta\/","title":{"rendered":"En el Congreso Geol\u00f3gico pod\u00e9s aprender todo sobre Vaca Muerta"},"content":{"rendered":"<div class=\"col-lg-12 col-md-12 col-sm-12\"><\/div>\n<div id=\"parent_1\" class=\"col-lg-8 col-md-12 col-sm-12\">\n<p>Buenos Aires.-Varios cientos de personas poblaron ayer el sal\u00f3n de convenciones del Sheraton. Y en el exterior, el tr\u00e1iler de YPF sedujo a los visitantes.<\/p>\n<p><!--more--><\/p>\n<div class=\"image\">\n<div class=\"icons\"><\/div>\n<div id=\"demo-test-gallery\" class=\"demo-gallery\" data-pswp-uid=\"1\"><a class=\"\" href=\"http:\/\/img.lagaceta.com.ar\/fotos\/notas\/2017\/08\/08\/740026_201708072010560000001.jpg\" data-size=\"970x646\" data-med=\"http:\/\/img.lagaceta.com.ar\/fotos\/notas\/2017\/08\/08\/740026_201708072010560000001.jpg\" data-med-size=\"970x646\" data-author=\"ENCUENTROS, CONSULTAS, DEBATES. La febril actividad de la jornada inaugural del XX Congreso Geol\u00f3gico incluy\u00f3 stands cient\u00edficos y comerciales. LA GACETA \/ FOTOS DE IN\u00c9S QUINTEROS ORIO.-\"><img decoding=\"async\" src=\"http:\/\/img.lagaceta.com.ar\/fotos\/notas\/2017\/08\/08\/740026_201708072010560000001.jpg\" \/><\/a><\/div>\n<div class=\"imgFoot\">\n<p>ENCUENTROS, CONSULTAS, DEBATES. La febril actividad de la jornada inaugural del XX Congreso Geol\u00f3gico incluy\u00f3 stands cient\u00edficos y comerciales. LA GACETA \/ FOTOS DE IN\u00c9S QUINTEROS ORIO.-<\/p>\n<\/div>\n<\/div>\n<div class=\"newsBody\">\n<div id=\"_mcePaste\">Para hoy<\/div>\n<div id=\"_mcePaste\"><\/div>\n<div id=\"_mcePaste\">n Entre las 8 y las 12, en el sal\u00f3n Aconquija, del Sheraton, debates sobre riesgo geol\u00f3gico y geolog\u00eda ambiental.<\/div>\n<div id=\"_mcePaste\"><\/div>\n<div id=\"_mcePaste\">n A las 17, en el sal\u00f3n 9 de Julio, del Sheraton, conferencia \u201c\u00bfPodr\u00e1n sobrevivir las ciudades del futuro sin las aguas subterr\u00e1neas?\u201d.<\/div>\n<div id=\"_mcePaste\"><\/div>\n<div id=\"_mcePaste\">n A las 18, tambi\u00e9n en el sal\u00f3n 9 de Julio, mesa redonda sobre recursos naturales.<\/div>\n<div><\/div>\n<p><i><b>Para hoy\u00a0<\/b><br \/>\n<b>&#8211;<\/b>\u00a0Entre las 8 y las 12, en el sal\u00f3n Aconquija, del Sheraton, debates sobre riesgo geol\u00f3gico y geolog\u00eda ambiental.<br \/>\n<b>&#8211;\u00a0<\/b>A las 17, en el sal\u00f3n 9 de Julio, del Sheraton, conferencia \u201c\u00bfPodr\u00e1n sobrevivir las ciudades del futuro sin las aguas subterr\u00e1neas?\u201d.<br \/>\n<b>&#8211;<\/b>\u00a0A las 18, tambi\u00e9n en el sal\u00f3n 9 de Julio, mesa redonda sobre recursos naturales.\u00a0<\/i><\/p>\n<div class=\"add in\"><\/div>\n<p>No solo se dijo, se escribi\u00f3, se ense\u00f1\u00f3 y se debati\u00f3 sobre la Tierra. Antes de todo ello, la Tierra (la nuestra, la del norte) fue expresada en m\u00fasica, regalada por los chicos de la orquesta Rolando \u201cChivo\u201d Valladares, del Centro Comunitario Mate Cocido, dirigida por\u00a0<b>Rony L\u00f3pez<\/b>. Despu\u00e9s, la m\u00fasica de todos (el Himno Nacional) las presentaciones y las bienvenidas terminaron de abrir simb\u00f3licamente las puertas del XX Congreso Geol\u00f3gico Argentino.<\/p>\n<p>Las puertas f\u00edsicas estaban abiertas desde hac\u00eda largo rato, y el\u00a0<i>foyer<\/i>\u00a0del centro de convenciones del hotel Sheraton (una de las dos sedes del evento, la otra es el Catalinas Park) parec\u00eda un hormiguero. La actividad era febril.<\/p>\n<p><b>Apto para todo p\u00fablico<\/b><\/p>\n<p>El congreso no se lleva adelante solo puertas adentro: sobre la avenida Soldati, un tr\u00e1iler de YPF espera a los tucumanos.<\/p>\n<p>\u201cEspecialmente, a los j\u00f3venes\u201d, destac\u00f3\u00a0<b>Juan<\/b>, licenciado en Medio Ambiente y uno de los gu\u00edas de YPF (que prefirieron no dar su apellido). \u201cQueremos, entre otros objetivos, mostrar c\u00f3mo se obtiene el petr\u00f3leo. Y queremos contarles especialmente sobre el gran yacimiento de Vaca Muerta\u201d, a\u00f1adi\u00f3.<\/p>\n<p>Como para que te ubiques: Vaca Muerta es un yacimiento enorme (abarca territorios de las provincias de Neuqu\u00e9n, R\u00edo Negro, La Pampa y Mendoza), y se calcula que, puesto a producir, alcanzar\u00e1 los 27.000 millones de barriles, lo que significa multiplicar por 10 las actuales reservas petroleras de la Argentina.<\/p>\n<p>\u201cNo es un yacimiento convencional, por el tipo de rocas: son menos permeables y no basta una simple perforaci\u00f3n. Esto obliga a usar un medio de extracci\u00f3n que tampoco es convencional, llamado estimulaci\u00f3n hidr\u00e1ulica\u201d, explic\u00f3\u00a0<b>Pablo<\/b>, que es ge\u00f3logo.<\/p>\n<p>\u201cEn el tr\u00e1iler les mostramos c\u00f3mo se procede para extraer el petr\u00f3leo, pero adem\u00e1s, y fundamentalmente, la importancia de las disciplinas como las ingenier\u00edas, la geolog\u00eda y la geof\u00edsica, entre otras. El campo laboral es muy amplio y el trabajo en equipo, fundamental\u201d, a\u00f1adi\u00f3.<\/p>\n<p>El tr\u00e1iler est\u00e1 disponible todo el d\u00eda (hasta las 18) y se queda frente al parque 9 de Julio hasta que termine el congreso, el viernes.<\/p>\n<p><b>Puertas adentro<\/b><\/p>\n<p>Despu\u00e9s de la inauguraci\u00f3n arrancaron las primeras actividades masivas en el auditorio: la presentaci\u00f3n del libro \u201cGeolog\u00eda imprescindible\u201d, con coordinaci\u00f3n editorial de\u00a0<b>Jos\u00e9 Pablo L\u00f3pez<\/b>, y la primera de las conferencias magistrales.<\/p>\n<p>Mientras, en el\u00a0<i>foyer<\/i>, la actividad era incesante: decenas de\u00a0<i>stands<\/i>\u00a0informativos y comerciales atrapaban la atenci\u00f3n del p\u00fablico. Y en este, la diversidad era el denominador com\u00fan: estudiantes, graduados y docentes medios que portaban rastas morenas, barbas severas o cabezas canas; vestidos con jeans, y sosteniendo mates y termos, pero tambi\u00e9n con formales trajes o tacos aguja; hablando en ingl\u00e9s, en \u201cespa\u00f1ol de Espa\u00f1a\u201d, o con cadencias chilenas, cordobesas, riojanas, algunas complicadas de descifrar&#8230; y tucumanas, claro.<\/p>\n<p><b>Lea Leuzinger,<\/b>\u00a0por ejemplo, es paleont\u00f3loga e investiga huevos de dinosaurios; vino de La Rioja, pero es franco suiza. Habla muy bien castellano, aunque se le escapa Suiza de vez en cuando.<\/p>\n<p>En la misma zona en que se desempe\u00f1a Lea buscan las rocas grant\u00edticas con las que trabajan\u00a0<b>Marcos Macchioli Grande<\/b>,\u00a0<b>Sebasti\u00e1n Rocher, Gimena Uran\u00a0<\/b>(que en realidad es de Chubut) y\u00a0<b>Virginia Reinoso.<\/b>\u00a0\u201c\u00a1Y los cinco compartimos tambi\u00e9n oficina!, cont\u00f3 Marcos. Todos est\u00e1n entusiasmados con la posibilidad de aprender cosas nuevas, actualizar las que conocen y tejer redes profesionales. \u201cEs tan bueno como esper\u00e1bamos\u201d, afirm\u00f3 Marcos. \u201c\u00a1Las mejores medialunas saladas que comimos en mucho tiempo\u201d, agreg\u00f3 muerto de risa.<\/p>\n<p>Con ellos conversaba\u00a0<b>Fernando Lavi\u00e9<\/b>, tambi\u00e9n paleont\u00f3logo, pero cordob\u00e9s. Es becario del Conicet e investiga braqui\u00f3podos inarticulados (\u201cuna especie de almeja\u201d, explica, piadoso, ante la cara de \u201csusto\u201d de la cronista) hallados en la precordillera argentina. \u201cVivieron hace unos 400 millones de a\u00f1os, y, adem\u00e1s de permitir conocer c\u00f3mo era la fauna de esa \u00e9poca, su presencia ayuda a hacer una dataci\u00f3n aproximada de las rocas\u201d, explic\u00f3.<\/p>\n<p>Ellos son s\u00f3lo una peque\u00f1\u00edsima muestra de la poblaci\u00f3n del Congreso Geol\u00f3gico, tan variada como el propio temario, para el que har\u00e1n falta sesiones simult\u00e1neas y en ambas sedes (la otra es el Catalinas Park) porque los 800 expositores no tendr\u00e1n tiempo material de escucharse unos a otros en cinco d\u00edas.<\/p>\n<p>\u00c1mbitos tan variados como soberan\u00eda, miner\u00eda, matriz energ\u00e9tica argentina, los riesgos geol\u00f3gicos, el desarrollo sostenible y la formaci\u00f3n de los docentes medios para que ellos ense\u00f1en bien las ciencias de la Tierra, entre otros, ser\u00e1n sometidos a debate esta semana, y los organizadores esperan la participaci\u00f3n de los interesados, sin necesidad de que sean ge\u00f3logos. Acercate: hay mucho para aprender.<\/p>\n<p>Fuente:\u00a0http:\/\/www.lagaceta.com.ar\/nota\/740026\/actualidad\/congreso-geologico-podes-aprender-todo-sobre-vaca-muerta.html<\/p>\n<\/div>\n<\/div>\n<p>&nbsp;<\/p>\n","protected":false},"excerpt":{"rendered":"<p>Buenos Aires.-Varios cientos de personas poblaron ayer el sal\u00f3n de convenciones del Sheraton. Y en el exterior, el tr\u00e1iler de [&hellip;]<\/p>\n","protected":false},"author":2,"featured_media":32993,"comment_status":"open","ping_status":"open","sticky":false,"template":"","format":"standard","meta":{"site-sidebar-layout":"default","site-content-layout":"","ast-site-content-layout":"default","site-content-style":"default","site-sidebar-style":"default","ast-global-header-display":"","ast-banner-title-visibility":"","ast-main-header-display":"","ast-hfb-above-header-display":"","ast-hfb-below-header-display":"","ast-hfb-mobile-header-display":"","site-post-title":"","ast-breadcrumbs-content":"","ast-featured-img":"","footer-sml-layout":"","ast-disable-related-posts":"","theme-transparent-header-meta":"","adv-header-id-meta":"","stick-header-meta":"","header-above-stick-meta":"","header-main-stick-meta":"","header-below-stick-meta":"","astra-migrate-meta-layouts":"default","ast-page-background-enabled":"default","ast-page-background-meta":{"desktop":{"background-color":"var(--ast-global-color-5)","background-image":"","background-repeat":"repeat","background-position":"center center","background-size":"auto","background-attachment":"scroll","background-type":"","background-media":"","overlay-type":"","overlay-color":"","overlay-opacity":"","overlay-gradient":""},"tablet":{"background-color":"","background-image":"","background-repeat":"repeat","background-position":"center center","background-size":"auto","background-attachment":"scroll","background-type":"","background-media":"","overlay-type":"","overlay-color":"","overlay-opacity":"","overlay-gradient":""},"mobile":{"background-color":"","background-image":"","background-repeat":"repeat","background-position":"center center","background-size":"auto","background-attachment":"scroll","background-type":"","background-media":"","overlay-type":"","overlay-color":"","overlay-opacity":"","overlay-gradient":""}},"ast-content-background-meta":{"desktop":{"background-color":"var(--ast-global-color-4)","background-image":"","background-repeat":"repeat","background-position":"center center","background-size":"auto","background-attachment":"scroll","background-type":"","background-media":"","overlay-type":"","overlay-color":"","overlay-opacity":"","overlay-gradient":""},"tablet":{"background-color":"var(--ast-global-color-4)","background-image":"","background-repeat":"repeat","background-position":"center center","background-size":"auto","background-attachment":"scroll","background-type":"","background-media":"","overlay-type":"","overlay-color":"","overlay-opacity":"","overlay-gradient":""},"mobile":{"background-color":"var(--ast-global-color-4)","background-image":"","background-repeat":"repeat","background-position":"center center","background-size":"auto","background-attachment":"scroll","background-type":"","background-media":"","overlay-type":"","overlay-color":"","overlay-opacity":"","overlay-gradient":""}},"footnotes":""},"categories":[12,1],"tags":[],"class_list":["post-32992","post","type-post","status-publish","format-standard","has-post-thumbnail","hentry","category-agenda-ambiental","category-noticias"],"yoast_head":"<!-- This site is optimized with the Yoast SEO Premium plugin v23.0 (Yoast SEO v27.5) - https:\/\/yoast.com\/product\/yoast-seo-premium-wordpress\/ -->\n<title>En el Congreso Geol\u00f3gico pod\u00e9s aprender todo sobre Vaca Muerta<\/title>\n<meta name=\"robots\" content=\"index, follow, max-snippet:-1, max-image-preview:large, max-video-preview:-1\" \/>\n<link rel=\"canonical\" href=\"https:\/\/patagoniambiental.com.ar\/info\/en-el-congreso-geologico-podes-aprender-todo-sobre-vaca-muerta\/\" \/>\n<meta property=\"og:locale\" content=\"es_ES\" \/>\n<meta property=\"og:type\" content=\"article\" \/>\n<meta property=\"og:title\" content=\"En el Congreso Geol\u00f3gico pod\u00e9s aprender todo sobre Vaca Muerta\" \/>\n<meta property=\"og:description\" content=\"Buenos Aires.-Varios cientos de personas poblaron ayer el sal\u00f3n de convenciones del Sheraton. Y en el exterior, el tr\u00e1iler de [&hellip;]\" \/>\n<meta property=\"og:url\" content=\"https:\/\/patagoniambiental.com.ar\/info\/en-el-congreso-geologico-podes-aprender-todo-sobre-vaca-muerta\/\" \/>\n<meta property=\"og:site_name\" content=\"Patagonia Ambiental\" \/>\n<meta property=\"article:publisher\" content=\"https:\/\/www.facebook.com\/patagonia.ambiental\" \/>\n<meta property=\"article:author\" content=\"https:\/\/www.facebook.com\/share\/1C1V8Gv9BX\/?mibextid=qi2Omg\" \/>\n<meta property=\"article:published_time\" content=\"2017-08-08T12:00:18+00:00\" \/>\n<meta property=\"article:modified_time\" content=\"2017-08-09T14:50:14+00:00\" \/>\n<meta property=\"og:image\" content=\"https:\/\/patagoniambiental.com.ar\/info\/wp-content\/uploads\/2017\/08\/740026_201708072010560000001.jpg\" \/>\n\t<meta property=\"og:image:width\" content=\"970\" \/>\n\t<meta property=\"og:image:height\" content=\"646\" \/>\n\t<meta property=\"og:image:type\" content=\"image\/jpeg\" \/>\n<meta name=\"author\" content=\"Patagonia Ambiental\" \/>\n<meta name=\"twitter:card\" content=\"summary_large_image\" \/>\n<meta name=\"twitter:creator\" content=\"@PatAmb\" \/>\n<meta name=\"twitter:site\" content=\"@PatAmb\" \/>\n<script type=\"application\/ld+json\" class=\"yoast-schema-graph\">{\"@context\":\"https:\\\/\\\/schema.org\",\"@graph\":[{\"@type\":\"Article\",\"@id\":\"https:\\\/\\\/patagoniambiental.com.ar\\\/info\\\/en-el-congreso-geologico-podes-aprender-todo-sobre-vaca-muerta\\\/#article\",\"isPartOf\":{\"@id\":\"https:\\\/\\\/patagoniambiental.com.ar\\\/info\\\/en-el-congreso-geologico-podes-aprender-todo-sobre-vaca-muerta\\\/\"},\"author\":{\"name\":\"Patagonia Ambiental\",\"@id\":\"https:\\\/\\\/patagoniambiental.com.ar\\\/info\\\/#\\\/schema\\\/person\\\/db12bff64bbcbf6a253710bf0ea37b5d\"},\"headline\":\"En el Congreso Geol\u00f3gico pod\u00e9s aprender todo sobre Vaca Muerta\",\"datePublished\":\"2017-08-08T12:00:18+00:00\",\"dateModified\":\"2017-08-09T14:50:14+00:00\",\"mainEntityOfPage\":{\"@id\":\"https:\\\/\\\/patagoniambiental.com.ar\\\/info\\\/en-el-congreso-geologico-podes-aprender-todo-sobre-vaca-muerta\\\/\"},\"wordCount\":1020,\"commentCount\":0,\"publisher\":{\"@id\":\"https:\\\/\\\/patagoniambiental.com.ar\\\/info\\\/#organization\"},\"image\":{\"@id\":\"https:\\\/\\\/patagoniambiental.com.ar\\\/info\\\/en-el-congreso-geologico-podes-aprender-todo-sobre-vaca-muerta\\\/#primaryimage\"},\"thumbnailUrl\":\"https:\\\/\\\/patagoniambiental.com.ar\\\/info\\\/wp-content\\\/uploads\\\/2017\\\/08\\\/740026_201708072010560000001.jpg\",\"articleSection\":[\"Agenda Ambiental\",\"Noticias\"],\"inLanguage\":\"es\",\"potentialAction\":[{\"@type\":\"CommentAction\",\"name\":\"Comment\",\"target\":[\"https:\\\/\\\/patagoniambiental.com.ar\\\/info\\\/en-el-congreso-geologico-podes-aprender-todo-sobre-vaca-muerta\\\/#respond\"]}]},{\"@type\":\"WebPage\",\"@id\":\"https:\\\/\\\/patagoniambiental.com.ar\\\/info\\\/en-el-congreso-geologico-podes-aprender-todo-sobre-vaca-muerta\\\/\",\"url\":\"https:\\\/\\\/patagoniambiental.com.ar\\\/info\\\/en-el-congreso-geologico-podes-aprender-todo-sobre-vaca-muerta\\\/\",\"name\":\"En el Congreso Geol\u00f3gico pod\u00e9s aprender todo sobre Vaca Muerta\",\"isPartOf\":{\"@id\":\"https:\\\/\\\/patagoniambiental.com.ar\\\/info\\\/#website\"},\"primaryImageOfPage\":{\"@id\":\"https:\\\/\\\/patagoniambiental.com.ar\\\/info\\\/en-el-congreso-geologico-podes-aprender-todo-sobre-vaca-muerta\\\/#primaryimage\"},\"image\":{\"@id\":\"https:\\\/\\\/patagoniambiental.com.ar\\\/info\\\/en-el-congreso-geologico-podes-aprender-todo-sobre-vaca-muerta\\\/#primaryimage\"},\"thumbnailUrl\":\"https:\\\/\\\/patagoniambiental.com.ar\\\/info\\\/wp-content\\\/uploads\\\/2017\\\/08\\\/740026_201708072010560000001.jpg\",\"datePublished\":\"2017-08-08T12:00:18+00:00\",\"dateModified\":\"2017-08-09T14:50:14+00:00\",\"breadcrumb\":{\"@id\":\"https:\\\/\\\/patagoniambiental.com.ar\\\/info\\\/en-el-congreso-geologico-podes-aprender-todo-sobre-vaca-muerta\\\/#breadcrumb\"},\"inLanguage\":\"es\",\"potentialAction\":[{\"@type\":\"ReadAction\",\"target\":[\"https:\\\/\\\/patagoniambiental.com.ar\\\/info\\\/en-el-congreso-geologico-podes-aprender-todo-sobre-vaca-muerta\\\/\"]}]},{\"@type\":\"ImageObject\",\"inLanguage\":\"es\",\"@id\":\"https:\\\/\\\/patagoniambiental.com.ar\\\/info\\\/en-el-congreso-geologico-podes-aprender-todo-sobre-vaca-muerta\\\/#primaryimage\",\"url\":\"https:\\\/\\\/patagoniambiental.com.ar\\\/info\\\/wp-content\\\/uploads\\\/2017\\\/08\\\/740026_201708072010560000001.jpg\",\"contentUrl\":\"https:\\\/\\\/patagoniambiental.com.ar\\\/info\\\/wp-content\\\/uploads\\\/2017\\\/08\\\/740026_201708072010560000001.jpg\",\"width\":970,\"height\":646},{\"@type\":\"BreadcrumbList\",\"@id\":\"https:\\\/\\\/patagoniambiental.com.ar\\\/info\\\/en-el-congreso-geologico-podes-aprender-todo-sobre-vaca-muerta\\\/#breadcrumb\",\"itemListElement\":[{\"@type\":\"ListItem\",\"position\":1,\"name\":\"Inicio\",\"item\":\"https:\\\/\\\/patagoniambiental.com.ar\\\/info\\\/\"},{\"@type\":\"ListItem\",\"position\":2,\"name\":\"En el Congreso Geol\u00f3gico pod\u00e9s aprender todo sobre Vaca Muerta\"}]},{\"@type\":\"WebSite\",\"@id\":\"https:\\\/\\\/patagoniambiental.com.ar\\\/info\\\/#website\",\"url\":\"https:\\\/\\\/patagoniambiental.com.ar\\\/info\\\/\",\"name\":\"Patagonia Ambiental\",\"description\":\"Monitoreo y an\u00e1lisis de la situaci\u00f3n geopol\u00edtica en el mundo y su implicancia en la Patagonia\",\"publisher\":{\"@id\":\"https:\\\/\\\/patagoniambiental.com.ar\\\/info\\\/#organization\"},\"potentialAction\":[{\"@type\":\"SearchAction\",\"target\":{\"@type\":\"EntryPoint\",\"urlTemplate\":\"https:\\\/\\\/patagoniambiental.com.ar\\\/info\\\/?s={search_term_string}\"},\"query-input\":{\"@type\":\"PropertyValueSpecification\",\"valueRequired\":true,\"valueName\":\"search_term_string\"}}],\"inLanguage\":\"es\"},{\"@type\":\"Organization\",\"@id\":\"https:\\\/\\\/patagoniambiental.com.ar\\\/info\\\/#organization\",\"name\":\"Patagonia Ambiental\",\"url\":\"https:\\\/\\\/patagoniambiental.com.ar\\\/info\\\/\",\"logo\":{\"@type\":\"ImageObject\",\"inLanguage\":\"es\",\"@id\":\"https:\\\/\\\/patagoniambiental.com.ar\\\/info\\\/#\\\/schema\\\/logo\\\/image\\\/\",\"url\":\"https:\\\/\\\/patagoniambiental.com.ar\\\/info\\\/wp-content\\\/uploads\\\/2025\\\/05\\\/LOGO-PATAGONIA-AMBIENTAL.png\",\"contentUrl\":\"https:\\\/\\\/patagoniambiental.com.ar\\\/info\\\/wp-content\\\/uploads\\\/2025\\\/05\\\/LOGO-PATAGONIA-AMBIENTAL.png\",\"width\":433,\"height\":250,\"caption\":\"Patagonia Ambiental\"},\"image\":{\"@id\":\"https:\\\/\\\/patagoniambiental.com.ar\\\/info\\\/#\\\/schema\\\/logo\\\/image\\\/\"},\"sameAs\":[\"https:\\\/\\\/www.facebook.com\\\/patagonia.ambiental\",\"https:\\\/\\\/x.com\\\/PatAmb\"]},{\"@type\":\"Person\",\"@id\":\"https:\\\/\\\/patagoniambiental.com.ar\\\/info\\\/#\\\/schema\\\/person\\\/db12bff64bbcbf6a253710bf0ea37b5d\",\"name\":\"Patagonia Ambiental\",\"description\":\"Andr\u00e9s Nievas T\u00e9cnico en manejo ambiental, consultor Ambiental y escritor para medios locales e internacionales sobre temas de geopolitica y medio ambiente.\",\"sameAs\":[\"http:\\\/\\\/www.patagoniambiental.com.ar\",\"https:\\\/\\\/www.facebook.com\\\/share\\\/1C1V8Gv9BX\\\/?mibextid=qi2Omg\",\"@patagoniambiental\",\"https:\\\/\\\/youtube.com\\\/@patagoniaambiental2023?si=BLt58t0wuXquxlYZ\"]}]}<\/script>\n<!-- \/ Yoast SEO Premium plugin. -->","yoast_head_json":{"title":"En el Congreso Geol\u00f3gico pod\u00e9s aprender todo sobre Vaca Muerta","robots":{"index":"index","follow":"follow","max-snippet":"max-snippet:-1","max-image-preview":"max-image-preview:large","max-video-preview":"max-video-preview:-1"},"canonical":"https:\/\/patagoniambiental.com.ar\/info\/en-el-congreso-geologico-podes-aprender-todo-sobre-vaca-muerta\/","og_locale":"es_ES","og_type":"article","og_title":"En el Congreso Geol\u00f3gico pod\u00e9s aprender todo sobre Vaca Muerta","og_description":"Buenos Aires.-Varios cientos de personas poblaron ayer el sal\u00f3n de convenciones del Sheraton. Y en el exterior, el tr\u00e1iler de [&hellip;]","og_url":"https:\/\/patagoniambiental.com.ar\/info\/en-el-congreso-geologico-podes-aprender-todo-sobre-vaca-muerta\/","og_site_name":"Patagonia Ambiental","article_publisher":"https:\/\/www.facebook.com\/patagonia.ambiental","article_author":"https:\/\/www.facebook.com\/share\/1C1V8Gv9BX\/?mibextid=qi2Omg","article_published_time":"2017-08-08T12:00:18+00:00","article_modified_time":"2017-08-09T14:50:14+00:00","og_image":[{"width":970,"height":646,"url":"https:\/\/patagoniambiental.com.ar\/info\/wp-content\/uploads\/2017\/08\/740026_201708072010560000001.jpg","type":"image\/jpeg"}],"author":"Patagonia Ambiental","twitter_card":"summary_large_image","twitter_creator":"@PatAmb","twitter_site":"@PatAmb","schema":{"@context":"https:\/\/schema.org","@graph":[{"@type":"Article","@id":"https:\/\/patagoniambiental.com.ar\/info\/en-el-congreso-geologico-podes-aprender-todo-sobre-vaca-muerta\/#article","isPartOf":{"@id":"https:\/\/patagoniambiental.com.ar\/info\/en-el-congreso-geologico-podes-aprender-todo-sobre-vaca-muerta\/"},"author":{"name":"Patagonia Ambiental","@id":"https:\/\/patagoniambiental.com.ar\/info\/#\/schema\/person\/db12bff64bbcbf6a253710bf0ea37b5d"},"headline":"En el Congreso Geol\u00f3gico pod\u00e9s aprender todo sobre Vaca Muerta","datePublished":"2017-08-08T12:00:18+00:00","dateModified":"2017-08-09T14:50:14+00:00","mainEntityOfPage":{"@id":"https:\/\/patagoniambiental.com.ar\/info\/en-el-congreso-geologico-podes-aprender-todo-sobre-vaca-muerta\/"},"wordCount":1020,"commentCount":0,"publisher":{"@id":"https:\/\/patagoniambiental.com.ar\/info\/#organization"},"image":{"@id":"https:\/\/patagoniambiental.com.ar\/info\/en-el-congreso-geologico-podes-aprender-todo-sobre-vaca-muerta\/#primaryimage"},"thumbnailUrl":"https:\/\/patagoniambiental.com.ar\/info\/wp-content\/uploads\/2017\/08\/740026_201708072010560000001.jpg","articleSection":["Agenda Ambiental","Noticias"],"inLanguage":"es","potentialAction":[{"@type":"CommentAction","name":"Comment","target":["https:\/\/patagoniambiental.com.ar\/info\/en-el-congreso-geologico-podes-aprender-todo-sobre-vaca-muerta\/#respond"]}]},{"@type":"WebPage","@id":"https:\/\/patagoniambiental.com.ar\/info\/en-el-congreso-geologico-podes-aprender-todo-sobre-vaca-muerta\/","url":"https:\/\/patagoniambiental.com.ar\/info\/en-el-congreso-geologico-podes-aprender-todo-sobre-vaca-muerta\/","name":"En el Congreso Geol\u00f3gico pod\u00e9s aprender todo sobre Vaca Muerta","isPartOf":{"@id":"https:\/\/patagoniambiental.com.ar\/info\/#website"},"primaryImageOfPage":{"@id":"https:\/\/patagoniambiental.com.ar\/info\/en-el-congreso-geologico-podes-aprender-todo-sobre-vaca-muerta\/#primaryimage"},"image":{"@id":"https:\/\/patagoniambiental.com.ar\/info\/en-el-congreso-geologico-podes-aprender-todo-sobre-vaca-muerta\/#primaryimage"},"thumbnailUrl":"https:\/\/patagoniambiental.com.ar\/info\/wp-content\/uploads\/2017\/08\/740026_201708072010560000001.jpg","datePublished":"2017-08-08T12:00:18+00:00","dateModified":"2017-08-09T14:50:14+00:00","breadcrumb":{"@id":"https:\/\/patagoniambiental.com.ar\/info\/en-el-congreso-geologico-podes-aprender-todo-sobre-vaca-muerta\/#breadcrumb"},"inLanguage":"es","potentialAction":[{"@type":"ReadAction","target":["https:\/\/patagoniambiental.com.ar\/info\/en-el-congreso-geologico-podes-aprender-todo-sobre-vaca-muerta\/"]}]},{"@type":"ImageObject","inLanguage":"es","@id":"https:\/\/patagoniambiental.com.ar\/info\/en-el-congreso-geologico-podes-aprender-todo-sobre-vaca-muerta\/#primaryimage","url":"https:\/\/patagoniambiental.com.ar\/info\/wp-content\/uploads\/2017\/08\/740026_201708072010560000001.jpg","contentUrl":"https:\/\/patagoniambiental.com.ar\/info\/wp-content\/uploads\/2017\/08\/740026_201708072010560000001.jpg","width":970,"height":646},{"@type":"BreadcrumbList","@id":"https:\/\/patagoniambiental.com.ar\/info\/en-el-congreso-geologico-podes-aprender-todo-sobre-vaca-muerta\/#breadcrumb","itemListElement":[{"@type":"ListItem","position":1,"name":"Inicio","item":"https:\/\/patagoniambiental.com.ar\/info\/"},{"@type":"ListItem","position":2,"name":"En el Congreso Geol\u00f3gico pod\u00e9s aprender todo sobre Vaca Muerta"}]},{"@type":"WebSite","@id":"https:\/\/patagoniambiental.com.ar\/info\/#website","url":"https:\/\/patagoniambiental.com.ar\/info\/","name":"Patagonia Ambiental","description":"Monitoreo y an\u00e1lisis de la situaci\u00f3n geopol\u00edtica en el mundo y su implicancia en la Patagonia","publisher":{"@id":"https:\/\/patagoniambiental.com.ar\/info\/#organization"},"potentialAction":[{"@type":"SearchAction","target":{"@type":"EntryPoint","urlTemplate":"https:\/\/patagoniambiental.com.ar\/info\/?s={search_term_string}"},"query-input":{"@type":"PropertyValueSpecification","valueRequired":true,"valueName":"search_term_string"}}],"inLanguage":"es"},{"@type":"Organization","@id":"https:\/\/patagoniambiental.com.ar\/info\/#organization","name":"Patagonia Ambiental","url":"https:\/\/patagoniambiental.com.ar\/info\/","logo":{"@type":"ImageObject","inLanguage":"es","@id":"https:\/\/patagoniambiental.com.ar\/info\/#\/schema\/logo\/image\/","url":"https:\/\/patagoniambiental.com.ar\/info\/wp-content\/uploads\/2025\/05\/LOGO-PATAGONIA-AMBIENTAL.png","contentUrl":"https:\/\/patagoniambiental.com.ar\/info\/wp-content\/uploads\/2025\/05\/LOGO-PATAGONIA-AMBIENTAL.png","width":433,"height":250,"caption":"Patagonia Ambiental"},"image":{"@id":"https:\/\/patagoniambiental.com.ar\/info\/#\/schema\/logo\/image\/"},"sameAs":["https:\/\/www.facebook.com\/patagonia.ambiental","https:\/\/x.com\/PatAmb"]},{"@type":"Person","@id":"https:\/\/patagoniambiental.com.ar\/info\/#\/schema\/person\/db12bff64bbcbf6a253710bf0ea37b5d","name":"Patagonia Ambiental","description":"Andr\u00e9s Nievas T\u00e9cnico en manejo ambiental, consultor Ambiental y escritor para medios locales e internacionales sobre temas de geopolitica y medio ambiente.","sameAs":["http:\/\/www.patagoniambiental.com.ar","https:\/\/www.facebook.com\/share\/1C1V8Gv9BX\/?mibextid=qi2Omg","@patagoniambiental","https:\/\/youtube.com\/@patagoniaambiental2023?si=BLt58t0wuXquxlYZ"]}]}},"_links":{"self":[{"href":"https:\/\/patagoniambiental.com.ar\/info\/wp-json\/wp\/v2\/posts\/32992","targetHints":{"allow":["GET"]}}],"collection":[{"href":"https:\/\/patagoniambiental.com.ar\/info\/wp-json\/wp\/v2\/posts"}],"about":[{"href":"https:\/\/patagoniambiental.com.ar\/info\/wp-json\/wp\/v2\/types\/post"}],"author":[{"embeddable":true,"href":"https:\/\/patagoniambiental.com.ar\/info\/wp-json\/wp\/v2\/users\/2"}],"replies":[{"embeddable":true,"href":"https:\/\/patagoniambiental.com.ar\/info\/wp-json\/wp\/v2\/comments?post=32992"}],"version-history":[{"count":0,"href":"https:\/\/patagoniambiental.com.ar\/info\/wp-json\/wp\/v2\/posts\/32992\/revisions"}],"wp:featuredmedia":[{"embeddable":true,"href":"https:\/\/patagoniambiental.com.ar\/info\/wp-json\/wp\/v2\/media\/32993"}],"wp:attachment":[{"href":"https:\/\/patagoniambiental.com.ar\/info\/wp-json\/wp\/v2\/media?parent=32992"}],"wp:term":[{"taxonomy":"category","embeddable":true,"href":"https:\/\/patagoniambiental.com.ar\/info\/wp-json\/wp\/v2\/categories?post=32992"},{"taxonomy":"post_tag","embeddable":true,"href":"https:\/\/patagoniambiental.com.ar\/info\/wp-json\/wp\/v2\/tags?post=32992"}],"curies":[{"name":"wp","href":"https:\/\/api.w.org\/{rel}","templated":true}]}}