{"id":32995,"date":"2017-08-09T19:00:47","date_gmt":"2017-08-09T22:00:47","guid":{"rendered":"http:\/\/patagoniambiental.com.ar\/info\/?p=32995"},"modified":"2017-08-09T11:58:24","modified_gmt":"2017-08-09T14:58:24","slug":"a-traves-de-un-programa-de-desarrollo-de-negocios-capacitaran-a-emprendedores-turisticos-para-fortalecer-la-oferta-regional","status":"publish","type":"post","link":"https:\/\/patagoniambiental.com.ar\/info\/a-traves-de-un-programa-de-desarrollo-de-negocios-capacitaran-a-emprendedores-turisticos-para-fortalecer-la-oferta-regional\/","title":{"rendered":"A TRAV\u00c9S DE UN PROGRAMA DE DESARROLLO DE NEGOCIOS  Capacitar\u00e1n a emprendedores tur\u00edsticos para fortalecer la oferta regional"},"content":{"rendered":"<div class=\"the-content-meta\"><i class=\"fa fa-calendar\"><\/i>Chubut.-En el marco del programa \u201cEmprender Turismo 2017\u201d, desde el Ministerio de Turismo del Chubut convocaron a los emprendedores de la regi\u00f3n cordillerana a participar de la iniciativa, que prev\u00e9 el acompa\u00f1amiento a trav\u00e9s de distintas actividades y capacitaciones.<\/div>\n<div><\/div>\n<p><!--more--><\/p>\n<div><\/div>\n<div><img decoding=\"async\" class=\"alignright size-full wp-image-139019\" src=\"https:\/\/i0.wp.com\/eldiariodemadryn.com\/wp-content\/uploads\/2017\/08\/1-73.jpg?resize=400%2C225\" alt=\"\" data-attachment-id=\"139019\" data-permalink=\"http:\/\/eldiariodemadryn.com\/2017\/08\/capacitaran-a-emprendedores-turisticos-para-fortalecer-la-oferta-regional\/1-4632\/\" data-orig-file=\"https:\/\/i0.wp.com\/eldiariodemadryn.com\/wp-content\/uploads\/2017\/08\/1-73.jpg?fit=400%2C225\" data-orig-size=\"400,225\" data-comments-opened=\"1\" data-image-meta=\"{&quot;aperture&quot;:&quot;0&quot;,&quot;credit&quot;:&quot;&quot;,&quot;camera&quot;:&quot;&quot;,&quot;caption&quot;:&quot;&quot;,&quot;created_timestamp&quot;:&quot;0&quot;,&quot;copyright&quot;:&quot;&quot;,&quot;focal_length&quot;:&quot;0&quot;,&quot;iso&quot;:&quot;0&quot;,&quot;shutter_speed&quot;:&quot;0&quot;,&quot;title&quot;:&quot;&quot;,&quot;orientation&quot;:&quot;0&quot;}\" data-image-title=\"\" data-image-description=\"\" data-medium-file=\"https:\/\/i0.wp.com\/eldiariodemadryn.com\/wp-content\/uploads\/2017\/08\/1-73.jpg?fit=400%2C225\" data-large-file=\"https:\/\/i0.wp.com\/eldiariodemadryn.com\/wp-content\/uploads\/2017\/08\/1-73.jpg?fit=400%2C225\" data-recalc-dims=\"1\" \/><\/div>\n<div class=\"post-content\">\n<p>Se trata de una jornada desarrollada por el Ministerio de Turismo de la Naci\u00f3n, que busca contribuir a la creaci\u00f3n de emprendimientos y productos tur\u00edsticos innovadores que ampl\u00eden, diversifiquen o complementen la oferta regional y as\u00ed fortalecer la oferta tur\u00edstica de nuestro pa\u00eds.<br \/>\nPueden participar tanto personas f\u00edsicas como empresas micro, peque\u00f1as y medianas con hasta tres a\u00f1os de funcionamiento, siempre que su actividad principal est\u00e9 directa o indirectamente vinculada con el turismo y servicios complementarios.<br \/>\nLa inscripci\u00f3n se extiende hasta el 16 de agosto de 2017 y, en esta instancia, est\u00e1 disponible para emprendedores de Lago Puelo, El Hoyo, Epuy\u00e9n, Cholila, El Mait\u00e9n, Esquel y Trevelin.<\/p>\n<p><strong>Asistencia para el plan de negocios<\/strong><\/p>\n<p>Los participantes recibir\u00e1n capacitaciones sobre modelizaci\u00f3n de negocios, innovaci\u00f3n y comunicaci\u00f3n efectiva, que les servir\u00e1n para desarrollar una propuesta de negocio y, de acuerdo a su viabilidad, ingresar\u00e1n a la siguiente fase del programa.<br \/>\nLos proyectos seleccionados recibir\u00e1n asistencia t\u00e9cnica para elaborar un plan de negocios, que con el aporte del Ministerio de Turismo de la Naci\u00f3n y el Ministerio de Turismo del Chubut se efectivizar\u00e1 a trav\u00e9s de la Agencia de Desarrollo Regional Esquel (ADRE) y la Universidad Nacional de la Patagonia San Juan Bosco.<br \/>\nFinalmente, con los planes de negocios formulados y seleccionados, los emprendedores recibir\u00e1n asistencia t\u00e9cnica durante 9 meses para la ejecuci\u00f3n del plan y su evaluaci\u00f3n, con el objetivo de lograr la mejora continua del emprendimiento para que pueda mantenerse en el mercado.<\/p>\n<p><strong>Capacitaci\u00f3n y fortalecimiento sectorial<\/strong><\/p>\n<p>La implementaci\u00f3n del programa Emprender Turismo en Chubut busca brindar beneficios no s\u00f3lo a los proyectos seleccionados, sino a todos los participantes. Las capacitaciones, que se desarrollar\u00e1n tanto en la Comarca Andina como en la Comarca de Los Alerces aportar\u00e1n herramientas para que los emprendedores puedan revisar sus modelos de negocio, innovar en su \u00e1mbito de especializaci\u00f3n y mejorar las capacidades de comunicaci\u00f3n. Para los emprendedores seleccionados, adem\u00e1s, el programa brinda apoyo por medio de actividades de asistencia t\u00e9cnica para la elaboraci\u00f3n de planes de negocios, que contribuye a la mejor toma de decisiones del emprendedor y para la mejora en la comercializaci\u00f3n de servicios y productos tur\u00edsticos.<br \/>\nPara mayor informaci\u00f3n, los interesados podr\u00e1n consultar en las Oficinas de Turismo de los municipios de Lago Puelo, El Hoyo, Epuy\u00e9n, Cholila, El Mait\u00e9n, Esquel y Trevelin o contactarse con Emprender Turismo Chubut al (02945) 451480 \u2013 450458 o por correo electr\u00f3nico a: emprenderturismo.ch@gmail.com.<\/p>\n<p><strong>Hoy finaliza el concurso \u201cEn Chubut Somos Sustentables\u201d<\/strong><\/p>\n<p>La actividad nace de un acuerdo entre el Ministerio de Educaci\u00f3n y el Ministerio de Ambiente. La \u201cJornada de Educaci\u00f3n Ambiental\u201d que se llev\u00f3 a cabo el pasado 10 y 11 de julio, y a la que asistieron m\u00e1s de 600 docentes, sirvi\u00f3 de marco para la firma de un convenio entre los Ministerios de Educaci\u00f3n y de Ambiente, con el acompa\u00f1amiento y participaci\u00f3n de los Ministerios de la Familia y de Turismo y Chubut Deportes.<br \/>\nA trav\u00e9s del mismo la Subsecretaria de Gesti\u00f3n Ambiental y Desarrollo Sustentable, propone la realizaci\u00f3n de un concurso provincial denominado \u201cEn Chubut Somos Sustentables\u201d, destinados a estudiantes que se encuentren cursando su ante\u00faltimo a\u00f1o de nivel secundario de todas las escuelas de la provincia del Chubut.<br \/>\nEl objetivo es promover la Escuela Sustentable a trav\u00e9s de la participaci\u00f3n directa de sus propios actores, quienes a trav\u00e9s de un proyecto innovador deber\u00e1n generar acciones que favorezcan el cuidado del ambiente y fomenten pr\u00e1cticas m\u00e1s amigables con su entorno natural.<br \/>\nHabr\u00e1 6 proyectos ganadores, uno por cada regi\u00f3n, que ser\u00e1n beneficiarios de un viaje de estudios a un paraje natural en la provincia del Chubut en el 2018.<\/p>\n<\/div>\n<p>Fuente: El Diario de Madryn<\/p>\n","protected":false},"excerpt":{"rendered":"<p>Chubut.-En el marco del programa \u201cEmprender Turismo 2017\u201d, desde el Ministerio de Turismo del Chubut convocaron a los emprendedores de [&hellip;]<\/p>\n","protected":false},"author":2,"featured_media":32998,"comment_status":"open","ping_status":"open","sticky":false,"template":"","format":"standard","meta":{"site-sidebar-layout":"default","site-content-layout":"","ast-site-content-layout":"default","site-content-style":"default","site-sidebar-style":"default","ast-global-header-display":"","ast-banner-title-visibility":"","ast-main-header-display":"","ast-hfb-above-header-display":"","ast-hfb-below-header-display":"","ast-hfb-mobile-header-display":"","site-post-title":"","ast-breadcrumbs-content":"","ast-featured-img":"","footer-sml-layout":"","ast-disable-related-posts":"","theme-transparent-header-meta":"","adv-header-id-meta":"","stick-header-meta":"","header-above-stick-meta":"","header-main-stick-meta":"","header-below-stick-meta":"","astra-migrate-meta-layouts":"default","ast-page-background-enabled":"default","ast-page-background-meta":{"desktop":{"background-color":"var(--ast-global-color-5)","background-image":"","background-repeat":"repeat","background-position":"center center","background-size":"auto","background-attachment":"scroll","background-type":"","background-media":"","overlay-type":"","overlay-color":"","overlay-opacity":"","overlay-gradient":""},"tablet":{"background-color":"","background-image":"","background-repeat":"repeat","background-position":"center center","background-size":"auto","background-attachment":"scroll","background-type":"","background-media":"","overlay-type":"","overlay-color":"","overlay-opacity":"","overlay-gradient":""},"mobile":{"background-color":"","background-image":"","background-repeat":"repeat","background-position":"center center","background-size":"auto","background-attachment":"scroll","background-type":"","background-media":"","overlay-type":"","overlay-color":"","overlay-opacity":"","overlay-gradient":""}},"ast-content-background-meta":{"desktop":{"background-color":"var(--ast-global-color-4)","background-image":"","background-repeat":"repeat","background-position":"center center","background-size":"auto","background-attachment":"scroll","background-type":"","background-media":"","overlay-type":"","overlay-color":"","overlay-opacity":"","overlay-gradient":""},"tablet":{"background-color":"var(--ast-global-color-4)","background-image":"","background-repeat":"repeat","background-position":"center center","background-size":"auto","background-attachment":"scroll","background-type":"","background-media":"","overlay-type":"","overlay-color":"","overlay-opacity":"","overlay-gradient":""},"mobile":{"background-color":"var(--ast-global-color-4)","background-image":"","background-repeat":"repeat","background-position":"center center","background-size":"auto","background-attachment":"scroll","background-type":"","background-media":"","overlay-type":"","overlay-color":"","overlay-opacity":"","overlay-gradient":""}},"footnotes":""},"categories":[12,1],"tags":[],"class_list":["post-32995","post","type-post","status-publish","format-standard","has-post-thumbnail","hentry","category-agenda-ambiental","category-noticias"],"yoast_head":"<!-- This site is optimized with the Yoast SEO Premium plugin v23.0 (Yoast SEO v27.5) - https:\/\/yoast.com\/product\/yoast-seo-premium-wordpress\/ -->\n<title>A TRAV\u00c9S DE UN PROGRAMA DE DESARROLLO DE NEGOCIOS Capacitar\u00e1n a emprendedores tur\u00edsticos para fortalecer la oferta regional<\/title>\n<meta name=\"robots\" content=\"index, follow, max-snippet:-1, max-image-preview:large, max-video-preview:-1\" \/>\n<link rel=\"canonical\" href=\"https:\/\/patagoniambiental.com.ar\/info\/a-traves-de-un-programa-de-desarrollo-de-negocios-capacitaran-a-emprendedores-turisticos-para-fortalecer-la-oferta-regional\/\" \/>\n<meta property=\"og:locale\" content=\"es_ES\" \/>\n<meta property=\"og:type\" content=\"article\" \/>\n<meta property=\"og:title\" content=\"A TRAV\u00c9S DE UN PROGRAMA DE DESARROLLO DE NEGOCIOS Capacitar\u00e1n a emprendedores tur\u00edsticos para fortalecer la oferta regional\" \/>\n<meta property=\"og:description\" content=\"Chubut.-En el marco del programa \u201cEmprender Turismo 2017\u201d, desde el Ministerio de Turismo del Chubut convocaron a los emprendedores de [&hellip;]\" \/>\n<meta property=\"og:url\" content=\"https:\/\/patagoniambiental.com.ar\/info\/a-traves-de-un-programa-de-desarrollo-de-negocios-capacitaran-a-emprendedores-turisticos-para-fortalecer-la-oferta-regional\/\" \/>\n<meta property=\"og:site_name\" content=\"Patagonia Ambiental\" \/>\n<meta property=\"article:publisher\" content=\"https:\/\/www.facebook.com\/patagonia.ambiental\" \/>\n<meta property=\"article:author\" content=\"https:\/\/www.facebook.com\/share\/1C1V8Gv9BX\/?mibextid=qi2Omg\" \/>\n<meta property=\"article:published_time\" content=\"2017-08-09T22:00:47+00:00\" \/>\n<meta property=\"og:image\" content=\"https:\/\/patagoniambiental.com.ar\/info\/wp-content\/uploads\/2017\/08\/1-73.jpg\" \/>\n\t<meta property=\"og:image:width\" content=\"400\" \/>\n\t<meta property=\"og:image:height\" content=\"225\" \/>\n\t<meta property=\"og:image:type\" content=\"image\/jpeg\" \/>\n<meta name=\"author\" content=\"Patagonia Ambiental\" \/>\n<meta name=\"twitter:card\" content=\"summary_large_image\" \/>\n<meta name=\"twitter:creator\" content=\"@PatAmb\" \/>\n<meta name=\"twitter:site\" content=\"@PatAmb\" \/>\n<script type=\"application\/ld+json\" class=\"yoast-schema-graph\">{\"@context\":\"https:\\\/\\\/schema.org\",\"@graph\":[{\"@type\":\"Article\",\"@id\":\"https:\\\/\\\/patagoniambiental.com.ar\\\/info\\\/a-traves-de-un-programa-de-desarrollo-de-negocios-capacitaran-a-emprendedores-turisticos-para-fortalecer-la-oferta-regional\\\/#article\",\"isPartOf\":{\"@id\":\"https:\\\/\\\/patagoniambiental.com.ar\\\/info\\\/a-traves-de-un-programa-de-desarrollo-de-negocios-capacitaran-a-emprendedores-turisticos-para-fortalecer-la-oferta-regional\\\/\"},\"author\":{\"name\":\"Patagonia Ambiental\",\"@id\":\"https:\\\/\\\/patagoniambiental.com.ar\\\/info\\\/#\\\/schema\\\/person\\\/db12bff64bbcbf6a253710bf0ea37b5d\"},\"headline\":\"A TRAV\u00c9S DE UN PROGRAMA DE DESARROLLO DE NEGOCIOS Capacitar\u00e1n a emprendedores tur\u00edsticos para fortalecer la oferta regional\",\"datePublished\":\"2017-08-09T22:00:47+00:00\",\"mainEntityOfPage\":{\"@id\":\"https:\\\/\\\/patagoniambiental.com.ar\\\/info\\\/a-traves-de-un-programa-de-desarrollo-de-negocios-capacitaran-a-emprendedores-turisticos-para-fortalecer-la-oferta-regional\\\/\"},\"wordCount\":718,\"commentCount\":0,\"publisher\":{\"@id\":\"https:\\\/\\\/patagoniambiental.com.ar\\\/info\\\/#organization\"},\"image\":{\"@id\":\"https:\\\/\\\/patagoniambiental.com.ar\\\/info\\\/a-traves-de-un-programa-de-desarrollo-de-negocios-capacitaran-a-emprendedores-turisticos-para-fortalecer-la-oferta-regional\\\/#primaryimage\"},\"thumbnailUrl\":\"https:\\\/\\\/patagoniambiental.com.ar\\\/info\\\/wp-content\\\/uploads\\\/2017\\\/08\\\/1-73.jpg\",\"articleSection\":[\"Agenda Ambiental\",\"Noticias\"],\"inLanguage\":\"es\",\"potentialAction\":[{\"@type\":\"CommentAction\",\"name\":\"Comment\",\"target\":[\"https:\\\/\\\/patagoniambiental.com.ar\\\/info\\\/a-traves-de-un-programa-de-desarrollo-de-negocios-capacitaran-a-emprendedores-turisticos-para-fortalecer-la-oferta-regional\\\/#respond\"]}]},{\"@type\":\"WebPage\",\"@id\":\"https:\\\/\\\/patagoniambiental.com.ar\\\/info\\\/a-traves-de-un-programa-de-desarrollo-de-negocios-capacitaran-a-emprendedores-turisticos-para-fortalecer-la-oferta-regional\\\/\",\"url\":\"https:\\\/\\\/patagoniambiental.com.ar\\\/info\\\/a-traves-de-un-programa-de-desarrollo-de-negocios-capacitaran-a-emprendedores-turisticos-para-fortalecer-la-oferta-regional\\\/\",\"name\":\"A TRAV\u00c9S DE UN PROGRAMA DE DESARROLLO DE NEGOCIOS Capacitar\u00e1n a emprendedores tur\u00edsticos para fortalecer la oferta regional\",\"isPartOf\":{\"@id\":\"https:\\\/\\\/patagoniambiental.com.ar\\\/info\\\/#website\"},\"primaryImageOfPage\":{\"@id\":\"https:\\\/\\\/patagoniambiental.com.ar\\\/info\\\/a-traves-de-un-programa-de-desarrollo-de-negocios-capacitaran-a-emprendedores-turisticos-para-fortalecer-la-oferta-regional\\\/#primaryimage\"},\"image\":{\"@id\":\"https:\\\/\\\/patagoniambiental.com.ar\\\/info\\\/a-traves-de-un-programa-de-desarrollo-de-negocios-capacitaran-a-emprendedores-turisticos-para-fortalecer-la-oferta-regional\\\/#primaryimage\"},\"thumbnailUrl\":\"https:\\\/\\\/patagoniambiental.com.ar\\\/info\\\/wp-content\\\/uploads\\\/2017\\\/08\\\/1-73.jpg\",\"datePublished\":\"2017-08-09T22:00:47+00:00\",\"breadcrumb\":{\"@id\":\"https:\\\/\\\/patagoniambiental.com.ar\\\/info\\\/a-traves-de-un-programa-de-desarrollo-de-negocios-capacitaran-a-emprendedores-turisticos-para-fortalecer-la-oferta-regional\\\/#breadcrumb\"},\"inLanguage\":\"es\",\"potentialAction\":[{\"@type\":\"ReadAction\",\"target\":[\"https:\\\/\\\/patagoniambiental.com.ar\\\/info\\\/a-traves-de-un-programa-de-desarrollo-de-negocios-capacitaran-a-emprendedores-turisticos-para-fortalecer-la-oferta-regional\\\/\"]}]},{\"@type\":\"ImageObject\",\"inLanguage\":\"es\",\"@id\":\"https:\\\/\\\/patagoniambiental.com.ar\\\/info\\\/a-traves-de-un-programa-de-desarrollo-de-negocios-capacitaran-a-emprendedores-turisticos-para-fortalecer-la-oferta-regional\\\/#primaryimage\",\"url\":\"https:\\\/\\\/patagoniambiental.com.ar\\\/info\\\/wp-content\\\/uploads\\\/2017\\\/08\\\/1-73.jpg\",\"contentUrl\":\"https:\\\/\\\/patagoniambiental.com.ar\\\/info\\\/wp-content\\\/uploads\\\/2017\\\/08\\\/1-73.jpg\",\"width\":400,\"height\":225},{\"@type\":\"BreadcrumbList\",\"@id\":\"https:\\\/\\\/patagoniambiental.com.ar\\\/info\\\/a-traves-de-un-programa-de-desarrollo-de-negocios-capacitaran-a-emprendedores-turisticos-para-fortalecer-la-oferta-regional\\\/#breadcrumb\",\"itemListElement\":[{\"@type\":\"ListItem\",\"position\":1,\"name\":\"Inicio\",\"item\":\"https:\\\/\\\/patagoniambiental.com.ar\\\/info\\\/\"},{\"@type\":\"ListItem\",\"position\":2,\"name\":\"A TRAV\u00c9S DE UN PROGRAMA DE DESARROLLO DE NEGOCIOS Capacitar\u00e1n a emprendedores tur\u00edsticos para fortalecer la oferta regional\"}]},{\"@type\":\"WebSite\",\"@id\":\"https:\\\/\\\/patagoniambiental.com.ar\\\/info\\\/#website\",\"url\":\"https:\\\/\\\/patagoniambiental.com.ar\\\/info\\\/\",\"name\":\"Patagonia Ambiental\",\"description\":\"Monitoreo y an\u00e1lisis de la situaci\u00f3n geopol\u00edtica en el mundo y su implicancia en la Patagonia\",\"publisher\":{\"@id\":\"https:\\\/\\\/patagoniambiental.com.ar\\\/info\\\/#organization\"},\"potentialAction\":[{\"@type\":\"SearchAction\",\"target\":{\"@type\":\"EntryPoint\",\"urlTemplate\":\"https:\\\/\\\/patagoniambiental.com.ar\\\/info\\\/?s={search_term_string}\"},\"query-input\":{\"@type\":\"PropertyValueSpecification\",\"valueRequired\":true,\"valueName\":\"search_term_string\"}}],\"inLanguage\":\"es\"},{\"@type\":\"Organization\",\"@id\":\"https:\\\/\\\/patagoniambiental.com.ar\\\/info\\\/#organization\",\"name\":\"Patagonia Ambiental\",\"url\":\"https:\\\/\\\/patagoniambiental.com.ar\\\/info\\\/\",\"logo\":{\"@type\":\"ImageObject\",\"inLanguage\":\"es\",\"@id\":\"https:\\\/\\\/patagoniambiental.com.ar\\\/info\\\/#\\\/schema\\\/logo\\\/image\\\/\",\"url\":\"https:\\\/\\\/patagoniambiental.com.ar\\\/info\\\/wp-content\\\/uploads\\\/2025\\\/05\\\/LOGO-PATAGONIA-AMBIENTAL.png\",\"contentUrl\":\"https:\\\/\\\/patagoniambiental.com.ar\\\/info\\\/wp-content\\\/uploads\\\/2025\\\/05\\\/LOGO-PATAGONIA-AMBIENTAL.png\",\"width\":433,\"height\":250,\"caption\":\"Patagonia Ambiental\"},\"image\":{\"@id\":\"https:\\\/\\\/patagoniambiental.com.ar\\\/info\\\/#\\\/schema\\\/logo\\\/image\\\/\"},\"sameAs\":[\"https:\\\/\\\/www.facebook.com\\\/patagonia.ambiental\",\"https:\\\/\\\/x.com\\\/PatAmb\"]},{\"@type\":\"Person\",\"@id\":\"https:\\\/\\\/patagoniambiental.com.ar\\\/info\\\/#\\\/schema\\\/person\\\/db12bff64bbcbf6a253710bf0ea37b5d\",\"name\":\"Patagonia Ambiental\",\"description\":\"Andr\u00e9s Nievas T\u00e9cnico en manejo ambiental, consultor Ambiental y escritor para medios locales e internacionales sobre temas de geopolitica y medio ambiente.\",\"sameAs\":[\"http:\\\/\\\/www.patagoniambiental.com.ar\",\"https:\\\/\\\/www.facebook.com\\\/share\\\/1C1V8Gv9BX\\\/?mibextid=qi2Omg\",\"@patagoniambiental\",\"https:\\\/\\\/youtube.com\\\/@patagoniaambiental2023?si=BLt58t0wuXquxlYZ\"]}]}<\/script>\n<!-- \/ Yoast SEO Premium plugin. -->","yoast_head_json":{"title":"A TRAV\u00c9S DE UN PROGRAMA DE DESARROLLO DE NEGOCIOS Capacitar\u00e1n a emprendedores tur\u00edsticos para fortalecer la oferta regional","robots":{"index":"index","follow":"follow","max-snippet":"max-snippet:-1","max-image-preview":"max-image-preview:large","max-video-preview":"max-video-preview:-1"},"canonical":"https:\/\/patagoniambiental.com.ar\/info\/a-traves-de-un-programa-de-desarrollo-de-negocios-capacitaran-a-emprendedores-turisticos-para-fortalecer-la-oferta-regional\/","og_locale":"es_ES","og_type":"article","og_title":"A TRAV\u00c9S DE UN PROGRAMA DE DESARROLLO DE NEGOCIOS Capacitar\u00e1n a emprendedores tur\u00edsticos para fortalecer la oferta regional","og_description":"Chubut.-En el marco del programa \u201cEmprender Turismo 2017\u201d, desde el Ministerio de Turismo del Chubut convocaron a los emprendedores de [&hellip;]","og_url":"https:\/\/patagoniambiental.com.ar\/info\/a-traves-de-un-programa-de-desarrollo-de-negocios-capacitaran-a-emprendedores-turisticos-para-fortalecer-la-oferta-regional\/","og_site_name":"Patagonia Ambiental","article_publisher":"https:\/\/www.facebook.com\/patagonia.ambiental","article_author":"https:\/\/www.facebook.com\/share\/1C1V8Gv9BX\/?mibextid=qi2Omg","article_published_time":"2017-08-09T22:00:47+00:00","og_image":[{"width":400,"height":225,"url":"https:\/\/patagoniambiental.com.ar\/info\/wp-content\/uploads\/2017\/08\/1-73.jpg","type":"image\/jpeg"}],"author":"Patagonia Ambiental","twitter_card":"summary_large_image","twitter_creator":"@PatAmb","twitter_site":"@PatAmb","schema":{"@context":"https:\/\/schema.org","@graph":[{"@type":"Article","@id":"https:\/\/patagoniambiental.com.ar\/info\/a-traves-de-un-programa-de-desarrollo-de-negocios-capacitaran-a-emprendedores-turisticos-para-fortalecer-la-oferta-regional\/#article","isPartOf":{"@id":"https:\/\/patagoniambiental.com.ar\/info\/a-traves-de-un-programa-de-desarrollo-de-negocios-capacitaran-a-emprendedores-turisticos-para-fortalecer-la-oferta-regional\/"},"author":{"name":"Patagonia Ambiental","@id":"https:\/\/patagoniambiental.com.ar\/info\/#\/schema\/person\/db12bff64bbcbf6a253710bf0ea37b5d"},"headline":"A TRAV\u00c9S DE UN PROGRAMA DE DESARROLLO DE NEGOCIOS Capacitar\u00e1n a emprendedores tur\u00edsticos para fortalecer la oferta regional","datePublished":"2017-08-09T22:00:47+00:00","mainEntityOfPage":{"@id":"https:\/\/patagoniambiental.com.ar\/info\/a-traves-de-un-programa-de-desarrollo-de-negocios-capacitaran-a-emprendedores-turisticos-para-fortalecer-la-oferta-regional\/"},"wordCount":718,"commentCount":0,"publisher":{"@id":"https:\/\/patagoniambiental.com.ar\/info\/#organization"},"image":{"@id":"https:\/\/patagoniambiental.com.ar\/info\/a-traves-de-un-programa-de-desarrollo-de-negocios-capacitaran-a-emprendedores-turisticos-para-fortalecer-la-oferta-regional\/#primaryimage"},"thumbnailUrl":"https:\/\/patagoniambiental.com.ar\/info\/wp-content\/uploads\/2017\/08\/1-73.jpg","articleSection":["Agenda Ambiental","Noticias"],"inLanguage":"es","potentialAction":[{"@type":"CommentAction","name":"Comment","target":["https:\/\/patagoniambiental.com.ar\/info\/a-traves-de-un-programa-de-desarrollo-de-negocios-capacitaran-a-emprendedores-turisticos-para-fortalecer-la-oferta-regional\/#respond"]}]},{"@type":"WebPage","@id":"https:\/\/patagoniambiental.com.ar\/info\/a-traves-de-un-programa-de-desarrollo-de-negocios-capacitaran-a-emprendedores-turisticos-para-fortalecer-la-oferta-regional\/","url":"https:\/\/patagoniambiental.com.ar\/info\/a-traves-de-un-programa-de-desarrollo-de-negocios-capacitaran-a-emprendedores-turisticos-para-fortalecer-la-oferta-regional\/","name":"A TRAV\u00c9S DE UN PROGRAMA DE DESARROLLO DE NEGOCIOS Capacitar\u00e1n a emprendedores tur\u00edsticos para fortalecer la oferta regional","isPartOf":{"@id":"https:\/\/patagoniambiental.com.ar\/info\/#website"},"primaryImageOfPage":{"@id":"https:\/\/patagoniambiental.com.ar\/info\/a-traves-de-un-programa-de-desarrollo-de-negocios-capacitaran-a-emprendedores-turisticos-para-fortalecer-la-oferta-regional\/#primaryimage"},"image":{"@id":"https:\/\/patagoniambiental.com.ar\/info\/a-traves-de-un-programa-de-desarrollo-de-negocios-capacitaran-a-emprendedores-turisticos-para-fortalecer-la-oferta-regional\/#primaryimage"},"thumbnailUrl":"https:\/\/patagoniambiental.com.ar\/info\/wp-content\/uploads\/2017\/08\/1-73.jpg","datePublished":"2017-08-09T22:00:47+00:00","breadcrumb":{"@id":"https:\/\/patagoniambiental.com.ar\/info\/a-traves-de-un-programa-de-desarrollo-de-negocios-capacitaran-a-emprendedores-turisticos-para-fortalecer-la-oferta-regional\/#breadcrumb"},"inLanguage":"es","potentialAction":[{"@type":"ReadAction","target":["https:\/\/patagoniambiental.com.ar\/info\/a-traves-de-un-programa-de-desarrollo-de-negocios-capacitaran-a-emprendedores-turisticos-para-fortalecer-la-oferta-regional\/"]}]},{"@type":"ImageObject","inLanguage":"es","@id":"https:\/\/patagoniambiental.com.ar\/info\/a-traves-de-un-programa-de-desarrollo-de-negocios-capacitaran-a-emprendedores-turisticos-para-fortalecer-la-oferta-regional\/#primaryimage","url":"https:\/\/patagoniambiental.com.ar\/info\/wp-content\/uploads\/2017\/08\/1-73.jpg","contentUrl":"https:\/\/patagoniambiental.com.ar\/info\/wp-content\/uploads\/2017\/08\/1-73.jpg","width":400,"height":225},{"@type":"BreadcrumbList","@id":"https:\/\/patagoniambiental.com.ar\/info\/a-traves-de-un-programa-de-desarrollo-de-negocios-capacitaran-a-emprendedores-turisticos-para-fortalecer-la-oferta-regional\/#breadcrumb","itemListElement":[{"@type":"ListItem","position":1,"name":"Inicio","item":"https:\/\/patagoniambiental.com.ar\/info\/"},{"@type":"ListItem","position":2,"name":"A TRAV\u00c9S DE UN PROGRAMA DE DESARROLLO DE NEGOCIOS Capacitar\u00e1n a emprendedores tur\u00edsticos para fortalecer la oferta regional"}]},{"@type":"WebSite","@id":"https:\/\/patagoniambiental.com.ar\/info\/#website","url":"https:\/\/patagoniambiental.com.ar\/info\/","name":"Patagonia Ambiental","description":"Monitoreo y an\u00e1lisis de la situaci\u00f3n geopol\u00edtica en el mundo y su implicancia en la Patagonia","publisher":{"@id":"https:\/\/patagoniambiental.com.ar\/info\/#organization"},"potentialAction":[{"@type":"SearchAction","target":{"@type":"EntryPoint","urlTemplate":"https:\/\/patagoniambiental.com.ar\/info\/?s={search_term_string}"},"query-input":{"@type":"PropertyValueSpecification","valueRequired":true,"valueName":"search_term_string"}}],"inLanguage":"es"},{"@type":"Organization","@id":"https:\/\/patagoniambiental.com.ar\/info\/#organization","name":"Patagonia Ambiental","url":"https:\/\/patagoniambiental.com.ar\/info\/","logo":{"@type":"ImageObject","inLanguage":"es","@id":"https:\/\/patagoniambiental.com.ar\/info\/#\/schema\/logo\/image\/","url":"https:\/\/patagoniambiental.com.ar\/info\/wp-content\/uploads\/2025\/05\/LOGO-PATAGONIA-AMBIENTAL.png","contentUrl":"https:\/\/patagoniambiental.com.ar\/info\/wp-content\/uploads\/2025\/05\/LOGO-PATAGONIA-AMBIENTAL.png","width":433,"height":250,"caption":"Patagonia Ambiental"},"image":{"@id":"https:\/\/patagoniambiental.com.ar\/info\/#\/schema\/logo\/image\/"},"sameAs":["https:\/\/www.facebook.com\/patagonia.ambiental","https:\/\/x.com\/PatAmb"]},{"@type":"Person","@id":"https:\/\/patagoniambiental.com.ar\/info\/#\/schema\/person\/db12bff64bbcbf6a253710bf0ea37b5d","name":"Patagonia Ambiental","description":"Andr\u00e9s Nievas T\u00e9cnico en manejo ambiental, consultor Ambiental y escritor para medios locales e internacionales sobre temas de geopolitica y medio ambiente.","sameAs":["http:\/\/www.patagoniambiental.com.ar","https:\/\/www.facebook.com\/share\/1C1V8Gv9BX\/?mibextid=qi2Omg","@patagoniambiental","https:\/\/youtube.com\/@patagoniaambiental2023?si=BLt58t0wuXquxlYZ"]}]}},"_links":{"self":[{"href":"https:\/\/patagoniambiental.com.ar\/info\/wp-json\/wp\/v2\/posts\/32995","targetHints":{"allow":["GET"]}}],"collection":[{"href":"https:\/\/patagoniambiental.com.ar\/info\/wp-json\/wp\/v2\/posts"}],"about":[{"href":"https:\/\/patagoniambiental.com.ar\/info\/wp-json\/wp\/v2\/types\/post"}],"author":[{"embeddable":true,"href":"https:\/\/patagoniambiental.com.ar\/info\/wp-json\/wp\/v2\/users\/2"}],"replies":[{"embeddable":true,"href":"https:\/\/patagoniambiental.com.ar\/info\/wp-json\/wp\/v2\/comments?post=32995"}],"version-history":[{"count":0,"href":"https:\/\/patagoniambiental.com.ar\/info\/wp-json\/wp\/v2\/posts\/32995\/revisions"}],"wp:featuredmedia":[{"embeddable":true,"href":"https:\/\/patagoniambiental.com.ar\/info\/wp-json\/wp\/v2\/media\/32998"}],"wp:attachment":[{"href":"https:\/\/patagoniambiental.com.ar\/info\/wp-json\/wp\/v2\/media?parent=32995"}],"wp:term":[{"taxonomy":"category","embeddable":true,"href":"https:\/\/patagoniambiental.com.ar\/info\/wp-json\/wp\/v2\/categories?post=32995"},{"taxonomy":"post_tag","embeddable":true,"href":"https:\/\/patagoniambiental.com.ar\/info\/wp-json\/wp\/v2\/tags?post=32995"}],"curies":[{"name":"wp","href":"https:\/\/api.w.org\/{rel}","templated":true}]}}