{"id":33050,"date":"2017-08-10T09:00:09","date_gmt":"2017-08-10T12:00:09","guid":{"rendered":"http:\/\/patagoniambiental.com.ar\/info\/?p=33050"},"modified":"2017-08-10T08:50:02","modified_gmt":"2017-08-10T11:50:02","slug":"violencia-anarquia-y-apoyo-externo-el-perfil-de-dos-grupos-mapuches-que-tienen-en-vilo-a-chile-y-la-argentina","status":"publish","type":"post","link":"https:\/\/patagoniambiental.com.ar\/info\/violencia-anarquia-y-apoyo-externo-el-perfil-de-dos-grupos-mapuches-que-tienen-en-vilo-a-chile-y-la-argentina\/","title":{"rendered":"Violencia, anarqu\u00eda y apoyo externo: el perfil de dos grupos mapuches que tienen en vilo a Chile y la Argentina"},"content":{"rendered":"<div id=\"f0LGkWwH3lJ1qq\" class=\"wrapper clearfix col-lg-12 pb-feature pb-layout-item pb-f-article-header col-md-12 col-sm-12 col-xs-12 no-align\">\n<div class=\"row\">\n<header class=\"article-header hed-first col-sm-12\"><span class=\"subheadline\">Buenos Aires.-Se trata de las agrupaciones RAM y CAM, que operan en el sur de ambos pa\u00edses; fuerte preocupaci\u00f3n de Mauricio Macri y Michelle Bachelet<\/span><\/header>\n<\/div>\n<\/div>\n<p><!--more--><\/p>\n<div id=\"f00YgXCH3lJ1qq\" class=\"wrapper clearfix col-lg-12 col-md-12 pb-feature pb-layout-item pb-f-article-byline col-sm-12 col-xs-12 no-align\">\n<div class=\"byline col-md-8 col-xs-12 col-print-12\">\n<div class=\"clearfix\"><img decoding=\"async\" src=\"http:\/\/www.infobae.com\/new-resizer\/6gW57D0UnQqMQLHipQ2WJV6tNLM=\/0x200\/s3.amazonaws.com\/arc-authors\/infobae\/0e74a70a-8382-4fdb-8c9c-74149ac0a34d.png?token=bar\" \/><\/p>\n<div class=\"byline-author\">Por\u00a0<a class=\"author-name\" href=\"http:\/\/www.infobae.com\/autor\/martin-dinatale\/\" rel=\"author\">Mart\u00edn Dinatale<\/a>\u00a0<span class=\"byline-date\">8 de agosto de 2017<\/span><\/div>\n<div class=\"byline-bio\">mdinatale@infobae.com<\/div>\n<\/div>\n<\/div>\n<\/div>\n<div id=\"ciUqky1H3lJ1qq\" class=\"col-md-8 col-sm-12 col-xs-12 pb-layout-item pb-chain pb-c-list-chain left-align\">\n<div id=\"fI0AzK1H3lJ1qq\" class=\"wrapper clearfix full pb-feature pb-layout-item pb-f-article-body no-align\">\n<div id=\"article-body\" class=\"article-body article-body-elements\">\n<div id=\"article-content\">\n<div class=\"row\">\n<figure class=\"element element-image col-xs-12\">\n<div class=\"single-image\">\n<div class=\"shares\"><\/div>\n<p><img decoding=\"async\" id=\"E2BLXJCX4JCVLO7ID5IRZILZ7Y\" class=\"image-lazy\" src=\"http:\/\/www.infobae.com\/new-resizer\/pLPK1cC-BORMlXfNeX9mg84_o3c=\/600x0\/s3.amazonaws.com\/arc-wordpress-client-uploads\/infobae-wp\/wp-content\/uploads\/2017\/08\/08051450\/ram-mapuches.jpg?token=bar\" alt=\"\" width=\"750\" height=\"554.4642857142858\" data-url=\"http:\/\/www.infobae.com\/politica\/2017\/08\/08\/violencia-anarquia-y-apoyo-externo-el-perfil-de-dos-grupos-mapuches-que-tienen-en-vilo-a-chile-y-la-argentina\/%23E2BLXJCX4JCVLO7ID5IRZILZ7Y\" data-original=\"http:\/\/www.infobae.com\/new-resizer\/pLPK1cC-BORMlXfNeX9mg84_o3c=\/600x0\/s3.amazonaws.com\/arc-wordpress-client-uploads\/infobae-wp\/wp-content\/uploads\/2017\/08\/08051450\/ram-mapuches.jpg?token=bar\" \/><\/div><figcaption class=\"\"><\/figcaption><\/figure>\n<\/div>\n<div class=\"row\">\n<div class=\"col-xs-12 col-print-12\">\n<p class=\"element element-paragraph\">Utilizan la violencia como metodolog\u00eda \u00fanica de protesta.\u00a0<strong>Sue\u00f1an con un Estado mapuche aut\u00e1rquico en la Patagonia.\u00a0<\/strong>Algunos de sus miembros fueron avalados por el kirchnerismo y la izquierda setentista, recibir\u00edan apoyo financiero del exterior y est\u00e1n dispuestos a sembrar el terror. Esta es la radiograf\u00eda central que elabor\u00f3 el Gobierno sobre los dos grupos mapuches que tienen en vilo a las poblaciones sure\u00f1as de Chile y de la Argentina: la agrupaci\u00f3n\u00a0<strong>Resistencia Ancestral Mapuche (RAM)<\/strong>\u00a0y la\u00a0<strong>Coordinadora Arauco M<\/strong><strong>alleco (CAM)<\/strong>.<\/p>\n<\/div>\n<\/div>\n<div class=\"row\">\n<div class=\"col-xs-12 col-print-12\">\n<p class=\"element element-paragraph\">Durante las \u00faltimas horas se intensific\u00f3 la cooperaci\u00f3n y el intercambio de datos de las fuerzas de seguridad y los servicios de inteligencia de la Argentina y Chile para frenar la ola de violencia que sacude el sur chileno y las provincias de Chubut, R\u00edo Negro y Neuqu\u00e9n.\u00a0<a href=\"http:\/\/Un%20grupo%20de%20encapuchados%20destroz%C3%B3%20la%20Casa%20del%20Chubut%20en%20Buenos%20Aires\/\" target=\"_blank\" rel=\"noopener\">La RAM se hizo conocida en Buenos Aires la semana pasada por el ataque en la Casa de Chubut\u00a0<\/a>en pleno centro porte\u00f1o. Y anoche reclam\u00f3 con ataques a la prensa frente al Congreso por\u00a0<a href=\"http:\/\/www.infobae.com\/sociedad\/policiales\/2017\/08\/08\/el-gobierno-ofrece-500-000-de-recompensa-para-encontrar-a-santiago-maldonado\/\" target=\"_blank\" rel=\"noopener\">Santiago Maldonado, el joven desaparecido<\/a>\u00a0el 1 de agosto pasado tras un corte de la ruta 40 de la comunidad mapuche en Esquel.<br \/>\nSeg\u00fan un documento reservado del Ministerio de Seguridad al que accedi\u00f3\u00a0<strong>Infobae<\/strong>, el grupo de resistencia mapuche<strong>\u00a0tiene como uno de sus l\u00edderes a Facundo Jones Huala, que est\u00e1 detenido en Esquel por la ocupaci\u00f3n ilegal de campos<\/strong>, y Chile pide su extradici\u00f3n por actos de terrorismo y atentados de diversa \u00edndole realizados en nombre de la agrupaci\u00f3n CAM.<\/p>\n<\/div>\n<\/div>\n<div class=\"row\">\n<figure class=\"element element-image col-xs-12\">\n<div class=\"single-image\">\n<div class=\"shares\"><\/div>\n<p><img decoding=\"async\" id=\"M2VUUCCSIZANTH2TX3PUNHGSRA\" class=\"image-lazy\" src=\"http:\/\/www.infobae.com\/new-resizer\/M1jcsv3doJtoQik6WlnW9E1hKb4=\/600x0\/s3.amazonaws.com\/arc-wordpress-client-uploads\/infobae-wp\/wp-content\/uploads\/2017\/08\/08051444\/ram-mapuches-2.jpg?token=bar\" alt=\"\" width=\"750\" height=\"429.46428571428567\" data-url=\"http:\/\/www.infobae.com\/politica\/2017\/08\/08\/violencia-anarquia-y-apoyo-externo-el-perfil-de-dos-grupos-mapuches-que-tienen-en-vilo-a-chile-y-la-argentina\/%23M2VUUCCSIZANTH2TX3PUNHGSRA\" data-original=\"http:\/\/www.infobae.com\/new-resizer\/M1jcsv3doJtoQik6WlnW9E1hKb4=\/600x0\/s3.amazonaws.com\/arc-wordpress-client-uploads\/infobae-wp\/wp-content\/uploads\/2017\/08\/08051444\/ram-mapuches-2.jpg?token=bar\" \/><\/div><figcaption class=\"\"><\/figcaption><\/figure>\n<\/div>\n<div class=\"row\">\n<div class=\"col-xs-12 col-print-12\">\n<p class=\"element element-paragraph\">En el informe que elabor\u00f3 el Gobierno sobre el perfil de la agrupaci\u00f3n RAM, figuran\u00a0<strong>77 hechos delictivos de violencia provocados en R\u00edo Negro, Chubut y Neuqu\u00e9n desde 2013 por parte de este grupo<\/strong>. \u00abHubo ataques que van desde incendios, da\u00f1os, amenazas, privaciones ileg\u00edtimas de la libertad, destrucci\u00f3n de maquinaria y abigeato, entre otros delitos\u00bb, dice el informe de 37 p\u00e1ginas. El grupo de resistencia mapuche se adjudic\u00f3 en la Argentina estos delitos por medio de panfletos, redes sociales o pintadas con un escudo que los caracteriza. Los blancos elegidos por estos grupos de violentos son diversos: incendios a las tierras de plantaciones forestales; ataques a veh\u00edculos de empresarios; la usurpaci\u00f3n de estancias de hacendados; ataques a peri\u00f3dicos de la zona; disparos intimidatorios a trabajadores judiciales; ataques a la Gendarmer\u00eda; da\u00f1os de los tendidos el\u00e9ctricos o la ocupaci\u00f3n de predios del Ej\u00e9rcito, entre otros.\u00a0<strong>La idea es generar un clima de anarqu\u00eda y violencia extrema.<\/strong><\/p>\n<\/div>\n<\/div>\n<div class=\"row\">\n<div class=\"col-xs-12 col-print-12\">\n<p class=\"element element-paragraph\">\u00abEs hora de frenar la violencia, unificar fuerzas con los jueces federales y detener sin piedad a los violentos ante delitos en flagrancia. Para eso estamos coordinando labores con las fuerzas de seguridad y las autoridades de Chile\u00bb, explic\u00f3 a<strong>\u00a0Infobae<\/strong>\u00a0un destacado funcionario de la Casa Rosada, donde el presidente Mauricio Macri pidi\u00f3 a la ministra\u00a0<a href=\"http:\/\/www.infobae.com\/sociedad\/2017\/08\/07\/patricia-bullrich-desligo-a-gendarmeria-de-la-desaparicion-de-santiago-maldonado-no-tenemos-indicios-de-que-haya-estado-en-el-lugar\/\" target=\"_blank\" rel=\"noopener\">Patricia Bullrich<\/a>\u00a0\u00abir a fondo\u00bb con el tema.<\/p>\n<\/div>\n<\/div>\n<div class=\"row\">\n<figure class=\"element element-image col-xs-12\">\n<div class=\"single-image\">\n<div class=\"shares\"><\/div>\n<p><img decoding=\"async\" id=\"NCXJCM2ABFEBVL5PIMEKWVEURU\" class=\"image-lazy\" src=\"http:\/\/www.infobae.com\/new-resizer\/CrpBJLtZPOOkai213Pqpn37Qnm0=\/600x0\/s3.amazonaws.com\/arc-wordpress-client-uploads\/infobae-wp\/wp-content\/uploads\/2017\/08\/08051510\/elementos-incautados-corte-ruta-40-1.jpg?token=bar\" alt=\"Elementos incautados durante el desalojo de la ruta 40\" width=\"750\" height=\"562.5\" data-url=\"http:\/\/www.infobae.com\/politica\/2017\/08\/08\/violencia-anarquia-y-apoyo-externo-el-perfil-de-dos-grupos-mapuches-que-tienen-en-vilo-a-chile-y-la-argentina\/%23NCXJCM2ABFEBVL5PIMEKWVEURU\" data-original=\"http:\/\/www.infobae.com\/new-resizer\/CrpBJLtZPOOkai213Pqpn37Qnm0=\/600x0\/s3.amazonaws.com\/arc-wordpress-client-uploads\/infobae-wp\/wp-content\/uploads\/2017\/08\/08051510\/elementos-incautados-corte-ruta-40-1.jpg?token=bar\" \/><\/div><figcaption class=\"\"><span class=\"credit\">Elementos incautados durante el desalojo de la ruta 40<\/span><\/figcaption><\/figure>\n<\/div>\n<div class=\"row\">\n<div class=\"col-xs-12 col-print-12\">\n<p class=\"element element-paragraph\">De esta manera, el Ministerio de Seguridad acord\u00f3 con las autoridades de Chile\u00a0<strong>aumentar el intercambio de informaci\u00f3n sobre estos grupos, reforzar el control de los pasos fronterizos y unificar la b\u00fasqueda de delincuentes con ayuda de Interpol<\/strong>. A la vez, en los \u00faltimos d\u00edas los gobernadores Mario Das Neves (Chubut), Alberto Weretilneck (R\u00edo Negro) y Omar Guti\u00e9rrez (Neuqu\u00e9n) manifestaron a la Casa Rosada su preocupaci\u00f3n por el crecimiento de actos de violencia de la agrupaci\u00f3n RAM. De hecho, el jueves pasado funcionarios del Ministerio de Seguridad se reunieron con jueces federales de R\u00edo Negro y Chubut, las polic\u00edas provinciales, los delegados de Gendarmer\u00eda, la Polic\u00eda Federal y la Prefectura para intentar\u00a0<strong>unificar criterios de acci\u00f3n antes nuevas acciones de estos grupos violentos<\/strong>. Un d\u00eda despu\u00e9s, un grupo de encapuchados que reivindic\u00f3 a RAM usurp\u00f3 la Casa de la provincia de Chubut en pleno centro porte\u00f1o y rompi\u00f3 todo el local con piedras y martillos. No hubo ning\u00fan detenido.<\/p>\n<\/div>\n<\/div>\n<div class=\"row\">\n<figure class=\"element element-image col-xs-12\">\n<div class=\"single-image\">\n<div class=\"shares\"><\/div>\n<p><img decoding=\"async\" id=\"EE67LO3ORBG75ADRX2DTB457N4\" class=\"image-lazy\" src=\"http:\/\/www.infobae.com\/new-resizer\/IFTeUllp7C-7h-C2n79sdmdYW1I=\/600x0\/s3.amazonaws.com\/arc-wordpress-client-uploads\/infobae-wp\/wp-content\/uploads\/2017\/08\/08051503\/elementos-incautados-corte-ruta-40-3.jpg?token=bar\" alt=\"\" width=\"750\" height=\"562.5\" data-url=\"http:\/\/www.infobae.com\/politica\/2017\/08\/08\/violencia-anarquia-y-apoyo-externo-el-perfil-de-dos-grupos-mapuches-que-tienen-en-vilo-a-chile-y-la-argentina\/%23EE67LO3ORBG75ADRX2DTB457N4\" data-original=\"http:\/\/www.infobae.com\/new-resizer\/IFTeUllp7C-7h-C2n79sdmdYW1I=\/600x0\/s3.amazonaws.com\/arc-wordpress-client-uploads\/infobae-wp\/wp-content\/uploads\/2017\/08\/08051503\/elementos-incautados-corte-ruta-40-3.jpg?token=bar\" \/><\/div><figcaption class=\"\"><\/figcaption><\/figure>\n<\/div>\n<div class=\"row\">\n<div class=\"col-xs-12 col-print-12\">\n<p class=\"element element-paragraph\">El secretario de Derechos Humanos, Claudio Avruj, explic\u00f3 a\u00a0<strong>Infobae<\/strong>\u00a0que \u00abes imposible dialogar con estos grupos violentos porque no tienen un interlocutor v\u00e1lido, se muestran con los rostros tapados y no reconocen el Estado de derecho\u00bb.<\/p>\n<\/div>\n<\/div>\n<div class=\"row\">\n<div class=\"col-xs-12 col-print-12\">\n<p class=\"element element-paragraph\">En el \u00faltimo corte de la ruta 40 en Esquel donde desapareci\u00f3 Maldonado, la Gendarmer\u00eda asegura que no hubo detenidos y que se incautaron todo tipo de elementos de fuego: hachas, serruchos, martillos, piedras, bombas molotov, motosierras, cuchillos y hasta un\u00a0<strong>\u00abManual de la Ideolog\u00eda y la nueva guerra\u00bb<\/strong>, que reivindica el accionar terrorista de los a\u00f1os 70. Se trata de herramientas comunes que usan estos grupos en cada uno de los ataques provocados.<\/p>\n<\/div>\n<\/div>\n<div class=\"row\">\n<figure class=\"element element-image col-xs-12\">\n<div class=\"single-image\">\n<div class=\"shares\"><\/div>\n<p><img decoding=\"async\" id=\"22TW32FDTVEWVG3PWVYFLQGJ2U\" class=\"image-lazy\" src=\"http:\/\/www.infobae.com\/new-resizer\/R9P-mH4WFHpRDuI03gj82KWIDLE=\/600x0\/s3.amazonaws.com\/arc-wordpress-client-uploads\/infobae-wp\/wp-content\/uploads\/2017\/08\/08051522\/elementos-incautados-corte-ruta-40.jpg?token=bar\" alt=\"\" width=\"750\" height=\"533.9285714285714\" data-url=\"http:\/\/www.infobae.com\/politica\/2017\/08\/08\/violencia-anarquia-y-apoyo-externo-el-perfil-de-dos-grupos-mapuches-que-tienen-en-vilo-a-chile-y-la-argentina\/%2322TW32FDTVEWVG3PWVYFLQGJ2U\" data-original=\"http:\/\/www.infobae.com\/new-resizer\/R9P-mH4WFHpRDuI03gj82KWIDLE=\/600x0\/s3.amazonaws.com\/arc-wordpress-client-uploads\/infobae-wp\/wp-content\/uploads\/2017\/08\/08051522\/elementos-incautados-corte-ruta-40.jpg?token=bar\" \/><\/div><figcaption class=\"\"><\/figcaption><\/figure>\n<\/div>\n<div class=\"row\">\n<div class=\"col-xs-12 col-print-12\">\n<p class=\"element element-paragraph\">Una destacada fuente del Ministerio de Seguridad asegur\u00f3 a\u00a0<strong>Infobae<\/strong>\u00a0que el grupo RAM mantuvo en los \u00faltimos a\u00f1os reuniones espor\u00e1dicas con dirigentes de La C\u00e1mpora, sectores de la izquierda setentista que reivindican la violencia y organismos de derechos humanos. Tambi\u00e9n asegur\u00f3 que durante el gobierno de Cristina Kirchner este grupo de resistencia mapuche habr\u00eda recibido el apoyo financiero de la Universidad Madres de Plaza de Mayo o el Instituto de Asuntos Ind\u00edgenas.<\/p>\n<\/div>\n<\/div>\n<div class=\"row\">\n<div class=\"col-xs-12 col-print-12\">\n<p class=\"element element-paragraph\">En rigor, estos ser\u00edan los contactos m\u00e1s na\u00edfs que habr\u00edan tenido la RAM o la agrupaci\u00f3n chilena CAM. \u00abTenemos informaci\u00f3n de que estos grupos mapuches violentos recibir\u00edan financiamiento y apoyo log\u00edstico de las FARC de Colombia, grupos extremistas kurdos de Turqu\u00eda o la agrupaci\u00f3n terrorista ETA\u00bb, dijo un funcionario del gobierno.<\/p>\n<\/div>\n<\/div>\n<div class=\"row\">\n<figure class=\"element element-image col-xs-12\">\n<div class=\"single-image\">\n<div class=\"shares\"><\/div>\n<p><img decoding=\"async\" id=\"V3VOCW7IWZGX7PFB3NVDD7LB6I\" class=\"image-lazy\" src=\"http:\/\/www.infobae.com\/new-resizer\/3YG5hazWUVFpjOqO96v7Xp8nYBo=\/600x0\/s3.amazonaws.com\/arc-wordpress-client-uploads\/infobae-wp\/wp-content\/uploads\/2017\/08\/07201916\/Incidentes-marcha-Congreso-MV-1920-13.jpg?token=bar\" alt=\"Miembros de la RAM causaron incidentes en el centro porte\u00f1o (Mart\u00edn Villar)\" width=\"750\" height=\"422.32142857142856\" data-url=\"http:\/\/www.infobae.com\/politica\/2017\/08\/08\/violencia-anarquia-y-apoyo-externo-el-perfil-de-dos-grupos-mapuches-que-tienen-en-vilo-a-chile-y-la-argentina\/%23V3VOCW7IWZGX7PFB3NVDD7LB6I\" data-original=\"http:\/\/www.infobae.com\/new-resizer\/3YG5hazWUVFpjOqO96v7Xp8nYBo=\/600x0\/s3.amazonaws.com\/arc-wordpress-client-uploads\/infobae-wp\/wp-content\/uploads\/2017\/08\/07201916\/Incidentes-marcha-Congreso-MV-1920-13.jpg?token=bar\" \/><\/div><figcaption class=\"\"><span class=\"credit\">Miembros de la RAM causaron incidentes en el centro porte\u00f1o (Mart\u00edn Villar)<\/span><\/figcaption><\/figure>\n<\/div>\n<div class=\"row\">\n<div class=\"col-xs-12 col-print-12\">\n<p class=\"element element-paragraph\">Por otra parte, fuentes diplom\u00e1ticas de Chile admitieron ante\u00a0<strong>Infobae<\/strong>\u00a0que la situaci\u00f3n en el sur del pa\u00eds trasandino\u00a0<strong>\u00abes extremadamente m\u00e1s grave que en la Argentina\u00bb<\/strong>. Es que la CAM es una agrupaci\u00f3n mayor en cantidad de miembros que la RAM seg\u00fan eval\u00faan los investigadores. De hecho, en Chile los sabotajes y ataques triplican al accionar de estos grupos como los que hubo en la Argentina. Y hay m\u00e1s detenidos. En la Argentina adem\u00e1s de Jones Huala y un par m\u00e1s, no hay demasiados detenidos de la RAM y algunos funcionarios ya encuentran una explicaci\u00f3n l\u00f3gica a ello: los jueces provinciales est\u00e1n atemorizados con estos grupos y prefieren liberarlos o directamente no irrumpir en sus protestas.<\/p>\n<\/div>\n<\/div>\n<div class=\"row\">\n<div class=\"col-xs-12 col-print-12\">\n<p class=\"element element-paragraph\">M\u00e1s all\u00e1 de Jones Huala, al que ambas agrupaciones reconocen como un l\u00edder, tanto la CAM como la RAM tienen puntos de contactos en com\u00fan a trav\u00e9s de redes sociales, intercambio de informaci\u00f3n, dirigentes que cruzan las fronteras por v\u00edas no habilitadas y el apoyo log\u00edstico exterior.<br \/>\nClaro que no todos los grupos que reivindican la causa mapuche apoyan los actos de RAM o de la CAM.\u00a0<strong>Las agrupaciones tradicionales rechazan el accionar violento de estos sectores m\u00e1s all\u00e1 de que coinciden en algunos reclamos como la tenencia de la tierra de sus ancestros.<\/strong>\u00a0Un dirigente mapuche que prefiri\u00f3 el anonimato explic\u00f3 a\u00a0<strong>Infobae<\/strong>:\u00a0\u00abEstos grupos son minoritarios en la comunidad mapuche y con sus actos violentos y amenazas le hacen mucho da\u00f1o a los reclamos que venimos haciendo desde hace cientos de a\u00f1os nosotros\u00bb.<\/p>\n<\/div>\n<\/div>\n<div class=\"row\">\n<figure class=\"element element-image col-xs-12\">\n<div class=\"single-image\">\n<div class=\"shares\"><\/div>\n<p><img decoding=\"async\" id=\"A5CKHJMKYJGSVID6AMHZLTHYPA\" class=\"image-lazy\" src=\"http:\/\/www.infobae.com\/new-resizer\/Y24hRWh0BqW7iHtvIygmcwJeEZA=\/600x0\/s3.amazonaws.com\/arc-wordpress-client-uploads\/infobae-wp\/wp-content\/uploads\/2017\/08\/07195125\/Incidentes-marcha-Congreso-1920-7.jpg?token=bar\" alt=\"Usaron piedras, palos y bombas molotov (DyN)\" width=\"750\" height=\"422.32142857142856\" data-url=\"http:\/\/www.infobae.com\/politica\/2017\/08\/08\/violencia-anarquia-y-apoyo-externo-el-perfil-de-dos-grupos-mapuches-que-tienen-en-vilo-a-chile-y-la-argentina\/%23A5CKHJMKYJGSVID6AMHZLTHYPA\" data-original=\"http:\/\/www.infobae.com\/new-resizer\/Y24hRWh0BqW7iHtvIygmcwJeEZA=\/600x0\/s3.amazonaws.com\/arc-wordpress-client-uploads\/infobae-wp\/wp-content\/uploads\/2017\/08\/07195125\/Incidentes-marcha-Congreso-1920-7.jpg?token=bar\" \/><\/div><figcaption class=\"\"><span class=\"credit\">Usaron piedras, palos y bombas molotov (DyN)<\/span><\/figcaption><\/figure>\n<\/div>\n<div class=\"row\">\n<div class=\"col-xs-12 col-print-12\">\n<p class=\"element element-paragraph\">A la vez, un dirigente de un reconocido organismo de derechos humanos admiti\u00f3 que estas agrupaciones violentas \u00abse apartan de los mecanismos de reclamo leg\u00edtimo que llevan adelante las comunidades mapuches y son grupos muy radicalizados\u00bb.<\/p>\n<\/div>\n<\/div>\n<div class=\"row\">\n<div class=\"col-xs-12 col-print-12\">\n<p class=\"element element-paragraph\"><strong>El terror est\u00e1 sembrado y el da\u00f1o hecho.<\/strong>\u00a0La apuesta mayor del Gobierno ahora es frenar de lleno el accionar de estos grupos para que la peste de la violencia no se propague como fuego. No ser\u00e1 tarea f\u00e1cil. Pero el riesgo de dejar que avance la RAM o la CAM en la Patagonia es extremo:\u00a0<strong>estos grupos violenctos tienen como rehenes a empresarios, camioneros, trabajadores judiciales, empleados de turismo y al ciudadano com\u00fan<\/strong>.<\/p>\n<\/div>\n<\/div>\n<div class=\"row\">\n<div class=\"col-xs-12 col-print-12\">\n<p class=\"element element-paragraph\"><strong>LEA M\u00c1S:\u00a0<\/strong><\/p>\n<\/div>\n<\/div>\n<div class=\"row\">\n<div class=\"col-xs-12 col-print-12\">\n<p class=\"element element-paragraph\"><em><a href=\"http:\/\/www.infobae.com\/sociedad\/2017\/08\/07\/incidentes-durante-una-protesta-frente-al-congreso-para-pedir-por-santiago-maldonado\/\">Un grupo defensor de los mapuches agredi\u00f3 violentamente a la polic\u00eda y a periodistas<\/a><\/em><\/p>\n<\/div>\n<\/div>\n<div class=\"row\">\n<div class=\"col-xs-12 col-print-12\">\n<p class=\"element element-paragraph\"><em><a href=\"http:\/\/www.infobae.com\/sociedad\/policiales\/2017\/08\/08\/el-gobierno-ofrece-500-000-de-recompensa-para-encontrar-a-santiago-maldonado\/\">El Gobierno ofrece $500.000 de recompensa para encontrar a Santiago Maldonado<\/a><\/em><\/p>\n<\/div>\n<\/div>\n<\/div>\n<\/div>\n<\/div>\n<\/div>\n","protected":false},"excerpt":{"rendered":"<p>Buenos Aires.-Se trata de las agrupaciones RAM y CAM, que operan en el sur de ambos pa\u00edses; fuerte preocupaci\u00f3n de [&hellip;]<\/p>\n","protected":false},"author":2,"featured_media":33051,"comment_status":"open","ping_status":"open","sticky":false,"template":"","format":"standard","meta":{"site-sidebar-layout":"default","site-content-layout":"","ast-site-content-layout":"default","site-content-style":"default","site-sidebar-style":"default","ast-global-header-display":"","ast-banner-title-visibility":"","ast-main-header-display":"","ast-hfb-above-header-display":"","ast-hfb-below-header-display":"","ast-hfb-mobile-header-display":"","site-post-title":"","ast-breadcrumbs-content":"","ast-featured-img":"","footer-sml-layout":"","ast-disable-related-posts":"","theme-transparent-header-meta":"","adv-header-id-meta":"","stick-header-meta":"","header-above-stick-meta":"","header-main-stick-meta":"","header-below-stick-meta":"","astra-migrate-meta-layouts":"default","ast-page-background-enabled":"default","ast-page-background-meta":{"desktop":{"background-color":"var(--ast-global-color-5)","background-image":"","background-repeat":"repeat","background-position":"center center","background-size":"auto","background-attachment":"scroll","background-type":"","background-media":"","overlay-type":"","overlay-color":"","overlay-opacity":"","overlay-gradient":""},"tablet":{"background-color":"","background-image":"","background-repeat":"repeat","background-position":"center center","background-size":"auto","background-attachment":"scroll","background-type":"","background-media":"","overlay-type":"","overlay-color":"","overlay-opacity":"","overlay-gradient":""},"mobile":{"background-color":"","background-image":"","background-repeat":"repeat","background-position":"center center","background-size":"auto","background-attachment":"scroll","background-type":"","background-media":"","overlay-type":"","overlay-color":"","overlay-opacity":"","overlay-gradient":""}},"ast-content-background-meta":{"desktop":{"background-color":"var(--ast-global-color-4)","background-image":"","background-repeat":"repeat","background-position":"center center","background-size":"auto","background-attachment":"scroll","background-type":"","background-media":"","overlay-type":"","overlay-color":"","overlay-opacity":"","overlay-gradient":""},"tablet":{"background-color":"var(--ast-global-color-4)","background-image":"","background-repeat":"repeat","background-position":"center center","background-size":"auto","background-attachment":"scroll","background-type":"","background-media":"","overlay-type":"","overlay-color":"","overlay-opacity":"","overlay-gradient":""},"mobile":{"background-color":"var(--ast-global-color-4)","background-image":"","background-repeat":"repeat","background-position":"center center","background-size":"auto","background-attachment":"scroll","background-type":"","background-media":"","overlay-type":"","overlay-color":"","overlay-opacity":"","overlay-gradient":""}},"footnotes":""},"categories":[23,1],"tags":[],"class_list":["post-33050","post","type-post","status-publish","format-standard","has-post-thumbnail","hentry","category-internacionales","category-noticias"],"yoast_head":"<!-- This site is optimized with the Yoast SEO Premium plugin v23.0 (Yoast SEO v27.4) - https:\/\/yoast.com\/product\/yoast-seo-premium-wordpress\/ -->\n<title>Violencia, anarqu\u00eda y apoyo externo: el perfil de dos grupos mapuches que tienen en vilo a Chile y la Argentina<\/title>\n<meta name=\"robots\" content=\"index, follow, max-snippet:-1, max-image-preview:large, max-video-preview:-1\" \/>\n<link rel=\"canonical\" href=\"https:\/\/patagoniambiental.com.ar\/info\/violencia-anarquia-y-apoyo-externo-el-perfil-de-dos-grupos-mapuches-que-tienen-en-vilo-a-chile-y-la-argentina\/\" \/>\n<meta property=\"og:locale\" content=\"es_ES\" \/>\n<meta property=\"og:type\" content=\"article\" \/>\n<meta property=\"og:title\" content=\"Violencia, anarqu\u00eda y apoyo externo: el perfil de dos grupos mapuches que tienen en vilo a Chile y la Argentina\" \/>\n<meta property=\"og:description\" content=\"Buenos Aires.-Se trata de las agrupaciones RAM y CAM, que operan en el sur de ambos pa\u00edses; fuerte preocupaci\u00f3n de [&hellip;]\" \/>\n<meta property=\"og:url\" content=\"https:\/\/patagoniambiental.com.ar\/info\/violencia-anarquia-y-apoyo-externo-el-perfil-de-dos-grupos-mapuches-que-tienen-en-vilo-a-chile-y-la-argentina\/\" \/>\n<meta property=\"og:site_name\" content=\"Patagonia Ambiental\" \/>\n<meta property=\"article:publisher\" content=\"https:\/\/www.facebook.com\/patagonia.ambiental\" \/>\n<meta property=\"article:author\" content=\"https:\/\/www.facebook.com\/share\/1C1V8Gv9BX\/?mibextid=qi2Omg\" \/>\n<meta property=\"article:published_time\" content=\"2017-08-10T12:00:09+00:00\" \/>\n<meta property=\"og:image\" content=\"https:\/\/patagoniambiental.com.ar\/info\/wp-content\/uploads\/2017\/08\/ram-mapuches.jpg\" \/>\n\t<meta property=\"og:image:width\" content=\"600\" \/>\n\t<meta property=\"og:image:height\" content=\"443\" \/>\n\t<meta property=\"og:image:type\" content=\"image\/jpeg\" \/>\n<meta name=\"author\" content=\"Patagonia Ambiental\" \/>\n<meta name=\"twitter:card\" content=\"summary_large_image\" \/>\n<meta name=\"twitter:creator\" content=\"@PatAmb\" \/>\n<meta name=\"twitter:site\" content=\"@PatAmb\" \/>\n<script type=\"application\/ld+json\" class=\"yoast-schema-graph\">{\"@context\":\"https:\\\/\\\/schema.org\",\"@graph\":[{\"@type\":\"Article\",\"@id\":\"https:\\\/\\\/patagoniambiental.com.ar\\\/info\\\/violencia-anarquia-y-apoyo-externo-el-perfil-de-dos-grupos-mapuches-que-tienen-en-vilo-a-chile-y-la-argentina\\\/#article\",\"isPartOf\":{\"@id\":\"https:\\\/\\\/patagoniambiental.com.ar\\\/info\\\/violencia-anarquia-y-apoyo-externo-el-perfil-de-dos-grupos-mapuches-que-tienen-en-vilo-a-chile-y-la-argentina\\\/\"},\"author\":{\"name\":\"Patagonia Ambiental\",\"@id\":\"https:\\\/\\\/patagoniambiental.com.ar\\\/info\\\/#\\\/schema\\\/person\\\/db12bff64bbcbf6a253710bf0ea37b5d\"},\"headline\":\"Violencia, anarqu\u00eda y apoyo externo: el perfil de dos grupos mapuches que tienen en vilo a Chile y la Argentina\",\"datePublished\":\"2017-08-10T12:00:09+00:00\",\"mainEntityOfPage\":{\"@id\":\"https:\\\/\\\/patagoniambiental.com.ar\\\/info\\\/violencia-anarquia-y-apoyo-externo-el-perfil-de-dos-grupos-mapuches-que-tienen-en-vilo-a-chile-y-la-argentina\\\/\"},\"wordCount\":1430,\"commentCount\":0,\"publisher\":{\"@id\":\"https:\\\/\\\/patagoniambiental.com.ar\\\/info\\\/#organization\"},\"image\":{\"@id\":\"https:\\\/\\\/patagoniambiental.com.ar\\\/info\\\/violencia-anarquia-y-apoyo-externo-el-perfil-de-dos-grupos-mapuches-que-tienen-en-vilo-a-chile-y-la-argentina\\\/#primaryimage\"},\"thumbnailUrl\":\"https:\\\/\\\/patagoniambiental.com.ar\\\/info\\\/wp-content\\\/uploads\\\/2017\\\/08\\\/ram-mapuches.jpg\",\"articleSection\":[\"Internacionales\",\"Noticias\"],\"inLanguage\":\"es\",\"potentialAction\":[{\"@type\":\"CommentAction\",\"name\":\"Comment\",\"target\":[\"https:\\\/\\\/patagoniambiental.com.ar\\\/info\\\/violencia-anarquia-y-apoyo-externo-el-perfil-de-dos-grupos-mapuches-que-tienen-en-vilo-a-chile-y-la-argentina\\\/#respond\"]}]},{\"@type\":\"WebPage\",\"@id\":\"https:\\\/\\\/patagoniambiental.com.ar\\\/info\\\/violencia-anarquia-y-apoyo-externo-el-perfil-de-dos-grupos-mapuches-que-tienen-en-vilo-a-chile-y-la-argentina\\\/\",\"url\":\"https:\\\/\\\/patagoniambiental.com.ar\\\/info\\\/violencia-anarquia-y-apoyo-externo-el-perfil-de-dos-grupos-mapuches-que-tienen-en-vilo-a-chile-y-la-argentina\\\/\",\"name\":\"Violencia, anarqu\u00eda y apoyo externo: el perfil de dos grupos mapuches que tienen en vilo a Chile y la Argentina\",\"isPartOf\":{\"@id\":\"https:\\\/\\\/patagoniambiental.com.ar\\\/info\\\/#website\"},\"primaryImageOfPage\":{\"@id\":\"https:\\\/\\\/patagoniambiental.com.ar\\\/info\\\/violencia-anarquia-y-apoyo-externo-el-perfil-de-dos-grupos-mapuches-que-tienen-en-vilo-a-chile-y-la-argentina\\\/#primaryimage\"},\"image\":{\"@id\":\"https:\\\/\\\/patagoniambiental.com.ar\\\/info\\\/violencia-anarquia-y-apoyo-externo-el-perfil-de-dos-grupos-mapuches-que-tienen-en-vilo-a-chile-y-la-argentina\\\/#primaryimage\"},\"thumbnailUrl\":\"https:\\\/\\\/patagoniambiental.com.ar\\\/info\\\/wp-content\\\/uploads\\\/2017\\\/08\\\/ram-mapuches.jpg\",\"datePublished\":\"2017-08-10T12:00:09+00:00\",\"breadcrumb\":{\"@id\":\"https:\\\/\\\/patagoniambiental.com.ar\\\/info\\\/violencia-anarquia-y-apoyo-externo-el-perfil-de-dos-grupos-mapuches-que-tienen-en-vilo-a-chile-y-la-argentina\\\/#breadcrumb\"},\"inLanguage\":\"es\",\"potentialAction\":[{\"@type\":\"ReadAction\",\"target\":[\"https:\\\/\\\/patagoniambiental.com.ar\\\/info\\\/violencia-anarquia-y-apoyo-externo-el-perfil-de-dos-grupos-mapuches-que-tienen-en-vilo-a-chile-y-la-argentina\\\/\"]}]},{\"@type\":\"ImageObject\",\"inLanguage\":\"es\",\"@id\":\"https:\\\/\\\/patagoniambiental.com.ar\\\/info\\\/violencia-anarquia-y-apoyo-externo-el-perfil-de-dos-grupos-mapuches-que-tienen-en-vilo-a-chile-y-la-argentina\\\/#primaryimage\",\"url\":\"https:\\\/\\\/patagoniambiental.com.ar\\\/info\\\/wp-content\\\/uploads\\\/2017\\\/08\\\/ram-mapuches.jpg\",\"contentUrl\":\"https:\\\/\\\/patagoniambiental.com.ar\\\/info\\\/wp-content\\\/uploads\\\/2017\\\/08\\\/ram-mapuches.jpg\",\"width\":600,\"height\":443},{\"@type\":\"BreadcrumbList\",\"@id\":\"https:\\\/\\\/patagoniambiental.com.ar\\\/info\\\/violencia-anarquia-y-apoyo-externo-el-perfil-de-dos-grupos-mapuches-que-tienen-en-vilo-a-chile-y-la-argentina\\\/#breadcrumb\",\"itemListElement\":[{\"@type\":\"ListItem\",\"position\":1,\"name\":\"Inicio\",\"item\":\"https:\\\/\\\/patagoniambiental.com.ar\\\/info\\\/\"},{\"@type\":\"ListItem\",\"position\":2,\"name\":\"Violencia, anarqu\u00eda y apoyo externo: el perfil de dos grupos mapuches que tienen en vilo a Chile y la Argentina\"}]},{\"@type\":\"WebSite\",\"@id\":\"https:\\\/\\\/patagoniambiental.com.ar\\\/info\\\/#website\",\"url\":\"https:\\\/\\\/patagoniambiental.com.ar\\\/info\\\/\",\"name\":\"Patagonia Ambiental\",\"description\":\"Monitoreo y an\u00e1lisis de la situaci\u00f3n geopol\u00edtica en el mundo y su implicancia en la Patagonia\",\"publisher\":{\"@id\":\"https:\\\/\\\/patagoniambiental.com.ar\\\/info\\\/#organization\"},\"potentialAction\":[{\"@type\":\"SearchAction\",\"target\":{\"@type\":\"EntryPoint\",\"urlTemplate\":\"https:\\\/\\\/patagoniambiental.com.ar\\\/info\\\/?s={search_term_string}\"},\"query-input\":{\"@type\":\"PropertyValueSpecification\",\"valueRequired\":true,\"valueName\":\"search_term_string\"}}],\"inLanguage\":\"es\"},{\"@type\":\"Organization\",\"@id\":\"https:\\\/\\\/patagoniambiental.com.ar\\\/info\\\/#organization\",\"name\":\"Patagonia Ambiental\",\"url\":\"https:\\\/\\\/patagoniambiental.com.ar\\\/info\\\/\",\"logo\":{\"@type\":\"ImageObject\",\"inLanguage\":\"es\",\"@id\":\"https:\\\/\\\/patagoniambiental.com.ar\\\/info\\\/#\\\/schema\\\/logo\\\/image\\\/\",\"url\":\"https:\\\/\\\/patagoniambiental.com.ar\\\/info\\\/wp-content\\\/uploads\\\/2025\\\/05\\\/LOGO-PATAGONIA-AMBIENTAL.png\",\"contentUrl\":\"https:\\\/\\\/patagoniambiental.com.ar\\\/info\\\/wp-content\\\/uploads\\\/2025\\\/05\\\/LOGO-PATAGONIA-AMBIENTAL.png\",\"width\":433,\"height\":250,\"caption\":\"Patagonia Ambiental\"},\"image\":{\"@id\":\"https:\\\/\\\/patagoniambiental.com.ar\\\/info\\\/#\\\/schema\\\/logo\\\/image\\\/\"},\"sameAs\":[\"https:\\\/\\\/www.facebook.com\\\/patagonia.ambiental\",\"https:\\\/\\\/x.com\\\/PatAmb\"]},{\"@type\":\"Person\",\"@id\":\"https:\\\/\\\/patagoniambiental.com.ar\\\/info\\\/#\\\/schema\\\/person\\\/db12bff64bbcbf6a253710bf0ea37b5d\",\"name\":\"Patagonia Ambiental\",\"description\":\"Andr\u00e9s Nievas T\u00e9cnico en manejo ambiental, consultor Ambiental y escritor para medios locales e internacionales sobre temas de geopolitica y medio ambiente.\",\"sameAs\":[\"http:\\\/\\\/www.patagoniambiental.com.ar\",\"https:\\\/\\\/www.facebook.com\\\/share\\\/1C1V8Gv9BX\\\/?mibextid=qi2Omg\",\"@patagoniambiental\",\"https:\\\/\\\/youtube.com\\\/@patagoniaambiental2023?si=BLt58t0wuXquxlYZ\"]}]}<\/script>\n<!-- \/ Yoast SEO Premium plugin. -->","yoast_head_json":{"title":"Violencia, anarqu\u00eda y apoyo externo: el perfil de dos grupos mapuches que tienen en vilo a Chile y la Argentina","robots":{"index":"index","follow":"follow","max-snippet":"max-snippet:-1","max-image-preview":"max-image-preview:large","max-video-preview":"max-video-preview:-1"},"canonical":"https:\/\/patagoniambiental.com.ar\/info\/violencia-anarquia-y-apoyo-externo-el-perfil-de-dos-grupos-mapuches-que-tienen-en-vilo-a-chile-y-la-argentina\/","og_locale":"es_ES","og_type":"article","og_title":"Violencia, anarqu\u00eda y apoyo externo: el perfil de dos grupos mapuches que tienen en vilo a Chile y la Argentina","og_description":"Buenos Aires.-Se trata de las agrupaciones RAM y CAM, que operan en el sur de ambos pa\u00edses; fuerte preocupaci\u00f3n de [&hellip;]","og_url":"https:\/\/patagoniambiental.com.ar\/info\/violencia-anarquia-y-apoyo-externo-el-perfil-de-dos-grupos-mapuches-que-tienen-en-vilo-a-chile-y-la-argentina\/","og_site_name":"Patagonia Ambiental","article_publisher":"https:\/\/www.facebook.com\/patagonia.ambiental","article_author":"https:\/\/www.facebook.com\/share\/1C1V8Gv9BX\/?mibextid=qi2Omg","article_published_time":"2017-08-10T12:00:09+00:00","og_image":[{"width":600,"height":443,"url":"https:\/\/patagoniambiental.com.ar\/info\/wp-content\/uploads\/2017\/08\/ram-mapuches.jpg","type":"image\/jpeg"}],"author":"Patagonia Ambiental","twitter_card":"summary_large_image","twitter_creator":"@PatAmb","twitter_site":"@PatAmb","schema":{"@context":"https:\/\/schema.org","@graph":[{"@type":"Article","@id":"https:\/\/patagoniambiental.com.ar\/info\/violencia-anarquia-y-apoyo-externo-el-perfil-de-dos-grupos-mapuches-que-tienen-en-vilo-a-chile-y-la-argentina\/#article","isPartOf":{"@id":"https:\/\/patagoniambiental.com.ar\/info\/violencia-anarquia-y-apoyo-externo-el-perfil-de-dos-grupos-mapuches-que-tienen-en-vilo-a-chile-y-la-argentina\/"},"author":{"name":"Patagonia Ambiental","@id":"https:\/\/patagoniambiental.com.ar\/info\/#\/schema\/person\/db12bff64bbcbf6a253710bf0ea37b5d"},"headline":"Violencia, anarqu\u00eda y apoyo externo: el perfil de dos grupos mapuches que tienen en vilo a Chile y la Argentina","datePublished":"2017-08-10T12:00:09+00:00","mainEntityOfPage":{"@id":"https:\/\/patagoniambiental.com.ar\/info\/violencia-anarquia-y-apoyo-externo-el-perfil-de-dos-grupos-mapuches-que-tienen-en-vilo-a-chile-y-la-argentina\/"},"wordCount":1430,"commentCount":0,"publisher":{"@id":"https:\/\/patagoniambiental.com.ar\/info\/#organization"},"image":{"@id":"https:\/\/patagoniambiental.com.ar\/info\/violencia-anarquia-y-apoyo-externo-el-perfil-de-dos-grupos-mapuches-que-tienen-en-vilo-a-chile-y-la-argentina\/#primaryimage"},"thumbnailUrl":"https:\/\/patagoniambiental.com.ar\/info\/wp-content\/uploads\/2017\/08\/ram-mapuches.jpg","articleSection":["Internacionales","Noticias"],"inLanguage":"es","potentialAction":[{"@type":"CommentAction","name":"Comment","target":["https:\/\/patagoniambiental.com.ar\/info\/violencia-anarquia-y-apoyo-externo-el-perfil-de-dos-grupos-mapuches-que-tienen-en-vilo-a-chile-y-la-argentina\/#respond"]}]},{"@type":"WebPage","@id":"https:\/\/patagoniambiental.com.ar\/info\/violencia-anarquia-y-apoyo-externo-el-perfil-de-dos-grupos-mapuches-que-tienen-en-vilo-a-chile-y-la-argentina\/","url":"https:\/\/patagoniambiental.com.ar\/info\/violencia-anarquia-y-apoyo-externo-el-perfil-de-dos-grupos-mapuches-que-tienen-en-vilo-a-chile-y-la-argentina\/","name":"Violencia, anarqu\u00eda y apoyo externo: el perfil de dos grupos mapuches que tienen en vilo a Chile y la Argentina","isPartOf":{"@id":"https:\/\/patagoniambiental.com.ar\/info\/#website"},"primaryImageOfPage":{"@id":"https:\/\/patagoniambiental.com.ar\/info\/violencia-anarquia-y-apoyo-externo-el-perfil-de-dos-grupos-mapuches-que-tienen-en-vilo-a-chile-y-la-argentina\/#primaryimage"},"image":{"@id":"https:\/\/patagoniambiental.com.ar\/info\/violencia-anarquia-y-apoyo-externo-el-perfil-de-dos-grupos-mapuches-que-tienen-en-vilo-a-chile-y-la-argentina\/#primaryimage"},"thumbnailUrl":"https:\/\/patagoniambiental.com.ar\/info\/wp-content\/uploads\/2017\/08\/ram-mapuches.jpg","datePublished":"2017-08-10T12:00:09+00:00","breadcrumb":{"@id":"https:\/\/patagoniambiental.com.ar\/info\/violencia-anarquia-y-apoyo-externo-el-perfil-de-dos-grupos-mapuches-que-tienen-en-vilo-a-chile-y-la-argentina\/#breadcrumb"},"inLanguage":"es","potentialAction":[{"@type":"ReadAction","target":["https:\/\/patagoniambiental.com.ar\/info\/violencia-anarquia-y-apoyo-externo-el-perfil-de-dos-grupos-mapuches-que-tienen-en-vilo-a-chile-y-la-argentina\/"]}]},{"@type":"ImageObject","inLanguage":"es","@id":"https:\/\/patagoniambiental.com.ar\/info\/violencia-anarquia-y-apoyo-externo-el-perfil-de-dos-grupos-mapuches-que-tienen-en-vilo-a-chile-y-la-argentina\/#primaryimage","url":"https:\/\/patagoniambiental.com.ar\/info\/wp-content\/uploads\/2017\/08\/ram-mapuches.jpg","contentUrl":"https:\/\/patagoniambiental.com.ar\/info\/wp-content\/uploads\/2017\/08\/ram-mapuches.jpg","width":600,"height":443},{"@type":"BreadcrumbList","@id":"https:\/\/patagoniambiental.com.ar\/info\/violencia-anarquia-y-apoyo-externo-el-perfil-de-dos-grupos-mapuches-que-tienen-en-vilo-a-chile-y-la-argentina\/#breadcrumb","itemListElement":[{"@type":"ListItem","position":1,"name":"Inicio","item":"https:\/\/patagoniambiental.com.ar\/info\/"},{"@type":"ListItem","position":2,"name":"Violencia, anarqu\u00eda y apoyo externo: el perfil de dos grupos mapuches que tienen en vilo a Chile y la Argentina"}]},{"@type":"WebSite","@id":"https:\/\/patagoniambiental.com.ar\/info\/#website","url":"https:\/\/patagoniambiental.com.ar\/info\/","name":"Patagonia Ambiental","description":"Monitoreo y an\u00e1lisis de la situaci\u00f3n geopol\u00edtica en el mundo y su implicancia en la Patagonia","publisher":{"@id":"https:\/\/patagoniambiental.com.ar\/info\/#organization"},"potentialAction":[{"@type":"SearchAction","target":{"@type":"EntryPoint","urlTemplate":"https:\/\/patagoniambiental.com.ar\/info\/?s={search_term_string}"},"query-input":{"@type":"PropertyValueSpecification","valueRequired":true,"valueName":"search_term_string"}}],"inLanguage":"es"},{"@type":"Organization","@id":"https:\/\/patagoniambiental.com.ar\/info\/#organization","name":"Patagonia Ambiental","url":"https:\/\/patagoniambiental.com.ar\/info\/","logo":{"@type":"ImageObject","inLanguage":"es","@id":"https:\/\/patagoniambiental.com.ar\/info\/#\/schema\/logo\/image\/","url":"https:\/\/patagoniambiental.com.ar\/info\/wp-content\/uploads\/2025\/05\/LOGO-PATAGONIA-AMBIENTAL.png","contentUrl":"https:\/\/patagoniambiental.com.ar\/info\/wp-content\/uploads\/2025\/05\/LOGO-PATAGONIA-AMBIENTAL.png","width":433,"height":250,"caption":"Patagonia Ambiental"},"image":{"@id":"https:\/\/patagoniambiental.com.ar\/info\/#\/schema\/logo\/image\/"},"sameAs":["https:\/\/www.facebook.com\/patagonia.ambiental","https:\/\/x.com\/PatAmb"]},{"@type":"Person","@id":"https:\/\/patagoniambiental.com.ar\/info\/#\/schema\/person\/db12bff64bbcbf6a253710bf0ea37b5d","name":"Patagonia Ambiental","description":"Andr\u00e9s Nievas T\u00e9cnico en manejo ambiental, consultor Ambiental y escritor para medios locales e internacionales sobre temas de geopolitica y medio ambiente.","sameAs":["http:\/\/www.patagoniambiental.com.ar","https:\/\/www.facebook.com\/share\/1C1V8Gv9BX\/?mibextid=qi2Omg","@patagoniambiental","https:\/\/youtube.com\/@patagoniaambiental2023?si=BLt58t0wuXquxlYZ"]}]}},"_links":{"self":[{"href":"https:\/\/patagoniambiental.com.ar\/info\/wp-json\/wp\/v2\/posts\/33050","targetHints":{"allow":["GET"]}}],"collection":[{"href":"https:\/\/patagoniambiental.com.ar\/info\/wp-json\/wp\/v2\/posts"}],"about":[{"href":"https:\/\/patagoniambiental.com.ar\/info\/wp-json\/wp\/v2\/types\/post"}],"author":[{"embeddable":true,"href":"https:\/\/patagoniambiental.com.ar\/info\/wp-json\/wp\/v2\/users\/2"}],"replies":[{"embeddable":true,"href":"https:\/\/patagoniambiental.com.ar\/info\/wp-json\/wp\/v2\/comments?post=33050"}],"version-history":[{"count":0,"href":"https:\/\/patagoniambiental.com.ar\/info\/wp-json\/wp\/v2\/posts\/33050\/revisions"}],"wp:featuredmedia":[{"embeddable":true,"href":"https:\/\/patagoniambiental.com.ar\/info\/wp-json\/wp\/v2\/media\/33051"}],"wp:attachment":[{"href":"https:\/\/patagoniambiental.com.ar\/info\/wp-json\/wp\/v2\/media?parent=33050"}],"wp:term":[{"taxonomy":"category","embeddable":true,"href":"https:\/\/patagoniambiental.com.ar\/info\/wp-json\/wp\/v2\/categories?post=33050"},{"taxonomy":"post_tag","embeddable":true,"href":"https:\/\/patagoniambiental.com.ar\/info\/wp-json\/wp\/v2\/tags?post=33050"}],"curies":[{"name":"wp","href":"https:\/\/api.w.org\/{rel}","templated":true}]}}