{"id":33055,"date":"2017-08-10T09:10:12","date_gmt":"2017-08-10T12:10:12","guid":{"rendered":"http:\/\/patagoniambiental.com.ar\/info\/?p=33055"},"modified":"2017-08-10T09:12:46","modified_gmt":"2017-08-10T12:12:46","slug":"crimen-y-justicia-gerardo-milman-la-familia-de-santiago-maldonado-y-los-mapuches-no-colaboran","status":"publish","type":"post","link":"https:\/\/patagoniambiental.com.ar\/info\/crimen-y-justicia-gerardo-milman-la-familia-de-santiago-maldonado-y-los-mapuches-no-colaboran\/","title":{"rendered":"\u00a0  CRIMEN Y JUSTICIA  Gerardo Milman: \u00abLa familia de Santiago Maldonado y los mapuches no colaboran\u00bb"},"content":{"rendered":"<div id=\"ftKVTc1H3lJ1qq\" class=\"wrapper clearfix full pb-feature pb-layout-item pb-f-global-hot-topics\">Buenos Aires.-El secretario de Seguridad Interior, dijo que no conf\u00edan en nadie. \u00abNosotros tambi\u00e9n queremos el esclarecimiento inmediato\u00bb, afirm\u00f3<\/div>\n<div class=\"pb-container\">\n<div id=\"f0LGkWwH3lJ1qq\" class=\"wrapper clearfix col-lg-12 pb-feature pb-layout-item pb-f-article-header col-md-12 col-sm-12 col-xs-12 no-align\">\n<div class=\"row\">\n<header class=\"article-header hed-first col-sm-12\"><span class=\"subheadline\"><!--more--><\/span><\/p>\n<\/header>\n<header><\/header>\n<\/div>\n<\/div>\n<div id=\"f00YgXCH3lJ1qq\" class=\"wrapper clearfix col-lg-12 col-md-12 pb-feature pb-layout-item pb-f-article-byline col-sm-12 col-xs-12 no-align\"><\/div>\n<div id=\"ciUqky1H3lJ1qq\" class=\"col-md-8 col-sm-12 col-xs-12 pb-layout-item pb-chain pb-c-list-chain left-align\">\n<div id=\"fI0AzK1H3lJ1qq\" class=\"wrapper clearfix full pb-feature pb-layout-item pb-f-article-body no-align\">\n<div id=\"article-body\" class=\"article-body article-body-elements\">\n<div id=\"article-content\">\n<div class=\"row\">\n<figure class=\"element element-image col-xs-12\">\n<div class=\"single-image\">\n<div class=\"shares\"><\/div>\n<p><img decoding=\"async\" id=\"MMC2COJWLBDTLBO4EV6AUD4VFY\" class=\"image-lazy\" src=\"http:\/\/www.infobae.com\/new-resizer\/bAM4Qao5w73wVQ1uDQeW8UNpZ3Q=\/600x0\/s3.amazonaws.com\/arc-wordpress-client-uploads\/infobae-wp\/wp-content\/uploads\/2016\/09\/02093114\/57c94b814b601.jpg?token=bar\" alt=\"\" width=\"750\" height=\"421.484375\" data-url=\"http:\/\/www.infobae.com\/sociedad\/policiales\/2017\/08\/08\/gerardo-milman-la-familia-de-santiago-maldonado-y-los-mapuches-no-colaboran\/%23MMC2COJWLBDTLBO4EV6AUD4VFY\" data-original=\"http:\/\/www.infobae.com\/new-resizer\/bAM4Qao5w73wVQ1uDQeW8UNpZ3Q=\/600x0\/s3.amazonaws.com\/arc-wordpress-client-uploads\/infobae-wp\/wp-content\/uploads\/2016\/09\/02093114\/57c94b814b601.jpg?token=bar\" \/><\/p>\n<\/div><figcaption class=\"\"><\/figcaption><\/figure>\n<\/div>\n<div class=\"row\">\n<div class=\"col-xs-12 col-print-12\">\n<p class=\"element element-paragraph\">El secretario de Seguridad Interior,\u00a0<strong>Gerardo Millman<\/strong>, asegur\u00f3 hoy que el Gobierno no conf\u00eda \u00aben nadie\u00bb en la causa en la que se investiga la desaparici\u00f3n de\u00a0<strong>Santiago Maldonado<\/strong>, el joven desaparecido tras participar de una protesta mapuche en Chubut, y sostuvo que\u00a0<strong>\u00abtodas las hip\u00f3tesis son posibles\u00bb.<\/strong><\/p>\n<\/div>\n<\/div>\n<div class=\"row\">\n<div class=\"col-xs-12 col-print-12\">\n<p class=\"element element-paragraph\">Si bien hay versiones de testigos que afirman que la Gendarmer\u00eda detuvo al joven durante el desalojo de un corte de la ruta 40 el 1 de agosto \u00faltimo, el funcionario dijo que quienes afirman que eso ocurri\u00f3 no se presentaron a declarar en la Justicia.\u00a0<strong>\u00abNo hay denuncias contra los gendarmes, por eso no fueron apartados de la fuerza\u00bb<\/strong>, se\u00f1al\u00f3 Milman en una entrevista con radio\u00a0<em>FM Blue<\/em>. Y agreg\u00f3: \u00abNo podemos quitarle el trabajo a alguien que no fue denunciado\u00bb.<\/p>\n<\/div>\n<\/div>\n<div class=\"row\">\n<div class=\"col-xs-12 col-print-12\">\n<p class=\"element element-paragraph\"><strong>\u00abNo confiamos en nadie, todas las hip\u00f3tesis son posibles<\/strong>. El que lleva adelante la causa es el juez. Necesitamos que se acerquen al juzgado, que hagan las declaraciones. Todas esas cosas que se relatan, necesitamos que est\u00e9n en el expediente. Y que se facilite la b\u00fasqueda, que debe ser lo antes posible\u00bb, se\u00f1al\u00f3 el secratario de Seguridad Interior\u00a0en declaraciones radiales.<\/p>\n<\/div>\n<\/div>\n<div class=\"row\">\n<div class=\"col-xs-12 col-print-12\">\n<p class=\"element element-paragraph\">En tanto, confirm\u00f3 que el Gobierno ofreci\u00f3 una recompensa de 500 mil pesos para quien aporte datos para localizar a Santiago.\u00a0<strong>\u00abPusimos una recompensa alta para saber donde esta Maldonado, es el doble de la plata que ofrecimos por Minnicelli\u00bb<\/strong>, dijo el ex diputado en referencia al cu\u00f1ado de Julio De Vido, detenido el domingo despu\u00e9s de estar 9 meses pr\u00f3fugo.<\/p>\n<\/div>\n<\/div>\n<div class=\"row\">\n<div class=\"col-xs-12 col-print-12\">\n<p class=\"element element-paragraph\">Milman confirm\u00f3 que \u00abhay un terreno d\u00f3nde supuestamente se lo vi\u00f3 a Santiago y Gendarmer\u00eda entr\u00f3 con perros\u00bb. Aunque reiter\u00f3 el pedido de colaboraci\u00f3n a la comunidad mapuche, ya que seg\u00fan explic\u00f3:\u00a0<strong>\u00abPrefectura ha iniciado la b\u00fasqueda con diversas dificultades porque \u00e9ste grupo no permite ingresar en ciertos lugares\u00bb.<\/strong><\/p>\n<\/div>\n<\/div>\n<div class=\"row\">\n<div class=\"col-xs-12 col-print-12\">\n<p class=\"element element-paragraph\">El funcionario cuestion\u00f3 a la familia del joven desaparecido porque\u00a0<strong>\u00abno quiere hablar\u00bb<\/strong>, y apunt\u00f3 tambi\u00e9n contra las comunidades mapuches que reclaman en la zona por el avance de la propiedad privada y la explotaci\u00f3n de los recursos.\u00a0<strong>\u00abNecesitamos la colaboraci\u00f3n, nos dicen que son \u00abtierras sagradas\u00bb y no nos dejan rastrillar\u00bb<\/strong>, se quej\u00f3 Milman.<\/p>\n<\/div>\n<\/div>\n<div class=\"row\">\n<div class=\"col-xs-12 col-print-12\">\n<p class=\"element element-paragraph\">Por \u00faltimo, asegur\u00f3 que desde el Gobierno se est\u00e1 haciendo un gran esfuerzo por encontrar al joven desaparecido. \u00abComparto lo que dice la ONU, nosotros tambi\u00e9n queremos el esclarecimiento inmediato\u00bb, se\u00f1al\u00f3. Y agreg\u00f3: \u00abNosotros queremos encontrar a Maldonado, las bombas molotov que nos tiran no lo van a encontrar\u00bb.<\/p>\n<\/div>\n<\/div>\n<div class=\"row\">\n<div class=\"col-xs-12 col-print-12\">\n<p class=\"element element-paragraph\">El martes primero de agosto, Santiago Maldonado, un joven de 27 a\u00f1os oriundo de la localidad bonaerense de 25 de mayo que actualmente vive en El Bols\u00f3n, intent\u00f3 escapar de la persecuci\u00f3n de un escuadr\u00f3n de Gendarmer\u00eda en el marco de un operativo en el lugar que habita la comunidad mapuche Cushamen, en Esquel, provincia de Chubut. Seg\u00fan testigos de la comunidad, los efectivos ingresaron a las viviendas sorpresivamente, disparando, golpeando y quemando las pertenencias de sus habitantes. Desde ese momento, Santiago se encuentra desaparecido.<\/p>\n<\/div>\n<\/div>\n<div class=\"row\">\n<div class=\"col-xs-12 col-print-12\">\n<p class=\"element element-paragraph\">La Red de Apoyo Comunidades en Conflicto hab\u00eda reclamado la aparici\u00f3n de Maldonado y dijo en un comunicado que \u00abfue visto por \u00faltima vez corriendo para resguardar su vida ante la lluvia de balas de plomo y goma, pero fue capturado por la propia Gendarmer\u00eda, seg\u00fan el relato de las personas que pudieron escapar\u00bb.<\/p>\n<\/div>\n<\/div>\n<div class=\"row\">\n<div class=\"col-xs-12 col-print-12\">\n<p class=\"element element-paragraph\"><strong>LEA M\u00c1S<\/strong><\/p>\n<\/div>\n<\/div>\n<div class=\"row\">\n<div class=\"col-xs-12 col-print-12\">\n<p class=\"element element-paragraph\"><em><strong><a href=\"http:\/\/www.infobae.com\/sociedad\/policiales\/2017\/08\/07\/la-familia-de-maldonado-le-respondio-a-la-ministra-bullrich\/\">La familia de Maldonado le respondi\u00f3 a la ministra Bullrich<\/a><\/strong><\/em><\/p>\n<p>Fuente: Infobae<\/p>\n<\/div>\n<\/div>\n<\/div>\n<\/div>\n<\/div>\n<\/div>\n<\/div>\n<p>&nbsp;<\/p>\n<p>&nbsp;<\/p>\n","protected":false},"excerpt":{"rendered":"<p>Buenos Aires.-El secretario de Seguridad Interior, dijo que no conf\u00edan en nadie. \u00abNosotros tambi\u00e9n queremos el esclarecimiento inmediato\u00bb, afirm\u00f3<\/p>\n","protected":false},"author":2,"featured_media":33056,"comment_status":"open","ping_status":"open","sticky":false,"template":"","format":"standard","meta":{"site-sidebar-layout":"default","site-content-layout":"","ast-site-content-layout":"default","site-content-style":"default","site-sidebar-style":"default","ast-global-header-display":"","ast-banner-title-visibility":"","ast-main-header-display":"","ast-hfb-above-header-display":"","ast-hfb-below-header-display":"","ast-hfb-mobile-header-display":"","site-post-title":"","ast-breadcrumbs-content":"","ast-featured-img":"","footer-sml-layout":"","ast-disable-related-posts":"","theme-transparent-header-meta":"","adv-header-id-meta":"","stick-header-meta":"","header-above-stick-meta":"","header-main-stick-meta":"","header-below-stick-meta":"","astra-migrate-meta-layouts":"default","ast-page-background-enabled":"default","ast-page-background-meta":{"desktop":{"background-color":"var(--ast-global-color-5)","background-image":"","background-repeat":"repeat","background-position":"center center","background-size":"auto","background-attachment":"scroll","background-type":"","background-media":"","overlay-type":"","overlay-color":"","overlay-opacity":"","overlay-gradient":""},"tablet":{"background-color":"","background-image":"","background-repeat":"repeat","background-position":"center center","background-size":"auto","background-attachment":"scroll","background-type":"","background-media":"","overlay-type":"","overlay-color":"","overlay-opacity":"","overlay-gradient":""},"mobile":{"background-color":"","background-image":"","background-repeat":"repeat","background-position":"center center","background-size":"auto","background-attachment":"scroll","background-type":"","background-media":"","overlay-type":"","overlay-color":"","overlay-opacity":"","overlay-gradient":""}},"ast-content-background-meta":{"desktop":{"background-color":"var(--ast-global-color-4)","background-image":"","background-repeat":"repeat","background-position":"center center","background-size":"auto","background-attachment":"scroll","background-type":"","background-media":"","overlay-type":"","overlay-color":"","overlay-opacity":"","overlay-gradient":""},"tablet":{"background-color":"var(--ast-global-color-4)","background-image":"","background-repeat":"repeat","background-position":"center center","background-size":"auto","background-attachment":"scroll","background-type":"","background-media":"","overlay-type":"","overlay-color":"","overlay-opacity":"","overlay-gradient":""},"mobile":{"background-color":"var(--ast-global-color-4)","background-image":"","background-repeat":"repeat","background-position":"center center","background-size":"auto","background-attachment":"scroll","background-type":"","background-media":"","overlay-type":"","overlay-color":"","overlay-opacity":"","overlay-gradient":""}},"footnotes":""},"categories":[19,1],"tags":[],"class_list":["post-33055","post","type-post","status-publish","format-standard","has-post-thumbnail","hentry","category-nacionales","category-noticias"],"yoast_head":"<!-- This site is optimized with the Yoast SEO Premium plugin v23.0 (Yoast SEO v27.5) - https:\/\/yoast.com\/product\/yoast-seo-premium-wordpress\/ -->\n<title>\u00a0 CRIMEN Y JUSTICIA Gerardo Milman: &quot;La familia de Santiago Maldonado y los mapuches no colaboran&quot;<\/title>\n<meta name=\"robots\" content=\"index, follow, max-snippet:-1, max-image-preview:large, max-video-preview:-1\" \/>\n<link rel=\"canonical\" href=\"https:\/\/patagoniambiental.com.ar\/info\/crimen-y-justicia-gerardo-milman-la-familia-de-santiago-maldonado-y-los-mapuches-no-colaboran\/\" \/>\n<meta property=\"og:locale\" content=\"es_ES\" \/>\n<meta property=\"og:type\" content=\"article\" \/>\n<meta property=\"og:title\" content=\"\u00a0 CRIMEN Y JUSTICIA Gerardo Milman: &quot;La familia de Santiago Maldonado y los mapuches no colaboran&quot;\" \/>\n<meta property=\"og:description\" content=\"Buenos Aires.-El secretario de Seguridad Interior, dijo que no conf\u00edan en nadie. \u00abNosotros tambi\u00e9n queremos el esclarecimiento inmediato\u00bb, afirm\u00f3\" \/>\n<meta property=\"og:url\" content=\"https:\/\/patagoniambiental.com.ar\/info\/crimen-y-justicia-gerardo-milman-la-familia-de-santiago-maldonado-y-los-mapuches-no-colaboran\/\" \/>\n<meta property=\"og:site_name\" content=\"Patagonia Ambiental\" \/>\n<meta property=\"article:publisher\" content=\"https:\/\/www.facebook.com\/patagonia.ambiental\" \/>\n<meta property=\"article:author\" content=\"https:\/\/www.facebook.com\/share\/1C1V8Gv9BX\/?mibextid=qi2Omg\" \/>\n<meta property=\"article:published_time\" content=\"2017-08-10T12:10:12+00:00\" \/>\n<meta property=\"article:modified_time\" content=\"2017-08-10T12:12:46+00:00\" \/>\n<meta property=\"og:image\" content=\"https:\/\/patagoniambiental.com.ar\/info\/wp-content\/uploads\/2017\/08\/Sin-t\u00edtulo-1.png\" \/>\n\t<meta property=\"og:image:width\" content=\"742\" \/>\n\t<meta property=\"og:image:height\" content=\"370\" \/>\n\t<meta property=\"og:image:type\" content=\"image\/png\" \/>\n<meta name=\"author\" content=\"Patagonia Ambiental\" \/>\n<meta name=\"twitter:card\" content=\"summary_large_image\" \/>\n<meta name=\"twitter:creator\" content=\"@PatAmb\" \/>\n<meta name=\"twitter:site\" content=\"@PatAmb\" \/>\n<script type=\"application\/ld+json\" class=\"yoast-schema-graph\">{\"@context\":\"https:\\\/\\\/schema.org\",\"@graph\":[{\"@type\":\"Article\",\"@id\":\"https:\\\/\\\/patagoniambiental.com.ar\\\/info\\\/crimen-y-justicia-gerardo-milman-la-familia-de-santiago-maldonado-y-los-mapuches-no-colaboran\\\/#article\",\"isPartOf\":{\"@id\":\"https:\\\/\\\/patagoniambiental.com.ar\\\/info\\\/crimen-y-justicia-gerardo-milman-la-familia-de-santiago-maldonado-y-los-mapuches-no-colaboran\\\/\"},\"author\":{\"name\":\"Patagonia Ambiental\",\"@id\":\"https:\\\/\\\/patagoniambiental.com.ar\\\/info\\\/#\\\/schema\\\/person\\\/db12bff64bbcbf6a253710bf0ea37b5d\"},\"headline\":\"\u00a0 CRIMEN Y JUSTICIA Gerardo Milman: \u00abLa familia de Santiago Maldonado y los mapuches no colaboran\u00bb\",\"datePublished\":\"2017-08-10T12:10:12+00:00\",\"dateModified\":\"2017-08-10T12:12:46+00:00\",\"mainEntityOfPage\":{\"@id\":\"https:\\\/\\\/patagoniambiental.com.ar\\\/info\\\/crimen-y-justicia-gerardo-milman-la-familia-de-santiago-maldonado-y-los-mapuches-no-colaboran\\\/\"},\"wordCount\":624,\"commentCount\":0,\"publisher\":{\"@id\":\"https:\\\/\\\/patagoniambiental.com.ar\\\/info\\\/#organization\"},\"image\":{\"@id\":\"https:\\\/\\\/patagoniambiental.com.ar\\\/info\\\/crimen-y-justicia-gerardo-milman-la-familia-de-santiago-maldonado-y-los-mapuches-no-colaboran\\\/#primaryimage\"},\"thumbnailUrl\":\"https:\\\/\\\/patagoniambiental.com.ar\\\/info\\\/wp-content\\\/uploads\\\/2017\\\/08\\\/Sin-t\u00edtulo-1.png\",\"articleSection\":[\"Nacionales\",\"Noticias\"],\"inLanguage\":\"es\",\"potentialAction\":[{\"@type\":\"CommentAction\",\"name\":\"Comment\",\"target\":[\"https:\\\/\\\/patagoniambiental.com.ar\\\/info\\\/crimen-y-justicia-gerardo-milman-la-familia-de-santiago-maldonado-y-los-mapuches-no-colaboran\\\/#respond\"]}]},{\"@type\":\"WebPage\",\"@id\":\"https:\\\/\\\/patagoniambiental.com.ar\\\/info\\\/crimen-y-justicia-gerardo-milman-la-familia-de-santiago-maldonado-y-los-mapuches-no-colaboran\\\/\",\"url\":\"https:\\\/\\\/patagoniambiental.com.ar\\\/info\\\/crimen-y-justicia-gerardo-milman-la-familia-de-santiago-maldonado-y-los-mapuches-no-colaboran\\\/\",\"name\":\"\u00a0 CRIMEN Y JUSTICIA Gerardo Milman: \\\"La familia de Santiago Maldonado y los mapuches no colaboran\\\"\",\"isPartOf\":{\"@id\":\"https:\\\/\\\/patagoniambiental.com.ar\\\/info\\\/#website\"},\"primaryImageOfPage\":{\"@id\":\"https:\\\/\\\/patagoniambiental.com.ar\\\/info\\\/crimen-y-justicia-gerardo-milman-la-familia-de-santiago-maldonado-y-los-mapuches-no-colaboran\\\/#primaryimage\"},\"image\":{\"@id\":\"https:\\\/\\\/patagoniambiental.com.ar\\\/info\\\/crimen-y-justicia-gerardo-milman-la-familia-de-santiago-maldonado-y-los-mapuches-no-colaboran\\\/#primaryimage\"},\"thumbnailUrl\":\"https:\\\/\\\/patagoniambiental.com.ar\\\/info\\\/wp-content\\\/uploads\\\/2017\\\/08\\\/Sin-t\u00edtulo-1.png\",\"datePublished\":\"2017-08-10T12:10:12+00:00\",\"dateModified\":\"2017-08-10T12:12:46+00:00\",\"breadcrumb\":{\"@id\":\"https:\\\/\\\/patagoniambiental.com.ar\\\/info\\\/crimen-y-justicia-gerardo-milman-la-familia-de-santiago-maldonado-y-los-mapuches-no-colaboran\\\/#breadcrumb\"},\"inLanguage\":\"es\",\"potentialAction\":[{\"@type\":\"ReadAction\",\"target\":[\"https:\\\/\\\/patagoniambiental.com.ar\\\/info\\\/crimen-y-justicia-gerardo-milman-la-familia-de-santiago-maldonado-y-los-mapuches-no-colaboran\\\/\"]}]},{\"@type\":\"ImageObject\",\"inLanguage\":\"es\",\"@id\":\"https:\\\/\\\/patagoniambiental.com.ar\\\/info\\\/crimen-y-justicia-gerardo-milman-la-familia-de-santiago-maldonado-y-los-mapuches-no-colaboran\\\/#primaryimage\",\"url\":\"https:\\\/\\\/patagoniambiental.com.ar\\\/info\\\/wp-content\\\/uploads\\\/2017\\\/08\\\/Sin-t\u00edtulo-1.png\",\"contentUrl\":\"https:\\\/\\\/patagoniambiental.com.ar\\\/info\\\/wp-content\\\/uploads\\\/2017\\\/08\\\/Sin-t\u00edtulo-1.png\",\"width\":742,\"height\":370},{\"@type\":\"BreadcrumbList\",\"@id\":\"https:\\\/\\\/patagoniambiental.com.ar\\\/info\\\/crimen-y-justicia-gerardo-milman-la-familia-de-santiago-maldonado-y-los-mapuches-no-colaboran\\\/#breadcrumb\",\"itemListElement\":[{\"@type\":\"ListItem\",\"position\":1,\"name\":\"Inicio\",\"item\":\"https:\\\/\\\/patagoniambiental.com.ar\\\/info\\\/\"},{\"@type\":\"ListItem\",\"position\":2,\"name\":\"\u00a0 CRIMEN Y JUSTICIA Gerardo Milman: \u00abLa familia de Santiago Maldonado y los mapuches no colaboran\u00bb\"}]},{\"@type\":\"WebSite\",\"@id\":\"https:\\\/\\\/patagoniambiental.com.ar\\\/info\\\/#website\",\"url\":\"https:\\\/\\\/patagoniambiental.com.ar\\\/info\\\/\",\"name\":\"Patagonia Ambiental\",\"description\":\"Monitoreo y an\u00e1lisis de la situaci\u00f3n geopol\u00edtica en el mundo y su implicancia en la Patagonia\",\"publisher\":{\"@id\":\"https:\\\/\\\/patagoniambiental.com.ar\\\/info\\\/#organization\"},\"potentialAction\":[{\"@type\":\"SearchAction\",\"target\":{\"@type\":\"EntryPoint\",\"urlTemplate\":\"https:\\\/\\\/patagoniambiental.com.ar\\\/info\\\/?s={search_term_string}\"},\"query-input\":{\"@type\":\"PropertyValueSpecification\",\"valueRequired\":true,\"valueName\":\"search_term_string\"}}],\"inLanguage\":\"es\"},{\"@type\":\"Organization\",\"@id\":\"https:\\\/\\\/patagoniambiental.com.ar\\\/info\\\/#organization\",\"name\":\"Patagonia Ambiental\",\"url\":\"https:\\\/\\\/patagoniambiental.com.ar\\\/info\\\/\",\"logo\":{\"@type\":\"ImageObject\",\"inLanguage\":\"es\",\"@id\":\"https:\\\/\\\/patagoniambiental.com.ar\\\/info\\\/#\\\/schema\\\/logo\\\/image\\\/\",\"url\":\"https:\\\/\\\/patagoniambiental.com.ar\\\/info\\\/wp-content\\\/uploads\\\/2025\\\/05\\\/LOGO-PATAGONIA-AMBIENTAL.png\",\"contentUrl\":\"https:\\\/\\\/patagoniambiental.com.ar\\\/info\\\/wp-content\\\/uploads\\\/2025\\\/05\\\/LOGO-PATAGONIA-AMBIENTAL.png\",\"width\":433,\"height\":250,\"caption\":\"Patagonia Ambiental\"},\"image\":{\"@id\":\"https:\\\/\\\/patagoniambiental.com.ar\\\/info\\\/#\\\/schema\\\/logo\\\/image\\\/\"},\"sameAs\":[\"https:\\\/\\\/www.facebook.com\\\/patagonia.ambiental\",\"https:\\\/\\\/x.com\\\/PatAmb\"]},{\"@type\":\"Person\",\"@id\":\"https:\\\/\\\/patagoniambiental.com.ar\\\/info\\\/#\\\/schema\\\/person\\\/db12bff64bbcbf6a253710bf0ea37b5d\",\"name\":\"Patagonia Ambiental\",\"description\":\"Andr\u00e9s Nievas T\u00e9cnico en manejo ambiental, consultor Ambiental y escritor para medios locales e internacionales sobre temas de geopolitica y medio ambiente.\",\"sameAs\":[\"http:\\\/\\\/www.patagoniambiental.com.ar\",\"https:\\\/\\\/www.facebook.com\\\/share\\\/1C1V8Gv9BX\\\/?mibextid=qi2Omg\",\"@patagoniambiental\",\"https:\\\/\\\/youtube.com\\\/@patagoniaambiental2023?si=BLt58t0wuXquxlYZ\"]}]}<\/script>\n<!-- \/ Yoast SEO Premium plugin. -->","yoast_head_json":{"title":"\u00a0 CRIMEN Y JUSTICIA Gerardo Milman: \"La familia de Santiago Maldonado y los mapuches no colaboran\"","robots":{"index":"index","follow":"follow","max-snippet":"max-snippet:-1","max-image-preview":"max-image-preview:large","max-video-preview":"max-video-preview:-1"},"canonical":"https:\/\/patagoniambiental.com.ar\/info\/crimen-y-justicia-gerardo-milman-la-familia-de-santiago-maldonado-y-los-mapuches-no-colaboran\/","og_locale":"es_ES","og_type":"article","og_title":"\u00a0 CRIMEN Y JUSTICIA Gerardo Milman: \"La familia de Santiago Maldonado y los mapuches no colaboran\"","og_description":"Buenos Aires.-El secretario de Seguridad Interior, dijo que no conf\u00edan en nadie. \u00abNosotros tambi\u00e9n queremos el esclarecimiento inmediato\u00bb, afirm\u00f3","og_url":"https:\/\/patagoniambiental.com.ar\/info\/crimen-y-justicia-gerardo-milman-la-familia-de-santiago-maldonado-y-los-mapuches-no-colaboran\/","og_site_name":"Patagonia Ambiental","article_publisher":"https:\/\/www.facebook.com\/patagonia.ambiental","article_author":"https:\/\/www.facebook.com\/share\/1C1V8Gv9BX\/?mibextid=qi2Omg","article_published_time":"2017-08-10T12:10:12+00:00","article_modified_time":"2017-08-10T12:12:46+00:00","og_image":[{"width":742,"height":370,"url":"https:\/\/patagoniambiental.com.ar\/info\/wp-content\/uploads\/2017\/08\/Sin-t\u00edtulo-1.png","type":"image\/png"}],"author":"Patagonia Ambiental","twitter_card":"summary_large_image","twitter_creator":"@PatAmb","twitter_site":"@PatAmb","schema":{"@context":"https:\/\/schema.org","@graph":[{"@type":"Article","@id":"https:\/\/patagoniambiental.com.ar\/info\/crimen-y-justicia-gerardo-milman-la-familia-de-santiago-maldonado-y-los-mapuches-no-colaboran\/#article","isPartOf":{"@id":"https:\/\/patagoniambiental.com.ar\/info\/crimen-y-justicia-gerardo-milman-la-familia-de-santiago-maldonado-y-los-mapuches-no-colaboran\/"},"author":{"name":"Patagonia Ambiental","@id":"https:\/\/patagoniambiental.com.ar\/info\/#\/schema\/person\/db12bff64bbcbf6a253710bf0ea37b5d"},"headline":"\u00a0 CRIMEN Y JUSTICIA Gerardo Milman: \u00abLa familia de Santiago Maldonado y los mapuches no colaboran\u00bb","datePublished":"2017-08-10T12:10:12+00:00","dateModified":"2017-08-10T12:12:46+00:00","mainEntityOfPage":{"@id":"https:\/\/patagoniambiental.com.ar\/info\/crimen-y-justicia-gerardo-milman-la-familia-de-santiago-maldonado-y-los-mapuches-no-colaboran\/"},"wordCount":624,"commentCount":0,"publisher":{"@id":"https:\/\/patagoniambiental.com.ar\/info\/#organization"},"image":{"@id":"https:\/\/patagoniambiental.com.ar\/info\/crimen-y-justicia-gerardo-milman-la-familia-de-santiago-maldonado-y-los-mapuches-no-colaboran\/#primaryimage"},"thumbnailUrl":"https:\/\/patagoniambiental.com.ar\/info\/wp-content\/uploads\/2017\/08\/Sin-t\u00edtulo-1.png","articleSection":["Nacionales","Noticias"],"inLanguage":"es","potentialAction":[{"@type":"CommentAction","name":"Comment","target":["https:\/\/patagoniambiental.com.ar\/info\/crimen-y-justicia-gerardo-milman-la-familia-de-santiago-maldonado-y-los-mapuches-no-colaboran\/#respond"]}]},{"@type":"WebPage","@id":"https:\/\/patagoniambiental.com.ar\/info\/crimen-y-justicia-gerardo-milman-la-familia-de-santiago-maldonado-y-los-mapuches-no-colaboran\/","url":"https:\/\/patagoniambiental.com.ar\/info\/crimen-y-justicia-gerardo-milman-la-familia-de-santiago-maldonado-y-los-mapuches-no-colaboran\/","name":"\u00a0 CRIMEN Y JUSTICIA Gerardo Milman: \"La familia de Santiago Maldonado y los mapuches no colaboran\"","isPartOf":{"@id":"https:\/\/patagoniambiental.com.ar\/info\/#website"},"primaryImageOfPage":{"@id":"https:\/\/patagoniambiental.com.ar\/info\/crimen-y-justicia-gerardo-milman-la-familia-de-santiago-maldonado-y-los-mapuches-no-colaboran\/#primaryimage"},"image":{"@id":"https:\/\/patagoniambiental.com.ar\/info\/crimen-y-justicia-gerardo-milman-la-familia-de-santiago-maldonado-y-los-mapuches-no-colaboran\/#primaryimage"},"thumbnailUrl":"https:\/\/patagoniambiental.com.ar\/info\/wp-content\/uploads\/2017\/08\/Sin-t\u00edtulo-1.png","datePublished":"2017-08-10T12:10:12+00:00","dateModified":"2017-08-10T12:12:46+00:00","breadcrumb":{"@id":"https:\/\/patagoniambiental.com.ar\/info\/crimen-y-justicia-gerardo-milman-la-familia-de-santiago-maldonado-y-los-mapuches-no-colaboran\/#breadcrumb"},"inLanguage":"es","potentialAction":[{"@type":"ReadAction","target":["https:\/\/patagoniambiental.com.ar\/info\/crimen-y-justicia-gerardo-milman-la-familia-de-santiago-maldonado-y-los-mapuches-no-colaboran\/"]}]},{"@type":"ImageObject","inLanguage":"es","@id":"https:\/\/patagoniambiental.com.ar\/info\/crimen-y-justicia-gerardo-milman-la-familia-de-santiago-maldonado-y-los-mapuches-no-colaboran\/#primaryimage","url":"https:\/\/patagoniambiental.com.ar\/info\/wp-content\/uploads\/2017\/08\/Sin-t\u00edtulo-1.png","contentUrl":"https:\/\/patagoniambiental.com.ar\/info\/wp-content\/uploads\/2017\/08\/Sin-t\u00edtulo-1.png","width":742,"height":370},{"@type":"BreadcrumbList","@id":"https:\/\/patagoniambiental.com.ar\/info\/crimen-y-justicia-gerardo-milman-la-familia-de-santiago-maldonado-y-los-mapuches-no-colaboran\/#breadcrumb","itemListElement":[{"@type":"ListItem","position":1,"name":"Inicio","item":"https:\/\/patagoniambiental.com.ar\/info\/"},{"@type":"ListItem","position":2,"name":"\u00a0 CRIMEN Y JUSTICIA Gerardo Milman: \u00abLa familia de Santiago Maldonado y los mapuches no colaboran\u00bb"}]},{"@type":"WebSite","@id":"https:\/\/patagoniambiental.com.ar\/info\/#website","url":"https:\/\/patagoniambiental.com.ar\/info\/","name":"Patagonia Ambiental","description":"Monitoreo y an\u00e1lisis de la situaci\u00f3n geopol\u00edtica en el mundo y su implicancia en la Patagonia","publisher":{"@id":"https:\/\/patagoniambiental.com.ar\/info\/#organization"},"potentialAction":[{"@type":"SearchAction","target":{"@type":"EntryPoint","urlTemplate":"https:\/\/patagoniambiental.com.ar\/info\/?s={search_term_string}"},"query-input":{"@type":"PropertyValueSpecification","valueRequired":true,"valueName":"search_term_string"}}],"inLanguage":"es"},{"@type":"Organization","@id":"https:\/\/patagoniambiental.com.ar\/info\/#organization","name":"Patagonia Ambiental","url":"https:\/\/patagoniambiental.com.ar\/info\/","logo":{"@type":"ImageObject","inLanguage":"es","@id":"https:\/\/patagoniambiental.com.ar\/info\/#\/schema\/logo\/image\/","url":"https:\/\/patagoniambiental.com.ar\/info\/wp-content\/uploads\/2025\/05\/LOGO-PATAGONIA-AMBIENTAL.png","contentUrl":"https:\/\/patagoniambiental.com.ar\/info\/wp-content\/uploads\/2025\/05\/LOGO-PATAGONIA-AMBIENTAL.png","width":433,"height":250,"caption":"Patagonia Ambiental"},"image":{"@id":"https:\/\/patagoniambiental.com.ar\/info\/#\/schema\/logo\/image\/"},"sameAs":["https:\/\/www.facebook.com\/patagonia.ambiental","https:\/\/x.com\/PatAmb"]},{"@type":"Person","@id":"https:\/\/patagoniambiental.com.ar\/info\/#\/schema\/person\/db12bff64bbcbf6a253710bf0ea37b5d","name":"Patagonia Ambiental","description":"Andr\u00e9s Nievas T\u00e9cnico en manejo ambiental, consultor Ambiental y escritor para medios locales e internacionales sobre temas de geopolitica y medio ambiente.","sameAs":["http:\/\/www.patagoniambiental.com.ar","https:\/\/www.facebook.com\/share\/1C1V8Gv9BX\/?mibextid=qi2Omg","@patagoniambiental","https:\/\/youtube.com\/@patagoniaambiental2023?si=BLt58t0wuXquxlYZ"]}]}},"_links":{"self":[{"href":"https:\/\/patagoniambiental.com.ar\/info\/wp-json\/wp\/v2\/posts\/33055","targetHints":{"allow":["GET"]}}],"collection":[{"href":"https:\/\/patagoniambiental.com.ar\/info\/wp-json\/wp\/v2\/posts"}],"about":[{"href":"https:\/\/patagoniambiental.com.ar\/info\/wp-json\/wp\/v2\/types\/post"}],"author":[{"embeddable":true,"href":"https:\/\/patagoniambiental.com.ar\/info\/wp-json\/wp\/v2\/users\/2"}],"replies":[{"embeddable":true,"href":"https:\/\/patagoniambiental.com.ar\/info\/wp-json\/wp\/v2\/comments?post=33055"}],"version-history":[{"count":0,"href":"https:\/\/patagoniambiental.com.ar\/info\/wp-json\/wp\/v2\/posts\/33055\/revisions"}],"wp:featuredmedia":[{"embeddable":true,"href":"https:\/\/patagoniambiental.com.ar\/info\/wp-json\/wp\/v2\/media\/33056"}],"wp:attachment":[{"href":"https:\/\/patagoniambiental.com.ar\/info\/wp-json\/wp\/v2\/media?parent=33055"}],"wp:term":[{"taxonomy":"category","embeddable":true,"href":"https:\/\/patagoniambiental.com.ar\/info\/wp-json\/wp\/v2\/categories?post=33055"},{"taxonomy":"post_tag","embeddable":true,"href":"https:\/\/patagoniambiental.com.ar\/info\/wp-json\/wp\/v2\/tags?post=33055"}],"curies":[{"name":"wp","href":"https:\/\/api.w.org\/{rel}","templated":true}]}}