{"id":33062,"date":"2017-08-10T19:00:37","date_gmt":"2017-08-10T22:00:37","guid":{"rendered":"http:\/\/patagoniambiental.com.ar\/info\/?p=33062"},"modified":"2017-08-10T09:48:46","modified_gmt":"2017-08-10T12:48:46","slug":"comienza-el-5-de-septiembre-ultimos-preparativos-para-la-xv-semana-nacional-de-la-ciencia-y-la-tecnologia-en-dina-huapi","status":"publish","type":"post","link":"https:\/\/patagoniambiental.com.ar\/info\/comienza-el-5-de-septiembre-ultimos-preparativos-para-la-xv-semana-nacional-de-la-ciencia-y-la-tecnologia-en-dina-huapi\/","title":{"rendered":"Comienza el 5 de septiembre  \u00daltimos preparativos para la XV Semana Nacional de la Ciencia y la Tecnolog\u00eda en Dina Huapi"},"content":{"rendered":"<p class=\"x_MsoNormal\"><i>Dina Huapi.-Por quinto a\u00f1o consecutivo la provincia de R\u00edo Negro adhiere a esta propuesta del Programa Nacional de Popularizaci\u00f3n de la Ciencia, dependiente del Ministerio de Ciencia y Tecnolog\u00eda de la Naci\u00f3n.<\/i><!--more--><\/p>\n<p class=\"x_MsoNormal\">\n<p class=\"x_MsoNormal\">El martes a la ma\u00f1ana el secretario de Ciencia y Tecnolog\u00eda, Hugo Josserme y la subsecretaria de Innovaci\u00f3n Productiva de la provincia, Brigitte Van Den Heede se reunieron en la Municipalidad de Dina Huapi con el Intendente Danilo Rojas y el secretario de Turismo y Cultura, Gabriel Paz con el fin de coordinar las actividades de la XV Semana Nacional de la Ciencia y la Tecnolog\u00eda en la ciudad dinahuapense.<\/p>\n<p class=\"x_MsoNormal\">A diferencia de otras ediciones para este a\u00f1o se ha organizado una muestra interactiva itinerante, bajo el lema Energ\u00edas Renovables. De all\u00ed que Dina Huapi ser\u00e1 el primer destino en que desembarcar\u00e1 esta muestra de Ciencia-Tecnolog\u00eda e Innovaci\u00f3n.<\/p>\n<p class=\"x_MsoNormal\">Brigitte Van Den Heede se\u00f1al\u00f3 que esta actividad se realiza en conjunto con las Instituciones locales vinculadas a la ciencia y a la tecnolog\u00eda (Universidad Nacional de R\u00edo Negro, Universidad Nacional del Comahue, Universidad Tecnol\u00f3gica Nacional, CONICET Patagonia Norte, CIEFAP, INTI, INTA, Fundaci\u00f3n INVAP).<\/p>\n<p class=\"x_MsoNormal\">Dina Huapi contar\u00e1 con un espacio destinado a la producci\u00f3n tecnol\u00f3gica local, mientras que cada una de las Instituciones que participar\u00e1n expondr\u00e1n sus productos innovadores, procurando la interacci\u00f3n con el p\u00fablico que asista. Se suman a esta muestra interactiva las dos Empresas estatales de tecnolog\u00eda INVAP y ALTEC.<\/p>\n<p class=\"x_MsoNormal\">La muestra itinerante se realizar\u00e1 el pr\u00f3ximo 5\u00a0\u00a0de septiembre en las instalaciones del SUM de Dina Huapi y podr\u00e1 ser visitada de\u00a0\u00a0a 10 a 19 con entrada libre y gratuita.<\/p>\n<p><b><span lang=\"ES-AR\">Fuente: GOBIERNO DE R\u00cdO NEGRO<\/span><\/b><\/p>\n","protected":false},"excerpt":{"rendered":"<p>Dina Huapi.-Por quinto a\u00f1o consecutivo la provincia de R\u00edo Negro adhiere a esta propuesta del Programa Nacional de Popularizaci\u00f3n de [&hellip;]<\/p>\n","protected":false},"author":2,"featured_media":32887,"comment_status":"open","ping_status":"open","sticky":false,"template":"","format":"standard","meta":{"site-sidebar-layout":"default","site-content-layout":"","ast-site-content-layout":"default","site-content-style":"default","site-sidebar-style":"default","ast-global-header-display":"","ast-banner-title-visibility":"","ast-main-header-display":"","ast-hfb-above-header-display":"","ast-hfb-below-header-display":"","ast-hfb-mobile-header-display":"","site-post-title":"","ast-breadcrumbs-content":"","ast-featured-img":"","footer-sml-layout":"","ast-disable-related-posts":"","theme-transparent-header-meta":"","adv-header-id-meta":"","stick-header-meta":"","header-above-stick-meta":"","header-main-stick-meta":"","header-below-stick-meta":"","astra-migrate-meta-layouts":"default","ast-page-background-enabled":"default","ast-page-background-meta":{"desktop":{"background-color":"var(--ast-global-color-5)","background-image":"","background-repeat":"repeat","background-position":"center center","background-size":"auto","background-attachment":"scroll","background-type":"","background-media":"","overlay-type":"","overlay-color":"","overlay-opacity":"","overlay-gradient":""},"tablet":{"background-color":"","background-image":"","background-repeat":"repeat","background-position":"center center","background-size":"auto","background-attachment":"scroll","background-type":"","background-media":"","overlay-type":"","overlay-color":"","overlay-opacity":"","overlay-gradient":""},"mobile":{"background-color":"","background-image":"","background-repeat":"repeat","background-position":"center center","background-size":"auto","background-attachment":"scroll","background-type":"","background-media":"","overlay-type":"","overlay-color":"","overlay-opacity":"","overlay-gradient":""}},"ast-content-background-meta":{"desktop":{"background-color":"var(--ast-global-color-4)","background-image":"","background-repeat":"repeat","background-position":"center center","background-size":"auto","background-attachment":"scroll","background-type":"","background-media":"","overlay-type":"","overlay-color":"","overlay-opacity":"","overlay-gradient":""},"tablet":{"background-color":"var(--ast-global-color-4)","background-image":"","background-repeat":"repeat","background-position":"center center","background-size":"auto","background-attachment":"scroll","background-type":"","background-media":"","overlay-type":"","overlay-color":"","overlay-opacity":"","overlay-gradient":""},"mobile":{"background-color":"var(--ast-global-color-4)","background-image":"","background-repeat":"repeat","background-position":"center center","background-size":"auto","background-attachment":"scroll","background-type":"","background-media":"","overlay-type":"","overlay-color":"","overlay-opacity":"","overlay-gradient":""}},"footnotes":""},"categories":[12,1],"tags":[],"class_list":["post-33062","post","type-post","status-publish","format-standard","has-post-thumbnail","hentry","category-agenda-ambiental","category-noticias"],"yoast_head":"<!-- This site is optimized with the Yoast SEO Premium plugin v23.0 (Yoast SEO v27.5) - https:\/\/yoast.com\/product\/yoast-seo-premium-wordpress\/ -->\n<title>Comienza el 5 de septiembre \u00daltimos preparativos para la XV Semana Nacional de la Ciencia y la Tecnolog\u00eda en Dina Huapi<\/title>\n<meta name=\"robots\" content=\"index, follow, max-snippet:-1, max-image-preview:large, max-video-preview:-1\" \/>\n<link rel=\"canonical\" href=\"https:\/\/patagoniambiental.com.ar\/info\/comienza-el-5-de-septiembre-ultimos-preparativos-para-la-xv-semana-nacional-de-la-ciencia-y-la-tecnologia-en-dina-huapi\/\" \/>\n<meta property=\"og:locale\" content=\"es_ES\" \/>\n<meta property=\"og:type\" content=\"article\" \/>\n<meta property=\"og:title\" content=\"Comienza el 5 de septiembre \u00daltimos preparativos para la XV Semana Nacional de la Ciencia y la Tecnolog\u00eda en Dina Huapi\" \/>\n<meta property=\"og:description\" content=\"Dina Huapi.-Por quinto a\u00f1o consecutivo la provincia de R\u00edo Negro adhiere a esta propuesta del Programa Nacional de Popularizaci\u00f3n de [&hellip;]\" \/>\n<meta property=\"og:url\" content=\"https:\/\/patagoniambiental.com.ar\/info\/comienza-el-5-de-septiembre-ultimos-preparativos-para-la-xv-semana-nacional-de-la-ciencia-y-la-tecnologia-en-dina-huapi\/\" \/>\n<meta property=\"og:site_name\" content=\"Patagonia Ambiental\" \/>\n<meta property=\"article:publisher\" content=\"https:\/\/www.facebook.com\/patagonia.ambiental\" \/>\n<meta property=\"article:author\" content=\"https:\/\/www.facebook.com\/share\/1C1V8Gv9BX\/?mibextid=qi2Omg\" \/>\n<meta property=\"article:published_time\" content=\"2017-08-10T22:00:37+00:00\" \/>\n<meta property=\"og:image\" content=\"https:\/\/patagoniambiental.com.ar\/info\/wp-content\/uploads\/2017\/08\/nofoto.jpg\" \/>\n\t<meta property=\"og:image:width\" content=\"924\" \/>\n\t<meta property=\"og:image:height\" content=\"616\" \/>\n\t<meta property=\"og:image:type\" content=\"image\/jpeg\" \/>\n<meta name=\"author\" content=\"Patagonia Ambiental\" \/>\n<meta name=\"twitter:card\" content=\"summary_large_image\" \/>\n<meta name=\"twitter:creator\" content=\"@PatAmb\" \/>\n<meta name=\"twitter:site\" content=\"@PatAmb\" \/>\n<script type=\"application\/ld+json\" class=\"yoast-schema-graph\">{\"@context\":\"https:\\\/\\\/schema.org\",\"@graph\":[{\"@type\":\"Article\",\"@id\":\"https:\\\/\\\/patagoniambiental.com.ar\\\/info\\\/comienza-el-5-de-septiembre-ultimos-preparativos-para-la-xv-semana-nacional-de-la-ciencia-y-la-tecnologia-en-dina-huapi\\\/#article\",\"isPartOf\":{\"@id\":\"https:\\\/\\\/patagoniambiental.com.ar\\\/info\\\/comienza-el-5-de-septiembre-ultimos-preparativos-para-la-xv-semana-nacional-de-la-ciencia-y-la-tecnologia-en-dina-huapi\\\/\"},\"author\":{\"name\":\"Patagonia Ambiental\",\"@id\":\"https:\\\/\\\/patagoniambiental.com.ar\\\/info\\\/#\\\/schema\\\/person\\\/db12bff64bbcbf6a253710bf0ea37b5d\"},\"headline\":\"Comienza el 5 de septiembre \u00daltimos preparativos para la XV Semana Nacional de la Ciencia y la Tecnolog\u00eda en Dina Huapi\",\"datePublished\":\"2017-08-10T22:00:37+00:00\",\"mainEntityOfPage\":{\"@id\":\"https:\\\/\\\/patagoniambiental.com.ar\\\/info\\\/comienza-el-5-de-septiembre-ultimos-preparativos-para-la-xv-semana-nacional-de-la-ciencia-y-la-tecnologia-en-dina-huapi\\\/\"},\"wordCount\":315,\"commentCount\":0,\"publisher\":{\"@id\":\"https:\\\/\\\/patagoniambiental.com.ar\\\/info\\\/#organization\"},\"image\":{\"@id\":\"https:\\\/\\\/patagoniambiental.com.ar\\\/info\\\/comienza-el-5-de-septiembre-ultimos-preparativos-para-la-xv-semana-nacional-de-la-ciencia-y-la-tecnologia-en-dina-huapi\\\/#primaryimage\"},\"thumbnailUrl\":\"https:\\\/\\\/patagoniambiental.com.ar\\\/info\\\/wp-content\\\/uploads\\\/2017\\\/08\\\/nofoto.jpg\",\"articleSection\":[\"Agenda Ambiental\",\"Noticias\"],\"inLanguage\":\"es\",\"potentialAction\":[{\"@type\":\"CommentAction\",\"name\":\"Comment\",\"target\":[\"https:\\\/\\\/patagoniambiental.com.ar\\\/info\\\/comienza-el-5-de-septiembre-ultimos-preparativos-para-la-xv-semana-nacional-de-la-ciencia-y-la-tecnologia-en-dina-huapi\\\/#respond\"]}]},{\"@type\":\"WebPage\",\"@id\":\"https:\\\/\\\/patagoniambiental.com.ar\\\/info\\\/comienza-el-5-de-septiembre-ultimos-preparativos-para-la-xv-semana-nacional-de-la-ciencia-y-la-tecnologia-en-dina-huapi\\\/\",\"url\":\"https:\\\/\\\/patagoniambiental.com.ar\\\/info\\\/comienza-el-5-de-septiembre-ultimos-preparativos-para-la-xv-semana-nacional-de-la-ciencia-y-la-tecnologia-en-dina-huapi\\\/\",\"name\":\"Comienza el 5 de septiembre \u00daltimos preparativos para la XV Semana Nacional de la Ciencia y la Tecnolog\u00eda en Dina Huapi\",\"isPartOf\":{\"@id\":\"https:\\\/\\\/patagoniambiental.com.ar\\\/info\\\/#website\"},\"primaryImageOfPage\":{\"@id\":\"https:\\\/\\\/patagoniambiental.com.ar\\\/info\\\/comienza-el-5-de-septiembre-ultimos-preparativos-para-la-xv-semana-nacional-de-la-ciencia-y-la-tecnologia-en-dina-huapi\\\/#primaryimage\"},\"image\":{\"@id\":\"https:\\\/\\\/patagoniambiental.com.ar\\\/info\\\/comienza-el-5-de-septiembre-ultimos-preparativos-para-la-xv-semana-nacional-de-la-ciencia-y-la-tecnologia-en-dina-huapi\\\/#primaryimage\"},\"thumbnailUrl\":\"https:\\\/\\\/patagoniambiental.com.ar\\\/info\\\/wp-content\\\/uploads\\\/2017\\\/08\\\/nofoto.jpg\",\"datePublished\":\"2017-08-10T22:00:37+00:00\",\"breadcrumb\":{\"@id\":\"https:\\\/\\\/patagoniambiental.com.ar\\\/info\\\/comienza-el-5-de-septiembre-ultimos-preparativos-para-la-xv-semana-nacional-de-la-ciencia-y-la-tecnologia-en-dina-huapi\\\/#breadcrumb\"},\"inLanguage\":\"es\",\"potentialAction\":[{\"@type\":\"ReadAction\",\"target\":[\"https:\\\/\\\/patagoniambiental.com.ar\\\/info\\\/comienza-el-5-de-septiembre-ultimos-preparativos-para-la-xv-semana-nacional-de-la-ciencia-y-la-tecnologia-en-dina-huapi\\\/\"]}]},{\"@type\":\"ImageObject\",\"inLanguage\":\"es\",\"@id\":\"https:\\\/\\\/patagoniambiental.com.ar\\\/info\\\/comienza-el-5-de-septiembre-ultimos-preparativos-para-la-xv-semana-nacional-de-la-ciencia-y-la-tecnologia-en-dina-huapi\\\/#primaryimage\",\"url\":\"https:\\\/\\\/patagoniambiental.com.ar\\\/info\\\/wp-content\\\/uploads\\\/2017\\\/08\\\/nofoto.jpg\",\"contentUrl\":\"https:\\\/\\\/patagoniambiental.com.ar\\\/info\\\/wp-content\\\/uploads\\\/2017\\\/08\\\/nofoto.jpg\",\"width\":924,\"height\":616},{\"@type\":\"BreadcrumbList\",\"@id\":\"https:\\\/\\\/patagoniambiental.com.ar\\\/info\\\/comienza-el-5-de-septiembre-ultimos-preparativos-para-la-xv-semana-nacional-de-la-ciencia-y-la-tecnologia-en-dina-huapi\\\/#breadcrumb\",\"itemListElement\":[{\"@type\":\"ListItem\",\"position\":1,\"name\":\"Inicio\",\"item\":\"https:\\\/\\\/patagoniambiental.com.ar\\\/info\\\/\"},{\"@type\":\"ListItem\",\"position\":2,\"name\":\"Comienza el 5 de septiembre \u00daltimos preparativos para la XV Semana Nacional de la Ciencia y la Tecnolog\u00eda en Dina Huapi\"}]},{\"@type\":\"WebSite\",\"@id\":\"https:\\\/\\\/patagoniambiental.com.ar\\\/info\\\/#website\",\"url\":\"https:\\\/\\\/patagoniambiental.com.ar\\\/info\\\/\",\"name\":\"Patagonia Ambiental\",\"description\":\"Monitoreo y an\u00e1lisis de la situaci\u00f3n geopol\u00edtica en el mundo y su implicancia en la Patagonia\",\"publisher\":{\"@id\":\"https:\\\/\\\/patagoniambiental.com.ar\\\/info\\\/#organization\"},\"potentialAction\":[{\"@type\":\"SearchAction\",\"target\":{\"@type\":\"EntryPoint\",\"urlTemplate\":\"https:\\\/\\\/patagoniambiental.com.ar\\\/info\\\/?s={search_term_string}\"},\"query-input\":{\"@type\":\"PropertyValueSpecification\",\"valueRequired\":true,\"valueName\":\"search_term_string\"}}],\"inLanguage\":\"es\"},{\"@type\":\"Organization\",\"@id\":\"https:\\\/\\\/patagoniambiental.com.ar\\\/info\\\/#organization\",\"name\":\"Patagonia Ambiental\",\"url\":\"https:\\\/\\\/patagoniambiental.com.ar\\\/info\\\/\",\"logo\":{\"@type\":\"ImageObject\",\"inLanguage\":\"es\",\"@id\":\"https:\\\/\\\/patagoniambiental.com.ar\\\/info\\\/#\\\/schema\\\/logo\\\/image\\\/\",\"url\":\"https:\\\/\\\/patagoniambiental.com.ar\\\/info\\\/wp-content\\\/uploads\\\/2025\\\/05\\\/LOGO-PATAGONIA-AMBIENTAL.png\",\"contentUrl\":\"https:\\\/\\\/patagoniambiental.com.ar\\\/info\\\/wp-content\\\/uploads\\\/2025\\\/05\\\/LOGO-PATAGONIA-AMBIENTAL.png\",\"width\":433,\"height\":250,\"caption\":\"Patagonia Ambiental\"},\"image\":{\"@id\":\"https:\\\/\\\/patagoniambiental.com.ar\\\/info\\\/#\\\/schema\\\/logo\\\/image\\\/\"},\"sameAs\":[\"https:\\\/\\\/www.facebook.com\\\/patagonia.ambiental\",\"https:\\\/\\\/x.com\\\/PatAmb\"]},{\"@type\":\"Person\",\"@id\":\"https:\\\/\\\/patagoniambiental.com.ar\\\/info\\\/#\\\/schema\\\/person\\\/db12bff64bbcbf6a253710bf0ea37b5d\",\"name\":\"Patagonia Ambiental\",\"description\":\"Andr\u00e9s Nievas T\u00e9cnico en manejo ambiental, consultor Ambiental y escritor para medios locales e internacionales sobre temas de geopolitica y medio ambiente.\",\"sameAs\":[\"http:\\\/\\\/www.patagoniambiental.com.ar\",\"https:\\\/\\\/www.facebook.com\\\/share\\\/1C1V8Gv9BX\\\/?mibextid=qi2Omg\",\"@patagoniambiental\",\"https:\\\/\\\/youtube.com\\\/@patagoniaambiental2023?si=BLt58t0wuXquxlYZ\"]}]}<\/script>\n<!-- \/ Yoast SEO Premium plugin. -->","yoast_head_json":{"title":"Comienza el 5 de septiembre \u00daltimos preparativos para la XV Semana Nacional de la Ciencia y la Tecnolog\u00eda en Dina Huapi","robots":{"index":"index","follow":"follow","max-snippet":"max-snippet:-1","max-image-preview":"max-image-preview:large","max-video-preview":"max-video-preview:-1"},"canonical":"https:\/\/patagoniambiental.com.ar\/info\/comienza-el-5-de-septiembre-ultimos-preparativos-para-la-xv-semana-nacional-de-la-ciencia-y-la-tecnologia-en-dina-huapi\/","og_locale":"es_ES","og_type":"article","og_title":"Comienza el 5 de septiembre \u00daltimos preparativos para la XV Semana Nacional de la Ciencia y la Tecnolog\u00eda en Dina Huapi","og_description":"Dina Huapi.-Por quinto a\u00f1o consecutivo la provincia de R\u00edo Negro adhiere a esta propuesta del Programa Nacional de Popularizaci\u00f3n de [&hellip;]","og_url":"https:\/\/patagoniambiental.com.ar\/info\/comienza-el-5-de-septiembre-ultimos-preparativos-para-la-xv-semana-nacional-de-la-ciencia-y-la-tecnologia-en-dina-huapi\/","og_site_name":"Patagonia Ambiental","article_publisher":"https:\/\/www.facebook.com\/patagonia.ambiental","article_author":"https:\/\/www.facebook.com\/share\/1C1V8Gv9BX\/?mibextid=qi2Omg","article_published_time":"2017-08-10T22:00:37+00:00","og_image":[{"width":924,"height":616,"url":"https:\/\/patagoniambiental.com.ar\/info\/wp-content\/uploads\/2017\/08\/nofoto.jpg","type":"image\/jpeg"}],"author":"Patagonia Ambiental","twitter_card":"summary_large_image","twitter_creator":"@PatAmb","twitter_site":"@PatAmb","schema":{"@context":"https:\/\/schema.org","@graph":[{"@type":"Article","@id":"https:\/\/patagoniambiental.com.ar\/info\/comienza-el-5-de-septiembre-ultimos-preparativos-para-la-xv-semana-nacional-de-la-ciencia-y-la-tecnologia-en-dina-huapi\/#article","isPartOf":{"@id":"https:\/\/patagoniambiental.com.ar\/info\/comienza-el-5-de-septiembre-ultimos-preparativos-para-la-xv-semana-nacional-de-la-ciencia-y-la-tecnologia-en-dina-huapi\/"},"author":{"name":"Patagonia Ambiental","@id":"https:\/\/patagoniambiental.com.ar\/info\/#\/schema\/person\/db12bff64bbcbf6a253710bf0ea37b5d"},"headline":"Comienza el 5 de septiembre \u00daltimos preparativos para la XV Semana Nacional de la Ciencia y la Tecnolog\u00eda en Dina Huapi","datePublished":"2017-08-10T22:00:37+00:00","mainEntityOfPage":{"@id":"https:\/\/patagoniambiental.com.ar\/info\/comienza-el-5-de-septiembre-ultimos-preparativos-para-la-xv-semana-nacional-de-la-ciencia-y-la-tecnologia-en-dina-huapi\/"},"wordCount":315,"commentCount":0,"publisher":{"@id":"https:\/\/patagoniambiental.com.ar\/info\/#organization"},"image":{"@id":"https:\/\/patagoniambiental.com.ar\/info\/comienza-el-5-de-septiembre-ultimos-preparativos-para-la-xv-semana-nacional-de-la-ciencia-y-la-tecnologia-en-dina-huapi\/#primaryimage"},"thumbnailUrl":"https:\/\/patagoniambiental.com.ar\/info\/wp-content\/uploads\/2017\/08\/nofoto.jpg","articleSection":["Agenda Ambiental","Noticias"],"inLanguage":"es","potentialAction":[{"@type":"CommentAction","name":"Comment","target":["https:\/\/patagoniambiental.com.ar\/info\/comienza-el-5-de-septiembre-ultimos-preparativos-para-la-xv-semana-nacional-de-la-ciencia-y-la-tecnologia-en-dina-huapi\/#respond"]}]},{"@type":"WebPage","@id":"https:\/\/patagoniambiental.com.ar\/info\/comienza-el-5-de-septiembre-ultimos-preparativos-para-la-xv-semana-nacional-de-la-ciencia-y-la-tecnologia-en-dina-huapi\/","url":"https:\/\/patagoniambiental.com.ar\/info\/comienza-el-5-de-septiembre-ultimos-preparativos-para-la-xv-semana-nacional-de-la-ciencia-y-la-tecnologia-en-dina-huapi\/","name":"Comienza el 5 de septiembre \u00daltimos preparativos para la XV Semana Nacional de la Ciencia y la Tecnolog\u00eda en Dina Huapi","isPartOf":{"@id":"https:\/\/patagoniambiental.com.ar\/info\/#website"},"primaryImageOfPage":{"@id":"https:\/\/patagoniambiental.com.ar\/info\/comienza-el-5-de-septiembre-ultimos-preparativos-para-la-xv-semana-nacional-de-la-ciencia-y-la-tecnologia-en-dina-huapi\/#primaryimage"},"image":{"@id":"https:\/\/patagoniambiental.com.ar\/info\/comienza-el-5-de-septiembre-ultimos-preparativos-para-la-xv-semana-nacional-de-la-ciencia-y-la-tecnologia-en-dina-huapi\/#primaryimage"},"thumbnailUrl":"https:\/\/patagoniambiental.com.ar\/info\/wp-content\/uploads\/2017\/08\/nofoto.jpg","datePublished":"2017-08-10T22:00:37+00:00","breadcrumb":{"@id":"https:\/\/patagoniambiental.com.ar\/info\/comienza-el-5-de-septiembre-ultimos-preparativos-para-la-xv-semana-nacional-de-la-ciencia-y-la-tecnologia-en-dina-huapi\/#breadcrumb"},"inLanguage":"es","potentialAction":[{"@type":"ReadAction","target":["https:\/\/patagoniambiental.com.ar\/info\/comienza-el-5-de-septiembre-ultimos-preparativos-para-la-xv-semana-nacional-de-la-ciencia-y-la-tecnologia-en-dina-huapi\/"]}]},{"@type":"ImageObject","inLanguage":"es","@id":"https:\/\/patagoniambiental.com.ar\/info\/comienza-el-5-de-septiembre-ultimos-preparativos-para-la-xv-semana-nacional-de-la-ciencia-y-la-tecnologia-en-dina-huapi\/#primaryimage","url":"https:\/\/patagoniambiental.com.ar\/info\/wp-content\/uploads\/2017\/08\/nofoto.jpg","contentUrl":"https:\/\/patagoniambiental.com.ar\/info\/wp-content\/uploads\/2017\/08\/nofoto.jpg","width":924,"height":616},{"@type":"BreadcrumbList","@id":"https:\/\/patagoniambiental.com.ar\/info\/comienza-el-5-de-septiembre-ultimos-preparativos-para-la-xv-semana-nacional-de-la-ciencia-y-la-tecnologia-en-dina-huapi\/#breadcrumb","itemListElement":[{"@type":"ListItem","position":1,"name":"Inicio","item":"https:\/\/patagoniambiental.com.ar\/info\/"},{"@type":"ListItem","position":2,"name":"Comienza el 5 de septiembre \u00daltimos preparativos para la XV Semana Nacional de la Ciencia y la Tecnolog\u00eda en Dina Huapi"}]},{"@type":"WebSite","@id":"https:\/\/patagoniambiental.com.ar\/info\/#website","url":"https:\/\/patagoniambiental.com.ar\/info\/","name":"Patagonia Ambiental","description":"Monitoreo y an\u00e1lisis de la situaci\u00f3n geopol\u00edtica en el mundo y su implicancia en la Patagonia","publisher":{"@id":"https:\/\/patagoniambiental.com.ar\/info\/#organization"},"potentialAction":[{"@type":"SearchAction","target":{"@type":"EntryPoint","urlTemplate":"https:\/\/patagoniambiental.com.ar\/info\/?s={search_term_string}"},"query-input":{"@type":"PropertyValueSpecification","valueRequired":true,"valueName":"search_term_string"}}],"inLanguage":"es"},{"@type":"Organization","@id":"https:\/\/patagoniambiental.com.ar\/info\/#organization","name":"Patagonia Ambiental","url":"https:\/\/patagoniambiental.com.ar\/info\/","logo":{"@type":"ImageObject","inLanguage":"es","@id":"https:\/\/patagoniambiental.com.ar\/info\/#\/schema\/logo\/image\/","url":"https:\/\/patagoniambiental.com.ar\/info\/wp-content\/uploads\/2025\/05\/LOGO-PATAGONIA-AMBIENTAL.png","contentUrl":"https:\/\/patagoniambiental.com.ar\/info\/wp-content\/uploads\/2025\/05\/LOGO-PATAGONIA-AMBIENTAL.png","width":433,"height":250,"caption":"Patagonia Ambiental"},"image":{"@id":"https:\/\/patagoniambiental.com.ar\/info\/#\/schema\/logo\/image\/"},"sameAs":["https:\/\/www.facebook.com\/patagonia.ambiental","https:\/\/x.com\/PatAmb"]},{"@type":"Person","@id":"https:\/\/patagoniambiental.com.ar\/info\/#\/schema\/person\/db12bff64bbcbf6a253710bf0ea37b5d","name":"Patagonia Ambiental","description":"Andr\u00e9s Nievas T\u00e9cnico en manejo ambiental, consultor Ambiental y escritor para medios locales e internacionales sobre temas de geopolitica y medio ambiente.","sameAs":["http:\/\/www.patagoniambiental.com.ar","https:\/\/www.facebook.com\/share\/1C1V8Gv9BX\/?mibextid=qi2Omg","@patagoniambiental","https:\/\/youtube.com\/@patagoniaambiental2023?si=BLt58t0wuXquxlYZ"]}]}},"_links":{"self":[{"href":"https:\/\/patagoniambiental.com.ar\/info\/wp-json\/wp\/v2\/posts\/33062","targetHints":{"allow":["GET"]}}],"collection":[{"href":"https:\/\/patagoniambiental.com.ar\/info\/wp-json\/wp\/v2\/posts"}],"about":[{"href":"https:\/\/patagoniambiental.com.ar\/info\/wp-json\/wp\/v2\/types\/post"}],"author":[{"embeddable":true,"href":"https:\/\/patagoniambiental.com.ar\/info\/wp-json\/wp\/v2\/users\/2"}],"replies":[{"embeddable":true,"href":"https:\/\/patagoniambiental.com.ar\/info\/wp-json\/wp\/v2\/comments?post=33062"}],"version-history":[{"count":0,"href":"https:\/\/patagoniambiental.com.ar\/info\/wp-json\/wp\/v2\/posts\/33062\/revisions"}],"wp:featuredmedia":[{"embeddable":true,"href":"https:\/\/patagoniambiental.com.ar\/info\/wp-json\/wp\/v2\/media\/32887"}],"wp:attachment":[{"href":"https:\/\/patagoniambiental.com.ar\/info\/wp-json\/wp\/v2\/media?parent=33062"}],"wp:term":[{"taxonomy":"category","embeddable":true,"href":"https:\/\/patagoniambiental.com.ar\/info\/wp-json\/wp\/v2\/categories?post=33062"},{"taxonomy":"post_tag","embeddable":true,"href":"https:\/\/patagoniambiental.com.ar\/info\/wp-json\/wp\/v2\/tags?post=33062"}],"curies":[{"name":"wp","href":"https:\/\/api.w.org\/{rel}","templated":true}]}}