{"id":33063,"date":"2017-08-10T19:00:12","date_gmt":"2017-08-10T22:00:12","guid":{"rendered":"http:\/\/patagoniambiental.com.ar\/info\/?p=33063"},"modified":"2017-08-10T10:11:13","modified_gmt":"2017-08-10T13:11:13","slug":"el-camion-punto-limpio-movil-empezara-a-recorrer-los-barrios-de-trelew","status":"publish","type":"post","link":"https:\/\/patagoniambiental.com.ar\/info\/el-camion-punto-limpio-movil-empezara-a-recorrer-los-barrios-de-trelew\/","title":{"rendered":"El Cami\u00f3n Punto Limpio M\u00f3vil empezar\u00e1 a recorrer los barrios de Trelew!\u00a0"},"content":{"rendered":"<p>Trelew.-La Municipalidad de Trelew a trav\u00e9s de la Coordinaci\u00f3n de Gesti\u00f3n Urbana y de la Coordinaci\u00f3n de Vecinales, en forma conjunta con el Consorcio GIRSU, inicia hoy 10 de agosto la primera etapa del Programa \u201cEl Punto Limpio en tu Barrio\u201d acercando el cami\u00f3n para la recolecci\u00f3n de residuos electr\u00f3nicos y reciclables.<\/p>\n<p><!--more--><br \/>\nLa iniciativa responde a una demanda de los vecinos de la ciuda<span class=\"text_exposed_show\">d y tiene como objetivo incentivar la separaci\u00f3n de residuos en los hogares y la recuperaci\u00f3n de materiales para su reciclado comenzando con los barrios Etchepare, Malvinas, Norte, Planta de Gas, Centro, San Jos\u00e9 y San David, para completar progresivamente todos los barrios de la ciudad.<br \/>\nEl Punto Limpio M\u00f3vil se instalar\u00e1 los d\u00edas jueves y viernes por la tarde, en el horario de 15 a 19 horas en un espacio accesible para todos los vecinos contando con la colaboraci\u00f3n de las asociaciones vecinales y sus instalaciones.<br \/>\nAll\u00ed, los promotores ambientales del Punto Limpio recibir\u00e1n residuos el\u00e9ctricos y electr\u00f3nicos como celulares, bater\u00edas, televisores, computadoras y peque\u00f1os electrodom\u00e9sticos como as\u00ed tambi\u00e9n residuos secos o reciclables como papel y cart\u00f3n, pl\u00e1stico, vidrio y metal entregando a cambio abono org\u00e1nico elaborado en la Planta de Trelew con nuestros residuos h\u00famedos.<\/span><\/p>\n<div class=\"text_exposed_show\">\n<p>Cronograma Primera Etapa<br \/>\nBarrio ETCHEPARE<br \/>\n10 Y 11 DE AGOSTO<br \/>\n15 A 19 HORAS<br \/>\nLugar: SEDE VECINAL<\/p>\n<p>Barrio MALVINAS ARGENTINAS<br \/>\n17 Y 18 DE AGOSTO<br \/>\n15 A 19 HORAS<br \/>\nLugar: SEDE VECINAL<\/p>\n<p>BARRIO NORTE<br \/>\n24 Y 25 DE AGOSTO<br \/>\n15 A 19 HORAS<br \/>\nLugar: SEDE VECINAL<\/p>\n<p>Barrio PLANTA DE GAS<br \/>\n31 AGOSTO Y 1\u00b0 SEPTIEMBRE<br \/>\n15 A 19 HORAS<br \/>\nLugar: SEDE VECINAL<\/p>\n<p>Barrio CENTRO<br \/>\n7 Y 8 DE SEPTIEMBRE<br \/>\n10 A 18 HORAS<br \/>\nLugar: GIMNASIO N\u00b0 1<\/p>\n<p>Barrio SAN JOSE<br \/>\n14 Y 15 SEPTIEMBRE<br \/>\n15 A 19 HORAS<br \/>\nSEDE VECINAL<\/p>\n<p>Barrio: SAN DAVID<br \/>\n21 Y 22 SEPTIEMBRE<br \/>\n15 A 19 HORAS<br \/>\nSEDE VECINAL<\/p>\n<p>Para mayor informaci\u00f3n dirigirse a la Direcci\u00f3n de Gesti\u00f3n Ambiental, Mitre 73 en el horario de 7 a 13 horas, o llamar al 4421424, o al email: gestion.ambiental.trelew@gmail.com<br \/>\nLos esperamos!!<\/p>\n<p>Fuente: Direcci\u00f3n de Gesti\u00f3n Ambiental de Trelew<\/p>\n<\/div>\n","protected":false},"excerpt":{"rendered":"<p>Trelew.-La Municipalidad de Trelew a trav\u00e9s de la Coordinaci\u00f3n de Gesti\u00f3n Urbana y de la Coordinaci\u00f3n de Vecinales, en forma [&hellip;]<\/p>\n","protected":false},"author":2,"featured_media":33070,"comment_status":"open","ping_status":"open","sticky":false,"template":"","format":"standard","meta":{"site-sidebar-layout":"default","site-content-layout":"","ast-site-content-layout":"default","site-content-style":"default","site-sidebar-style":"default","ast-global-header-display":"","ast-banner-title-visibility":"","ast-main-header-display":"","ast-hfb-above-header-display":"","ast-hfb-below-header-display":"","ast-hfb-mobile-header-display":"","site-post-title":"","ast-breadcrumbs-content":"","ast-featured-img":"","footer-sml-layout":"","ast-disable-related-posts":"","theme-transparent-header-meta":"","adv-header-id-meta":"","stick-header-meta":"","header-above-stick-meta":"","header-main-stick-meta":"","header-below-stick-meta":"","astra-migrate-meta-layouts":"default","ast-page-background-enabled":"default","ast-page-background-meta":{"desktop":{"background-color":"var(--ast-global-color-5)","background-image":"","background-repeat":"repeat","background-position":"center center","background-size":"auto","background-attachment":"scroll","background-type":"","background-media":"","overlay-type":"","overlay-color":"","overlay-opacity":"","overlay-gradient":""},"tablet":{"background-color":"","background-image":"","background-repeat":"repeat","background-position":"center center","background-size":"auto","background-attachment":"scroll","background-type":"","background-media":"","overlay-type":"","overlay-color":"","overlay-opacity":"","overlay-gradient":""},"mobile":{"background-color":"","background-image":"","background-repeat":"repeat","background-position":"center center","background-size":"auto","background-attachment":"scroll","background-type":"","background-media":"","overlay-type":"","overlay-color":"","overlay-opacity":"","overlay-gradient":""}},"ast-content-background-meta":{"desktop":{"background-color":"var(--ast-global-color-4)","background-image":"","background-repeat":"repeat","background-position":"center center","background-size":"auto","background-attachment":"scroll","background-type":"","background-media":"","overlay-type":"","overlay-color":"","overlay-opacity":"","overlay-gradient":""},"tablet":{"background-color":"var(--ast-global-color-4)","background-image":"","background-repeat":"repeat","background-position":"center center","background-size":"auto","background-attachment":"scroll","background-type":"","background-media":"","overlay-type":"","overlay-color":"","overlay-opacity":"","overlay-gradient":""},"mobile":{"background-color":"var(--ast-global-color-4)","background-image":"","background-repeat":"repeat","background-position":"center center","background-size":"auto","background-attachment":"scroll","background-type":"","background-media":"","overlay-type":"","overlay-color":"","overlay-opacity":"","overlay-gradient":""}},"footnotes":""},"categories":[12,1],"tags":[],"class_list":["post-33063","post","type-post","status-publish","format-standard","has-post-thumbnail","hentry","category-agenda-ambiental","category-noticias"],"yoast_head":"<!-- This site is optimized with the Yoast SEO Premium plugin v23.0 (Yoast SEO v27.5) - https:\/\/yoast.com\/product\/yoast-seo-premium-wordpress\/ -->\n<title>El Cami\u00f3n Punto Limpio M\u00f3vil empezar\u00e1 a recorrer los barrios de Trelew!\u00a0<\/title>\n<meta name=\"robots\" content=\"index, follow, max-snippet:-1, max-image-preview:large, max-video-preview:-1\" \/>\n<link rel=\"canonical\" href=\"https:\/\/patagoniambiental.com.ar\/info\/el-camion-punto-limpio-movil-empezara-a-recorrer-los-barrios-de-trelew\/\" \/>\n<meta property=\"og:locale\" content=\"es_ES\" \/>\n<meta property=\"og:type\" content=\"article\" \/>\n<meta property=\"og:title\" content=\"El Cami\u00f3n Punto Limpio M\u00f3vil empezar\u00e1 a recorrer los barrios de Trelew!\u00a0\" \/>\n<meta property=\"og:description\" content=\"Trelew.-La Municipalidad de Trelew a trav\u00e9s de la Coordinaci\u00f3n de Gesti\u00f3n Urbana y de la Coordinaci\u00f3n de Vecinales, en forma [&hellip;]\" \/>\n<meta property=\"og:url\" content=\"https:\/\/patagoniambiental.com.ar\/info\/el-camion-punto-limpio-movil-empezara-a-recorrer-los-barrios-de-trelew\/\" \/>\n<meta property=\"og:site_name\" content=\"Patagonia Ambiental\" \/>\n<meta property=\"article:publisher\" content=\"https:\/\/www.facebook.com\/patagonia.ambiental\" \/>\n<meta property=\"article:author\" content=\"https:\/\/www.facebook.com\/share\/1C1V8Gv9BX\/?mibextid=qi2Omg\" \/>\n<meta property=\"article:published_time\" content=\"2017-08-10T22:00:12+00:00\" \/>\n<meta property=\"og:image\" content=\"https:\/\/patagoniambiental.com.ar\/info\/wp-content\/uploads\/2017\/08\/20708503_1357690774279441_7945701590267442013_n.jpg\" \/>\n\t<meta property=\"og:image:width\" content=\"500\" \/>\n\t<meta property=\"og:image:height\" content=\"960\" \/>\n\t<meta property=\"og:image:type\" content=\"image\/jpeg\" \/>\n<meta name=\"author\" content=\"Patagonia Ambiental\" \/>\n<meta name=\"twitter:card\" content=\"summary_large_image\" \/>\n<meta name=\"twitter:creator\" content=\"@PatAmb\" \/>\n<meta name=\"twitter:site\" content=\"@PatAmb\" \/>\n<script type=\"application\/ld+json\" class=\"yoast-schema-graph\">{\"@context\":\"https:\\\/\\\/schema.org\",\"@graph\":[{\"@type\":\"Article\",\"@id\":\"https:\\\/\\\/patagoniambiental.com.ar\\\/info\\\/el-camion-punto-limpio-movil-empezara-a-recorrer-los-barrios-de-trelew\\\/#article\",\"isPartOf\":{\"@id\":\"https:\\\/\\\/patagoniambiental.com.ar\\\/info\\\/el-camion-punto-limpio-movil-empezara-a-recorrer-los-barrios-de-trelew\\\/\"},\"author\":{\"name\":\"Patagonia Ambiental\",\"@id\":\"https:\\\/\\\/patagoniambiental.com.ar\\\/info\\\/#\\\/schema\\\/person\\\/db12bff64bbcbf6a253710bf0ea37b5d\"},\"headline\":\"El Cami\u00f3n Punto Limpio M\u00f3vil empezar\u00e1 a recorrer los barrios de Trelew!\u00a0\",\"datePublished\":\"2017-08-10T22:00:12+00:00\",\"mainEntityOfPage\":{\"@id\":\"https:\\\/\\\/patagoniambiental.com.ar\\\/info\\\/el-camion-punto-limpio-movil-empezara-a-recorrer-los-barrios-de-trelew\\\/\"},\"wordCount\":351,\"commentCount\":0,\"publisher\":{\"@id\":\"https:\\\/\\\/patagoniambiental.com.ar\\\/info\\\/#organization\"},\"image\":{\"@id\":\"https:\\\/\\\/patagoniambiental.com.ar\\\/info\\\/el-camion-punto-limpio-movil-empezara-a-recorrer-los-barrios-de-trelew\\\/#primaryimage\"},\"thumbnailUrl\":\"https:\\\/\\\/patagoniambiental.com.ar\\\/info\\\/wp-content\\\/uploads\\\/2017\\\/08\\\/20708503_1357690774279441_7945701590267442013_n.jpg\",\"articleSection\":[\"Agenda Ambiental\",\"Noticias\"],\"inLanguage\":\"es\",\"potentialAction\":[{\"@type\":\"CommentAction\",\"name\":\"Comment\",\"target\":[\"https:\\\/\\\/patagoniambiental.com.ar\\\/info\\\/el-camion-punto-limpio-movil-empezara-a-recorrer-los-barrios-de-trelew\\\/#respond\"]}]},{\"@type\":\"WebPage\",\"@id\":\"https:\\\/\\\/patagoniambiental.com.ar\\\/info\\\/el-camion-punto-limpio-movil-empezara-a-recorrer-los-barrios-de-trelew\\\/\",\"url\":\"https:\\\/\\\/patagoniambiental.com.ar\\\/info\\\/el-camion-punto-limpio-movil-empezara-a-recorrer-los-barrios-de-trelew\\\/\",\"name\":\"El Cami\u00f3n Punto Limpio M\u00f3vil empezar\u00e1 a recorrer los barrios de Trelew!\u00a0\",\"isPartOf\":{\"@id\":\"https:\\\/\\\/patagoniambiental.com.ar\\\/info\\\/#website\"},\"primaryImageOfPage\":{\"@id\":\"https:\\\/\\\/patagoniambiental.com.ar\\\/info\\\/el-camion-punto-limpio-movil-empezara-a-recorrer-los-barrios-de-trelew\\\/#primaryimage\"},\"image\":{\"@id\":\"https:\\\/\\\/patagoniambiental.com.ar\\\/info\\\/el-camion-punto-limpio-movil-empezara-a-recorrer-los-barrios-de-trelew\\\/#primaryimage\"},\"thumbnailUrl\":\"https:\\\/\\\/patagoniambiental.com.ar\\\/info\\\/wp-content\\\/uploads\\\/2017\\\/08\\\/20708503_1357690774279441_7945701590267442013_n.jpg\",\"datePublished\":\"2017-08-10T22:00:12+00:00\",\"breadcrumb\":{\"@id\":\"https:\\\/\\\/patagoniambiental.com.ar\\\/info\\\/el-camion-punto-limpio-movil-empezara-a-recorrer-los-barrios-de-trelew\\\/#breadcrumb\"},\"inLanguage\":\"es\",\"potentialAction\":[{\"@type\":\"ReadAction\",\"target\":[\"https:\\\/\\\/patagoniambiental.com.ar\\\/info\\\/el-camion-punto-limpio-movil-empezara-a-recorrer-los-barrios-de-trelew\\\/\"]}]},{\"@type\":\"ImageObject\",\"inLanguage\":\"es\",\"@id\":\"https:\\\/\\\/patagoniambiental.com.ar\\\/info\\\/el-camion-punto-limpio-movil-empezara-a-recorrer-los-barrios-de-trelew\\\/#primaryimage\",\"url\":\"https:\\\/\\\/patagoniambiental.com.ar\\\/info\\\/wp-content\\\/uploads\\\/2017\\\/08\\\/20708503_1357690774279441_7945701590267442013_n.jpg\",\"contentUrl\":\"https:\\\/\\\/patagoniambiental.com.ar\\\/info\\\/wp-content\\\/uploads\\\/2017\\\/08\\\/20708503_1357690774279441_7945701590267442013_n.jpg\",\"width\":500,\"height\":960},{\"@type\":\"BreadcrumbList\",\"@id\":\"https:\\\/\\\/patagoniambiental.com.ar\\\/info\\\/el-camion-punto-limpio-movil-empezara-a-recorrer-los-barrios-de-trelew\\\/#breadcrumb\",\"itemListElement\":[{\"@type\":\"ListItem\",\"position\":1,\"name\":\"Inicio\",\"item\":\"https:\\\/\\\/patagoniambiental.com.ar\\\/info\\\/\"},{\"@type\":\"ListItem\",\"position\":2,\"name\":\"El Cami\u00f3n Punto Limpio M\u00f3vil empezar\u00e1 a recorrer los barrios de Trelew!\u00a0\"}]},{\"@type\":\"WebSite\",\"@id\":\"https:\\\/\\\/patagoniambiental.com.ar\\\/info\\\/#website\",\"url\":\"https:\\\/\\\/patagoniambiental.com.ar\\\/info\\\/\",\"name\":\"Patagonia Ambiental\",\"description\":\"Monitoreo y an\u00e1lisis de la situaci\u00f3n geopol\u00edtica en el mundo y su implicancia en la Patagonia\",\"publisher\":{\"@id\":\"https:\\\/\\\/patagoniambiental.com.ar\\\/info\\\/#organization\"},\"potentialAction\":[{\"@type\":\"SearchAction\",\"target\":{\"@type\":\"EntryPoint\",\"urlTemplate\":\"https:\\\/\\\/patagoniambiental.com.ar\\\/info\\\/?s={search_term_string}\"},\"query-input\":{\"@type\":\"PropertyValueSpecification\",\"valueRequired\":true,\"valueName\":\"search_term_string\"}}],\"inLanguage\":\"es\"},{\"@type\":\"Organization\",\"@id\":\"https:\\\/\\\/patagoniambiental.com.ar\\\/info\\\/#organization\",\"name\":\"Patagonia Ambiental\",\"url\":\"https:\\\/\\\/patagoniambiental.com.ar\\\/info\\\/\",\"logo\":{\"@type\":\"ImageObject\",\"inLanguage\":\"es\",\"@id\":\"https:\\\/\\\/patagoniambiental.com.ar\\\/info\\\/#\\\/schema\\\/logo\\\/image\\\/\",\"url\":\"https:\\\/\\\/patagoniambiental.com.ar\\\/info\\\/wp-content\\\/uploads\\\/2025\\\/05\\\/LOGO-PATAGONIA-AMBIENTAL.png\",\"contentUrl\":\"https:\\\/\\\/patagoniambiental.com.ar\\\/info\\\/wp-content\\\/uploads\\\/2025\\\/05\\\/LOGO-PATAGONIA-AMBIENTAL.png\",\"width\":433,\"height\":250,\"caption\":\"Patagonia Ambiental\"},\"image\":{\"@id\":\"https:\\\/\\\/patagoniambiental.com.ar\\\/info\\\/#\\\/schema\\\/logo\\\/image\\\/\"},\"sameAs\":[\"https:\\\/\\\/www.facebook.com\\\/patagonia.ambiental\",\"https:\\\/\\\/x.com\\\/PatAmb\"]},{\"@type\":\"Person\",\"@id\":\"https:\\\/\\\/patagoniambiental.com.ar\\\/info\\\/#\\\/schema\\\/person\\\/db12bff64bbcbf6a253710bf0ea37b5d\",\"name\":\"Patagonia Ambiental\",\"description\":\"Andr\u00e9s Nievas T\u00e9cnico en manejo ambiental, consultor Ambiental y escritor para medios locales e internacionales sobre temas de geopolitica y medio ambiente.\",\"sameAs\":[\"http:\\\/\\\/www.patagoniambiental.com.ar\",\"https:\\\/\\\/www.facebook.com\\\/share\\\/1C1V8Gv9BX\\\/?mibextid=qi2Omg\",\"@patagoniambiental\",\"https:\\\/\\\/youtube.com\\\/@patagoniaambiental2023?si=BLt58t0wuXquxlYZ\"]}]}<\/script>\n<!-- \/ Yoast SEO Premium plugin. -->","yoast_head_json":{"title":"El Cami\u00f3n Punto Limpio M\u00f3vil empezar\u00e1 a recorrer los barrios de Trelew!\u00a0","robots":{"index":"index","follow":"follow","max-snippet":"max-snippet:-1","max-image-preview":"max-image-preview:large","max-video-preview":"max-video-preview:-1"},"canonical":"https:\/\/patagoniambiental.com.ar\/info\/el-camion-punto-limpio-movil-empezara-a-recorrer-los-barrios-de-trelew\/","og_locale":"es_ES","og_type":"article","og_title":"El Cami\u00f3n Punto Limpio M\u00f3vil empezar\u00e1 a recorrer los barrios de Trelew!\u00a0","og_description":"Trelew.-La Municipalidad de Trelew a trav\u00e9s de la Coordinaci\u00f3n de Gesti\u00f3n Urbana y de la Coordinaci\u00f3n de Vecinales, en forma [&hellip;]","og_url":"https:\/\/patagoniambiental.com.ar\/info\/el-camion-punto-limpio-movil-empezara-a-recorrer-los-barrios-de-trelew\/","og_site_name":"Patagonia Ambiental","article_publisher":"https:\/\/www.facebook.com\/patagonia.ambiental","article_author":"https:\/\/www.facebook.com\/share\/1C1V8Gv9BX\/?mibextid=qi2Omg","article_published_time":"2017-08-10T22:00:12+00:00","og_image":[{"width":500,"height":960,"url":"https:\/\/patagoniambiental.com.ar\/info\/wp-content\/uploads\/2017\/08\/20708503_1357690774279441_7945701590267442013_n.jpg","type":"image\/jpeg"}],"author":"Patagonia Ambiental","twitter_card":"summary_large_image","twitter_creator":"@PatAmb","twitter_site":"@PatAmb","schema":{"@context":"https:\/\/schema.org","@graph":[{"@type":"Article","@id":"https:\/\/patagoniambiental.com.ar\/info\/el-camion-punto-limpio-movil-empezara-a-recorrer-los-barrios-de-trelew\/#article","isPartOf":{"@id":"https:\/\/patagoniambiental.com.ar\/info\/el-camion-punto-limpio-movil-empezara-a-recorrer-los-barrios-de-trelew\/"},"author":{"name":"Patagonia Ambiental","@id":"https:\/\/patagoniambiental.com.ar\/info\/#\/schema\/person\/db12bff64bbcbf6a253710bf0ea37b5d"},"headline":"El Cami\u00f3n Punto Limpio M\u00f3vil empezar\u00e1 a recorrer los barrios de Trelew!\u00a0","datePublished":"2017-08-10T22:00:12+00:00","mainEntityOfPage":{"@id":"https:\/\/patagoniambiental.com.ar\/info\/el-camion-punto-limpio-movil-empezara-a-recorrer-los-barrios-de-trelew\/"},"wordCount":351,"commentCount":0,"publisher":{"@id":"https:\/\/patagoniambiental.com.ar\/info\/#organization"},"image":{"@id":"https:\/\/patagoniambiental.com.ar\/info\/el-camion-punto-limpio-movil-empezara-a-recorrer-los-barrios-de-trelew\/#primaryimage"},"thumbnailUrl":"https:\/\/patagoniambiental.com.ar\/info\/wp-content\/uploads\/2017\/08\/20708503_1357690774279441_7945701590267442013_n.jpg","articleSection":["Agenda Ambiental","Noticias"],"inLanguage":"es","potentialAction":[{"@type":"CommentAction","name":"Comment","target":["https:\/\/patagoniambiental.com.ar\/info\/el-camion-punto-limpio-movil-empezara-a-recorrer-los-barrios-de-trelew\/#respond"]}]},{"@type":"WebPage","@id":"https:\/\/patagoniambiental.com.ar\/info\/el-camion-punto-limpio-movil-empezara-a-recorrer-los-barrios-de-trelew\/","url":"https:\/\/patagoniambiental.com.ar\/info\/el-camion-punto-limpio-movil-empezara-a-recorrer-los-barrios-de-trelew\/","name":"El Cami\u00f3n Punto Limpio M\u00f3vil empezar\u00e1 a recorrer los barrios de Trelew!\u00a0","isPartOf":{"@id":"https:\/\/patagoniambiental.com.ar\/info\/#website"},"primaryImageOfPage":{"@id":"https:\/\/patagoniambiental.com.ar\/info\/el-camion-punto-limpio-movil-empezara-a-recorrer-los-barrios-de-trelew\/#primaryimage"},"image":{"@id":"https:\/\/patagoniambiental.com.ar\/info\/el-camion-punto-limpio-movil-empezara-a-recorrer-los-barrios-de-trelew\/#primaryimage"},"thumbnailUrl":"https:\/\/patagoniambiental.com.ar\/info\/wp-content\/uploads\/2017\/08\/20708503_1357690774279441_7945701590267442013_n.jpg","datePublished":"2017-08-10T22:00:12+00:00","breadcrumb":{"@id":"https:\/\/patagoniambiental.com.ar\/info\/el-camion-punto-limpio-movil-empezara-a-recorrer-los-barrios-de-trelew\/#breadcrumb"},"inLanguage":"es","potentialAction":[{"@type":"ReadAction","target":["https:\/\/patagoniambiental.com.ar\/info\/el-camion-punto-limpio-movil-empezara-a-recorrer-los-barrios-de-trelew\/"]}]},{"@type":"ImageObject","inLanguage":"es","@id":"https:\/\/patagoniambiental.com.ar\/info\/el-camion-punto-limpio-movil-empezara-a-recorrer-los-barrios-de-trelew\/#primaryimage","url":"https:\/\/patagoniambiental.com.ar\/info\/wp-content\/uploads\/2017\/08\/20708503_1357690774279441_7945701590267442013_n.jpg","contentUrl":"https:\/\/patagoniambiental.com.ar\/info\/wp-content\/uploads\/2017\/08\/20708503_1357690774279441_7945701590267442013_n.jpg","width":500,"height":960},{"@type":"BreadcrumbList","@id":"https:\/\/patagoniambiental.com.ar\/info\/el-camion-punto-limpio-movil-empezara-a-recorrer-los-barrios-de-trelew\/#breadcrumb","itemListElement":[{"@type":"ListItem","position":1,"name":"Inicio","item":"https:\/\/patagoniambiental.com.ar\/info\/"},{"@type":"ListItem","position":2,"name":"El Cami\u00f3n Punto Limpio M\u00f3vil empezar\u00e1 a recorrer los barrios de Trelew!\u00a0"}]},{"@type":"WebSite","@id":"https:\/\/patagoniambiental.com.ar\/info\/#website","url":"https:\/\/patagoniambiental.com.ar\/info\/","name":"Patagonia Ambiental","description":"Monitoreo y an\u00e1lisis de la situaci\u00f3n geopol\u00edtica en el mundo y su implicancia en la Patagonia","publisher":{"@id":"https:\/\/patagoniambiental.com.ar\/info\/#organization"},"potentialAction":[{"@type":"SearchAction","target":{"@type":"EntryPoint","urlTemplate":"https:\/\/patagoniambiental.com.ar\/info\/?s={search_term_string}"},"query-input":{"@type":"PropertyValueSpecification","valueRequired":true,"valueName":"search_term_string"}}],"inLanguage":"es"},{"@type":"Organization","@id":"https:\/\/patagoniambiental.com.ar\/info\/#organization","name":"Patagonia Ambiental","url":"https:\/\/patagoniambiental.com.ar\/info\/","logo":{"@type":"ImageObject","inLanguage":"es","@id":"https:\/\/patagoniambiental.com.ar\/info\/#\/schema\/logo\/image\/","url":"https:\/\/patagoniambiental.com.ar\/info\/wp-content\/uploads\/2025\/05\/LOGO-PATAGONIA-AMBIENTAL.png","contentUrl":"https:\/\/patagoniambiental.com.ar\/info\/wp-content\/uploads\/2025\/05\/LOGO-PATAGONIA-AMBIENTAL.png","width":433,"height":250,"caption":"Patagonia Ambiental"},"image":{"@id":"https:\/\/patagoniambiental.com.ar\/info\/#\/schema\/logo\/image\/"},"sameAs":["https:\/\/www.facebook.com\/patagonia.ambiental","https:\/\/x.com\/PatAmb"]},{"@type":"Person","@id":"https:\/\/patagoniambiental.com.ar\/info\/#\/schema\/person\/db12bff64bbcbf6a253710bf0ea37b5d","name":"Patagonia Ambiental","description":"Andr\u00e9s Nievas T\u00e9cnico en manejo ambiental, consultor Ambiental y escritor para medios locales e internacionales sobre temas de geopolitica y medio ambiente.","sameAs":["http:\/\/www.patagoniambiental.com.ar","https:\/\/www.facebook.com\/share\/1C1V8Gv9BX\/?mibextid=qi2Omg","@patagoniambiental","https:\/\/youtube.com\/@patagoniaambiental2023?si=BLt58t0wuXquxlYZ"]}]}},"_links":{"self":[{"href":"https:\/\/patagoniambiental.com.ar\/info\/wp-json\/wp\/v2\/posts\/33063","targetHints":{"allow":["GET"]}}],"collection":[{"href":"https:\/\/patagoniambiental.com.ar\/info\/wp-json\/wp\/v2\/posts"}],"about":[{"href":"https:\/\/patagoniambiental.com.ar\/info\/wp-json\/wp\/v2\/types\/post"}],"author":[{"embeddable":true,"href":"https:\/\/patagoniambiental.com.ar\/info\/wp-json\/wp\/v2\/users\/2"}],"replies":[{"embeddable":true,"href":"https:\/\/patagoniambiental.com.ar\/info\/wp-json\/wp\/v2\/comments?post=33063"}],"version-history":[{"count":0,"href":"https:\/\/patagoniambiental.com.ar\/info\/wp-json\/wp\/v2\/posts\/33063\/revisions"}],"wp:featuredmedia":[{"embeddable":true,"href":"https:\/\/patagoniambiental.com.ar\/info\/wp-json\/wp\/v2\/media\/33070"}],"wp:attachment":[{"href":"https:\/\/patagoniambiental.com.ar\/info\/wp-json\/wp\/v2\/media?parent=33063"}],"wp:term":[{"taxonomy":"category","embeddable":true,"href":"https:\/\/patagoniambiental.com.ar\/info\/wp-json\/wp\/v2\/categories?post=33063"},{"taxonomy":"post_tag","embeddable":true,"href":"https:\/\/patagoniambiental.com.ar\/info\/wp-json\/wp\/v2\/tags?post=33063"}],"curies":[{"name":"wp","href":"https:\/\/api.w.org\/{rel}","templated":true}]}}