{"id":33122,"date":"2017-08-11T19:00:00","date_gmt":"2017-08-11T22:00:00","guid":{"rendered":"http:\/\/patagoniambiental.com.ar\/info\/?p=33122"},"modified":"2017-08-11T11:42:16","modified_gmt":"2017-08-11T14:42:16","slug":"san-carlos-de-bariloche-se-realizo-el-curso-de-busqueda-y-rescate-de-victimas-en-avalanchas-con-perros-en-cerro-catedral","status":"publish","type":"post","link":"https:\/\/patagoniambiental.com.ar\/info\/san-carlos-de-bariloche-se-realizo-el-curso-de-busqueda-y-rescate-de-victimas-en-avalanchas-con-perros-en-cerro-catedral\/","title":{"rendered":"San Carlos de Bariloche  Se realiz\u00f3 el curso de b\u00fasqueda y rescate de v\u00edctimas en avalanchas con perros en Cerro Catedral\u00a0"},"content":{"rendered":"<p class=\"x_MsoNormal\"><i>Bariloche.-La capacitaci\u00f3n, que cont\u00f3 con la presencia de 35 personas de diferentes ciudades del pa\u00eds,\u00a0\u00a0fue organizado por la ONG argentina KSAR (Kanin Search and Rescue) y declarado de Inter\u00e9s Tur\u00edstico por el Ministerio de Turismo, Cultura y Deporte de R\u00edo Negro.<\/i><\/p>\n<p><!--more--><\/p>\n<p class=\"x_MsoNormal\">\n<p class=\"x_MsoNormal\">En la oportunidad, participaron 12 binomios (gu\u00eda-perro), de los cuales diez alcanzaron las condiciones exigidas para el examen de alguno de los tres niveles que requieren de intensas capacitaciones y pr\u00e1cticas.<\/p>\n<p class=\"x_MsoNormal\">Alberto Chiqui Amarilla reconocido adiestrador canino profesional egresado de la Universidad de Veterinaria de la UBA y especializado en b\u00fasqueda de personas con perros, representante de KSAR Argentina, se\u00f1al\u00f3 que \u201cla base de formaci\u00f3n de los perros de b\u00fasqueda de personas es similar en varias especialidades, como avalanchas, deslizamiento de tierra o estructuras colapsadas. El objetivo del perro es localizar a una v\u00edctima que se encuentra debajo de cualquier material a trav\u00e9s de su agudo olfato\u201d.<\/p>\n<p class=\"x_MsoNormal\">La capacitaci\u00f3n otorg\u00f3 certificaci\u00f3n de IRO, una organizaci\u00f3n internacional que apoya la cooperaci\u00f3n en el trabajo del perro de rescate y se desempe\u00f1\u00f3 como instructor y juez\u00a0\u00a0de los perros y sus gu\u00edas el capacitador austr\u00edaco Alois Russenger.<\/p>\n<p class=\"x_MsoNormal\">Por el centro de deportes invernales del cerro Catedral particip\u00f3 el patrullero Diego Iglesias con su can \u201cIzel\u201d, un Border Collie de dos a\u00f1os de edad que cada temporada acompa\u00f1a a su gu\u00eda y al equipo de Patrulla de Catedral Alta Patagonia en sus labores.<\/p>\n<p><b><span lang=\"ES-AR\">Fuente: GOBIERNO DE R\u00cdO NEGRO<\/span><\/b><\/p>\n","protected":false},"excerpt":{"rendered":"<p>Bariloche.-La capacitaci\u00f3n, que cont\u00f3 con la presencia de 35 personas de diferentes ciudades del pa\u00eds,\u00a0\u00a0fue organizado por la ONG argentina [&hellip;]<\/p>\n","protected":false},"author":2,"featured_media":32887,"comment_status":"open","ping_status":"open","sticky":false,"template":"","format":"standard","meta":{"site-sidebar-layout":"default","site-content-layout":"","ast-site-content-layout":"default","site-content-style":"default","site-sidebar-style":"default","ast-global-header-display":"","ast-banner-title-visibility":"","ast-main-header-display":"","ast-hfb-above-header-display":"","ast-hfb-below-header-display":"","ast-hfb-mobile-header-display":"","site-post-title":"","ast-breadcrumbs-content":"","ast-featured-img":"","footer-sml-layout":"","ast-disable-related-posts":"","theme-transparent-header-meta":"","adv-header-id-meta":"","stick-header-meta":"","header-above-stick-meta":"","header-main-stick-meta":"","header-below-stick-meta":"","astra-migrate-meta-layouts":"default","ast-page-background-enabled":"default","ast-page-background-meta":{"desktop":{"background-color":"var(--ast-global-color-5)","background-image":"","background-repeat":"repeat","background-position":"center center","background-size":"auto","background-attachment":"scroll","background-type":"","background-media":"","overlay-type":"","overlay-color":"","overlay-opacity":"","overlay-gradient":""},"tablet":{"background-color":"","background-image":"","background-repeat":"repeat","background-position":"center center","background-size":"auto","background-attachment":"scroll","background-type":"","background-media":"","overlay-type":"","overlay-color":"","overlay-opacity":"","overlay-gradient":""},"mobile":{"background-color":"","background-image":"","background-repeat":"repeat","background-position":"center center","background-size":"auto","background-attachment":"scroll","background-type":"","background-media":"","overlay-type":"","overlay-color":"","overlay-opacity":"","overlay-gradient":""}},"ast-content-background-meta":{"desktop":{"background-color":"var(--ast-global-color-4)","background-image":"","background-repeat":"repeat","background-position":"center center","background-size":"auto","background-attachment":"scroll","background-type":"","background-media":"","overlay-type":"","overlay-color":"","overlay-opacity":"","overlay-gradient":""},"tablet":{"background-color":"var(--ast-global-color-4)","background-image":"","background-repeat":"repeat","background-position":"center center","background-size":"auto","background-attachment":"scroll","background-type":"","background-media":"","overlay-type":"","overlay-color":"","overlay-opacity":"","overlay-gradient":""},"mobile":{"background-color":"var(--ast-global-color-4)","background-image":"","background-repeat":"repeat","background-position":"center center","background-size":"auto","background-attachment":"scroll","background-type":"","background-media":"","overlay-type":"","overlay-color":"","overlay-opacity":"","overlay-gradient":""}},"footnotes":""},"categories":[12,1],"tags":[],"class_list":["post-33122","post","type-post","status-publish","format-standard","has-post-thumbnail","hentry","category-agenda-ambiental","category-noticias"],"yoast_head":"<!-- This site is optimized with the Yoast SEO Premium plugin v23.0 (Yoast SEO v27.5) - https:\/\/yoast.com\/product\/yoast-seo-premium-wordpress\/ -->\n<title>San Carlos de Bariloche Se realiz\u00f3 el curso de b\u00fasqueda y rescate de v\u00edctimas en avalanchas con perros en Cerro Catedral\u00a0<\/title>\n<meta name=\"robots\" content=\"index, follow, max-snippet:-1, max-image-preview:large, max-video-preview:-1\" \/>\n<link rel=\"canonical\" href=\"https:\/\/patagoniambiental.com.ar\/info\/san-carlos-de-bariloche-se-realizo-el-curso-de-busqueda-y-rescate-de-victimas-en-avalanchas-con-perros-en-cerro-catedral\/\" \/>\n<meta property=\"og:locale\" content=\"es_ES\" \/>\n<meta property=\"og:type\" content=\"article\" \/>\n<meta property=\"og:title\" content=\"San Carlos de Bariloche Se realiz\u00f3 el curso de b\u00fasqueda y rescate de v\u00edctimas en avalanchas con perros en Cerro Catedral\u00a0\" \/>\n<meta property=\"og:description\" content=\"Bariloche.-La capacitaci\u00f3n, que cont\u00f3 con la presencia de 35 personas de diferentes ciudades del pa\u00eds,\u00a0\u00a0fue organizado por la ONG argentina [&hellip;]\" \/>\n<meta property=\"og:url\" content=\"https:\/\/patagoniambiental.com.ar\/info\/san-carlos-de-bariloche-se-realizo-el-curso-de-busqueda-y-rescate-de-victimas-en-avalanchas-con-perros-en-cerro-catedral\/\" \/>\n<meta property=\"og:site_name\" content=\"Patagonia Ambiental\" \/>\n<meta property=\"article:publisher\" content=\"https:\/\/www.facebook.com\/patagonia.ambiental\" \/>\n<meta property=\"article:author\" content=\"https:\/\/www.facebook.com\/share\/1C1V8Gv9BX\/?mibextid=qi2Omg\" \/>\n<meta property=\"article:published_time\" content=\"2017-08-11T22:00:00+00:00\" \/>\n<meta property=\"og:image\" content=\"https:\/\/patagoniambiental.com.ar\/info\/wp-content\/uploads\/2017\/08\/nofoto.jpg\" \/>\n\t<meta property=\"og:image:width\" content=\"924\" \/>\n\t<meta property=\"og:image:height\" content=\"616\" \/>\n\t<meta property=\"og:image:type\" content=\"image\/jpeg\" \/>\n<meta name=\"author\" content=\"Patagonia Ambiental\" \/>\n<meta name=\"twitter:card\" content=\"summary_large_image\" \/>\n<meta name=\"twitter:creator\" content=\"@PatAmb\" \/>\n<meta name=\"twitter:site\" content=\"@PatAmb\" \/>\n<script type=\"application\/ld+json\" class=\"yoast-schema-graph\">{\"@context\":\"https:\\\/\\\/schema.org\",\"@graph\":[{\"@type\":\"Article\",\"@id\":\"https:\\\/\\\/patagoniambiental.com.ar\\\/info\\\/san-carlos-de-bariloche-se-realizo-el-curso-de-busqueda-y-rescate-de-victimas-en-avalanchas-con-perros-en-cerro-catedral\\\/#article\",\"isPartOf\":{\"@id\":\"https:\\\/\\\/patagoniambiental.com.ar\\\/info\\\/san-carlos-de-bariloche-se-realizo-el-curso-de-busqueda-y-rescate-de-victimas-en-avalanchas-con-perros-en-cerro-catedral\\\/\"},\"author\":{\"name\":\"Patagonia Ambiental\",\"@id\":\"https:\\\/\\\/patagoniambiental.com.ar\\\/info\\\/#\\\/schema\\\/person\\\/db12bff64bbcbf6a253710bf0ea37b5d\"},\"headline\":\"San Carlos de Bariloche Se realiz\u00f3 el curso de b\u00fasqueda y rescate de v\u00edctimas en avalanchas con perros en Cerro Catedral\u00a0\",\"datePublished\":\"2017-08-11T22:00:00+00:00\",\"mainEntityOfPage\":{\"@id\":\"https:\\\/\\\/patagoniambiental.com.ar\\\/info\\\/san-carlos-de-bariloche-se-realizo-el-curso-de-busqueda-y-rescate-de-victimas-en-avalanchas-con-perros-en-cerro-catedral\\\/\"},\"wordCount\":282,\"commentCount\":0,\"publisher\":{\"@id\":\"https:\\\/\\\/patagoniambiental.com.ar\\\/info\\\/#organization\"},\"image\":{\"@id\":\"https:\\\/\\\/patagoniambiental.com.ar\\\/info\\\/san-carlos-de-bariloche-se-realizo-el-curso-de-busqueda-y-rescate-de-victimas-en-avalanchas-con-perros-en-cerro-catedral\\\/#primaryimage\"},\"thumbnailUrl\":\"https:\\\/\\\/patagoniambiental.com.ar\\\/info\\\/wp-content\\\/uploads\\\/2017\\\/08\\\/nofoto.jpg\",\"articleSection\":[\"Agenda Ambiental\",\"Noticias\"],\"inLanguage\":\"es\",\"potentialAction\":[{\"@type\":\"CommentAction\",\"name\":\"Comment\",\"target\":[\"https:\\\/\\\/patagoniambiental.com.ar\\\/info\\\/san-carlos-de-bariloche-se-realizo-el-curso-de-busqueda-y-rescate-de-victimas-en-avalanchas-con-perros-en-cerro-catedral\\\/#respond\"]}]},{\"@type\":\"WebPage\",\"@id\":\"https:\\\/\\\/patagoniambiental.com.ar\\\/info\\\/san-carlos-de-bariloche-se-realizo-el-curso-de-busqueda-y-rescate-de-victimas-en-avalanchas-con-perros-en-cerro-catedral\\\/\",\"url\":\"https:\\\/\\\/patagoniambiental.com.ar\\\/info\\\/san-carlos-de-bariloche-se-realizo-el-curso-de-busqueda-y-rescate-de-victimas-en-avalanchas-con-perros-en-cerro-catedral\\\/\",\"name\":\"San Carlos de Bariloche Se realiz\u00f3 el curso de b\u00fasqueda y rescate de v\u00edctimas en avalanchas con perros en Cerro Catedral\u00a0\",\"isPartOf\":{\"@id\":\"https:\\\/\\\/patagoniambiental.com.ar\\\/info\\\/#website\"},\"primaryImageOfPage\":{\"@id\":\"https:\\\/\\\/patagoniambiental.com.ar\\\/info\\\/san-carlos-de-bariloche-se-realizo-el-curso-de-busqueda-y-rescate-de-victimas-en-avalanchas-con-perros-en-cerro-catedral\\\/#primaryimage\"},\"image\":{\"@id\":\"https:\\\/\\\/patagoniambiental.com.ar\\\/info\\\/san-carlos-de-bariloche-se-realizo-el-curso-de-busqueda-y-rescate-de-victimas-en-avalanchas-con-perros-en-cerro-catedral\\\/#primaryimage\"},\"thumbnailUrl\":\"https:\\\/\\\/patagoniambiental.com.ar\\\/info\\\/wp-content\\\/uploads\\\/2017\\\/08\\\/nofoto.jpg\",\"datePublished\":\"2017-08-11T22:00:00+00:00\",\"breadcrumb\":{\"@id\":\"https:\\\/\\\/patagoniambiental.com.ar\\\/info\\\/san-carlos-de-bariloche-se-realizo-el-curso-de-busqueda-y-rescate-de-victimas-en-avalanchas-con-perros-en-cerro-catedral\\\/#breadcrumb\"},\"inLanguage\":\"es\",\"potentialAction\":[{\"@type\":\"ReadAction\",\"target\":[\"https:\\\/\\\/patagoniambiental.com.ar\\\/info\\\/san-carlos-de-bariloche-se-realizo-el-curso-de-busqueda-y-rescate-de-victimas-en-avalanchas-con-perros-en-cerro-catedral\\\/\"]}]},{\"@type\":\"ImageObject\",\"inLanguage\":\"es\",\"@id\":\"https:\\\/\\\/patagoniambiental.com.ar\\\/info\\\/san-carlos-de-bariloche-se-realizo-el-curso-de-busqueda-y-rescate-de-victimas-en-avalanchas-con-perros-en-cerro-catedral\\\/#primaryimage\",\"url\":\"https:\\\/\\\/patagoniambiental.com.ar\\\/info\\\/wp-content\\\/uploads\\\/2017\\\/08\\\/nofoto.jpg\",\"contentUrl\":\"https:\\\/\\\/patagoniambiental.com.ar\\\/info\\\/wp-content\\\/uploads\\\/2017\\\/08\\\/nofoto.jpg\",\"width\":924,\"height\":616},{\"@type\":\"BreadcrumbList\",\"@id\":\"https:\\\/\\\/patagoniambiental.com.ar\\\/info\\\/san-carlos-de-bariloche-se-realizo-el-curso-de-busqueda-y-rescate-de-victimas-en-avalanchas-con-perros-en-cerro-catedral\\\/#breadcrumb\",\"itemListElement\":[{\"@type\":\"ListItem\",\"position\":1,\"name\":\"Inicio\",\"item\":\"https:\\\/\\\/patagoniambiental.com.ar\\\/info\\\/\"},{\"@type\":\"ListItem\",\"position\":2,\"name\":\"San Carlos de Bariloche Se realiz\u00f3 el curso de b\u00fasqueda y rescate de v\u00edctimas en avalanchas con perros en Cerro Catedral\u00a0\"}]},{\"@type\":\"WebSite\",\"@id\":\"https:\\\/\\\/patagoniambiental.com.ar\\\/info\\\/#website\",\"url\":\"https:\\\/\\\/patagoniambiental.com.ar\\\/info\\\/\",\"name\":\"Patagonia Ambiental\",\"description\":\"Monitoreo y an\u00e1lisis de la situaci\u00f3n geopol\u00edtica en el mundo y su implicancia en la Patagonia\",\"publisher\":{\"@id\":\"https:\\\/\\\/patagoniambiental.com.ar\\\/info\\\/#organization\"},\"potentialAction\":[{\"@type\":\"SearchAction\",\"target\":{\"@type\":\"EntryPoint\",\"urlTemplate\":\"https:\\\/\\\/patagoniambiental.com.ar\\\/info\\\/?s={search_term_string}\"},\"query-input\":{\"@type\":\"PropertyValueSpecification\",\"valueRequired\":true,\"valueName\":\"search_term_string\"}}],\"inLanguage\":\"es\"},{\"@type\":\"Organization\",\"@id\":\"https:\\\/\\\/patagoniambiental.com.ar\\\/info\\\/#organization\",\"name\":\"Patagonia Ambiental\",\"url\":\"https:\\\/\\\/patagoniambiental.com.ar\\\/info\\\/\",\"logo\":{\"@type\":\"ImageObject\",\"inLanguage\":\"es\",\"@id\":\"https:\\\/\\\/patagoniambiental.com.ar\\\/info\\\/#\\\/schema\\\/logo\\\/image\\\/\",\"url\":\"https:\\\/\\\/patagoniambiental.com.ar\\\/info\\\/wp-content\\\/uploads\\\/2025\\\/05\\\/LOGO-PATAGONIA-AMBIENTAL.png\",\"contentUrl\":\"https:\\\/\\\/patagoniambiental.com.ar\\\/info\\\/wp-content\\\/uploads\\\/2025\\\/05\\\/LOGO-PATAGONIA-AMBIENTAL.png\",\"width\":433,\"height\":250,\"caption\":\"Patagonia Ambiental\"},\"image\":{\"@id\":\"https:\\\/\\\/patagoniambiental.com.ar\\\/info\\\/#\\\/schema\\\/logo\\\/image\\\/\"},\"sameAs\":[\"https:\\\/\\\/www.facebook.com\\\/patagonia.ambiental\",\"https:\\\/\\\/x.com\\\/PatAmb\"]},{\"@type\":\"Person\",\"@id\":\"https:\\\/\\\/patagoniambiental.com.ar\\\/info\\\/#\\\/schema\\\/person\\\/db12bff64bbcbf6a253710bf0ea37b5d\",\"name\":\"Patagonia Ambiental\",\"description\":\"Andr\u00e9s Nievas T\u00e9cnico en manejo ambiental, consultor Ambiental y escritor para medios locales e internacionales sobre temas de geopolitica y medio ambiente.\",\"sameAs\":[\"http:\\\/\\\/www.patagoniambiental.com.ar\",\"https:\\\/\\\/www.facebook.com\\\/share\\\/1C1V8Gv9BX\\\/?mibextid=qi2Omg\",\"@patagoniambiental\",\"https:\\\/\\\/youtube.com\\\/@patagoniaambiental2023?si=BLt58t0wuXquxlYZ\"]}]}<\/script>\n<!-- \/ Yoast SEO Premium plugin. -->","yoast_head_json":{"title":"San Carlos de Bariloche Se realiz\u00f3 el curso de b\u00fasqueda y rescate de v\u00edctimas en avalanchas con perros en Cerro Catedral\u00a0","robots":{"index":"index","follow":"follow","max-snippet":"max-snippet:-1","max-image-preview":"max-image-preview:large","max-video-preview":"max-video-preview:-1"},"canonical":"https:\/\/patagoniambiental.com.ar\/info\/san-carlos-de-bariloche-se-realizo-el-curso-de-busqueda-y-rescate-de-victimas-en-avalanchas-con-perros-en-cerro-catedral\/","og_locale":"es_ES","og_type":"article","og_title":"San Carlos de Bariloche Se realiz\u00f3 el curso de b\u00fasqueda y rescate de v\u00edctimas en avalanchas con perros en Cerro Catedral\u00a0","og_description":"Bariloche.-La capacitaci\u00f3n, que cont\u00f3 con la presencia de 35 personas de diferentes ciudades del pa\u00eds,\u00a0\u00a0fue organizado por la ONG argentina [&hellip;]","og_url":"https:\/\/patagoniambiental.com.ar\/info\/san-carlos-de-bariloche-se-realizo-el-curso-de-busqueda-y-rescate-de-victimas-en-avalanchas-con-perros-en-cerro-catedral\/","og_site_name":"Patagonia Ambiental","article_publisher":"https:\/\/www.facebook.com\/patagonia.ambiental","article_author":"https:\/\/www.facebook.com\/share\/1C1V8Gv9BX\/?mibextid=qi2Omg","article_published_time":"2017-08-11T22:00:00+00:00","og_image":[{"width":924,"height":616,"url":"https:\/\/patagoniambiental.com.ar\/info\/wp-content\/uploads\/2017\/08\/nofoto.jpg","type":"image\/jpeg"}],"author":"Patagonia Ambiental","twitter_card":"summary_large_image","twitter_creator":"@PatAmb","twitter_site":"@PatAmb","schema":{"@context":"https:\/\/schema.org","@graph":[{"@type":"Article","@id":"https:\/\/patagoniambiental.com.ar\/info\/san-carlos-de-bariloche-se-realizo-el-curso-de-busqueda-y-rescate-de-victimas-en-avalanchas-con-perros-en-cerro-catedral\/#article","isPartOf":{"@id":"https:\/\/patagoniambiental.com.ar\/info\/san-carlos-de-bariloche-se-realizo-el-curso-de-busqueda-y-rescate-de-victimas-en-avalanchas-con-perros-en-cerro-catedral\/"},"author":{"name":"Patagonia Ambiental","@id":"https:\/\/patagoniambiental.com.ar\/info\/#\/schema\/person\/db12bff64bbcbf6a253710bf0ea37b5d"},"headline":"San Carlos de Bariloche Se realiz\u00f3 el curso de b\u00fasqueda y rescate de v\u00edctimas en avalanchas con perros en Cerro Catedral\u00a0","datePublished":"2017-08-11T22:00:00+00:00","mainEntityOfPage":{"@id":"https:\/\/patagoniambiental.com.ar\/info\/san-carlos-de-bariloche-se-realizo-el-curso-de-busqueda-y-rescate-de-victimas-en-avalanchas-con-perros-en-cerro-catedral\/"},"wordCount":282,"commentCount":0,"publisher":{"@id":"https:\/\/patagoniambiental.com.ar\/info\/#organization"},"image":{"@id":"https:\/\/patagoniambiental.com.ar\/info\/san-carlos-de-bariloche-se-realizo-el-curso-de-busqueda-y-rescate-de-victimas-en-avalanchas-con-perros-en-cerro-catedral\/#primaryimage"},"thumbnailUrl":"https:\/\/patagoniambiental.com.ar\/info\/wp-content\/uploads\/2017\/08\/nofoto.jpg","articleSection":["Agenda Ambiental","Noticias"],"inLanguage":"es","potentialAction":[{"@type":"CommentAction","name":"Comment","target":["https:\/\/patagoniambiental.com.ar\/info\/san-carlos-de-bariloche-se-realizo-el-curso-de-busqueda-y-rescate-de-victimas-en-avalanchas-con-perros-en-cerro-catedral\/#respond"]}]},{"@type":"WebPage","@id":"https:\/\/patagoniambiental.com.ar\/info\/san-carlos-de-bariloche-se-realizo-el-curso-de-busqueda-y-rescate-de-victimas-en-avalanchas-con-perros-en-cerro-catedral\/","url":"https:\/\/patagoniambiental.com.ar\/info\/san-carlos-de-bariloche-se-realizo-el-curso-de-busqueda-y-rescate-de-victimas-en-avalanchas-con-perros-en-cerro-catedral\/","name":"San Carlos de Bariloche Se realiz\u00f3 el curso de b\u00fasqueda y rescate de v\u00edctimas en avalanchas con perros en Cerro Catedral\u00a0","isPartOf":{"@id":"https:\/\/patagoniambiental.com.ar\/info\/#website"},"primaryImageOfPage":{"@id":"https:\/\/patagoniambiental.com.ar\/info\/san-carlos-de-bariloche-se-realizo-el-curso-de-busqueda-y-rescate-de-victimas-en-avalanchas-con-perros-en-cerro-catedral\/#primaryimage"},"image":{"@id":"https:\/\/patagoniambiental.com.ar\/info\/san-carlos-de-bariloche-se-realizo-el-curso-de-busqueda-y-rescate-de-victimas-en-avalanchas-con-perros-en-cerro-catedral\/#primaryimage"},"thumbnailUrl":"https:\/\/patagoniambiental.com.ar\/info\/wp-content\/uploads\/2017\/08\/nofoto.jpg","datePublished":"2017-08-11T22:00:00+00:00","breadcrumb":{"@id":"https:\/\/patagoniambiental.com.ar\/info\/san-carlos-de-bariloche-se-realizo-el-curso-de-busqueda-y-rescate-de-victimas-en-avalanchas-con-perros-en-cerro-catedral\/#breadcrumb"},"inLanguage":"es","potentialAction":[{"@type":"ReadAction","target":["https:\/\/patagoniambiental.com.ar\/info\/san-carlos-de-bariloche-se-realizo-el-curso-de-busqueda-y-rescate-de-victimas-en-avalanchas-con-perros-en-cerro-catedral\/"]}]},{"@type":"ImageObject","inLanguage":"es","@id":"https:\/\/patagoniambiental.com.ar\/info\/san-carlos-de-bariloche-se-realizo-el-curso-de-busqueda-y-rescate-de-victimas-en-avalanchas-con-perros-en-cerro-catedral\/#primaryimage","url":"https:\/\/patagoniambiental.com.ar\/info\/wp-content\/uploads\/2017\/08\/nofoto.jpg","contentUrl":"https:\/\/patagoniambiental.com.ar\/info\/wp-content\/uploads\/2017\/08\/nofoto.jpg","width":924,"height":616},{"@type":"BreadcrumbList","@id":"https:\/\/patagoniambiental.com.ar\/info\/san-carlos-de-bariloche-se-realizo-el-curso-de-busqueda-y-rescate-de-victimas-en-avalanchas-con-perros-en-cerro-catedral\/#breadcrumb","itemListElement":[{"@type":"ListItem","position":1,"name":"Inicio","item":"https:\/\/patagoniambiental.com.ar\/info\/"},{"@type":"ListItem","position":2,"name":"San Carlos de Bariloche Se realiz\u00f3 el curso de b\u00fasqueda y rescate de v\u00edctimas en avalanchas con perros en Cerro Catedral\u00a0"}]},{"@type":"WebSite","@id":"https:\/\/patagoniambiental.com.ar\/info\/#website","url":"https:\/\/patagoniambiental.com.ar\/info\/","name":"Patagonia Ambiental","description":"Monitoreo y an\u00e1lisis de la situaci\u00f3n geopol\u00edtica en el mundo y su implicancia en la Patagonia","publisher":{"@id":"https:\/\/patagoniambiental.com.ar\/info\/#organization"},"potentialAction":[{"@type":"SearchAction","target":{"@type":"EntryPoint","urlTemplate":"https:\/\/patagoniambiental.com.ar\/info\/?s={search_term_string}"},"query-input":{"@type":"PropertyValueSpecification","valueRequired":true,"valueName":"search_term_string"}}],"inLanguage":"es"},{"@type":"Organization","@id":"https:\/\/patagoniambiental.com.ar\/info\/#organization","name":"Patagonia Ambiental","url":"https:\/\/patagoniambiental.com.ar\/info\/","logo":{"@type":"ImageObject","inLanguage":"es","@id":"https:\/\/patagoniambiental.com.ar\/info\/#\/schema\/logo\/image\/","url":"https:\/\/patagoniambiental.com.ar\/info\/wp-content\/uploads\/2025\/05\/LOGO-PATAGONIA-AMBIENTAL.png","contentUrl":"https:\/\/patagoniambiental.com.ar\/info\/wp-content\/uploads\/2025\/05\/LOGO-PATAGONIA-AMBIENTAL.png","width":433,"height":250,"caption":"Patagonia Ambiental"},"image":{"@id":"https:\/\/patagoniambiental.com.ar\/info\/#\/schema\/logo\/image\/"},"sameAs":["https:\/\/www.facebook.com\/patagonia.ambiental","https:\/\/x.com\/PatAmb"]},{"@type":"Person","@id":"https:\/\/patagoniambiental.com.ar\/info\/#\/schema\/person\/db12bff64bbcbf6a253710bf0ea37b5d","name":"Patagonia Ambiental","description":"Andr\u00e9s Nievas T\u00e9cnico en manejo ambiental, consultor Ambiental y escritor para medios locales e internacionales sobre temas de geopolitica y medio ambiente.","sameAs":["http:\/\/www.patagoniambiental.com.ar","https:\/\/www.facebook.com\/share\/1C1V8Gv9BX\/?mibextid=qi2Omg","@patagoniambiental","https:\/\/youtube.com\/@patagoniaambiental2023?si=BLt58t0wuXquxlYZ"]}]}},"_links":{"self":[{"href":"https:\/\/patagoniambiental.com.ar\/info\/wp-json\/wp\/v2\/posts\/33122","targetHints":{"allow":["GET"]}}],"collection":[{"href":"https:\/\/patagoniambiental.com.ar\/info\/wp-json\/wp\/v2\/posts"}],"about":[{"href":"https:\/\/patagoniambiental.com.ar\/info\/wp-json\/wp\/v2\/types\/post"}],"author":[{"embeddable":true,"href":"https:\/\/patagoniambiental.com.ar\/info\/wp-json\/wp\/v2\/users\/2"}],"replies":[{"embeddable":true,"href":"https:\/\/patagoniambiental.com.ar\/info\/wp-json\/wp\/v2\/comments?post=33122"}],"version-history":[{"count":0,"href":"https:\/\/patagoniambiental.com.ar\/info\/wp-json\/wp\/v2\/posts\/33122\/revisions"}],"wp:featuredmedia":[{"embeddable":true,"href":"https:\/\/patagoniambiental.com.ar\/info\/wp-json\/wp\/v2\/media\/32887"}],"wp:attachment":[{"href":"https:\/\/patagoniambiental.com.ar\/info\/wp-json\/wp\/v2\/media?parent=33122"}],"wp:term":[{"taxonomy":"category","embeddable":true,"href":"https:\/\/patagoniambiental.com.ar\/info\/wp-json\/wp\/v2\/categories?post=33122"},{"taxonomy":"post_tag","embeddable":true,"href":"https:\/\/patagoniambiental.com.ar\/info\/wp-json\/wp\/v2\/tags?post=33122"}],"curies":[{"name":"wp","href":"https:\/\/api.w.org\/{rel}","templated":true}]}}