{"id":33165,"date":"2017-08-14T09:00:38","date_gmt":"2017-08-14T12:00:38","guid":{"rendered":"http:\/\/patagoniambiental.com.ar\/info\/?p=33165"},"modified":"2017-08-11T16:28:27","modified_gmt":"2017-08-11T19:28:27","slug":"esta-en-nuestras-manos-tener-un-chile-mejor-preparado-para-los-efectos-del-cambio-climatico-michelle-bachelet","status":"publish","type":"post","link":"https:\/\/patagoniambiental.com.ar\/info\/esta-en-nuestras-manos-tener-un-chile-mejor-preparado-para-los-efectos-del-cambio-climatico-michelle-bachelet\/","title":{"rendered":"\u201cEst\u00e1 en nuestras manos tener un Chile mejor preparado para los efectos del cambio clim\u00e1tico\u201d. Michelle Bachelet"},"content":{"rendered":"<div class=\"itemIntroText\">\n<p>As\u00ed lo afirm\u00f3 la Mandataria en la presentaci\u00f3n del Plan de Acci\u00f3n Nacional que aborda este fen\u00f3meno desde la adaptaci\u00f3n, mitigaci\u00f3n, medios de implementaci\u00f3n y gesti\u00f3n del Cambio Clim\u00e1tico a nivel regional y comunal, a trav\u00e9s de 16 objetivos espec\u00edficos y 30 l\u00edneas de acci\u00f3n, que se materializan en 96 medidas.<\/p>\n<\/div>\n<div class=\"itemFullText\">\n<p>Hasta el Embalse Los Aromos, en Limache, lleg\u00f3 la Presidenta de la Rep\u00fablica, Michelle Bachelet, junto a los ministros del Medio Ambiente, Marcelo Mena, y de Obras P\u00fablicas, Alberto Undurraga, para presentar el Plan de Acci\u00f3n Nacional de Cambio Clim\u00e1tico (PANCC), el cual responde a una promesa del Programa de Gobierno y a dar cumplimiento a los compromisos adquiridos en el Acuerdo de Paris, que comprenden una reducci\u00f3n de las emisiones de CO2 en 30% al 2030; fomentar energ\u00edas renovables no convencionales; impulsar una ley de eficiencia energ\u00e9tica; reforestar 100 mil hect\u00e1reas de bosque, principalmente nativo; desarrollar planes de descontaminaci\u00f3n atmosf\u00e9rica; e implementar impuestos verdes a las emisiones para industrias y autom\u00f3viles.<\/p>\n<p>\u201cEl cambio clim\u00e1tico es, tal vez, el mayor reto que enfrenta la humanidad, por sus efectos devastadores, por sus implicancias, que son planetarias; adem\u00e1s y, sobre todo, porque cuanto estamos hablando de da\u00f1os, estamos hablando de da\u00f1os que, en su mayor\u00eda, son m\u00e1s bien irreversibles\u201d, se\u00f1al\u00f3 la Gobernante. Y agreg\u00f3 que \u201cen Chile sabemos esto y a un costo alt\u00edsimo. Los r\u00e9cords en lluvia, sequ\u00eda, incendios, altas temperaturas, no son fen\u00f3menos que vemos a la distancia: son efectos que nos golpean directamente en la agricultura o la ganader\u00eda, en la desertificaci\u00f3n que avanza o en los glaciares que retroceden, en las violentas marejadas, que adem\u00e1s han destruido parte importante no s\u00f3lo de la costa y el borde costero, tambi\u00e9n el borde marino, en la alteraci\u00f3n de su ecosistema. Entonces, ha tenido un da\u00f1o importante en las vidas humanas y tambi\u00e9n animales\u201d.<\/p>\n<p>El Plan de Acci\u00f3n Nacional de Cambio Clim\u00e1tico cuenta con 16 objetivos espec\u00edficos y 30 l\u00edneas de acci\u00f3n que se materializan en 96 medidas, divididas en cuatro ejes de acci\u00f3n: adaptaci\u00f3n, mitigaci\u00f3n, medios de implementaci\u00f3n y gesti\u00f3n del Cambio Clim\u00e1tico a nivel regional y comunal. En su elaboraci\u00f3n participaron 20 instituciones p\u00fablicas y se realiz\u00f3 una consulta ciudadana en la que se recogieron m\u00e1s de 1.200 observaciones.<\/p>\n<p>Entre las principales medidas, se elaborar\u00e1n nueve planes sectoriales de adaptaci\u00f3n al cambio clim\u00e1tico. De ellos, cuatro est\u00e1n implement\u00e1ndose: los del sector Silvoagropecuario, en Biodiversidad, para Pesca y Acuicultura y del sector Salud. Adem\u00e1s, se reforzar\u00e1 la red de estaciones de monitoreo de la Direcci\u00f3n Meteorol\u00f3gica de Chile, incorporando las principales variables clim\u00e1ticas, para desarrollar modelos predictivos y detectar de manera oportuna posibles amenazas, y se generar\u00e1n mapas de vulnerabilidad clim\u00e1tica, para apoyar toma de decisiones en los territorios.<\/p>\n<p>Asimismo, se llevar\u00e1n a cabo acciones de mitigaci\u00f3n, como la reducci\u00f3n del consumo de energ\u00eda en edificaciones, climatizaci\u00f3n y otros; el aumento de los est\u00e1ndares de eficiencia energ\u00e9tica en transporte y uso de buses menos contaminantes; y el incremento de la participaci\u00f3n de energ\u00edas renovables, entre otros. Tambi\u00e9n, se forestar\u00e1n 140.000 hect\u00e1reas, principalmente con especies nativas, se crear\u00e1 un C\u00f3digo de Construcci\u00f3n Sustentable para viviendas y se destinar\u00e1n m\u00e1s recursos para parques y plazas.<\/p>\n<p>En cuanto a los medios de implementaci\u00f3n, se elaborar\u00e1 un proyecto de ley que fortalezca la institucionalidad para el Cambio Clim\u00e1tico; un grupo permanente de expertos y representantes de todos los sectores, para proponer medidas concretas para enfrentar el fen\u00f3meno; una Pol\u00edtica sobre cambio clim\u00e1tico para el sector Defensa; un Comit\u00e9 Cient\u00edfico, para asesorar al Estado en la definici\u00f3n de pol\u00edticas en esta \u00e1rea; un Programa Nacional de Educaci\u00f3n en la materia; y que se incluya este enfoque en los fondos p\u00fablicos para investigaci\u00f3n cient\u00edfica del CONICYT.<\/p>\n<p>Y para la Gesti\u00f3n del Cambio Clim\u00e1tico a nivel regional y comunal,\u00a0se fomentar\u00e1 la investigaci\u00f3n en universidades y centros de investigaci\u00f3n locales\u00a0y se elaborar\u00e1n planes de acuerdo a la realidad de cada territorio para enfrentar los cambios clim\u00e1ticos de manera resiliente y sustentable, como por ejemplo para Isla de Pascua.<\/p>\n<\/div>\n<div class=\"clr\">\u00a0Fuente:\u00a0http:\/\/www.ramcc.net\/index.php?option=com_k2&amp;view=item&amp;id=3377:%E2%80%9Cest%C3%A1-en-nuestras-manos-tener-un-chile-mejor-preparado-para-los-efectos-del-cambio-clim%C3%A1tico%E2%80%9D-michelle-bachelet&amp;Itemid=499<\/div>\n","protected":false},"excerpt":{"rendered":"<p>As\u00ed lo afirm\u00f3 la Mandataria en la presentaci\u00f3n del Plan de Acci\u00f3n Nacional que aborda este fen\u00f3meno desde la adaptaci\u00f3n, [&hellip;]<\/p>\n","protected":false},"author":2,"featured_media":33167,"comment_status":"open","ping_status":"open","sticky":false,"template":"","format":"standard","meta":{"site-sidebar-layout":"default","site-content-layout":"","ast-site-content-layout":"default","site-content-style":"default","site-sidebar-style":"default","ast-global-header-display":"","ast-banner-title-visibility":"","ast-main-header-display":"","ast-hfb-above-header-display":"","ast-hfb-below-header-display":"","ast-hfb-mobile-header-display":"","site-post-title":"","ast-breadcrumbs-content":"","ast-featured-img":"","footer-sml-layout":"","ast-disable-related-posts":"","theme-transparent-header-meta":"","adv-header-id-meta":"","stick-header-meta":"","header-above-stick-meta":"","header-main-stick-meta":"","header-below-stick-meta":"","astra-migrate-meta-layouts":"default","ast-page-background-enabled":"default","ast-page-background-meta":{"desktop":{"background-color":"var(--ast-global-color-5)","background-image":"","background-repeat":"repeat","background-position":"center center","background-size":"auto","background-attachment":"scroll","background-type":"","background-media":"","overlay-type":"","overlay-color":"","overlay-opacity":"","overlay-gradient":""},"tablet":{"background-color":"","background-image":"","background-repeat":"repeat","background-position":"center center","background-size":"auto","background-attachment":"scroll","background-type":"","background-media":"","overlay-type":"","overlay-color":"","overlay-opacity":"","overlay-gradient":""},"mobile":{"background-color":"","background-image":"","background-repeat":"repeat","background-position":"center center","background-size":"auto","background-attachment":"scroll","background-type":"","background-media":"","overlay-type":"","overlay-color":"","overlay-opacity":"","overlay-gradient":""}},"ast-content-background-meta":{"desktop":{"background-color":"var(--ast-global-color-4)","background-image":"","background-repeat":"repeat","background-position":"center center","background-size":"auto","background-attachment":"scroll","background-type":"","background-media":"","overlay-type":"","overlay-color":"","overlay-opacity":"","overlay-gradient":""},"tablet":{"background-color":"var(--ast-global-color-4)","background-image":"","background-repeat":"repeat","background-position":"center center","background-size":"auto","background-attachment":"scroll","background-type":"","background-media":"","overlay-type":"","overlay-color":"","overlay-opacity":"","overlay-gradient":""},"mobile":{"background-color":"var(--ast-global-color-4)","background-image":"","background-repeat":"repeat","background-position":"center center","background-size":"auto","background-attachment":"scroll","background-type":"","background-media":"","overlay-type":"","overlay-color":"","overlay-opacity":"","overlay-gradient":""}},"footnotes":""},"categories":[23,1],"tags":[],"class_list":["post-33165","post","type-post","status-publish","format-standard","has-post-thumbnail","hentry","category-internacionales","category-noticias"],"yoast_head":"<!-- This site is optimized with the Yoast SEO Premium plugin v23.0 (Yoast SEO v27.4) - https:\/\/yoast.com\/product\/yoast-seo-premium-wordpress\/ -->\n<title>\u201cEst\u00e1 en nuestras manos tener un Chile mejor preparado para los efectos del cambio clim\u00e1tico\u201d. Michelle Bachelet<\/title>\n<meta name=\"robots\" content=\"index, follow, max-snippet:-1, max-image-preview:large, max-video-preview:-1\" \/>\n<link rel=\"canonical\" href=\"https:\/\/patagoniambiental.com.ar\/info\/esta-en-nuestras-manos-tener-un-chile-mejor-preparado-para-los-efectos-del-cambio-climatico-michelle-bachelet\/\" \/>\n<meta property=\"og:locale\" content=\"es_ES\" \/>\n<meta property=\"og:type\" content=\"article\" \/>\n<meta property=\"og:title\" content=\"\u201cEst\u00e1 en nuestras manos tener un Chile mejor preparado para los efectos del cambio clim\u00e1tico\u201d. Michelle Bachelet\" \/>\n<meta property=\"og:description\" content=\"As\u00ed lo afirm\u00f3 la Mandataria en la presentaci\u00f3n del Plan de Acci\u00f3n Nacional que aborda este fen\u00f3meno desde la adaptaci\u00f3n, [&hellip;]\" \/>\n<meta property=\"og:url\" content=\"https:\/\/patagoniambiental.com.ar\/info\/esta-en-nuestras-manos-tener-un-chile-mejor-preparado-para-los-efectos-del-cambio-climatico-michelle-bachelet\/\" \/>\n<meta property=\"og:site_name\" content=\"Patagonia Ambiental\" \/>\n<meta property=\"article:publisher\" content=\"https:\/\/www.facebook.com\/patagonia.ambiental\" \/>\n<meta property=\"article:author\" content=\"https:\/\/www.facebook.com\/share\/1C1V8Gv9BX\/?mibextid=qi2Omg\" \/>\n<meta property=\"article:published_time\" content=\"2017-08-14T12:00:38+00:00\" \/>\n<meta property=\"og:image\" content=\"https:\/\/patagoniambiental.com.ar\/info\/wp-content\/uploads\/2017\/08\/bachelet.jpg\" \/>\n\t<meta property=\"og:image:width\" content=\"600\" \/>\n\t<meta property=\"og:image:height\" content=\"420\" \/>\n\t<meta property=\"og:image:type\" content=\"image\/jpeg\" \/>\n<meta name=\"author\" content=\"Patagonia Ambiental\" \/>\n<meta name=\"twitter:card\" content=\"summary_large_image\" \/>\n<meta name=\"twitter:creator\" content=\"@PatAmb\" \/>\n<meta name=\"twitter:site\" content=\"@PatAmb\" \/>\n<script type=\"application\/ld+json\" class=\"yoast-schema-graph\">{\"@context\":\"https:\\\/\\\/schema.org\",\"@graph\":[{\"@type\":\"Article\",\"@id\":\"https:\\\/\\\/patagoniambiental.com.ar\\\/info\\\/esta-en-nuestras-manos-tener-un-chile-mejor-preparado-para-los-efectos-del-cambio-climatico-michelle-bachelet\\\/#article\",\"isPartOf\":{\"@id\":\"https:\\\/\\\/patagoniambiental.com.ar\\\/info\\\/esta-en-nuestras-manos-tener-un-chile-mejor-preparado-para-los-efectos-del-cambio-climatico-michelle-bachelet\\\/\"},\"author\":{\"name\":\"Patagonia Ambiental\",\"@id\":\"https:\\\/\\\/patagoniambiental.com.ar\\\/info\\\/#\\\/schema\\\/person\\\/db12bff64bbcbf6a253710bf0ea37b5d\"},\"headline\":\"\u201cEst\u00e1 en nuestras manos tener un Chile mejor preparado para los efectos del cambio clim\u00e1tico\u201d. Michelle Bachelet\",\"datePublished\":\"2017-08-14T12:00:38+00:00\",\"mainEntityOfPage\":{\"@id\":\"https:\\\/\\\/patagoniambiental.com.ar\\\/info\\\/esta-en-nuestras-manos-tener-un-chile-mejor-preparado-para-los-efectos-del-cambio-climatico-michelle-bachelet\\\/\"},\"wordCount\":797,\"commentCount\":0,\"publisher\":{\"@id\":\"https:\\\/\\\/patagoniambiental.com.ar\\\/info\\\/#organization\"},\"image\":{\"@id\":\"https:\\\/\\\/patagoniambiental.com.ar\\\/info\\\/esta-en-nuestras-manos-tener-un-chile-mejor-preparado-para-los-efectos-del-cambio-climatico-michelle-bachelet\\\/#primaryimage\"},\"thumbnailUrl\":\"https:\\\/\\\/patagoniambiental.com.ar\\\/info\\\/wp-content\\\/uploads\\\/2017\\\/08\\\/bachelet.jpg\",\"articleSection\":[\"Internacionales\",\"Noticias\"],\"inLanguage\":\"es\",\"potentialAction\":[{\"@type\":\"CommentAction\",\"name\":\"Comment\",\"target\":[\"https:\\\/\\\/patagoniambiental.com.ar\\\/info\\\/esta-en-nuestras-manos-tener-un-chile-mejor-preparado-para-los-efectos-del-cambio-climatico-michelle-bachelet\\\/#respond\"]}]},{\"@type\":\"WebPage\",\"@id\":\"https:\\\/\\\/patagoniambiental.com.ar\\\/info\\\/esta-en-nuestras-manos-tener-un-chile-mejor-preparado-para-los-efectos-del-cambio-climatico-michelle-bachelet\\\/\",\"url\":\"https:\\\/\\\/patagoniambiental.com.ar\\\/info\\\/esta-en-nuestras-manos-tener-un-chile-mejor-preparado-para-los-efectos-del-cambio-climatico-michelle-bachelet\\\/\",\"name\":\"\u201cEst\u00e1 en nuestras manos tener un Chile mejor preparado para los efectos del cambio clim\u00e1tico\u201d. Michelle Bachelet\",\"isPartOf\":{\"@id\":\"https:\\\/\\\/patagoniambiental.com.ar\\\/info\\\/#website\"},\"primaryImageOfPage\":{\"@id\":\"https:\\\/\\\/patagoniambiental.com.ar\\\/info\\\/esta-en-nuestras-manos-tener-un-chile-mejor-preparado-para-los-efectos-del-cambio-climatico-michelle-bachelet\\\/#primaryimage\"},\"image\":{\"@id\":\"https:\\\/\\\/patagoniambiental.com.ar\\\/info\\\/esta-en-nuestras-manos-tener-un-chile-mejor-preparado-para-los-efectos-del-cambio-climatico-michelle-bachelet\\\/#primaryimage\"},\"thumbnailUrl\":\"https:\\\/\\\/patagoniambiental.com.ar\\\/info\\\/wp-content\\\/uploads\\\/2017\\\/08\\\/bachelet.jpg\",\"datePublished\":\"2017-08-14T12:00:38+00:00\",\"breadcrumb\":{\"@id\":\"https:\\\/\\\/patagoniambiental.com.ar\\\/info\\\/esta-en-nuestras-manos-tener-un-chile-mejor-preparado-para-los-efectos-del-cambio-climatico-michelle-bachelet\\\/#breadcrumb\"},\"inLanguage\":\"es\",\"potentialAction\":[{\"@type\":\"ReadAction\",\"target\":[\"https:\\\/\\\/patagoniambiental.com.ar\\\/info\\\/esta-en-nuestras-manos-tener-un-chile-mejor-preparado-para-los-efectos-del-cambio-climatico-michelle-bachelet\\\/\"]}]},{\"@type\":\"ImageObject\",\"inLanguage\":\"es\",\"@id\":\"https:\\\/\\\/patagoniambiental.com.ar\\\/info\\\/esta-en-nuestras-manos-tener-un-chile-mejor-preparado-para-los-efectos-del-cambio-climatico-michelle-bachelet\\\/#primaryimage\",\"url\":\"https:\\\/\\\/patagoniambiental.com.ar\\\/info\\\/wp-content\\\/uploads\\\/2017\\\/08\\\/bachelet.jpg\",\"contentUrl\":\"https:\\\/\\\/patagoniambiental.com.ar\\\/info\\\/wp-content\\\/uploads\\\/2017\\\/08\\\/bachelet.jpg\",\"width\":600,\"height\":420},{\"@type\":\"BreadcrumbList\",\"@id\":\"https:\\\/\\\/patagoniambiental.com.ar\\\/info\\\/esta-en-nuestras-manos-tener-un-chile-mejor-preparado-para-los-efectos-del-cambio-climatico-michelle-bachelet\\\/#breadcrumb\",\"itemListElement\":[{\"@type\":\"ListItem\",\"position\":1,\"name\":\"Inicio\",\"item\":\"https:\\\/\\\/patagoniambiental.com.ar\\\/info\\\/\"},{\"@type\":\"ListItem\",\"position\":2,\"name\":\"\u201cEst\u00e1 en nuestras manos tener un Chile mejor preparado para los efectos del cambio clim\u00e1tico\u201d. Michelle Bachelet\"}]},{\"@type\":\"WebSite\",\"@id\":\"https:\\\/\\\/patagoniambiental.com.ar\\\/info\\\/#website\",\"url\":\"https:\\\/\\\/patagoniambiental.com.ar\\\/info\\\/\",\"name\":\"Patagonia Ambiental\",\"description\":\"Monitoreo y an\u00e1lisis de la situaci\u00f3n geopol\u00edtica en el mundo y su implicancia en la Patagonia\",\"publisher\":{\"@id\":\"https:\\\/\\\/patagoniambiental.com.ar\\\/info\\\/#organization\"},\"potentialAction\":[{\"@type\":\"SearchAction\",\"target\":{\"@type\":\"EntryPoint\",\"urlTemplate\":\"https:\\\/\\\/patagoniambiental.com.ar\\\/info\\\/?s={search_term_string}\"},\"query-input\":{\"@type\":\"PropertyValueSpecification\",\"valueRequired\":true,\"valueName\":\"search_term_string\"}}],\"inLanguage\":\"es\"},{\"@type\":\"Organization\",\"@id\":\"https:\\\/\\\/patagoniambiental.com.ar\\\/info\\\/#organization\",\"name\":\"Patagonia Ambiental\",\"url\":\"https:\\\/\\\/patagoniambiental.com.ar\\\/info\\\/\",\"logo\":{\"@type\":\"ImageObject\",\"inLanguage\":\"es\",\"@id\":\"https:\\\/\\\/patagoniambiental.com.ar\\\/info\\\/#\\\/schema\\\/logo\\\/image\\\/\",\"url\":\"https:\\\/\\\/patagoniambiental.com.ar\\\/info\\\/wp-content\\\/uploads\\\/2025\\\/05\\\/LOGO-PATAGONIA-AMBIENTAL.png\",\"contentUrl\":\"https:\\\/\\\/patagoniambiental.com.ar\\\/info\\\/wp-content\\\/uploads\\\/2025\\\/05\\\/LOGO-PATAGONIA-AMBIENTAL.png\",\"width\":433,\"height\":250,\"caption\":\"Patagonia Ambiental\"},\"image\":{\"@id\":\"https:\\\/\\\/patagoniambiental.com.ar\\\/info\\\/#\\\/schema\\\/logo\\\/image\\\/\"},\"sameAs\":[\"https:\\\/\\\/www.facebook.com\\\/patagonia.ambiental\",\"https:\\\/\\\/x.com\\\/PatAmb\"]},{\"@type\":\"Person\",\"@id\":\"https:\\\/\\\/patagoniambiental.com.ar\\\/info\\\/#\\\/schema\\\/person\\\/db12bff64bbcbf6a253710bf0ea37b5d\",\"name\":\"Patagonia Ambiental\",\"description\":\"Andr\u00e9s Nievas T\u00e9cnico en manejo ambiental, consultor Ambiental y escritor para medios locales e internacionales sobre temas de geopolitica y medio ambiente.\",\"sameAs\":[\"http:\\\/\\\/www.patagoniambiental.com.ar\",\"https:\\\/\\\/www.facebook.com\\\/share\\\/1C1V8Gv9BX\\\/?mibextid=qi2Omg\",\"@patagoniambiental\",\"https:\\\/\\\/youtube.com\\\/@patagoniaambiental2023?si=BLt58t0wuXquxlYZ\"]}]}<\/script>\n<!-- \/ Yoast SEO Premium plugin. -->","yoast_head_json":{"title":"\u201cEst\u00e1 en nuestras manos tener un Chile mejor preparado para los efectos del cambio clim\u00e1tico\u201d. Michelle Bachelet","robots":{"index":"index","follow":"follow","max-snippet":"max-snippet:-1","max-image-preview":"max-image-preview:large","max-video-preview":"max-video-preview:-1"},"canonical":"https:\/\/patagoniambiental.com.ar\/info\/esta-en-nuestras-manos-tener-un-chile-mejor-preparado-para-los-efectos-del-cambio-climatico-michelle-bachelet\/","og_locale":"es_ES","og_type":"article","og_title":"\u201cEst\u00e1 en nuestras manos tener un Chile mejor preparado para los efectos del cambio clim\u00e1tico\u201d. Michelle Bachelet","og_description":"As\u00ed lo afirm\u00f3 la Mandataria en la presentaci\u00f3n del Plan de Acci\u00f3n Nacional que aborda este fen\u00f3meno desde la adaptaci\u00f3n, [&hellip;]","og_url":"https:\/\/patagoniambiental.com.ar\/info\/esta-en-nuestras-manos-tener-un-chile-mejor-preparado-para-los-efectos-del-cambio-climatico-michelle-bachelet\/","og_site_name":"Patagonia Ambiental","article_publisher":"https:\/\/www.facebook.com\/patagonia.ambiental","article_author":"https:\/\/www.facebook.com\/share\/1C1V8Gv9BX\/?mibextid=qi2Omg","article_published_time":"2017-08-14T12:00:38+00:00","og_image":[{"width":600,"height":420,"url":"https:\/\/patagoniambiental.com.ar\/info\/wp-content\/uploads\/2017\/08\/bachelet.jpg","type":"image\/jpeg"}],"author":"Patagonia Ambiental","twitter_card":"summary_large_image","twitter_creator":"@PatAmb","twitter_site":"@PatAmb","schema":{"@context":"https:\/\/schema.org","@graph":[{"@type":"Article","@id":"https:\/\/patagoniambiental.com.ar\/info\/esta-en-nuestras-manos-tener-un-chile-mejor-preparado-para-los-efectos-del-cambio-climatico-michelle-bachelet\/#article","isPartOf":{"@id":"https:\/\/patagoniambiental.com.ar\/info\/esta-en-nuestras-manos-tener-un-chile-mejor-preparado-para-los-efectos-del-cambio-climatico-michelle-bachelet\/"},"author":{"name":"Patagonia Ambiental","@id":"https:\/\/patagoniambiental.com.ar\/info\/#\/schema\/person\/db12bff64bbcbf6a253710bf0ea37b5d"},"headline":"\u201cEst\u00e1 en nuestras manos tener un Chile mejor preparado para los efectos del cambio clim\u00e1tico\u201d. Michelle Bachelet","datePublished":"2017-08-14T12:00:38+00:00","mainEntityOfPage":{"@id":"https:\/\/patagoniambiental.com.ar\/info\/esta-en-nuestras-manos-tener-un-chile-mejor-preparado-para-los-efectos-del-cambio-climatico-michelle-bachelet\/"},"wordCount":797,"commentCount":0,"publisher":{"@id":"https:\/\/patagoniambiental.com.ar\/info\/#organization"},"image":{"@id":"https:\/\/patagoniambiental.com.ar\/info\/esta-en-nuestras-manos-tener-un-chile-mejor-preparado-para-los-efectos-del-cambio-climatico-michelle-bachelet\/#primaryimage"},"thumbnailUrl":"https:\/\/patagoniambiental.com.ar\/info\/wp-content\/uploads\/2017\/08\/bachelet.jpg","articleSection":["Internacionales","Noticias"],"inLanguage":"es","potentialAction":[{"@type":"CommentAction","name":"Comment","target":["https:\/\/patagoniambiental.com.ar\/info\/esta-en-nuestras-manos-tener-un-chile-mejor-preparado-para-los-efectos-del-cambio-climatico-michelle-bachelet\/#respond"]}]},{"@type":"WebPage","@id":"https:\/\/patagoniambiental.com.ar\/info\/esta-en-nuestras-manos-tener-un-chile-mejor-preparado-para-los-efectos-del-cambio-climatico-michelle-bachelet\/","url":"https:\/\/patagoniambiental.com.ar\/info\/esta-en-nuestras-manos-tener-un-chile-mejor-preparado-para-los-efectos-del-cambio-climatico-michelle-bachelet\/","name":"\u201cEst\u00e1 en nuestras manos tener un Chile mejor preparado para los efectos del cambio clim\u00e1tico\u201d. Michelle Bachelet","isPartOf":{"@id":"https:\/\/patagoniambiental.com.ar\/info\/#website"},"primaryImageOfPage":{"@id":"https:\/\/patagoniambiental.com.ar\/info\/esta-en-nuestras-manos-tener-un-chile-mejor-preparado-para-los-efectos-del-cambio-climatico-michelle-bachelet\/#primaryimage"},"image":{"@id":"https:\/\/patagoniambiental.com.ar\/info\/esta-en-nuestras-manos-tener-un-chile-mejor-preparado-para-los-efectos-del-cambio-climatico-michelle-bachelet\/#primaryimage"},"thumbnailUrl":"https:\/\/patagoniambiental.com.ar\/info\/wp-content\/uploads\/2017\/08\/bachelet.jpg","datePublished":"2017-08-14T12:00:38+00:00","breadcrumb":{"@id":"https:\/\/patagoniambiental.com.ar\/info\/esta-en-nuestras-manos-tener-un-chile-mejor-preparado-para-los-efectos-del-cambio-climatico-michelle-bachelet\/#breadcrumb"},"inLanguage":"es","potentialAction":[{"@type":"ReadAction","target":["https:\/\/patagoniambiental.com.ar\/info\/esta-en-nuestras-manos-tener-un-chile-mejor-preparado-para-los-efectos-del-cambio-climatico-michelle-bachelet\/"]}]},{"@type":"ImageObject","inLanguage":"es","@id":"https:\/\/patagoniambiental.com.ar\/info\/esta-en-nuestras-manos-tener-un-chile-mejor-preparado-para-los-efectos-del-cambio-climatico-michelle-bachelet\/#primaryimage","url":"https:\/\/patagoniambiental.com.ar\/info\/wp-content\/uploads\/2017\/08\/bachelet.jpg","contentUrl":"https:\/\/patagoniambiental.com.ar\/info\/wp-content\/uploads\/2017\/08\/bachelet.jpg","width":600,"height":420},{"@type":"BreadcrumbList","@id":"https:\/\/patagoniambiental.com.ar\/info\/esta-en-nuestras-manos-tener-un-chile-mejor-preparado-para-los-efectos-del-cambio-climatico-michelle-bachelet\/#breadcrumb","itemListElement":[{"@type":"ListItem","position":1,"name":"Inicio","item":"https:\/\/patagoniambiental.com.ar\/info\/"},{"@type":"ListItem","position":2,"name":"\u201cEst\u00e1 en nuestras manos tener un Chile mejor preparado para los efectos del cambio clim\u00e1tico\u201d. Michelle Bachelet"}]},{"@type":"WebSite","@id":"https:\/\/patagoniambiental.com.ar\/info\/#website","url":"https:\/\/patagoniambiental.com.ar\/info\/","name":"Patagonia Ambiental","description":"Monitoreo y an\u00e1lisis de la situaci\u00f3n geopol\u00edtica en el mundo y su implicancia en la Patagonia","publisher":{"@id":"https:\/\/patagoniambiental.com.ar\/info\/#organization"},"potentialAction":[{"@type":"SearchAction","target":{"@type":"EntryPoint","urlTemplate":"https:\/\/patagoniambiental.com.ar\/info\/?s={search_term_string}"},"query-input":{"@type":"PropertyValueSpecification","valueRequired":true,"valueName":"search_term_string"}}],"inLanguage":"es"},{"@type":"Organization","@id":"https:\/\/patagoniambiental.com.ar\/info\/#organization","name":"Patagonia Ambiental","url":"https:\/\/patagoniambiental.com.ar\/info\/","logo":{"@type":"ImageObject","inLanguage":"es","@id":"https:\/\/patagoniambiental.com.ar\/info\/#\/schema\/logo\/image\/","url":"https:\/\/patagoniambiental.com.ar\/info\/wp-content\/uploads\/2025\/05\/LOGO-PATAGONIA-AMBIENTAL.png","contentUrl":"https:\/\/patagoniambiental.com.ar\/info\/wp-content\/uploads\/2025\/05\/LOGO-PATAGONIA-AMBIENTAL.png","width":433,"height":250,"caption":"Patagonia Ambiental"},"image":{"@id":"https:\/\/patagoniambiental.com.ar\/info\/#\/schema\/logo\/image\/"},"sameAs":["https:\/\/www.facebook.com\/patagonia.ambiental","https:\/\/x.com\/PatAmb"]},{"@type":"Person","@id":"https:\/\/patagoniambiental.com.ar\/info\/#\/schema\/person\/db12bff64bbcbf6a253710bf0ea37b5d","name":"Patagonia Ambiental","description":"Andr\u00e9s Nievas T\u00e9cnico en manejo ambiental, consultor Ambiental y escritor para medios locales e internacionales sobre temas de geopolitica y medio ambiente.","sameAs":["http:\/\/www.patagoniambiental.com.ar","https:\/\/www.facebook.com\/share\/1C1V8Gv9BX\/?mibextid=qi2Omg","@patagoniambiental","https:\/\/youtube.com\/@patagoniaambiental2023?si=BLt58t0wuXquxlYZ"]}]}},"_links":{"self":[{"href":"https:\/\/patagoniambiental.com.ar\/info\/wp-json\/wp\/v2\/posts\/33165","targetHints":{"allow":["GET"]}}],"collection":[{"href":"https:\/\/patagoniambiental.com.ar\/info\/wp-json\/wp\/v2\/posts"}],"about":[{"href":"https:\/\/patagoniambiental.com.ar\/info\/wp-json\/wp\/v2\/types\/post"}],"author":[{"embeddable":true,"href":"https:\/\/patagoniambiental.com.ar\/info\/wp-json\/wp\/v2\/users\/2"}],"replies":[{"embeddable":true,"href":"https:\/\/patagoniambiental.com.ar\/info\/wp-json\/wp\/v2\/comments?post=33165"}],"version-history":[{"count":0,"href":"https:\/\/patagoniambiental.com.ar\/info\/wp-json\/wp\/v2\/posts\/33165\/revisions"}],"wp:featuredmedia":[{"embeddable":true,"href":"https:\/\/patagoniambiental.com.ar\/info\/wp-json\/wp\/v2\/media\/33167"}],"wp:attachment":[{"href":"https:\/\/patagoniambiental.com.ar\/info\/wp-json\/wp\/v2\/media?parent=33165"}],"wp:term":[{"taxonomy":"category","embeddable":true,"href":"https:\/\/patagoniambiental.com.ar\/info\/wp-json\/wp\/v2\/categories?post=33165"},{"taxonomy":"post_tag","embeddable":true,"href":"https:\/\/patagoniambiental.com.ar\/info\/wp-json\/wp\/v2\/tags?post=33165"}],"curies":[{"name":"wp","href":"https:\/\/api.w.org\/{rel}","templated":true}]}}