{"id":33185,"date":"2017-08-12T19:00:25","date_gmt":"2017-08-12T22:00:25","guid":{"rendered":"http:\/\/patagoniambiental.com.ar\/info\/?p=33185"},"modified":"2017-08-12T10:55:52","modified_gmt":"2017-08-12T13:55:52","slug":"la-concejal-colazo-presento-el-proyecto-de-creacion-del-programa-municipal-empleo-verde","status":"publish","type":"post","link":"https:\/\/patagoniambiental.com.ar\/info\/la-concejal-colazo-presento-el-proyecto-de-creacion-del-programa-municipal-empleo-verde\/","title":{"rendered":"La concejal Colazo present\u00f3 el proyecto de creaci\u00f3n del Programa Municipal \u201cEmpleo Verde\u201d"},"content":{"rendered":"<p class=\"titulo-noti1 encodeB\">Tierra del Fuego.-Este viernes se llev\u00f3 adelante la comisi\u00f3n de Turismo, Ecolog\u00eda, y Medio Ambiente que preside la concejal Colazo, mediante la cual la edil expuso ante los presentes el Programa \u201cEmpleo Verde\u201d, entendi\u00e9ndose como \u201cEmpleo Verde\u201d a todo aquel que incluya profesiones y oficios que colaboren con la minimizaci\u00f3n del impacto ambiental negativo y se generen en el marco de la sustentabilidad ambiental, econ\u00f3mica y social.<\/p>\n<p><!--more--><\/p>\n<div class=\"copete sofia\">\n<p>Al respecto la concejal Colazo se\u00f1alo que el\u00a0<span class=\"marker\">\u201cprincipal objetivo de este proyecto es poder generar nuevas oportunidades de trabajo para los vecinos<\/span>\u00a0de la ciudad en esta complicada situaci\u00f3n econ\u00f3mica que estamos viviendo, con lo cual present\u00e9 este proyecto que ya se utiliza en otros lugares del pa\u00eds, que tiene como fin crear un registro de empleos verdes\u201d.<\/p>\n<p>Puntualiz\u00f3 que los\u00a0<span class=\"marker\">\u201cempleos verdes son todas aquellas acciones que tienen un impacto ambiental que no es negativo, sino por el contrario significa una mejora al ambiente<\/span>, y sustentabilidad ambiental, econ\u00f3mica, y social, con lo cual lo que hicimos en esta reuni\u00f3n es presentar el proyecto en la comisi\u00f3n, siendo la idea seguir trabaj\u00e1ndolo y lograr el consenso para poder aprobarlo en la pr\u00f3xima sesi\u00f3n\u201d.<\/p>\n<p>La edil sostuvo que la idea es que se\u00a0<span class=\"marker\">\u201chaga un registro, es decir un estudio en todo R\u00edo Grande de todas estas oportunidades de generar empleos verdes, como por ejemplo puede ser la producci\u00f3n de alimentos,<\/span>\u00a0entonces lo que se tendr\u00eda que hacer es un estudio de cuales alimentos se pueden producir en R\u00edo Grande. Por ejemplo se estudia que los riograndenses consumimos determinados kilos de acelga, papa, cebolla, zanahoria, entonces todas esas son verduras que se pueden producir ac\u00e1, lo que decimos es que el empleo verde es la generaci\u00f3n de tantos kilos de acelga por ejemplo\u201d, dijo.<\/p>\n<p>Tambi\u00e9n es interesante el tema de los hongos donde\u00a0<span class=\"marker\">\u201ctenemos una oportunidad de empleo con el sustrato que nos da el aserr\u00edn de los aserraderos de Tolhuin, lo cual esto podr\u00eda transformarse en el sustrato de suelo para poder sembrar lo que son los hongos chih trac, que son bien pagados no solamente a nivel gastron\u00f3mico,\u00a0<\/span>sino tambi\u00e9n por los buques que vienen al puerto de Ushuaia, que adem\u00e1s vienen a buscar muchos productos frescos, como tambi\u00e9n lo es la lechuga, donde ya conocemos productores que lo hacen y venden. La idea es poner en valor estas oportunidades de trabajo, para que los riograndenses que quieran acceder a este registro que ser\u00e1 un listado que se va a publicar, puedan tener despu\u00e9s por parte del Municipio capacitaci\u00f3n, entrenamiento, acompa\u00f1amiento, y cr\u00e9ditos para poder arrancar con cada uno de estos proyectos\u201d.<\/p>\n<p>Asimismo Colazo agreg\u00f3 que\u00a0<span class=\"marker\">\u201ctambi\u00e9n se encuentra el tema del reciclado, de la fabricaci\u00f3n de ladrillos, materiales para la construcci\u00f3n a partir de residuos, el tema de los pallets<\/span>, donde un empleo verde ser\u00eda la fabricaci\u00f3n de pallets para la venta al p\u00fablico, ese ser\u00eda un ejemplo de empleo verde. En R\u00edo Grande hay un monto de ejemplos m\u00e1s, por lo cual creo que esto es una oportunidad para fomentar el desarrollo local, y para generar fuentes de trabajo genuina que se necesitan tanto en este momento \u201d.<\/p>\n<p>Finalmente remarc\u00f3 que \u201ces un proyecto sencillo, donde el Ejecutivo debe realizar este estudio, luego se debe remitir el registro al Concejo, y en la comisi\u00f3n se hizo hincapi\u00e9 en aquellos casos que se reutilice un material reciclado como puede ser el caso de los pallets, se respeten las condiciones ambientales, ya sea nacional, provincial, o municipal, no solamente para el cuidado del ambiente, sino tambi\u00e9n para el cuidado de las personas que vayan a realizar estos empleos.\u00a0<span class=\"marker\">Creemos que es un proyecto que es bueno, que sirve, que ya est\u00e1 comprobado su utilidad en otras ciudades, y vamos a insistir porque creemos que Tierra del Fuego tiene muchas oportunidades vinculadas al empleo sostenible\u201d.<\/span><\/p>\n<p>Fuente: Sur54<\/p>\n<\/div>\n","protected":false},"excerpt":{"rendered":"<p>Tierra del Fuego.-Este viernes se llev\u00f3 adelante la comisi\u00f3n de Turismo, Ecolog\u00eda, y Medio Ambiente que preside la concejal Colazo, [&hellip;]<\/p>\n","protected":false},"author":2,"featured_media":33186,"comment_status":"open","ping_status":"open","sticky":false,"template":"","format":"standard","meta":{"site-sidebar-layout":"default","site-content-layout":"","ast-site-content-layout":"default","site-content-style":"default","site-sidebar-style":"default","ast-global-header-display":"","ast-banner-title-visibility":"","ast-main-header-display":"","ast-hfb-above-header-display":"","ast-hfb-below-header-display":"","ast-hfb-mobile-header-display":"","site-post-title":"","ast-breadcrumbs-content":"","ast-featured-img":"","footer-sml-layout":"","ast-disable-related-posts":"","theme-transparent-header-meta":"","adv-header-id-meta":"","stick-header-meta":"","header-above-stick-meta":"","header-main-stick-meta":"","header-below-stick-meta":"","astra-migrate-meta-layouts":"default","ast-page-background-enabled":"default","ast-page-background-meta":{"desktop":{"background-color":"var(--ast-global-color-5)","background-image":"","background-repeat":"repeat","background-position":"center center","background-size":"auto","background-attachment":"scroll","background-type":"","background-media":"","overlay-type":"","overlay-color":"","overlay-opacity":"","overlay-gradient":""},"tablet":{"background-color":"","background-image":"","background-repeat":"repeat","background-position":"center center","background-size":"auto","background-attachment":"scroll","background-type":"","background-media":"","overlay-type":"","overlay-color":"","overlay-opacity":"","overlay-gradient":""},"mobile":{"background-color":"","background-image":"","background-repeat":"repeat","background-position":"center center","background-size":"auto","background-attachment":"scroll","background-type":"","background-media":"","overlay-type":"","overlay-color":"","overlay-opacity":"","overlay-gradient":""}},"ast-content-background-meta":{"desktop":{"background-color":"var(--ast-global-color-4)","background-image":"","background-repeat":"repeat","background-position":"center center","background-size":"auto","background-attachment":"scroll","background-type":"","background-media":"","overlay-type":"","overlay-color":"","overlay-opacity":"","overlay-gradient":""},"tablet":{"background-color":"var(--ast-global-color-4)","background-image":"","background-repeat":"repeat","background-position":"center center","background-size":"auto","background-attachment":"scroll","background-type":"","background-media":"","overlay-type":"","overlay-color":"","overlay-opacity":"","overlay-gradient":""},"mobile":{"background-color":"var(--ast-global-color-4)","background-image":"","background-repeat":"repeat","background-position":"center center","background-size":"auto","background-attachment":"scroll","background-type":"","background-media":"","overlay-type":"","overlay-color":"","overlay-opacity":"","overlay-gradient":""}},"footnotes":""},"categories":[16,1],"tags":[],"class_list":["post-33185","post","type-post","status-publish","format-standard","has-post-thumbnail","hentry","category-municipales","category-noticias"],"yoast_head":"<!-- This site is optimized with the Yoast SEO Premium plugin v23.0 (Yoast SEO v27.4) - https:\/\/yoast.com\/product\/yoast-seo-premium-wordpress\/ -->\n<title>La concejal Colazo present\u00f3 el proyecto de creaci\u00f3n del Programa Municipal \u201cEmpleo Verde\u201d<\/title>\n<meta name=\"robots\" content=\"index, follow, max-snippet:-1, max-image-preview:large, max-video-preview:-1\" \/>\n<link rel=\"canonical\" href=\"https:\/\/patagoniambiental.com.ar\/info\/la-concejal-colazo-presento-el-proyecto-de-creacion-del-programa-municipal-empleo-verde\/\" \/>\n<meta property=\"og:locale\" content=\"es_ES\" \/>\n<meta property=\"og:type\" content=\"article\" \/>\n<meta property=\"og:title\" content=\"La concejal Colazo present\u00f3 el proyecto de creaci\u00f3n del Programa Municipal \u201cEmpleo Verde\u201d\" \/>\n<meta property=\"og:description\" content=\"Tierra del Fuego.-Este viernes se llev\u00f3 adelante la comisi\u00f3n de Turismo, Ecolog\u00eda, y Medio Ambiente que preside la concejal Colazo, [&hellip;]\" \/>\n<meta property=\"og:url\" content=\"https:\/\/patagoniambiental.com.ar\/info\/la-concejal-colazo-presento-el-proyecto-de-creacion-del-programa-municipal-empleo-verde\/\" \/>\n<meta property=\"og:site_name\" content=\"Patagonia Ambiental\" \/>\n<meta property=\"article:publisher\" content=\"https:\/\/www.facebook.com\/patagonia.ambiental\" \/>\n<meta property=\"article:author\" content=\"https:\/\/www.facebook.com\/share\/1C1V8Gv9BX\/?mibextid=qi2Omg\" \/>\n<meta property=\"article:published_time\" content=\"2017-08-12T22:00:25+00:00\" \/>\n<meta property=\"og:image\" content=\"https:\/\/patagoniambiental.com.ar\/info\/wp-content\/uploads\/2017\/08\/2bee9c8a5d03a1878fe5654421b4e2d0-1000colazo_comision_empleoverde.jpg\" \/>\n\t<meta property=\"og:image:width\" content=\"1000\" \/>\n\t<meta property=\"og:image:height\" content=\"667\" \/>\n\t<meta property=\"og:image:type\" content=\"image\/jpeg\" \/>\n<meta name=\"author\" content=\"Patagonia Ambiental\" \/>\n<meta name=\"twitter:card\" content=\"summary_large_image\" \/>\n<meta name=\"twitter:creator\" content=\"@PatAmb\" \/>\n<meta name=\"twitter:site\" content=\"@PatAmb\" \/>\n<script type=\"application\/ld+json\" class=\"yoast-schema-graph\">{\"@context\":\"https:\\\/\\\/schema.org\",\"@graph\":[{\"@type\":\"Article\",\"@id\":\"https:\\\/\\\/patagoniambiental.com.ar\\\/info\\\/la-concejal-colazo-presento-el-proyecto-de-creacion-del-programa-municipal-empleo-verde\\\/#article\",\"isPartOf\":{\"@id\":\"https:\\\/\\\/patagoniambiental.com.ar\\\/info\\\/la-concejal-colazo-presento-el-proyecto-de-creacion-del-programa-municipal-empleo-verde\\\/\"},\"author\":{\"name\":\"Patagonia Ambiental\",\"@id\":\"https:\\\/\\\/patagoniambiental.com.ar\\\/info\\\/#\\\/schema\\\/person\\\/db12bff64bbcbf6a253710bf0ea37b5d\"},\"headline\":\"La concejal Colazo present\u00f3 el proyecto de creaci\u00f3n del Programa Municipal \u201cEmpleo Verde\u201d\",\"datePublished\":\"2017-08-12T22:00:25+00:00\",\"mainEntityOfPage\":{\"@id\":\"https:\\\/\\\/patagoniambiental.com.ar\\\/info\\\/la-concejal-colazo-presento-el-proyecto-de-creacion-del-programa-municipal-empleo-verde\\\/\"},\"wordCount\":691,\"commentCount\":0,\"publisher\":{\"@id\":\"https:\\\/\\\/patagoniambiental.com.ar\\\/info\\\/#organization\"},\"image\":{\"@id\":\"https:\\\/\\\/patagoniambiental.com.ar\\\/info\\\/la-concejal-colazo-presento-el-proyecto-de-creacion-del-programa-municipal-empleo-verde\\\/#primaryimage\"},\"thumbnailUrl\":\"https:\\\/\\\/patagoniambiental.com.ar\\\/info\\\/wp-content\\\/uploads\\\/2017\\\/08\\\/2bee9c8a5d03a1878fe5654421b4e2d0-1000colazo_comision_empleoverde.jpg\",\"articleSection\":[\"Municipales\",\"Noticias\"],\"inLanguage\":\"es\",\"potentialAction\":[{\"@type\":\"CommentAction\",\"name\":\"Comment\",\"target\":[\"https:\\\/\\\/patagoniambiental.com.ar\\\/info\\\/la-concejal-colazo-presento-el-proyecto-de-creacion-del-programa-municipal-empleo-verde\\\/#respond\"]}]},{\"@type\":\"WebPage\",\"@id\":\"https:\\\/\\\/patagoniambiental.com.ar\\\/info\\\/la-concejal-colazo-presento-el-proyecto-de-creacion-del-programa-municipal-empleo-verde\\\/\",\"url\":\"https:\\\/\\\/patagoniambiental.com.ar\\\/info\\\/la-concejal-colazo-presento-el-proyecto-de-creacion-del-programa-municipal-empleo-verde\\\/\",\"name\":\"La concejal Colazo present\u00f3 el proyecto de creaci\u00f3n del Programa Municipal \u201cEmpleo Verde\u201d\",\"isPartOf\":{\"@id\":\"https:\\\/\\\/patagoniambiental.com.ar\\\/info\\\/#website\"},\"primaryImageOfPage\":{\"@id\":\"https:\\\/\\\/patagoniambiental.com.ar\\\/info\\\/la-concejal-colazo-presento-el-proyecto-de-creacion-del-programa-municipal-empleo-verde\\\/#primaryimage\"},\"image\":{\"@id\":\"https:\\\/\\\/patagoniambiental.com.ar\\\/info\\\/la-concejal-colazo-presento-el-proyecto-de-creacion-del-programa-municipal-empleo-verde\\\/#primaryimage\"},\"thumbnailUrl\":\"https:\\\/\\\/patagoniambiental.com.ar\\\/info\\\/wp-content\\\/uploads\\\/2017\\\/08\\\/2bee9c8a5d03a1878fe5654421b4e2d0-1000colazo_comision_empleoverde.jpg\",\"datePublished\":\"2017-08-12T22:00:25+00:00\",\"breadcrumb\":{\"@id\":\"https:\\\/\\\/patagoniambiental.com.ar\\\/info\\\/la-concejal-colazo-presento-el-proyecto-de-creacion-del-programa-municipal-empleo-verde\\\/#breadcrumb\"},\"inLanguage\":\"es\",\"potentialAction\":[{\"@type\":\"ReadAction\",\"target\":[\"https:\\\/\\\/patagoniambiental.com.ar\\\/info\\\/la-concejal-colazo-presento-el-proyecto-de-creacion-del-programa-municipal-empleo-verde\\\/\"]}]},{\"@type\":\"ImageObject\",\"inLanguage\":\"es\",\"@id\":\"https:\\\/\\\/patagoniambiental.com.ar\\\/info\\\/la-concejal-colazo-presento-el-proyecto-de-creacion-del-programa-municipal-empleo-verde\\\/#primaryimage\",\"url\":\"https:\\\/\\\/patagoniambiental.com.ar\\\/info\\\/wp-content\\\/uploads\\\/2017\\\/08\\\/2bee9c8a5d03a1878fe5654421b4e2d0-1000colazo_comision_empleoverde.jpg\",\"contentUrl\":\"https:\\\/\\\/patagoniambiental.com.ar\\\/info\\\/wp-content\\\/uploads\\\/2017\\\/08\\\/2bee9c8a5d03a1878fe5654421b4e2d0-1000colazo_comision_empleoverde.jpg\",\"width\":1000,\"height\":667},{\"@type\":\"BreadcrumbList\",\"@id\":\"https:\\\/\\\/patagoniambiental.com.ar\\\/info\\\/la-concejal-colazo-presento-el-proyecto-de-creacion-del-programa-municipal-empleo-verde\\\/#breadcrumb\",\"itemListElement\":[{\"@type\":\"ListItem\",\"position\":1,\"name\":\"Inicio\",\"item\":\"https:\\\/\\\/patagoniambiental.com.ar\\\/info\\\/\"},{\"@type\":\"ListItem\",\"position\":2,\"name\":\"La concejal Colazo present\u00f3 el proyecto de creaci\u00f3n del Programa Municipal \u201cEmpleo Verde\u201d\"}]},{\"@type\":\"WebSite\",\"@id\":\"https:\\\/\\\/patagoniambiental.com.ar\\\/info\\\/#website\",\"url\":\"https:\\\/\\\/patagoniambiental.com.ar\\\/info\\\/\",\"name\":\"Patagonia Ambiental\",\"description\":\"Monitoreo y an\u00e1lisis de la situaci\u00f3n geopol\u00edtica en el mundo y su implicancia en la Patagonia\",\"publisher\":{\"@id\":\"https:\\\/\\\/patagoniambiental.com.ar\\\/info\\\/#organization\"},\"potentialAction\":[{\"@type\":\"SearchAction\",\"target\":{\"@type\":\"EntryPoint\",\"urlTemplate\":\"https:\\\/\\\/patagoniambiental.com.ar\\\/info\\\/?s={search_term_string}\"},\"query-input\":{\"@type\":\"PropertyValueSpecification\",\"valueRequired\":true,\"valueName\":\"search_term_string\"}}],\"inLanguage\":\"es\"},{\"@type\":\"Organization\",\"@id\":\"https:\\\/\\\/patagoniambiental.com.ar\\\/info\\\/#organization\",\"name\":\"Patagonia Ambiental\",\"url\":\"https:\\\/\\\/patagoniambiental.com.ar\\\/info\\\/\",\"logo\":{\"@type\":\"ImageObject\",\"inLanguage\":\"es\",\"@id\":\"https:\\\/\\\/patagoniambiental.com.ar\\\/info\\\/#\\\/schema\\\/logo\\\/image\\\/\",\"url\":\"https:\\\/\\\/patagoniambiental.com.ar\\\/info\\\/wp-content\\\/uploads\\\/2025\\\/05\\\/LOGO-PATAGONIA-AMBIENTAL.png\",\"contentUrl\":\"https:\\\/\\\/patagoniambiental.com.ar\\\/info\\\/wp-content\\\/uploads\\\/2025\\\/05\\\/LOGO-PATAGONIA-AMBIENTAL.png\",\"width\":433,\"height\":250,\"caption\":\"Patagonia Ambiental\"},\"image\":{\"@id\":\"https:\\\/\\\/patagoniambiental.com.ar\\\/info\\\/#\\\/schema\\\/logo\\\/image\\\/\"},\"sameAs\":[\"https:\\\/\\\/www.facebook.com\\\/patagonia.ambiental\",\"https:\\\/\\\/x.com\\\/PatAmb\"]},{\"@type\":\"Person\",\"@id\":\"https:\\\/\\\/patagoniambiental.com.ar\\\/info\\\/#\\\/schema\\\/person\\\/db12bff64bbcbf6a253710bf0ea37b5d\",\"name\":\"Patagonia Ambiental\",\"description\":\"Andr\u00e9s Nievas T\u00e9cnico en manejo ambiental, consultor Ambiental y escritor para medios locales e internacionales sobre temas de geopolitica y medio ambiente.\",\"sameAs\":[\"http:\\\/\\\/www.patagoniambiental.com.ar\",\"https:\\\/\\\/www.facebook.com\\\/share\\\/1C1V8Gv9BX\\\/?mibextid=qi2Omg\",\"@patagoniambiental\",\"https:\\\/\\\/youtube.com\\\/@patagoniaambiental2023?si=BLt58t0wuXquxlYZ\"]}]}<\/script>\n<!-- \/ Yoast SEO Premium plugin. -->","yoast_head_json":{"title":"La concejal Colazo present\u00f3 el proyecto de creaci\u00f3n del Programa Municipal \u201cEmpleo Verde\u201d","robots":{"index":"index","follow":"follow","max-snippet":"max-snippet:-1","max-image-preview":"max-image-preview:large","max-video-preview":"max-video-preview:-1"},"canonical":"https:\/\/patagoniambiental.com.ar\/info\/la-concejal-colazo-presento-el-proyecto-de-creacion-del-programa-municipal-empleo-verde\/","og_locale":"es_ES","og_type":"article","og_title":"La concejal Colazo present\u00f3 el proyecto de creaci\u00f3n del Programa Municipal \u201cEmpleo Verde\u201d","og_description":"Tierra del Fuego.-Este viernes se llev\u00f3 adelante la comisi\u00f3n de Turismo, Ecolog\u00eda, y Medio Ambiente que preside la concejal Colazo, [&hellip;]","og_url":"https:\/\/patagoniambiental.com.ar\/info\/la-concejal-colazo-presento-el-proyecto-de-creacion-del-programa-municipal-empleo-verde\/","og_site_name":"Patagonia Ambiental","article_publisher":"https:\/\/www.facebook.com\/patagonia.ambiental","article_author":"https:\/\/www.facebook.com\/share\/1C1V8Gv9BX\/?mibextid=qi2Omg","article_published_time":"2017-08-12T22:00:25+00:00","og_image":[{"width":1000,"height":667,"url":"https:\/\/patagoniambiental.com.ar\/info\/wp-content\/uploads\/2017\/08\/2bee9c8a5d03a1878fe5654421b4e2d0-1000colazo_comision_empleoverde.jpg","type":"image\/jpeg"}],"author":"Patagonia Ambiental","twitter_card":"summary_large_image","twitter_creator":"@PatAmb","twitter_site":"@PatAmb","schema":{"@context":"https:\/\/schema.org","@graph":[{"@type":"Article","@id":"https:\/\/patagoniambiental.com.ar\/info\/la-concejal-colazo-presento-el-proyecto-de-creacion-del-programa-municipal-empleo-verde\/#article","isPartOf":{"@id":"https:\/\/patagoniambiental.com.ar\/info\/la-concejal-colazo-presento-el-proyecto-de-creacion-del-programa-municipal-empleo-verde\/"},"author":{"name":"Patagonia Ambiental","@id":"https:\/\/patagoniambiental.com.ar\/info\/#\/schema\/person\/db12bff64bbcbf6a253710bf0ea37b5d"},"headline":"La concejal Colazo present\u00f3 el proyecto de creaci\u00f3n del Programa Municipal \u201cEmpleo Verde\u201d","datePublished":"2017-08-12T22:00:25+00:00","mainEntityOfPage":{"@id":"https:\/\/patagoniambiental.com.ar\/info\/la-concejal-colazo-presento-el-proyecto-de-creacion-del-programa-municipal-empleo-verde\/"},"wordCount":691,"commentCount":0,"publisher":{"@id":"https:\/\/patagoniambiental.com.ar\/info\/#organization"},"image":{"@id":"https:\/\/patagoniambiental.com.ar\/info\/la-concejal-colazo-presento-el-proyecto-de-creacion-del-programa-municipal-empleo-verde\/#primaryimage"},"thumbnailUrl":"https:\/\/patagoniambiental.com.ar\/info\/wp-content\/uploads\/2017\/08\/2bee9c8a5d03a1878fe5654421b4e2d0-1000colazo_comision_empleoverde.jpg","articleSection":["Municipales","Noticias"],"inLanguage":"es","potentialAction":[{"@type":"CommentAction","name":"Comment","target":["https:\/\/patagoniambiental.com.ar\/info\/la-concejal-colazo-presento-el-proyecto-de-creacion-del-programa-municipal-empleo-verde\/#respond"]}]},{"@type":"WebPage","@id":"https:\/\/patagoniambiental.com.ar\/info\/la-concejal-colazo-presento-el-proyecto-de-creacion-del-programa-municipal-empleo-verde\/","url":"https:\/\/patagoniambiental.com.ar\/info\/la-concejal-colazo-presento-el-proyecto-de-creacion-del-programa-municipal-empleo-verde\/","name":"La concejal Colazo present\u00f3 el proyecto de creaci\u00f3n del Programa Municipal \u201cEmpleo Verde\u201d","isPartOf":{"@id":"https:\/\/patagoniambiental.com.ar\/info\/#website"},"primaryImageOfPage":{"@id":"https:\/\/patagoniambiental.com.ar\/info\/la-concejal-colazo-presento-el-proyecto-de-creacion-del-programa-municipal-empleo-verde\/#primaryimage"},"image":{"@id":"https:\/\/patagoniambiental.com.ar\/info\/la-concejal-colazo-presento-el-proyecto-de-creacion-del-programa-municipal-empleo-verde\/#primaryimage"},"thumbnailUrl":"https:\/\/patagoniambiental.com.ar\/info\/wp-content\/uploads\/2017\/08\/2bee9c8a5d03a1878fe5654421b4e2d0-1000colazo_comision_empleoverde.jpg","datePublished":"2017-08-12T22:00:25+00:00","breadcrumb":{"@id":"https:\/\/patagoniambiental.com.ar\/info\/la-concejal-colazo-presento-el-proyecto-de-creacion-del-programa-municipal-empleo-verde\/#breadcrumb"},"inLanguage":"es","potentialAction":[{"@type":"ReadAction","target":["https:\/\/patagoniambiental.com.ar\/info\/la-concejal-colazo-presento-el-proyecto-de-creacion-del-programa-municipal-empleo-verde\/"]}]},{"@type":"ImageObject","inLanguage":"es","@id":"https:\/\/patagoniambiental.com.ar\/info\/la-concejal-colazo-presento-el-proyecto-de-creacion-del-programa-municipal-empleo-verde\/#primaryimage","url":"https:\/\/patagoniambiental.com.ar\/info\/wp-content\/uploads\/2017\/08\/2bee9c8a5d03a1878fe5654421b4e2d0-1000colazo_comision_empleoverde.jpg","contentUrl":"https:\/\/patagoniambiental.com.ar\/info\/wp-content\/uploads\/2017\/08\/2bee9c8a5d03a1878fe5654421b4e2d0-1000colazo_comision_empleoverde.jpg","width":1000,"height":667},{"@type":"BreadcrumbList","@id":"https:\/\/patagoniambiental.com.ar\/info\/la-concejal-colazo-presento-el-proyecto-de-creacion-del-programa-municipal-empleo-verde\/#breadcrumb","itemListElement":[{"@type":"ListItem","position":1,"name":"Inicio","item":"https:\/\/patagoniambiental.com.ar\/info\/"},{"@type":"ListItem","position":2,"name":"La concejal Colazo present\u00f3 el proyecto de creaci\u00f3n del Programa Municipal \u201cEmpleo Verde\u201d"}]},{"@type":"WebSite","@id":"https:\/\/patagoniambiental.com.ar\/info\/#website","url":"https:\/\/patagoniambiental.com.ar\/info\/","name":"Patagonia Ambiental","description":"Monitoreo y an\u00e1lisis de la situaci\u00f3n geopol\u00edtica en el mundo y su implicancia en la Patagonia","publisher":{"@id":"https:\/\/patagoniambiental.com.ar\/info\/#organization"},"potentialAction":[{"@type":"SearchAction","target":{"@type":"EntryPoint","urlTemplate":"https:\/\/patagoniambiental.com.ar\/info\/?s={search_term_string}"},"query-input":{"@type":"PropertyValueSpecification","valueRequired":true,"valueName":"search_term_string"}}],"inLanguage":"es"},{"@type":"Organization","@id":"https:\/\/patagoniambiental.com.ar\/info\/#organization","name":"Patagonia Ambiental","url":"https:\/\/patagoniambiental.com.ar\/info\/","logo":{"@type":"ImageObject","inLanguage":"es","@id":"https:\/\/patagoniambiental.com.ar\/info\/#\/schema\/logo\/image\/","url":"https:\/\/patagoniambiental.com.ar\/info\/wp-content\/uploads\/2025\/05\/LOGO-PATAGONIA-AMBIENTAL.png","contentUrl":"https:\/\/patagoniambiental.com.ar\/info\/wp-content\/uploads\/2025\/05\/LOGO-PATAGONIA-AMBIENTAL.png","width":433,"height":250,"caption":"Patagonia Ambiental"},"image":{"@id":"https:\/\/patagoniambiental.com.ar\/info\/#\/schema\/logo\/image\/"},"sameAs":["https:\/\/www.facebook.com\/patagonia.ambiental","https:\/\/x.com\/PatAmb"]},{"@type":"Person","@id":"https:\/\/patagoniambiental.com.ar\/info\/#\/schema\/person\/db12bff64bbcbf6a253710bf0ea37b5d","name":"Patagonia Ambiental","description":"Andr\u00e9s Nievas T\u00e9cnico en manejo ambiental, consultor Ambiental y escritor para medios locales e internacionales sobre temas de geopolitica y medio ambiente.","sameAs":["http:\/\/www.patagoniambiental.com.ar","https:\/\/www.facebook.com\/share\/1C1V8Gv9BX\/?mibextid=qi2Omg","@patagoniambiental","https:\/\/youtube.com\/@patagoniaambiental2023?si=BLt58t0wuXquxlYZ"]}]}},"_links":{"self":[{"href":"https:\/\/patagoniambiental.com.ar\/info\/wp-json\/wp\/v2\/posts\/33185","targetHints":{"allow":["GET"]}}],"collection":[{"href":"https:\/\/patagoniambiental.com.ar\/info\/wp-json\/wp\/v2\/posts"}],"about":[{"href":"https:\/\/patagoniambiental.com.ar\/info\/wp-json\/wp\/v2\/types\/post"}],"author":[{"embeddable":true,"href":"https:\/\/patagoniambiental.com.ar\/info\/wp-json\/wp\/v2\/users\/2"}],"replies":[{"embeddable":true,"href":"https:\/\/patagoniambiental.com.ar\/info\/wp-json\/wp\/v2\/comments?post=33185"}],"version-history":[{"count":0,"href":"https:\/\/patagoniambiental.com.ar\/info\/wp-json\/wp\/v2\/posts\/33185\/revisions"}],"wp:featuredmedia":[{"embeddable":true,"href":"https:\/\/patagoniambiental.com.ar\/info\/wp-json\/wp\/v2\/media\/33186"}],"wp:attachment":[{"href":"https:\/\/patagoniambiental.com.ar\/info\/wp-json\/wp\/v2\/media?parent=33185"}],"wp:term":[{"taxonomy":"category","embeddable":true,"href":"https:\/\/patagoniambiental.com.ar\/info\/wp-json\/wp\/v2\/categories?post=33185"},{"taxonomy":"post_tag","embeddable":true,"href":"https:\/\/patagoniambiental.com.ar\/info\/wp-json\/wp\/v2\/tags?post=33185"}],"curies":[{"name":"wp","href":"https:\/\/api.w.org\/{rel}","templated":true}]}}