{"id":33201,"date":"2017-08-13T19:00:39","date_gmt":"2017-08-13T22:00:39","guid":{"rendered":"http:\/\/patagoniambiental.com.ar\/info\/?p=33201"},"modified":"2017-08-12T11:19:07","modified_gmt":"2017-08-12T14:19:07","slug":"conclusiones-de-viento-energia-2017-organizado-por-asociacion-argentina-de-energia-eolica","status":"publish","type":"post","link":"https:\/\/patagoniambiental.com.ar\/info\/conclusiones-de-viento-energia-2017-organizado-por-asociacion-argentina-de-energia-eolica\/","title":{"rendered":"Conclusiones de \u201cViento &#038; Energ\u00eda 2017\u201d, organizado por Asociaci\u00f3n Argentina de Energ\u00eda E\u00f3lica"},"content":{"rendered":"<div>Buenos Aires.-La Facultad de Ingenier\u00eda de la Universidad de Buenos Aires (FIUBA) volvi\u00f3 a ser sede de la principal cumbre sectorial de la industria e\u00f3lica en el pa\u00eds.<\/div>\n<p><!--more--><\/p>\n<div><\/div>\n<div>Con la promesa de profundizar la especializaci\u00f3n en energ\u00edas limpias dentro de dicha casa de estudios, su decano, Ing Horacio Salgado, se encarg\u00f3 de dar la bienvenida a \u2018Viento &amp; Energ\u00eda &#8211; Expo Argentina 2017\u2019.<\/div>\n<div><\/div>\n<div><img fetchpriority=\"high\" decoding=\"async\" class=\"alignleft\" src=\"http:\/\/www.argentinaeolica.org.ar\/portal\/images\/stories\/\/Noticias\/Imagenes\/IMG_9809%20KInd.JPG\" alt=\"\" width=\"400\" height=\"266\" \/><\/div>\n<div><\/div>\n<div>De la apertura del evento tambi\u00e9n participaron\u00a0<b>Prof. Boleslao Sabomir<\/b>, referente del Parlamento C\u00edvico de la Humanidad, y el\u00a0<b>Ing. Erico Spinadel<\/b>, pionero de la investigaci\u00f3n y el desarrollo eoloel\u00e9ctrico, y titular de la Asociaci\u00f3n Argentina de Energ\u00eda E\u00f3lica (AAEE).<\/div>\n<div><\/div>\n<div><img decoding=\"async\" class=\"alignright\" src=\"http:\/\/www.argentinaeolica.org.ar\/portal\/images\/stories\/\/Noticias\/Imagenes\/--IMG_9718%20Apertura.JPG\" alt=\"\" width=\"400\" height=\"318\" \/><\/div>\n<div><\/div>\n<div>El primer disertante fue\u00a0<b>Sebasti\u00e1n Kind<\/b>, subsecretario de Energ\u00edas Renovables del Ministerio de Energ\u00eda y Miner\u00eda, quien anticip\u00f3 que las fuentes renovables representar\u00e1n el 50% de la nueva potencia adicionada por el pa\u00eds hasta 2025. \u201cEn estos pr\u00f3ximos ocho a\u00f1os esperamos sumar inversiones en el segmento por US$ 15.000 millones e incorporar m\u00e1s de 10 GW de potencia\u201d, proyect\u00f3.<\/div>\n<div><\/div>\n<div>La idea del Gobierno, se\u00f1al\u00f3, es cumplir con las metas fijadas por ley y diversificar tanto las fuentes como la geograf\u00eda del mercado energ\u00e9tico nacional. \u201cPara ello contamos con dos grandes herramientas: los incentivos fiscales orientados a los generadores y a la cadena de valor local, y el FODER, un fideicomiso de respaldo con fines de garant\u00eda a largo plazo y financiamiento\u201d, precis\u00f3 el funcionario.<\/div>\n<div><\/div>\n<div>En el marco del Plan RenovAr y de las resoluciones 202\/2016 del Ministerio de Energ\u00eda, detall\u00f3, ya hay 69 emprendimientos sustentables por 3 GW contratados. \u201cLa mayor\u00eda entrar\u00e1 en operaci\u00f3n comercial en el corto plazo\u201d, asegur\u00f3.<\/div>\n<div><\/div>\n<div>Seg\u00fan sus palabras, de un s\u00f3lo golpe la Argentina logr\u00f3 posicionarse a la par de pa\u00edses (como Brasil, Chile o Uruguay) que ven\u00edan acumulando m\u00e1s a\u00f1os de experiencia y hab\u00edan celebrado varias licitaciones. \u201cCreemos que la energ\u00eda renovable contratada desplazar\u00e1 a los combustibles l\u00edquidos importados y parte del gas natural. Disponemos de potencial de recursos naturales y de precios competitivos: ser\u00eda un sinsentido no aprovechar esta oportunidad\u201d, sentenci\u00f3 Kind.<\/div>\n<div><\/div>\n<div><b>Transici\u00f3n energ\u00e9tica<\/b><\/div>\n<div><\/div>\n<div>A su criterio, la transici\u00f3n energ\u00e9tica est\u00e1 en marcha y tiene implicancias profundas para toda la industria. \u201cTanto la generaci\u00f3n eoloel\u00e9ctrica como la solar fotovoltaica ya son econ\u00f3micamente competitivas. Vamos rumbo a una matriz energ\u00e9tica m\u00e1s limpia, econ\u00f3mica y segura. Esto no es una cuesti\u00f3n de fe, es una realidad\u201d, complet\u00f3.<\/div>\n<div><\/div>\n<div>En la misma sinton\u00eda,\u00a0<b>Maurizio Bezzeccheri<\/b>, Country Manager de Enel Argentina, resalt\u00f3 que -frente a la concentraci\u00f3n que caracteriza a las fuentes de energ\u00eda convencionales- el mercado de las renovables ofrece ventajas en materia de diversificaci\u00f3n geogr\u00e1fica y tecnol\u00f3gica.<\/div>\n<div><\/div>\n<div>\u201cAfortunadamente qued\u00f3 atr\u00e1s el difundido mito de que estas energ\u00edas son imprevisibles. Gracias a los efectos de la compensaci\u00f3n y la correlaci\u00f3n entre la generaci\u00f3n e\u00f3lica e hidroel\u00e9ctrica, se alcanz\u00f3 un alto grado de sofisticaci\u00f3n y previsibilidad\u201d, sostuvo el CEO.<\/div>\n<div><\/div>\n<div><img decoding=\"async\" src=\"http:\/\/www.argentinaeolica.org.ar\/portal\/images\/stories\/\/Noticias\/Imagenes\/--IMG_9937%20Bezzeccheri%202.JPG\" \/><\/div>\n<div><\/div>\n<div><b>Complementariedad de las fuentes<\/b><\/div>\n<div><\/div>\n<div>En cuanto a la posible complementariedad de estas fuentes, puso como ejemplo lo logrado por Enel en el desierto de Atacama (a 4.500msnm). \u201cAll\u00ed pudimos integrar la tecnolog\u00eda fotovoltaica con la geot\u00e9rmica, adem\u00e1s de montar una planta solar t\u00e9rmica de alta temperatura, por lo que -en definitiva- combinamos tres tecnolog\u00edas diferentes\u201d, resalt\u00f3.<\/div>\n<div><\/div>\n<div>A trav\u00e9s de una videoconferencia,\u00a0<b>Florencio Gamallo<\/b>, miembro de la AAEE y de la Universidad de Stralsund (de Alemania), se refiri\u00f3 al nuevo paradigma energ\u00e9tico que representa el hidr\u00f3geno.<\/div>\n<div><\/div>\n<div>\u201cSe trata del elemento m\u00e1s abundante de la naturaleza, pero nunca est\u00e1 libre: siempre se presenta combinado con otros elementos. Para disponer de \u00e9l es necesario producirlo. En ese sentido, el proceso de la electr\u00f3lisis es el que m\u00e1s nos interesa\u201d, puntualiz\u00f3.<\/div>\n<div><\/div>\n<div>La electr\u00f3lisis, insisti\u00f3, se puede realizar sin ninguna dificultad a potencia variable. Por ende, posibilita el aprovechamiento intensivo de fuentes energ\u00e9ticas con alta variabilidad. \u201cLa energ\u00eda fotovoltaica, la solar t\u00e9rmica, la e\u00f3lica y la geot\u00e9rmica son cuatro fuentes el\u00e9ctricas de creciente participaci\u00f3n en el mercado mundial.<\/div>\n<div><\/div>\n<div>Al no permitir una posibilidad de acumulaci\u00f3n (como las f\u00f3siles) y al no tener potencia firme, pueden resultar excelentes fuentes primarias para la producci\u00f3n de hidr\u00f3geno\u201d, asegur\u00f3 el especialista, quien adelant\u00f3 que las mejores posibilidades de aprovechamiento del recurso se presentar\u00e1n -m\u00e1s que en las redes el\u00e9ctricas- en el mercado de transporte.<\/div>\n<div><\/div>\n<div>A su turno,\u00a0<b>Ana Scarabino<\/b>, experta del Instituto de Aeron\u00e1utica de la Universidad Nacional de La Plata (UNLP), expuso sobre la turbulencia atmosf\u00e9rica y su efecto en las turbinas e\u00f3licas. Esta variable, argument\u00f3, resulta tan importante como la velocidad media del viento a la hora de definir los requerimientos de una turbina e\u00f3lica. \u201cSe trata de un tema de investigaci\u00f3n que genera cada vez m\u00e1s inter\u00e9s en el sector, pero que est\u00e1 lejos de ser resuelto\u201d, admiti\u00f3.<\/div>\n<div><\/div>\n<div>A decir de\u00a0<b>Pablo Tarca<\/b>, director t\u00e9cnico de Transener, el crecimiento de la demanda energ\u00e9tica en la Argentina requiere un aumento de la oferta neta de generaci\u00f3n ya no para reemplazar por eficiencia, sino para tener una mayor capacidad de abastecimiento). \u201cEsto implica ampliar los corredores de transporte y la inyecci\u00f3n de potencia de estaciones transformadoras\u201d, indic\u00f3.<\/div>\n<div><\/div>\n<div>Actualmente, asever\u00f3, se posee en el pa\u00eds un alto nivel de acuerdo t\u00e9cnico sobre las principales obras de infraestructura a realizar para expandir la red de alta tensi\u00f3n. \u201cNo obstante, la estrategia definida de aumentar los porcentajes de energ\u00edas renovables dentro de la matriz necesita redes que sean capaces de proveer respaldos de potencia en momentos de indisponibilidad\u201d, enfatiz\u00f3.<\/div>\n<div><\/div>\n<div>Desde su perspectiva, la soluci\u00f3n para superar la limitaci\u00f3n impuesta por las potencias de cortocircuito pasa, en la mayor\u00eda de los casos, por aumentar la infraestructura para diversificar los puntos de inyecci\u00f3n de potencia. \u201cSe necesitan 4.000 nuevos km de l\u00ednea de 500 kW, m\u00e1s otros 1.375 km de redes de media tensi\u00f3n, 10 nuevas estaciones transformadoras (entre las cuales la de Guillermo Brown resulta de especial inter\u00e9s para la generaci\u00f3n e\u00f3lica en la prometedora zona de Bah\u00eda Blanca) y 17 ampliaciones de estaciones en marcha\u201d, enumer\u00f3.<\/div>\n<div><\/div>\n<div>La primera jornada cont\u00f3, asimismo, con la participaci\u00f3n de\u00a0<b>Juan Fernando Carbel<\/b>, presidente y CEO de Parque E\u00f3lico Arauco, la empresa que opera el complejo hom\u00f3nimo en La Rioja, quien repas\u00f3 las vicisitudes por las que atraves\u00f3 la iniciativa desde su dise\u00f1o hasta su puesta en marcha. \u201cIniciamos tempranamente un proceso de aprovechamiento efectivo de los vientos en una provincia con gran potencial.<\/div>\n<div><\/div>\n<div>Identificamos que, pese a no estar cerca de la costa y estar en el norte del pa\u00eds, La Rioja presentaba vientos constantes, de buena calidad y con pocas turbulencias. Todo indicaba que pod\u00eda construirse un parque de grandes dimensiones\u201d, record\u00f3.<\/div>\n<div><\/div>\n<div>A sabiendas de que un modelo financiero deb\u00eda estar apalancado por el desarrollo t\u00e9cnico del proyecto, coment\u00f3, se empez\u00f3 t\u00edmidamente con un molino de 2,1 MW de potencia nominal.<\/div>\n<div><\/div>\n<div>\u201cFue el primero dise\u00f1ado con ingenier\u00eda nacional y construido \u00edntegramente por Impsa en Mendoza. Entr\u00f3 en funcionamiento hace m\u00e1s de siete a\u00f1os. Por entonces no hab\u00eda un marco normativo claro, pero conseguimos el apoyo de la provincia\u201d, recalc\u00f3.<\/div>\n<div><\/div>\n<div>Seg\u00fan sus palabras, la pel\u00edcula al inicio no fue muy buena. \u201cTuvimos que atravesar muchas dificultades log\u00edsticas, de costos, de equipamiento, etc. Pero interactuamos con todos los actores, buscamos alternativas, y soportamos el cambio de pol\u00edticas hasta llegar al actual escenario, con nuevas obras en marcha. Con avances y retrocesos, hoy puede decirse que por fortuna la pel\u00edcula es otra: las energ\u00edas renovables han llegado para quedarse en el pa\u00eds\u201d, concluy\u00f3 el directivo, quien cerr\u00f3 su exposici\u00f3n reivindicando la necesidad de que el Estado blinde y acompa\u00f1e al desarrollo tecnol\u00f3gico local ante el arribo de competidores internacionales.<\/div>\n<div><\/div>\n<div><\/div>\n<div>Fuente:\u00a0<a href=\"http:\/\/www.energiaestrategica.com\/conclusiones-viento-energia-organizado-asociacion-argentina-eolica\/\">http:\/\/www.energiaestrategica.com\/<\/a><\/div>\n","protected":false},"excerpt":{"rendered":"<p>Buenos Aires.-La Facultad de Ingenier\u00eda de la Universidad de Buenos Aires (FIUBA) volvi\u00f3 a ser sede de la principal cumbre [&hellip;]<\/p>\n","protected":false},"author":2,"featured_media":33202,"comment_status":"open","ping_status":"open","sticky":false,"template":"","format":"standard","meta":{"site-sidebar-layout":"default","site-content-layout":"","ast-site-content-layout":"default","site-content-style":"default","site-sidebar-style":"default","ast-global-header-display":"","ast-banner-title-visibility":"","ast-main-header-display":"","ast-hfb-above-header-display":"","ast-hfb-below-header-display":"","ast-hfb-mobile-header-display":"","site-post-title":"","ast-breadcrumbs-content":"","ast-featured-img":"","footer-sml-layout":"","ast-disable-related-posts":"","theme-transparent-header-meta":"","adv-header-id-meta":"","stick-header-meta":"","header-above-stick-meta":"","header-main-stick-meta":"","header-below-stick-meta":"","astra-migrate-meta-layouts":"default","ast-page-background-enabled":"default","ast-page-background-meta":{"desktop":{"background-color":"var(--ast-global-color-5)","background-image":"","background-repeat":"repeat","background-position":"center center","background-size":"auto","background-attachment":"scroll","background-type":"","background-media":"","overlay-type":"","overlay-color":"","overlay-opacity":"","overlay-gradient":""},"tablet":{"background-color":"","background-image":"","background-repeat":"repeat","background-position":"center center","background-size":"auto","background-attachment":"scroll","background-type":"","background-media":"","overlay-type":"","overlay-color":"","overlay-opacity":"","overlay-gradient":""},"mobile":{"background-color":"","background-image":"","background-repeat":"repeat","background-position":"center center","background-size":"auto","background-attachment":"scroll","background-type":"","background-media":"","overlay-type":"","overlay-color":"","overlay-opacity":"","overlay-gradient":""}},"ast-content-background-meta":{"desktop":{"background-color":"var(--ast-global-color-4)","background-image":"","background-repeat":"repeat","background-position":"center center","background-size":"auto","background-attachment":"scroll","background-type":"","background-media":"","overlay-type":"","overlay-color":"","overlay-opacity":"","overlay-gradient":""},"tablet":{"background-color":"var(--ast-global-color-4)","background-image":"","background-repeat":"repeat","background-position":"center center","background-size":"auto","background-attachment":"scroll","background-type":"","background-media":"","overlay-type":"","overlay-color":"","overlay-opacity":"","overlay-gradient":""},"mobile":{"background-color":"var(--ast-global-color-4)","background-image":"","background-repeat":"repeat","background-position":"center center","background-size":"auto","background-attachment":"scroll","background-type":"","background-media":"","overlay-type":"","overlay-color":"","overlay-opacity":"","overlay-gradient":""}},"footnotes":""},"categories":[12,1],"tags":[],"class_list":["post-33201","post","type-post","status-publish","format-standard","has-post-thumbnail","hentry","category-agenda-ambiental","category-noticias"],"yoast_head":"<!-- This site is optimized with the Yoast SEO Premium plugin v23.0 (Yoast SEO v27.5) - https:\/\/yoast.com\/product\/yoast-seo-premium-wordpress\/ -->\n<title>Conclusiones de \u201cViento &amp; Energ\u00eda 2017\u201d, organizado por Asociaci\u00f3n Argentina de Energ\u00eda E\u00f3lica<\/title>\n<meta name=\"robots\" content=\"index, follow, max-snippet:-1, max-image-preview:large, max-video-preview:-1\" \/>\n<link rel=\"canonical\" href=\"https:\/\/patagoniambiental.com.ar\/info\/conclusiones-de-viento-energia-2017-organizado-por-asociacion-argentina-de-energia-eolica\/\" \/>\n<meta property=\"og:locale\" content=\"es_ES\" \/>\n<meta property=\"og:type\" content=\"article\" \/>\n<meta property=\"og:title\" content=\"Conclusiones de \u201cViento &amp; Energ\u00eda 2017\u201d, organizado por Asociaci\u00f3n Argentina de Energ\u00eda E\u00f3lica\" \/>\n<meta property=\"og:description\" content=\"Buenos Aires.-La Facultad de Ingenier\u00eda de la Universidad de Buenos Aires (FIUBA) volvi\u00f3 a ser sede de la principal cumbre [&hellip;]\" \/>\n<meta property=\"og:url\" content=\"https:\/\/patagoniambiental.com.ar\/info\/conclusiones-de-viento-energia-2017-organizado-por-asociacion-argentina-de-energia-eolica\/\" \/>\n<meta property=\"og:site_name\" content=\"Patagonia Ambiental\" \/>\n<meta property=\"article:publisher\" content=\"https:\/\/www.facebook.com\/patagonia.ambiental\" \/>\n<meta property=\"article:author\" content=\"https:\/\/www.facebook.com\/share\/1C1V8Gv9BX\/?mibextid=qi2Omg\" \/>\n<meta property=\"article:published_time\" content=\"2017-08-13T22:00:39+00:00\" \/>\n<meta property=\"og:image\" content=\"https:\/\/patagoniambiental.com.ar\/info\/wp-content\/uploads\/2017\/08\/beb7f01f-8888-4c2e-9295-0392f4799379.jpg\" \/>\n\t<meta property=\"og:image:width\" content=\"400\" \/>\n\t<meta property=\"og:image:height\" content=\"328\" \/>\n\t<meta property=\"og:image:type\" content=\"image\/jpeg\" \/>\n<meta name=\"author\" content=\"Patagonia Ambiental\" \/>\n<meta name=\"twitter:card\" content=\"summary_large_image\" \/>\n<meta name=\"twitter:creator\" content=\"@PatAmb\" \/>\n<meta name=\"twitter:site\" content=\"@PatAmb\" \/>\n<script type=\"application\/ld+json\" class=\"yoast-schema-graph\">{\"@context\":\"https:\\\/\\\/schema.org\",\"@graph\":[{\"@type\":\"Article\",\"@id\":\"https:\\\/\\\/patagoniambiental.com.ar\\\/info\\\/conclusiones-de-viento-energia-2017-organizado-por-asociacion-argentina-de-energia-eolica\\\/#article\",\"isPartOf\":{\"@id\":\"https:\\\/\\\/patagoniambiental.com.ar\\\/info\\\/conclusiones-de-viento-energia-2017-organizado-por-asociacion-argentina-de-energia-eolica\\\/\"},\"author\":{\"name\":\"Patagonia Ambiental\",\"@id\":\"https:\\\/\\\/patagoniambiental.com.ar\\\/info\\\/#\\\/schema\\\/person\\\/db12bff64bbcbf6a253710bf0ea37b5d\"},\"headline\":\"Conclusiones de \u201cViento &#038; Energ\u00eda 2017\u201d, organizado por Asociaci\u00f3n Argentina de Energ\u00eda E\u00f3lica\",\"datePublished\":\"2017-08-13T22:00:39+00:00\",\"mainEntityOfPage\":{\"@id\":\"https:\\\/\\\/patagoniambiental.com.ar\\\/info\\\/conclusiones-de-viento-energia-2017-organizado-por-asociacion-argentina-de-energia-eolica\\\/\"},\"wordCount\":1383,\"commentCount\":0,\"publisher\":{\"@id\":\"https:\\\/\\\/patagoniambiental.com.ar\\\/info\\\/#organization\"},\"image\":{\"@id\":\"https:\\\/\\\/patagoniambiental.com.ar\\\/info\\\/conclusiones-de-viento-energia-2017-organizado-por-asociacion-argentina-de-energia-eolica\\\/#primaryimage\"},\"thumbnailUrl\":\"https:\\\/\\\/patagoniambiental.com.ar\\\/info\\\/wp-content\\\/uploads\\\/2017\\\/08\\\/beb7f01f-8888-4c2e-9295-0392f4799379.jpg\",\"articleSection\":[\"Agenda Ambiental\",\"Noticias\"],\"inLanguage\":\"es\",\"potentialAction\":[{\"@type\":\"CommentAction\",\"name\":\"Comment\",\"target\":[\"https:\\\/\\\/patagoniambiental.com.ar\\\/info\\\/conclusiones-de-viento-energia-2017-organizado-por-asociacion-argentina-de-energia-eolica\\\/#respond\"]}]},{\"@type\":\"WebPage\",\"@id\":\"https:\\\/\\\/patagoniambiental.com.ar\\\/info\\\/conclusiones-de-viento-energia-2017-organizado-por-asociacion-argentina-de-energia-eolica\\\/\",\"url\":\"https:\\\/\\\/patagoniambiental.com.ar\\\/info\\\/conclusiones-de-viento-energia-2017-organizado-por-asociacion-argentina-de-energia-eolica\\\/\",\"name\":\"Conclusiones de \u201cViento & Energ\u00eda 2017\u201d, organizado por Asociaci\u00f3n Argentina de Energ\u00eda E\u00f3lica\",\"isPartOf\":{\"@id\":\"https:\\\/\\\/patagoniambiental.com.ar\\\/info\\\/#website\"},\"primaryImageOfPage\":{\"@id\":\"https:\\\/\\\/patagoniambiental.com.ar\\\/info\\\/conclusiones-de-viento-energia-2017-organizado-por-asociacion-argentina-de-energia-eolica\\\/#primaryimage\"},\"image\":{\"@id\":\"https:\\\/\\\/patagoniambiental.com.ar\\\/info\\\/conclusiones-de-viento-energia-2017-organizado-por-asociacion-argentina-de-energia-eolica\\\/#primaryimage\"},\"thumbnailUrl\":\"https:\\\/\\\/patagoniambiental.com.ar\\\/info\\\/wp-content\\\/uploads\\\/2017\\\/08\\\/beb7f01f-8888-4c2e-9295-0392f4799379.jpg\",\"datePublished\":\"2017-08-13T22:00:39+00:00\",\"breadcrumb\":{\"@id\":\"https:\\\/\\\/patagoniambiental.com.ar\\\/info\\\/conclusiones-de-viento-energia-2017-organizado-por-asociacion-argentina-de-energia-eolica\\\/#breadcrumb\"},\"inLanguage\":\"es\",\"potentialAction\":[{\"@type\":\"ReadAction\",\"target\":[\"https:\\\/\\\/patagoniambiental.com.ar\\\/info\\\/conclusiones-de-viento-energia-2017-organizado-por-asociacion-argentina-de-energia-eolica\\\/\"]}]},{\"@type\":\"ImageObject\",\"inLanguage\":\"es\",\"@id\":\"https:\\\/\\\/patagoniambiental.com.ar\\\/info\\\/conclusiones-de-viento-energia-2017-organizado-por-asociacion-argentina-de-energia-eolica\\\/#primaryimage\",\"url\":\"https:\\\/\\\/patagoniambiental.com.ar\\\/info\\\/wp-content\\\/uploads\\\/2017\\\/08\\\/beb7f01f-8888-4c2e-9295-0392f4799379.jpg\",\"contentUrl\":\"https:\\\/\\\/patagoniambiental.com.ar\\\/info\\\/wp-content\\\/uploads\\\/2017\\\/08\\\/beb7f01f-8888-4c2e-9295-0392f4799379.jpg\",\"width\":400,\"height\":328},{\"@type\":\"BreadcrumbList\",\"@id\":\"https:\\\/\\\/patagoniambiental.com.ar\\\/info\\\/conclusiones-de-viento-energia-2017-organizado-por-asociacion-argentina-de-energia-eolica\\\/#breadcrumb\",\"itemListElement\":[{\"@type\":\"ListItem\",\"position\":1,\"name\":\"Inicio\",\"item\":\"https:\\\/\\\/patagoniambiental.com.ar\\\/info\\\/\"},{\"@type\":\"ListItem\",\"position\":2,\"name\":\"Conclusiones de \u201cViento &#038; Energ\u00eda 2017\u201d, organizado por Asociaci\u00f3n Argentina de Energ\u00eda E\u00f3lica\"}]},{\"@type\":\"WebSite\",\"@id\":\"https:\\\/\\\/patagoniambiental.com.ar\\\/info\\\/#website\",\"url\":\"https:\\\/\\\/patagoniambiental.com.ar\\\/info\\\/\",\"name\":\"Patagonia Ambiental\",\"description\":\"Monitoreo y an\u00e1lisis de la situaci\u00f3n geopol\u00edtica en el mundo y su implicancia en la Patagonia\",\"publisher\":{\"@id\":\"https:\\\/\\\/patagoniambiental.com.ar\\\/info\\\/#organization\"},\"potentialAction\":[{\"@type\":\"SearchAction\",\"target\":{\"@type\":\"EntryPoint\",\"urlTemplate\":\"https:\\\/\\\/patagoniambiental.com.ar\\\/info\\\/?s={search_term_string}\"},\"query-input\":{\"@type\":\"PropertyValueSpecification\",\"valueRequired\":true,\"valueName\":\"search_term_string\"}}],\"inLanguage\":\"es\"},{\"@type\":\"Organization\",\"@id\":\"https:\\\/\\\/patagoniambiental.com.ar\\\/info\\\/#organization\",\"name\":\"Patagonia Ambiental\",\"url\":\"https:\\\/\\\/patagoniambiental.com.ar\\\/info\\\/\",\"logo\":{\"@type\":\"ImageObject\",\"inLanguage\":\"es\",\"@id\":\"https:\\\/\\\/patagoniambiental.com.ar\\\/info\\\/#\\\/schema\\\/logo\\\/image\\\/\",\"url\":\"https:\\\/\\\/patagoniambiental.com.ar\\\/info\\\/wp-content\\\/uploads\\\/2025\\\/05\\\/LOGO-PATAGONIA-AMBIENTAL.png\",\"contentUrl\":\"https:\\\/\\\/patagoniambiental.com.ar\\\/info\\\/wp-content\\\/uploads\\\/2025\\\/05\\\/LOGO-PATAGONIA-AMBIENTAL.png\",\"width\":433,\"height\":250,\"caption\":\"Patagonia Ambiental\"},\"image\":{\"@id\":\"https:\\\/\\\/patagoniambiental.com.ar\\\/info\\\/#\\\/schema\\\/logo\\\/image\\\/\"},\"sameAs\":[\"https:\\\/\\\/www.facebook.com\\\/patagonia.ambiental\",\"https:\\\/\\\/x.com\\\/PatAmb\"]},{\"@type\":\"Person\",\"@id\":\"https:\\\/\\\/patagoniambiental.com.ar\\\/info\\\/#\\\/schema\\\/person\\\/db12bff64bbcbf6a253710bf0ea37b5d\",\"name\":\"Patagonia Ambiental\",\"description\":\"Andr\u00e9s Nievas T\u00e9cnico en manejo ambiental, consultor Ambiental y escritor para medios locales e internacionales sobre temas de geopolitica y medio ambiente.\",\"sameAs\":[\"http:\\\/\\\/www.patagoniambiental.com.ar\",\"https:\\\/\\\/www.facebook.com\\\/share\\\/1C1V8Gv9BX\\\/?mibextid=qi2Omg\",\"@patagoniambiental\",\"https:\\\/\\\/youtube.com\\\/@patagoniaambiental2023?si=BLt58t0wuXquxlYZ\"]}]}<\/script>\n<!-- \/ Yoast SEO Premium plugin. -->","yoast_head_json":{"title":"Conclusiones de \u201cViento & Energ\u00eda 2017\u201d, organizado por Asociaci\u00f3n Argentina de Energ\u00eda E\u00f3lica","robots":{"index":"index","follow":"follow","max-snippet":"max-snippet:-1","max-image-preview":"max-image-preview:large","max-video-preview":"max-video-preview:-1"},"canonical":"https:\/\/patagoniambiental.com.ar\/info\/conclusiones-de-viento-energia-2017-organizado-por-asociacion-argentina-de-energia-eolica\/","og_locale":"es_ES","og_type":"article","og_title":"Conclusiones de \u201cViento & Energ\u00eda 2017\u201d, organizado por Asociaci\u00f3n Argentina de Energ\u00eda E\u00f3lica","og_description":"Buenos Aires.-La Facultad de Ingenier\u00eda de la Universidad de Buenos Aires (FIUBA) volvi\u00f3 a ser sede de la principal cumbre [&hellip;]","og_url":"https:\/\/patagoniambiental.com.ar\/info\/conclusiones-de-viento-energia-2017-organizado-por-asociacion-argentina-de-energia-eolica\/","og_site_name":"Patagonia Ambiental","article_publisher":"https:\/\/www.facebook.com\/patagonia.ambiental","article_author":"https:\/\/www.facebook.com\/share\/1C1V8Gv9BX\/?mibextid=qi2Omg","article_published_time":"2017-08-13T22:00:39+00:00","og_image":[{"width":400,"height":328,"url":"https:\/\/patagoniambiental.com.ar\/info\/wp-content\/uploads\/2017\/08\/beb7f01f-8888-4c2e-9295-0392f4799379.jpg","type":"image\/jpeg"}],"author":"Patagonia Ambiental","twitter_card":"summary_large_image","twitter_creator":"@PatAmb","twitter_site":"@PatAmb","schema":{"@context":"https:\/\/schema.org","@graph":[{"@type":"Article","@id":"https:\/\/patagoniambiental.com.ar\/info\/conclusiones-de-viento-energia-2017-organizado-por-asociacion-argentina-de-energia-eolica\/#article","isPartOf":{"@id":"https:\/\/patagoniambiental.com.ar\/info\/conclusiones-de-viento-energia-2017-organizado-por-asociacion-argentina-de-energia-eolica\/"},"author":{"name":"Patagonia Ambiental","@id":"https:\/\/patagoniambiental.com.ar\/info\/#\/schema\/person\/db12bff64bbcbf6a253710bf0ea37b5d"},"headline":"Conclusiones de \u201cViento &#038; Energ\u00eda 2017\u201d, organizado por Asociaci\u00f3n Argentina de Energ\u00eda E\u00f3lica","datePublished":"2017-08-13T22:00:39+00:00","mainEntityOfPage":{"@id":"https:\/\/patagoniambiental.com.ar\/info\/conclusiones-de-viento-energia-2017-organizado-por-asociacion-argentina-de-energia-eolica\/"},"wordCount":1383,"commentCount":0,"publisher":{"@id":"https:\/\/patagoniambiental.com.ar\/info\/#organization"},"image":{"@id":"https:\/\/patagoniambiental.com.ar\/info\/conclusiones-de-viento-energia-2017-organizado-por-asociacion-argentina-de-energia-eolica\/#primaryimage"},"thumbnailUrl":"https:\/\/patagoniambiental.com.ar\/info\/wp-content\/uploads\/2017\/08\/beb7f01f-8888-4c2e-9295-0392f4799379.jpg","articleSection":["Agenda Ambiental","Noticias"],"inLanguage":"es","potentialAction":[{"@type":"CommentAction","name":"Comment","target":["https:\/\/patagoniambiental.com.ar\/info\/conclusiones-de-viento-energia-2017-organizado-por-asociacion-argentina-de-energia-eolica\/#respond"]}]},{"@type":"WebPage","@id":"https:\/\/patagoniambiental.com.ar\/info\/conclusiones-de-viento-energia-2017-organizado-por-asociacion-argentina-de-energia-eolica\/","url":"https:\/\/patagoniambiental.com.ar\/info\/conclusiones-de-viento-energia-2017-organizado-por-asociacion-argentina-de-energia-eolica\/","name":"Conclusiones de \u201cViento & Energ\u00eda 2017\u201d, organizado por Asociaci\u00f3n Argentina de Energ\u00eda E\u00f3lica","isPartOf":{"@id":"https:\/\/patagoniambiental.com.ar\/info\/#website"},"primaryImageOfPage":{"@id":"https:\/\/patagoniambiental.com.ar\/info\/conclusiones-de-viento-energia-2017-organizado-por-asociacion-argentina-de-energia-eolica\/#primaryimage"},"image":{"@id":"https:\/\/patagoniambiental.com.ar\/info\/conclusiones-de-viento-energia-2017-organizado-por-asociacion-argentina-de-energia-eolica\/#primaryimage"},"thumbnailUrl":"https:\/\/patagoniambiental.com.ar\/info\/wp-content\/uploads\/2017\/08\/beb7f01f-8888-4c2e-9295-0392f4799379.jpg","datePublished":"2017-08-13T22:00:39+00:00","breadcrumb":{"@id":"https:\/\/patagoniambiental.com.ar\/info\/conclusiones-de-viento-energia-2017-organizado-por-asociacion-argentina-de-energia-eolica\/#breadcrumb"},"inLanguage":"es","potentialAction":[{"@type":"ReadAction","target":["https:\/\/patagoniambiental.com.ar\/info\/conclusiones-de-viento-energia-2017-organizado-por-asociacion-argentina-de-energia-eolica\/"]}]},{"@type":"ImageObject","inLanguage":"es","@id":"https:\/\/patagoniambiental.com.ar\/info\/conclusiones-de-viento-energia-2017-organizado-por-asociacion-argentina-de-energia-eolica\/#primaryimage","url":"https:\/\/patagoniambiental.com.ar\/info\/wp-content\/uploads\/2017\/08\/beb7f01f-8888-4c2e-9295-0392f4799379.jpg","contentUrl":"https:\/\/patagoniambiental.com.ar\/info\/wp-content\/uploads\/2017\/08\/beb7f01f-8888-4c2e-9295-0392f4799379.jpg","width":400,"height":328},{"@type":"BreadcrumbList","@id":"https:\/\/patagoniambiental.com.ar\/info\/conclusiones-de-viento-energia-2017-organizado-por-asociacion-argentina-de-energia-eolica\/#breadcrumb","itemListElement":[{"@type":"ListItem","position":1,"name":"Inicio","item":"https:\/\/patagoniambiental.com.ar\/info\/"},{"@type":"ListItem","position":2,"name":"Conclusiones de \u201cViento &#038; Energ\u00eda 2017\u201d, organizado por Asociaci\u00f3n Argentina de Energ\u00eda E\u00f3lica"}]},{"@type":"WebSite","@id":"https:\/\/patagoniambiental.com.ar\/info\/#website","url":"https:\/\/patagoniambiental.com.ar\/info\/","name":"Patagonia Ambiental","description":"Monitoreo y an\u00e1lisis de la situaci\u00f3n geopol\u00edtica en el mundo y su implicancia en la Patagonia","publisher":{"@id":"https:\/\/patagoniambiental.com.ar\/info\/#organization"},"potentialAction":[{"@type":"SearchAction","target":{"@type":"EntryPoint","urlTemplate":"https:\/\/patagoniambiental.com.ar\/info\/?s={search_term_string}"},"query-input":{"@type":"PropertyValueSpecification","valueRequired":true,"valueName":"search_term_string"}}],"inLanguage":"es"},{"@type":"Organization","@id":"https:\/\/patagoniambiental.com.ar\/info\/#organization","name":"Patagonia Ambiental","url":"https:\/\/patagoniambiental.com.ar\/info\/","logo":{"@type":"ImageObject","inLanguage":"es","@id":"https:\/\/patagoniambiental.com.ar\/info\/#\/schema\/logo\/image\/","url":"https:\/\/patagoniambiental.com.ar\/info\/wp-content\/uploads\/2025\/05\/LOGO-PATAGONIA-AMBIENTAL.png","contentUrl":"https:\/\/patagoniambiental.com.ar\/info\/wp-content\/uploads\/2025\/05\/LOGO-PATAGONIA-AMBIENTAL.png","width":433,"height":250,"caption":"Patagonia Ambiental"},"image":{"@id":"https:\/\/patagoniambiental.com.ar\/info\/#\/schema\/logo\/image\/"},"sameAs":["https:\/\/www.facebook.com\/patagonia.ambiental","https:\/\/x.com\/PatAmb"]},{"@type":"Person","@id":"https:\/\/patagoniambiental.com.ar\/info\/#\/schema\/person\/db12bff64bbcbf6a253710bf0ea37b5d","name":"Patagonia Ambiental","description":"Andr\u00e9s Nievas T\u00e9cnico en manejo ambiental, consultor Ambiental y escritor para medios locales e internacionales sobre temas de geopolitica y medio ambiente.","sameAs":["http:\/\/www.patagoniambiental.com.ar","https:\/\/www.facebook.com\/share\/1C1V8Gv9BX\/?mibextid=qi2Omg","@patagoniambiental","https:\/\/youtube.com\/@patagoniaambiental2023?si=BLt58t0wuXquxlYZ"]}]}},"_links":{"self":[{"href":"https:\/\/patagoniambiental.com.ar\/info\/wp-json\/wp\/v2\/posts\/33201","targetHints":{"allow":["GET"]}}],"collection":[{"href":"https:\/\/patagoniambiental.com.ar\/info\/wp-json\/wp\/v2\/posts"}],"about":[{"href":"https:\/\/patagoniambiental.com.ar\/info\/wp-json\/wp\/v2\/types\/post"}],"author":[{"embeddable":true,"href":"https:\/\/patagoniambiental.com.ar\/info\/wp-json\/wp\/v2\/users\/2"}],"replies":[{"embeddable":true,"href":"https:\/\/patagoniambiental.com.ar\/info\/wp-json\/wp\/v2\/comments?post=33201"}],"version-history":[{"count":0,"href":"https:\/\/patagoniambiental.com.ar\/info\/wp-json\/wp\/v2\/posts\/33201\/revisions"}],"wp:featuredmedia":[{"embeddable":true,"href":"https:\/\/patagoniambiental.com.ar\/info\/wp-json\/wp\/v2\/media\/33202"}],"wp:attachment":[{"href":"https:\/\/patagoniambiental.com.ar\/info\/wp-json\/wp\/v2\/media?parent=33201"}],"wp:term":[{"taxonomy":"category","embeddable":true,"href":"https:\/\/patagoniambiental.com.ar\/info\/wp-json\/wp\/v2\/categories?post=33201"},{"taxonomy":"post_tag","embeddable":true,"href":"https:\/\/patagoniambiental.com.ar\/info\/wp-json\/wp\/v2\/tags?post=33201"}],"curies":[{"name":"wp","href":"https:\/\/api.w.org\/{rel}","templated":true}]}}