{"id":33224,"date":"2017-08-14T19:00:03","date_gmt":"2017-08-14T22:00:03","guid":{"rendered":"http:\/\/patagoniambiental.com.ar\/info\/?p=33224"},"modified":"2017-08-14T11:51:09","modified_gmt":"2017-08-14T14:51:09","slug":"recuerdan-la-prohibicion-de-asentamientos-en-la-barda-del-nireco","status":"publish","type":"post","link":"https:\/\/patagoniambiental.com.ar\/info\/recuerdan-la-prohibicion-de-asentamientos-en-la-barda-del-nireco\/","title":{"rendered":"Recuerdan la prohibici\u00f3n de asentamientos en la Barda del \u00d1ireco"},"content":{"rendered":"<div dir=\"ltr\"><i>Bariloche.-Tras nuevos intentos de ocupaci\u00f3n de predios ubicados en la Barda del Arroyo \u00d1ireco, el Instituto de Tierra y Vivienda record\u00f3 que est\u00e1 vigente una medida cautelar impuesta por la Justicia para impedir el asentamiento de personas en ese lugar, dado el alt\u00edsimo peligro de derrumbe.\u00a0<\/i><\/div>\n<p><!--more--><\/p>\n<div dir=\"ltr\"><\/div>\n<div dir=\"ltr\"><\/div>\n<div dir=\"ltr\">La presidenta del Instituto Municipal de Tierra y Vivienda para el H\u00e1bitat Social (IMTVHS), Laura Zannoni, record\u00f3 a la comunidad que contin\u00faa vigente la prohibici\u00f3n absoluta, dictada por parte de la Justicia, de instalar cualquier tipo de construcci\u00f3n en la Barda del Arroyo \u00d1ireco en virtud de la peligrosidad y en resguardo de la integridad f\u00edsica de las personas.<\/div>\n<div dir=\"ltr\"><\/div>\n<div dir=\"ltr\">Zannoni explic\u00f3 que se trata de una sentencia dictada por el juez Cristian Tau Anzo\u00e1tegui que est\u00e1 vigente desde 2015, en respuesta a un amparo colectivo presentado en su momento por el IMTVHS, solicitando una medida cautelar para preservar la vida y la seguridad de las personas en ese lugar.<\/div>\n<div dir=\"ltr\"><\/div>\n<div dir=\"ltr\">La funcionaria insisti\u00f3 en recordar a la comunidad la vigencia de esta medida, a la luz de nuevos intentos de ocupaci\u00f3n que tuvieron lugar en los \u00faltimos d\u00edas, incluso ignorando las notificaciones y las intervenciones policiales y judiciales realizadas en raz\u00f3n de las denuncias que formul\u00f3 la Municipalidad para evitar estas situaciones.<\/div>\n<div dir=\"ltr\"><\/div>\n<div dir=\"ltr\">La medida cautelar aplicada por la Justicia abarca \u201ccualquier intento de ocupaci\u00f3n de diversas viviendas y lotes ubicados en la Barda del \u00d1ireco comprendidos entre las calles Los Radales, Los Colihues y Vuelta de Obligado\u201d, a partir del planteo del Municipio teniendo en cuenta que la zona es \u201cgeol\u00f3gicamente inepta y peligrosa\u201d y que era preciso comenzar a derribar esas construcciones \u201ca medida que se desocupen para remediar y parquizar el sector en provecho de los barrios aleda\u00f1os\u201d.<\/div>\n<div dir=\"ltr\"><\/div>\n<div dir=\"ltr\">En la sentencia judicial, el juez remarca que la prohibici\u00f3n de ocupar esos predios \u2014y la necesidad de desalojar cualquier instalaci\u00f3n\u2014 se basa en \u201cuna cuesti\u00f3n de seguridad y sanidad p\u00fablica, que es evitar un asentamiento expresamente prohibido por riesgo de derrumbe\u201d. Y finaliza expresando que \u201cse trata en definitiva de la necesidad inmediata de preservar la vida, la integridad y la salud de las personas\u201d.<\/div>\n<div dir=\"ltr\"><\/div>\n<div dir=\"ltr\">Fuente: Municipalidad de Bariloche<\/div>\n","protected":false},"excerpt":{"rendered":"<p>Bariloche.-Tras nuevos intentos de ocupaci\u00f3n de predios ubicados en la Barda del Arroyo \u00d1ireco, el Instituto de Tierra y Vivienda [&hellip;]<\/p>\n","protected":false},"author":2,"featured_media":33225,"comment_status":"open","ping_status":"open","sticky":false,"template":"","format":"standard","meta":{"site-sidebar-layout":"default","site-content-layout":"","ast-site-content-layout":"default","site-content-style":"default","site-sidebar-style":"default","ast-global-header-display":"","ast-banner-title-visibility":"","ast-main-header-display":"","ast-hfb-above-header-display":"","ast-hfb-below-header-display":"","ast-hfb-mobile-header-display":"","site-post-title":"","ast-breadcrumbs-content":"","ast-featured-img":"","footer-sml-layout":"","ast-disable-related-posts":"","theme-transparent-header-meta":"","adv-header-id-meta":"","stick-header-meta":"","header-above-stick-meta":"","header-main-stick-meta":"","header-below-stick-meta":"","astra-migrate-meta-layouts":"default","ast-page-background-enabled":"default","ast-page-background-meta":{"desktop":{"background-color":"var(--ast-global-color-5)","background-image":"","background-repeat":"repeat","background-position":"center center","background-size":"auto","background-attachment":"scroll","background-type":"","background-media":"","overlay-type":"","overlay-color":"","overlay-opacity":"","overlay-gradient":""},"tablet":{"background-color":"","background-image":"","background-repeat":"repeat","background-position":"center center","background-size":"auto","background-attachment":"scroll","background-type":"","background-media":"","overlay-type":"","overlay-color":"","overlay-opacity":"","overlay-gradient":""},"mobile":{"background-color":"","background-image":"","background-repeat":"repeat","background-position":"center center","background-size":"auto","background-attachment":"scroll","background-type":"","background-media":"","overlay-type":"","overlay-color":"","overlay-opacity":"","overlay-gradient":""}},"ast-content-background-meta":{"desktop":{"background-color":"var(--ast-global-color-4)","background-image":"","background-repeat":"repeat","background-position":"center center","background-size":"auto","background-attachment":"scroll","background-type":"","background-media":"","overlay-type":"","overlay-color":"","overlay-opacity":"","overlay-gradient":""},"tablet":{"background-color":"var(--ast-global-color-4)","background-image":"","background-repeat":"repeat","background-position":"center center","background-size":"auto","background-attachment":"scroll","background-type":"","background-media":"","overlay-type":"","overlay-color":"","overlay-opacity":"","overlay-gradient":""},"mobile":{"background-color":"var(--ast-global-color-4)","background-image":"","background-repeat":"repeat","background-position":"center center","background-size":"auto","background-attachment":"scroll","background-type":"","background-media":"","overlay-type":"","overlay-color":"","overlay-opacity":"","overlay-gradient":""}},"footnotes":""},"categories":[16,1],"tags":[],"class_list":["post-33224","post","type-post","status-publish","format-standard","has-post-thumbnail","hentry","category-municipales","category-noticias"],"yoast_head":"<!-- This site is optimized with the Yoast SEO Premium plugin v23.0 (Yoast SEO v27.4) - https:\/\/yoast.com\/product\/yoast-seo-premium-wordpress\/ -->\n<title>Recuerdan la prohibici\u00f3n de asentamientos en la Barda del \u00d1ireco<\/title>\n<meta name=\"robots\" content=\"index, follow, max-snippet:-1, max-image-preview:large, max-video-preview:-1\" \/>\n<link rel=\"canonical\" href=\"https:\/\/patagoniambiental.com.ar\/info\/recuerdan-la-prohibicion-de-asentamientos-en-la-barda-del-nireco\/\" \/>\n<meta property=\"og:locale\" content=\"es_ES\" \/>\n<meta property=\"og:type\" content=\"article\" \/>\n<meta property=\"og:title\" content=\"Recuerdan la prohibici\u00f3n de asentamientos en la Barda del \u00d1ireco\" \/>\n<meta property=\"og:description\" content=\"Bariloche.-Tras nuevos intentos de ocupaci\u00f3n de predios ubicados en la Barda del Arroyo \u00d1ireco, el Instituto de Tierra y Vivienda [&hellip;]\" \/>\n<meta property=\"og:url\" content=\"https:\/\/patagoniambiental.com.ar\/info\/recuerdan-la-prohibicion-de-asentamientos-en-la-barda-del-nireco\/\" \/>\n<meta property=\"og:site_name\" content=\"Patagonia Ambiental\" \/>\n<meta property=\"article:publisher\" content=\"https:\/\/www.facebook.com\/patagonia.ambiental\" \/>\n<meta property=\"article:author\" content=\"https:\/\/www.facebook.com\/share\/1C1V8Gv9BX\/?mibextid=qi2Omg\" \/>\n<meta property=\"article:published_time\" content=\"2017-08-14T22:00:03+00:00\" \/>\n<meta property=\"og:image\" content=\"https:\/\/patagoniambiental.com.ar\/info\/wp-content\/uploads\/2017\/08\/thumbnail_barda.jpg\" \/>\n\t<meta property=\"og:image:width\" content=\"640\" \/>\n\t<meta property=\"og:image:height\" content=\"424\" \/>\n\t<meta property=\"og:image:type\" content=\"image\/jpeg\" \/>\n<meta name=\"author\" content=\"Patagonia Ambiental\" \/>\n<meta name=\"twitter:card\" content=\"summary_large_image\" \/>\n<meta name=\"twitter:creator\" content=\"@PatAmb\" \/>\n<meta name=\"twitter:site\" content=\"@PatAmb\" \/>\n<script type=\"application\/ld+json\" class=\"yoast-schema-graph\">{\"@context\":\"https:\\\/\\\/schema.org\",\"@graph\":[{\"@type\":\"Article\",\"@id\":\"https:\\\/\\\/patagoniambiental.com.ar\\\/info\\\/recuerdan-la-prohibicion-de-asentamientos-en-la-barda-del-nireco\\\/#article\",\"isPartOf\":{\"@id\":\"https:\\\/\\\/patagoniambiental.com.ar\\\/info\\\/recuerdan-la-prohibicion-de-asentamientos-en-la-barda-del-nireco\\\/\"},\"author\":{\"name\":\"Patagonia Ambiental\",\"@id\":\"https:\\\/\\\/patagoniambiental.com.ar\\\/info\\\/#\\\/schema\\\/person\\\/db12bff64bbcbf6a253710bf0ea37b5d\"},\"headline\":\"Recuerdan la prohibici\u00f3n de asentamientos en la Barda del \u00d1ireco\",\"datePublished\":\"2017-08-14T22:00:03+00:00\",\"mainEntityOfPage\":{\"@id\":\"https:\\\/\\\/patagoniambiental.com.ar\\\/info\\\/recuerdan-la-prohibicion-de-asentamientos-en-la-barda-del-nireco\\\/\"},\"wordCount\":384,\"commentCount\":0,\"publisher\":{\"@id\":\"https:\\\/\\\/patagoniambiental.com.ar\\\/info\\\/#organization\"},\"image\":{\"@id\":\"https:\\\/\\\/patagoniambiental.com.ar\\\/info\\\/recuerdan-la-prohibicion-de-asentamientos-en-la-barda-del-nireco\\\/#primaryimage\"},\"thumbnailUrl\":\"https:\\\/\\\/patagoniambiental.com.ar\\\/info\\\/wp-content\\\/uploads\\\/2017\\\/08\\\/thumbnail_barda.jpg\",\"articleSection\":[\"Municipales\",\"Noticias\"],\"inLanguage\":\"es\",\"potentialAction\":[{\"@type\":\"CommentAction\",\"name\":\"Comment\",\"target\":[\"https:\\\/\\\/patagoniambiental.com.ar\\\/info\\\/recuerdan-la-prohibicion-de-asentamientos-en-la-barda-del-nireco\\\/#respond\"]}]},{\"@type\":\"WebPage\",\"@id\":\"https:\\\/\\\/patagoniambiental.com.ar\\\/info\\\/recuerdan-la-prohibicion-de-asentamientos-en-la-barda-del-nireco\\\/\",\"url\":\"https:\\\/\\\/patagoniambiental.com.ar\\\/info\\\/recuerdan-la-prohibicion-de-asentamientos-en-la-barda-del-nireco\\\/\",\"name\":\"Recuerdan la prohibici\u00f3n de asentamientos en la Barda del \u00d1ireco\",\"isPartOf\":{\"@id\":\"https:\\\/\\\/patagoniambiental.com.ar\\\/info\\\/#website\"},\"primaryImageOfPage\":{\"@id\":\"https:\\\/\\\/patagoniambiental.com.ar\\\/info\\\/recuerdan-la-prohibicion-de-asentamientos-en-la-barda-del-nireco\\\/#primaryimage\"},\"image\":{\"@id\":\"https:\\\/\\\/patagoniambiental.com.ar\\\/info\\\/recuerdan-la-prohibicion-de-asentamientos-en-la-barda-del-nireco\\\/#primaryimage\"},\"thumbnailUrl\":\"https:\\\/\\\/patagoniambiental.com.ar\\\/info\\\/wp-content\\\/uploads\\\/2017\\\/08\\\/thumbnail_barda.jpg\",\"datePublished\":\"2017-08-14T22:00:03+00:00\",\"breadcrumb\":{\"@id\":\"https:\\\/\\\/patagoniambiental.com.ar\\\/info\\\/recuerdan-la-prohibicion-de-asentamientos-en-la-barda-del-nireco\\\/#breadcrumb\"},\"inLanguage\":\"es\",\"potentialAction\":[{\"@type\":\"ReadAction\",\"target\":[\"https:\\\/\\\/patagoniambiental.com.ar\\\/info\\\/recuerdan-la-prohibicion-de-asentamientos-en-la-barda-del-nireco\\\/\"]}]},{\"@type\":\"ImageObject\",\"inLanguage\":\"es\",\"@id\":\"https:\\\/\\\/patagoniambiental.com.ar\\\/info\\\/recuerdan-la-prohibicion-de-asentamientos-en-la-barda-del-nireco\\\/#primaryimage\",\"url\":\"https:\\\/\\\/patagoniambiental.com.ar\\\/info\\\/wp-content\\\/uploads\\\/2017\\\/08\\\/thumbnail_barda.jpg\",\"contentUrl\":\"https:\\\/\\\/patagoniambiental.com.ar\\\/info\\\/wp-content\\\/uploads\\\/2017\\\/08\\\/thumbnail_barda.jpg\",\"width\":640,\"height\":424},{\"@type\":\"BreadcrumbList\",\"@id\":\"https:\\\/\\\/patagoniambiental.com.ar\\\/info\\\/recuerdan-la-prohibicion-de-asentamientos-en-la-barda-del-nireco\\\/#breadcrumb\",\"itemListElement\":[{\"@type\":\"ListItem\",\"position\":1,\"name\":\"Inicio\",\"item\":\"https:\\\/\\\/patagoniambiental.com.ar\\\/info\\\/\"},{\"@type\":\"ListItem\",\"position\":2,\"name\":\"Recuerdan la prohibici\u00f3n de asentamientos en la Barda del \u00d1ireco\"}]},{\"@type\":\"WebSite\",\"@id\":\"https:\\\/\\\/patagoniambiental.com.ar\\\/info\\\/#website\",\"url\":\"https:\\\/\\\/patagoniambiental.com.ar\\\/info\\\/\",\"name\":\"Patagonia Ambiental\",\"description\":\"Monitoreo y an\u00e1lisis de la situaci\u00f3n geopol\u00edtica en el mundo y su implicancia en la Patagonia\",\"publisher\":{\"@id\":\"https:\\\/\\\/patagoniambiental.com.ar\\\/info\\\/#organization\"},\"potentialAction\":[{\"@type\":\"SearchAction\",\"target\":{\"@type\":\"EntryPoint\",\"urlTemplate\":\"https:\\\/\\\/patagoniambiental.com.ar\\\/info\\\/?s={search_term_string}\"},\"query-input\":{\"@type\":\"PropertyValueSpecification\",\"valueRequired\":true,\"valueName\":\"search_term_string\"}}],\"inLanguage\":\"es\"},{\"@type\":\"Organization\",\"@id\":\"https:\\\/\\\/patagoniambiental.com.ar\\\/info\\\/#organization\",\"name\":\"Patagonia Ambiental\",\"url\":\"https:\\\/\\\/patagoniambiental.com.ar\\\/info\\\/\",\"logo\":{\"@type\":\"ImageObject\",\"inLanguage\":\"es\",\"@id\":\"https:\\\/\\\/patagoniambiental.com.ar\\\/info\\\/#\\\/schema\\\/logo\\\/image\\\/\",\"url\":\"https:\\\/\\\/patagoniambiental.com.ar\\\/info\\\/wp-content\\\/uploads\\\/2025\\\/05\\\/LOGO-PATAGONIA-AMBIENTAL.png\",\"contentUrl\":\"https:\\\/\\\/patagoniambiental.com.ar\\\/info\\\/wp-content\\\/uploads\\\/2025\\\/05\\\/LOGO-PATAGONIA-AMBIENTAL.png\",\"width\":433,\"height\":250,\"caption\":\"Patagonia Ambiental\"},\"image\":{\"@id\":\"https:\\\/\\\/patagoniambiental.com.ar\\\/info\\\/#\\\/schema\\\/logo\\\/image\\\/\"},\"sameAs\":[\"https:\\\/\\\/www.facebook.com\\\/patagonia.ambiental\",\"https:\\\/\\\/x.com\\\/PatAmb\"]},{\"@type\":\"Person\",\"@id\":\"https:\\\/\\\/patagoniambiental.com.ar\\\/info\\\/#\\\/schema\\\/person\\\/db12bff64bbcbf6a253710bf0ea37b5d\",\"name\":\"Patagonia Ambiental\",\"description\":\"Andr\u00e9s Nievas T\u00e9cnico en manejo ambiental, consultor Ambiental y escritor para medios locales e internacionales sobre temas de geopolitica y medio ambiente.\",\"sameAs\":[\"http:\\\/\\\/www.patagoniambiental.com.ar\",\"https:\\\/\\\/www.facebook.com\\\/share\\\/1C1V8Gv9BX\\\/?mibextid=qi2Omg\",\"@patagoniambiental\",\"https:\\\/\\\/youtube.com\\\/@patagoniaambiental2023?si=BLt58t0wuXquxlYZ\"]}]}<\/script>\n<!-- \/ Yoast SEO Premium plugin. -->","yoast_head_json":{"title":"Recuerdan la prohibici\u00f3n de asentamientos en la Barda del \u00d1ireco","robots":{"index":"index","follow":"follow","max-snippet":"max-snippet:-1","max-image-preview":"max-image-preview:large","max-video-preview":"max-video-preview:-1"},"canonical":"https:\/\/patagoniambiental.com.ar\/info\/recuerdan-la-prohibicion-de-asentamientos-en-la-barda-del-nireco\/","og_locale":"es_ES","og_type":"article","og_title":"Recuerdan la prohibici\u00f3n de asentamientos en la Barda del \u00d1ireco","og_description":"Bariloche.-Tras nuevos intentos de ocupaci\u00f3n de predios ubicados en la Barda del Arroyo \u00d1ireco, el Instituto de Tierra y Vivienda [&hellip;]","og_url":"https:\/\/patagoniambiental.com.ar\/info\/recuerdan-la-prohibicion-de-asentamientos-en-la-barda-del-nireco\/","og_site_name":"Patagonia Ambiental","article_publisher":"https:\/\/www.facebook.com\/patagonia.ambiental","article_author":"https:\/\/www.facebook.com\/share\/1C1V8Gv9BX\/?mibextid=qi2Omg","article_published_time":"2017-08-14T22:00:03+00:00","og_image":[{"width":640,"height":424,"url":"https:\/\/patagoniambiental.com.ar\/info\/wp-content\/uploads\/2017\/08\/thumbnail_barda.jpg","type":"image\/jpeg"}],"author":"Patagonia Ambiental","twitter_card":"summary_large_image","twitter_creator":"@PatAmb","twitter_site":"@PatAmb","schema":{"@context":"https:\/\/schema.org","@graph":[{"@type":"Article","@id":"https:\/\/patagoniambiental.com.ar\/info\/recuerdan-la-prohibicion-de-asentamientos-en-la-barda-del-nireco\/#article","isPartOf":{"@id":"https:\/\/patagoniambiental.com.ar\/info\/recuerdan-la-prohibicion-de-asentamientos-en-la-barda-del-nireco\/"},"author":{"name":"Patagonia Ambiental","@id":"https:\/\/patagoniambiental.com.ar\/info\/#\/schema\/person\/db12bff64bbcbf6a253710bf0ea37b5d"},"headline":"Recuerdan la prohibici\u00f3n de asentamientos en la Barda del \u00d1ireco","datePublished":"2017-08-14T22:00:03+00:00","mainEntityOfPage":{"@id":"https:\/\/patagoniambiental.com.ar\/info\/recuerdan-la-prohibicion-de-asentamientos-en-la-barda-del-nireco\/"},"wordCount":384,"commentCount":0,"publisher":{"@id":"https:\/\/patagoniambiental.com.ar\/info\/#organization"},"image":{"@id":"https:\/\/patagoniambiental.com.ar\/info\/recuerdan-la-prohibicion-de-asentamientos-en-la-barda-del-nireco\/#primaryimage"},"thumbnailUrl":"https:\/\/patagoniambiental.com.ar\/info\/wp-content\/uploads\/2017\/08\/thumbnail_barda.jpg","articleSection":["Municipales","Noticias"],"inLanguage":"es","potentialAction":[{"@type":"CommentAction","name":"Comment","target":["https:\/\/patagoniambiental.com.ar\/info\/recuerdan-la-prohibicion-de-asentamientos-en-la-barda-del-nireco\/#respond"]}]},{"@type":"WebPage","@id":"https:\/\/patagoniambiental.com.ar\/info\/recuerdan-la-prohibicion-de-asentamientos-en-la-barda-del-nireco\/","url":"https:\/\/patagoniambiental.com.ar\/info\/recuerdan-la-prohibicion-de-asentamientos-en-la-barda-del-nireco\/","name":"Recuerdan la prohibici\u00f3n de asentamientos en la Barda del \u00d1ireco","isPartOf":{"@id":"https:\/\/patagoniambiental.com.ar\/info\/#website"},"primaryImageOfPage":{"@id":"https:\/\/patagoniambiental.com.ar\/info\/recuerdan-la-prohibicion-de-asentamientos-en-la-barda-del-nireco\/#primaryimage"},"image":{"@id":"https:\/\/patagoniambiental.com.ar\/info\/recuerdan-la-prohibicion-de-asentamientos-en-la-barda-del-nireco\/#primaryimage"},"thumbnailUrl":"https:\/\/patagoniambiental.com.ar\/info\/wp-content\/uploads\/2017\/08\/thumbnail_barda.jpg","datePublished":"2017-08-14T22:00:03+00:00","breadcrumb":{"@id":"https:\/\/patagoniambiental.com.ar\/info\/recuerdan-la-prohibicion-de-asentamientos-en-la-barda-del-nireco\/#breadcrumb"},"inLanguage":"es","potentialAction":[{"@type":"ReadAction","target":["https:\/\/patagoniambiental.com.ar\/info\/recuerdan-la-prohibicion-de-asentamientos-en-la-barda-del-nireco\/"]}]},{"@type":"ImageObject","inLanguage":"es","@id":"https:\/\/patagoniambiental.com.ar\/info\/recuerdan-la-prohibicion-de-asentamientos-en-la-barda-del-nireco\/#primaryimage","url":"https:\/\/patagoniambiental.com.ar\/info\/wp-content\/uploads\/2017\/08\/thumbnail_barda.jpg","contentUrl":"https:\/\/patagoniambiental.com.ar\/info\/wp-content\/uploads\/2017\/08\/thumbnail_barda.jpg","width":640,"height":424},{"@type":"BreadcrumbList","@id":"https:\/\/patagoniambiental.com.ar\/info\/recuerdan-la-prohibicion-de-asentamientos-en-la-barda-del-nireco\/#breadcrumb","itemListElement":[{"@type":"ListItem","position":1,"name":"Inicio","item":"https:\/\/patagoniambiental.com.ar\/info\/"},{"@type":"ListItem","position":2,"name":"Recuerdan la prohibici\u00f3n de asentamientos en la Barda del \u00d1ireco"}]},{"@type":"WebSite","@id":"https:\/\/patagoniambiental.com.ar\/info\/#website","url":"https:\/\/patagoniambiental.com.ar\/info\/","name":"Patagonia Ambiental","description":"Monitoreo y an\u00e1lisis de la situaci\u00f3n geopol\u00edtica en el mundo y su implicancia en la Patagonia","publisher":{"@id":"https:\/\/patagoniambiental.com.ar\/info\/#organization"},"potentialAction":[{"@type":"SearchAction","target":{"@type":"EntryPoint","urlTemplate":"https:\/\/patagoniambiental.com.ar\/info\/?s={search_term_string}"},"query-input":{"@type":"PropertyValueSpecification","valueRequired":true,"valueName":"search_term_string"}}],"inLanguage":"es"},{"@type":"Organization","@id":"https:\/\/patagoniambiental.com.ar\/info\/#organization","name":"Patagonia Ambiental","url":"https:\/\/patagoniambiental.com.ar\/info\/","logo":{"@type":"ImageObject","inLanguage":"es","@id":"https:\/\/patagoniambiental.com.ar\/info\/#\/schema\/logo\/image\/","url":"https:\/\/patagoniambiental.com.ar\/info\/wp-content\/uploads\/2025\/05\/LOGO-PATAGONIA-AMBIENTAL.png","contentUrl":"https:\/\/patagoniambiental.com.ar\/info\/wp-content\/uploads\/2025\/05\/LOGO-PATAGONIA-AMBIENTAL.png","width":433,"height":250,"caption":"Patagonia Ambiental"},"image":{"@id":"https:\/\/patagoniambiental.com.ar\/info\/#\/schema\/logo\/image\/"},"sameAs":["https:\/\/www.facebook.com\/patagonia.ambiental","https:\/\/x.com\/PatAmb"]},{"@type":"Person","@id":"https:\/\/patagoniambiental.com.ar\/info\/#\/schema\/person\/db12bff64bbcbf6a253710bf0ea37b5d","name":"Patagonia Ambiental","description":"Andr\u00e9s Nievas T\u00e9cnico en manejo ambiental, consultor Ambiental y escritor para medios locales e internacionales sobre temas de geopolitica y medio ambiente.","sameAs":["http:\/\/www.patagoniambiental.com.ar","https:\/\/www.facebook.com\/share\/1C1V8Gv9BX\/?mibextid=qi2Omg","@patagoniambiental","https:\/\/youtube.com\/@patagoniaambiental2023?si=BLt58t0wuXquxlYZ"]}]}},"_links":{"self":[{"href":"https:\/\/patagoniambiental.com.ar\/info\/wp-json\/wp\/v2\/posts\/33224","targetHints":{"allow":["GET"]}}],"collection":[{"href":"https:\/\/patagoniambiental.com.ar\/info\/wp-json\/wp\/v2\/posts"}],"about":[{"href":"https:\/\/patagoniambiental.com.ar\/info\/wp-json\/wp\/v2\/types\/post"}],"author":[{"embeddable":true,"href":"https:\/\/patagoniambiental.com.ar\/info\/wp-json\/wp\/v2\/users\/2"}],"replies":[{"embeddable":true,"href":"https:\/\/patagoniambiental.com.ar\/info\/wp-json\/wp\/v2\/comments?post=33224"}],"version-history":[{"count":0,"href":"https:\/\/patagoniambiental.com.ar\/info\/wp-json\/wp\/v2\/posts\/33224\/revisions"}],"wp:featuredmedia":[{"embeddable":true,"href":"https:\/\/patagoniambiental.com.ar\/info\/wp-json\/wp\/v2\/media\/33225"}],"wp:attachment":[{"href":"https:\/\/patagoniambiental.com.ar\/info\/wp-json\/wp\/v2\/media?parent=33224"}],"wp:term":[{"taxonomy":"category","embeddable":true,"href":"https:\/\/patagoniambiental.com.ar\/info\/wp-json\/wp\/v2\/categories?post=33224"},{"taxonomy":"post_tag","embeddable":true,"href":"https:\/\/patagoniambiental.com.ar\/info\/wp-json\/wp\/v2\/tags?post=33224"}],"curies":[{"name":"wp","href":"https:\/\/api.w.org\/{rel}","templated":true}]}}