{"id":33243,"date":"2017-08-15T09:00:40","date_gmt":"2017-08-15T12:00:40","guid":{"rendered":"http:\/\/patagoniambiental.com.ar\/info\/?p=33243"},"modified":"2017-08-15T06:29:45","modified_gmt":"2017-08-15T09:29:45","slug":"referentes-de-espana-finlandia-eeuu-y-mexico-disertaran-en-saenz-pena-sobre-bioenergia-el-16-y-17-de-agosto","status":"publish","type":"post","link":"https:\/\/patagoniambiental.com.ar\/info\/referentes-de-espana-finlandia-eeuu-y-mexico-disertaran-en-saenz-pena-sobre-bioenergia-el-16-y-17-de-agosto\/","title":{"rendered":"Referentes de Espa\u00f1a, Finlandia, EEUU y M\u00e9xico disertar\u00e1n en Misiones sobre bioenerg\u00eda, el 16 y 17 de agosto"},"content":{"rendered":"<p>MISIONES.- Atento a que en la localidad chaque\u00f1a de S\u00e1enz Pe\u00f1a se realizar\u00e1 la semana que viene las \u201cPrimeras Jornadas Nacionales de Dendrocombustibles y Dendroenerg\u00eda\u201d, el intendente Gerardo Cipolini se reuni\u00f3 con el presidente del Consejo Profesional de Ciencias Forestales del Chaco, Mario Bejarano, para interiorizarse sobre los detalles del encuentro t\u00e9cnico que concentrar\u00e1 a investigadores y empresarios del pa\u00eds, e invitados especiales de Espa\u00f1a, Finlandia, entre otros pa\u00edses para analizar las estrategias productivas sostenibles, las tendencias y desaf\u00edos para desarrollar proyectos de bioenerg\u00eda de fuente de recursos forestales renovables.<\/p>\n<p>Durante el encuentro, Bejarano cont\u00f3 que las jornadas se realizar\u00e1n los d\u00edas mi\u00e9rcoles 16 y jueves 17 de agosto pr\u00f3ximo, en el Aula Magna de la Universidad Nacional del Chaco Austral, y que el evento tiene por objeto divulgar la importancia de este tipo de energ\u00eda renovable y su contribuci\u00f3n social, ambiental y econ\u00f3mica, desde la actividad forestal.<\/p>\n<p>Las jornadas se organizan en coincidencia con la celebraci\u00f3n el 16 de agosto, del D\u00eda del Ingeniero Forestal Argentino y los 25 a\u00f1os del Consejo Profesional de Ciencias Forestales de Chaco.<\/p>\n<p>De esta manera, Bejarano adelant\u00f3 que para las conferencias contar\u00e1n con la presencia de expositores de gran trayectoria de Espa\u00f1a y Finlandia \u2013uno de los pa\u00edses de mayor desarrollo de la industria forestal del mundo-, entre otros expertos de organizaciones de M\u00e9xico, Estados Unidos y Brasil. Tambi\u00e9n participar\u00e1n 15 expositores de Chile, Argentina y Brasil sobre trabajos cient\u00edficos, t\u00e9cnicos y empresariales.<\/p>\n<p>Por su parte, el intendente destac\u00f3 en declaraciones a la prensa local la iniciativa del Consejo Profesional de Ciencias Forestales por \u201cla organizaci\u00f3n de un evento de tama\u00f1a envergadura que posiciona a S\u00e1enz Pe\u00f1a, no solo a nivel nacional sino en el orden internacional, en lo que respecta a energ\u00edas renovables, ya que las jornadas tienen la intenci\u00f3n de que las mismas sirvan para destacar la importancia de los bosques para la provisi\u00f3n de combustibles y energ\u00eda, analizar la situaci\u00f3n actual y futura, nacional e internacional, evaluar el potencial de Argentina y de la regi\u00f3n para participar en la diversificaci\u00f3n de la matriz energ\u00e9tica y conocer la experiencia de otros pa\u00edses\u201d, dijo Cipolini, seg\u00fan inform\u00f3 el sitio chaque\u00f1o Data Chaco.<\/p>\n<p>&nbsp;<\/p>\n<h3><strong>Experiencia internacional y desarrollo local<\/strong><\/h3>\n<p>Especialistas de Finlandia, Espa\u00f1a, M\u00e9xico, Uruguay, Brasil y la Argentina ser\u00e1n parte del programa del encuentro t\u00e9cnico. En ese marco, en el\u00a0<strong>Panel de Normativas y Programas<\/strong>\u00a0se contar\u00e1 con la disertaci\u00f3n del funcionario y experto en Bioenerg\u00eda,\u00a0<strong>Ferm\u00edn Olabe Velasco<\/strong>, a cargo de la Direcci\u00f3n de Medio Natural del Gobierno de Navarra, Espa\u00f1a; en tanto, en el\u00a0<strong>Panel de Estrategias y Tecnolog\u00edas de Producci\u00f3n y Generaci\u00f3n,\u00a0<\/strong>disertar\u00e1\u00a0<strong>Enrique Riegelhaupt<\/strong>, de la Red Mexicana de Bioenerg\u00eda, quien analizar\u00e1 el potencial, oportunidades y barreras para la dendroenerg\u00eda en el Chaco Argentino; y\u00a0<strong>Miguel \u00c1ngel Mart\u00ednez<\/strong>, de la nueva empresa Fuentes de Energ\u00eda Renovables SA (Grupo INSUD) creada para llevar adelante el proyecto m\u00e1s importante del pa\u00eds en generaci\u00f3n de energ\u00eda de biomasa forestal a instalarse en Gobernador Virasoro, Corrientes, entre otras disertaciones de especialistas del pa\u00eds representantes del INTA, CIEFAP y la empresa UNITAN, de Chaco.<\/p>\n<p>En tanto, del\u00a0<strong>Panel de Mercados y Tendencias<\/strong>\u00a0participar\u00e1 el\u00a0<strong>Dr. Dominique Bernard Rene Duly<\/strong>, de P\u00d6YRY Global, de Finlandia, quien se referir\u00e1 a la implantaci\u00f3n de una Central T\u00e9rmica basada en Madera (Biomasa); sobre Desaf\u00edos de los Proyectos de Generaci\u00f3n El\u00e9ctrica basada en Dendrocombustibles expondr\u00e1 la especialista de FAO,\u00a0<strong>Mariela Beljanski<\/strong>; el consultor de GC&amp;Asociados,\u00a0<strong>Gustavo Cetr\u00e1ngolo<\/strong>, disertar\u00e1 sobre Mercados y Tendencias de la Biomasa para Energ\u00eda; y\u00a0<strong>Florencia Chavat<\/strong>, del CERFOAR-PEFC difundir\u00e1 el sistema de certificaci\u00f3n de Biomasa PEFC, como garant\u00eda de origen legal y sostenible.<\/p>\n<p>&nbsp;<\/p>\n<p>Del\u00a0panel sobre Normativas y Programas, tambi\u00e9n participar\u00e1n el diputado provincial\u00a0<strong>Hugo Sager<\/strong>, y el subsecretario de Recursos Forestales,\u00a0<strong>Luciano Olivares<\/strong>, para exponer sobre la gesti\u00f3n de los recursos naturales y energ\u00edas alternativas en Chaco, y analizar propuestas legislativas.\u00a0Del Instituto Tecnol\u00f3gico de Buenos Aires (ITBA),\u00a0<strong>Alejandro Gallino<\/strong>\u00a0se referir\u00e1 a la utilizaci\u00f3n energ\u00e9tica de la bioenerg\u00eda en la provincia de Chaco; y seguido,\u00a0<strong>Mariela Fullone<\/strong>, subsecretaria de Energ\u00eda Renovables, del Ministerio de Energ\u00eda y Miner\u00eda de la Naci\u00f3n, \u00a0explicar\u00e1 el r\u00e9gimen de Fomento Nacional para el Uso de Fuentes Renovables de Energ\u00eda destinada a la producci\u00f3n de energ\u00eda el\u00e9ctrica.<\/p>\n<p>Por el Ministerio de Agroindustria de la Naci\u00f3n, el subsecretario de Bioindustria,\u00a0<strong>Miguel Almada<\/strong>, expondr\u00e1 los alcances del PROBIOMASA (Proyecto para la promoci\u00f3n de la energ\u00eda derivada de biomasa en la Argentina).<\/p>\n<p>&nbsp;<\/p>\n<p>Para cerrar, las jornadas contar\u00e1n con un panel institucional que estar\u00e1 integrado por representantes provinciales y nacionales, del \u00e1mbito p\u00fablico y p\u00fablico, que formular\u00e1n conclusiones y recomendaciones sobre las tem\u00e1ticas expuestas. Entre los invitados, estar\u00e1 presente el subsecretario de Desarrollo Forestal,\u00a0<strong>Juan \u00c1ngel Gauto<\/strong>; el director del INTA Bella Vista,\u00a0<strong>Luis Mestres<\/strong>;\u00a0<strong>Esteban Borodowski<\/strong>, de la Subsecretar\u00eda de Foresto-industria del Ministerio de Agroindustria de la Naci\u00f3n; y\u00a0<strong>Osvaldo Vassallo<\/strong>, presidente de la Asociaci\u00f3n Forestal Argentina (Afoa), entre otros.<\/p>\n<p>&nbsp;<\/p>\n<p>\u201cCon las tem\u00e1ticas del programa se apunta a dar visibilidad a los temas de importancia en el desarrollo futuro de las actividades forestales y su contribuci\u00f3n al cambio clim\u00e1tico\u201d, explic\u00f3 en di\u00e1logo con\u00a0<a href=\"http:\/\/www.argentinaforestal.com\/\">ArgentinaForestal.com\u00a0<\/a>el presidente del Consejo Profesional de Ciencias Forestales del Chaco,\u00a0<strong>Mario Bejarano<\/strong>.<\/p>\n<p>&nbsp;<\/p>\n<p>Las jornadas cuentan con el apoyo del Ministerio de la Producci\u00f3n, del Ministerio de Planificaci\u00f3n, Ambiente e Innovaci\u00f3n Tecnol\u00f3gica, de la Subsecretaria de Recursos Naturales, de la Secretaria de Empleo y Trabajo del Gobierno de la Provincia de Chaco, entre otros organismos que tienen injerencia transversal en la actividad forestal a nivel nacional, adem\u00e1s de empresas e instituciones, como el Ministerio de Ambiente y Desarrollo Sustentable de la Naci\u00f3n, \u00a0la Direcci\u00f3n de Recursos Forestales del Gobierno de Corrientes, la Asociaci\u00f3n Empresaria Forestal del Oeste Chaque\u00f1o (<em>AEFOCh<\/em>), Asociaci\u00f3n de Productores Industriales y Forestales de Castelli (APIF J.J.Castelli) INDUNOR SA (Productos Qu\u00edmicos), entre otras empresas, y la cobertura especial de\u00a0<em>ArgentinaForestal.com<\/em>, editorial period\u00edstica del Grupo Misiones Online.<\/p>\n<p>\u201cLa foresto-industria genera en el Chaco una enorme cantidad de puestos de trabajo, una enorme cantidad de servicios ambientales por la superficie de bosques que presenta y una perspectiva de crecimiento a futuro muy importantes\u201d, asever\u00f3\u00a0Bejarano.<\/p>\n<p>Adem\u00e1s de los expertos internacionales y nacionales, durante los dos d\u00edas se estar\u00e1n exponiendo \u00a0trabajos t\u00e9cnicos y posters.<\/p>\n<p>&nbsp;<\/p>\n<h3><strong>Por una matriz energ\u00e9tica de fuentes renovables<\/strong><\/h3>\n<p>Muchos pa\u00edses en el mundo est\u00e1n trabajando desde hace varios a\u00f1os en la conversi\u00f3n de sus matrices energ\u00e9ticas, con el objetivo de contribuir al cambio clim\u00e1tico, siguiendo lineamientos globales. Pero adem\u00e1s buscan situarse en una posici\u00f3n estrat\u00e9gica en el uso de fuentes locales de suministro.<\/p>\n<p>\u201cLa Argentina, con la sanci\u00f3n de las leyes N\u00ba 26.190 y 27.191 -R\u00e9gimen de Fomento Nacional para el Uso de Fuentes Renovables de Energ\u00eda destinada a la Producci\u00f3n de Energ\u00eda El\u00e9ctrica -, en l\u00ednea con las pol\u00edticas del mundo moderno marca tambi\u00e9n el claro objetivo de modificar su matriz energ\u00e9tica, profundizando el uso diversificado de fuentes de energ\u00edas alternativas a las fuentes f\u00f3siles\u201d, fundamentan los organizadores.<\/p>\n<p>&nbsp;<\/p>\n<p>Estudios preliminares realizados por FAO, aplicando la metodolog\u00eda de mapeo de oferta y demanda integrada de dendrocombustibles (Wisdom-Argentina), muestran el enorme potencial que tiene el pa\u00eds para contribuir con las directrices de promoci\u00f3n del uso de fuentes de energ\u00eda renovables. \u201cMuchas regiones del pa\u00eds y de Chaco tienen un pasado y presente ligado a los dendrocombustibles y la dendroenerg\u00eda, con amplias posibilidades de expandir los beneficios que reporta la gesti\u00f3n adecuada de los recursos forestales disponibles localmente como fuente renovable, econ\u00f3mica, ambiental y socialmente sostenible\u201d, remarcan los profesionales forestales.<\/p>\n<p>Advierten que, si bien esta tendencia se mantendr\u00e1 por varios a\u00f1os, la matriz energ\u00e9tica actual muestra una clara evidencia de vulnerabilidad, situaci\u00f3n generada por sucesivas crisis internacionales, por los precios elevados de la energ\u00eda, por la necesidad de contar con seguridad energ\u00e9tica en los pa\u00edses y por los problemas derivados del cambio clim\u00e1tico.<\/p>\n<p>&nbsp;<\/p>\n<p>&nbsp;<\/p>\n<p><strong>Por Patricia Escobar\u00a0<\/strong><\/p>\n<div class=\"sharedaddy sd-sharing-enabled\"><\/div>\n","protected":false},"excerpt":{"rendered":"<p>MISIONES.- Atento a que en la localidad chaque\u00f1a de S\u00e1enz Pe\u00f1a se realizar\u00e1 la semana que viene las \u201cPrimeras Jornadas [&hellip;]<\/p>\n","protected":false},"author":2,"featured_media":33244,"comment_status":"open","ping_status":"open","sticky":false,"template":"","format":"standard","meta":{"site-sidebar-layout":"default","site-content-layout":"","ast-site-content-layout":"default","site-content-style":"default","site-sidebar-style":"default","ast-global-header-display":"","ast-banner-title-visibility":"","ast-main-header-display":"","ast-hfb-above-header-display":"","ast-hfb-below-header-display":"","ast-hfb-mobile-header-display":"","site-post-title":"","ast-breadcrumbs-content":"","ast-featured-img":"","footer-sml-layout":"","ast-disable-related-posts":"","theme-transparent-header-meta":"","adv-header-id-meta":"","stick-header-meta":"","header-above-stick-meta":"","header-main-stick-meta":"","header-below-stick-meta":"","astra-migrate-meta-layouts":"default","ast-page-background-enabled":"default","ast-page-background-meta":{"desktop":{"background-color":"var(--ast-global-color-5)","background-image":"","background-repeat":"repeat","background-position":"center center","background-size":"auto","background-attachment":"scroll","background-type":"","background-media":"","overlay-type":"","overlay-color":"","overlay-opacity":"","overlay-gradient":""},"tablet":{"background-color":"","background-image":"","background-repeat":"repeat","background-position":"center center","background-size":"auto","background-attachment":"scroll","background-type":"","background-media":"","overlay-type":"","overlay-color":"","overlay-opacity":"","overlay-gradient":""},"mobile":{"background-color":"","background-image":"","background-repeat":"repeat","background-position":"center center","background-size":"auto","background-attachment":"scroll","background-type":"","background-media":"","overlay-type":"","overlay-color":"","overlay-opacity":"","overlay-gradient":""}},"ast-content-background-meta":{"desktop":{"background-color":"var(--ast-global-color-4)","background-image":"","background-repeat":"repeat","background-position":"center center","background-size":"auto","background-attachment":"scroll","background-type":"","background-media":"","overlay-type":"","overlay-color":"","overlay-opacity":"","overlay-gradient":""},"tablet":{"background-color":"var(--ast-global-color-4)","background-image":"","background-repeat":"repeat","background-position":"center center","background-size":"auto","background-attachment":"scroll","background-type":"","background-media":"","overlay-type":"","overlay-color":"","overlay-opacity":"","overlay-gradient":""},"mobile":{"background-color":"var(--ast-global-color-4)","background-image":"","background-repeat":"repeat","background-position":"center center","background-size":"auto","background-attachment":"scroll","background-type":"","background-media":"","overlay-type":"","overlay-color":"","overlay-opacity":"","overlay-gradient":""}},"footnotes":""},"categories":[12,1],"tags":[],"class_list":["post-33243","post","type-post","status-publish","format-standard","has-post-thumbnail","hentry","category-agenda-ambiental","category-noticias"],"yoast_head":"<!-- This site is optimized with the Yoast SEO Premium plugin v23.0 (Yoast SEO v27.5) - https:\/\/yoast.com\/product\/yoast-seo-premium-wordpress\/ -->\n<title>Referentes de Espa\u00f1a, Finlandia, EEUU y M\u00e9xico disertar\u00e1n en Misiones sobre bioenerg\u00eda, el 16 y 17 de agosto<\/title>\n<meta name=\"robots\" content=\"index, follow, max-snippet:-1, max-image-preview:large, max-video-preview:-1\" \/>\n<link rel=\"canonical\" href=\"https:\/\/patagoniambiental.com.ar\/info\/referentes-de-espana-finlandia-eeuu-y-mexico-disertaran-en-saenz-pena-sobre-bioenergia-el-16-y-17-de-agosto\/\" \/>\n<meta property=\"og:locale\" content=\"es_ES\" \/>\n<meta property=\"og:type\" content=\"article\" \/>\n<meta property=\"og:title\" content=\"Referentes de Espa\u00f1a, Finlandia, EEUU y M\u00e9xico disertar\u00e1n en Misiones sobre bioenerg\u00eda, el 16 y 17 de agosto\" \/>\n<meta property=\"og:description\" content=\"MISIONES.- Atento a que en la localidad chaque\u00f1a de S\u00e1enz Pe\u00f1a se realizar\u00e1 la semana que viene las \u201cPrimeras Jornadas [&hellip;]\" \/>\n<meta property=\"og:url\" content=\"https:\/\/patagoniambiental.com.ar\/info\/referentes-de-espana-finlandia-eeuu-y-mexico-disertaran-en-saenz-pena-sobre-bioenergia-el-16-y-17-de-agosto\/\" \/>\n<meta property=\"og:site_name\" content=\"Patagonia Ambiental\" \/>\n<meta property=\"article:publisher\" content=\"https:\/\/www.facebook.com\/patagonia.ambiental\" \/>\n<meta property=\"article:author\" content=\"https:\/\/www.facebook.com\/share\/1C1V8Gv9BX\/?mibextid=qi2Omg\" \/>\n<meta property=\"article:published_time\" content=\"2017-08-15T12:00:40+00:00\" \/>\n<meta property=\"og:image\" content=\"https:\/\/patagoniambiental.com.ar\/info\/wp-content\/uploads\/2017\/08\/jornada-biocombustiblex.jpg\" \/>\n\t<meta property=\"og:image:width\" content=\"520\" \/>\n\t<meta property=\"og:image:height\" content=\"245\" \/>\n\t<meta property=\"og:image:type\" content=\"image\/jpeg\" \/>\n<meta name=\"author\" content=\"Patagonia Ambiental\" \/>\n<meta name=\"twitter:card\" content=\"summary_large_image\" \/>\n<meta name=\"twitter:creator\" content=\"@PatAmb\" \/>\n<meta name=\"twitter:site\" content=\"@PatAmb\" \/>\n<script type=\"application\/ld+json\" class=\"yoast-schema-graph\">{\"@context\":\"https:\\\/\\\/schema.org\",\"@graph\":[{\"@type\":\"Article\",\"@id\":\"https:\\\/\\\/patagoniambiental.com.ar\\\/info\\\/referentes-de-espana-finlandia-eeuu-y-mexico-disertaran-en-saenz-pena-sobre-bioenergia-el-16-y-17-de-agosto\\\/#article\",\"isPartOf\":{\"@id\":\"https:\\\/\\\/patagoniambiental.com.ar\\\/info\\\/referentes-de-espana-finlandia-eeuu-y-mexico-disertaran-en-saenz-pena-sobre-bioenergia-el-16-y-17-de-agosto\\\/\"},\"author\":{\"name\":\"Patagonia Ambiental\",\"@id\":\"https:\\\/\\\/patagoniambiental.com.ar\\\/info\\\/#\\\/schema\\\/person\\\/db12bff64bbcbf6a253710bf0ea37b5d\"},\"headline\":\"Referentes de Espa\u00f1a, Finlandia, EEUU y M\u00e9xico disertar\u00e1n en Misiones sobre bioenerg\u00eda, el 16 y 17 de agosto\",\"datePublished\":\"2017-08-15T12:00:40+00:00\",\"mainEntityOfPage\":{\"@id\":\"https:\\\/\\\/patagoniambiental.com.ar\\\/info\\\/referentes-de-espana-finlandia-eeuu-y-mexico-disertaran-en-saenz-pena-sobre-bioenergia-el-16-y-17-de-agosto\\\/\"},\"wordCount\":1475,\"commentCount\":0,\"publisher\":{\"@id\":\"https:\\\/\\\/patagoniambiental.com.ar\\\/info\\\/#organization\"},\"image\":{\"@id\":\"https:\\\/\\\/patagoniambiental.com.ar\\\/info\\\/referentes-de-espana-finlandia-eeuu-y-mexico-disertaran-en-saenz-pena-sobre-bioenergia-el-16-y-17-de-agosto\\\/#primaryimage\"},\"thumbnailUrl\":\"https:\\\/\\\/patagoniambiental.com.ar\\\/info\\\/wp-content\\\/uploads\\\/2017\\\/08\\\/jornada-biocombustiblex.jpg\",\"articleSection\":[\"Agenda Ambiental\",\"Noticias\"],\"inLanguage\":\"es\",\"potentialAction\":[{\"@type\":\"CommentAction\",\"name\":\"Comment\",\"target\":[\"https:\\\/\\\/patagoniambiental.com.ar\\\/info\\\/referentes-de-espana-finlandia-eeuu-y-mexico-disertaran-en-saenz-pena-sobre-bioenergia-el-16-y-17-de-agosto\\\/#respond\"]}]},{\"@type\":\"WebPage\",\"@id\":\"https:\\\/\\\/patagoniambiental.com.ar\\\/info\\\/referentes-de-espana-finlandia-eeuu-y-mexico-disertaran-en-saenz-pena-sobre-bioenergia-el-16-y-17-de-agosto\\\/\",\"url\":\"https:\\\/\\\/patagoniambiental.com.ar\\\/info\\\/referentes-de-espana-finlandia-eeuu-y-mexico-disertaran-en-saenz-pena-sobre-bioenergia-el-16-y-17-de-agosto\\\/\",\"name\":\"Referentes de Espa\u00f1a, Finlandia, EEUU y M\u00e9xico disertar\u00e1n en Misiones sobre bioenerg\u00eda, el 16 y 17 de agosto\",\"isPartOf\":{\"@id\":\"https:\\\/\\\/patagoniambiental.com.ar\\\/info\\\/#website\"},\"primaryImageOfPage\":{\"@id\":\"https:\\\/\\\/patagoniambiental.com.ar\\\/info\\\/referentes-de-espana-finlandia-eeuu-y-mexico-disertaran-en-saenz-pena-sobre-bioenergia-el-16-y-17-de-agosto\\\/#primaryimage\"},\"image\":{\"@id\":\"https:\\\/\\\/patagoniambiental.com.ar\\\/info\\\/referentes-de-espana-finlandia-eeuu-y-mexico-disertaran-en-saenz-pena-sobre-bioenergia-el-16-y-17-de-agosto\\\/#primaryimage\"},\"thumbnailUrl\":\"https:\\\/\\\/patagoniambiental.com.ar\\\/info\\\/wp-content\\\/uploads\\\/2017\\\/08\\\/jornada-biocombustiblex.jpg\",\"datePublished\":\"2017-08-15T12:00:40+00:00\",\"breadcrumb\":{\"@id\":\"https:\\\/\\\/patagoniambiental.com.ar\\\/info\\\/referentes-de-espana-finlandia-eeuu-y-mexico-disertaran-en-saenz-pena-sobre-bioenergia-el-16-y-17-de-agosto\\\/#breadcrumb\"},\"inLanguage\":\"es\",\"potentialAction\":[{\"@type\":\"ReadAction\",\"target\":[\"https:\\\/\\\/patagoniambiental.com.ar\\\/info\\\/referentes-de-espana-finlandia-eeuu-y-mexico-disertaran-en-saenz-pena-sobre-bioenergia-el-16-y-17-de-agosto\\\/\"]}]},{\"@type\":\"ImageObject\",\"inLanguage\":\"es\",\"@id\":\"https:\\\/\\\/patagoniambiental.com.ar\\\/info\\\/referentes-de-espana-finlandia-eeuu-y-mexico-disertaran-en-saenz-pena-sobre-bioenergia-el-16-y-17-de-agosto\\\/#primaryimage\",\"url\":\"https:\\\/\\\/patagoniambiental.com.ar\\\/info\\\/wp-content\\\/uploads\\\/2017\\\/08\\\/jornada-biocombustiblex.jpg\",\"contentUrl\":\"https:\\\/\\\/patagoniambiental.com.ar\\\/info\\\/wp-content\\\/uploads\\\/2017\\\/08\\\/jornada-biocombustiblex.jpg\",\"width\":520,\"height\":245},{\"@type\":\"BreadcrumbList\",\"@id\":\"https:\\\/\\\/patagoniambiental.com.ar\\\/info\\\/referentes-de-espana-finlandia-eeuu-y-mexico-disertaran-en-saenz-pena-sobre-bioenergia-el-16-y-17-de-agosto\\\/#breadcrumb\",\"itemListElement\":[{\"@type\":\"ListItem\",\"position\":1,\"name\":\"Inicio\",\"item\":\"https:\\\/\\\/patagoniambiental.com.ar\\\/info\\\/\"},{\"@type\":\"ListItem\",\"position\":2,\"name\":\"Referentes de Espa\u00f1a, Finlandia, EEUU y M\u00e9xico disertar\u00e1n en Misiones sobre bioenerg\u00eda, el 16 y 17 de agosto\"}]},{\"@type\":\"WebSite\",\"@id\":\"https:\\\/\\\/patagoniambiental.com.ar\\\/info\\\/#website\",\"url\":\"https:\\\/\\\/patagoniambiental.com.ar\\\/info\\\/\",\"name\":\"Patagonia Ambiental\",\"description\":\"Monitoreo y an\u00e1lisis de la situaci\u00f3n geopol\u00edtica en el mundo y su implicancia en la Patagonia\",\"publisher\":{\"@id\":\"https:\\\/\\\/patagoniambiental.com.ar\\\/info\\\/#organization\"},\"potentialAction\":[{\"@type\":\"SearchAction\",\"target\":{\"@type\":\"EntryPoint\",\"urlTemplate\":\"https:\\\/\\\/patagoniambiental.com.ar\\\/info\\\/?s={search_term_string}\"},\"query-input\":{\"@type\":\"PropertyValueSpecification\",\"valueRequired\":true,\"valueName\":\"search_term_string\"}}],\"inLanguage\":\"es\"},{\"@type\":\"Organization\",\"@id\":\"https:\\\/\\\/patagoniambiental.com.ar\\\/info\\\/#organization\",\"name\":\"Patagonia Ambiental\",\"url\":\"https:\\\/\\\/patagoniambiental.com.ar\\\/info\\\/\",\"logo\":{\"@type\":\"ImageObject\",\"inLanguage\":\"es\",\"@id\":\"https:\\\/\\\/patagoniambiental.com.ar\\\/info\\\/#\\\/schema\\\/logo\\\/image\\\/\",\"url\":\"https:\\\/\\\/patagoniambiental.com.ar\\\/info\\\/wp-content\\\/uploads\\\/2025\\\/05\\\/LOGO-PATAGONIA-AMBIENTAL.png\",\"contentUrl\":\"https:\\\/\\\/patagoniambiental.com.ar\\\/info\\\/wp-content\\\/uploads\\\/2025\\\/05\\\/LOGO-PATAGONIA-AMBIENTAL.png\",\"width\":433,\"height\":250,\"caption\":\"Patagonia Ambiental\"},\"image\":{\"@id\":\"https:\\\/\\\/patagoniambiental.com.ar\\\/info\\\/#\\\/schema\\\/logo\\\/image\\\/\"},\"sameAs\":[\"https:\\\/\\\/www.facebook.com\\\/patagonia.ambiental\",\"https:\\\/\\\/x.com\\\/PatAmb\"]},{\"@type\":\"Person\",\"@id\":\"https:\\\/\\\/patagoniambiental.com.ar\\\/info\\\/#\\\/schema\\\/person\\\/db12bff64bbcbf6a253710bf0ea37b5d\",\"name\":\"Patagonia Ambiental\",\"description\":\"Andr\u00e9s Nievas T\u00e9cnico en manejo ambiental, consultor Ambiental y escritor para medios locales e internacionales sobre temas de geopolitica y medio ambiente.\",\"sameAs\":[\"http:\\\/\\\/www.patagoniambiental.com.ar\",\"https:\\\/\\\/www.facebook.com\\\/share\\\/1C1V8Gv9BX\\\/?mibextid=qi2Omg\",\"@patagoniambiental\",\"https:\\\/\\\/youtube.com\\\/@patagoniaambiental2023?si=BLt58t0wuXquxlYZ\"]}]}<\/script>\n<!-- \/ Yoast SEO Premium plugin. -->","yoast_head_json":{"title":"Referentes de Espa\u00f1a, Finlandia, EEUU y M\u00e9xico disertar\u00e1n en Misiones sobre bioenerg\u00eda, el 16 y 17 de agosto","robots":{"index":"index","follow":"follow","max-snippet":"max-snippet:-1","max-image-preview":"max-image-preview:large","max-video-preview":"max-video-preview:-1"},"canonical":"https:\/\/patagoniambiental.com.ar\/info\/referentes-de-espana-finlandia-eeuu-y-mexico-disertaran-en-saenz-pena-sobre-bioenergia-el-16-y-17-de-agosto\/","og_locale":"es_ES","og_type":"article","og_title":"Referentes de Espa\u00f1a, Finlandia, EEUU y M\u00e9xico disertar\u00e1n en Misiones sobre bioenerg\u00eda, el 16 y 17 de agosto","og_description":"MISIONES.- Atento a que en la localidad chaque\u00f1a de S\u00e1enz Pe\u00f1a se realizar\u00e1 la semana que viene las \u201cPrimeras Jornadas [&hellip;]","og_url":"https:\/\/patagoniambiental.com.ar\/info\/referentes-de-espana-finlandia-eeuu-y-mexico-disertaran-en-saenz-pena-sobre-bioenergia-el-16-y-17-de-agosto\/","og_site_name":"Patagonia Ambiental","article_publisher":"https:\/\/www.facebook.com\/patagonia.ambiental","article_author":"https:\/\/www.facebook.com\/share\/1C1V8Gv9BX\/?mibextid=qi2Omg","article_published_time":"2017-08-15T12:00:40+00:00","og_image":[{"width":520,"height":245,"url":"https:\/\/patagoniambiental.com.ar\/info\/wp-content\/uploads\/2017\/08\/jornada-biocombustiblex.jpg","type":"image\/jpeg"}],"author":"Patagonia Ambiental","twitter_card":"summary_large_image","twitter_creator":"@PatAmb","twitter_site":"@PatAmb","schema":{"@context":"https:\/\/schema.org","@graph":[{"@type":"Article","@id":"https:\/\/patagoniambiental.com.ar\/info\/referentes-de-espana-finlandia-eeuu-y-mexico-disertaran-en-saenz-pena-sobre-bioenergia-el-16-y-17-de-agosto\/#article","isPartOf":{"@id":"https:\/\/patagoniambiental.com.ar\/info\/referentes-de-espana-finlandia-eeuu-y-mexico-disertaran-en-saenz-pena-sobre-bioenergia-el-16-y-17-de-agosto\/"},"author":{"name":"Patagonia Ambiental","@id":"https:\/\/patagoniambiental.com.ar\/info\/#\/schema\/person\/db12bff64bbcbf6a253710bf0ea37b5d"},"headline":"Referentes de Espa\u00f1a, Finlandia, EEUU y M\u00e9xico disertar\u00e1n en Misiones sobre bioenerg\u00eda, el 16 y 17 de agosto","datePublished":"2017-08-15T12:00:40+00:00","mainEntityOfPage":{"@id":"https:\/\/patagoniambiental.com.ar\/info\/referentes-de-espana-finlandia-eeuu-y-mexico-disertaran-en-saenz-pena-sobre-bioenergia-el-16-y-17-de-agosto\/"},"wordCount":1475,"commentCount":0,"publisher":{"@id":"https:\/\/patagoniambiental.com.ar\/info\/#organization"},"image":{"@id":"https:\/\/patagoniambiental.com.ar\/info\/referentes-de-espana-finlandia-eeuu-y-mexico-disertaran-en-saenz-pena-sobre-bioenergia-el-16-y-17-de-agosto\/#primaryimage"},"thumbnailUrl":"https:\/\/patagoniambiental.com.ar\/info\/wp-content\/uploads\/2017\/08\/jornada-biocombustiblex.jpg","articleSection":["Agenda Ambiental","Noticias"],"inLanguage":"es","potentialAction":[{"@type":"CommentAction","name":"Comment","target":["https:\/\/patagoniambiental.com.ar\/info\/referentes-de-espana-finlandia-eeuu-y-mexico-disertaran-en-saenz-pena-sobre-bioenergia-el-16-y-17-de-agosto\/#respond"]}]},{"@type":"WebPage","@id":"https:\/\/patagoniambiental.com.ar\/info\/referentes-de-espana-finlandia-eeuu-y-mexico-disertaran-en-saenz-pena-sobre-bioenergia-el-16-y-17-de-agosto\/","url":"https:\/\/patagoniambiental.com.ar\/info\/referentes-de-espana-finlandia-eeuu-y-mexico-disertaran-en-saenz-pena-sobre-bioenergia-el-16-y-17-de-agosto\/","name":"Referentes de Espa\u00f1a, Finlandia, EEUU y M\u00e9xico disertar\u00e1n en Misiones sobre bioenerg\u00eda, el 16 y 17 de agosto","isPartOf":{"@id":"https:\/\/patagoniambiental.com.ar\/info\/#website"},"primaryImageOfPage":{"@id":"https:\/\/patagoniambiental.com.ar\/info\/referentes-de-espana-finlandia-eeuu-y-mexico-disertaran-en-saenz-pena-sobre-bioenergia-el-16-y-17-de-agosto\/#primaryimage"},"image":{"@id":"https:\/\/patagoniambiental.com.ar\/info\/referentes-de-espana-finlandia-eeuu-y-mexico-disertaran-en-saenz-pena-sobre-bioenergia-el-16-y-17-de-agosto\/#primaryimage"},"thumbnailUrl":"https:\/\/patagoniambiental.com.ar\/info\/wp-content\/uploads\/2017\/08\/jornada-biocombustiblex.jpg","datePublished":"2017-08-15T12:00:40+00:00","breadcrumb":{"@id":"https:\/\/patagoniambiental.com.ar\/info\/referentes-de-espana-finlandia-eeuu-y-mexico-disertaran-en-saenz-pena-sobre-bioenergia-el-16-y-17-de-agosto\/#breadcrumb"},"inLanguage":"es","potentialAction":[{"@type":"ReadAction","target":["https:\/\/patagoniambiental.com.ar\/info\/referentes-de-espana-finlandia-eeuu-y-mexico-disertaran-en-saenz-pena-sobre-bioenergia-el-16-y-17-de-agosto\/"]}]},{"@type":"ImageObject","inLanguage":"es","@id":"https:\/\/patagoniambiental.com.ar\/info\/referentes-de-espana-finlandia-eeuu-y-mexico-disertaran-en-saenz-pena-sobre-bioenergia-el-16-y-17-de-agosto\/#primaryimage","url":"https:\/\/patagoniambiental.com.ar\/info\/wp-content\/uploads\/2017\/08\/jornada-biocombustiblex.jpg","contentUrl":"https:\/\/patagoniambiental.com.ar\/info\/wp-content\/uploads\/2017\/08\/jornada-biocombustiblex.jpg","width":520,"height":245},{"@type":"BreadcrumbList","@id":"https:\/\/patagoniambiental.com.ar\/info\/referentes-de-espana-finlandia-eeuu-y-mexico-disertaran-en-saenz-pena-sobre-bioenergia-el-16-y-17-de-agosto\/#breadcrumb","itemListElement":[{"@type":"ListItem","position":1,"name":"Inicio","item":"https:\/\/patagoniambiental.com.ar\/info\/"},{"@type":"ListItem","position":2,"name":"Referentes de Espa\u00f1a, Finlandia, EEUU y M\u00e9xico disertar\u00e1n en Misiones sobre bioenerg\u00eda, el 16 y 17 de agosto"}]},{"@type":"WebSite","@id":"https:\/\/patagoniambiental.com.ar\/info\/#website","url":"https:\/\/patagoniambiental.com.ar\/info\/","name":"Patagonia Ambiental","description":"Monitoreo y an\u00e1lisis de la situaci\u00f3n geopol\u00edtica en el mundo y su implicancia en la Patagonia","publisher":{"@id":"https:\/\/patagoniambiental.com.ar\/info\/#organization"},"potentialAction":[{"@type":"SearchAction","target":{"@type":"EntryPoint","urlTemplate":"https:\/\/patagoniambiental.com.ar\/info\/?s={search_term_string}"},"query-input":{"@type":"PropertyValueSpecification","valueRequired":true,"valueName":"search_term_string"}}],"inLanguage":"es"},{"@type":"Organization","@id":"https:\/\/patagoniambiental.com.ar\/info\/#organization","name":"Patagonia Ambiental","url":"https:\/\/patagoniambiental.com.ar\/info\/","logo":{"@type":"ImageObject","inLanguage":"es","@id":"https:\/\/patagoniambiental.com.ar\/info\/#\/schema\/logo\/image\/","url":"https:\/\/patagoniambiental.com.ar\/info\/wp-content\/uploads\/2025\/05\/LOGO-PATAGONIA-AMBIENTAL.png","contentUrl":"https:\/\/patagoniambiental.com.ar\/info\/wp-content\/uploads\/2025\/05\/LOGO-PATAGONIA-AMBIENTAL.png","width":433,"height":250,"caption":"Patagonia Ambiental"},"image":{"@id":"https:\/\/patagoniambiental.com.ar\/info\/#\/schema\/logo\/image\/"},"sameAs":["https:\/\/www.facebook.com\/patagonia.ambiental","https:\/\/x.com\/PatAmb"]},{"@type":"Person","@id":"https:\/\/patagoniambiental.com.ar\/info\/#\/schema\/person\/db12bff64bbcbf6a253710bf0ea37b5d","name":"Patagonia Ambiental","description":"Andr\u00e9s Nievas T\u00e9cnico en manejo ambiental, consultor Ambiental y escritor para medios locales e internacionales sobre temas de geopolitica y medio ambiente.","sameAs":["http:\/\/www.patagoniambiental.com.ar","https:\/\/www.facebook.com\/share\/1C1V8Gv9BX\/?mibextid=qi2Omg","@patagoniambiental","https:\/\/youtube.com\/@patagoniaambiental2023?si=BLt58t0wuXquxlYZ"]}]}},"_links":{"self":[{"href":"https:\/\/patagoniambiental.com.ar\/info\/wp-json\/wp\/v2\/posts\/33243","targetHints":{"allow":["GET"]}}],"collection":[{"href":"https:\/\/patagoniambiental.com.ar\/info\/wp-json\/wp\/v2\/posts"}],"about":[{"href":"https:\/\/patagoniambiental.com.ar\/info\/wp-json\/wp\/v2\/types\/post"}],"author":[{"embeddable":true,"href":"https:\/\/patagoniambiental.com.ar\/info\/wp-json\/wp\/v2\/users\/2"}],"replies":[{"embeddable":true,"href":"https:\/\/patagoniambiental.com.ar\/info\/wp-json\/wp\/v2\/comments?post=33243"}],"version-history":[{"count":0,"href":"https:\/\/patagoniambiental.com.ar\/info\/wp-json\/wp\/v2\/posts\/33243\/revisions"}],"wp:featuredmedia":[{"embeddable":true,"href":"https:\/\/patagoniambiental.com.ar\/info\/wp-json\/wp\/v2\/media\/33244"}],"wp:attachment":[{"href":"https:\/\/patagoniambiental.com.ar\/info\/wp-json\/wp\/v2\/media?parent=33243"}],"wp:term":[{"taxonomy":"category","embeddable":true,"href":"https:\/\/patagoniambiental.com.ar\/info\/wp-json\/wp\/v2\/categories?post=33243"},{"taxonomy":"post_tag","embeddable":true,"href":"https:\/\/patagoniambiental.com.ar\/info\/wp-json\/wp\/v2\/tags?post=33243"}],"curies":[{"name":"wp","href":"https:\/\/api.w.org\/{rel}","templated":true}]}}