{"id":33250,"date":"2017-08-15T09:00:57","date_gmt":"2017-08-15T12:00:57","guid":{"rendered":"http:\/\/patagoniambiental.com.ar\/info\/?p=33250"},"modified":"2017-08-15T06:35:25","modified_gmt":"2017-08-15T09:35:25","slug":"chile-amplia-etiquetado-de-eficiencia-energetica-a-vehiculos-electricos-hibridos-y-comerciales","status":"publish","type":"post","link":"https:\/\/patagoniambiental.com.ar\/info\/chile-amplia-etiquetado-de-eficiencia-energetica-a-vehiculos-electricos-hibridos-y-comerciales\/","title":{"rendered":"Chile ampl\u00eda etiquetado de eficiencia energ\u00e9tica a veh\u00edculos el\u00e9ctricos, h\u00edbridos y comerciales"},"content":{"rendered":"<div class=\"bajada\">\n<div class=\"field field-name-field-bajada field-type-text-long field-label-hidden\">\n<div class=\"field-items\">\n<div class=\"field-item even\">CHILE.- Con el objeto que los consumidores puedan tomar una mejor decisi\u00f3n en cuanto a eficiencia energ\u00e9tica e impacto ambiental a la hora de comprar un autom\u00f3vil, los ministros de Energ\u00eda, Andr\u00e9s Rebolledo; Transportes y Telecomunicaciones, Paola Tapia; y Medio Ambiente, Marcelo Mena, dieron a conocer la extensi\u00f3n del etiquetado eficiente para veh\u00edculos. La herramienta permitir\u00e1 a los usuarios comparar el mejor rendimiento y las emisiones de CO2 de los modelos disponibles en el mercado, sumando camionetas, furgones y m\u00e1quinas con matrices energ\u00e9ticas diversas.<\/div>\n<\/div>\n<\/div>\n<\/div>\n<div class=\"body\">\n<div class=\"field field-name-body field-type-text-with-summary field-label-hidden\">\n<div class=\"field-items\">\n<div class=\"field-item even\">\n<p>El sello, que comenz\u00f3 a operar en 2013 para veh\u00edculos livianos, se ampli\u00f3 desde este lunes 26 de junio, a veh\u00edculos medianos, comerciales y de diferente matriz energ\u00e9tica como son los modelos que utilizan electricidad o cuyo motor es h\u00edbrido. Con esto, se entrega informaci\u00f3n precisa sobre sus rendimientos y las emisiones de CO2 que generan.<\/p>\n<p>\u201cCon esta herramienta, quienes compren autom\u00f3viles tendr\u00e1n la opci\u00f3n de comparar una gran gama de veh\u00edculos, y de esta forma elegir los m\u00e1s eficientes o los que m\u00e1s les acomoden para su uso. Desde ahora regir\u00e1 para veh\u00edculos sed\u00e1n, SUV, hatchback, camionetas, furgones, que utilicen gasolina, di\u00e9sel o electricidad\u201d, manifest\u00f3 el ministro Rebolledo.<\/p>\n<p>El ministro de energ\u00eda calific\u00f3 la herramienta como una gran ayuda para quienes deseen adquirir un veh\u00edculo nuevo y destaco el ahorro que puede alcanzar quienes adquieran veh\u00edculos para trabajar. \u201cUna novedad de esta ampliaci\u00f3n del etiquetado es que aquellos usuarios que utilizan veh\u00edculos como parte de su negocio, podr\u00e1n ahora comparar y escoger los m\u00e1s eficientes. Con ello lograr\u00e1n grandes ahorros que les permitir\u00e1 ser m\u00e1s competitivos en el mercado. Por ejemplo, los ahorros para veh\u00edculos como camionetas o furgones, que pueden ser destinados\u00a0 a transporte de carga o pasajeros, llegan a m\u00e1s de $1.500.000 al a\u00f1o\u201d, explic\u00f3.<\/p>\n<p><strong>Rendimiento en ciudad<\/strong><\/p>\n<p>La ministra Tapia indic\u00f3, por su parte, que \u201cla recomendaci\u00f3n es informarse y hacer la comparaciones de eficiencia energ\u00e9tica para la compra de un autom\u00f3vil. El Centro de Control y Certificaci\u00f3n Vehicular es el encargado de entregar la informaci\u00f3n esencial para los usuarios que estar\u00e1 disponible en la web y en la informaci\u00f3n de los sellos. En el etiquetado podemos distinguir el rendimiento de un veh\u00edculo en ciudad, en carretera y en uso mixto y la cantidad de contaminantes que generan\u201d.<\/p>\n<p>El Ministro Mena, por su parte, coment\u00f3 que \u201c\u2019m\u00e1s de un tercio de los gases de efecto invernadero de Chile provienen del sector transporte y en Santiago, casi el 40% de la contaminaci\u00f3n se debe a este factor. Por eso la decisi\u00f3n de un consumidor respecto a la eficiencia del veh\u00edculo es muy importante porque lo que est\u00e1 en juego la protecci\u00f3n de la salud de las personas y de nuestro planeta\u201d. Adem\u00e1s de lo anterior, agreg\u00f3 que \u201cuno puede ahorrar mucho con un veh\u00edculo m\u00e1s eficiente, pero tambi\u00e9n est\u00e1 aportando significativamente a una menor contaminaci\u00f3n atmosf\u00e9rica y al cambio clim\u00e1tico\u201d.<\/p>\n<p>Toda la informaci\u00f3n sobre los diversos autom\u00f3viles disponibles en el mercado, se encuentra disponible en la web\u00a0<a href=\"http:\/\/www.consumovehicular.cl\/\" target=\"_blank\" rel=\"noopener\"><strong>www.consumovehicular.cl<\/strong><\/a>. Cabe mencionar que Chile fue el primer pa\u00eds latinoamericano en implementar un etiquetado obligatorio con estos fines.<\/p>\n<p>Este nuevo etiquetado vehicular, ha sido un trabajo conjunto entre los Ministerios de Energ\u00eda, Transportes y Telecomunicaciones, y Medio Ambiente, el cual ha sido formalizado a trav\u00e9s del decreto supremo N\u00b0107, de fecha 18 de julio de 2016 y tomado de raz\u00f3n por la Contralor\u00eda General de la Rep\u00fablica el 20 de diciembre de 2016. Este decreto establece la modificaci\u00f3n al etiquetado vehicular vigente a esa fecha.<\/p>\n<\/div>\n<\/div>\n<\/div>\n<\/div>\n<div class=\"clearfix\">\u00a0Fuente:\u00a0http:\/\/www.comunicarseweb.com.ar\/noticia\/chile-amplia-etiquetado-de-eficiencia-energetica-vehiculos-electricos-hibridos-y-comerciales<\/div>\n","protected":false},"excerpt":{"rendered":"<p>CHILE.- Con el objeto que los consumidores puedan tomar una mejor decisi\u00f3n en cuanto a eficiencia energ\u00e9tica e impacto ambiental [&hellip;]<\/p>\n","protected":false},"author":2,"featured_media":33251,"comment_status":"open","ping_status":"open","sticky":false,"template":"","format":"standard","meta":{"site-sidebar-layout":"default","site-content-layout":"","ast-site-content-layout":"default","site-content-style":"default","site-sidebar-style":"default","ast-global-header-display":"","ast-banner-title-visibility":"","ast-main-header-display":"","ast-hfb-above-header-display":"","ast-hfb-below-header-display":"","ast-hfb-mobile-header-display":"","site-post-title":"","ast-breadcrumbs-content":"","ast-featured-img":"","footer-sml-layout":"","ast-disable-related-posts":"","theme-transparent-header-meta":"","adv-header-id-meta":"","stick-header-meta":"","header-above-stick-meta":"","header-main-stick-meta":"","header-below-stick-meta":"","astra-migrate-meta-layouts":"default","ast-page-background-enabled":"default","ast-page-background-meta":{"desktop":{"background-color":"var(--ast-global-color-5)","background-image":"","background-repeat":"repeat","background-position":"center center","background-size":"auto","background-attachment":"scroll","background-type":"","background-media":"","overlay-type":"","overlay-color":"","overlay-opacity":"","overlay-gradient":""},"tablet":{"background-color":"","background-image":"","background-repeat":"repeat","background-position":"center center","background-size":"auto","background-attachment":"scroll","background-type":"","background-media":"","overlay-type":"","overlay-color":"","overlay-opacity":"","overlay-gradient":""},"mobile":{"background-color":"","background-image":"","background-repeat":"repeat","background-position":"center center","background-size":"auto","background-attachment":"scroll","background-type":"","background-media":"","overlay-type":"","overlay-color":"","overlay-opacity":"","overlay-gradient":""}},"ast-content-background-meta":{"desktop":{"background-color":"var(--ast-global-color-4)","background-image":"","background-repeat":"repeat","background-position":"center center","background-size":"auto","background-attachment":"scroll","background-type":"","background-media":"","overlay-type":"","overlay-color":"","overlay-opacity":"","overlay-gradient":""},"tablet":{"background-color":"var(--ast-global-color-4)","background-image":"","background-repeat":"repeat","background-position":"center center","background-size":"auto","background-attachment":"scroll","background-type":"","background-media":"","overlay-type":"","overlay-color":"","overlay-opacity":"","overlay-gradient":""},"mobile":{"background-color":"var(--ast-global-color-4)","background-image":"","background-repeat":"repeat","background-position":"center center","background-size":"auto","background-attachment":"scroll","background-type":"","background-media":"","overlay-type":"","overlay-color":"","overlay-opacity":"","overlay-gradient":""}},"footnotes":""},"categories":[23,1],"tags":[],"class_list":["post-33250","post","type-post","status-publish","format-standard","has-post-thumbnail","hentry","category-internacionales","category-noticias"],"yoast_head":"<!-- This site is optimized with the Yoast SEO Premium plugin v23.0 (Yoast SEO v27.4) - https:\/\/yoast.com\/product\/yoast-seo-premium-wordpress\/ -->\n<title>Chile ampl\u00eda etiquetado de eficiencia energ\u00e9tica a veh\u00edculos el\u00e9ctricos, h\u00edbridos y comerciales<\/title>\n<meta name=\"robots\" content=\"index, follow, max-snippet:-1, max-image-preview:large, max-video-preview:-1\" \/>\n<link rel=\"canonical\" href=\"https:\/\/patagoniambiental.com.ar\/info\/chile-amplia-etiquetado-de-eficiencia-energetica-a-vehiculos-electricos-hibridos-y-comerciales\/\" \/>\n<meta property=\"og:locale\" content=\"es_ES\" \/>\n<meta property=\"og:type\" content=\"article\" \/>\n<meta property=\"og:title\" content=\"Chile ampl\u00eda etiquetado de eficiencia energ\u00e9tica a veh\u00edculos el\u00e9ctricos, h\u00edbridos y comerciales\" \/>\n<meta property=\"og:description\" content=\"CHILE.- Con el objeto que los consumidores puedan tomar una mejor decisi\u00f3n en cuanto a eficiencia energ\u00e9tica e impacto ambiental [&hellip;]\" \/>\n<meta property=\"og:url\" content=\"https:\/\/patagoniambiental.com.ar\/info\/chile-amplia-etiquetado-de-eficiencia-energetica-a-vehiculos-electricos-hibridos-y-comerciales\/\" \/>\n<meta property=\"og:site_name\" content=\"Patagonia Ambiental\" \/>\n<meta property=\"article:publisher\" content=\"https:\/\/www.facebook.com\/patagonia.ambiental\" \/>\n<meta property=\"article:author\" content=\"https:\/\/www.facebook.com\/share\/1C1V8Gv9BX\/?mibextid=qi2Omg\" \/>\n<meta property=\"article:published_time\" content=\"2017-08-15T12:00:57+00:00\" \/>\n<meta property=\"og:image\" content=\"https:\/\/patagoniambiental.com.ar\/info\/wp-content\/uploads\/2017\/08\/chile-etiqueta.jpg\" \/>\n\t<meta property=\"og:image:width\" content=\"750\" \/>\n\t<meta property=\"og:image:height\" content=\"440\" \/>\n\t<meta property=\"og:image:type\" content=\"image\/jpeg\" \/>\n<meta name=\"author\" content=\"Patagonia Ambiental\" \/>\n<meta name=\"twitter:card\" content=\"summary_large_image\" \/>\n<meta name=\"twitter:creator\" content=\"@PatAmb\" \/>\n<meta name=\"twitter:site\" content=\"@PatAmb\" \/>\n<script type=\"application\/ld+json\" class=\"yoast-schema-graph\">{\"@context\":\"https:\\\/\\\/schema.org\",\"@graph\":[{\"@type\":\"Article\",\"@id\":\"https:\\\/\\\/patagoniambiental.com.ar\\\/info\\\/chile-amplia-etiquetado-de-eficiencia-energetica-a-vehiculos-electricos-hibridos-y-comerciales\\\/#article\",\"isPartOf\":{\"@id\":\"https:\\\/\\\/patagoniambiental.com.ar\\\/info\\\/chile-amplia-etiquetado-de-eficiencia-energetica-a-vehiculos-electricos-hibridos-y-comerciales\\\/\"},\"author\":{\"name\":\"Patagonia Ambiental\",\"@id\":\"https:\\\/\\\/patagoniambiental.com.ar\\\/info\\\/#\\\/schema\\\/person\\\/db12bff64bbcbf6a253710bf0ea37b5d\"},\"headline\":\"Chile ampl\u00eda etiquetado de eficiencia energ\u00e9tica a veh\u00edculos el\u00e9ctricos, h\u00edbridos y comerciales\",\"datePublished\":\"2017-08-15T12:00:57+00:00\",\"mainEntityOfPage\":{\"@id\":\"https:\\\/\\\/patagoniambiental.com.ar\\\/info\\\/chile-amplia-etiquetado-de-eficiencia-energetica-a-vehiculos-electricos-hibridos-y-comerciales\\\/\"},\"wordCount\":662,\"commentCount\":0,\"publisher\":{\"@id\":\"https:\\\/\\\/patagoniambiental.com.ar\\\/info\\\/#organization\"},\"image\":{\"@id\":\"https:\\\/\\\/patagoniambiental.com.ar\\\/info\\\/chile-amplia-etiquetado-de-eficiencia-energetica-a-vehiculos-electricos-hibridos-y-comerciales\\\/#primaryimage\"},\"thumbnailUrl\":\"https:\\\/\\\/patagoniambiental.com.ar\\\/info\\\/wp-content\\\/uploads\\\/2017\\\/08\\\/chile-etiqueta.jpg\",\"articleSection\":[\"Internacionales\",\"Noticias\"],\"inLanguage\":\"es\",\"potentialAction\":[{\"@type\":\"CommentAction\",\"name\":\"Comment\",\"target\":[\"https:\\\/\\\/patagoniambiental.com.ar\\\/info\\\/chile-amplia-etiquetado-de-eficiencia-energetica-a-vehiculos-electricos-hibridos-y-comerciales\\\/#respond\"]}]},{\"@type\":\"WebPage\",\"@id\":\"https:\\\/\\\/patagoniambiental.com.ar\\\/info\\\/chile-amplia-etiquetado-de-eficiencia-energetica-a-vehiculos-electricos-hibridos-y-comerciales\\\/\",\"url\":\"https:\\\/\\\/patagoniambiental.com.ar\\\/info\\\/chile-amplia-etiquetado-de-eficiencia-energetica-a-vehiculos-electricos-hibridos-y-comerciales\\\/\",\"name\":\"Chile ampl\u00eda etiquetado de eficiencia energ\u00e9tica a veh\u00edculos el\u00e9ctricos, h\u00edbridos y comerciales\",\"isPartOf\":{\"@id\":\"https:\\\/\\\/patagoniambiental.com.ar\\\/info\\\/#website\"},\"primaryImageOfPage\":{\"@id\":\"https:\\\/\\\/patagoniambiental.com.ar\\\/info\\\/chile-amplia-etiquetado-de-eficiencia-energetica-a-vehiculos-electricos-hibridos-y-comerciales\\\/#primaryimage\"},\"image\":{\"@id\":\"https:\\\/\\\/patagoniambiental.com.ar\\\/info\\\/chile-amplia-etiquetado-de-eficiencia-energetica-a-vehiculos-electricos-hibridos-y-comerciales\\\/#primaryimage\"},\"thumbnailUrl\":\"https:\\\/\\\/patagoniambiental.com.ar\\\/info\\\/wp-content\\\/uploads\\\/2017\\\/08\\\/chile-etiqueta.jpg\",\"datePublished\":\"2017-08-15T12:00:57+00:00\",\"breadcrumb\":{\"@id\":\"https:\\\/\\\/patagoniambiental.com.ar\\\/info\\\/chile-amplia-etiquetado-de-eficiencia-energetica-a-vehiculos-electricos-hibridos-y-comerciales\\\/#breadcrumb\"},\"inLanguage\":\"es\",\"potentialAction\":[{\"@type\":\"ReadAction\",\"target\":[\"https:\\\/\\\/patagoniambiental.com.ar\\\/info\\\/chile-amplia-etiquetado-de-eficiencia-energetica-a-vehiculos-electricos-hibridos-y-comerciales\\\/\"]}]},{\"@type\":\"ImageObject\",\"inLanguage\":\"es\",\"@id\":\"https:\\\/\\\/patagoniambiental.com.ar\\\/info\\\/chile-amplia-etiquetado-de-eficiencia-energetica-a-vehiculos-electricos-hibridos-y-comerciales\\\/#primaryimage\",\"url\":\"https:\\\/\\\/patagoniambiental.com.ar\\\/info\\\/wp-content\\\/uploads\\\/2017\\\/08\\\/chile-etiqueta.jpg\",\"contentUrl\":\"https:\\\/\\\/patagoniambiental.com.ar\\\/info\\\/wp-content\\\/uploads\\\/2017\\\/08\\\/chile-etiqueta.jpg\",\"width\":750,\"height\":440},{\"@type\":\"BreadcrumbList\",\"@id\":\"https:\\\/\\\/patagoniambiental.com.ar\\\/info\\\/chile-amplia-etiquetado-de-eficiencia-energetica-a-vehiculos-electricos-hibridos-y-comerciales\\\/#breadcrumb\",\"itemListElement\":[{\"@type\":\"ListItem\",\"position\":1,\"name\":\"Inicio\",\"item\":\"https:\\\/\\\/patagoniambiental.com.ar\\\/info\\\/\"},{\"@type\":\"ListItem\",\"position\":2,\"name\":\"Chile ampl\u00eda etiquetado de eficiencia energ\u00e9tica a veh\u00edculos el\u00e9ctricos, h\u00edbridos y comerciales\"}]},{\"@type\":\"WebSite\",\"@id\":\"https:\\\/\\\/patagoniambiental.com.ar\\\/info\\\/#website\",\"url\":\"https:\\\/\\\/patagoniambiental.com.ar\\\/info\\\/\",\"name\":\"Patagonia Ambiental\",\"description\":\"Monitoreo y an\u00e1lisis de la situaci\u00f3n geopol\u00edtica en el mundo y su implicancia en la Patagonia\",\"publisher\":{\"@id\":\"https:\\\/\\\/patagoniambiental.com.ar\\\/info\\\/#organization\"},\"potentialAction\":[{\"@type\":\"SearchAction\",\"target\":{\"@type\":\"EntryPoint\",\"urlTemplate\":\"https:\\\/\\\/patagoniambiental.com.ar\\\/info\\\/?s={search_term_string}\"},\"query-input\":{\"@type\":\"PropertyValueSpecification\",\"valueRequired\":true,\"valueName\":\"search_term_string\"}}],\"inLanguage\":\"es\"},{\"@type\":\"Organization\",\"@id\":\"https:\\\/\\\/patagoniambiental.com.ar\\\/info\\\/#organization\",\"name\":\"Patagonia Ambiental\",\"url\":\"https:\\\/\\\/patagoniambiental.com.ar\\\/info\\\/\",\"logo\":{\"@type\":\"ImageObject\",\"inLanguage\":\"es\",\"@id\":\"https:\\\/\\\/patagoniambiental.com.ar\\\/info\\\/#\\\/schema\\\/logo\\\/image\\\/\",\"url\":\"https:\\\/\\\/patagoniambiental.com.ar\\\/info\\\/wp-content\\\/uploads\\\/2025\\\/05\\\/LOGO-PATAGONIA-AMBIENTAL.png\",\"contentUrl\":\"https:\\\/\\\/patagoniambiental.com.ar\\\/info\\\/wp-content\\\/uploads\\\/2025\\\/05\\\/LOGO-PATAGONIA-AMBIENTAL.png\",\"width\":433,\"height\":250,\"caption\":\"Patagonia Ambiental\"},\"image\":{\"@id\":\"https:\\\/\\\/patagoniambiental.com.ar\\\/info\\\/#\\\/schema\\\/logo\\\/image\\\/\"},\"sameAs\":[\"https:\\\/\\\/www.facebook.com\\\/patagonia.ambiental\",\"https:\\\/\\\/x.com\\\/PatAmb\"]},{\"@type\":\"Person\",\"@id\":\"https:\\\/\\\/patagoniambiental.com.ar\\\/info\\\/#\\\/schema\\\/person\\\/db12bff64bbcbf6a253710bf0ea37b5d\",\"name\":\"Patagonia Ambiental\",\"description\":\"Andr\u00e9s Nievas T\u00e9cnico en manejo ambiental, consultor Ambiental y escritor para medios locales e internacionales sobre temas de geopolitica y medio ambiente.\",\"sameAs\":[\"http:\\\/\\\/www.patagoniambiental.com.ar\",\"https:\\\/\\\/www.facebook.com\\\/share\\\/1C1V8Gv9BX\\\/?mibextid=qi2Omg\",\"@patagoniambiental\",\"https:\\\/\\\/youtube.com\\\/@patagoniaambiental2023?si=BLt58t0wuXquxlYZ\"]}]}<\/script>\n<!-- \/ Yoast SEO Premium plugin. -->","yoast_head_json":{"title":"Chile ampl\u00eda etiquetado de eficiencia energ\u00e9tica a veh\u00edculos el\u00e9ctricos, h\u00edbridos y comerciales","robots":{"index":"index","follow":"follow","max-snippet":"max-snippet:-1","max-image-preview":"max-image-preview:large","max-video-preview":"max-video-preview:-1"},"canonical":"https:\/\/patagoniambiental.com.ar\/info\/chile-amplia-etiquetado-de-eficiencia-energetica-a-vehiculos-electricos-hibridos-y-comerciales\/","og_locale":"es_ES","og_type":"article","og_title":"Chile ampl\u00eda etiquetado de eficiencia energ\u00e9tica a veh\u00edculos el\u00e9ctricos, h\u00edbridos y comerciales","og_description":"CHILE.- Con el objeto que los consumidores puedan tomar una mejor decisi\u00f3n en cuanto a eficiencia energ\u00e9tica e impacto ambiental [&hellip;]","og_url":"https:\/\/patagoniambiental.com.ar\/info\/chile-amplia-etiquetado-de-eficiencia-energetica-a-vehiculos-electricos-hibridos-y-comerciales\/","og_site_name":"Patagonia Ambiental","article_publisher":"https:\/\/www.facebook.com\/patagonia.ambiental","article_author":"https:\/\/www.facebook.com\/share\/1C1V8Gv9BX\/?mibextid=qi2Omg","article_published_time":"2017-08-15T12:00:57+00:00","og_image":[{"width":750,"height":440,"url":"https:\/\/patagoniambiental.com.ar\/info\/wp-content\/uploads\/2017\/08\/chile-etiqueta.jpg","type":"image\/jpeg"}],"author":"Patagonia Ambiental","twitter_card":"summary_large_image","twitter_creator":"@PatAmb","twitter_site":"@PatAmb","schema":{"@context":"https:\/\/schema.org","@graph":[{"@type":"Article","@id":"https:\/\/patagoniambiental.com.ar\/info\/chile-amplia-etiquetado-de-eficiencia-energetica-a-vehiculos-electricos-hibridos-y-comerciales\/#article","isPartOf":{"@id":"https:\/\/patagoniambiental.com.ar\/info\/chile-amplia-etiquetado-de-eficiencia-energetica-a-vehiculos-electricos-hibridos-y-comerciales\/"},"author":{"name":"Patagonia Ambiental","@id":"https:\/\/patagoniambiental.com.ar\/info\/#\/schema\/person\/db12bff64bbcbf6a253710bf0ea37b5d"},"headline":"Chile ampl\u00eda etiquetado de eficiencia energ\u00e9tica a veh\u00edculos el\u00e9ctricos, h\u00edbridos y comerciales","datePublished":"2017-08-15T12:00:57+00:00","mainEntityOfPage":{"@id":"https:\/\/patagoniambiental.com.ar\/info\/chile-amplia-etiquetado-de-eficiencia-energetica-a-vehiculos-electricos-hibridos-y-comerciales\/"},"wordCount":662,"commentCount":0,"publisher":{"@id":"https:\/\/patagoniambiental.com.ar\/info\/#organization"},"image":{"@id":"https:\/\/patagoniambiental.com.ar\/info\/chile-amplia-etiquetado-de-eficiencia-energetica-a-vehiculos-electricos-hibridos-y-comerciales\/#primaryimage"},"thumbnailUrl":"https:\/\/patagoniambiental.com.ar\/info\/wp-content\/uploads\/2017\/08\/chile-etiqueta.jpg","articleSection":["Internacionales","Noticias"],"inLanguage":"es","potentialAction":[{"@type":"CommentAction","name":"Comment","target":["https:\/\/patagoniambiental.com.ar\/info\/chile-amplia-etiquetado-de-eficiencia-energetica-a-vehiculos-electricos-hibridos-y-comerciales\/#respond"]}]},{"@type":"WebPage","@id":"https:\/\/patagoniambiental.com.ar\/info\/chile-amplia-etiquetado-de-eficiencia-energetica-a-vehiculos-electricos-hibridos-y-comerciales\/","url":"https:\/\/patagoniambiental.com.ar\/info\/chile-amplia-etiquetado-de-eficiencia-energetica-a-vehiculos-electricos-hibridos-y-comerciales\/","name":"Chile ampl\u00eda etiquetado de eficiencia energ\u00e9tica a veh\u00edculos el\u00e9ctricos, h\u00edbridos y comerciales","isPartOf":{"@id":"https:\/\/patagoniambiental.com.ar\/info\/#website"},"primaryImageOfPage":{"@id":"https:\/\/patagoniambiental.com.ar\/info\/chile-amplia-etiquetado-de-eficiencia-energetica-a-vehiculos-electricos-hibridos-y-comerciales\/#primaryimage"},"image":{"@id":"https:\/\/patagoniambiental.com.ar\/info\/chile-amplia-etiquetado-de-eficiencia-energetica-a-vehiculos-electricos-hibridos-y-comerciales\/#primaryimage"},"thumbnailUrl":"https:\/\/patagoniambiental.com.ar\/info\/wp-content\/uploads\/2017\/08\/chile-etiqueta.jpg","datePublished":"2017-08-15T12:00:57+00:00","breadcrumb":{"@id":"https:\/\/patagoniambiental.com.ar\/info\/chile-amplia-etiquetado-de-eficiencia-energetica-a-vehiculos-electricos-hibridos-y-comerciales\/#breadcrumb"},"inLanguage":"es","potentialAction":[{"@type":"ReadAction","target":["https:\/\/patagoniambiental.com.ar\/info\/chile-amplia-etiquetado-de-eficiencia-energetica-a-vehiculos-electricos-hibridos-y-comerciales\/"]}]},{"@type":"ImageObject","inLanguage":"es","@id":"https:\/\/patagoniambiental.com.ar\/info\/chile-amplia-etiquetado-de-eficiencia-energetica-a-vehiculos-electricos-hibridos-y-comerciales\/#primaryimage","url":"https:\/\/patagoniambiental.com.ar\/info\/wp-content\/uploads\/2017\/08\/chile-etiqueta.jpg","contentUrl":"https:\/\/patagoniambiental.com.ar\/info\/wp-content\/uploads\/2017\/08\/chile-etiqueta.jpg","width":750,"height":440},{"@type":"BreadcrumbList","@id":"https:\/\/patagoniambiental.com.ar\/info\/chile-amplia-etiquetado-de-eficiencia-energetica-a-vehiculos-electricos-hibridos-y-comerciales\/#breadcrumb","itemListElement":[{"@type":"ListItem","position":1,"name":"Inicio","item":"https:\/\/patagoniambiental.com.ar\/info\/"},{"@type":"ListItem","position":2,"name":"Chile ampl\u00eda etiquetado de eficiencia energ\u00e9tica a veh\u00edculos el\u00e9ctricos, h\u00edbridos y comerciales"}]},{"@type":"WebSite","@id":"https:\/\/patagoniambiental.com.ar\/info\/#website","url":"https:\/\/patagoniambiental.com.ar\/info\/","name":"Patagonia Ambiental","description":"Monitoreo y an\u00e1lisis de la situaci\u00f3n geopol\u00edtica en el mundo y su implicancia en la Patagonia","publisher":{"@id":"https:\/\/patagoniambiental.com.ar\/info\/#organization"},"potentialAction":[{"@type":"SearchAction","target":{"@type":"EntryPoint","urlTemplate":"https:\/\/patagoniambiental.com.ar\/info\/?s={search_term_string}"},"query-input":{"@type":"PropertyValueSpecification","valueRequired":true,"valueName":"search_term_string"}}],"inLanguage":"es"},{"@type":"Organization","@id":"https:\/\/patagoniambiental.com.ar\/info\/#organization","name":"Patagonia Ambiental","url":"https:\/\/patagoniambiental.com.ar\/info\/","logo":{"@type":"ImageObject","inLanguage":"es","@id":"https:\/\/patagoniambiental.com.ar\/info\/#\/schema\/logo\/image\/","url":"https:\/\/patagoniambiental.com.ar\/info\/wp-content\/uploads\/2025\/05\/LOGO-PATAGONIA-AMBIENTAL.png","contentUrl":"https:\/\/patagoniambiental.com.ar\/info\/wp-content\/uploads\/2025\/05\/LOGO-PATAGONIA-AMBIENTAL.png","width":433,"height":250,"caption":"Patagonia Ambiental"},"image":{"@id":"https:\/\/patagoniambiental.com.ar\/info\/#\/schema\/logo\/image\/"},"sameAs":["https:\/\/www.facebook.com\/patagonia.ambiental","https:\/\/x.com\/PatAmb"]},{"@type":"Person","@id":"https:\/\/patagoniambiental.com.ar\/info\/#\/schema\/person\/db12bff64bbcbf6a253710bf0ea37b5d","name":"Patagonia Ambiental","description":"Andr\u00e9s Nievas T\u00e9cnico en manejo ambiental, consultor Ambiental y escritor para medios locales e internacionales sobre temas de geopolitica y medio ambiente.","sameAs":["http:\/\/www.patagoniambiental.com.ar","https:\/\/www.facebook.com\/share\/1C1V8Gv9BX\/?mibextid=qi2Omg","@patagoniambiental","https:\/\/youtube.com\/@patagoniaambiental2023?si=BLt58t0wuXquxlYZ"]}]}},"_links":{"self":[{"href":"https:\/\/patagoniambiental.com.ar\/info\/wp-json\/wp\/v2\/posts\/33250","targetHints":{"allow":["GET"]}}],"collection":[{"href":"https:\/\/patagoniambiental.com.ar\/info\/wp-json\/wp\/v2\/posts"}],"about":[{"href":"https:\/\/patagoniambiental.com.ar\/info\/wp-json\/wp\/v2\/types\/post"}],"author":[{"embeddable":true,"href":"https:\/\/patagoniambiental.com.ar\/info\/wp-json\/wp\/v2\/users\/2"}],"replies":[{"embeddable":true,"href":"https:\/\/patagoniambiental.com.ar\/info\/wp-json\/wp\/v2\/comments?post=33250"}],"version-history":[{"count":0,"href":"https:\/\/patagoniambiental.com.ar\/info\/wp-json\/wp\/v2\/posts\/33250\/revisions"}],"wp:featuredmedia":[{"embeddable":true,"href":"https:\/\/patagoniambiental.com.ar\/info\/wp-json\/wp\/v2\/media\/33251"}],"wp:attachment":[{"href":"https:\/\/patagoniambiental.com.ar\/info\/wp-json\/wp\/v2\/media?parent=33250"}],"wp:term":[{"taxonomy":"category","embeddable":true,"href":"https:\/\/patagoniambiental.com.ar\/info\/wp-json\/wp\/v2\/categories?post=33250"},{"taxonomy":"post_tag","embeddable":true,"href":"https:\/\/patagoniambiental.com.ar\/info\/wp-json\/wp\/v2\/tags?post=33250"}],"curies":[{"name":"wp","href":"https:\/\/api.w.org\/{rel}","templated":true}]}}