{"id":33258,"date":"2017-08-16T19:00:47","date_gmt":"2017-08-16T22:00:47","guid":{"rendered":"http:\/\/patagoniambiental.com.ar\/info\/?p=33258"},"modified":"2017-08-15T10:00:31","modified_gmt":"2017-08-15T13:00:31","slug":"estudiantes-neuquinos-participaran-de-la-cuarta-edicion-del-campamento-cientifico","status":"publish","type":"post","link":"https:\/\/patagoniambiental.com.ar\/info\/estudiantes-neuquinos-participaran-de-la-cuarta-edicion-del-campamento-cientifico\/","title":{"rendered":"Estudiantes neuquinos participar\u00e1n de la cuarta edici\u00f3n del Campamento Cient\u00edfico"},"content":{"rendered":"<p class=\"bajada\">San Mart\u00edn de los Andes.-Del 14 al 20 de octubre, en San Mart\u00edn de los Andes, 45 alumnos podr\u00e1n abordar la ciencia desde una experiencia creativa, en el marco de la naturaleza y los paisajes que ofrece la localidad.<\/p>\n<p><!--more--><\/p>\n<p>El ministerio de Educaci\u00f3n realiz\u00f3, en colaboraci\u00f3n con la Fundaci\u00f3n Expedici\u00f3n Ciencia, en Casa de las Leyes, una jornada de presentaci\u00f3n del Proyecto Horizonte de Ciencia Edici\u00f3n 2017. Del encuentro participaron 60 docentes de 30 escuelas secundarias de Neuqu\u00e9n Capital, Centenario, San Patricio del Cha\u00f1ar, Plottier\u00a0 y Vista Alegre.<\/p>\n<p>La iniciativa propone para 45 estudiantes de pen\u00faltimo a\u00f1o, un campamento cient\u00edfico, para compartir una experiencia que les permita descubrir nuevos aprendizajes y formas de mirar, crear y hacer ciencia.<\/p>\n<p>Organizada por la Fundaci\u00f3n Expedici\u00f3n Ciencia y financiada por la empresa Pan American Energy,\u00a0esta cuarta edici\u00f3n del \u201cCampamento Cient\u00edfico\u201d, el lugar elegido para concretar el proyecto es la Planta de Campamento Nonthue, en San Mart\u00edn de los Andes, del 14 al 20 de octubre de este a\u00f1o.<\/p>\n<p>La ministra de Educaci\u00f3n Cristina Storioni se\u00f1al\u00f3 que la cartera educativa acompa\u00f1a y promueve esta iniciativa \u201cporque este es un campamento donde los chicos y chicas no s\u00f3lo se traer\u00e1n nuevos aprendizajes, sino tambi\u00e9n nuevas formas de mirar el mundo que les rodea y nuevas herramientas para construir proyectos\u201d.<\/p>\n<p>Desde el Ministerio de Educaci\u00f3n aseguraron que acompa\u00f1ar\u00e1n a los estudiantes en \u00e9sta actividad como propone en su agenda de pol\u00edticas p\u00fablicas educativas, en todas las instancias de la implementaci\u00f3n.<\/p>\n<p>Por su parte, desde la Fundaci\u00f3n destacaron que la actividad \u201ces una propuesta bien creativa, en un espacio natural, donde los estudiantes, mediante actividades con juegos cooperativos, trabajar\u00e1n sobre habilidades de liderazgo, habilidades comunicacionales, trabajo en equipo y cooperaci\u00f3n, entre otros aspectos\u201d.<\/p>\n<p>Sobre la Fundaci\u00f3n Experiencia Ciencia:<\/p>\n<p>Es una ONG sin fines de lucro, formada por cient\u00edficos, especialistas en recreaci\u00f3n, docentes y estudiantes abocados a promover y difundir el entusiasmo por la ciencia y pensamiento cient\u00edfico entre los y las j\u00f3venes de nuestro pa\u00eds.<\/p>\n<p>Los campamentos cient\u00edficos propuestos por la Fundaci\u00f3n combinan el rigor del pensamiento cient\u00edfico con la pasi\u00f3n por el descubrimiento, convirtiendo la ense\u00f1anza de la ciencia en una verdadera aventura.<\/p>\n<p>Quienes participen de este campamento podr\u00e1n disfrutar de una intensa experiencia de inmersi\u00f3n en la ciencia y el pensamiento cient\u00edfico, en un marco de naturaleza y aire libre junto a investigadores cient\u00edficos en actividad.<\/p>\n<p>Fuente: Gobierno de Neuqu\u00e9n<\/p>\n","protected":false},"excerpt":{"rendered":"<p>San Mart\u00edn de los Andes.-Del 14 al 20 de octubre, en San Mart\u00edn de los Andes, 45 alumnos podr\u00e1n abordar [&hellip;]<\/p>\n","protected":false},"author":2,"featured_media":33259,"comment_status":"open","ping_status":"open","sticky":false,"template":"","format":"standard","meta":{"site-sidebar-layout":"default","site-content-layout":"","ast-site-content-layout":"default","site-content-style":"default","site-sidebar-style":"default","ast-global-header-display":"","ast-banner-title-visibility":"","ast-main-header-display":"","ast-hfb-above-header-display":"","ast-hfb-below-header-display":"","ast-hfb-mobile-header-display":"","site-post-title":"","ast-breadcrumbs-content":"","ast-featured-img":"","footer-sml-layout":"","ast-disable-related-posts":"","theme-transparent-header-meta":"","adv-header-id-meta":"","stick-header-meta":"","header-above-stick-meta":"","header-main-stick-meta":"","header-below-stick-meta":"","astra-migrate-meta-layouts":"default","ast-page-background-enabled":"default","ast-page-background-meta":{"desktop":{"background-color":"var(--ast-global-color-5)","background-image":"","background-repeat":"repeat","background-position":"center center","background-size":"auto","background-attachment":"scroll","background-type":"","background-media":"","overlay-type":"","overlay-color":"","overlay-opacity":"","overlay-gradient":""},"tablet":{"background-color":"","background-image":"","background-repeat":"repeat","background-position":"center center","background-size":"auto","background-attachment":"scroll","background-type":"","background-media":"","overlay-type":"","overlay-color":"","overlay-opacity":"","overlay-gradient":""},"mobile":{"background-color":"","background-image":"","background-repeat":"repeat","background-position":"center center","background-size":"auto","background-attachment":"scroll","background-type":"","background-media":"","overlay-type":"","overlay-color":"","overlay-opacity":"","overlay-gradient":""}},"ast-content-background-meta":{"desktop":{"background-color":"var(--ast-global-color-4)","background-image":"","background-repeat":"repeat","background-position":"center center","background-size":"auto","background-attachment":"scroll","background-type":"","background-media":"","overlay-type":"","overlay-color":"","overlay-opacity":"","overlay-gradient":""},"tablet":{"background-color":"var(--ast-global-color-4)","background-image":"","background-repeat":"repeat","background-position":"center center","background-size":"auto","background-attachment":"scroll","background-type":"","background-media":"","overlay-type":"","overlay-color":"","overlay-opacity":"","overlay-gradient":""},"mobile":{"background-color":"var(--ast-global-color-4)","background-image":"","background-repeat":"repeat","background-position":"center center","background-size":"auto","background-attachment":"scroll","background-type":"","background-media":"","overlay-type":"","overlay-color":"","overlay-opacity":"","overlay-gradient":""}},"footnotes":""},"categories":[12,1],"tags":[],"class_list":["post-33258","post","type-post","status-publish","format-standard","has-post-thumbnail","hentry","category-agenda-ambiental","category-noticias"],"yoast_head":"<!-- This site is optimized with the Yoast SEO Premium plugin v23.0 (Yoast SEO v27.5) - https:\/\/yoast.com\/product\/yoast-seo-premium-wordpress\/ -->\n<title>Estudiantes neuquinos participar\u00e1n de la cuarta edici\u00f3n del Campamento Cient\u00edfico<\/title>\n<meta name=\"robots\" content=\"index, follow, max-snippet:-1, max-image-preview:large, max-video-preview:-1\" \/>\n<link rel=\"canonical\" href=\"https:\/\/patagoniambiental.com.ar\/info\/estudiantes-neuquinos-participaran-de-la-cuarta-edicion-del-campamento-cientifico\/\" \/>\n<meta property=\"og:locale\" content=\"es_ES\" \/>\n<meta property=\"og:type\" content=\"article\" \/>\n<meta property=\"og:title\" content=\"Estudiantes neuquinos participar\u00e1n de la cuarta edici\u00f3n del Campamento Cient\u00edfico\" \/>\n<meta property=\"og:description\" content=\"San Mart\u00edn de los Andes.-Del 14 al 20 de octubre, en San Mart\u00edn de los Andes, 45 alumnos podr\u00e1n abordar [&hellip;]\" \/>\n<meta property=\"og:url\" content=\"https:\/\/patagoniambiental.com.ar\/info\/estudiantes-neuquinos-participaran-de-la-cuarta-edicion-del-campamento-cientifico\/\" \/>\n<meta property=\"og:site_name\" content=\"Patagonia Ambiental\" \/>\n<meta property=\"article:publisher\" content=\"https:\/\/www.facebook.com\/patagonia.ambiental\" \/>\n<meta property=\"article:author\" content=\"https:\/\/www.facebook.com\/share\/1C1V8Gv9BX\/?mibextid=qi2Omg\" \/>\n<meta property=\"article:published_time\" content=\"2017-08-16T22:00:47+00:00\" \/>\n<meta property=\"og:image\" content=\"https:\/\/patagoniambiental.com.ar\/info\/wp-content\/uploads\/2017\/08\/WEB-Estudiantes-neuquinos-participar\u00e1n-de-la-cuarta-edici\u00f3n-del-Campamento-Cient\u00edfico_6526-1068x528.jpg\" \/>\n\t<meta property=\"og:image:width\" content=\"1068\" \/>\n\t<meta property=\"og:image:height\" content=\"528\" \/>\n\t<meta property=\"og:image:type\" content=\"image\/jpeg\" \/>\n<meta name=\"author\" content=\"Patagonia Ambiental\" \/>\n<meta name=\"twitter:card\" content=\"summary_large_image\" \/>\n<meta name=\"twitter:creator\" content=\"@PatAmb\" \/>\n<meta name=\"twitter:site\" content=\"@PatAmb\" \/>\n<script type=\"application\/ld+json\" class=\"yoast-schema-graph\">{\"@context\":\"https:\\\/\\\/schema.org\",\"@graph\":[{\"@type\":\"Article\",\"@id\":\"https:\\\/\\\/patagoniambiental.com.ar\\\/info\\\/estudiantes-neuquinos-participaran-de-la-cuarta-edicion-del-campamento-cientifico\\\/#article\",\"isPartOf\":{\"@id\":\"https:\\\/\\\/patagoniambiental.com.ar\\\/info\\\/estudiantes-neuquinos-participaran-de-la-cuarta-edicion-del-campamento-cientifico\\\/\"},\"author\":{\"name\":\"Patagonia Ambiental\",\"@id\":\"https:\\\/\\\/patagoniambiental.com.ar\\\/info\\\/#\\\/schema\\\/person\\\/db12bff64bbcbf6a253710bf0ea37b5d\"},\"headline\":\"Estudiantes neuquinos participar\u00e1n de la cuarta edici\u00f3n del Campamento Cient\u00edfico\",\"datePublished\":\"2017-08-16T22:00:47+00:00\",\"mainEntityOfPage\":{\"@id\":\"https:\\\/\\\/patagoniambiental.com.ar\\\/info\\\/estudiantes-neuquinos-participaran-de-la-cuarta-edicion-del-campamento-cientifico\\\/\"},\"wordCount\":452,\"commentCount\":0,\"publisher\":{\"@id\":\"https:\\\/\\\/patagoniambiental.com.ar\\\/info\\\/#organization\"},\"image\":{\"@id\":\"https:\\\/\\\/patagoniambiental.com.ar\\\/info\\\/estudiantes-neuquinos-participaran-de-la-cuarta-edicion-del-campamento-cientifico\\\/#primaryimage\"},\"thumbnailUrl\":\"https:\\\/\\\/patagoniambiental.com.ar\\\/info\\\/wp-content\\\/uploads\\\/2017\\\/08\\\/WEB-Estudiantes-neuquinos-participar\u00e1n-de-la-cuarta-edici\u00f3n-del-Campamento-Cient\u00edfico_6526-1068x528.jpg\",\"articleSection\":[\"Agenda Ambiental\",\"Noticias\"],\"inLanguage\":\"es\",\"potentialAction\":[{\"@type\":\"CommentAction\",\"name\":\"Comment\",\"target\":[\"https:\\\/\\\/patagoniambiental.com.ar\\\/info\\\/estudiantes-neuquinos-participaran-de-la-cuarta-edicion-del-campamento-cientifico\\\/#respond\"]}]},{\"@type\":\"WebPage\",\"@id\":\"https:\\\/\\\/patagoniambiental.com.ar\\\/info\\\/estudiantes-neuquinos-participaran-de-la-cuarta-edicion-del-campamento-cientifico\\\/\",\"url\":\"https:\\\/\\\/patagoniambiental.com.ar\\\/info\\\/estudiantes-neuquinos-participaran-de-la-cuarta-edicion-del-campamento-cientifico\\\/\",\"name\":\"Estudiantes neuquinos participar\u00e1n de la cuarta edici\u00f3n del Campamento Cient\u00edfico\",\"isPartOf\":{\"@id\":\"https:\\\/\\\/patagoniambiental.com.ar\\\/info\\\/#website\"},\"primaryImageOfPage\":{\"@id\":\"https:\\\/\\\/patagoniambiental.com.ar\\\/info\\\/estudiantes-neuquinos-participaran-de-la-cuarta-edicion-del-campamento-cientifico\\\/#primaryimage\"},\"image\":{\"@id\":\"https:\\\/\\\/patagoniambiental.com.ar\\\/info\\\/estudiantes-neuquinos-participaran-de-la-cuarta-edicion-del-campamento-cientifico\\\/#primaryimage\"},\"thumbnailUrl\":\"https:\\\/\\\/patagoniambiental.com.ar\\\/info\\\/wp-content\\\/uploads\\\/2017\\\/08\\\/WEB-Estudiantes-neuquinos-participar\u00e1n-de-la-cuarta-edici\u00f3n-del-Campamento-Cient\u00edfico_6526-1068x528.jpg\",\"datePublished\":\"2017-08-16T22:00:47+00:00\",\"breadcrumb\":{\"@id\":\"https:\\\/\\\/patagoniambiental.com.ar\\\/info\\\/estudiantes-neuquinos-participaran-de-la-cuarta-edicion-del-campamento-cientifico\\\/#breadcrumb\"},\"inLanguage\":\"es\",\"potentialAction\":[{\"@type\":\"ReadAction\",\"target\":[\"https:\\\/\\\/patagoniambiental.com.ar\\\/info\\\/estudiantes-neuquinos-participaran-de-la-cuarta-edicion-del-campamento-cientifico\\\/\"]}]},{\"@type\":\"ImageObject\",\"inLanguage\":\"es\",\"@id\":\"https:\\\/\\\/patagoniambiental.com.ar\\\/info\\\/estudiantes-neuquinos-participaran-de-la-cuarta-edicion-del-campamento-cientifico\\\/#primaryimage\",\"url\":\"https:\\\/\\\/patagoniambiental.com.ar\\\/info\\\/wp-content\\\/uploads\\\/2017\\\/08\\\/WEB-Estudiantes-neuquinos-participar\u00e1n-de-la-cuarta-edici\u00f3n-del-Campamento-Cient\u00edfico_6526-1068x528.jpg\",\"contentUrl\":\"https:\\\/\\\/patagoniambiental.com.ar\\\/info\\\/wp-content\\\/uploads\\\/2017\\\/08\\\/WEB-Estudiantes-neuquinos-participar\u00e1n-de-la-cuarta-edici\u00f3n-del-Campamento-Cient\u00edfico_6526-1068x528.jpg\",\"width\":1068,\"height\":528},{\"@type\":\"BreadcrumbList\",\"@id\":\"https:\\\/\\\/patagoniambiental.com.ar\\\/info\\\/estudiantes-neuquinos-participaran-de-la-cuarta-edicion-del-campamento-cientifico\\\/#breadcrumb\",\"itemListElement\":[{\"@type\":\"ListItem\",\"position\":1,\"name\":\"Inicio\",\"item\":\"https:\\\/\\\/patagoniambiental.com.ar\\\/info\\\/\"},{\"@type\":\"ListItem\",\"position\":2,\"name\":\"Estudiantes neuquinos participar\u00e1n de la cuarta edici\u00f3n del Campamento Cient\u00edfico\"}]},{\"@type\":\"WebSite\",\"@id\":\"https:\\\/\\\/patagoniambiental.com.ar\\\/info\\\/#website\",\"url\":\"https:\\\/\\\/patagoniambiental.com.ar\\\/info\\\/\",\"name\":\"Patagonia Ambiental\",\"description\":\"Monitoreo y an\u00e1lisis de la situaci\u00f3n geopol\u00edtica en el mundo y su implicancia en la Patagonia\",\"publisher\":{\"@id\":\"https:\\\/\\\/patagoniambiental.com.ar\\\/info\\\/#organization\"},\"potentialAction\":[{\"@type\":\"SearchAction\",\"target\":{\"@type\":\"EntryPoint\",\"urlTemplate\":\"https:\\\/\\\/patagoniambiental.com.ar\\\/info\\\/?s={search_term_string}\"},\"query-input\":{\"@type\":\"PropertyValueSpecification\",\"valueRequired\":true,\"valueName\":\"search_term_string\"}}],\"inLanguage\":\"es\"},{\"@type\":\"Organization\",\"@id\":\"https:\\\/\\\/patagoniambiental.com.ar\\\/info\\\/#organization\",\"name\":\"Patagonia Ambiental\",\"url\":\"https:\\\/\\\/patagoniambiental.com.ar\\\/info\\\/\",\"logo\":{\"@type\":\"ImageObject\",\"inLanguage\":\"es\",\"@id\":\"https:\\\/\\\/patagoniambiental.com.ar\\\/info\\\/#\\\/schema\\\/logo\\\/image\\\/\",\"url\":\"https:\\\/\\\/patagoniambiental.com.ar\\\/info\\\/wp-content\\\/uploads\\\/2025\\\/05\\\/LOGO-PATAGONIA-AMBIENTAL.png\",\"contentUrl\":\"https:\\\/\\\/patagoniambiental.com.ar\\\/info\\\/wp-content\\\/uploads\\\/2025\\\/05\\\/LOGO-PATAGONIA-AMBIENTAL.png\",\"width\":433,\"height\":250,\"caption\":\"Patagonia Ambiental\"},\"image\":{\"@id\":\"https:\\\/\\\/patagoniambiental.com.ar\\\/info\\\/#\\\/schema\\\/logo\\\/image\\\/\"},\"sameAs\":[\"https:\\\/\\\/www.facebook.com\\\/patagonia.ambiental\",\"https:\\\/\\\/x.com\\\/PatAmb\"]},{\"@type\":\"Person\",\"@id\":\"https:\\\/\\\/patagoniambiental.com.ar\\\/info\\\/#\\\/schema\\\/person\\\/db12bff64bbcbf6a253710bf0ea37b5d\",\"name\":\"Patagonia Ambiental\",\"description\":\"Andr\u00e9s Nievas T\u00e9cnico en manejo ambiental, consultor Ambiental y escritor para medios locales e internacionales sobre temas de geopolitica y medio ambiente.\",\"sameAs\":[\"http:\\\/\\\/www.patagoniambiental.com.ar\",\"https:\\\/\\\/www.facebook.com\\\/share\\\/1C1V8Gv9BX\\\/?mibextid=qi2Omg\",\"@patagoniambiental\",\"https:\\\/\\\/youtube.com\\\/@patagoniaambiental2023?si=BLt58t0wuXquxlYZ\"]}]}<\/script>\n<!-- \/ Yoast SEO Premium plugin. -->","yoast_head_json":{"title":"Estudiantes neuquinos participar\u00e1n de la cuarta edici\u00f3n del Campamento Cient\u00edfico","robots":{"index":"index","follow":"follow","max-snippet":"max-snippet:-1","max-image-preview":"max-image-preview:large","max-video-preview":"max-video-preview:-1"},"canonical":"https:\/\/patagoniambiental.com.ar\/info\/estudiantes-neuquinos-participaran-de-la-cuarta-edicion-del-campamento-cientifico\/","og_locale":"es_ES","og_type":"article","og_title":"Estudiantes neuquinos participar\u00e1n de la cuarta edici\u00f3n del Campamento Cient\u00edfico","og_description":"San Mart\u00edn de los Andes.-Del 14 al 20 de octubre, en San Mart\u00edn de los Andes, 45 alumnos podr\u00e1n abordar [&hellip;]","og_url":"https:\/\/patagoniambiental.com.ar\/info\/estudiantes-neuquinos-participaran-de-la-cuarta-edicion-del-campamento-cientifico\/","og_site_name":"Patagonia Ambiental","article_publisher":"https:\/\/www.facebook.com\/patagonia.ambiental","article_author":"https:\/\/www.facebook.com\/share\/1C1V8Gv9BX\/?mibextid=qi2Omg","article_published_time":"2017-08-16T22:00:47+00:00","og_image":[{"width":1068,"height":528,"url":"https:\/\/patagoniambiental.com.ar\/info\/wp-content\/uploads\/2017\/08\/WEB-Estudiantes-neuquinos-participar\u00e1n-de-la-cuarta-edici\u00f3n-del-Campamento-Cient\u00edfico_6526-1068x528.jpg","type":"image\/jpeg"}],"author":"Patagonia Ambiental","twitter_card":"summary_large_image","twitter_creator":"@PatAmb","twitter_site":"@PatAmb","schema":{"@context":"https:\/\/schema.org","@graph":[{"@type":"Article","@id":"https:\/\/patagoniambiental.com.ar\/info\/estudiantes-neuquinos-participaran-de-la-cuarta-edicion-del-campamento-cientifico\/#article","isPartOf":{"@id":"https:\/\/patagoniambiental.com.ar\/info\/estudiantes-neuquinos-participaran-de-la-cuarta-edicion-del-campamento-cientifico\/"},"author":{"name":"Patagonia Ambiental","@id":"https:\/\/patagoniambiental.com.ar\/info\/#\/schema\/person\/db12bff64bbcbf6a253710bf0ea37b5d"},"headline":"Estudiantes neuquinos participar\u00e1n de la cuarta edici\u00f3n del Campamento Cient\u00edfico","datePublished":"2017-08-16T22:00:47+00:00","mainEntityOfPage":{"@id":"https:\/\/patagoniambiental.com.ar\/info\/estudiantes-neuquinos-participaran-de-la-cuarta-edicion-del-campamento-cientifico\/"},"wordCount":452,"commentCount":0,"publisher":{"@id":"https:\/\/patagoniambiental.com.ar\/info\/#organization"},"image":{"@id":"https:\/\/patagoniambiental.com.ar\/info\/estudiantes-neuquinos-participaran-de-la-cuarta-edicion-del-campamento-cientifico\/#primaryimage"},"thumbnailUrl":"https:\/\/patagoniambiental.com.ar\/info\/wp-content\/uploads\/2017\/08\/WEB-Estudiantes-neuquinos-participar\u00e1n-de-la-cuarta-edici\u00f3n-del-Campamento-Cient\u00edfico_6526-1068x528.jpg","articleSection":["Agenda Ambiental","Noticias"],"inLanguage":"es","potentialAction":[{"@type":"CommentAction","name":"Comment","target":["https:\/\/patagoniambiental.com.ar\/info\/estudiantes-neuquinos-participaran-de-la-cuarta-edicion-del-campamento-cientifico\/#respond"]}]},{"@type":"WebPage","@id":"https:\/\/patagoniambiental.com.ar\/info\/estudiantes-neuquinos-participaran-de-la-cuarta-edicion-del-campamento-cientifico\/","url":"https:\/\/patagoniambiental.com.ar\/info\/estudiantes-neuquinos-participaran-de-la-cuarta-edicion-del-campamento-cientifico\/","name":"Estudiantes neuquinos participar\u00e1n de la cuarta edici\u00f3n del Campamento Cient\u00edfico","isPartOf":{"@id":"https:\/\/patagoniambiental.com.ar\/info\/#website"},"primaryImageOfPage":{"@id":"https:\/\/patagoniambiental.com.ar\/info\/estudiantes-neuquinos-participaran-de-la-cuarta-edicion-del-campamento-cientifico\/#primaryimage"},"image":{"@id":"https:\/\/patagoniambiental.com.ar\/info\/estudiantes-neuquinos-participaran-de-la-cuarta-edicion-del-campamento-cientifico\/#primaryimage"},"thumbnailUrl":"https:\/\/patagoniambiental.com.ar\/info\/wp-content\/uploads\/2017\/08\/WEB-Estudiantes-neuquinos-participar\u00e1n-de-la-cuarta-edici\u00f3n-del-Campamento-Cient\u00edfico_6526-1068x528.jpg","datePublished":"2017-08-16T22:00:47+00:00","breadcrumb":{"@id":"https:\/\/patagoniambiental.com.ar\/info\/estudiantes-neuquinos-participaran-de-la-cuarta-edicion-del-campamento-cientifico\/#breadcrumb"},"inLanguage":"es","potentialAction":[{"@type":"ReadAction","target":["https:\/\/patagoniambiental.com.ar\/info\/estudiantes-neuquinos-participaran-de-la-cuarta-edicion-del-campamento-cientifico\/"]}]},{"@type":"ImageObject","inLanguage":"es","@id":"https:\/\/patagoniambiental.com.ar\/info\/estudiantes-neuquinos-participaran-de-la-cuarta-edicion-del-campamento-cientifico\/#primaryimage","url":"https:\/\/patagoniambiental.com.ar\/info\/wp-content\/uploads\/2017\/08\/WEB-Estudiantes-neuquinos-participar\u00e1n-de-la-cuarta-edici\u00f3n-del-Campamento-Cient\u00edfico_6526-1068x528.jpg","contentUrl":"https:\/\/patagoniambiental.com.ar\/info\/wp-content\/uploads\/2017\/08\/WEB-Estudiantes-neuquinos-participar\u00e1n-de-la-cuarta-edici\u00f3n-del-Campamento-Cient\u00edfico_6526-1068x528.jpg","width":1068,"height":528},{"@type":"BreadcrumbList","@id":"https:\/\/patagoniambiental.com.ar\/info\/estudiantes-neuquinos-participaran-de-la-cuarta-edicion-del-campamento-cientifico\/#breadcrumb","itemListElement":[{"@type":"ListItem","position":1,"name":"Inicio","item":"https:\/\/patagoniambiental.com.ar\/info\/"},{"@type":"ListItem","position":2,"name":"Estudiantes neuquinos participar\u00e1n de la cuarta edici\u00f3n del Campamento Cient\u00edfico"}]},{"@type":"WebSite","@id":"https:\/\/patagoniambiental.com.ar\/info\/#website","url":"https:\/\/patagoniambiental.com.ar\/info\/","name":"Patagonia Ambiental","description":"Monitoreo y an\u00e1lisis de la situaci\u00f3n geopol\u00edtica en el mundo y su implicancia en la Patagonia","publisher":{"@id":"https:\/\/patagoniambiental.com.ar\/info\/#organization"},"potentialAction":[{"@type":"SearchAction","target":{"@type":"EntryPoint","urlTemplate":"https:\/\/patagoniambiental.com.ar\/info\/?s={search_term_string}"},"query-input":{"@type":"PropertyValueSpecification","valueRequired":true,"valueName":"search_term_string"}}],"inLanguage":"es"},{"@type":"Organization","@id":"https:\/\/patagoniambiental.com.ar\/info\/#organization","name":"Patagonia Ambiental","url":"https:\/\/patagoniambiental.com.ar\/info\/","logo":{"@type":"ImageObject","inLanguage":"es","@id":"https:\/\/patagoniambiental.com.ar\/info\/#\/schema\/logo\/image\/","url":"https:\/\/patagoniambiental.com.ar\/info\/wp-content\/uploads\/2025\/05\/LOGO-PATAGONIA-AMBIENTAL.png","contentUrl":"https:\/\/patagoniambiental.com.ar\/info\/wp-content\/uploads\/2025\/05\/LOGO-PATAGONIA-AMBIENTAL.png","width":433,"height":250,"caption":"Patagonia Ambiental"},"image":{"@id":"https:\/\/patagoniambiental.com.ar\/info\/#\/schema\/logo\/image\/"},"sameAs":["https:\/\/www.facebook.com\/patagonia.ambiental","https:\/\/x.com\/PatAmb"]},{"@type":"Person","@id":"https:\/\/patagoniambiental.com.ar\/info\/#\/schema\/person\/db12bff64bbcbf6a253710bf0ea37b5d","name":"Patagonia Ambiental","description":"Andr\u00e9s Nievas T\u00e9cnico en manejo ambiental, consultor Ambiental y escritor para medios locales e internacionales sobre temas de geopolitica y medio ambiente.","sameAs":["http:\/\/www.patagoniambiental.com.ar","https:\/\/www.facebook.com\/share\/1C1V8Gv9BX\/?mibextid=qi2Omg","@patagoniambiental","https:\/\/youtube.com\/@patagoniaambiental2023?si=BLt58t0wuXquxlYZ"]}]}},"_links":{"self":[{"href":"https:\/\/patagoniambiental.com.ar\/info\/wp-json\/wp\/v2\/posts\/33258","targetHints":{"allow":["GET"]}}],"collection":[{"href":"https:\/\/patagoniambiental.com.ar\/info\/wp-json\/wp\/v2\/posts"}],"about":[{"href":"https:\/\/patagoniambiental.com.ar\/info\/wp-json\/wp\/v2\/types\/post"}],"author":[{"embeddable":true,"href":"https:\/\/patagoniambiental.com.ar\/info\/wp-json\/wp\/v2\/users\/2"}],"replies":[{"embeddable":true,"href":"https:\/\/patagoniambiental.com.ar\/info\/wp-json\/wp\/v2\/comments?post=33258"}],"version-history":[{"count":0,"href":"https:\/\/patagoniambiental.com.ar\/info\/wp-json\/wp\/v2\/posts\/33258\/revisions"}],"wp:featuredmedia":[{"embeddable":true,"href":"https:\/\/patagoniambiental.com.ar\/info\/wp-json\/wp\/v2\/media\/33259"}],"wp:attachment":[{"href":"https:\/\/patagoniambiental.com.ar\/info\/wp-json\/wp\/v2\/media?parent=33258"}],"wp:term":[{"taxonomy":"category","embeddable":true,"href":"https:\/\/patagoniambiental.com.ar\/info\/wp-json\/wp\/v2\/categories?post=33258"},{"taxonomy":"post_tag","embeddable":true,"href":"https:\/\/patagoniambiental.com.ar\/info\/wp-json\/wp\/v2\/tags?post=33258"}],"curies":[{"name":"wp","href":"https:\/\/api.w.org\/{rel}","templated":true}]}}