{"id":33277,"date":"2017-08-15T19:00:30","date_gmt":"2017-08-15T22:00:30","guid":{"rendered":"http:\/\/patagoniambiental.com.ar\/info\/?p=33277"},"modified":"2017-08-15T11:14:15","modified_gmt":"2017-08-15T14:14:15","slug":"tres-nuevas-proyecciones-en-el-ciclo-de-cine-indigena-en-bariloche","status":"publish","type":"post","link":"https:\/\/patagoniambiental.com.ar\/info\/tres-nuevas-proyecciones-en-el-ciclo-de-cine-indigena-en-bariloche\/","title":{"rendered":"Tres nuevas proyecciones en el Ciclo de Cine Ind\u00edgena en Bariloche"},"content":{"rendered":"<div dir=\"ltr\"><i>Bariloche.-Como todos los meses, contin\u00faa el ciclo organizado por Wall Kintun TV con el apoyo de la Subsecretar\u00eda de Cultura municipal. <\/i><\/div>\n<p><!--more--><\/p>\n<div dir=\"ltr\"><\/div>\n<div dir=\"ltr\"><i>Este mi\u00e9rcoles 16 se presentan un documental Mapuche, una animaci\u00f3n brasile\u00f1a y cortos del Pueblo Quechua de Per\u00fa.<\/i><\/div>\n<div dir=\"ltr\"><\/div>\n<div dir=\"ltr\"><\/div>\n<div dir=\"ltr\">El Ciclo de Cine Ind\u00edgena trae proyecciones de todo el continente todos los terceros mi\u00e9rcoles de cada mes, a las 19 hs en la Escuela Municipal de Arte La Llave. Es impulsado en conjunto por el canal mapuche Wall Kintun TV y la Subsecretar\u00eda de Cultura municipal.<\/div>\n<div dir=\"ltr\"><\/div>\n<div dir=\"ltr\">Se trata de una propuesta que recorre todo el continente \u00abAmerindio\u00bb, renovando en cada edici\u00f3n las propuestas documentales Ind\u00edgenas de diferentes pa\u00edses.<\/div>\n<div dir=\"ltr\"><\/div>\n<div dir=\"ltr\">Los objetivos de este ciclo son: continuar generando espacios e instancias de acercamiento que sirvan para la promoci\u00f3n de Derechos de los Pueblos Ind\u00edgenas; dar a conocer la vida, las luchas y las m\u00faltiples caracter\u00edsticas culturales de los Pueblos Ind\u00edgenas del continente, desde sus idiomas y territorios propios; compartir la Cultura y la vigencia del Pueblo Mapuche de oc\u00e9ano a oc\u00e9ano; y promocionar e invitar al Festival Internacional de Cine Ind\u00edgena de Wallmapu. Este \u00faltimo evento ser\u00e1 del 17 al 21 de octubre de 2017, a celebrarse en Wallmapu, Territorio Ancestral Mapuche. M\u00e1s informaci\u00f3n en\u00a0<a href=\"http:\/\/www.ficwallmapu.cl\/\" target=\"_blank\" rel=\"noopener noreferrer\">http:\/\/www.ficwallmapu.cl\/<\/a>.<\/div>\n<div dir=\"ltr\"><\/div>\n<div dir=\"ltr\"><\/div>\n<div dir=\"ltr\"><b>Programaci\u00f3n para este mi\u00e9rcoles 16 de agosto:\u00a0<\/b><\/div>\n<div dir=\"ltr\"><\/div>\n<div dir=\"ltr\"><\/div>\n<div dir=\"ltr\"><i><b>&#8211; Documental \u00ab\u00dcx\u00fcf Xipay &#8211; El Despojo\u00bb<\/b><\/i><\/div>\n<div dir=\"ltr\"><\/div>\n<div dir=\"ltr\">SINOPSIS:<\/div>\n<div dir=\"ltr\">Centrado en las tensiones que por d\u00e9cadas han enfrentado las comunidades Mapuche con el Estado chileno y empresarios forestales.<\/div>\n<div dir=\"ltr\">El documental \u00ab\u00dcx\u00fcf Xipay, El Despojo\u00bb dirigido por Dauno T\u00f3toro, intenta generar una mirada global hacia el conflicto, desde su gestaci\u00f3n con la llegada de los espa\u00f1oles, hasta el actual dilema de territorialidad en el sur.<\/div>\n<div dir=\"ltr\">Con la idea de conformar una mirada general, el realizador incluy\u00f3 versiones de todos los involucrados -tanto de diversas comunidades Mapuche, como de los empresarios y funcionarios de gobierno-, junto a material hist\u00f3rico de archivo.<\/div>\n<div dir=\"ltr\"><\/div>\n<div dir=\"ltr\">Pa\u00eds: Chile<\/div>\n<div dir=\"ltr\">Director: Dauno T\u00f3toro<\/div>\n<div dir=\"ltr\">Gui\u00f3n: Italo Retamal, Matin Correa, Dauno Tot\u00f3ro<\/div>\n<div dir=\"ltr\">M\u00fasica: Arvo P\u00e4rt<\/div>\n<div dir=\"ltr\">Fotograf\u00eda: Marcelo Vega<\/div>\n<div dir=\"ltr\">Productora: Ceibo Producciones<\/div>\n<div dir=\"ltr\">G\u00e9nero: Documental<\/div>\n<div dir=\"ltr\">A\u00f1o: 2003<\/div>\n<div dir=\"ltr\">Duraci\u00f3n: 73 min<\/div>\n<div dir=\"ltr\"><\/div>\n<div dir=\"ltr\">Adelanto:\u00a0<a href=\"https:\/\/www.youtube.com\/watch?v=cvo0HCVBT5o\" target=\"_blank\" rel=\"noopener noreferrer\">https:\/\/www.youtube.com\/watch?v=cvo0HCVBT5o<\/a><\/div>\n<div dir=\"ltr\"><\/div>\n<div dir=\"ltr\">&#8212;&#8212;&#8212;&#8212;&#8212;-<\/div>\n<div dir=\"ltr\"><\/div>\n<div dir=\"ltr\"><i><b>Animaci\u00f3n \u00abTAIN\u00c1-KAN, a grande estrela\u00bb<\/b><\/i><\/div>\n<div dir=\"ltr\"><\/div>\n<div dir=\"ltr\">SINOPSIS:<\/div>\n<div dir=\"ltr\">La animaci\u00f3n digital de un cuento tradicional del Pueblo Ind\u00edgena KARAJ\u00c1 de Brasil.<\/div>\n<div dir=\"ltr\">Leyenda cosmol\u00f3gica del Pueblo Ind\u00edgena Karaj\u00e1, TAIN\u00c1-KAN (\u00abla gran estrella\u00bb en idioma Karaj\u00e1), por amor viene a la tierra transformado en un hombre.<\/div>\n<div dir=\"ltr\">Esta leyenda cuenta por qu\u00e9 los hombres viste el magn\u00edfico cocar de plumas (\u00abRaheto\u00bb) con forma de gran estrella.<\/div>\n<div dir=\"ltr\">Esta leyenda cuenta tambi\u00e9n como el pueblo Karaj\u00e1 empez\u00f3 con sus siembras. Como aparecio el Urutau (un p\u00e1jaro nocturno) y sobre el nacimiento de la Constelaci\u00f3n Pleyades en el cielo. Tain\u00e1-kan es el planeta Venus.<\/div>\n<div dir=\"ltr\"><\/div>\n<div dir=\"ltr\">Direcci\u00f3n: Adriana Figueiredo<\/div>\n<div dir=\"ltr\">Estado: Rio de Janeiro, Brasil<\/div>\n<div dir=\"ltr\">Categor\u00eda: animaci\u00f3n<\/div>\n<div dir=\"ltr\">Duraci\u00f3n: 16 min.<\/div>\n<div dir=\"ltr\">A\u00f1o: 2005<\/div>\n<div dir=\"ltr\"><\/div>\n<div dir=\"ltr\">Adelanto:\u00a0<a href=\"https:\/\/www.youtube.com\/watch?v=YwYM0Ngntyw\" target=\"_blank\" rel=\"noopener noreferrer\">https:\/\/www.youtube.com\/watch?v=YwYM0Ngntyw<\/a><\/div>\n<div dir=\"ltr\"><\/div>\n<div dir=\"ltr\">&#8212;&#8212;&#8212;&#8212;&#8212;&#8212;&#8212;-<\/div>\n<div dir=\"ltr\"><\/div>\n<div dir=\"ltr\"><b><i>Cortos \u00abRIQSICHIKUSTIN &#8211; Construyendo Nuestra Imagen\u00bb<\/i><\/b><\/div>\n<div dir=\"ltr\"><\/div>\n<div dir=\"ltr\">Juventud Quechua y propuesta audiovisual en Ayacucho (Per\u00fa)<\/div>\n<div dir=\"ltr\"><\/div>\n<div dir=\"ltr\">&#8211; Llaqtaypa Kawsaynin. La vida de mi comunidad<\/div>\n<div dir=\"ltr\">&#8211; Waka Qiruy. La herranza<\/div>\n<div dir=\"ltr\">&#8211; Carnaval<\/div>\n<div dir=\"ltr\"><\/div>\n<div dir=\"ltr\">SINOPSIS:<\/div>\n<div dir=\"ltr\">\u00abRiqsichikustin. Construyendo Nuestra Imagen\u00bb, resume el proceso audiovisual iniciado por Chirapaq, Centro de Culturas Ind\u00edgenas del Per\u00fa en Vilcas Huam\u00e1n \u2013 Ayacucho, con j\u00f3venes Quechua y que viene a sumarse a las iniciativas de articulaci\u00f3n y fortalecimiento de un sistema de comunicaci\u00f3n ind\u00edgena en el Per\u00fa.<\/div>\n<div dir=\"ltr\"><\/div>\n<div dir=\"ltr\">De ah\u00ed la necesidad de construir nuestra propia voz e imagen que d\u00e9 cuenta desde nuestra mirada, cosmovisi\u00f3n y est\u00e9tica la presencia, aportes y propuesta de nuestros pueblos.<\/div>\n<div dir=\"ltr\"><\/div>\n<div dir=\"ltr\">&#8211; Editor: CHIRAPAQ<\/div>\n<div dir=\"ltr\">&#8211; En colaboraci\u00f3n con: Wapikoni Mobile, CLACPI<\/div>\n<div dir=\"ltr\">&#8211; Con el apoyo de: OXFAM, MRECD.<\/div>\n<div dir=\"ltr\">&#8211; Noviembre 2013<\/div>\n<div dir=\"ltr\"><\/div>\n<div dir=\"ltr\">Adelanto:\u00a0<a href=\"https:\/\/www.youtube.com\/watch?v=NOi7UQXp0hE\" target=\"_blank\" rel=\"noopener noreferrer\">https:\/\/www.youtube.com\/watch?v=NOi7UQXp0hE<\/a><\/div>\n<div dir=\"ltr\"><\/div>\n<div dir=\"ltr\">Fuente: Municipalidad de Bariloche<\/div>\n","protected":false},"excerpt":{"rendered":"<p>Bariloche.-Como todos los meses, contin\u00faa el ciclo organizado por Wall Kintun TV con el apoyo de la Subsecretar\u00eda de Cultura [&hellip;]<\/p>\n","protected":false},"author":2,"featured_media":33278,"comment_status":"open","ping_status":"open","sticky":false,"template":"","format":"standard","meta":{"site-sidebar-layout":"default","site-content-layout":"","ast-site-content-layout":"default","site-content-style":"default","site-sidebar-style":"default","ast-global-header-display":"","ast-banner-title-visibility":"","ast-main-header-display":"","ast-hfb-above-header-display":"","ast-hfb-below-header-display":"","ast-hfb-mobile-header-display":"","site-post-title":"","ast-breadcrumbs-content":"","ast-featured-img":"","footer-sml-layout":"","ast-disable-related-posts":"","theme-transparent-header-meta":"","adv-header-id-meta":"","stick-header-meta":"","header-above-stick-meta":"","header-main-stick-meta":"","header-below-stick-meta":"","astra-migrate-meta-layouts":"default","ast-page-background-enabled":"default","ast-page-background-meta":{"desktop":{"background-color":"var(--ast-global-color-5)","background-image":"","background-repeat":"repeat","background-position":"center center","background-size":"auto","background-attachment":"scroll","background-type":"","background-media":"","overlay-type":"","overlay-color":"","overlay-opacity":"","overlay-gradient":""},"tablet":{"background-color":"","background-image":"","background-repeat":"repeat","background-position":"center center","background-size":"auto","background-attachment":"scroll","background-type":"","background-media":"","overlay-type":"","overlay-color":"","overlay-opacity":"","overlay-gradient":""},"mobile":{"background-color":"","background-image":"","background-repeat":"repeat","background-position":"center center","background-size":"auto","background-attachment":"scroll","background-type":"","background-media":"","overlay-type":"","overlay-color":"","overlay-opacity":"","overlay-gradient":""}},"ast-content-background-meta":{"desktop":{"background-color":"var(--ast-global-color-4)","background-image":"","background-repeat":"repeat","background-position":"center center","background-size":"auto","background-attachment":"scroll","background-type":"","background-media":"","overlay-type":"","overlay-color":"","overlay-opacity":"","overlay-gradient":""},"tablet":{"background-color":"var(--ast-global-color-4)","background-image":"","background-repeat":"repeat","background-position":"center center","background-size":"auto","background-attachment":"scroll","background-type":"","background-media":"","overlay-type":"","overlay-color":"","overlay-opacity":"","overlay-gradient":""},"mobile":{"background-color":"var(--ast-global-color-4)","background-image":"","background-repeat":"repeat","background-position":"center center","background-size":"auto","background-attachment":"scroll","background-type":"","background-media":"","overlay-type":"","overlay-color":"","overlay-opacity":"","overlay-gradient":""}},"footnotes":""},"categories":[12,1],"tags":[],"class_list":["post-33277","post","type-post","status-publish","format-standard","has-post-thumbnail","hentry","category-agenda-ambiental","category-noticias"],"yoast_head":"<!-- This site is optimized with the Yoast SEO Premium plugin v23.0 (Yoast SEO v27.5) - https:\/\/yoast.com\/product\/yoast-seo-premium-wordpress\/ -->\n<title>Tres nuevas proyecciones en el Ciclo de Cine Ind\u00edgena en Bariloche<\/title>\n<meta name=\"robots\" content=\"index, follow, max-snippet:-1, max-image-preview:large, max-video-preview:-1\" \/>\n<link rel=\"canonical\" href=\"https:\/\/patagoniambiental.com.ar\/info\/tres-nuevas-proyecciones-en-el-ciclo-de-cine-indigena-en-bariloche\/\" \/>\n<meta property=\"og:locale\" content=\"es_ES\" \/>\n<meta property=\"og:type\" content=\"article\" \/>\n<meta property=\"og:title\" content=\"Tres nuevas proyecciones en el Ciclo de Cine Ind\u00edgena en Bariloche\" \/>\n<meta property=\"og:description\" content=\"Bariloche.-Como todos los meses, contin\u00faa el ciclo organizado por Wall Kintun TV con el apoyo de la Subsecretar\u00eda de Cultura [&hellip;]\" \/>\n<meta property=\"og:url\" content=\"https:\/\/patagoniambiental.com.ar\/info\/tres-nuevas-proyecciones-en-el-ciclo-de-cine-indigena-en-bariloche\/\" \/>\n<meta property=\"og:site_name\" content=\"Patagonia Ambiental\" \/>\n<meta property=\"article:publisher\" content=\"https:\/\/www.facebook.com\/patagonia.ambiental\" \/>\n<meta property=\"article:author\" content=\"https:\/\/www.facebook.com\/share\/1C1V8Gv9BX\/?mibextid=qi2Omg\" \/>\n<meta property=\"article:published_time\" content=\"2017-08-15T22:00:30+00:00\" \/>\n<meta property=\"og:image\" content=\"https:\/\/patagoniambiental.com.ar\/info\/wp-content\/uploads\/2017\/08\/thumbnail_Afiche-Ciclo-Cine-Indigena.jpg\" \/>\n\t<meta property=\"og:image:width\" content=\"1024\" \/>\n\t<meta property=\"og:image:height\" content=\"701\" \/>\n\t<meta property=\"og:image:type\" content=\"image\/jpeg\" \/>\n<meta name=\"author\" content=\"Patagonia Ambiental\" \/>\n<meta name=\"twitter:card\" content=\"summary_large_image\" \/>\n<meta name=\"twitter:creator\" content=\"@PatAmb\" \/>\n<meta name=\"twitter:site\" content=\"@PatAmb\" \/>\n<script type=\"application\/ld+json\" class=\"yoast-schema-graph\">{\"@context\":\"https:\\\/\\\/schema.org\",\"@graph\":[{\"@type\":\"Article\",\"@id\":\"https:\\\/\\\/patagoniambiental.com.ar\\\/info\\\/tres-nuevas-proyecciones-en-el-ciclo-de-cine-indigena-en-bariloche\\\/#article\",\"isPartOf\":{\"@id\":\"https:\\\/\\\/patagoniambiental.com.ar\\\/info\\\/tres-nuevas-proyecciones-en-el-ciclo-de-cine-indigena-en-bariloche\\\/\"},\"author\":{\"name\":\"Patagonia Ambiental\",\"@id\":\"https:\\\/\\\/patagoniambiental.com.ar\\\/info\\\/#\\\/schema\\\/person\\\/db12bff64bbcbf6a253710bf0ea37b5d\"},\"headline\":\"Tres nuevas proyecciones en el Ciclo de Cine Ind\u00edgena en Bariloche\",\"datePublished\":\"2017-08-15T22:00:30+00:00\",\"mainEntityOfPage\":{\"@id\":\"https:\\\/\\\/patagoniambiental.com.ar\\\/info\\\/tres-nuevas-proyecciones-en-el-ciclo-de-cine-indigena-en-bariloche\\\/\"},\"wordCount\":677,\"commentCount\":0,\"publisher\":{\"@id\":\"https:\\\/\\\/patagoniambiental.com.ar\\\/info\\\/#organization\"},\"image\":{\"@id\":\"https:\\\/\\\/patagoniambiental.com.ar\\\/info\\\/tres-nuevas-proyecciones-en-el-ciclo-de-cine-indigena-en-bariloche\\\/#primaryimage\"},\"thumbnailUrl\":\"https:\\\/\\\/patagoniambiental.com.ar\\\/info\\\/wp-content\\\/uploads\\\/2017\\\/08\\\/thumbnail_Afiche-Ciclo-Cine-Indigena.jpg\",\"articleSection\":[\"Agenda Ambiental\",\"Noticias\"],\"inLanguage\":\"es\",\"potentialAction\":[{\"@type\":\"CommentAction\",\"name\":\"Comment\",\"target\":[\"https:\\\/\\\/patagoniambiental.com.ar\\\/info\\\/tres-nuevas-proyecciones-en-el-ciclo-de-cine-indigena-en-bariloche\\\/#respond\"]}]},{\"@type\":\"WebPage\",\"@id\":\"https:\\\/\\\/patagoniambiental.com.ar\\\/info\\\/tres-nuevas-proyecciones-en-el-ciclo-de-cine-indigena-en-bariloche\\\/\",\"url\":\"https:\\\/\\\/patagoniambiental.com.ar\\\/info\\\/tres-nuevas-proyecciones-en-el-ciclo-de-cine-indigena-en-bariloche\\\/\",\"name\":\"Tres nuevas proyecciones en el Ciclo de Cine Ind\u00edgena en Bariloche\",\"isPartOf\":{\"@id\":\"https:\\\/\\\/patagoniambiental.com.ar\\\/info\\\/#website\"},\"primaryImageOfPage\":{\"@id\":\"https:\\\/\\\/patagoniambiental.com.ar\\\/info\\\/tres-nuevas-proyecciones-en-el-ciclo-de-cine-indigena-en-bariloche\\\/#primaryimage\"},\"image\":{\"@id\":\"https:\\\/\\\/patagoniambiental.com.ar\\\/info\\\/tres-nuevas-proyecciones-en-el-ciclo-de-cine-indigena-en-bariloche\\\/#primaryimage\"},\"thumbnailUrl\":\"https:\\\/\\\/patagoniambiental.com.ar\\\/info\\\/wp-content\\\/uploads\\\/2017\\\/08\\\/thumbnail_Afiche-Ciclo-Cine-Indigena.jpg\",\"datePublished\":\"2017-08-15T22:00:30+00:00\",\"breadcrumb\":{\"@id\":\"https:\\\/\\\/patagoniambiental.com.ar\\\/info\\\/tres-nuevas-proyecciones-en-el-ciclo-de-cine-indigena-en-bariloche\\\/#breadcrumb\"},\"inLanguage\":\"es\",\"potentialAction\":[{\"@type\":\"ReadAction\",\"target\":[\"https:\\\/\\\/patagoniambiental.com.ar\\\/info\\\/tres-nuevas-proyecciones-en-el-ciclo-de-cine-indigena-en-bariloche\\\/\"]}]},{\"@type\":\"ImageObject\",\"inLanguage\":\"es\",\"@id\":\"https:\\\/\\\/patagoniambiental.com.ar\\\/info\\\/tres-nuevas-proyecciones-en-el-ciclo-de-cine-indigena-en-bariloche\\\/#primaryimage\",\"url\":\"https:\\\/\\\/patagoniambiental.com.ar\\\/info\\\/wp-content\\\/uploads\\\/2017\\\/08\\\/thumbnail_Afiche-Ciclo-Cine-Indigena.jpg\",\"contentUrl\":\"https:\\\/\\\/patagoniambiental.com.ar\\\/info\\\/wp-content\\\/uploads\\\/2017\\\/08\\\/thumbnail_Afiche-Ciclo-Cine-Indigena.jpg\",\"width\":1024,\"height\":701},{\"@type\":\"BreadcrumbList\",\"@id\":\"https:\\\/\\\/patagoniambiental.com.ar\\\/info\\\/tres-nuevas-proyecciones-en-el-ciclo-de-cine-indigena-en-bariloche\\\/#breadcrumb\",\"itemListElement\":[{\"@type\":\"ListItem\",\"position\":1,\"name\":\"Inicio\",\"item\":\"https:\\\/\\\/patagoniambiental.com.ar\\\/info\\\/\"},{\"@type\":\"ListItem\",\"position\":2,\"name\":\"Tres nuevas proyecciones en el Ciclo de Cine Ind\u00edgena en Bariloche\"}]},{\"@type\":\"WebSite\",\"@id\":\"https:\\\/\\\/patagoniambiental.com.ar\\\/info\\\/#website\",\"url\":\"https:\\\/\\\/patagoniambiental.com.ar\\\/info\\\/\",\"name\":\"Patagonia Ambiental\",\"description\":\"Monitoreo y an\u00e1lisis de la situaci\u00f3n geopol\u00edtica en el mundo y su implicancia en la Patagonia\",\"publisher\":{\"@id\":\"https:\\\/\\\/patagoniambiental.com.ar\\\/info\\\/#organization\"},\"potentialAction\":[{\"@type\":\"SearchAction\",\"target\":{\"@type\":\"EntryPoint\",\"urlTemplate\":\"https:\\\/\\\/patagoniambiental.com.ar\\\/info\\\/?s={search_term_string}\"},\"query-input\":{\"@type\":\"PropertyValueSpecification\",\"valueRequired\":true,\"valueName\":\"search_term_string\"}}],\"inLanguage\":\"es\"},{\"@type\":\"Organization\",\"@id\":\"https:\\\/\\\/patagoniambiental.com.ar\\\/info\\\/#organization\",\"name\":\"Patagonia Ambiental\",\"url\":\"https:\\\/\\\/patagoniambiental.com.ar\\\/info\\\/\",\"logo\":{\"@type\":\"ImageObject\",\"inLanguage\":\"es\",\"@id\":\"https:\\\/\\\/patagoniambiental.com.ar\\\/info\\\/#\\\/schema\\\/logo\\\/image\\\/\",\"url\":\"https:\\\/\\\/patagoniambiental.com.ar\\\/info\\\/wp-content\\\/uploads\\\/2025\\\/05\\\/LOGO-PATAGONIA-AMBIENTAL.png\",\"contentUrl\":\"https:\\\/\\\/patagoniambiental.com.ar\\\/info\\\/wp-content\\\/uploads\\\/2025\\\/05\\\/LOGO-PATAGONIA-AMBIENTAL.png\",\"width\":433,\"height\":250,\"caption\":\"Patagonia Ambiental\"},\"image\":{\"@id\":\"https:\\\/\\\/patagoniambiental.com.ar\\\/info\\\/#\\\/schema\\\/logo\\\/image\\\/\"},\"sameAs\":[\"https:\\\/\\\/www.facebook.com\\\/patagonia.ambiental\",\"https:\\\/\\\/x.com\\\/PatAmb\"]},{\"@type\":\"Person\",\"@id\":\"https:\\\/\\\/patagoniambiental.com.ar\\\/info\\\/#\\\/schema\\\/person\\\/db12bff64bbcbf6a253710bf0ea37b5d\",\"name\":\"Patagonia Ambiental\",\"description\":\"Andr\u00e9s Nievas T\u00e9cnico en manejo ambiental, consultor Ambiental y escritor para medios locales e internacionales sobre temas de geopolitica y medio ambiente.\",\"sameAs\":[\"http:\\\/\\\/www.patagoniambiental.com.ar\",\"https:\\\/\\\/www.facebook.com\\\/share\\\/1C1V8Gv9BX\\\/?mibextid=qi2Omg\",\"@patagoniambiental\",\"https:\\\/\\\/youtube.com\\\/@patagoniaambiental2023?si=BLt58t0wuXquxlYZ\"]}]}<\/script>\n<!-- \/ Yoast SEO Premium plugin. -->","yoast_head_json":{"title":"Tres nuevas proyecciones en el Ciclo de Cine Ind\u00edgena en Bariloche","robots":{"index":"index","follow":"follow","max-snippet":"max-snippet:-1","max-image-preview":"max-image-preview:large","max-video-preview":"max-video-preview:-1"},"canonical":"https:\/\/patagoniambiental.com.ar\/info\/tres-nuevas-proyecciones-en-el-ciclo-de-cine-indigena-en-bariloche\/","og_locale":"es_ES","og_type":"article","og_title":"Tres nuevas proyecciones en el Ciclo de Cine Ind\u00edgena en Bariloche","og_description":"Bariloche.-Como todos los meses, contin\u00faa el ciclo organizado por Wall Kintun TV con el apoyo de la Subsecretar\u00eda de Cultura [&hellip;]","og_url":"https:\/\/patagoniambiental.com.ar\/info\/tres-nuevas-proyecciones-en-el-ciclo-de-cine-indigena-en-bariloche\/","og_site_name":"Patagonia Ambiental","article_publisher":"https:\/\/www.facebook.com\/patagonia.ambiental","article_author":"https:\/\/www.facebook.com\/share\/1C1V8Gv9BX\/?mibextid=qi2Omg","article_published_time":"2017-08-15T22:00:30+00:00","og_image":[{"width":1024,"height":701,"url":"https:\/\/patagoniambiental.com.ar\/info\/wp-content\/uploads\/2017\/08\/thumbnail_Afiche-Ciclo-Cine-Indigena.jpg","type":"image\/jpeg"}],"author":"Patagonia Ambiental","twitter_card":"summary_large_image","twitter_creator":"@PatAmb","twitter_site":"@PatAmb","schema":{"@context":"https:\/\/schema.org","@graph":[{"@type":"Article","@id":"https:\/\/patagoniambiental.com.ar\/info\/tres-nuevas-proyecciones-en-el-ciclo-de-cine-indigena-en-bariloche\/#article","isPartOf":{"@id":"https:\/\/patagoniambiental.com.ar\/info\/tres-nuevas-proyecciones-en-el-ciclo-de-cine-indigena-en-bariloche\/"},"author":{"name":"Patagonia Ambiental","@id":"https:\/\/patagoniambiental.com.ar\/info\/#\/schema\/person\/db12bff64bbcbf6a253710bf0ea37b5d"},"headline":"Tres nuevas proyecciones en el Ciclo de Cine Ind\u00edgena en Bariloche","datePublished":"2017-08-15T22:00:30+00:00","mainEntityOfPage":{"@id":"https:\/\/patagoniambiental.com.ar\/info\/tres-nuevas-proyecciones-en-el-ciclo-de-cine-indigena-en-bariloche\/"},"wordCount":677,"commentCount":0,"publisher":{"@id":"https:\/\/patagoniambiental.com.ar\/info\/#organization"},"image":{"@id":"https:\/\/patagoniambiental.com.ar\/info\/tres-nuevas-proyecciones-en-el-ciclo-de-cine-indigena-en-bariloche\/#primaryimage"},"thumbnailUrl":"https:\/\/patagoniambiental.com.ar\/info\/wp-content\/uploads\/2017\/08\/thumbnail_Afiche-Ciclo-Cine-Indigena.jpg","articleSection":["Agenda Ambiental","Noticias"],"inLanguage":"es","potentialAction":[{"@type":"CommentAction","name":"Comment","target":["https:\/\/patagoniambiental.com.ar\/info\/tres-nuevas-proyecciones-en-el-ciclo-de-cine-indigena-en-bariloche\/#respond"]}]},{"@type":"WebPage","@id":"https:\/\/patagoniambiental.com.ar\/info\/tres-nuevas-proyecciones-en-el-ciclo-de-cine-indigena-en-bariloche\/","url":"https:\/\/patagoniambiental.com.ar\/info\/tres-nuevas-proyecciones-en-el-ciclo-de-cine-indigena-en-bariloche\/","name":"Tres nuevas proyecciones en el Ciclo de Cine Ind\u00edgena en Bariloche","isPartOf":{"@id":"https:\/\/patagoniambiental.com.ar\/info\/#website"},"primaryImageOfPage":{"@id":"https:\/\/patagoniambiental.com.ar\/info\/tres-nuevas-proyecciones-en-el-ciclo-de-cine-indigena-en-bariloche\/#primaryimage"},"image":{"@id":"https:\/\/patagoniambiental.com.ar\/info\/tres-nuevas-proyecciones-en-el-ciclo-de-cine-indigena-en-bariloche\/#primaryimage"},"thumbnailUrl":"https:\/\/patagoniambiental.com.ar\/info\/wp-content\/uploads\/2017\/08\/thumbnail_Afiche-Ciclo-Cine-Indigena.jpg","datePublished":"2017-08-15T22:00:30+00:00","breadcrumb":{"@id":"https:\/\/patagoniambiental.com.ar\/info\/tres-nuevas-proyecciones-en-el-ciclo-de-cine-indigena-en-bariloche\/#breadcrumb"},"inLanguage":"es","potentialAction":[{"@type":"ReadAction","target":["https:\/\/patagoniambiental.com.ar\/info\/tres-nuevas-proyecciones-en-el-ciclo-de-cine-indigena-en-bariloche\/"]}]},{"@type":"ImageObject","inLanguage":"es","@id":"https:\/\/patagoniambiental.com.ar\/info\/tres-nuevas-proyecciones-en-el-ciclo-de-cine-indigena-en-bariloche\/#primaryimage","url":"https:\/\/patagoniambiental.com.ar\/info\/wp-content\/uploads\/2017\/08\/thumbnail_Afiche-Ciclo-Cine-Indigena.jpg","contentUrl":"https:\/\/patagoniambiental.com.ar\/info\/wp-content\/uploads\/2017\/08\/thumbnail_Afiche-Ciclo-Cine-Indigena.jpg","width":1024,"height":701},{"@type":"BreadcrumbList","@id":"https:\/\/patagoniambiental.com.ar\/info\/tres-nuevas-proyecciones-en-el-ciclo-de-cine-indigena-en-bariloche\/#breadcrumb","itemListElement":[{"@type":"ListItem","position":1,"name":"Inicio","item":"https:\/\/patagoniambiental.com.ar\/info\/"},{"@type":"ListItem","position":2,"name":"Tres nuevas proyecciones en el Ciclo de Cine Ind\u00edgena en Bariloche"}]},{"@type":"WebSite","@id":"https:\/\/patagoniambiental.com.ar\/info\/#website","url":"https:\/\/patagoniambiental.com.ar\/info\/","name":"Patagonia Ambiental","description":"Monitoreo y an\u00e1lisis de la situaci\u00f3n geopol\u00edtica en el mundo y su implicancia en la Patagonia","publisher":{"@id":"https:\/\/patagoniambiental.com.ar\/info\/#organization"},"potentialAction":[{"@type":"SearchAction","target":{"@type":"EntryPoint","urlTemplate":"https:\/\/patagoniambiental.com.ar\/info\/?s={search_term_string}"},"query-input":{"@type":"PropertyValueSpecification","valueRequired":true,"valueName":"search_term_string"}}],"inLanguage":"es"},{"@type":"Organization","@id":"https:\/\/patagoniambiental.com.ar\/info\/#organization","name":"Patagonia Ambiental","url":"https:\/\/patagoniambiental.com.ar\/info\/","logo":{"@type":"ImageObject","inLanguage":"es","@id":"https:\/\/patagoniambiental.com.ar\/info\/#\/schema\/logo\/image\/","url":"https:\/\/patagoniambiental.com.ar\/info\/wp-content\/uploads\/2025\/05\/LOGO-PATAGONIA-AMBIENTAL.png","contentUrl":"https:\/\/patagoniambiental.com.ar\/info\/wp-content\/uploads\/2025\/05\/LOGO-PATAGONIA-AMBIENTAL.png","width":433,"height":250,"caption":"Patagonia Ambiental"},"image":{"@id":"https:\/\/patagoniambiental.com.ar\/info\/#\/schema\/logo\/image\/"},"sameAs":["https:\/\/www.facebook.com\/patagonia.ambiental","https:\/\/x.com\/PatAmb"]},{"@type":"Person","@id":"https:\/\/patagoniambiental.com.ar\/info\/#\/schema\/person\/db12bff64bbcbf6a253710bf0ea37b5d","name":"Patagonia Ambiental","description":"Andr\u00e9s Nievas T\u00e9cnico en manejo ambiental, consultor Ambiental y escritor para medios locales e internacionales sobre temas de geopolitica y medio ambiente.","sameAs":["http:\/\/www.patagoniambiental.com.ar","https:\/\/www.facebook.com\/share\/1C1V8Gv9BX\/?mibextid=qi2Omg","@patagoniambiental","https:\/\/youtube.com\/@patagoniaambiental2023?si=BLt58t0wuXquxlYZ"]}]}},"_links":{"self":[{"href":"https:\/\/patagoniambiental.com.ar\/info\/wp-json\/wp\/v2\/posts\/33277","targetHints":{"allow":["GET"]}}],"collection":[{"href":"https:\/\/patagoniambiental.com.ar\/info\/wp-json\/wp\/v2\/posts"}],"about":[{"href":"https:\/\/patagoniambiental.com.ar\/info\/wp-json\/wp\/v2\/types\/post"}],"author":[{"embeddable":true,"href":"https:\/\/patagoniambiental.com.ar\/info\/wp-json\/wp\/v2\/users\/2"}],"replies":[{"embeddable":true,"href":"https:\/\/patagoniambiental.com.ar\/info\/wp-json\/wp\/v2\/comments?post=33277"}],"version-history":[{"count":0,"href":"https:\/\/patagoniambiental.com.ar\/info\/wp-json\/wp\/v2\/posts\/33277\/revisions"}],"wp:featuredmedia":[{"embeddable":true,"href":"https:\/\/patagoniambiental.com.ar\/info\/wp-json\/wp\/v2\/media\/33278"}],"wp:attachment":[{"href":"https:\/\/patagoniambiental.com.ar\/info\/wp-json\/wp\/v2\/media?parent=33277"}],"wp:term":[{"taxonomy":"category","embeddable":true,"href":"https:\/\/patagoniambiental.com.ar\/info\/wp-json\/wp\/v2\/categories?post=33277"},{"taxonomy":"post_tag","embeddable":true,"href":"https:\/\/patagoniambiental.com.ar\/info\/wp-json\/wp\/v2\/tags?post=33277"}],"curies":[{"name":"wp","href":"https:\/\/api.w.org\/{rel}","templated":true}]}}