{"id":33311,"date":"2017-08-16T09:00:48","date_gmt":"2017-08-16T12:00:48","guid":{"rendered":"http:\/\/patagoniambiental.com.ar\/info\/?p=33311"},"modified":"2017-08-15T20:22:47","modified_gmt":"2017-08-15T23:22:47","slug":"puerto-rio-tranquilo-un-buen-destino-en-aysen","status":"publish","type":"post","link":"https:\/\/patagoniambiental.com.ar\/info\/puerto-rio-tranquilo-un-buen-destino-en-aysen\/","title":{"rendered":"Puerto R\u00edo Tranquilo: un buen destino en Ays\u00e9n"},"content":{"rendered":"<p class=\"bajada\">Puerto R\u00edo Tranquilo, en la regi\u00f3n de Ays\u00e9n, se distingue por la hospitalidad de la gente, limpieza y seguridad. Los datos de la encuesta fueron obtenidos a trav\u00e9s de una encuesta piloto de experiencia tur\u00edstica.<\/p>\n<p>La encuesta fue desarrollada por el Sistema de Informaci\u00f3n Tur\u00edstica de Sernatur Ays\u00e9n, con el prop\u00f3sito de recopilar la opini\u00f3n de los turistas con respecto a los servicios que componen la experiencia tur\u00edstica que ofrece dicha localidad.<\/p>\n<p>Cristian Alarc\u00f3n Mendoza, director de Sernatur\u00a0<a href=\"http:\/\/patagonia.net\/chile\/consejo-global-de-turismo-sostenible-aysen\/\" target=\"_blank\" rel=\"noopener\">Ays\u00e9n<\/a>\u00a0explic\u00f3 que a trav\u00e9s del trabajo se midi\u00f3 la satisfacci\u00f3n del turista en tres \u00e1mbitos: la localidad Puerto Rio Tranquilo; los servicios tur\u00edsticos de la localidad: Alojamiento Y Alimentaci\u00f3n; y la experiencia de la excursi\u00f3n Capillas de M\u00e1rmol. \u201cEsta medici\u00f3n nos permite vislumbrar las oportunidades de mejora que tiene ese destino, que presenta una gran llegada de visitantes, principalmente en temporada alta\u201d.<\/p>\n<p>En cuanto a la experiencia Puerto R\u00edo Tranquilo, los turistas al expresar su opini\u00f3n por atributos y\/o caracter\u00edsticas propias del pueblo, estos ponen en evidencia que los tres aspectos mejor evaluados son: la hospitalidad de la gente, la limpieza de la plaza y la percepci\u00f3n de seguridad en lugares visitados. Respecto a las oportunidades de mejora, identifican: la disponibilidad de informaci\u00f3n tur\u00edstica; variedad de actividades tur\u00edsticas, y Percepci\u00f3n global de infraestructura local (esto se explica por las mejoras que se podr\u00edan hacer en temas de tr\u00e1fico vehicular costanera, comercio ambulante e informal).<\/p>\n<p>Con respecto a los servicios tur\u00edsticos, los turistas se\u00f1alan que los aspectos asociados al Servicio de Alojamiento mejor evaluados se encuentran: la atenci\u00f3n del personal (amigable y afable) seguido de limpieza de habitaciones y ba\u00f1os, se\u00f1alando que este aspecto puede ser a\u00fan mejor. El aspecto que dejar ver la mayor oportunidad a mejorar es contar con disponibilidad de informaci\u00f3n que facilite encontrar el servicio de alojamiento.<\/p>\n<div id=\"attachment_7397\" class=\"wp-caption aligncenter\"><img fetchpriority=\"high\" decoding=\"async\" class=\"size-full wp-image-7397\" src=\"http:\/\/patagonia.net\/wp-content\/uploads\/2017\/07\/puerto-rio-tranquilo.jpg\" alt=\"\" width=\"640\" height=\"480\" \/><\/p>\n<p class=\"wp-caption-text\">Puerto R\u00edo Tranquilo en Ays\u00e9n<\/p>\n<\/div>\n<p>En cuanto a nivel satisfacci\u00f3n de Servicio de Alimentaci\u00f3n, los aspectos mejor evaluado por los turistas fue: las condiciones de limpieza del servicio de alimentaci\u00f3n y la atenci\u00f3n del personal (amigable y eficiente); y los que presentan mayor oportunidad a mejorar son la relaci\u00f3n del servicio de alimentaci\u00f3n seg\u00fan precio\/calidad y preparaci\u00f3n de las comidas y bebida.<\/p>\n<p>En relaci\u00f3n a la opini\u00f3n por aspectos asociados al Servicio de Excursi\u00f3n a\u00a0<a href=\"http:\/\/patagonia.net\/chile\/sabias-que-podes-viajar-a-la-prehistoria-en-las-cavernas-de-marmol-chilenas\/\" target=\"_blank\" rel=\"noopener\">Capillas de M\u00e1rmol<\/a>, lo que los turistas mejor evaluaron fue: la facilidad para contratar la excursi\u00f3n y la atenci\u00f3n del personal (amigable y eficiente). Sobre la mayor oportunidad a mejorar identifican: los medios de pagos disponibles, la percepci\u00f3n precio\/calidad, el relato y explicaci\u00f3n del gu\u00eda y el gu\u00eda parece familiarizado con los atractivos de la excursi\u00f3n.<\/p>\n<p>Alarc\u00f3n explic\u00f3 que esta acci\u00f3n, es fruto del trabajo conjunto que desarroll\u00f3 el equipo SITUR de Sernatur Ays\u00e9n y el de Zonas de Inter\u00e9s Tur\u00edstica del territorio Chelenko y los prestadores de servicios de la localidad \u201cen donde trabajamos junto con ellos en la construcci\u00f3n de las preguntas del cuestionario y fueron los propios prestadores quienes encuestaron a los turistas. Asimismo, participaron profesionales del PER Turismo, y estudiantes en pr\u00e1ctica de Sernageomin. Posteriormente, el equipo Situr trabaj\u00f3 en el procesamiento de informaci\u00f3n y en la supervisi\u00f3n del proceso\u201d, explic\u00f3.<\/p>\n<div class=\"col-xs-12 col-sm-12 col-md-12 col-lg-12\">\n<p>Finalmente, Alarc\u00f3n se\u00f1al\u00f3 que el trabajo y an\u00e1lisis estad\u00edstico que realiza Sernatur Ays\u00e9n, lo desarrolla a trav\u00e9s del Sistema de Informaci\u00f3n Tur\u00edstica, SITUR, programa financiado por el Gobierno Regional y su Consejo, a trav\u00e9s del Plan Especial de Desarrollo de Zonas Extremas, PEDZE. \u201cEste trabajo permite obtener insumos muy valiosos tanto para el sector p\u00fablico, como para el privado, pues el turismo sigue mostrando cifras atractivas para los inversionistas y presentando nuevos desaf\u00edos para el Gobierno en materia de promoci\u00f3n y de implementaci\u00f3n de infraestructura habilitante en alianza con diversas reparticiones estatales\u201d, concluy\u00f3.<\/p>\n<p>Fuente: Sernatur Chile<\/p>\n<\/div>\n<div class=\"col-xs-12 col-sm-12 col-md-12 col-lg-12\"><\/div>\n<div class=\"col-xs-12 col-sm-12 col-md-12 col-lg-12\"><\/div>\n","protected":false},"excerpt":{"rendered":"<p>Puerto R\u00edo Tranquilo, en la regi\u00f3n de Ays\u00e9n, se distingue por la hospitalidad de la gente, limpieza y seguridad. Los [&hellip;]<\/p>\n","protected":false},"author":2,"featured_media":33312,"comment_status":"open","ping_status":"open","sticky":false,"template":"","format":"standard","meta":{"site-sidebar-layout":"default","site-content-layout":"","ast-site-content-layout":"default","site-content-style":"default","site-sidebar-style":"default","ast-global-header-display":"","ast-banner-title-visibility":"","ast-main-header-display":"","ast-hfb-above-header-display":"","ast-hfb-below-header-display":"","ast-hfb-mobile-header-display":"","site-post-title":"","ast-breadcrumbs-content":"","ast-featured-img":"","footer-sml-layout":"","ast-disable-related-posts":"","theme-transparent-header-meta":"","adv-header-id-meta":"","stick-header-meta":"","header-above-stick-meta":"","header-main-stick-meta":"","header-below-stick-meta":"","astra-migrate-meta-layouts":"default","ast-page-background-enabled":"default","ast-page-background-meta":{"desktop":{"background-color":"var(--ast-global-color-5)","background-image":"","background-repeat":"repeat","background-position":"center center","background-size":"auto","background-attachment":"scroll","background-type":"","background-media":"","overlay-type":"","overlay-color":"","overlay-opacity":"","overlay-gradient":""},"tablet":{"background-color":"","background-image":"","background-repeat":"repeat","background-position":"center center","background-size":"auto","background-attachment":"scroll","background-type":"","background-media":"","overlay-type":"","overlay-color":"","overlay-opacity":"","overlay-gradient":""},"mobile":{"background-color":"","background-image":"","background-repeat":"repeat","background-position":"center center","background-size":"auto","background-attachment":"scroll","background-type":"","background-media":"","overlay-type":"","overlay-color":"","overlay-opacity":"","overlay-gradient":""}},"ast-content-background-meta":{"desktop":{"background-color":"var(--ast-global-color-4)","background-image":"","background-repeat":"repeat","background-position":"center center","background-size":"auto","background-attachment":"scroll","background-type":"","background-media":"","overlay-type":"","overlay-color":"","overlay-opacity":"","overlay-gradient":""},"tablet":{"background-color":"var(--ast-global-color-4)","background-image":"","background-repeat":"repeat","background-position":"center center","background-size":"auto","background-attachment":"scroll","background-type":"","background-media":"","overlay-type":"","overlay-color":"","overlay-opacity":"","overlay-gradient":""},"mobile":{"background-color":"var(--ast-global-color-4)","background-image":"","background-repeat":"repeat","background-position":"center center","background-size":"auto","background-attachment":"scroll","background-type":"","background-media":"","overlay-type":"","overlay-color":"","overlay-opacity":"","overlay-gradient":""}},"footnotes":""},"categories":[23,1],"tags":[],"class_list":["post-33311","post","type-post","status-publish","format-standard","has-post-thumbnail","hentry","category-internacionales","category-noticias"],"yoast_head":"<!-- This site is optimized with the Yoast SEO Premium plugin v23.0 (Yoast SEO v27.4) - https:\/\/yoast.com\/product\/yoast-seo-premium-wordpress\/ -->\n<title>Puerto R\u00edo Tranquilo: un buen destino en Ays\u00e9n<\/title>\n<meta name=\"robots\" content=\"index, follow, max-snippet:-1, max-image-preview:large, max-video-preview:-1\" \/>\n<link rel=\"canonical\" href=\"https:\/\/patagoniambiental.com.ar\/info\/puerto-rio-tranquilo-un-buen-destino-en-aysen\/\" \/>\n<meta property=\"og:locale\" content=\"es_ES\" \/>\n<meta property=\"og:type\" content=\"article\" \/>\n<meta property=\"og:title\" content=\"Puerto R\u00edo Tranquilo: un buen destino en Ays\u00e9n\" \/>\n<meta property=\"og:description\" content=\"Puerto R\u00edo Tranquilo, en la regi\u00f3n de Ays\u00e9n, se distingue por la hospitalidad de la gente, limpieza y seguridad. Los [&hellip;]\" \/>\n<meta property=\"og:url\" content=\"https:\/\/patagoniambiental.com.ar\/info\/puerto-rio-tranquilo-un-buen-destino-en-aysen\/\" \/>\n<meta property=\"og:site_name\" content=\"Patagonia Ambiental\" \/>\n<meta property=\"article:publisher\" content=\"https:\/\/www.facebook.com\/patagonia.ambiental\" \/>\n<meta property=\"article:author\" content=\"https:\/\/www.facebook.com\/share\/1C1V8Gv9BX\/?mibextid=qi2Omg\" \/>\n<meta property=\"article:published_time\" content=\"2017-08-16T12:00:48+00:00\" \/>\n<meta property=\"og:image\" content=\"https:\/\/patagoniambiental.com.ar\/info\/wp-content\/uploads\/2017\/08\/riotranquilo-770x420.jpg\" \/>\n\t<meta property=\"og:image:width\" content=\"770\" \/>\n\t<meta property=\"og:image:height\" content=\"420\" \/>\n\t<meta property=\"og:image:type\" content=\"image\/jpeg\" \/>\n<meta name=\"author\" content=\"Patagonia Ambiental\" \/>\n<meta name=\"twitter:card\" content=\"summary_large_image\" \/>\n<meta name=\"twitter:creator\" content=\"@PatAmb\" \/>\n<meta name=\"twitter:site\" content=\"@PatAmb\" \/>\n<script type=\"application\/ld+json\" class=\"yoast-schema-graph\">{\"@context\":\"https:\\\/\\\/schema.org\",\"@graph\":[{\"@type\":\"Article\",\"@id\":\"https:\\\/\\\/patagoniambiental.com.ar\\\/info\\\/puerto-rio-tranquilo-un-buen-destino-en-aysen\\\/#article\",\"isPartOf\":{\"@id\":\"https:\\\/\\\/patagoniambiental.com.ar\\\/info\\\/puerto-rio-tranquilo-un-buen-destino-en-aysen\\\/\"},\"author\":{\"name\":\"Patagonia Ambiental\",\"@id\":\"https:\\\/\\\/patagoniambiental.com.ar\\\/info\\\/#\\\/schema\\\/person\\\/db12bff64bbcbf6a253710bf0ea37b5d\"},\"headline\":\"Puerto R\u00edo Tranquilo: un buen destino en Ays\u00e9n\",\"datePublished\":\"2017-08-16T12:00:48+00:00\",\"mainEntityOfPage\":{\"@id\":\"https:\\\/\\\/patagoniambiental.com.ar\\\/info\\\/puerto-rio-tranquilo-un-buen-destino-en-aysen\\\/\"},\"wordCount\":708,\"commentCount\":0,\"publisher\":{\"@id\":\"https:\\\/\\\/patagoniambiental.com.ar\\\/info\\\/#organization\"},\"image\":{\"@id\":\"https:\\\/\\\/patagoniambiental.com.ar\\\/info\\\/puerto-rio-tranquilo-un-buen-destino-en-aysen\\\/#primaryimage\"},\"thumbnailUrl\":\"https:\\\/\\\/patagoniambiental.com.ar\\\/info\\\/wp-content\\\/uploads\\\/2017\\\/08\\\/riotranquilo-770x420.jpg\",\"articleSection\":[\"Internacionales\",\"Noticias\"],\"inLanguage\":\"es\",\"potentialAction\":[{\"@type\":\"CommentAction\",\"name\":\"Comment\",\"target\":[\"https:\\\/\\\/patagoniambiental.com.ar\\\/info\\\/puerto-rio-tranquilo-un-buen-destino-en-aysen\\\/#respond\"]}]},{\"@type\":\"WebPage\",\"@id\":\"https:\\\/\\\/patagoniambiental.com.ar\\\/info\\\/puerto-rio-tranquilo-un-buen-destino-en-aysen\\\/\",\"url\":\"https:\\\/\\\/patagoniambiental.com.ar\\\/info\\\/puerto-rio-tranquilo-un-buen-destino-en-aysen\\\/\",\"name\":\"Puerto R\u00edo Tranquilo: un buen destino en Ays\u00e9n\",\"isPartOf\":{\"@id\":\"https:\\\/\\\/patagoniambiental.com.ar\\\/info\\\/#website\"},\"primaryImageOfPage\":{\"@id\":\"https:\\\/\\\/patagoniambiental.com.ar\\\/info\\\/puerto-rio-tranquilo-un-buen-destino-en-aysen\\\/#primaryimage\"},\"image\":{\"@id\":\"https:\\\/\\\/patagoniambiental.com.ar\\\/info\\\/puerto-rio-tranquilo-un-buen-destino-en-aysen\\\/#primaryimage\"},\"thumbnailUrl\":\"https:\\\/\\\/patagoniambiental.com.ar\\\/info\\\/wp-content\\\/uploads\\\/2017\\\/08\\\/riotranquilo-770x420.jpg\",\"datePublished\":\"2017-08-16T12:00:48+00:00\",\"breadcrumb\":{\"@id\":\"https:\\\/\\\/patagoniambiental.com.ar\\\/info\\\/puerto-rio-tranquilo-un-buen-destino-en-aysen\\\/#breadcrumb\"},\"inLanguage\":\"es\",\"potentialAction\":[{\"@type\":\"ReadAction\",\"target\":[\"https:\\\/\\\/patagoniambiental.com.ar\\\/info\\\/puerto-rio-tranquilo-un-buen-destino-en-aysen\\\/\"]}]},{\"@type\":\"ImageObject\",\"inLanguage\":\"es\",\"@id\":\"https:\\\/\\\/patagoniambiental.com.ar\\\/info\\\/puerto-rio-tranquilo-un-buen-destino-en-aysen\\\/#primaryimage\",\"url\":\"https:\\\/\\\/patagoniambiental.com.ar\\\/info\\\/wp-content\\\/uploads\\\/2017\\\/08\\\/riotranquilo-770x420.jpg\",\"contentUrl\":\"https:\\\/\\\/patagoniambiental.com.ar\\\/info\\\/wp-content\\\/uploads\\\/2017\\\/08\\\/riotranquilo-770x420.jpg\",\"width\":770,\"height\":420},{\"@type\":\"BreadcrumbList\",\"@id\":\"https:\\\/\\\/patagoniambiental.com.ar\\\/info\\\/puerto-rio-tranquilo-un-buen-destino-en-aysen\\\/#breadcrumb\",\"itemListElement\":[{\"@type\":\"ListItem\",\"position\":1,\"name\":\"Inicio\",\"item\":\"https:\\\/\\\/patagoniambiental.com.ar\\\/info\\\/\"},{\"@type\":\"ListItem\",\"position\":2,\"name\":\"Puerto R\u00edo Tranquilo: un buen destino en Ays\u00e9n\"}]},{\"@type\":\"WebSite\",\"@id\":\"https:\\\/\\\/patagoniambiental.com.ar\\\/info\\\/#website\",\"url\":\"https:\\\/\\\/patagoniambiental.com.ar\\\/info\\\/\",\"name\":\"Patagonia Ambiental\",\"description\":\"Monitoreo y an\u00e1lisis de la situaci\u00f3n geopol\u00edtica en el mundo y su implicancia en la Patagonia\",\"publisher\":{\"@id\":\"https:\\\/\\\/patagoniambiental.com.ar\\\/info\\\/#organization\"},\"potentialAction\":[{\"@type\":\"SearchAction\",\"target\":{\"@type\":\"EntryPoint\",\"urlTemplate\":\"https:\\\/\\\/patagoniambiental.com.ar\\\/info\\\/?s={search_term_string}\"},\"query-input\":{\"@type\":\"PropertyValueSpecification\",\"valueRequired\":true,\"valueName\":\"search_term_string\"}}],\"inLanguage\":\"es\"},{\"@type\":\"Organization\",\"@id\":\"https:\\\/\\\/patagoniambiental.com.ar\\\/info\\\/#organization\",\"name\":\"Patagonia Ambiental\",\"url\":\"https:\\\/\\\/patagoniambiental.com.ar\\\/info\\\/\",\"logo\":{\"@type\":\"ImageObject\",\"inLanguage\":\"es\",\"@id\":\"https:\\\/\\\/patagoniambiental.com.ar\\\/info\\\/#\\\/schema\\\/logo\\\/image\\\/\",\"url\":\"https:\\\/\\\/patagoniambiental.com.ar\\\/info\\\/wp-content\\\/uploads\\\/2025\\\/05\\\/LOGO-PATAGONIA-AMBIENTAL.png\",\"contentUrl\":\"https:\\\/\\\/patagoniambiental.com.ar\\\/info\\\/wp-content\\\/uploads\\\/2025\\\/05\\\/LOGO-PATAGONIA-AMBIENTAL.png\",\"width\":433,\"height\":250,\"caption\":\"Patagonia Ambiental\"},\"image\":{\"@id\":\"https:\\\/\\\/patagoniambiental.com.ar\\\/info\\\/#\\\/schema\\\/logo\\\/image\\\/\"},\"sameAs\":[\"https:\\\/\\\/www.facebook.com\\\/patagonia.ambiental\",\"https:\\\/\\\/x.com\\\/PatAmb\"]},{\"@type\":\"Person\",\"@id\":\"https:\\\/\\\/patagoniambiental.com.ar\\\/info\\\/#\\\/schema\\\/person\\\/db12bff64bbcbf6a253710bf0ea37b5d\",\"name\":\"Patagonia Ambiental\",\"description\":\"Andr\u00e9s Nievas T\u00e9cnico en manejo ambiental, consultor Ambiental y escritor para medios locales e internacionales sobre temas de geopolitica y medio ambiente.\",\"sameAs\":[\"http:\\\/\\\/www.patagoniambiental.com.ar\",\"https:\\\/\\\/www.facebook.com\\\/share\\\/1C1V8Gv9BX\\\/?mibextid=qi2Omg\",\"@patagoniambiental\",\"https:\\\/\\\/youtube.com\\\/@patagoniaambiental2023?si=BLt58t0wuXquxlYZ\"]}]}<\/script>\n<!-- \/ Yoast SEO Premium plugin. -->","yoast_head_json":{"title":"Puerto R\u00edo Tranquilo: un buen destino en Ays\u00e9n","robots":{"index":"index","follow":"follow","max-snippet":"max-snippet:-1","max-image-preview":"max-image-preview:large","max-video-preview":"max-video-preview:-1"},"canonical":"https:\/\/patagoniambiental.com.ar\/info\/puerto-rio-tranquilo-un-buen-destino-en-aysen\/","og_locale":"es_ES","og_type":"article","og_title":"Puerto R\u00edo Tranquilo: un buen destino en Ays\u00e9n","og_description":"Puerto R\u00edo Tranquilo, en la regi\u00f3n de Ays\u00e9n, se distingue por la hospitalidad de la gente, limpieza y seguridad. Los [&hellip;]","og_url":"https:\/\/patagoniambiental.com.ar\/info\/puerto-rio-tranquilo-un-buen-destino-en-aysen\/","og_site_name":"Patagonia Ambiental","article_publisher":"https:\/\/www.facebook.com\/patagonia.ambiental","article_author":"https:\/\/www.facebook.com\/share\/1C1V8Gv9BX\/?mibextid=qi2Omg","article_published_time":"2017-08-16T12:00:48+00:00","og_image":[{"width":770,"height":420,"url":"https:\/\/patagoniambiental.com.ar\/info\/wp-content\/uploads\/2017\/08\/riotranquilo-770x420.jpg","type":"image\/jpeg"}],"author":"Patagonia Ambiental","twitter_card":"summary_large_image","twitter_creator":"@PatAmb","twitter_site":"@PatAmb","schema":{"@context":"https:\/\/schema.org","@graph":[{"@type":"Article","@id":"https:\/\/patagoniambiental.com.ar\/info\/puerto-rio-tranquilo-un-buen-destino-en-aysen\/#article","isPartOf":{"@id":"https:\/\/patagoniambiental.com.ar\/info\/puerto-rio-tranquilo-un-buen-destino-en-aysen\/"},"author":{"name":"Patagonia Ambiental","@id":"https:\/\/patagoniambiental.com.ar\/info\/#\/schema\/person\/db12bff64bbcbf6a253710bf0ea37b5d"},"headline":"Puerto R\u00edo Tranquilo: un buen destino en Ays\u00e9n","datePublished":"2017-08-16T12:00:48+00:00","mainEntityOfPage":{"@id":"https:\/\/patagoniambiental.com.ar\/info\/puerto-rio-tranquilo-un-buen-destino-en-aysen\/"},"wordCount":708,"commentCount":0,"publisher":{"@id":"https:\/\/patagoniambiental.com.ar\/info\/#organization"},"image":{"@id":"https:\/\/patagoniambiental.com.ar\/info\/puerto-rio-tranquilo-un-buen-destino-en-aysen\/#primaryimage"},"thumbnailUrl":"https:\/\/patagoniambiental.com.ar\/info\/wp-content\/uploads\/2017\/08\/riotranquilo-770x420.jpg","articleSection":["Internacionales","Noticias"],"inLanguage":"es","potentialAction":[{"@type":"CommentAction","name":"Comment","target":["https:\/\/patagoniambiental.com.ar\/info\/puerto-rio-tranquilo-un-buen-destino-en-aysen\/#respond"]}]},{"@type":"WebPage","@id":"https:\/\/patagoniambiental.com.ar\/info\/puerto-rio-tranquilo-un-buen-destino-en-aysen\/","url":"https:\/\/patagoniambiental.com.ar\/info\/puerto-rio-tranquilo-un-buen-destino-en-aysen\/","name":"Puerto R\u00edo Tranquilo: un buen destino en Ays\u00e9n","isPartOf":{"@id":"https:\/\/patagoniambiental.com.ar\/info\/#website"},"primaryImageOfPage":{"@id":"https:\/\/patagoniambiental.com.ar\/info\/puerto-rio-tranquilo-un-buen-destino-en-aysen\/#primaryimage"},"image":{"@id":"https:\/\/patagoniambiental.com.ar\/info\/puerto-rio-tranquilo-un-buen-destino-en-aysen\/#primaryimage"},"thumbnailUrl":"https:\/\/patagoniambiental.com.ar\/info\/wp-content\/uploads\/2017\/08\/riotranquilo-770x420.jpg","datePublished":"2017-08-16T12:00:48+00:00","breadcrumb":{"@id":"https:\/\/patagoniambiental.com.ar\/info\/puerto-rio-tranquilo-un-buen-destino-en-aysen\/#breadcrumb"},"inLanguage":"es","potentialAction":[{"@type":"ReadAction","target":["https:\/\/patagoniambiental.com.ar\/info\/puerto-rio-tranquilo-un-buen-destino-en-aysen\/"]}]},{"@type":"ImageObject","inLanguage":"es","@id":"https:\/\/patagoniambiental.com.ar\/info\/puerto-rio-tranquilo-un-buen-destino-en-aysen\/#primaryimage","url":"https:\/\/patagoniambiental.com.ar\/info\/wp-content\/uploads\/2017\/08\/riotranquilo-770x420.jpg","contentUrl":"https:\/\/patagoniambiental.com.ar\/info\/wp-content\/uploads\/2017\/08\/riotranquilo-770x420.jpg","width":770,"height":420},{"@type":"BreadcrumbList","@id":"https:\/\/patagoniambiental.com.ar\/info\/puerto-rio-tranquilo-un-buen-destino-en-aysen\/#breadcrumb","itemListElement":[{"@type":"ListItem","position":1,"name":"Inicio","item":"https:\/\/patagoniambiental.com.ar\/info\/"},{"@type":"ListItem","position":2,"name":"Puerto R\u00edo Tranquilo: un buen destino en Ays\u00e9n"}]},{"@type":"WebSite","@id":"https:\/\/patagoniambiental.com.ar\/info\/#website","url":"https:\/\/patagoniambiental.com.ar\/info\/","name":"Patagonia Ambiental","description":"Monitoreo y an\u00e1lisis de la situaci\u00f3n geopol\u00edtica en el mundo y su implicancia en la Patagonia","publisher":{"@id":"https:\/\/patagoniambiental.com.ar\/info\/#organization"},"potentialAction":[{"@type":"SearchAction","target":{"@type":"EntryPoint","urlTemplate":"https:\/\/patagoniambiental.com.ar\/info\/?s={search_term_string}"},"query-input":{"@type":"PropertyValueSpecification","valueRequired":true,"valueName":"search_term_string"}}],"inLanguage":"es"},{"@type":"Organization","@id":"https:\/\/patagoniambiental.com.ar\/info\/#organization","name":"Patagonia Ambiental","url":"https:\/\/patagoniambiental.com.ar\/info\/","logo":{"@type":"ImageObject","inLanguage":"es","@id":"https:\/\/patagoniambiental.com.ar\/info\/#\/schema\/logo\/image\/","url":"https:\/\/patagoniambiental.com.ar\/info\/wp-content\/uploads\/2025\/05\/LOGO-PATAGONIA-AMBIENTAL.png","contentUrl":"https:\/\/patagoniambiental.com.ar\/info\/wp-content\/uploads\/2025\/05\/LOGO-PATAGONIA-AMBIENTAL.png","width":433,"height":250,"caption":"Patagonia Ambiental"},"image":{"@id":"https:\/\/patagoniambiental.com.ar\/info\/#\/schema\/logo\/image\/"},"sameAs":["https:\/\/www.facebook.com\/patagonia.ambiental","https:\/\/x.com\/PatAmb"]},{"@type":"Person","@id":"https:\/\/patagoniambiental.com.ar\/info\/#\/schema\/person\/db12bff64bbcbf6a253710bf0ea37b5d","name":"Patagonia Ambiental","description":"Andr\u00e9s Nievas T\u00e9cnico en manejo ambiental, consultor Ambiental y escritor para medios locales e internacionales sobre temas de geopolitica y medio ambiente.","sameAs":["http:\/\/www.patagoniambiental.com.ar","https:\/\/www.facebook.com\/share\/1C1V8Gv9BX\/?mibextid=qi2Omg","@patagoniambiental","https:\/\/youtube.com\/@patagoniaambiental2023?si=BLt58t0wuXquxlYZ"]}]}},"_links":{"self":[{"href":"https:\/\/patagoniambiental.com.ar\/info\/wp-json\/wp\/v2\/posts\/33311","targetHints":{"allow":["GET"]}}],"collection":[{"href":"https:\/\/patagoniambiental.com.ar\/info\/wp-json\/wp\/v2\/posts"}],"about":[{"href":"https:\/\/patagoniambiental.com.ar\/info\/wp-json\/wp\/v2\/types\/post"}],"author":[{"embeddable":true,"href":"https:\/\/patagoniambiental.com.ar\/info\/wp-json\/wp\/v2\/users\/2"}],"replies":[{"embeddable":true,"href":"https:\/\/patagoniambiental.com.ar\/info\/wp-json\/wp\/v2\/comments?post=33311"}],"version-history":[{"count":0,"href":"https:\/\/patagoniambiental.com.ar\/info\/wp-json\/wp\/v2\/posts\/33311\/revisions"}],"wp:featuredmedia":[{"embeddable":true,"href":"https:\/\/patagoniambiental.com.ar\/info\/wp-json\/wp\/v2\/media\/33312"}],"wp:attachment":[{"href":"https:\/\/patagoniambiental.com.ar\/info\/wp-json\/wp\/v2\/media?parent=33311"}],"wp:term":[{"taxonomy":"category","embeddable":true,"href":"https:\/\/patagoniambiental.com.ar\/info\/wp-json\/wp\/v2\/categories?post=33311"},{"taxonomy":"post_tag","embeddable":true,"href":"https:\/\/patagoniambiental.com.ar\/info\/wp-json\/wp\/v2\/tags?post=33311"}],"curies":[{"name":"wp","href":"https:\/\/api.w.org\/{rel}","templated":true}]}}