{"id":33314,"date":"2017-08-16T09:00:34","date_gmt":"2017-08-16T12:00:34","guid":{"rendered":"http:\/\/patagoniambiental.com.ar\/info\/?p=33314"},"modified":"2017-08-15T20:26:40","modified_gmt":"2017-08-15T23:26:40","slug":"rio-negro-conoce-las-actividades-turisticas-del-mes-aniversario-de-general-roca","status":"publish","type":"post","link":"https:\/\/patagoniambiental.com.ar\/info\/rio-negro-conoce-las-actividades-turisticas-del-mes-aniversario-de-general-roca\/","title":{"rendered":"R\u00edo Negro: Conoce las actividades tur\u00edsticas del mes aniversario de General Roca"},"content":{"rendered":"<h4>\u00a0GENERAL ROCA.-<\/h4>\n<p>Circuito Productivo: Cervecer\u00eda Bah\u00eda Creek 09 de setiembre 9.30 hs.-<\/p>\n<p>El proceso de producci\u00f3n posibilita que en la ciudad tambi\u00e9n se desarrollen distintas industrias relacionadas a la actividad primaria, ejemplo son las bodegas, f\u00e1bricas ligadas a la producci\u00f3n local y el actual desarrollo de emprendimientos familiares en relaci\u00f3n la elaboraci\u00f3n de cerveza artesanal. El circuito productivo invita a conocer los procesos y degustar los productos elaborados en la ciudad.<\/p>\n<h4>\u00b7\u00a0\u00a0\u00a0\u00a0\u00a0\u00a0\u00a0\u00a0\u00a0Recorriendo la historia de la ciudad (familiar) 15 de Setiembre 14.30 hs.-<\/h4>\n<p>Circuito hist\u00f3rico donde se recorre la historia de la ciudad desde pueblos originarios, fundaci\u00f3n y colonia rusa. Se visitar\u00e1 Plaza Villegas y circuito colonia rusa con visita a Casa Museo Mar\u00eda y Bernardo Riskin.<\/p>\n<ul>\n<li><strong>Huellas y senderos: (adultos) 17 de setiembre 14.30 hs.<\/strong><\/li>\n<\/ul>\n<p>Caminata interpretativa en A.N.P Paso C\u00f3rdoba que permite identificar las huellas de la fauna del hombre y la naturaleza sobre el paisaje. De baja dificultad pero fuerte compromiso con el medio ambiente. La propuesta lleva a los excursionistas a recorrer un sector del ANP Paso C\u00f3rdoba.-<\/p>\n<h4>\u00b7\u00a0\u00a0\u00a0\u00a0\u00a0\u00a0\u00a0\u00a0\u00a0Circuito Productivo: \u00bb invernadero \/ vivero\u00bb 23 de setiembre 9.30 hs.-<\/h4>\n<p>El proceso de producci\u00f3n posibilita que en la ciudad tambi\u00e9n se desarrollen distintas industrias relacionadas a la actividad primaria, ejemplo son las bodegas, f\u00e1bricas ligadas a la producci\u00f3n local y el actual desarrollo de emprendimientos familiares en relaci\u00f3n la elaboraci\u00f3n de cerveza artesanal. El circuito productivo invita a conocer los procesos y degustar los productos elaborados en la ciudad.<\/p>\n<ul>\n<li><strong>Clase abierta de Tai-Chi:<\/strong>\u00a0<strong>23 de setiembre 14.30 hs.<\/strong><\/li>\n<\/ul>\n<p>La propuesta es desarrollar una clase abierta de tai- chi para dar inicio a la temporada de primavera. A el tai chi es una pr\u00e1ctica f\u00edsico-espiritual para mejorar la calidad de vida tanto f\u00edsica como mental. Por una parte ser\u00eda muy provechosa para la salud, mientras que por otra constituye una t\u00e9cnica de meditaci\u00f3n (meditaci\u00f3n en movimiento)<\/p>\n<ul>\n<li><strong>Safari fotogr\u00e1fico de Floraci\u00f3n: 30 de setiembre 14,30 hs.<\/strong><\/li>\n<\/ul>\n<p>El tradicional safari de floraci\u00f3n ofrece la posibilidad de visitar chacra en producci\u00f3n de frutales para registrar el principal acontecimiento en cuanto a la producci\u00f3n, la floraci\u00f3n y la polinizaci\u00f3n, en esta oportunidad la propuesta se enriquece ya que se realizar\u00e1 a una chacra en producci\u00f3n convencional de manzanas, peras, cerezas y ciruelas<\/p>\n<p>&nbsp;<\/p>\n<h4>SONGOLONGO EL SABADO Y SCARAMOUCHE EL DOMINGO EN EL CEMAR<\/h4>\n<p><strong><em>Songolongo<\/em><\/strong><\/p>\n<p>Tras una exitosa gira por Buenos Aires y Rosario entre otras ciudades y a poco de cumplir 7 a\u00f1os, SongoLongo presentar\u00e1 TIERRA, su primer disco, con un show tem\u00e1tico en el que sonar\u00e1n todas las canciones del disco y algunas versiones de cl\u00e1sicos de la m\u00fasica latinoamericana.<\/p>\n<p>TIERRA fue grabado y producido por Agust\u00edn Ronconi (Arbolito) en Neuqu\u00e9n y Fiske Menuco, mezclado en estudio Boedo NoMaDe (Bs As) y masterizado en PM Estudios (Bs As) por Mariano Bilinkis (Las Pelotas, Catupecu Machu, entre otros). En el disco se pueden escuchar 12 canciones, de las cuales 11 son de SongoLongo.<\/p>\n<p>La cita es para el s\u00e1bado 19 de agosto a las 22 hs en el CE.M.AR. (Tucum\u00e1n 1141). Las anticipadas se pueden conseguir a $ 70 hasta el mi\u00e9rcoles 16 inclusive y las entradas generales tienen un valor de $100, en puerta.-<\/p>\n<h4><em>Scaramouche<\/em><\/h4>\n<p>El grupo musical de General Roca que hace homenaje a la legendaria banda de rock brit\u00e1nico QUEEN, luego de pisar escenarios en numerosas fiestas nacionales\/provinciales se presentar\u00e1 en el marco de los festejos por el aniversario de la ciudad el domingo 20 de Agosto a las 21:00 hs.<\/p>\n<p>Scaramouche est\u00e1 formada por Pablo Aristimu\u00f1o en voz principal, Juan Ignacio Ziaurriz Culla, Gisela Strada, Carolina Burlando en coros, Sebasti\u00e1n Echarte en piano, Federico Moccero en guitarra, Mauro Di Tocco en bajo y Marcos Rold\u00e1n en bater\u00eda.<\/p>\n<p>En este nuevo encuentro ampliar\u00e1 el numero de m\u00fasicos en escena compartiendo con guitarristas, quinteto de cuerdas y cantantes invitados un experiencia \u00fanica y novedosa.<\/p>\n<p>La cita es tambi\u00e9n en el espacio CEMAR, en calle Tucum\u00e1n 1141 y pueden conseguirse entradas anticipadas hasta el mediod\u00eda del viernes 18 de agosto en Italia 1542 (Hey Jude Instrumentos), de lunes a s\u00e1bados de 09 a 13.00 y de 17.00 a 21.00, con valor de $ 200.<\/p>\n<p><strong>Fuente:\u00a0DIRECCI\u00d3N DE COMUNICACI\u00d3N INSTITUCIONAL<br \/>\n<\/strong>Municipio de Roca<\/p>\n","protected":false},"excerpt":{"rendered":"<p>\u00a0GENERAL ROCA.- Circuito Productivo: Cervecer\u00eda Bah\u00eda Creek 09 de setiembre 9.30 hs.- El proceso de producci\u00f3n posibilita que en la [&hellip;]<\/p>\n","protected":false},"author":2,"featured_media":26983,"comment_status":"open","ping_status":"open","sticky":false,"template":"","format":"standard","meta":{"site-sidebar-layout":"default","site-content-layout":"","ast-site-content-layout":"default","site-content-style":"default","site-sidebar-style":"default","ast-global-header-display":"","ast-banner-title-visibility":"","ast-main-header-display":"","ast-hfb-above-header-display":"","ast-hfb-below-header-display":"","ast-hfb-mobile-header-display":"","site-post-title":"","ast-breadcrumbs-content":"","ast-featured-img":"","footer-sml-layout":"","ast-disable-related-posts":"","theme-transparent-header-meta":"","adv-header-id-meta":"","stick-header-meta":"","header-above-stick-meta":"","header-main-stick-meta":"","header-below-stick-meta":"","astra-migrate-meta-layouts":"default","ast-page-background-enabled":"default","ast-page-background-meta":{"desktop":{"background-color":"var(--ast-global-color-5)","background-image":"","background-repeat":"repeat","background-position":"center center","background-size":"auto","background-attachment":"scroll","background-type":"","background-media":"","overlay-type":"","overlay-color":"","overlay-opacity":"","overlay-gradient":""},"tablet":{"background-color":"","background-image":"","background-repeat":"repeat","background-position":"center center","background-size":"auto","background-attachment":"scroll","background-type":"","background-media":"","overlay-type":"","overlay-color":"","overlay-opacity":"","overlay-gradient":""},"mobile":{"background-color":"","background-image":"","background-repeat":"repeat","background-position":"center center","background-size":"auto","background-attachment":"scroll","background-type":"","background-media":"","overlay-type":"","overlay-color":"","overlay-opacity":"","overlay-gradient":""}},"ast-content-background-meta":{"desktop":{"background-color":"var(--ast-global-color-4)","background-image":"","background-repeat":"repeat","background-position":"center center","background-size":"auto","background-attachment":"scroll","background-type":"","background-media":"","overlay-type":"","overlay-color":"","overlay-opacity":"","overlay-gradient":""},"tablet":{"background-color":"var(--ast-global-color-4)","background-image":"","background-repeat":"repeat","background-position":"center center","background-size":"auto","background-attachment":"scroll","background-type":"","background-media":"","overlay-type":"","overlay-color":"","overlay-opacity":"","overlay-gradient":""},"mobile":{"background-color":"var(--ast-global-color-4)","background-image":"","background-repeat":"repeat","background-position":"center center","background-size":"auto","background-attachment":"scroll","background-type":"","background-media":"","overlay-type":"","overlay-color":"","overlay-opacity":"","overlay-gradient":""}},"footnotes":""},"categories":[16,1],"tags":[],"class_list":["post-33314","post","type-post","status-publish","format-standard","has-post-thumbnail","hentry","category-municipales","category-noticias"],"yoast_head":"<!-- This site is optimized with the Yoast SEO Premium plugin v23.0 (Yoast SEO v27.4) - https:\/\/yoast.com\/product\/yoast-seo-premium-wordpress\/ -->\n<title>R\u00edo Negro: Conoce las actividades tur\u00edsticas del mes aniversario de General Roca<\/title>\n<meta name=\"robots\" content=\"index, follow, max-snippet:-1, max-image-preview:large, max-video-preview:-1\" \/>\n<link rel=\"canonical\" href=\"https:\/\/patagoniambiental.com.ar\/info\/rio-negro-conoce-las-actividades-turisticas-del-mes-aniversario-de-general-roca\/\" \/>\n<meta property=\"og:locale\" content=\"es_ES\" \/>\n<meta property=\"og:type\" content=\"article\" \/>\n<meta property=\"og:title\" content=\"R\u00edo Negro: Conoce las actividades tur\u00edsticas del mes aniversario de General Roca\" \/>\n<meta property=\"og:description\" content=\"\u00a0GENERAL ROCA.- Circuito Productivo: Cervecer\u00eda Bah\u00eda Creek 09 de setiembre 9.30 hs.- El proceso de producci\u00f3n posibilita que en la [&hellip;]\" \/>\n<meta property=\"og:url\" content=\"https:\/\/patagoniambiental.com.ar\/info\/rio-negro-conoce-las-actividades-turisticas-del-mes-aniversario-de-general-roca\/\" \/>\n<meta property=\"og:site_name\" content=\"Patagonia Ambiental\" \/>\n<meta property=\"article:publisher\" content=\"https:\/\/www.facebook.com\/patagonia.ambiental\" \/>\n<meta property=\"article:author\" content=\"https:\/\/www.facebook.com\/share\/1C1V8Gv9BX\/?mibextid=qi2Omg\" \/>\n<meta property=\"article:published_time\" content=\"2017-08-16T12:00:34+00:00\" \/>\n<meta property=\"og:image\" content=\"https:\/\/patagoniambiental.com.ar\/info\/wp-content\/uploads\/2017\/04\/roca.jpg\" \/>\n\t<meta property=\"og:image:width\" content=\"259\" \/>\n\t<meta property=\"og:image:height\" content=\"194\" \/>\n\t<meta property=\"og:image:type\" content=\"image\/jpeg\" \/>\n<meta name=\"author\" content=\"Patagonia Ambiental\" \/>\n<meta name=\"twitter:card\" content=\"summary_large_image\" \/>\n<meta name=\"twitter:creator\" content=\"@PatAmb\" \/>\n<meta name=\"twitter:site\" content=\"@PatAmb\" \/>\n<script type=\"application\/ld+json\" class=\"yoast-schema-graph\">{\"@context\":\"https:\\\/\\\/schema.org\",\"@graph\":[{\"@type\":\"Article\",\"@id\":\"https:\\\/\\\/patagoniambiental.com.ar\\\/info\\\/rio-negro-conoce-las-actividades-turisticas-del-mes-aniversario-de-general-roca\\\/#article\",\"isPartOf\":{\"@id\":\"https:\\\/\\\/patagoniambiental.com.ar\\\/info\\\/rio-negro-conoce-las-actividades-turisticas-del-mes-aniversario-de-general-roca\\\/\"},\"author\":{\"name\":\"Patagonia Ambiental\",\"@id\":\"https:\\\/\\\/patagoniambiental.com.ar\\\/info\\\/#\\\/schema\\\/person\\\/db12bff64bbcbf6a253710bf0ea37b5d\"},\"headline\":\"R\u00edo Negro: Conoce las actividades tur\u00edsticas del mes aniversario de General Roca\",\"datePublished\":\"2017-08-16T12:00:34+00:00\",\"mainEntityOfPage\":{\"@id\":\"https:\\\/\\\/patagoniambiental.com.ar\\\/info\\\/rio-negro-conoce-las-actividades-turisticas-del-mes-aniversario-de-general-roca\\\/\"},\"wordCount\":737,\"commentCount\":0,\"publisher\":{\"@id\":\"https:\\\/\\\/patagoniambiental.com.ar\\\/info\\\/#organization\"},\"image\":{\"@id\":\"https:\\\/\\\/patagoniambiental.com.ar\\\/info\\\/rio-negro-conoce-las-actividades-turisticas-del-mes-aniversario-de-general-roca\\\/#primaryimage\"},\"thumbnailUrl\":\"https:\\\/\\\/patagoniambiental.com.ar\\\/info\\\/wp-content\\\/uploads\\\/2017\\\/04\\\/roca.jpg\",\"articleSection\":[\"Municipales\",\"Noticias\"],\"inLanguage\":\"es\",\"potentialAction\":[{\"@type\":\"CommentAction\",\"name\":\"Comment\",\"target\":[\"https:\\\/\\\/patagoniambiental.com.ar\\\/info\\\/rio-negro-conoce-las-actividades-turisticas-del-mes-aniversario-de-general-roca\\\/#respond\"]}]},{\"@type\":\"WebPage\",\"@id\":\"https:\\\/\\\/patagoniambiental.com.ar\\\/info\\\/rio-negro-conoce-las-actividades-turisticas-del-mes-aniversario-de-general-roca\\\/\",\"url\":\"https:\\\/\\\/patagoniambiental.com.ar\\\/info\\\/rio-negro-conoce-las-actividades-turisticas-del-mes-aniversario-de-general-roca\\\/\",\"name\":\"R\u00edo Negro: Conoce las actividades tur\u00edsticas del mes aniversario de General Roca\",\"isPartOf\":{\"@id\":\"https:\\\/\\\/patagoniambiental.com.ar\\\/info\\\/#website\"},\"primaryImageOfPage\":{\"@id\":\"https:\\\/\\\/patagoniambiental.com.ar\\\/info\\\/rio-negro-conoce-las-actividades-turisticas-del-mes-aniversario-de-general-roca\\\/#primaryimage\"},\"image\":{\"@id\":\"https:\\\/\\\/patagoniambiental.com.ar\\\/info\\\/rio-negro-conoce-las-actividades-turisticas-del-mes-aniversario-de-general-roca\\\/#primaryimage\"},\"thumbnailUrl\":\"https:\\\/\\\/patagoniambiental.com.ar\\\/info\\\/wp-content\\\/uploads\\\/2017\\\/04\\\/roca.jpg\",\"datePublished\":\"2017-08-16T12:00:34+00:00\",\"breadcrumb\":{\"@id\":\"https:\\\/\\\/patagoniambiental.com.ar\\\/info\\\/rio-negro-conoce-las-actividades-turisticas-del-mes-aniversario-de-general-roca\\\/#breadcrumb\"},\"inLanguage\":\"es\",\"potentialAction\":[{\"@type\":\"ReadAction\",\"target\":[\"https:\\\/\\\/patagoniambiental.com.ar\\\/info\\\/rio-negro-conoce-las-actividades-turisticas-del-mes-aniversario-de-general-roca\\\/\"]}]},{\"@type\":\"ImageObject\",\"inLanguage\":\"es\",\"@id\":\"https:\\\/\\\/patagoniambiental.com.ar\\\/info\\\/rio-negro-conoce-las-actividades-turisticas-del-mes-aniversario-de-general-roca\\\/#primaryimage\",\"url\":\"https:\\\/\\\/patagoniambiental.com.ar\\\/info\\\/wp-content\\\/uploads\\\/2017\\\/04\\\/roca.jpg\",\"contentUrl\":\"https:\\\/\\\/patagoniambiental.com.ar\\\/info\\\/wp-content\\\/uploads\\\/2017\\\/04\\\/roca.jpg\",\"width\":259,\"height\":194},{\"@type\":\"BreadcrumbList\",\"@id\":\"https:\\\/\\\/patagoniambiental.com.ar\\\/info\\\/rio-negro-conoce-las-actividades-turisticas-del-mes-aniversario-de-general-roca\\\/#breadcrumb\",\"itemListElement\":[{\"@type\":\"ListItem\",\"position\":1,\"name\":\"Inicio\",\"item\":\"https:\\\/\\\/patagoniambiental.com.ar\\\/info\\\/\"},{\"@type\":\"ListItem\",\"position\":2,\"name\":\"R\u00edo Negro: Conoce las actividades tur\u00edsticas del mes aniversario de General Roca\"}]},{\"@type\":\"WebSite\",\"@id\":\"https:\\\/\\\/patagoniambiental.com.ar\\\/info\\\/#website\",\"url\":\"https:\\\/\\\/patagoniambiental.com.ar\\\/info\\\/\",\"name\":\"Patagonia Ambiental\",\"description\":\"Monitoreo y an\u00e1lisis de la situaci\u00f3n geopol\u00edtica en el mundo y su implicancia en la Patagonia\",\"publisher\":{\"@id\":\"https:\\\/\\\/patagoniambiental.com.ar\\\/info\\\/#organization\"},\"potentialAction\":[{\"@type\":\"SearchAction\",\"target\":{\"@type\":\"EntryPoint\",\"urlTemplate\":\"https:\\\/\\\/patagoniambiental.com.ar\\\/info\\\/?s={search_term_string}\"},\"query-input\":{\"@type\":\"PropertyValueSpecification\",\"valueRequired\":true,\"valueName\":\"search_term_string\"}}],\"inLanguage\":\"es\"},{\"@type\":\"Organization\",\"@id\":\"https:\\\/\\\/patagoniambiental.com.ar\\\/info\\\/#organization\",\"name\":\"Patagonia Ambiental\",\"url\":\"https:\\\/\\\/patagoniambiental.com.ar\\\/info\\\/\",\"logo\":{\"@type\":\"ImageObject\",\"inLanguage\":\"es\",\"@id\":\"https:\\\/\\\/patagoniambiental.com.ar\\\/info\\\/#\\\/schema\\\/logo\\\/image\\\/\",\"url\":\"https:\\\/\\\/patagoniambiental.com.ar\\\/info\\\/wp-content\\\/uploads\\\/2025\\\/05\\\/LOGO-PATAGONIA-AMBIENTAL.png\",\"contentUrl\":\"https:\\\/\\\/patagoniambiental.com.ar\\\/info\\\/wp-content\\\/uploads\\\/2025\\\/05\\\/LOGO-PATAGONIA-AMBIENTAL.png\",\"width\":433,\"height\":250,\"caption\":\"Patagonia Ambiental\"},\"image\":{\"@id\":\"https:\\\/\\\/patagoniambiental.com.ar\\\/info\\\/#\\\/schema\\\/logo\\\/image\\\/\"},\"sameAs\":[\"https:\\\/\\\/www.facebook.com\\\/patagonia.ambiental\",\"https:\\\/\\\/x.com\\\/PatAmb\"]},{\"@type\":\"Person\",\"@id\":\"https:\\\/\\\/patagoniambiental.com.ar\\\/info\\\/#\\\/schema\\\/person\\\/db12bff64bbcbf6a253710bf0ea37b5d\",\"name\":\"Patagonia Ambiental\",\"description\":\"Andr\u00e9s Nievas T\u00e9cnico en manejo ambiental, consultor Ambiental y escritor para medios locales e internacionales sobre temas de geopolitica y medio ambiente.\",\"sameAs\":[\"http:\\\/\\\/www.patagoniambiental.com.ar\",\"https:\\\/\\\/www.facebook.com\\\/share\\\/1C1V8Gv9BX\\\/?mibextid=qi2Omg\",\"@patagoniambiental\",\"https:\\\/\\\/youtube.com\\\/@patagoniaambiental2023?si=BLt58t0wuXquxlYZ\"]}]}<\/script>\n<!-- \/ Yoast SEO Premium plugin. -->","yoast_head_json":{"title":"R\u00edo Negro: Conoce las actividades tur\u00edsticas del mes aniversario de General Roca","robots":{"index":"index","follow":"follow","max-snippet":"max-snippet:-1","max-image-preview":"max-image-preview:large","max-video-preview":"max-video-preview:-1"},"canonical":"https:\/\/patagoniambiental.com.ar\/info\/rio-negro-conoce-las-actividades-turisticas-del-mes-aniversario-de-general-roca\/","og_locale":"es_ES","og_type":"article","og_title":"R\u00edo Negro: Conoce las actividades tur\u00edsticas del mes aniversario de General Roca","og_description":"\u00a0GENERAL ROCA.- Circuito Productivo: Cervecer\u00eda Bah\u00eda Creek 09 de setiembre 9.30 hs.- El proceso de producci\u00f3n posibilita que en la [&hellip;]","og_url":"https:\/\/patagoniambiental.com.ar\/info\/rio-negro-conoce-las-actividades-turisticas-del-mes-aniversario-de-general-roca\/","og_site_name":"Patagonia Ambiental","article_publisher":"https:\/\/www.facebook.com\/patagonia.ambiental","article_author":"https:\/\/www.facebook.com\/share\/1C1V8Gv9BX\/?mibextid=qi2Omg","article_published_time":"2017-08-16T12:00:34+00:00","og_image":[{"width":259,"height":194,"url":"https:\/\/patagoniambiental.com.ar\/info\/wp-content\/uploads\/2017\/04\/roca.jpg","type":"image\/jpeg"}],"author":"Patagonia Ambiental","twitter_card":"summary_large_image","twitter_creator":"@PatAmb","twitter_site":"@PatAmb","schema":{"@context":"https:\/\/schema.org","@graph":[{"@type":"Article","@id":"https:\/\/patagoniambiental.com.ar\/info\/rio-negro-conoce-las-actividades-turisticas-del-mes-aniversario-de-general-roca\/#article","isPartOf":{"@id":"https:\/\/patagoniambiental.com.ar\/info\/rio-negro-conoce-las-actividades-turisticas-del-mes-aniversario-de-general-roca\/"},"author":{"name":"Patagonia Ambiental","@id":"https:\/\/patagoniambiental.com.ar\/info\/#\/schema\/person\/db12bff64bbcbf6a253710bf0ea37b5d"},"headline":"R\u00edo Negro: Conoce las actividades tur\u00edsticas del mes aniversario de General Roca","datePublished":"2017-08-16T12:00:34+00:00","mainEntityOfPage":{"@id":"https:\/\/patagoniambiental.com.ar\/info\/rio-negro-conoce-las-actividades-turisticas-del-mes-aniversario-de-general-roca\/"},"wordCount":737,"commentCount":0,"publisher":{"@id":"https:\/\/patagoniambiental.com.ar\/info\/#organization"},"image":{"@id":"https:\/\/patagoniambiental.com.ar\/info\/rio-negro-conoce-las-actividades-turisticas-del-mes-aniversario-de-general-roca\/#primaryimage"},"thumbnailUrl":"https:\/\/patagoniambiental.com.ar\/info\/wp-content\/uploads\/2017\/04\/roca.jpg","articleSection":["Municipales","Noticias"],"inLanguage":"es","potentialAction":[{"@type":"CommentAction","name":"Comment","target":["https:\/\/patagoniambiental.com.ar\/info\/rio-negro-conoce-las-actividades-turisticas-del-mes-aniversario-de-general-roca\/#respond"]}]},{"@type":"WebPage","@id":"https:\/\/patagoniambiental.com.ar\/info\/rio-negro-conoce-las-actividades-turisticas-del-mes-aniversario-de-general-roca\/","url":"https:\/\/patagoniambiental.com.ar\/info\/rio-negro-conoce-las-actividades-turisticas-del-mes-aniversario-de-general-roca\/","name":"R\u00edo Negro: Conoce las actividades tur\u00edsticas del mes aniversario de General Roca","isPartOf":{"@id":"https:\/\/patagoniambiental.com.ar\/info\/#website"},"primaryImageOfPage":{"@id":"https:\/\/patagoniambiental.com.ar\/info\/rio-negro-conoce-las-actividades-turisticas-del-mes-aniversario-de-general-roca\/#primaryimage"},"image":{"@id":"https:\/\/patagoniambiental.com.ar\/info\/rio-negro-conoce-las-actividades-turisticas-del-mes-aniversario-de-general-roca\/#primaryimage"},"thumbnailUrl":"https:\/\/patagoniambiental.com.ar\/info\/wp-content\/uploads\/2017\/04\/roca.jpg","datePublished":"2017-08-16T12:00:34+00:00","breadcrumb":{"@id":"https:\/\/patagoniambiental.com.ar\/info\/rio-negro-conoce-las-actividades-turisticas-del-mes-aniversario-de-general-roca\/#breadcrumb"},"inLanguage":"es","potentialAction":[{"@type":"ReadAction","target":["https:\/\/patagoniambiental.com.ar\/info\/rio-negro-conoce-las-actividades-turisticas-del-mes-aniversario-de-general-roca\/"]}]},{"@type":"ImageObject","inLanguage":"es","@id":"https:\/\/patagoniambiental.com.ar\/info\/rio-negro-conoce-las-actividades-turisticas-del-mes-aniversario-de-general-roca\/#primaryimage","url":"https:\/\/patagoniambiental.com.ar\/info\/wp-content\/uploads\/2017\/04\/roca.jpg","contentUrl":"https:\/\/patagoniambiental.com.ar\/info\/wp-content\/uploads\/2017\/04\/roca.jpg","width":259,"height":194},{"@type":"BreadcrumbList","@id":"https:\/\/patagoniambiental.com.ar\/info\/rio-negro-conoce-las-actividades-turisticas-del-mes-aniversario-de-general-roca\/#breadcrumb","itemListElement":[{"@type":"ListItem","position":1,"name":"Inicio","item":"https:\/\/patagoniambiental.com.ar\/info\/"},{"@type":"ListItem","position":2,"name":"R\u00edo Negro: Conoce las actividades tur\u00edsticas del mes aniversario de General Roca"}]},{"@type":"WebSite","@id":"https:\/\/patagoniambiental.com.ar\/info\/#website","url":"https:\/\/patagoniambiental.com.ar\/info\/","name":"Patagonia Ambiental","description":"Monitoreo y an\u00e1lisis de la situaci\u00f3n geopol\u00edtica en el mundo y su implicancia en la Patagonia","publisher":{"@id":"https:\/\/patagoniambiental.com.ar\/info\/#organization"},"potentialAction":[{"@type":"SearchAction","target":{"@type":"EntryPoint","urlTemplate":"https:\/\/patagoniambiental.com.ar\/info\/?s={search_term_string}"},"query-input":{"@type":"PropertyValueSpecification","valueRequired":true,"valueName":"search_term_string"}}],"inLanguage":"es"},{"@type":"Organization","@id":"https:\/\/patagoniambiental.com.ar\/info\/#organization","name":"Patagonia Ambiental","url":"https:\/\/patagoniambiental.com.ar\/info\/","logo":{"@type":"ImageObject","inLanguage":"es","@id":"https:\/\/patagoniambiental.com.ar\/info\/#\/schema\/logo\/image\/","url":"https:\/\/patagoniambiental.com.ar\/info\/wp-content\/uploads\/2025\/05\/LOGO-PATAGONIA-AMBIENTAL.png","contentUrl":"https:\/\/patagoniambiental.com.ar\/info\/wp-content\/uploads\/2025\/05\/LOGO-PATAGONIA-AMBIENTAL.png","width":433,"height":250,"caption":"Patagonia Ambiental"},"image":{"@id":"https:\/\/patagoniambiental.com.ar\/info\/#\/schema\/logo\/image\/"},"sameAs":["https:\/\/www.facebook.com\/patagonia.ambiental","https:\/\/x.com\/PatAmb"]},{"@type":"Person","@id":"https:\/\/patagoniambiental.com.ar\/info\/#\/schema\/person\/db12bff64bbcbf6a253710bf0ea37b5d","name":"Patagonia Ambiental","description":"Andr\u00e9s Nievas T\u00e9cnico en manejo ambiental, consultor Ambiental y escritor para medios locales e internacionales sobre temas de geopolitica y medio ambiente.","sameAs":["http:\/\/www.patagoniambiental.com.ar","https:\/\/www.facebook.com\/share\/1C1V8Gv9BX\/?mibextid=qi2Omg","@patagoniambiental","https:\/\/youtube.com\/@patagoniaambiental2023?si=BLt58t0wuXquxlYZ"]}]}},"_links":{"self":[{"href":"https:\/\/patagoniambiental.com.ar\/info\/wp-json\/wp\/v2\/posts\/33314","targetHints":{"allow":["GET"]}}],"collection":[{"href":"https:\/\/patagoniambiental.com.ar\/info\/wp-json\/wp\/v2\/posts"}],"about":[{"href":"https:\/\/patagoniambiental.com.ar\/info\/wp-json\/wp\/v2\/types\/post"}],"author":[{"embeddable":true,"href":"https:\/\/patagoniambiental.com.ar\/info\/wp-json\/wp\/v2\/users\/2"}],"replies":[{"embeddable":true,"href":"https:\/\/patagoniambiental.com.ar\/info\/wp-json\/wp\/v2\/comments?post=33314"}],"version-history":[{"count":0,"href":"https:\/\/patagoniambiental.com.ar\/info\/wp-json\/wp\/v2\/posts\/33314\/revisions"}],"wp:featuredmedia":[{"embeddable":true,"href":"https:\/\/patagoniambiental.com.ar\/info\/wp-json\/wp\/v2\/media\/26983"}],"wp:attachment":[{"href":"https:\/\/patagoniambiental.com.ar\/info\/wp-json\/wp\/v2\/media?parent=33314"}],"wp:term":[{"taxonomy":"category","embeddable":true,"href":"https:\/\/patagoniambiental.com.ar\/info\/wp-json\/wp\/v2\/categories?post=33314"},{"taxonomy":"post_tag","embeddable":true,"href":"https:\/\/patagoniambiental.com.ar\/info\/wp-json\/wp\/v2\/tags?post=33314"}],"curies":[{"name":"wp","href":"https:\/\/api.w.org\/{rel}","templated":true}]}}