{"id":33357,"date":"2017-08-16T19:00:42","date_gmt":"2017-08-16T22:00:42","guid":{"rendered":"http:\/\/patagoniambiental.com.ar\/info\/?p=33357"},"modified":"2017-08-16T11:54:02","modified_gmt":"2017-08-16T14:54:02","slug":"san-carlos-de-bariloche-rio-negro-sera-sede-de-una-nueva-reunion-plenaria-del-consejo-federal-de-energia-electrica","status":"publish","type":"post","link":"https:\/\/patagoniambiental.com.ar\/info\/san-carlos-de-bariloche-rio-negro-sera-sede-de-una-nueva-reunion-plenaria-del-consejo-federal-de-energia-electrica\/","title":{"rendered":"San Carlos de Bariloche  R\u00edo Negro ser\u00e1 sede de una nueva reuni\u00f3n plenaria del Consejo Federal de Energ\u00eda El\u00e9ctrica"},"content":{"rendered":"<p class=\"x_MsoNormal\"><i>San Carlos de Bariloche.-Se realizar\u00e1 hoy y ma\u00f1ana con representantes de todas las provincias.<\/i><!--more--><\/p>\n<p class=\"x_MsoNormal\">La organizaci\u00f3n est\u00e1 a cargo de la Secretar\u00eda de Energ\u00eda El\u00e9ctrica de R\u00edo Negro, cuya titular, Andrea Confini, explic\u00f3 que \u201ces uno de los dos encuentros de este tipo que se realizan en el a\u00f1o\u201d.<\/p>\n<p class=\"x_MsoNormal\">En este sentido, destac\u00f3 el hecho de que luego de muchos a\u00f1os un plenario del Consejo Federal se desarrolle en territorio provincial y adelant\u00f3 que estar\u00e1 presente el secretario de Energ\u00eda El\u00e9ctrica de la Naci\u00f3n, Alejandro Sruoga y el secretario de Estado de Energ\u00eda rionegrino, Sebasti\u00e1n Caldiero.<\/p>\n<p class=\"x_MsoNormal\">\u201cEl objeto central es poder discutir y aprobar las obras el\u00e9ctricas relacionadas con el transporte que se hacen en todo el pa\u00eds\u201d, resumi\u00f3.<\/p>\n<p class=\"x_MsoNormal\">R\u00edo Negro posee un desarrollo amplio en relaci\u00f3n a la ampliaci\u00f3n del sistema de transporte el\u00e9ctrico en 132 kV, el cual forma parte del Plan Castello, impulsado por el Gobierno Provincial y aprobado por la Legislatura. \u201cCon ello daremos previsibilidad al transporte en la Provincia de ac\u00e1 a 30 a\u00f1os, pero aguardamos que algunas de esas obras puedan canalizarse a trav\u00e9s de los fondos que administra el Consejo Federal y eso es lo que solicitaremos\u201d, anticip\u00f3 Confini.<\/p>\n<p class=\"x_MsoNormal\">El plenario es el 147 en su tipo y se realizar\u00e1 en el sal\u00f3n del Hotel Alma del Lago, ubicado en el kil\u00f3metro 1 de la Avenida Bustillo.<\/p>\n<p class=\"x_MsoNormal\">\n<p class=\"x_MsoNormal\"><b><u>Consejo Federal de Energ\u00eda El\u00e9ctrica<\/u><\/b><\/p>\n<p class=\"x_MsoNormal\">\n<p class=\"x_MsoNormal\">El CFEE cumple un rol fundamental en la administraci\u00f3n de fondos espec\u00edficos cuyo destino \u00fanico es el sector el\u00e9ctrico y de asesoramiento del Gobierno nacional y los gobiernos provinciales en lo que se refiere a la industria el\u00e9ctrica y los servicios p\u00fablicos o privados de energ\u00eda. Su objetivo principal es la maximizaci\u00f3n del bienestar de la poblaci\u00f3n, a trav\u00e9s de la b\u00fasqueda constante de la mayor eficiencia en la asignaci\u00f3n de los recursos del sector.<\/p>\n<p class=\"x_MsoNormal\">\u00a0<b><\/b><\/p>\n<p><b><span lang=\"ES-AR\">Fuente: GOBIERNO DE R\u00cdO NEGRO<\/span><\/b><\/p>\n","protected":false},"excerpt":{"rendered":"<p>San Carlos de Bariloche.-Se realizar\u00e1 hoy y ma\u00f1ana con representantes de todas las provincias.<\/p>\n","protected":false},"author":2,"featured_media":0,"comment_status":"open","ping_status":"open","sticky":false,"template":"","format":"standard","meta":{"site-sidebar-layout":"default","site-content-layout":"","ast-site-content-layout":"default","site-content-style":"default","site-sidebar-style":"default","ast-global-header-display":"","ast-banner-title-visibility":"","ast-main-header-display":"","ast-hfb-above-header-display":"","ast-hfb-below-header-display":"","ast-hfb-mobile-header-display":"","site-post-title":"","ast-breadcrumbs-content":"","ast-featured-img":"","footer-sml-layout":"","ast-disable-related-posts":"","theme-transparent-header-meta":"","adv-header-id-meta":"","stick-header-meta":"","header-above-stick-meta":"","header-main-stick-meta":"","header-below-stick-meta":"","astra-migrate-meta-layouts":"default","ast-page-background-enabled":"default","ast-page-background-meta":{"desktop":{"background-color":"var(--ast-global-color-5)","background-image":"","background-repeat":"repeat","background-position":"center center","background-size":"auto","background-attachment":"scroll","background-type":"","background-media":"","overlay-type":"","overlay-color":"","overlay-opacity":"","overlay-gradient":""},"tablet":{"background-color":"","background-image":"","background-repeat":"repeat","background-position":"center center","background-size":"auto","background-attachment":"scroll","background-type":"","background-media":"","overlay-type":"","overlay-color":"","overlay-opacity":"","overlay-gradient":""},"mobile":{"background-color":"","background-image":"","background-repeat":"repeat","background-position":"center center","background-size":"auto","background-attachment":"scroll","background-type":"","background-media":"","overlay-type":"","overlay-color":"","overlay-opacity":"","overlay-gradient":""}},"ast-content-background-meta":{"desktop":{"background-color":"var(--ast-global-color-4)","background-image":"","background-repeat":"repeat","background-position":"center center","background-size":"auto","background-attachment":"scroll","background-type":"","background-media":"","overlay-type":"","overlay-color":"","overlay-opacity":"","overlay-gradient":""},"tablet":{"background-color":"var(--ast-global-color-4)","background-image":"","background-repeat":"repeat","background-position":"center center","background-size":"auto","background-attachment":"scroll","background-type":"","background-media":"","overlay-type":"","overlay-color":"","overlay-opacity":"","overlay-gradient":""},"mobile":{"background-color":"var(--ast-global-color-4)","background-image":"","background-repeat":"repeat","background-position":"center center","background-size":"auto","background-attachment":"scroll","background-type":"","background-media":"","overlay-type":"","overlay-color":"","overlay-opacity":"","overlay-gradient":""}},"footnotes":""},"categories":[12,1],"tags":[],"class_list":["post-33357","post","type-post","status-publish","format-standard","hentry","category-agenda-ambiental","category-noticias"],"yoast_head":"<!-- This site is optimized with the Yoast SEO Premium plugin v23.0 (Yoast SEO v27.5) - https:\/\/yoast.com\/product\/yoast-seo-premium-wordpress\/ -->\n<title>San Carlos de Bariloche R\u00edo Negro ser\u00e1 sede de una nueva reuni\u00f3n plenaria del Consejo Federal de Energ\u00eda El\u00e9ctrica<\/title>\n<meta name=\"robots\" content=\"index, follow, max-snippet:-1, max-image-preview:large, max-video-preview:-1\" \/>\n<link rel=\"canonical\" href=\"https:\/\/patagoniambiental.com.ar\/info\/san-carlos-de-bariloche-rio-negro-sera-sede-de-una-nueva-reunion-plenaria-del-consejo-federal-de-energia-electrica\/\" \/>\n<meta property=\"og:locale\" content=\"es_ES\" \/>\n<meta property=\"og:type\" content=\"article\" \/>\n<meta property=\"og:title\" content=\"San Carlos de Bariloche R\u00edo Negro ser\u00e1 sede de una nueva reuni\u00f3n plenaria del Consejo Federal de Energ\u00eda El\u00e9ctrica\" \/>\n<meta property=\"og:description\" content=\"San Carlos de Bariloche.-Se realizar\u00e1 hoy y ma\u00f1ana con representantes de todas las provincias.\" \/>\n<meta property=\"og:url\" content=\"https:\/\/patagoniambiental.com.ar\/info\/san-carlos-de-bariloche-rio-negro-sera-sede-de-una-nueva-reunion-plenaria-del-consejo-federal-de-energia-electrica\/\" \/>\n<meta property=\"og:site_name\" content=\"Patagonia Ambiental\" \/>\n<meta property=\"article:publisher\" content=\"https:\/\/www.facebook.com\/patagonia.ambiental\" \/>\n<meta property=\"article:author\" content=\"https:\/\/www.facebook.com\/share\/1C1V8Gv9BX\/?mibextid=qi2Omg\" \/>\n<meta property=\"article:published_time\" content=\"2017-08-16T22:00:42+00:00\" \/>\n<meta property=\"og:image\" content=\"https:\/\/patagoniambiental.com.ar\/info\/wp-content\/uploads\/2017\/03\/default-facebook-bariloche.jpg\" \/>\n\t<meta property=\"og:image:width\" content=\"600\" \/>\n\t<meta property=\"og:image:height\" content=\"300\" \/>\n\t<meta property=\"og:image:type\" content=\"image\/jpeg\" \/>\n<meta name=\"author\" content=\"Patagonia Ambiental\" \/>\n<meta name=\"twitter:card\" content=\"summary_large_image\" \/>\n<meta name=\"twitter:creator\" content=\"@PatAmb\" \/>\n<meta name=\"twitter:site\" content=\"@PatAmb\" \/>\n<script type=\"application\/ld+json\" class=\"yoast-schema-graph\">{\"@context\":\"https:\\\/\\\/schema.org\",\"@graph\":[{\"@type\":\"Article\",\"@id\":\"https:\\\/\\\/patagoniambiental.com.ar\\\/info\\\/san-carlos-de-bariloche-rio-negro-sera-sede-de-una-nueva-reunion-plenaria-del-consejo-federal-de-energia-electrica\\\/#article\",\"isPartOf\":{\"@id\":\"https:\\\/\\\/patagoniambiental.com.ar\\\/info\\\/san-carlos-de-bariloche-rio-negro-sera-sede-de-una-nueva-reunion-plenaria-del-consejo-federal-de-energia-electrica\\\/\"},\"author\":{\"name\":\"Patagonia Ambiental\",\"@id\":\"https:\\\/\\\/patagoniambiental.com.ar\\\/info\\\/#\\\/schema\\\/person\\\/db12bff64bbcbf6a253710bf0ea37b5d\"},\"headline\":\"San Carlos de Bariloche R\u00edo Negro ser\u00e1 sede de una nueva reuni\u00f3n plenaria del Consejo Federal de Energ\u00eda El\u00e9ctrica\",\"datePublished\":\"2017-08-16T22:00:42+00:00\",\"mainEntityOfPage\":{\"@id\":\"https:\\\/\\\/patagoniambiental.com.ar\\\/info\\\/san-carlos-de-bariloche-rio-negro-sera-sede-de-una-nueva-reunion-plenaria-del-consejo-federal-de-energia-electrica\\\/\"},\"wordCount\":366,\"commentCount\":0,\"publisher\":{\"@id\":\"https:\\\/\\\/patagoniambiental.com.ar\\\/info\\\/#organization\"},\"articleSection\":[\"Agenda Ambiental\",\"Noticias\"],\"inLanguage\":\"es\",\"potentialAction\":[{\"@type\":\"CommentAction\",\"name\":\"Comment\",\"target\":[\"https:\\\/\\\/patagoniambiental.com.ar\\\/info\\\/san-carlos-de-bariloche-rio-negro-sera-sede-de-una-nueva-reunion-plenaria-del-consejo-federal-de-energia-electrica\\\/#respond\"]}]},{\"@type\":\"WebPage\",\"@id\":\"https:\\\/\\\/patagoniambiental.com.ar\\\/info\\\/san-carlos-de-bariloche-rio-negro-sera-sede-de-una-nueva-reunion-plenaria-del-consejo-federal-de-energia-electrica\\\/\",\"url\":\"https:\\\/\\\/patagoniambiental.com.ar\\\/info\\\/san-carlos-de-bariloche-rio-negro-sera-sede-de-una-nueva-reunion-plenaria-del-consejo-federal-de-energia-electrica\\\/\",\"name\":\"San Carlos de Bariloche R\u00edo Negro ser\u00e1 sede de una nueva reuni\u00f3n plenaria del Consejo Federal de Energ\u00eda El\u00e9ctrica\",\"isPartOf\":{\"@id\":\"https:\\\/\\\/patagoniambiental.com.ar\\\/info\\\/#website\"},\"datePublished\":\"2017-08-16T22:00:42+00:00\",\"breadcrumb\":{\"@id\":\"https:\\\/\\\/patagoniambiental.com.ar\\\/info\\\/san-carlos-de-bariloche-rio-negro-sera-sede-de-una-nueva-reunion-plenaria-del-consejo-federal-de-energia-electrica\\\/#breadcrumb\"},\"inLanguage\":\"es\",\"potentialAction\":[{\"@type\":\"ReadAction\",\"target\":[\"https:\\\/\\\/patagoniambiental.com.ar\\\/info\\\/san-carlos-de-bariloche-rio-negro-sera-sede-de-una-nueva-reunion-plenaria-del-consejo-federal-de-energia-electrica\\\/\"]}]},{\"@type\":\"BreadcrumbList\",\"@id\":\"https:\\\/\\\/patagoniambiental.com.ar\\\/info\\\/san-carlos-de-bariloche-rio-negro-sera-sede-de-una-nueva-reunion-plenaria-del-consejo-federal-de-energia-electrica\\\/#breadcrumb\",\"itemListElement\":[{\"@type\":\"ListItem\",\"position\":1,\"name\":\"Inicio\",\"item\":\"https:\\\/\\\/patagoniambiental.com.ar\\\/info\\\/\"},{\"@type\":\"ListItem\",\"position\":2,\"name\":\"San Carlos de Bariloche R\u00edo Negro ser\u00e1 sede de una nueva reuni\u00f3n plenaria del Consejo Federal de Energ\u00eda El\u00e9ctrica\"}]},{\"@type\":\"WebSite\",\"@id\":\"https:\\\/\\\/patagoniambiental.com.ar\\\/info\\\/#website\",\"url\":\"https:\\\/\\\/patagoniambiental.com.ar\\\/info\\\/\",\"name\":\"Patagonia Ambiental\",\"description\":\"Monitoreo y an\u00e1lisis de la situaci\u00f3n geopol\u00edtica en el mundo y su implicancia en la Patagonia\",\"publisher\":{\"@id\":\"https:\\\/\\\/patagoniambiental.com.ar\\\/info\\\/#organization\"},\"potentialAction\":[{\"@type\":\"SearchAction\",\"target\":{\"@type\":\"EntryPoint\",\"urlTemplate\":\"https:\\\/\\\/patagoniambiental.com.ar\\\/info\\\/?s={search_term_string}\"},\"query-input\":{\"@type\":\"PropertyValueSpecification\",\"valueRequired\":true,\"valueName\":\"search_term_string\"}}],\"inLanguage\":\"es\"},{\"@type\":\"Organization\",\"@id\":\"https:\\\/\\\/patagoniambiental.com.ar\\\/info\\\/#organization\",\"name\":\"Patagonia Ambiental\",\"url\":\"https:\\\/\\\/patagoniambiental.com.ar\\\/info\\\/\",\"logo\":{\"@type\":\"ImageObject\",\"inLanguage\":\"es\",\"@id\":\"https:\\\/\\\/patagoniambiental.com.ar\\\/info\\\/#\\\/schema\\\/logo\\\/image\\\/\",\"url\":\"https:\\\/\\\/patagoniambiental.com.ar\\\/info\\\/wp-content\\\/uploads\\\/2025\\\/05\\\/LOGO-PATAGONIA-AMBIENTAL.png\",\"contentUrl\":\"https:\\\/\\\/patagoniambiental.com.ar\\\/info\\\/wp-content\\\/uploads\\\/2025\\\/05\\\/LOGO-PATAGONIA-AMBIENTAL.png\",\"width\":433,\"height\":250,\"caption\":\"Patagonia Ambiental\"},\"image\":{\"@id\":\"https:\\\/\\\/patagoniambiental.com.ar\\\/info\\\/#\\\/schema\\\/logo\\\/image\\\/\"},\"sameAs\":[\"https:\\\/\\\/www.facebook.com\\\/patagonia.ambiental\",\"https:\\\/\\\/x.com\\\/PatAmb\"]},{\"@type\":\"Person\",\"@id\":\"https:\\\/\\\/patagoniambiental.com.ar\\\/info\\\/#\\\/schema\\\/person\\\/db12bff64bbcbf6a253710bf0ea37b5d\",\"name\":\"Patagonia Ambiental\",\"description\":\"Andr\u00e9s Nievas T\u00e9cnico en manejo ambiental, consultor Ambiental y escritor para medios locales e internacionales sobre temas de geopolitica y medio ambiente.\",\"sameAs\":[\"http:\\\/\\\/www.patagoniambiental.com.ar\",\"https:\\\/\\\/www.facebook.com\\\/share\\\/1C1V8Gv9BX\\\/?mibextid=qi2Omg\",\"@patagoniambiental\",\"https:\\\/\\\/youtube.com\\\/@patagoniaambiental2023?si=BLt58t0wuXquxlYZ\"]}]}<\/script>\n<!-- \/ Yoast SEO Premium plugin. -->","yoast_head_json":{"title":"San Carlos de Bariloche R\u00edo Negro ser\u00e1 sede de una nueva reuni\u00f3n plenaria del Consejo Federal de Energ\u00eda El\u00e9ctrica","robots":{"index":"index","follow":"follow","max-snippet":"max-snippet:-1","max-image-preview":"max-image-preview:large","max-video-preview":"max-video-preview:-1"},"canonical":"https:\/\/patagoniambiental.com.ar\/info\/san-carlos-de-bariloche-rio-negro-sera-sede-de-una-nueva-reunion-plenaria-del-consejo-federal-de-energia-electrica\/","og_locale":"es_ES","og_type":"article","og_title":"San Carlos de Bariloche R\u00edo Negro ser\u00e1 sede de una nueva reuni\u00f3n plenaria del Consejo Federal de Energ\u00eda El\u00e9ctrica","og_description":"San Carlos de Bariloche.-Se realizar\u00e1 hoy y ma\u00f1ana con representantes de todas las provincias.","og_url":"https:\/\/patagoniambiental.com.ar\/info\/san-carlos-de-bariloche-rio-negro-sera-sede-de-una-nueva-reunion-plenaria-del-consejo-federal-de-energia-electrica\/","og_site_name":"Patagonia Ambiental","article_publisher":"https:\/\/www.facebook.com\/patagonia.ambiental","article_author":"https:\/\/www.facebook.com\/share\/1C1V8Gv9BX\/?mibextid=qi2Omg","article_published_time":"2017-08-16T22:00:42+00:00","og_image":[{"width":600,"height":300,"url":"https:\/\/patagoniambiental.com.ar\/info\/wp-content\/uploads\/2017\/03\/default-facebook-bariloche.jpg","type":"image\/jpeg"}],"author":"Patagonia Ambiental","twitter_card":"summary_large_image","twitter_creator":"@PatAmb","twitter_site":"@PatAmb","schema":{"@context":"https:\/\/schema.org","@graph":[{"@type":"Article","@id":"https:\/\/patagoniambiental.com.ar\/info\/san-carlos-de-bariloche-rio-negro-sera-sede-de-una-nueva-reunion-plenaria-del-consejo-federal-de-energia-electrica\/#article","isPartOf":{"@id":"https:\/\/patagoniambiental.com.ar\/info\/san-carlos-de-bariloche-rio-negro-sera-sede-de-una-nueva-reunion-plenaria-del-consejo-federal-de-energia-electrica\/"},"author":{"name":"Patagonia Ambiental","@id":"https:\/\/patagoniambiental.com.ar\/info\/#\/schema\/person\/db12bff64bbcbf6a253710bf0ea37b5d"},"headline":"San Carlos de Bariloche R\u00edo Negro ser\u00e1 sede de una nueva reuni\u00f3n plenaria del Consejo Federal de Energ\u00eda El\u00e9ctrica","datePublished":"2017-08-16T22:00:42+00:00","mainEntityOfPage":{"@id":"https:\/\/patagoniambiental.com.ar\/info\/san-carlos-de-bariloche-rio-negro-sera-sede-de-una-nueva-reunion-plenaria-del-consejo-federal-de-energia-electrica\/"},"wordCount":366,"commentCount":0,"publisher":{"@id":"https:\/\/patagoniambiental.com.ar\/info\/#organization"},"articleSection":["Agenda Ambiental","Noticias"],"inLanguage":"es","potentialAction":[{"@type":"CommentAction","name":"Comment","target":["https:\/\/patagoniambiental.com.ar\/info\/san-carlos-de-bariloche-rio-negro-sera-sede-de-una-nueva-reunion-plenaria-del-consejo-federal-de-energia-electrica\/#respond"]}]},{"@type":"WebPage","@id":"https:\/\/patagoniambiental.com.ar\/info\/san-carlos-de-bariloche-rio-negro-sera-sede-de-una-nueva-reunion-plenaria-del-consejo-federal-de-energia-electrica\/","url":"https:\/\/patagoniambiental.com.ar\/info\/san-carlos-de-bariloche-rio-negro-sera-sede-de-una-nueva-reunion-plenaria-del-consejo-federal-de-energia-electrica\/","name":"San Carlos de Bariloche R\u00edo Negro ser\u00e1 sede de una nueva reuni\u00f3n plenaria del Consejo Federal de Energ\u00eda El\u00e9ctrica","isPartOf":{"@id":"https:\/\/patagoniambiental.com.ar\/info\/#website"},"datePublished":"2017-08-16T22:00:42+00:00","breadcrumb":{"@id":"https:\/\/patagoniambiental.com.ar\/info\/san-carlos-de-bariloche-rio-negro-sera-sede-de-una-nueva-reunion-plenaria-del-consejo-federal-de-energia-electrica\/#breadcrumb"},"inLanguage":"es","potentialAction":[{"@type":"ReadAction","target":["https:\/\/patagoniambiental.com.ar\/info\/san-carlos-de-bariloche-rio-negro-sera-sede-de-una-nueva-reunion-plenaria-del-consejo-federal-de-energia-electrica\/"]}]},{"@type":"BreadcrumbList","@id":"https:\/\/patagoniambiental.com.ar\/info\/san-carlos-de-bariloche-rio-negro-sera-sede-de-una-nueva-reunion-plenaria-del-consejo-federal-de-energia-electrica\/#breadcrumb","itemListElement":[{"@type":"ListItem","position":1,"name":"Inicio","item":"https:\/\/patagoniambiental.com.ar\/info\/"},{"@type":"ListItem","position":2,"name":"San Carlos de Bariloche R\u00edo Negro ser\u00e1 sede de una nueva reuni\u00f3n plenaria del Consejo Federal de Energ\u00eda El\u00e9ctrica"}]},{"@type":"WebSite","@id":"https:\/\/patagoniambiental.com.ar\/info\/#website","url":"https:\/\/patagoniambiental.com.ar\/info\/","name":"Patagonia Ambiental","description":"Monitoreo y an\u00e1lisis de la situaci\u00f3n geopol\u00edtica en el mundo y su implicancia en la Patagonia","publisher":{"@id":"https:\/\/patagoniambiental.com.ar\/info\/#organization"},"potentialAction":[{"@type":"SearchAction","target":{"@type":"EntryPoint","urlTemplate":"https:\/\/patagoniambiental.com.ar\/info\/?s={search_term_string}"},"query-input":{"@type":"PropertyValueSpecification","valueRequired":true,"valueName":"search_term_string"}}],"inLanguage":"es"},{"@type":"Organization","@id":"https:\/\/patagoniambiental.com.ar\/info\/#organization","name":"Patagonia Ambiental","url":"https:\/\/patagoniambiental.com.ar\/info\/","logo":{"@type":"ImageObject","inLanguage":"es","@id":"https:\/\/patagoniambiental.com.ar\/info\/#\/schema\/logo\/image\/","url":"https:\/\/patagoniambiental.com.ar\/info\/wp-content\/uploads\/2025\/05\/LOGO-PATAGONIA-AMBIENTAL.png","contentUrl":"https:\/\/patagoniambiental.com.ar\/info\/wp-content\/uploads\/2025\/05\/LOGO-PATAGONIA-AMBIENTAL.png","width":433,"height":250,"caption":"Patagonia Ambiental"},"image":{"@id":"https:\/\/patagoniambiental.com.ar\/info\/#\/schema\/logo\/image\/"},"sameAs":["https:\/\/www.facebook.com\/patagonia.ambiental","https:\/\/x.com\/PatAmb"]},{"@type":"Person","@id":"https:\/\/patagoniambiental.com.ar\/info\/#\/schema\/person\/db12bff64bbcbf6a253710bf0ea37b5d","name":"Patagonia Ambiental","description":"Andr\u00e9s Nievas T\u00e9cnico en manejo ambiental, consultor Ambiental y escritor para medios locales e internacionales sobre temas de geopolitica y medio ambiente.","sameAs":["http:\/\/www.patagoniambiental.com.ar","https:\/\/www.facebook.com\/share\/1C1V8Gv9BX\/?mibextid=qi2Omg","@patagoniambiental","https:\/\/youtube.com\/@patagoniaambiental2023?si=BLt58t0wuXquxlYZ"]}]}},"_links":{"self":[{"href":"https:\/\/patagoniambiental.com.ar\/info\/wp-json\/wp\/v2\/posts\/33357","targetHints":{"allow":["GET"]}}],"collection":[{"href":"https:\/\/patagoniambiental.com.ar\/info\/wp-json\/wp\/v2\/posts"}],"about":[{"href":"https:\/\/patagoniambiental.com.ar\/info\/wp-json\/wp\/v2\/types\/post"}],"author":[{"embeddable":true,"href":"https:\/\/patagoniambiental.com.ar\/info\/wp-json\/wp\/v2\/users\/2"}],"replies":[{"embeddable":true,"href":"https:\/\/patagoniambiental.com.ar\/info\/wp-json\/wp\/v2\/comments?post=33357"}],"version-history":[{"count":0,"href":"https:\/\/patagoniambiental.com.ar\/info\/wp-json\/wp\/v2\/posts\/33357\/revisions"}],"wp:attachment":[{"href":"https:\/\/patagoniambiental.com.ar\/info\/wp-json\/wp\/v2\/media?parent=33357"}],"wp:term":[{"taxonomy":"category","embeddable":true,"href":"https:\/\/patagoniambiental.com.ar\/info\/wp-json\/wp\/v2\/categories?post=33357"},{"taxonomy":"post_tag","embeddable":true,"href":"https:\/\/patagoniambiental.com.ar\/info\/wp-json\/wp\/v2\/tags?post=33357"}],"curies":[{"name":"wp","href":"https:\/\/api.w.org\/{rel}","templated":true}]}}