{"id":33372,"date":"2017-08-17T19:00:06","date_gmt":"2017-08-17T22:00:06","guid":{"rendered":"http:\/\/patagoniambiental.com.ar\/info\/?p=33372"},"modified":"2017-08-16T17:42:08","modified_gmt":"2017-08-16T20:42:08","slug":"autoridades-originarias-convocan-con-urgencia-al-parlamento-mapuche-tewelche-en-ingeniero-jacobacci","status":"publish","type":"post","link":"https:\/\/patagoniambiental.com.ar\/info\/autoridades-originarias-convocan-con-urgencia-al-parlamento-mapuche-tewelche-en-ingeniero-jacobacci\/","title":{"rendered":"Autoridades Originarias convocan con urgencia al Parlamento Mapuche \u2013 Tewelche en Ingeniero Jacobacci"},"content":{"rendered":"<p class=\"bajada\">Ingeniero Jacobacci.-Las autoridades Originarias del pueblo Mapuche PU LONKOS, PILLAN KUSE, WERKEN y Comisi\u00f3n Pol\u00edtica Mapuche de R\u00edo Negro convocan con urgencia a un PARLAMENTO AUTOCONVOCADO para los d\u00edas 25, 26 y 27 de agosto en la localidad de Wuahuel Niyeo (Ing. Jacobacci).<\/p>\n<p><!--more--><\/p>\n<p class=\"bajada\">La reuni\u00f3n se llevar\u00e1 adelante en la escuela N\u00ba 134 de la ciudad. (16\/08\/2017)<\/p>\n<p>Ante los graves hechos que hoy atraviesan al pueblo Mapuche, te\u00f1ido de hostigamiento, represi\u00f3n y criminalizaci\u00f3n, se hace necesario reivindicar la voz pol\u00edtica &#8211; cultural que representa la m\u00e1xima autoridad pol\u00edtica en la provincia de Rio Negro: El Parlamento.<\/p>\n<p>Las nuevas pol\u00edticas del gobierno nacional y la adhesi\u00f3n del gobierno de Weretilneck, afectan diariamente la reivindicaci\u00f3n hist\u00f3rica y el respeto pluriculturalal obtenidos en gobiernos de la democracia, en el marco de la construcci\u00f3n de una naci\u00f3n mas justa inclusiva y respetuosa de su poblaci\u00f3n originaria, preexistente a los estados Chilenos y Argentinos.<\/p>\n<p>\u201cLas pol\u00edticas adoptadas por el gobierno nacional y provincial favorecen el avance extractivistas. Tambi\u00e9n a un nuevo c\u00f3digo de tierras inconsulto, una miner\u00eda contaminante, la proyecci\u00f3n de planta nuclear sin el consenso social, la paralizaci\u00f3n de la Ley Nacional 26160 que regula la propiedad ind\u00edgena. En este marco entendemos que es urgente la realizaci\u00f3n de este Futa Trawun y no se puede aguardar mas tiempo. Las comunidades lo exigen\u201d, se\u00f1alaron los referentes en la convocatoria abierta.<\/p>\n<p>A efectos organizativos se solicita a pu pe\u00f1i ka pu lamngen (todos los hermanos interesados en participar) traer alimentos para compartir, bolsa de dormir y mantas.<\/p>\n<p>&nbsp;<\/p>\n<p><strong>CONTACTOS :<\/strong><\/p>\n<p><strong>Aldino Jaramillo 294 4666100,<\/strong><\/p>\n<p><strong>Fernanda neculman 294 4486195<\/strong><\/p>\n<p><strong>Luis pilquiman 294 4604439<\/strong><\/p>\n<p>Fuente:\u00a0http:\/\/choiquenet.com.ar\/choiquenet\/noticias\/leer\/389<\/p>\n","protected":false},"excerpt":{"rendered":"<p>Ingeniero Jacobacci.-Las autoridades Originarias del pueblo Mapuche PU LONKOS, PILLAN KUSE, WERKEN y Comisi\u00f3n Pol\u00edtica Mapuche de R\u00edo Negro convocan [&hellip;]<\/p>\n","protected":false},"author":2,"featured_media":33373,"comment_status":"open","ping_status":"open","sticky":false,"template":"","format":"standard","meta":{"site-sidebar-layout":"default","site-content-layout":"","ast-site-content-layout":"default","site-content-style":"default","site-sidebar-style":"default","ast-global-header-display":"","ast-banner-title-visibility":"","ast-main-header-display":"","ast-hfb-above-header-display":"","ast-hfb-below-header-display":"","ast-hfb-mobile-header-display":"","site-post-title":"","ast-breadcrumbs-content":"","ast-featured-img":"","footer-sml-layout":"","ast-disable-related-posts":"","theme-transparent-header-meta":"","adv-header-id-meta":"","stick-header-meta":"","header-above-stick-meta":"","header-main-stick-meta":"","header-below-stick-meta":"","astra-migrate-meta-layouts":"default","ast-page-background-enabled":"default","ast-page-background-meta":{"desktop":{"background-color":"var(--ast-global-color-5)","background-image":"","background-repeat":"repeat","background-position":"center center","background-size":"auto","background-attachment":"scroll","background-type":"","background-media":"","overlay-type":"","overlay-color":"","overlay-opacity":"","overlay-gradient":""},"tablet":{"background-color":"","background-image":"","background-repeat":"repeat","background-position":"center center","background-size":"auto","background-attachment":"scroll","background-type":"","background-media":"","overlay-type":"","overlay-color":"","overlay-opacity":"","overlay-gradient":""},"mobile":{"background-color":"","background-image":"","background-repeat":"repeat","background-position":"center center","background-size":"auto","background-attachment":"scroll","background-type":"","background-media":"","overlay-type":"","overlay-color":"","overlay-opacity":"","overlay-gradient":""}},"ast-content-background-meta":{"desktop":{"background-color":"var(--ast-global-color-4)","background-image":"","background-repeat":"repeat","background-position":"center center","background-size":"auto","background-attachment":"scroll","background-type":"","background-media":"","overlay-type":"","overlay-color":"","overlay-opacity":"","overlay-gradient":""},"tablet":{"background-color":"var(--ast-global-color-4)","background-image":"","background-repeat":"repeat","background-position":"center center","background-size":"auto","background-attachment":"scroll","background-type":"","background-media":"","overlay-type":"","overlay-color":"","overlay-opacity":"","overlay-gradient":""},"mobile":{"background-color":"var(--ast-global-color-4)","background-image":"","background-repeat":"repeat","background-position":"center center","background-size":"auto","background-attachment":"scroll","background-type":"","background-media":"","overlay-type":"","overlay-color":"","overlay-opacity":"","overlay-gradient":""}},"footnotes":""},"categories":[12,1],"tags":[],"class_list":["post-33372","post","type-post","status-publish","format-standard","has-post-thumbnail","hentry","category-agenda-ambiental","category-noticias"],"yoast_head":"<!-- This site is optimized with the Yoast SEO Premium plugin v23.0 (Yoast SEO v27.5) - https:\/\/yoast.com\/product\/yoast-seo-premium-wordpress\/ -->\n<title>Autoridades Originarias convocan con urgencia al Parlamento Mapuche \u2013 Tewelche en Ingeniero Jacobacci<\/title>\n<meta name=\"robots\" content=\"index, follow, max-snippet:-1, max-image-preview:large, max-video-preview:-1\" \/>\n<link rel=\"canonical\" href=\"https:\/\/patagoniambiental.com.ar\/info\/autoridades-originarias-convocan-con-urgencia-al-parlamento-mapuche-tewelche-en-ingeniero-jacobacci\/\" \/>\n<meta property=\"og:locale\" content=\"es_ES\" \/>\n<meta property=\"og:type\" content=\"article\" \/>\n<meta property=\"og:title\" content=\"Autoridades Originarias convocan con urgencia al Parlamento Mapuche \u2013 Tewelche en Ingeniero Jacobacci\" \/>\n<meta property=\"og:description\" content=\"Ingeniero Jacobacci.-Las autoridades Originarias del pueblo Mapuche PU LONKOS, PILLAN KUSE, WERKEN y Comisi\u00f3n Pol\u00edtica Mapuche de R\u00edo Negro convocan [&hellip;]\" \/>\n<meta property=\"og:url\" content=\"https:\/\/patagoniambiental.com.ar\/info\/autoridades-originarias-convocan-con-urgencia-al-parlamento-mapuche-tewelche-en-ingeniero-jacobacci\/\" \/>\n<meta property=\"og:site_name\" content=\"Patagonia Ambiental\" \/>\n<meta property=\"article:publisher\" content=\"https:\/\/www.facebook.com\/patagonia.ambiental\" \/>\n<meta property=\"article:author\" content=\"https:\/\/www.facebook.com\/share\/1C1V8Gv9BX\/?mibextid=qi2Omg\" \/>\n<meta property=\"article:published_time\" content=\"2017-08-17T22:00:06+00:00\" \/>\n<meta property=\"og:image\" content=\"https:\/\/patagoniambiental.com.ar\/info\/wp-content\/uploads\/2017\/08\/refernmap.jpg\" \/>\n\t<meta property=\"og:image:width\" content=\"468\" \/>\n\t<meta property=\"og:image:height\" content=\"263\" \/>\n\t<meta property=\"og:image:type\" content=\"image\/jpeg\" \/>\n<meta name=\"author\" content=\"Patagonia Ambiental\" \/>\n<meta name=\"twitter:card\" content=\"summary_large_image\" \/>\n<meta name=\"twitter:creator\" content=\"@PatAmb\" \/>\n<meta name=\"twitter:site\" content=\"@PatAmb\" \/>\n<script type=\"application\/ld+json\" class=\"yoast-schema-graph\">{\"@context\":\"https:\\\/\\\/schema.org\",\"@graph\":[{\"@type\":\"Article\",\"@id\":\"https:\\\/\\\/patagoniambiental.com.ar\\\/info\\\/autoridades-originarias-convocan-con-urgencia-al-parlamento-mapuche-tewelche-en-ingeniero-jacobacci\\\/#article\",\"isPartOf\":{\"@id\":\"https:\\\/\\\/patagoniambiental.com.ar\\\/info\\\/autoridades-originarias-convocan-con-urgencia-al-parlamento-mapuche-tewelche-en-ingeniero-jacobacci\\\/\"},\"author\":{\"name\":\"Patagonia Ambiental\",\"@id\":\"https:\\\/\\\/patagoniambiental.com.ar\\\/info\\\/#\\\/schema\\\/person\\\/db12bff64bbcbf6a253710bf0ea37b5d\"},\"headline\":\"Autoridades Originarias convocan con urgencia al Parlamento Mapuche \u2013 Tewelche en Ingeniero Jacobacci\",\"datePublished\":\"2017-08-17T22:00:06+00:00\",\"mainEntityOfPage\":{\"@id\":\"https:\\\/\\\/patagoniambiental.com.ar\\\/info\\\/autoridades-originarias-convocan-con-urgencia-al-parlamento-mapuche-tewelche-en-ingeniero-jacobacci\\\/\"},\"wordCount\":302,\"commentCount\":0,\"publisher\":{\"@id\":\"https:\\\/\\\/patagoniambiental.com.ar\\\/info\\\/#organization\"},\"image\":{\"@id\":\"https:\\\/\\\/patagoniambiental.com.ar\\\/info\\\/autoridades-originarias-convocan-con-urgencia-al-parlamento-mapuche-tewelche-en-ingeniero-jacobacci\\\/#primaryimage\"},\"thumbnailUrl\":\"https:\\\/\\\/patagoniambiental.com.ar\\\/info\\\/wp-content\\\/uploads\\\/2017\\\/08\\\/refernmap.jpg\",\"articleSection\":[\"Agenda Ambiental\",\"Noticias\"],\"inLanguage\":\"es\",\"potentialAction\":[{\"@type\":\"CommentAction\",\"name\":\"Comment\",\"target\":[\"https:\\\/\\\/patagoniambiental.com.ar\\\/info\\\/autoridades-originarias-convocan-con-urgencia-al-parlamento-mapuche-tewelche-en-ingeniero-jacobacci\\\/#respond\"]}]},{\"@type\":\"WebPage\",\"@id\":\"https:\\\/\\\/patagoniambiental.com.ar\\\/info\\\/autoridades-originarias-convocan-con-urgencia-al-parlamento-mapuche-tewelche-en-ingeniero-jacobacci\\\/\",\"url\":\"https:\\\/\\\/patagoniambiental.com.ar\\\/info\\\/autoridades-originarias-convocan-con-urgencia-al-parlamento-mapuche-tewelche-en-ingeniero-jacobacci\\\/\",\"name\":\"Autoridades Originarias convocan con urgencia al Parlamento Mapuche \u2013 Tewelche en Ingeniero Jacobacci\",\"isPartOf\":{\"@id\":\"https:\\\/\\\/patagoniambiental.com.ar\\\/info\\\/#website\"},\"primaryImageOfPage\":{\"@id\":\"https:\\\/\\\/patagoniambiental.com.ar\\\/info\\\/autoridades-originarias-convocan-con-urgencia-al-parlamento-mapuche-tewelche-en-ingeniero-jacobacci\\\/#primaryimage\"},\"image\":{\"@id\":\"https:\\\/\\\/patagoniambiental.com.ar\\\/info\\\/autoridades-originarias-convocan-con-urgencia-al-parlamento-mapuche-tewelche-en-ingeniero-jacobacci\\\/#primaryimage\"},\"thumbnailUrl\":\"https:\\\/\\\/patagoniambiental.com.ar\\\/info\\\/wp-content\\\/uploads\\\/2017\\\/08\\\/refernmap.jpg\",\"datePublished\":\"2017-08-17T22:00:06+00:00\",\"breadcrumb\":{\"@id\":\"https:\\\/\\\/patagoniambiental.com.ar\\\/info\\\/autoridades-originarias-convocan-con-urgencia-al-parlamento-mapuche-tewelche-en-ingeniero-jacobacci\\\/#breadcrumb\"},\"inLanguage\":\"es\",\"potentialAction\":[{\"@type\":\"ReadAction\",\"target\":[\"https:\\\/\\\/patagoniambiental.com.ar\\\/info\\\/autoridades-originarias-convocan-con-urgencia-al-parlamento-mapuche-tewelche-en-ingeniero-jacobacci\\\/\"]}]},{\"@type\":\"ImageObject\",\"inLanguage\":\"es\",\"@id\":\"https:\\\/\\\/patagoniambiental.com.ar\\\/info\\\/autoridades-originarias-convocan-con-urgencia-al-parlamento-mapuche-tewelche-en-ingeniero-jacobacci\\\/#primaryimage\",\"url\":\"https:\\\/\\\/patagoniambiental.com.ar\\\/info\\\/wp-content\\\/uploads\\\/2017\\\/08\\\/refernmap.jpg\",\"contentUrl\":\"https:\\\/\\\/patagoniambiental.com.ar\\\/info\\\/wp-content\\\/uploads\\\/2017\\\/08\\\/refernmap.jpg\",\"width\":468,\"height\":263},{\"@type\":\"BreadcrumbList\",\"@id\":\"https:\\\/\\\/patagoniambiental.com.ar\\\/info\\\/autoridades-originarias-convocan-con-urgencia-al-parlamento-mapuche-tewelche-en-ingeniero-jacobacci\\\/#breadcrumb\",\"itemListElement\":[{\"@type\":\"ListItem\",\"position\":1,\"name\":\"Inicio\",\"item\":\"https:\\\/\\\/patagoniambiental.com.ar\\\/info\\\/\"},{\"@type\":\"ListItem\",\"position\":2,\"name\":\"Autoridades Originarias convocan con urgencia al Parlamento Mapuche \u2013 Tewelche en Ingeniero Jacobacci\"}]},{\"@type\":\"WebSite\",\"@id\":\"https:\\\/\\\/patagoniambiental.com.ar\\\/info\\\/#website\",\"url\":\"https:\\\/\\\/patagoniambiental.com.ar\\\/info\\\/\",\"name\":\"Patagonia Ambiental\",\"description\":\"Monitoreo y an\u00e1lisis de la situaci\u00f3n geopol\u00edtica en el mundo y su implicancia en la Patagonia\",\"publisher\":{\"@id\":\"https:\\\/\\\/patagoniambiental.com.ar\\\/info\\\/#organization\"},\"potentialAction\":[{\"@type\":\"SearchAction\",\"target\":{\"@type\":\"EntryPoint\",\"urlTemplate\":\"https:\\\/\\\/patagoniambiental.com.ar\\\/info\\\/?s={search_term_string}\"},\"query-input\":{\"@type\":\"PropertyValueSpecification\",\"valueRequired\":true,\"valueName\":\"search_term_string\"}}],\"inLanguage\":\"es\"},{\"@type\":\"Organization\",\"@id\":\"https:\\\/\\\/patagoniambiental.com.ar\\\/info\\\/#organization\",\"name\":\"Patagonia Ambiental\",\"url\":\"https:\\\/\\\/patagoniambiental.com.ar\\\/info\\\/\",\"logo\":{\"@type\":\"ImageObject\",\"inLanguage\":\"es\",\"@id\":\"https:\\\/\\\/patagoniambiental.com.ar\\\/info\\\/#\\\/schema\\\/logo\\\/image\\\/\",\"url\":\"https:\\\/\\\/patagoniambiental.com.ar\\\/info\\\/wp-content\\\/uploads\\\/2025\\\/05\\\/LOGO-PATAGONIA-AMBIENTAL.png\",\"contentUrl\":\"https:\\\/\\\/patagoniambiental.com.ar\\\/info\\\/wp-content\\\/uploads\\\/2025\\\/05\\\/LOGO-PATAGONIA-AMBIENTAL.png\",\"width\":433,\"height\":250,\"caption\":\"Patagonia Ambiental\"},\"image\":{\"@id\":\"https:\\\/\\\/patagoniambiental.com.ar\\\/info\\\/#\\\/schema\\\/logo\\\/image\\\/\"},\"sameAs\":[\"https:\\\/\\\/www.facebook.com\\\/patagonia.ambiental\",\"https:\\\/\\\/x.com\\\/PatAmb\"]},{\"@type\":\"Person\",\"@id\":\"https:\\\/\\\/patagoniambiental.com.ar\\\/info\\\/#\\\/schema\\\/person\\\/db12bff64bbcbf6a253710bf0ea37b5d\",\"name\":\"Patagonia Ambiental\",\"description\":\"Andr\u00e9s Nievas T\u00e9cnico en manejo ambiental, consultor Ambiental y escritor para medios locales e internacionales sobre temas de geopolitica y medio ambiente.\",\"sameAs\":[\"http:\\\/\\\/www.patagoniambiental.com.ar\",\"https:\\\/\\\/www.facebook.com\\\/share\\\/1C1V8Gv9BX\\\/?mibextid=qi2Omg\",\"@patagoniambiental\",\"https:\\\/\\\/youtube.com\\\/@patagoniaambiental2023?si=BLt58t0wuXquxlYZ\"]}]}<\/script>\n<!-- \/ Yoast SEO Premium plugin. -->","yoast_head_json":{"title":"Autoridades Originarias convocan con urgencia al Parlamento Mapuche \u2013 Tewelche en Ingeniero Jacobacci","robots":{"index":"index","follow":"follow","max-snippet":"max-snippet:-1","max-image-preview":"max-image-preview:large","max-video-preview":"max-video-preview:-1"},"canonical":"https:\/\/patagoniambiental.com.ar\/info\/autoridades-originarias-convocan-con-urgencia-al-parlamento-mapuche-tewelche-en-ingeniero-jacobacci\/","og_locale":"es_ES","og_type":"article","og_title":"Autoridades Originarias convocan con urgencia al Parlamento Mapuche \u2013 Tewelche en Ingeniero Jacobacci","og_description":"Ingeniero Jacobacci.-Las autoridades Originarias del pueblo Mapuche PU LONKOS, PILLAN KUSE, WERKEN y Comisi\u00f3n Pol\u00edtica Mapuche de R\u00edo Negro convocan [&hellip;]","og_url":"https:\/\/patagoniambiental.com.ar\/info\/autoridades-originarias-convocan-con-urgencia-al-parlamento-mapuche-tewelche-en-ingeniero-jacobacci\/","og_site_name":"Patagonia Ambiental","article_publisher":"https:\/\/www.facebook.com\/patagonia.ambiental","article_author":"https:\/\/www.facebook.com\/share\/1C1V8Gv9BX\/?mibextid=qi2Omg","article_published_time":"2017-08-17T22:00:06+00:00","og_image":[{"width":468,"height":263,"url":"https:\/\/patagoniambiental.com.ar\/info\/wp-content\/uploads\/2017\/08\/refernmap.jpg","type":"image\/jpeg"}],"author":"Patagonia Ambiental","twitter_card":"summary_large_image","twitter_creator":"@PatAmb","twitter_site":"@PatAmb","schema":{"@context":"https:\/\/schema.org","@graph":[{"@type":"Article","@id":"https:\/\/patagoniambiental.com.ar\/info\/autoridades-originarias-convocan-con-urgencia-al-parlamento-mapuche-tewelche-en-ingeniero-jacobacci\/#article","isPartOf":{"@id":"https:\/\/patagoniambiental.com.ar\/info\/autoridades-originarias-convocan-con-urgencia-al-parlamento-mapuche-tewelche-en-ingeniero-jacobacci\/"},"author":{"name":"Patagonia Ambiental","@id":"https:\/\/patagoniambiental.com.ar\/info\/#\/schema\/person\/db12bff64bbcbf6a253710bf0ea37b5d"},"headline":"Autoridades Originarias convocan con urgencia al Parlamento Mapuche \u2013 Tewelche en Ingeniero Jacobacci","datePublished":"2017-08-17T22:00:06+00:00","mainEntityOfPage":{"@id":"https:\/\/patagoniambiental.com.ar\/info\/autoridades-originarias-convocan-con-urgencia-al-parlamento-mapuche-tewelche-en-ingeniero-jacobacci\/"},"wordCount":302,"commentCount":0,"publisher":{"@id":"https:\/\/patagoniambiental.com.ar\/info\/#organization"},"image":{"@id":"https:\/\/patagoniambiental.com.ar\/info\/autoridades-originarias-convocan-con-urgencia-al-parlamento-mapuche-tewelche-en-ingeniero-jacobacci\/#primaryimage"},"thumbnailUrl":"https:\/\/patagoniambiental.com.ar\/info\/wp-content\/uploads\/2017\/08\/refernmap.jpg","articleSection":["Agenda Ambiental","Noticias"],"inLanguage":"es","potentialAction":[{"@type":"CommentAction","name":"Comment","target":["https:\/\/patagoniambiental.com.ar\/info\/autoridades-originarias-convocan-con-urgencia-al-parlamento-mapuche-tewelche-en-ingeniero-jacobacci\/#respond"]}]},{"@type":"WebPage","@id":"https:\/\/patagoniambiental.com.ar\/info\/autoridades-originarias-convocan-con-urgencia-al-parlamento-mapuche-tewelche-en-ingeniero-jacobacci\/","url":"https:\/\/patagoniambiental.com.ar\/info\/autoridades-originarias-convocan-con-urgencia-al-parlamento-mapuche-tewelche-en-ingeniero-jacobacci\/","name":"Autoridades Originarias convocan con urgencia al Parlamento Mapuche \u2013 Tewelche en Ingeniero Jacobacci","isPartOf":{"@id":"https:\/\/patagoniambiental.com.ar\/info\/#website"},"primaryImageOfPage":{"@id":"https:\/\/patagoniambiental.com.ar\/info\/autoridades-originarias-convocan-con-urgencia-al-parlamento-mapuche-tewelche-en-ingeniero-jacobacci\/#primaryimage"},"image":{"@id":"https:\/\/patagoniambiental.com.ar\/info\/autoridades-originarias-convocan-con-urgencia-al-parlamento-mapuche-tewelche-en-ingeniero-jacobacci\/#primaryimage"},"thumbnailUrl":"https:\/\/patagoniambiental.com.ar\/info\/wp-content\/uploads\/2017\/08\/refernmap.jpg","datePublished":"2017-08-17T22:00:06+00:00","breadcrumb":{"@id":"https:\/\/patagoniambiental.com.ar\/info\/autoridades-originarias-convocan-con-urgencia-al-parlamento-mapuche-tewelche-en-ingeniero-jacobacci\/#breadcrumb"},"inLanguage":"es","potentialAction":[{"@type":"ReadAction","target":["https:\/\/patagoniambiental.com.ar\/info\/autoridades-originarias-convocan-con-urgencia-al-parlamento-mapuche-tewelche-en-ingeniero-jacobacci\/"]}]},{"@type":"ImageObject","inLanguage":"es","@id":"https:\/\/patagoniambiental.com.ar\/info\/autoridades-originarias-convocan-con-urgencia-al-parlamento-mapuche-tewelche-en-ingeniero-jacobacci\/#primaryimage","url":"https:\/\/patagoniambiental.com.ar\/info\/wp-content\/uploads\/2017\/08\/refernmap.jpg","contentUrl":"https:\/\/patagoniambiental.com.ar\/info\/wp-content\/uploads\/2017\/08\/refernmap.jpg","width":468,"height":263},{"@type":"BreadcrumbList","@id":"https:\/\/patagoniambiental.com.ar\/info\/autoridades-originarias-convocan-con-urgencia-al-parlamento-mapuche-tewelche-en-ingeniero-jacobacci\/#breadcrumb","itemListElement":[{"@type":"ListItem","position":1,"name":"Inicio","item":"https:\/\/patagoniambiental.com.ar\/info\/"},{"@type":"ListItem","position":2,"name":"Autoridades Originarias convocan con urgencia al Parlamento Mapuche \u2013 Tewelche en Ingeniero Jacobacci"}]},{"@type":"WebSite","@id":"https:\/\/patagoniambiental.com.ar\/info\/#website","url":"https:\/\/patagoniambiental.com.ar\/info\/","name":"Patagonia Ambiental","description":"Monitoreo y an\u00e1lisis de la situaci\u00f3n geopol\u00edtica en el mundo y su implicancia en la Patagonia","publisher":{"@id":"https:\/\/patagoniambiental.com.ar\/info\/#organization"},"potentialAction":[{"@type":"SearchAction","target":{"@type":"EntryPoint","urlTemplate":"https:\/\/patagoniambiental.com.ar\/info\/?s={search_term_string}"},"query-input":{"@type":"PropertyValueSpecification","valueRequired":true,"valueName":"search_term_string"}}],"inLanguage":"es"},{"@type":"Organization","@id":"https:\/\/patagoniambiental.com.ar\/info\/#organization","name":"Patagonia Ambiental","url":"https:\/\/patagoniambiental.com.ar\/info\/","logo":{"@type":"ImageObject","inLanguage":"es","@id":"https:\/\/patagoniambiental.com.ar\/info\/#\/schema\/logo\/image\/","url":"https:\/\/patagoniambiental.com.ar\/info\/wp-content\/uploads\/2025\/05\/LOGO-PATAGONIA-AMBIENTAL.png","contentUrl":"https:\/\/patagoniambiental.com.ar\/info\/wp-content\/uploads\/2025\/05\/LOGO-PATAGONIA-AMBIENTAL.png","width":433,"height":250,"caption":"Patagonia Ambiental"},"image":{"@id":"https:\/\/patagoniambiental.com.ar\/info\/#\/schema\/logo\/image\/"},"sameAs":["https:\/\/www.facebook.com\/patagonia.ambiental","https:\/\/x.com\/PatAmb"]},{"@type":"Person","@id":"https:\/\/patagoniambiental.com.ar\/info\/#\/schema\/person\/db12bff64bbcbf6a253710bf0ea37b5d","name":"Patagonia Ambiental","description":"Andr\u00e9s Nievas T\u00e9cnico en manejo ambiental, consultor Ambiental y escritor para medios locales e internacionales sobre temas de geopolitica y medio ambiente.","sameAs":["http:\/\/www.patagoniambiental.com.ar","https:\/\/www.facebook.com\/share\/1C1V8Gv9BX\/?mibextid=qi2Omg","@patagoniambiental","https:\/\/youtube.com\/@patagoniaambiental2023?si=BLt58t0wuXquxlYZ"]}]}},"_links":{"self":[{"href":"https:\/\/patagoniambiental.com.ar\/info\/wp-json\/wp\/v2\/posts\/33372","targetHints":{"allow":["GET"]}}],"collection":[{"href":"https:\/\/patagoniambiental.com.ar\/info\/wp-json\/wp\/v2\/posts"}],"about":[{"href":"https:\/\/patagoniambiental.com.ar\/info\/wp-json\/wp\/v2\/types\/post"}],"author":[{"embeddable":true,"href":"https:\/\/patagoniambiental.com.ar\/info\/wp-json\/wp\/v2\/users\/2"}],"replies":[{"embeddable":true,"href":"https:\/\/patagoniambiental.com.ar\/info\/wp-json\/wp\/v2\/comments?post=33372"}],"version-history":[{"count":0,"href":"https:\/\/patagoniambiental.com.ar\/info\/wp-json\/wp\/v2\/posts\/33372\/revisions"}],"wp:featuredmedia":[{"embeddable":true,"href":"https:\/\/patagoniambiental.com.ar\/info\/wp-json\/wp\/v2\/media\/33373"}],"wp:attachment":[{"href":"https:\/\/patagoniambiental.com.ar\/info\/wp-json\/wp\/v2\/media?parent=33372"}],"wp:term":[{"taxonomy":"category","embeddable":true,"href":"https:\/\/patagoniambiental.com.ar\/info\/wp-json\/wp\/v2\/categories?post=33372"},{"taxonomy":"post_tag","embeddable":true,"href":"https:\/\/patagoniambiental.com.ar\/info\/wp-json\/wp\/v2\/tags?post=33372"}],"curies":[{"name":"wp","href":"https:\/\/api.w.org\/{rel}","templated":true}]}}