{"id":33407,"date":"2017-08-17T19:00:18","date_gmt":"2017-08-17T22:00:18","guid":{"rendered":"http:\/\/patagoniambiental.com.ar\/info\/?p=33407"},"modified":"2017-08-17T09:29:31","modified_gmt":"2017-08-17T12:29:31","slug":"escuelas-de-trelew-avanzan-en-proyectos-de-educacion-ambiental-con-acompanamiento-municipal","status":"publish","type":"post","link":"https:\/\/patagoniambiental.com.ar\/info\/escuelas-de-trelew-avanzan-en-proyectos-de-educacion-ambiental-con-acompanamiento-municipal\/","title":{"rendered":"Escuelas de Trelew avanzan en proyectos de Educaci\u00f3n Ambiental con acompa\u00f1amiento municipal"},"content":{"rendered":"<div class=\"_1dwg _1w_m\">\n<div>\n<div id=\"js_6\" class=\"_5pbx userContent\" data-ft=\"{&quot;tn&quot;:&quot;K&quot;}\">\n<div id=\"id_599589b7e4a733536915681\" class=\"text_exposed_root text_exposed\">\n<p>Trelew.-La Municipalidad de Trelew, a trav\u00e9s del Subprograma de Educaci\u00f3n Ambiental, dependiente de la Direcci\u00f3n de Gesti\u00f3n Ambiental, se encuentra desarrollando en una decena de escuelas primarias de la ciudad, el Programa \u201cEducar para la Sustentabilidad\u201d.<span class=\"text_exposed_show\"><!--more--><\/span><\/p>\n<p>Acompa\u00f1a a docentes y alumnos en proyectos de educaci\u00f3n ambiental relacionados con\u00a0<span class=\"text_exposed_show\">los residuos s\u00f3lidos urbanos, el cuidado del espacio p\u00fablico y la creaci\u00f3n de espacios verdes y\/o huertas escolares.<\/span><\/p>\n<p><span class=\"text_exposed_show\"><br \/>\nEn este sentido, la responsable del Subprograma, Lic. Macarena Iralde explic\u00f3 que \u201cestamos trabajando en el desarrollo de estos proyectos con las distintas escuelas que componen el Programa desde el mes de junio, primero relevando los intereses de cada una de ellas y en esta etapa aportando lo que sea necesario para que avancen.\u201d<br \/>\nA modo de ejemplo, mencion\u00f3 que \u201cen algunos casos, como en la escuela 189, de barrio Etchepare, estamos acompa\u00f1ando iniciativas que ya ten\u00eda la escuela, relacionadas con la gesti\u00f3n de los residuos en la ciudad o la implementaci\u00f3n de una huerta, por eso ayer dimos una charla sobre el sistema GIRSU ya que la semana que viene van a recorrer la planta y el relleno sanitario.\u201d<br \/>\nIrlade destac\u00f3 que \u201chay varias escuelas, como la 207, 224, 173 y 165 que propusieron trabajar con la generaci\u00f3n de espacios verdes, ya sea acondicionando el patio o generando peque\u00f1as huertas y trabajando con la separaci\u00f3n de residuos y elaboraci\u00f3n de compost\u201d y agreg\u00f3 que \u201cen estos casos tenemos que agradecer la participaci\u00f3n de t\u00e9cnicos de la Agencia de Desarrollo Productivo de la Municipalidad que nos asesoran.\u201d<br \/>\n\u201cEs interesante\u201d, valor\u00f3 la referente de educaci\u00f3n ambiental municipal, \u201cc\u00f3mo los docentes se interesaron en las tres secuencias did\u00e1cticas que les propusimos, es decir, Residuos, Biodiversidad y Cuidado del Espacio P\u00fablico, y de alguna manera las van a ir desarrollando, como por ejemplo en las escuelas 201, 174, 195, 40 y 216.\u201d<br \/>\nFinalmente, Iralde indic\u00f3 que \u201cpaulatinamente se van sumando escuelas y trabajando las diferentes tem\u00e1ticas propuestas\u201d mencionando que \u201ctambi\u00e9n van surgiendo otros temas de inter\u00e9s como cuidado del agua, miner\u00eda y energ\u00edas renovables, entre otros\u201d.<\/span><\/p>\n<\/div>\n<\/div>\n<div class=\"_3x-2\">\n<div data-ft=\"{&quot;tn&quot;:&quot;H&quot;}\">\n<div class=\"mtm\">\n<div class=\"_5cq3\" data-ft=\"{&quot;tn&quot;:&quot;E&quot;}\">\n<div id=\"u_ps_0_0_6\" class=\"uiScaledImageContainer _4-ep\"><img fetchpriority=\"high\" decoding=\"async\" class=\"scaledImageFitWidth img\" src=\"https:\/\/scontent-eze1-1.xx.fbcdn.net\/v\/t1.0-0\/s480x480\/20840959_1365259606855891_3245743471379486038_n.jpg?oh=5091b9f118699d3ed060d2917c7db608&amp;oe=5A1A701C\" alt=\"La imagen puede contener: 1 persona, de pie e interior\" width=\"476\" height=\"335\" \/><\/div>\n<\/div>\n<\/div>\n<\/div>\n<\/div>\n<div><\/div>\n<div>Fuente: Direcci\u00f3n de Gesti\u00f3n Ambiental de la Municipalidad de Trelew<\/div>\n<\/div>\n<\/div>\n<p>&nbsp;<\/p>\n<div><\/div>\n","protected":false},"excerpt":{"rendered":"<p>Trelew.-La Municipalidad de Trelew, a trav\u00e9s del Subprograma de Educaci\u00f3n Ambiental, dependiente de la Direcci\u00f3n de Gesti\u00f3n Ambiental, se encuentra [&hellip;]<\/p>\n","protected":false},"author":2,"featured_media":33408,"comment_status":"open","ping_status":"open","sticky":false,"template":"","format":"standard","meta":{"site-sidebar-layout":"default","site-content-layout":"","ast-site-content-layout":"default","site-content-style":"default","site-sidebar-style":"default","ast-global-header-display":"","ast-banner-title-visibility":"","ast-main-header-display":"","ast-hfb-above-header-display":"","ast-hfb-below-header-display":"","ast-hfb-mobile-header-display":"","site-post-title":"","ast-breadcrumbs-content":"","ast-featured-img":"","footer-sml-layout":"","ast-disable-related-posts":"","theme-transparent-header-meta":"","adv-header-id-meta":"","stick-header-meta":"","header-above-stick-meta":"","header-main-stick-meta":"","header-below-stick-meta":"","astra-migrate-meta-layouts":"default","ast-page-background-enabled":"default","ast-page-background-meta":{"desktop":{"background-color":"var(--ast-global-color-5)","background-image":"","background-repeat":"repeat","background-position":"center center","background-size":"auto","background-attachment":"scroll","background-type":"","background-media":"","overlay-type":"","overlay-color":"","overlay-opacity":"","overlay-gradient":""},"tablet":{"background-color":"","background-image":"","background-repeat":"repeat","background-position":"center center","background-size":"auto","background-attachment":"scroll","background-type":"","background-media":"","overlay-type":"","overlay-color":"","overlay-opacity":"","overlay-gradient":""},"mobile":{"background-color":"","background-image":"","background-repeat":"repeat","background-position":"center center","background-size":"auto","background-attachment":"scroll","background-type":"","background-media":"","overlay-type":"","overlay-color":"","overlay-opacity":"","overlay-gradient":""}},"ast-content-background-meta":{"desktop":{"background-color":"var(--ast-global-color-4)","background-image":"","background-repeat":"repeat","background-position":"center center","background-size":"auto","background-attachment":"scroll","background-type":"","background-media":"","overlay-type":"","overlay-color":"","overlay-opacity":"","overlay-gradient":""},"tablet":{"background-color":"var(--ast-global-color-4)","background-image":"","background-repeat":"repeat","background-position":"center center","background-size":"auto","background-attachment":"scroll","background-type":"","background-media":"","overlay-type":"","overlay-color":"","overlay-opacity":"","overlay-gradient":""},"mobile":{"background-color":"var(--ast-global-color-4)","background-image":"","background-repeat":"repeat","background-position":"center center","background-size":"auto","background-attachment":"scroll","background-type":"","background-media":"","overlay-type":"","overlay-color":"","overlay-opacity":"","overlay-gradient":""}},"footnotes":""},"categories":[12,1],"tags":[],"class_list":["post-33407","post","type-post","status-publish","format-standard","has-post-thumbnail","hentry","category-agenda-ambiental","category-noticias"],"yoast_head":"<!-- This site is optimized with the Yoast SEO Premium plugin v23.0 (Yoast SEO v27.5) - https:\/\/yoast.com\/product\/yoast-seo-premium-wordpress\/ -->\n<title>Escuelas de Trelew avanzan en proyectos de Educaci\u00f3n Ambiental con acompa\u00f1amiento municipal<\/title>\n<meta name=\"robots\" content=\"index, follow, max-snippet:-1, max-image-preview:large, max-video-preview:-1\" \/>\n<link rel=\"canonical\" href=\"https:\/\/patagoniambiental.com.ar\/info\/escuelas-de-trelew-avanzan-en-proyectos-de-educacion-ambiental-con-acompanamiento-municipal\/\" \/>\n<meta property=\"og:locale\" content=\"es_ES\" \/>\n<meta property=\"og:type\" content=\"article\" \/>\n<meta property=\"og:title\" content=\"Escuelas de Trelew avanzan en proyectos de Educaci\u00f3n Ambiental con acompa\u00f1amiento municipal\" \/>\n<meta property=\"og:description\" content=\"Trelew.-La Municipalidad de Trelew, a trav\u00e9s del Subprograma de Educaci\u00f3n Ambiental, dependiente de la Direcci\u00f3n de Gesti\u00f3n Ambiental, se encuentra [&hellip;]\" \/>\n<meta property=\"og:url\" content=\"https:\/\/patagoniambiental.com.ar\/info\/escuelas-de-trelew-avanzan-en-proyectos-de-educacion-ambiental-con-acompanamiento-municipal\/\" \/>\n<meta property=\"og:site_name\" content=\"Patagonia Ambiental\" \/>\n<meta property=\"article:publisher\" content=\"https:\/\/www.facebook.com\/patagonia.ambiental\" \/>\n<meta property=\"article:author\" content=\"https:\/\/www.facebook.com\/share\/1C1V8Gv9BX\/?mibextid=qi2Omg\" \/>\n<meta property=\"article:published_time\" content=\"2017-08-17T22:00:18+00:00\" \/>\n<meta property=\"og:image\" content=\"https:\/\/patagoniambiental.com.ar\/info\/wp-content\/uploads\/2017\/08\/20840959_1365259606855891_3245743471379486038_n.jpg\" \/>\n\t<meta property=\"og:image:width\" content=\"480\" \/>\n\t<meta property=\"og:image:height\" content=\"337\" \/>\n\t<meta property=\"og:image:type\" content=\"image\/jpeg\" \/>\n<meta name=\"author\" content=\"Patagonia Ambiental\" \/>\n<meta name=\"twitter:card\" content=\"summary_large_image\" \/>\n<meta name=\"twitter:creator\" content=\"@PatAmb\" \/>\n<meta name=\"twitter:site\" content=\"@PatAmb\" \/>\n<script type=\"application\/ld+json\" class=\"yoast-schema-graph\">{\"@context\":\"https:\\\/\\\/schema.org\",\"@graph\":[{\"@type\":\"Article\",\"@id\":\"https:\\\/\\\/patagoniambiental.com.ar\\\/info\\\/escuelas-de-trelew-avanzan-en-proyectos-de-educacion-ambiental-con-acompanamiento-municipal\\\/#article\",\"isPartOf\":{\"@id\":\"https:\\\/\\\/patagoniambiental.com.ar\\\/info\\\/escuelas-de-trelew-avanzan-en-proyectos-de-educacion-ambiental-con-acompanamiento-municipal\\\/\"},\"author\":{\"name\":\"Patagonia Ambiental\",\"@id\":\"https:\\\/\\\/patagoniambiental.com.ar\\\/info\\\/#\\\/schema\\\/person\\\/db12bff64bbcbf6a253710bf0ea37b5d\"},\"headline\":\"Escuelas de Trelew avanzan en proyectos de Educaci\u00f3n Ambiental con acompa\u00f1amiento municipal\",\"datePublished\":\"2017-08-17T22:00:18+00:00\",\"mainEntityOfPage\":{\"@id\":\"https:\\\/\\\/patagoniambiental.com.ar\\\/info\\\/escuelas-de-trelew-avanzan-en-proyectos-de-educacion-ambiental-con-acompanamiento-municipal\\\/\"},\"wordCount\":386,\"commentCount\":0,\"publisher\":{\"@id\":\"https:\\\/\\\/patagoniambiental.com.ar\\\/info\\\/#organization\"},\"image\":{\"@id\":\"https:\\\/\\\/patagoniambiental.com.ar\\\/info\\\/escuelas-de-trelew-avanzan-en-proyectos-de-educacion-ambiental-con-acompanamiento-municipal\\\/#primaryimage\"},\"thumbnailUrl\":\"https:\\\/\\\/patagoniambiental.com.ar\\\/info\\\/wp-content\\\/uploads\\\/2017\\\/08\\\/20840959_1365259606855891_3245743471379486038_n.jpg\",\"articleSection\":[\"Agenda Ambiental\",\"Noticias\"],\"inLanguage\":\"es\",\"potentialAction\":[{\"@type\":\"CommentAction\",\"name\":\"Comment\",\"target\":[\"https:\\\/\\\/patagoniambiental.com.ar\\\/info\\\/escuelas-de-trelew-avanzan-en-proyectos-de-educacion-ambiental-con-acompanamiento-municipal\\\/#respond\"]}]},{\"@type\":\"WebPage\",\"@id\":\"https:\\\/\\\/patagoniambiental.com.ar\\\/info\\\/escuelas-de-trelew-avanzan-en-proyectos-de-educacion-ambiental-con-acompanamiento-municipal\\\/\",\"url\":\"https:\\\/\\\/patagoniambiental.com.ar\\\/info\\\/escuelas-de-trelew-avanzan-en-proyectos-de-educacion-ambiental-con-acompanamiento-municipal\\\/\",\"name\":\"Escuelas de Trelew avanzan en proyectos de Educaci\u00f3n Ambiental con acompa\u00f1amiento municipal\",\"isPartOf\":{\"@id\":\"https:\\\/\\\/patagoniambiental.com.ar\\\/info\\\/#website\"},\"primaryImageOfPage\":{\"@id\":\"https:\\\/\\\/patagoniambiental.com.ar\\\/info\\\/escuelas-de-trelew-avanzan-en-proyectos-de-educacion-ambiental-con-acompanamiento-municipal\\\/#primaryimage\"},\"image\":{\"@id\":\"https:\\\/\\\/patagoniambiental.com.ar\\\/info\\\/escuelas-de-trelew-avanzan-en-proyectos-de-educacion-ambiental-con-acompanamiento-municipal\\\/#primaryimage\"},\"thumbnailUrl\":\"https:\\\/\\\/patagoniambiental.com.ar\\\/info\\\/wp-content\\\/uploads\\\/2017\\\/08\\\/20840959_1365259606855891_3245743471379486038_n.jpg\",\"datePublished\":\"2017-08-17T22:00:18+00:00\",\"breadcrumb\":{\"@id\":\"https:\\\/\\\/patagoniambiental.com.ar\\\/info\\\/escuelas-de-trelew-avanzan-en-proyectos-de-educacion-ambiental-con-acompanamiento-municipal\\\/#breadcrumb\"},\"inLanguage\":\"es\",\"potentialAction\":[{\"@type\":\"ReadAction\",\"target\":[\"https:\\\/\\\/patagoniambiental.com.ar\\\/info\\\/escuelas-de-trelew-avanzan-en-proyectos-de-educacion-ambiental-con-acompanamiento-municipal\\\/\"]}]},{\"@type\":\"ImageObject\",\"inLanguage\":\"es\",\"@id\":\"https:\\\/\\\/patagoniambiental.com.ar\\\/info\\\/escuelas-de-trelew-avanzan-en-proyectos-de-educacion-ambiental-con-acompanamiento-municipal\\\/#primaryimage\",\"url\":\"https:\\\/\\\/patagoniambiental.com.ar\\\/info\\\/wp-content\\\/uploads\\\/2017\\\/08\\\/20840959_1365259606855891_3245743471379486038_n.jpg\",\"contentUrl\":\"https:\\\/\\\/patagoniambiental.com.ar\\\/info\\\/wp-content\\\/uploads\\\/2017\\\/08\\\/20840959_1365259606855891_3245743471379486038_n.jpg\",\"width\":480,\"height\":337},{\"@type\":\"BreadcrumbList\",\"@id\":\"https:\\\/\\\/patagoniambiental.com.ar\\\/info\\\/escuelas-de-trelew-avanzan-en-proyectos-de-educacion-ambiental-con-acompanamiento-municipal\\\/#breadcrumb\",\"itemListElement\":[{\"@type\":\"ListItem\",\"position\":1,\"name\":\"Inicio\",\"item\":\"https:\\\/\\\/patagoniambiental.com.ar\\\/info\\\/\"},{\"@type\":\"ListItem\",\"position\":2,\"name\":\"Escuelas de Trelew avanzan en proyectos de Educaci\u00f3n Ambiental con acompa\u00f1amiento municipal\"}]},{\"@type\":\"WebSite\",\"@id\":\"https:\\\/\\\/patagoniambiental.com.ar\\\/info\\\/#website\",\"url\":\"https:\\\/\\\/patagoniambiental.com.ar\\\/info\\\/\",\"name\":\"Patagonia Ambiental\",\"description\":\"Monitoreo y an\u00e1lisis de la situaci\u00f3n geopol\u00edtica en el mundo y su implicancia en la Patagonia\",\"publisher\":{\"@id\":\"https:\\\/\\\/patagoniambiental.com.ar\\\/info\\\/#organization\"},\"potentialAction\":[{\"@type\":\"SearchAction\",\"target\":{\"@type\":\"EntryPoint\",\"urlTemplate\":\"https:\\\/\\\/patagoniambiental.com.ar\\\/info\\\/?s={search_term_string}\"},\"query-input\":{\"@type\":\"PropertyValueSpecification\",\"valueRequired\":true,\"valueName\":\"search_term_string\"}}],\"inLanguage\":\"es\"},{\"@type\":\"Organization\",\"@id\":\"https:\\\/\\\/patagoniambiental.com.ar\\\/info\\\/#organization\",\"name\":\"Patagonia Ambiental\",\"url\":\"https:\\\/\\\/patagoniambiental.com.ar\\\/info\\\/\",\"logo\":{\"@type\":\"ImageObject\",\"inLanguage\":\"es\",\"@id\":\"https:\\\/\\\/patagoniambiental.com.ar\\\/info\\\/#\\\/schema\\\/logo\\\/image\\\/\",\"url\":\"https:\\\/\\\/patagoniambiental.com.ar\\\/info\\\/wp-content\\\/uploads\\\/2025\\\/05\\\/LOGO-PATAGONIA-AMBIENTAL.png\",\"contentUrl\":\"https:\\\/\\\/patagoniambiental.com.ar\\\/info\\\/wp-content\\\/uploads\\\/2025\\\/05\\\/LOGO-PATAGONIA-AMBIENTAL.png\",\"width\":433,\"height\":250,\"caption\":\"Patagonia Ambiental\"},\"image\":{\"@id\":\"https:\\\/\\\/patagoniambiental.com.ar\\\/info\\\/#\\\/schema\\\/logo\\\/image\\\/\"},\"sameAs\":[\"https:\\\/\\\/www.facebook.com\\\/patagonia.ambiental\",\"https:\\\/\\\/x.com\\\/PatAmb\"]},{\"@type\":\"Person\",\"@id\":\"https:\\\/\\\/patagoniambiental.com.ar\\\/info\\\/#\\\/schema\\\/person\\\/db12bff64bbcbf6a253710bf0ea37b5d\",\"name\":\"Patagonia Ambiental\",\"description\":\"Andr\u00e9s Nievas T\u00e9cnico en manejo ambiental, consultor Ambiental y escritor para medios locales e internacionales sobre temas de geopolitica y medio ambiente.\",\"sameAs\":[\"http:\\\/\\\/www.patagoniambiental.com.ar\",\"https:\\\/\\\/www.facebook.com\\\/share\\\/1C1V8Gv9BX\\\/?mibextid=qi2Omg\",\"@patagoniambiental\",\"https:\\\/\\\/youtube.com\\\/@patagoniaambiental2023?si=BLt58t0wuXquxlYZ\"]}]}<\/script>\n<!-- \/ Yoast SEO Premium plugin. -->","yoast_head_json":{"title":"Escuelas de Trelew avanzan en proyectos de Educaci\u00f3n Ambiental con acompa\u00f1amiento municipal","robots":{"index":"index","follow":"follow","max-snippet":"max-snippet:-1","max-image-preview":"max-image-preview:large","max-video-preview":"max-video-preview:-1"},"canonical":"https:\/\/patagoniambiental.com.ar\/info\/escuelas-de-trelew-avanzan-en-proyectos-de-educacion-ambiental-con-acompanamiento-municipal\/","og_locale":"es_ES","og_type":"article","og_title":"Escuelas de Trelew avanzan en proyectos de Educaci\u00f3n Ambiental con acompa\u00f1amiento municipal","og_description":"Trelew.-La Municipalidad de Trelew, a trav\u00e9s del Subprograma de Educaci\u00f3n Ambiental, dependiente de la Direcci\u00f3n de Gesti\u00f3n Ambiental, se encuentra [&hellip;]","og_url":"https:\/\/patagoniambiental.com.ar\/info\/escuelas-de-trelew-avanzan-en-proyectos-de-educacion-ambiental-con-acompanamiento-municipal\/","og_site_name":"Patagonia Ambiental","article_publisher":"https:\/\/www.facebook.com\/patagonia.ambiental","article_author":"https:\/\/www.facebook.com\/share\/1C1V8Gv9BX\/?mibextid=qi2Omg","article_published_time":"2017-08-17T22:00:18+00:00","og_image":[{"width":480,"height":337,"url":"https:\/\/patagoniambiental.com.ar\/info\/wp-content\/uploads\/2017\/08\/20840959_1365259606855891_3245743471379486038_n.jpg","type":"image\/jpeg"}],"author":"Patagonia Ambiental","twitter_card":"summary_large_image","twitter_creator":"@PatAmb","twitter_site":"@PatAmb","schema":{"@context":"https:\/\/schema.org","@graph":[{"@type":"Article","@id":"https:\/\/patagoniambiental.com.ar\/info\/escuelas-de-trelew-avanzan-en-proyectos-de-educacion-ambiental-con-acompanamiento-municipal\/#article","isPartOf":{"@id":"https:\/\/patagoniambiental.com.ar\/info\/escuelas-de-trelew-avanzan-en-proyectos-de-educacion-ambiental-con-acompanamiento-municipal\/"},"author":{"name":"Patagonia Ambiental","@id":"https:\/\/patagoniambiental.com.ar\/info\/#\/schema\/person\/db12bff64bbcbf6a253710bf0ea37b5d"},"headline":"Escuelas de Trelew avanzan en proyectos de Educaci\u00f3n Ambiental con acompa\u00f1amiento municipal","datePublished":"2017-08-17T22:00:18+00:00","mainEntityOfPage":{"@id":"https:\/\/patagoniambiental.com.ar\/info\/escuelas-de-trelew-avanzan-en-proyectos-de-educacion-ambiental-con-acompanamiento-municipal\/"},"wordCount":386,"commentCount":0,"publisher":{"@id":"https:\/\/patagoniambiental.com.ar\/info\/#organization"},"image":{"@id":"https:\/\/patagoniambiental.com.ar\/info\/escuelas-de-trelew-avanzan-en-proyectos-de-educacion-ambiental-con-acompanamiento-municipal\/#primaryimage"},"thumbnailUrl":"https:\/\/patagoniambiental.com.ar\/info\/wp-content\/uploads\/2017\/08\/20840959_1365259606855891_3245743471379486038_n.jpg","articleSection":["Agenda Ambiental","Noticias"],"inLanguage":"es","potentialAction":[{"@type":"CommentAction","name":"Comment","target":["https:\/\/patagoniambiental.com.ar\/info\/escuelas-de-trelew-avanzan-en-proyectos-de-educacion-ambiental-con-acompanamiento-municipal\/#respond"]}]},{"@type":"WebPage","@id":"https:\/\/patagoniambiental.com.ar\/info\/escuelas-de-trelew-avanzan-en-proyectos-de-educacion-ambiental-con-acompanamiento-municipal\/","url":"https:\/\/patagoniambiental.com.ar\/info\/escuelas-de-trelew-avanzan-en-proyectos-de-educacion-ambiental-con-acompanamiento-municipal\/","name":"Escuelas de Trelew avanzan en proyectos de Educaci\u00f3n Ambiental con acompa\u00f1amiento municipal","isPartOf":{"@id":"https:\/\/patagoniambiental.com.ar\/info\/#website"},"primaryImageOfPage":{"@id":"https:\/\/patagoniambiental.com.ar\/info\/escuelas-de-trelew-avanzan-en-proyectos-de-educacion-ambiental-con-acompanamiento-municipal\/#primaryimage"},"image":{"@id":"https:\/\/patagoniambiental.com.ar\/info\/escuelas-de-trelew-avanzan-en-proyectos-de-educacion-ambiental-con-acompanamiento-municipal\/#primaryimage"},"thumbnailUrl":"https:\/\/patagoniambiental.com.ar\/info\/wp-content\/uploads\/2017\/08\/20840959_1365259606855891_3245743471379486038_n.jpg","datePublished":"2017-08-17T22:00:18+00:00","breadcrumb":{"@id":"https:\/\/patagoniambiental.com.ar\/info\/escuelas-de-trelew-avanzan-en-proyectos-de-educacion-ambiental-con-acompanamiento-municipal\/#breadcrumb"},"inLanguage":"es","potentialAction":[{"@type":"ReadAction","target":["https:\/\/patagoniambiental.com.ar\/info\/escuelas-de-trelew-avanzan-en-proyectos-de-educacion-ambiental-con-acompanamiento-municipal\/"]}]},{"@type":"ImageObject","inLanguage":"es","@id":"https:\/\/patagoniambiental.com.ar\/info\/escuelas-de-trelew-avanzan-en-proyectos-de-educacion-ambiental-con-acompanamiento-municipal\/#primaryimage","url":"https:\/\/patagoniambiental.com.ar\/info\/wp-content\/uploads\/2017\/08\/20840959_1365259606855891_3245743471379486038_n.jpg","contentUrl":"https:\/\/patagoniambiental.com.ar\/info\/wp-content\/uploads\/2017\/08\/20840959_1365259606855891_3245743471379486038_n.jpg","width":480,"height":337},{"@type":"BreadcrumbList","@id":"https:\/\/patagoniambiental.com.ar\/info\/escuelas-de-trelew-avanzan-en-proyectos-de-educacion-ambiental-con-acompanamiento-municipal\/#breadcrumb","itemListElement":[{"@type":"ListItem","position":1,"name":"Inicio","item":"https:\/\/patagoniambiental.com.ar\/info\/"},{"@type":"ListItem","position":2,"name":"Escuelas de Trelew avanzan en proyectos de Educaci\u00f3n Ambiental con acompa\u00f1amiento municipal"}]},{"@type":"WebSite","@id":"https:\/\/patagoniambiental.com.ar\/info\/#website","url":"https:\/\/patagoniambiental.com.ar\/info\/","name":"Patagonia Ambiental","description":"Monitoreo y an\u00e1lisis de la situaci\u00f3n geopol\u00edtica en el mundo y su implicancia en la Patagonia","publisher":{"@id":"https:\/\/patagoniambiental.com.ar\/info\/#organization"},"potentialAction":[{"@type":"SearchAction","target":{"@type":"EntryPoint","urlTemplate":"https:\/\/patagoniambiental.com.ar\/info\/?s={search_term_string}"},"query-input":{"@type":"PropertyValueSpecification","valueRequired":true,"valueName":"search_term_string"}}],"inLanguage":"es"},{"@type":"Organization","@id":"https:\/\/patagoniambiental.com.ar\/info\/#organization","name":"Patagonia Ambiental","url":"https:\/\/patagoniambiental.com.ar\/info\/","logo":{"@type":"ImageObject","inLanguage":"es","@id":"https:\/\/patagoniambiental.com.ar\/info\/#\/schema\/logo\/image\/","url":"https:\/\/patagoniambiental.com.ar\/info\/wp-content\/uploads\/2025\/05\/LOGO-PATAGONIA-AMBIENTAL.png","contentUrl":"https:\/\/patagoniambiental.com.ar\/info\/wp-content\/uploads\/2025\/05\/LOGO-PATAGONIA-AMBIENTAL.png","width":433,"height":250,"caption":"Patagonia Ambiental"},"image":{"@id":"https:\/\/patagoniambiental.com.ar\/info\/#\/schema\/logo\/image\/"},"sameAs":["https:\/\/www.facebook.com\/patagonia.ambiental","https:\/\/x.com\/PatAmb"]},{"@type":"Person","@id":"https:\/\/patagoniambiental.com.ar\/info\/#\/schema\/person\/db12bff64bbcbf6a253710bf0ea37b5d","name":"Patagonia Ambiental","description":"Andr\u00e9s Nievas T\u00e9cnico en manejo ambiental, consultor Ambiental y escritor para medios locales e internacionales sobre temas de geopolitica y medio ambiente.","sameAs":["http:\/\/www.patagoniambiental.com.ar","https:\/\/www.facebook.com\/share\/1C1V8Gv9BX\/?mibextid=qi2Omg","@patagoniambiental","https:\/\/youtube.com\/@patagoniaambiental2023?si=BLt58t0wuXquxlYZ"]}]}},"_links":{"self":[{"href":"https:\/\/patagoniambiental.com.ar\/info\/wp-json\/wp\/v2\/posts\/33407","targetHints":{"allow":["GET"]}}],"collection":[{"href":"https:\/\/patagoniambiental.com.ar\/info\/wp-json\/wp\/v2\/posts"}],"about":[{"href":"https:\/\/patagoniambiental.com.ar\/info\/wp-json\/wp\/v2\/types\/post"}],"author":[{"embeddable":true,"href":"https:\/\/patagoniambiental.com.ar\/info\/wp-json\/wp\/v2\/users\/2"}],"replies":[{"embeddable":true,"href":"https:\/\/patagoniambiental.com.ar\/info\/wp-json\/wp\/v2\/comments?post=33407"}],"version-history":[{"count":0,"href":"https:\/\/patagoniambiental.com.ar\/info\/wp-json\/wp\/v2\/posts\/33407\/revisions"}],"wp:featuredmedia":[{"embeddable":true,"href":"https:\/\/patagoniambiental.com.ar\/info\/wp-json\/wp\/v2\/media\/33408"}],"wp:attachment":[{"href":"https:\/\/patagoniambiental.com.ar\/info\/wp-json\/wp\/v2\/media?parent=33407"}],"wp:term":[{"taxonomy":"category","embeddable":true,"href":"https:\/\/patagoniambiental.com.ar\/info\/wp-json\/wp\/v2\/categories?post=33407"},{"taxonomy":"post_tag","embeddable":true,"href":"https:\/\/patagoniambiental.com.ar\/info\/wp-json\/wp\/v2\/tags?post=33407"}],"curies":[{"name":"wp","href":"https:\/\/api.w.org\/{rel}","templated":true}]}}