{"id":33431,"date":"2017-08-17T19:00:28","date_gmt":"2017-08-17T22:00:28","guid":{"rendered":"http:\/\/patagoniambiental.com.ar\/info\/?p=33431"},"modified":"2017-08-17T12:46:29","modified_gmt":"2017-08-17T15:46:29","slug":"segunda-campana-de-vacunacion-y-desparasitacion-gratuita-para-mascotas","status":"publish","type":"post","link":"https:\/\/patagoniambiental.com.ar\/info\/segunda-campana-de-vacunacion-y-desparasitacion-gratuita-para-mascotas\/","title":{"rendered":"SEGUNDA CAMPA\u00d1A DE VACUNACI\u00d3N Y DESPARASITACI\u00d3N GRATUITA PARA MASCOTAS"},"content":{"rendered":"<div class=\"top row\"><\/div>\n<div class=\"navigation row\"><\/div>\n<div class=\"content row\">\n<div class=\"grid_8 single-post\">\n<div class=\"featured-image-post\">\n<div class=\"clear\">Choele Choel.-El Ministerio de Salud de la provincia a trav\u00e9s de URESA junto a la Municipalidad de Choele Choel y el Hospital Veterinario de la UNRN informan que,<!--more--><\/div>\n<div><\/div>\n<div><\/div>\n<div class=\"clear\">en el Marco de la Campa\u00f1a de Concientizaci\u00f3n de Tenencia Responsable de Mascotas y a los fines de evitar enfermedades transmitidas por animales y con el objetivo de preservar la salud p\u00fablica, se realizar\u00e1 la Segunda Campa\u00f1a de Vacunaci\u00f3n y Desparasitaci\u00f3n para Perros y Gatos el d\u00eda viernes 18 de Agosto en el Quir\u00f3fano M\u00f3vil de la UNRN en el play\u00f3n deportivo del Barrio Mansilla (Villa Union Norte) y de forma simult\u00e1nea en la Iglesia Menonita del Barrio Maldonado.<\/div>\n<div><\/div>\n<p><a class=\"standard-format-icon\" href=\"http:\/\/choelechoel.gob.ar\/wp-content\/uploads\/2017\/08\/003.jpg\" rel=\"prettyPhoto\"><img fetchpriority=\"high\" decoding=\"async\" class=\"overlay wp-post-image\" src=\"http:\/\/choelechoel.gob.ar\/wp-content\/uploads\/2017\/08\/003-628x356.jpg\" alt=\"Campa\u00f1a Vacunaci\u00f3n y Desparasitaci\u00f3n\" width=\"628\" height=\"356\" \/><\/a><\/div>\n<div class=\"single-title\">\n<p>&nbsp;<\/p>\n<div class=\"clear\">La actividad en ambos barrios ser\u00e1 de 10:00 a 14:00 hs.<\/div>\n<\/div>\n<div class=\"single-content\">\n<div class=\"clearfix\">\n<p>El Secretario de Gobierno Dario Castro comento al respecto \u201cjunto al Intendente Daniel Belloso, el Director del Hospital Veterinario Marcelo Alvarez y el responsable de Uresa Pablo Crowley hemos podido diagramar un esquema de trabajo mancomunado para llegar a cada barrio con una propuesta integradora de concientizaci\u00f3n\u201d<\/p>\n<p>El coordinador general de dichas jornadas y responsable de URESA Valle Medio, Dr. Pablo Crowley resalto \u201clos objetivos y beneficios perseguidos con la vacunaci\u00f3n antirr\u00e1bica y desparasitaci\u00f3n, son:<\/p>\n<p>Proteger a la comunidad de posibles brotes de rabia urbana.<br \/>\nConcientizar a la comunidad sobre la importancia de la vacunaci\u00f3n antirr\u00e1bica y como prevenirla.<br \/>\nInformar el estado del plan sanitario de su mascota y qu\u00e9 vacunas necesita para completarlo.<br \/>\nDesparasitaci\u00f3n de perros contra Echinococcus granulosus agente productor de hidatidosis en el hombre.<br \/>\nConcientizar sobre el h\u00e1bito alimenticio que debe tener su perro para prevenir el desarrollo del par\u00e1sito adulto de Echinococcus granulosus en el perro<br \/>\nDesparasitar a perros y gatos contra par\u00e1sitos zoon\u00f3ticos (ascaris s.p.p.) que pueden afectar a la comunidad en especial a ni\u00f1os y ancianos que son los m\u00e1s susceptibles<br \/>\nHabituar a la comunidad en el cuidado y salud de sus animales.<br \/>\nPromover el bienestar animal<\/p>\n<p>Dicha campa\u00f1a no tendra costo alguno para los vecinos por lo que se resalta que las vacunaciones son totalmente GRATUITAS.<\/p>\n<p>Fuente: Municipalidad e Choele Choel<\/p>\n<\/div>\n<\/div>\n<\/div>\n<\/div>\n<p>&nbsp;<\/p>\n","protected":false},"excerpt":{"rendered":"<p>Choele Choel.-El Ministerio de Salud de la provincia a trav\u00e9s de URESA junto a la Municipalidad de Choele Choel y [&hellip;]<\/p>\n","protected":false},"author":2,"featured_media":33433,"comment_status":"open","ping_status":"open","sticky":false,"template":"","format":"standard","meta":{"site-sidebar-layout":"default","site-content-layout":"","ast-site-content-layout":"default","site-content-style":"default","site-sidebar-style":"default","ast-global-header-display":"","ast-banner-title-visibility":"","ast-main-header-display":"","ast-hfb-above-header-display":"","ast-hfb-below-header-display":"","ast-hfb-mobile-header-display":"","site-post-title":"","ast-breadcrumbs-content":"","ast-featured-img":"","footer-sml-layout":"","ast-disable-related-posts":"","theme-transparent-header-meta":"","adv-header-id-meta":"","stick-header-meta":"","header-above-stick-meta":"","header-main-stick-meta":"","header-below-stick-meta":"","astra-migrate-meta-layouts":"default","ast-page-background-enabled":"default","ast-page-background-meta":{"desktop":{"background-color":"var(--ast-global-color-5)","background-image":"","background-repeat":"repeat","background-position":"center center","background-size":"auto","background-attachment":"scroll","background-type":"","background-media":"","overlay-type":"","overlay-color":"","overlay-opacity":"","overlay-gradient":""},"tablet":{"background-color":"","background-image":"","background-repeat":"repeat","background-position":"center center","background-size":"auto","background-attachment":"scroll","background-type":"","background-media":"","overlay-type":"","overlay-color":"","overlay-opacity":"","overlay-gradient":""},"mobile":{"background-color":"","background-image":"","background-repeat":"repeat","background-position":"center center","background-size":"auto","background-attachment":"scroll","background-type":"","background-media":"","overlay-type":"","overlay-color":"","overlay-opacity":"","overlay-gradient":""}},"ast-content-background-meta":{"desktop":{"background-color":"var(--ast-global-color-4)","background-image":"","background-repeat":"repeat","background-position":"center center","background-size":"auto","background-attachment":"scroll","background-type":"","background-media":"","overlay-type":"","overlay-color":"","overlay-opacity":"","overlay-gradient":""},"tablet":{"background-color":"var(--ast-global-color-4)","background-image":"","background-repeat":"repeat","background-position":"center center","background-size":"auto","background-attachment":"scroll","background-type":"","background-media":"","overlay-type":"","overlay-color":"","overlay-opacity":"","overlay-gradient":""},"mobile":{"background-color":"var(--ast-global-color-4)","background-image":"","background-repeat":"repeat","background-position":"center center","background-size":"auto","background-attachment":"scroll","background-type":"","background-media":"","overlay-type":"","overlay-color":"","overlay-opacity":"","overlay-gradient":""}},"footnotes":""},"categories":[16,1],"tags":[],"class_list":["post-33431","post","type-post","status-publish","format-standard","has-post-thumbnail","hentry","category-municipales","category-noticias"],"yoast_head":"<!-- This site is optimized with the Yoast SEO Premium plugin v23.0 (Yoast SEO v27.4) - https:\/\/yoast.com\/product\/yoast-seo-premium-wordpress\/ -->\n<title>SEGUNDA CAMPA\u00d1A DE VACUNACI\u00d3N Y DESPARASITACI\u00d3N GRATUITA PARA MASCOTAS<\/title>\n<meta name=\"robots\" content=\"index, follow, max-snippet:-1, max-image-preview:large, max-video-preview:-1\" \/>\n<link rel=\"canonical\" href=\"https:\/\/patagoniambiental.com.ar\/info\/segunda-campana-de-vacunacion-y-desparasitacion-gratuita-para-mascotas\/\" \/>\n<meta property=\"og:locale\" content=\"es_ES\" \/>\n<meta property=\"og:type\" content=\"article\" \/>\n<meta property=\"og:title\" content=\"SEGUNDA CAMPA\u00d1A DE VACUNACI\u00d3N Y DESPARASITACI\u00d3N GRATUITA PARA MASCOTAS\" \/>\n<meta property=\"og:description\" content=\"Choele Choel.-El Ministerio de Salud de la provincia a trav\u00e9s de URESA junto a la Municipalidad de Choele Choel y [&hellip;]\" \/>\n<meta property=\"og:url\" content=\"https:\/\/patagoniambiental.com.ar\/info\/segunda-campana-de-vacunacion-y-desparasitacion-gratuita-para-mascotas\/\" \/>\n<meta property=\"og:site_name\" content=\"Patagonia Ambiental\" \/>\n<meta property=\"article:publisher\" content=\"https:\/\/www.facebook.com\/patagonia.ambiental\" \/>\n<meta property=\"article:author\" content=\"https:\/\/www.facebook.com\/share\/1C1V8Gv9BX\/?mibextid=qi2Omg\" \/>\n<meta property=\"article:published_time\" content=\"2017-08-17T22:00:28+00:00\" \/>\n<meta property=\"og:image\" content=\"https:\/\/patagoniambiental.com.ar\/info\/wp-content\/uploads\/2017\/08\/003-628x356.jpg\" \/>\n\t<meta property=\"og:image:width\" content=\"628\" \/>\n\t<meta property=\"og:image:height\" content=\"356\" \/>\n\t<meta property=\"og:image:type\" content=\"image\/jpeg\" \/>\n<meta name=\"author\" content=\"Patagonia Ambiental\" \/>\n<meta name=\"twitter:card\" content=\"summary_large_image\" \/>\n<meta name=\"twitter:creator\" content=\"@PatAmb\" \/>\n<meta name=\"twitter:site\" content=\"@PatAmb\" \/>\n<script type=\"application\/ld+json\" class=\"yoast-schema-graph\">{\"@context\":\"https:\\\/\\\/schema.org\",\"@graph\":[{\"@type\":\"Article\",\"@id\":\"https:\\\/\\\/patagoniambiental.com.ar\\\/info\\\/segunda-campana-de-vacunacion-y-desparasitacion-gratuita-para-mascotas\\\/#article\",\"isPartOf\":{\"@id\":\"https:\\\/\\\/patagoniambiental.com.ar\\\/info\\\/segunda-campana-de-vacunacion-y-desparasitacion-gratuita-para-mascotas\\\/\"},\"author\":{\"name\":\"Patagonia Ambiental\",\"@id\":\"https:\\\/\\\/patagoniambiental.com.ar\\\/info\\\/#\\\/schema\\\/person\\\/db12bff64bbcbf6a253710bf0ea37b5d\"},\"headline\":\"SEGUNDA CAMPA\u00d1A DE VACUNACI\u00d3N Y DESPARASITACI\u00d3N GRATUITA PARA MASCOTAS\",\"datePublished\":\"2017-08-17T22:00:28+00:00\",\"mainEntityOfPage\":{\"@id\":\"https:\\\/\\\/patagoniambiental.com.ar\\\/info\\\/segunda-campana-de-vacunacion-y-desparasitacion-gratuita-para-mascotas\\\/\"},\"wordCount\":376,\"commentCount\":0,\"publisher\":{\"@id\":\"https:\\\/\\\/patagoniambiental.com.ar\\\/info\\\/#organization\"},\"image\":{\"@id\":\"https:\\\/\\\/patagoniambiental.com.ar\\\/info\\\/segunda-campana-de-vacunacion-y-desparasitacion-gratuita-para-mascotas\\\/#primaryimage\"},\"thumbnailUrl\":\"https:\\\/\\\/patagoniambiental.com.ar\\\/info\\\/wp-content\\\/uploads\\\/2017\\\/08\\\/003-628x356.jpg\",\"articleSection\":[\"Municipales\",\"Noticias\"],\"inLanguage\":\"es\",\"potentialAction\":[{\"@type\":\"CommentAction\",\"name\":\"Comment\",\"target\":[\"https:\\\/\\\/patagoniambiental.com.ar\\\/info\\\/segunda-campana-de-vacunacion-y-desparasitacion-gratuita-para-mascotas\\\/#respond\"]}]},{\"@type\":\"WebPage\",\"@id\":\"https:\\\/\\\/patagoniambiental.com.ar\\\/info\\\/segunda-campana-de-vacunacion-y-desparasitacion-gratuita-para-mascotas\\\/\",\"url\":\"https:\\\/\\\/patagoniambiental.com.ar\\\/info\\\/segunda-campana-de-vacunacion-y-desparasitacion-gratuita-para-mascotas\\\/\",\"name\":\"SEGUNDA CAMPA\u00d1A DE VACUNACI\u00d3N Y DESPARASITACI\u00d3N GRATUITA PARA MASCOTAS\",\"isPartOf\":{\"@id\":\"https:\\\/\\\/patagoniambiental.com.ar\\\/info\\\/#website\"},\"primaryImageOfPage\":{\"@id\":\"https:\\\/\\\/patagoniambiental.com.ar\\\/info\\\/segunda-campana-de-vacunacion-y-desparasitacion-gratuita-para-mascotas\\\/#primaryimage\"},\"image\":{\"@id\":\"https:\\\/\\\/patagoniambiental.com.ar\\\/info\\\/segunda-campana-de-vacunacion-y-desparasitacion-gratuita-para-mascotas\\\/#primaryimage\"},\"thumbnailUrl\":\"https:\\\/\\\/patagoniambiental.com.ar\\\/info\\\/wp-content\\\/uploads\\\/2017\\\/08\\\/003-628x356.jpg\",\"datePublished\":\"2017-08-17T22:00:28+00:00\",\"breadcrumb\":{\"@id\":\"https:\\\/\\\/patagoniambiental.com.ar\\\/info\\\/segunda-campana-de-vacunacion-y-desparasitacion-gratuita-para-mascotas\\\/#breadcrumb\"},\"inLanguage\":\"es\",\"potentialAction\":[{\"@type\":\"ReadAction\",\"target\":[\"https:\\\/\\\/patagoniambiental.com.ar\\\/info\\\/segunda-campana-de-vacunacion-y-desparasitacion-gratuita-para-mascotas\\\/\"]}]},{\"@type\":\"ImageObject\",\"inLanguage\":\"es\",\"@id\":\"https:\\\/\\\/patagoniambiental.com.ar\\\/info\\\/segunda-campana-de-vacunacion-y-desparasitacion-gratuita-para-mascotas\\\/#primaryimage\",\"url\":\"https:\\\/\\\/patagoniambiental.com.ar\\\/info\\\/wp-content\\\/uploads\\\/2017\\\/08\\\/003-628x356.jpg\",\"contentUrl\":\"https:\\\/\\\/patagoniambiental.com.ar\\\/info\\\/wp-content\\\/uploads\\\/2017\\\/08\\\/003-628x356.jpg\",\"width\":628,\"height\":356},{\"@type\":\"BreadcrumbList\",\"@id\":\"https:\\\/\\\/patagoniambiental.com.ar\\\/info\\\/segunda-campana-de-vacunacion-y-desparasitacion-gratuita-para-mascotas\\\/#breadcrumb\",\"itemListElement\":[{\"@type\":\"ListItem\",\"position\":1,\"name\":\"Inicio\",\"item\":\"https:\\\/\\\/patagoniambiental.com.ar\\\/info\\\/\"},{\"@type\":\"ListItem\",\"position\":2,\"name\":\"SEGUNDA CAMPA\u00d1A DE VACUNACI\u00d3N Y DESPARASITACI\u00d3N GRATUITA PARA MASCOTAS\"}]},{\"@type\":\"WebSite\",\"@id\":\"https:\\\/\\\/patagoniambiental.com.ar\\\/info\\\/#website\",\"url\":\"https:\\\/\\\/patagoniambiental.com.ar\\\/info\\\/\",\"name\":\"Patagonia Ambiental\",\"description\":\"Monitoreo y an\u00e1lisis de la situaci\u00f3n geopol\u00edtica en el mundo y su implicancia en la Patagonia\",\"publisher\":{\"@id\":\"https:\\\/\\\/patagoniambiental.com.ar\\\/info\\\/#organization\"},\"potentialAction\":[{\"@type\":\"SearchAction\",\"target\":{\"@type\":\"EntryPoint\",\"urlTemplate\":\"https:\\\/\\\/patagoniambiental.com.ar\\\/info\\\/?s={search_term_string}\"},\"query-input\":{\"@type\":\"PropertyValueSpecification\",\"valueRequired\":true,\"valueName\":\"search_term_string\"}}],\"inLanguage\":\"es\"},{\"@type\":\"Organization\",\"@id\":\"https:\\\/\\\/patagoniambiental.com.ar\\\/info\\\/#organization\",\"name\":\"Patagonia Ambiental\",\"url\":\"https:\\\/\\\/patagoniambiental.com.ar\\\/info\\\/\",\"logo\":{\"@type\":\"ImageObject\",\"inLanguage\":\"es\",\"@id\":\"https:\\\/\\\/patagoniambiental.com.ar\\\/info\\\/#\\\/schema\\\/logo\\\/image\\\/\",\"url\":\"https:\\\/\\\/patagoniambiental.com.ar\\\/info\\\/wp-content\\\/uploads\\\/2025\\\/05\\\/LOGO-PATAGONIA-AMBIENTAL.png\",\"contentUrl\":\"https:\\\/\\\/patagoniambiental.com.ar\\\/info\\\/wp-content\\\/uploads\\\/2025\\\/05\\\/LOGO-PATAGONIA-AMBIENTAL.png\",\"width\":433,\"height\":250,\"caption\":\"Patagonia Ambiental\"},\"image\":{\"@id\":\"https:\\\/\\\/patagoniambiental.com.ar\\\/info\\\/#\\\/schema\\\/logo\\\/image\\\/\"},\"sameAs\":[\"https:\\\/\\\/www.facebook.com\\\/patagonia.ambiental\",\"https:\\\/\\\/x.com\\\/PatAmb\"]},{\"@type\":\"Person\",\"@id\":\"https:\\\/\\\/patagoniambiental.com.ar\\\/info\\\/#\\\/schema\\\/person\\\/db12bff64bbcbf6a253710bf0ea37b5d\",\"name\":\"Patagonia Ambiental\",\"description\":\"Andr\u00e9s Nievas T\u00e9cnico en manejo ambiental, consultor Ambiental y escritor para medios locales e internacionales sobre temas de geopolitica y medio ambiente.\",\"sameAs\":[\"http:\\\/\\\/www.patagoniambiental.com.ar\",\"https:\\\/\\\/www.facebook.com\\\/share\\\/1C1V8Gv9BX\\\/?mibextid=qi2Omg\",\"@patagoniambiental\",\"https:\\\/\\\/youtube.com\\\/@patagoniaambiental2023?si=BLt58t0wuXquxlYZ\"]}]}<\/script>\n<!-- \/ Yoast SEO Premium plugin. -->","yoast_head_json":{"title":"SEGUNDA CAMPA\u00d1A DE VACUNACI\u00d3N Y DESPARASITACI\u00d3N GRATUITA PARA MASCOTAS","robots":{"index":"index","follow":"follow","max-snippet":"max-snippet:-1","max-image-preview":"max-image-preview:large","max-video-preview":"max-video-preview:-1"},"canonical":"https:\/\/patagoniambiental.com.ar\/info\/segunda-campana-de-vacunacion-y-desparasitacion-gratuita-para-mascotas\/","og_locale":"es_ES","og_type":"article","og_title":"SEGUNDA CAMPA\u00d1A DE VACUNACI\u00d3N Y DESPARASITACI\u00d3N GRATUITA PARA MASCOTAS","og_description":"Choele Choel.-El Ministerio de Salud de la provincia a trav\u00e9s de URESA junto a la Municipalidad de Choele Choel y [&hellip;]","og_url":"https:\/\/patagoniambiental.com.ar\/info\/segunda-campana-de-vacunacion-y-desparasitacion-gratuita-para-mascotas\/","og_site_name":"Patagonia Ambiental","article_publisher":"https:\/\/www.facebook.com\/patagonia.ambiental","article_author":"https:\/\/www.facebook.com\/share\/1C1V8Gv9BX\/?mibextid=qi2Omg","article_published_time":"2017-08-17T22:00:28+00:00","og_image":[{"width":628,"height":356,"url":"https:\/\/patagoniambiental.com.ar\/info\/wp-content\/uploads\/2017\/08\/003-628x356.jpg","type":"image\/jpeg"}],"author":"Patagonia Ambiental","twitter_card":"summary_large_image","twitter_creator":"@PatAmb","twitter_site":"@PatAmb","schema":{"@context":"https:\/\/schema.org","@graph":[{"@type":"Article","@id":"https:\/\/patagoniambiental.com.ar\/info\/segunda-campana-de-vacunacion-y-desparasitacion-gratuita-para-mascotas\/#article","isPartOf":{"@id":"https:\/\/patagoniambiental.com.ar\/info\/segunda-campana-de-vacunacion-y-desparasitacion-gratuita-para-mascotas\/"},"author":{"name":"Patagonia Ambiental","@id":"https:\/\/patagoniambiental.com.ar\/info\/#\/schema\/person\/db12bff64bbcbf6a253710bf0ea37b5d"},"headline":"SEGUNDA CAMPA\u00d1A DE VACUNACI\u00d3N Y DESPARASITACI\u00d3N GRATUITA PARA MASCOTAS","datePublished":"2017-08-17T22:00:28+00:00","mainEntityOfPage":{"@id":"https:\/\/patagoniambiental.com.ar\/info\/segunda-campana-de-vacunacion-y-desparasitacion-gratuita-para-mascotas\/"},"wordCount":376,"commentCount":0,"publisher":{"@id":"https:\/\/patagoniambiental.com.ar\/info\/#organization"},"image":{"@id":"https:\/\/patagoniambiental.com.ar\/info\/segunda-campana-de-vacunacion-y-desparasitacion-gratuita-para-mascotas\/#primaryimage"},"thumbnailUrl":"https:\/\/patagoniambiental.com.ar\/info\/wp-content\/uploads\/2017\/08\/003-628x356.jpg","articleSection":["Municipales","Noticias"],"inLanguage":"es","potentialAction":[{"@type":"CommentAction","name":"Comment","target":["https:\/\/patagoniambiental.com.ar\/info\/segunda-campana-de-vacunacion-y-desparasitacion-gratuita-para-mascotas\/#respond"]}]},{"@type":"WebPage","@id":"https:\/\/patagoniambiental.com.ar\/info\/segunda-campana-de-vacunacion-y-desparasitacion-gratuita-para-mascotas\/","url":"https:\/\/patagoniambiental.com.ar\/info\/segunda-campana-de-vacunacion-y-desparasitacion-gratuita-para-mascotas\/","name":"SEGUNDA CAMPA\u00d1A DE VACUNACI\u00d3N Y DESPARASITACI\u00d3N GRATUITA PARA MASCOTAS","isPartOf":{"@id":"https:\/\/patagoniambiental.com.ar\/info\/#website"},"primaryImageOfPage":{"@id":"https:\/\/patagoniambiental.com.ar\/info\/segunda-campana-de-vacunacion-y-desparasitacion-gratuita-para-mascotas\/#primaryimage"},"image":{"@id":"https:\/\/patagoniambiental.com.ar\/info\/segunda-campana-de-vacunacion-y-desparasitacion-gratuita-para-mascotas\/#primaryimage"},"thumbnailUrl":"https:\/\/patagoniambiental.com.ar\/info\/wp-content\/uploads\/2017\/08\/003-628x356.jpg","datePublished":"2017-08-17T22:00:28+00:00","breadcrumb":{"@id":"https:\/\/patagoniambiental.com.ar\/info\/segunda-campana-de-vacunacion-y-desparasitacion-gratuita-para-mascotas\/#breadcrumb"},"inLanguage":"es","potentialAction":[{"@type":"ReadAction","target":["https:\/\/patagoniambiental.com.ar\/info\/segunda-campana-de-vacunacion-y-desparasitacion-gratuita-para-mascotas\/"]}]},{"@type":"ImageObject","inLanguage":"es","@id":"https:\/\/patagoniambiental.com.ar\/info\/segunda-campana-de-vacunacion-y-desparasitacion-gratuita-para-mascotas\/#primaryimage","url":"https:\/\/patagoniambiental.com.ar\/info\/wp-content\/uploads\/2017\/08\/003-628x356.jpg","contentUrl":"https:\/\/patagoniambiental.com.ar\/info\/wp-content\/uploads\/2017\/08\/003-628x356.jpg","width":628,"height":356},{"@type":"BreadcrumbList","@id":"https:\/\/patagoniambiental.com.ar\/info\/segunda-campana-de-vacunacion-y-desparasitacion-gratuita-para-mascotas\/#breadcrumb","itemListElement":[{"@type":"ListItem","position":1,"name":"Inicio","item":"https:\/\/patagoniambiental.com.ar\/info\/"},{"@type":"ListItem","position":2,"name":"SEGUNDA CAMPA\u00d1A DE VACUNACI\u00d3N Y DESPARASITACI\u00d3N GRATUITA PARA MASCOTAS"}]},{"@type":"WebSite","@id":"https:\/\/patagoniambiental.com.ar\/info\/#website","url":"https:\/\/patagoniambiental.com.ar\/info\/","name":"Patagonia Ambiental","description":"Monitoreo y an\u00e1lisis de la situaci\u00f3n geopol\u00edtica en el mundo y su implicancia en la Patagonia","publisher":{"@id":"https:\/\/patagoniambiental.com.ar\/info\/#organization"},"potentialAction":[{"@type":"SearchAction","target":{"@type":"EntryPoint","urlTemplate":"https:\/\/patagoniambiental.com.ar\/info\/?s={search_term_string}"},"query-input":{"@type":"PropertyValueSpecification","valueRequired":true,"valueName":"search_term_string"}}],"inLanguage":"es"},{"@type":"Organization","@id":"https:\/\/patagoniambiental.com.ar\/info\/#organization","name":"Patagonia Ambiental","url":"https:\/\/patagoniambiental.com.ar\/info\/","logo":{"@type":"ImageObject","inLanguage":"es","@id":"https:\/\/patagoniambiental.com.ar\/info\/#\/schema\/logo\/image\/","url":"https:\/\/patagoniambiental.com.ar\/info\/wp-content\/uploads\/2025\/05\/LOGO-PATAGONIA-AMBIENTAL.png","contentUrl":"https:\/\/patagoniambiental.com.ar\/info\/wp-content\/uploads\/2025\/05\/LOGO-PATAGONIA-AMBIENTAL.png","width":433,"height":250,"caption":"Patagonia Ambiental"},"image":{"@id":"https:\/\/patagoniambiental.com.ar\/info\/#\/schema\/logo\/image\/"},"sameAs":["https:\/\/www.facebook.com\/patagonia.ambiental","https:\/\/x.com\/PatAmb"]},{"@type":"Person","@id":"https:\/\/patagoniambiental.com.ar\/info\/#\/schema\/person\/db12bff64bbcbf6a253710bf0ea37b5d","name":"Patagonia Ambiental","description":"Andr\u00e9s Nievas T\u00e9cnico en manejo ambiental, consultor Ambiental y escritor para medios locales e internacionales sobre temas de geopolitica y medio ambiente.","sameAs":["http:\/\/www.patagoniambiental.com.ar","https:\/\/www.facebook.com\/share\/1C1V8Gv9BX\/?mibextid=qi2Omg","@patagoniambiental","https:\/\/youtube.com\/@patagoniaambiental2023?si=BLt58t0wuXquxlYZ"]}]}},"_links":{"self":[{"href":"https:\/\/patagoniambiental.com.ar\/info\/wp-json\/wp\/v2\/posts\/33431","targetHints":{"allow":["GET"]}}],"collection":[{"href":"https:\/\/patagoniambiental.com.ar\/info\/wp-json\/wp\/v2\/posts"}],"about":[{"href":"https:\/\/patagoniambiental.com.ar\/info\/wp-json\/wp\/v2\/types\/post"}],"author":[{"embeddable":true,"href":"https:\/\/patagoniambiental.com.ar\/info\/wp-json\/wp\/v2\/users\/2"}],"replies":[{"embeddable":true,"href":"https:\/\/patagoniambiental.com.ar\/info\/wp-json\/wp\/v2\/comments?post=33431"}],"version-history":[{"count":0,"href":"https:\/\/patagoniambiental.com.ar\/info\/wp-json\/wp\/v2\/posts\/33431\/revisions"}],"wp:featuredmedia":[{"embeddable":true,"href":"https:\/\/patagoniambiental.com.ar\/info\/wp-json\/wp\/v2\/media\/33433"}],"wp:attachment":[{"href":"https:\/\/patagoniambiental.com.ar\/info\/wp-json\/wp\/v2\/media?parent=33431"}],"wp:term":[{"taxonomy":"category","embeddable":true,"href":"https:\/\/patagoniambiental.com.ar\/info\/wp-json\/wp\/v2\/categories?post=33431"},{"taxonomy":"post_tag","embeddable":true,"href":"https:\/\/patagoniambiental.com.ar\/info\/wp-json\/wp\/v2\/tags?post=33431"}],"curies":[{"name":"wp","href":"https:\/\/api.w.org\/{rel}","templated":true}]}}