{"id":33441,"date":"2017-08-17T19:00:33","date_gmt":"2017-08-17T22:00:33","guid":{"rendered":"http:\/\/patagoniambiental.com.ar\/info\/?p=33441"},"modified":"2017-08-17T17:53:45","modified_gmt":"2017-08-17T20:53:45","slug":"realizaron-un-curso-sobre-buenas-practicas-agricolas-en-plottier","status":"publish","type":"post","link":"https:\/\/patagoniambiental.com.ar\/info\/realizaron-un-curso-sobre-buenas-practicas-agricolas-en-plottier\/","title":{"rendered":"Realizaron un curso sobre buenas pr\u00e1cticas agr\u00edcolas en Plottier"},"content":{"rendered":"<p><em>Plottier.-Se trata de los cursos gratuitos que ofrece el programa Sembrar Conciencia, cuyo fin es dar respuesta a las exigencias crecientes en temas relacionados con la inocuidad de los alimentos, con \u00e9nfasis en la manipulaci\u00f3n y aplicaci\u00f3n de agroqu\u00edmicos.\u00a0<\/em><\/p>\n<p><!--more--><\/p>\n<p>Se llev\u00f3 a cabo una jornada informativa destinada a promover las buenas pr\u00e1cticas agr\u00edcolas. Fue ayer por la ma\u00f1ana\u00a0en instalaciones de la\u00a0Escuela Provincial de Educaci\u00f3n Agropecuaria (EPEA) N\u00ba 2 de Plottier.\u00a0Uno de los objetivos de las capacitaciones, enmarcadas en el programa Sembrar Conciencia, es mejorar la salud y las condiciones laborales de los trabajadores rurales y su familia, adem\u00e1s de proteger el ambiente y sus repercusiones sobre el \u00e1rea urbana.<\/p>\n<p>El programa en cuesti\u00f3n es el resultado de un trabajo articulado de los sectores p\u00fablico y privado de Neuqu\u00e9n y R\u00edo Negro, y\u00a0surgi\u00f3 en 2007 a partir de una inquietud planteada por productores, empresarios exportadores frut\u00edcolas y expendedores de productos agropecuarios con respecto al uso y manejo de los agroqu\u00edmicos en la producci\u00f3n de frutas en la regi\u00f3n.<\/p>\n<p>Entre las entidades del sector p\u00fablico participan actores tales como el ministerio de Producci\u00f3n y Turismo de la provincia del Neuqu\u00e9n, el Instituto Nacional de Tecnolog\u00eda Agropecuaria (INTA), el Servicio Nacional de Sanidad y Calidad Agroalimentaria (Senasa). Mientras que por el sector privado lo hacen la Federaci\u00f3n de Productores, la Uni\u00f3n de Trabajadores Rurales y Estibadores (Uatre), la C\u00e1mara Argentina de Fruticultores Integrados (CAFI) y el Registro de Trabajadores Rurales y Empresarios (Renatre), entre otros.<\/p>\n<p>En esta ocasi\u00f3n, las charlas estuvieron a cargo de\u00a0Juan Galatti, de la subsecretar\u00eda de Producci\u00f3n neuquina; Ver\u00f3nica Boltshauser, del Consejo Profesional de Ingenier\u00eda Agron\u00f3mica de R\u00edo Negro; y Jos\u00e9 Carballo, coordinador de la direcci\u00f3n general de Capacitaci\u00f3n del ministerio de Producci\u00f3n y Turismo neuquino.<\/p>\n<p>Sembrar Conciencia es un trabajo mancomunado entre los sectores p\u00fablico y privado norpatag\u00f3nico, con el objetivo de promover un sistema de producci\u00f3n, distribuci\u00f3n, comercializaci\u00f3n y consumo de frutas y hortalizas basado en las capacitaciones sobre Buenas Pr\u00e1cticas Agr\u00edcolas, a fin de garantizar el cuidado de la salud del productor, del consumidor y la protecci\u00f3n del ambiente.<\/p>\n<p>En las charlas se abordan tem\u00e1ticas como la historia de los plaguicidas; clasificaci\u00f3n de los plaguicidas; estad\u00edsticas nacionales y locales; etiquetas y hojas de datos de seguridad; plaguicidas inhibidores de colinesterasas; organoclorados; piretroides; herbicidas; y rodenticidas, entre otros aspectos.<\/p>\n<p>Fuente: Gobierno de Neuqu\u00e9n<\/p>\n<p>&nbsp;<\/p>\n","protected":false},"excerpt":{"rendered":"<p>Plottier.-Se trata de los cursos gratuitos que ofrece el programa Sembrar Conciencia, cuyo fin es dar respuesta a las exigencias [&hellip;]<\/p>\n","protected":false},"author":2,"featured_media":0,"comment_status":"open","ping_status":"open","sticky":false,"template":"","format":"standard","meta":{"site-sidebar-layout":"default","site-content-layout":"","ast-site-content-layout":"default","site-content-style":"default","site-sidebar-style":"default","ast-global-header-display":"","ast-banner-title-visibility":"","ast-main-header-display":"","ast-hfb-above-header-display":"","ast-hfb-below-header-display":"","ast-hfb-mobile-header-display":"","site-post-title":"","ast-breadcrumbs-content":"","ast-featured-img":"","footer-sml-layout":"","ast-disable-related-posts":"","theme-transparent-header-meta":"","adv-header-id-meta":"","stick-header-meta":"","header-above-stick-meta":"","header-main-stick-meta":"","header-below-stick-meta":"","astra-migrate-meta-layouts":"default","ast-page-background-enabled":"default","ast-page-background-meta":{"desktop":{"background-color":"var(--ast-global-color-5)","background-image":"","background-repeat":"repeat","background-position":"center center","background-size":"auto","background-attachment":"scroll","background-type":"","background-media":"","overlay-type":"","overlay-color":"","overlay-opacity":"","overlay-gradient":""},"tablet":{"background-color":"","background-image":"","background-repeat":"repeat","background-position":"center center","background-size":"auto","background-attachment":"scroll","background-type":"","background-media":"","overlay-type":"","overlay-color":"","overlay-opacity":"","overlay-gradient":""},"mobile":{"background-color":"","background-image":"","background-repeat":"repeat","background-position":"center center","background-size":"auto","background-attachment":"scroll","background-type":"","background-media":"","overlay-type":"","overlay-color":"","overlay-opacity":"","overlay-gradient":""}},"ast-content-background-meta":{"desktop":{"background-color":"var(--ast-global-color-4)","background-image":"","background-repeat":"repeat","background-position":"center center","background-size":"auto","background-attachment":"scroll","background-type":"","background-media":"","overlay-type":"","overlay-color":"","overlay-opacity":"","overlay-gradient":""},"tablet":{"background-color":"var(--ast-global-color-4)","background-image":"","background-repeat":"repeat","background-position":"center center","background-size":"auto","background-attachment":"scroll","background-type":"","background-media":"","overlay-type":"","overlay-color":"","overlay-opacity":"","overlay-gradient":""},"mobile":{"background-color":"var(--ast-global-color-4)","background-image":"","background-repeat":"repeat","background-position":"center center","background-size":"auto","background-attachment":"scroll","background-type":"","background-media":"","overlay-type":"","overlay-color":"","overlay-opacity":"","overlay-gradient":""}},"footnotes":""},"categories":[12,1],"tags":[],"class_list":["post-33441","post","type-post","status-publish","format-standard","hentry","category-agenda-ambiental","category-noticias"],"yoast_head":"<!-- This site is optimized with the Yoast SEO Premium plugin v23.0 (Yoast SEO v27.5) - https:\/\/yoast.com\/product\/yoast-seo-premium-wordpress\/ -->\n<title>Realizaron un curso sobre buenas pr\u00e1cticas agr\u00edcolas en Plottier<\/title>\n<meta name=\"robots\" content=\"index, follow, max-snippet:-1, max-image-preview:large, max-video-preview:-1\" \/>\n<link rel=\"canonical\" href=\"https:\/\/patagoniambiental.com.ar\/info\/realizaron-un-curso-sobre-buenas-practicas-agricolas-en-plottier\/\" \/>\n<meta property=\"og:locale\" content=\"es_ES\" \/>\n<meta property=\"og:type\" content=\"article\" \/>\n<meta property=\"og:title\" content=\"Realizaron un curso sobre buenas pr\u00e1cticas agr\u00edcolas en Plottier\" \/>\n<meta property=\"og:description\" content=\"Plottier.-Se trata de los cursos gratuitos que ofrece el programa Sembrar Conciencia, cuyo fin es dar respuesta a las exigencias [&hellip;]\" \/>\n<meta property=\"og:url\" content=\"https:\/\/patagoniambiental.com.ar\/info\/realizaron-un-curso-sobre-buenas-practicas-agricolas-en-plottier\/\" \/>\n<meta property=\"og:site_name\" content=\"Patagonia Ambiental\" \/>\n<meta property=\"article:publisher\" content=\"https:\/\/www.facebook.com\/patagonia.ambiental\" \/>\n<meta property=\"article:author\" content=\"https:\/\/www.facebook.com\/share\/1C1V8Gv9BX\/?mibextid=qi2Omg\" \/>\n<meta property=\"article:published_time\" content=\"2017-08-17T22:00:33+00:00\" \/>\n<meta name=\"author\" content=\"Patagonia Ambiental\" \/>\n<meta name=\"twitter:card\" content=\"summary_large_image\" \/>\n<meta name=\"twitter:creator\" content=\"@PatAmb\" \/>\n<meta name=\"twitter:site\" content=\"@PatAmb\" \/>\n<script type=\"application\/ld+json\" class=\"yoast-schema-graph\">{\"@context\":\"https:\\\/\\\/schema.org\",\"@graph\":[{\"@type\":\"Article\",\"@id\":\"https:\\\/\\\/patagoniambiental.com.ar\\\/info\\\/realizaron-un-curso-sobre-buenas-practicas-agricolas-en-plottier\\\/#article\",\"isPartOf\":{\"@id\":\"https:\\\/\\\/patagoniambiental.com.ar\\\/info\\\/realizaron-un-curso-sobre-buenas-practicas-agricolas-en-plottier\\\/\"},\"author\":{\"name\":\"Patagonia Ambiental\",\"@id\":\"https:\\\/\\\/patagoniambiental.com.ar\\\/info\\\/#\\\/schema\\\/person\\\/db12bff64bbcbf6a253710bf0ea37b5d\"},\"headline\":\"Realizaron un curso sobre buenas pr\u00e1cticas agr\u00edcolas en Plottier\",\"datePublished\":\"2017-08-17T22:00:33+00:00\",\"mainEntityOfPage\":{\"@id\":\"https:\\\/\\\/patagoniambiental.com.ar\\\/info\\\/realizaron-un-curso-sobre-buenas-practicas-agricolas-en-plottier\\\/\"},\"wordCount\":446,\"commentCount\":0,\"publisher\":{\"@id\":\"https:\\\/\\\/patagoniambiental.com.ar\\\/info\\\/#organization\"},\"articleSection\":[\"Agenda Ambiental\",\"Noticias\"],\"inLanguage\":\"es\",\"potentialAction\":[{\"@type\":\"CommentAction\",\"name\":\"Comment\",\"target\":[\"https:\\\/\\\/patagoniambiental.com.ar\\\/info\\\/realizaron-un-curso-sobre-buenas-practicas-agricolas-en-plottier\\\/#respond\"]}]},{\"@type\":\"WebPage\",\"@id\":\"https:\\\/\\\/patagoniambiental.com.ar\\\/info\\\/realizaron-un-curso-sobre-buenas-practicas-agricolas-en-plottier\\\/\",\"url\":\"https:\\\/\\\/patagoniambiental.com.ar\\\/info\\\/realizaron-un-curso-sobre-buenas-practicas-agricolas-en-plottier\\\/\",\"name\":\"Realizaron un curso sobre buenas pr\u00e1cticas agr\u00edcolas en Plottier\",\"isPartOf\":{\"@id\":\"https:\\\/\\\/patagoniambiental.com.ar\\\/info\\\/#website\"},\"datePublished\":\"2017-08-17T22:00:33+00:00\",\"breadcrumb\":{\"@id\":\"https:\\\/\\\/patagoniambiental.com.ar\\\/info\\\/realizaron-un-curso-sobre-buenas-practicas-agricolas-en-plottier\\\/#breadcrumb\"},\"inLanguage\":\"es\",\"potentialAction\":[{\"@type\":\"ReadAction\",\"target\":[\"https:\\\/\\\/patagoniambiental.com.ar\\\/info\\\/realizaron-un-curso-sobre-buenas-practicas-agricolas-en-plottier\\\/\"]}]},{\"@type\":\"BreadcrumbList\",\"@id\":\"https:\\\/\\\/patagoniambiental.com.ar\\\/info\\\/realizaron-un-curso-sobre-buenas-practicas-agricolas-en-plottier\\\/#breadcrumb\",\"itemListElement\":[{\"@type\":\"ListItem\",\"position\":1,\"name\":\"Inicio\",\"item\":\"https:\\\/\\\/patagoniambiental.com.ar\\\/info\\\/\"},{\"@type\":\"ListItem\",\"position\":2,\"name\":\"Realizaron un curso sobre buenas pr\u00e1cticas agr\u00edcolas en Plottier\"}]},{\"@type\":\"WebSite\",\"@id\":\"https:\\\/\\\/patagoniambiental.com.ar\\\/info\\\/#website\",\"url\":\"https:\\\/\\\/patagoniambiental.com.ar\\\/info\\\/\",\"name\":\"Patagonia Ambiental\",\"description\":\"Monitoreo y an\u00e1lisis de la situaci\u00f3n geopol\u00edtica en el mundo y su implicancia en la Patagonia\",\"publisher\":{\"@id\":\"https:\\\/\\\/patagoniambiental.com.ar\\\/info\\\/#organization\"},\"potentialAction\":[{\"@type\":\"SearchAction\",\"target\":{\"@type\":\"EntryPoint\",\"urlTemplate\":\"https:\\\/\\\/patagoniambiental.com.ar\\\/info\\\/?s={search_term_string}\"},\"query-input\":{\"@type\":\"PropertyValueSpecification\",\"valueRequired\":true,\"valueName\":\"search_term_string\"}}],\"inLanguage\":\"es\"},{\"@type\":\"Organization\",\"@id\":\"https:\\\/\\\/patagoniambiental.com.ar\\\/info\\\/#organization\",\"name\":\"Patagonia Ambiental\",\"url\":\"https:\\\/\\\/patagoniambiental.com.ar\\\/info\\\/\",\"logo\":{\"@type\":\"ImageObject\",\"inLanguage\":\"es\",\"@id\":\"https:\\\/\\\/patagoniambiental.com.ar\\\/info\\\/#\\\/schema\\\/logo\\\/image\\\/\",\"url\":\"https:\\\/\\\/patagoniambiental.com.ar\\\/info\\\/wp-content\\\/uploads\\\/2025\\\/05\\\/LOGO-PATAGONIA-AMBIENTAL.png\",\"contentUrl\":\"https:\\\/\\\/patagoniambiental.com.ar\\\/info\\\/wp-content\\\/uploads\\\/2025\\\/05\\\/LOGO-PATAGONIA-AMBIENTAL.png\",\"width\":433,\"height\":250,\"caption\":\"Patagonia Ambiental\"},\"image\":{\"@id\":\"https:\\\/\\\/patagoniambiental.com.ar\\\/info\\\/#\\\/schema\\\/logo\\\/image\\\/\"},\"sameAs\":[\"https:\\\/\\\/www.facebook.com\\\/patagonia.ambiental\",\"https:\\\/\\\/x.com\\\/PatAmb\"]},{\"@type\":\"Person\",\"@id\":\"https:\\\/\\\/patagoniambiental.com.ar\\\/info\\\/#\\\/schema\\\/person\\\/db12bff64bbcbf6a253710bf0ea37b5d\",\"name\":\"Patagonia Ambiental\",\"description\":\"Andr\u00e9s Nievas T\u00e9cnico en manejo ambiental, consultor Ambiental y escritor para medios locales e internacionales sobre temas de geopolitica y medio ambiente.\",\"sameAs\":[\"http:\\\/\\\/www.patagoniambiental.com.ar\",\"https:\\\/\\\/www.facebook.com\\\/share\\\/1C1V8Gv9BX\\\/?mibextid=qi2Omg\",\"@patagoniambiental\",\"https:\\\/\\\/youtube.com\\\/@patagoniaambiental2023?si=BLt58t0wuXquxlYZ\"]}]}<\/script>\n<!-- \/ Yoast SEO Premium plugin. -->","yoast_head_json":{"title":"Realizaron un curso sobre buenas pr\u00e1cticas agr\u00edcolas en Plottier","robots":{"index":"index","follow":"follow","max-snippet":"max-snippet:-1","max-image-preview":"max-image-preview:large","max-video-preview":"max-video-preview:-1"},"canonical":"https:\/\/patagoniambiental.com.ar\/info\/realizaron-un-curso-sobre-buenas-practicas-agricolas-en-plottier\/","og_locale":"es_ES","og_type":"article","og_title":"Realizaron un curso sobre buenas pr\u00e1cticas agr\u00edcolas en Plottier","og_description":"Plottier.-Se trata de los cursos gratuitos que ofrece el programa Sembrar Conciencia, cuyo fin es dar respuesta a las exigencias [&hellip;]","og_url":"https:\/\/patagoniambiental.com.ar\/info\/realizaron-un-curso-sobre-buenas-practicas-agricolas-en-plottier\/","og_site_name":"Patagonia Ambiental","article_publisher":"https:\/\/www.facebook.com\/patagonia.ambiental","article_author":"https:\/\/www.facebook.com\/share\/1C1V8Gv9BX\/?mibextid=qi2Omg","article_published_time":"2017-08-17T22:00:33+00:00","author":"Patagonia Ambiental","twitter_card":"summary_large_image","twitter_creator":"@PatAmb","twitter_site":"@PatAmb","schema":{"@context":"https:\/\/schema.org","@graph":[{"@type":"Article","@id":"https:\/\/patagoniambiental.com.ar\/info\/realizaron-un-curso-sobre-buenas-practicas-agricolas-en-plottier\/#article","isPartOf":{"@id":"https:\/\/patagoniambiental.com.ar\/info\/realizaron-un-curso-sobre-buenas-practicas-agricolas-en-plottier\/"},"author":{"name":"Patagonia Ambiental","@id":"https:\/\/patagoniambiental.com.ar\/info\/#\/schema\/person\/db12bff64bbcbf6a253710bf0ea37b5d"},"headline":"Realizaron un curso sobre buenas pr\u00e1cticas agr\u00edcolas en Plottier","datePublished":"2017-08-17T22:00:33+00:00","mainEntityOfPage":{"@id":"https:\/\/patagoniambiental.com.ar\/info\/realizaron-un-curso-sobre-buenas-practicas-agricolas-en-plottier\/"},"wordCount":446,"commentCount":0,"publisher":{"@id":"https:\/\/patagoniambiental.com.ar\/info\/#organization"},"articleSection":["Agenda Ambiental","Noticias"],"inLanguage":"es","potentialAction":[{"@type":"CommentAction","name":"Comment","target":["https:\/\/patagoniambiental.com.ar\/info\/realizaron-un-curso-sobre-buenas-practicas-agricolas-en-plottier\/#respond"]}]},{"@type":"WebPage","@id":"https:\/\/patagoniambiental.com.ar\/info\/realizaron-un-curso-sobre-buenas-practicas-agricolas-en-plottier\/","url":"https:\/\/patagoniambiental.com.ar\/info\/realizaron-un-curso-sobre-buenas-practicas-agricolas-en-plottier\/","name":"Realizaron un curso sobre buenas pr\u00e1cticas agr\u00edcolas en Plottier","isPartOf":{"@id":"https:\/\/patagoniambiental.com.ar\/info\/#website"},"datePublished":"2017-08-17T22:00:33+00:00","breadcrumb":{"@id":"https:\/\/patagoniambiental.com.ar\/info\/realizaron-un-curso-sobre-buenas-practicas-agricolas-en-plottier\/#breadcrumb"},"inLanguage":"es","potentialAction":[{"@type":"ReadAction","target":["https:\/\/patagoniambiental.com.ar\/info\/realizaron-un-curso-sobre-buenas-practicas-agricolas-en-plottier\/"]}]},{"@type":"BreadcrumbList","@id":"https:\/\/patagoniambiental.com.ar\/info\/realizaron-un-curso-sobre-buenas-practicas-agricolas-en-plottier\/#breadcrumb","itemListElement":[{"@type":"ListItem","position":1,"name":"Inicio","item":"https:\/\/patagoniambiental.com.ar\/info\/"},{"@type":"ListItem","position":2,"name":"Realizaron un curso sobre buenas pr\u00e1cticas agr\u00edcolas en Plottier"}]},{"@type":"WebSite","@id":"https:\/\/patagoniambiental.com.ar\/info\/#website","url":"https:\/\/patagoniambiental.com.ar\/info\/","name":"Patagonia Ambiental","description":"Monitoreo y an\u00e1lisis de la situaci\u00f3n geopol\u00edtica en el mundo y su implicancia en la Patagonia","publisher":{"@id":"https:\/\/patagoniambiental.com.ar\/info\/#organization"},"potentialAction":[{"@type":"SearchAction","target":{"@type":"EntryPoint","urlTemplate":"https:\/\/patagoniambiental.com.ar\/info\/?s={search_term_string}"},"query-input":{"@type":"PropertyValueSpecification","valueRequired":true,"valueName":"search_term_string"}}],"inLanguage":"es"},{"@type":"Organization","@id":"https:\/\/patagoniambiental.com.ar\/info\/#organization","name":"Patagonia Ambiental","url":"https:\/\/patagoniambiental.com.ar\/info\/","logo":{"@type":"ImageObject","inLanguage":"es","@id":"https:\/\/patagoniambiental.com.ar\/info\/#\/schema\/logo\/image\/","url":"https:\/\/patagoniambiental.com.ar\/info\/wp-content\/uploads\/2025\/05\/LOGO-PATAGONIA-AMBIENTAL.png","contentUrl":"https:\/\/patagoniambiental.com.ar\/info\/wp-content\/uploads\/2025\/05\/LOGO-PATAGONIA-AMBIENTAL.png","width":433,"height":250,"caption":"Patagonia Ambiental"},"image":{"@id":"https:\/\/patagoniambiental.com.ar\/info\/#\/schema\/logo\/image\/"},"sameAs":["https:\/\/www.facebook.com\/patagonia.ambiental","https:\/\/x.com\/PatAmb"]},{"@type":"Person","@id":"https:\/\/patagoniambiental.com.ar\/info\/#\/schema\/person\/db12bff64bbcbf6a253710bf0ea37b5d","name":"Patagonia Ambiental","description":"Andr\u00e9s Nievas T\u00e9cnico en manejo ambiental, consultor Ambiental y escritor para medios locales e internacionales sobre temas de geopolitica y medio ambiente.","sameAs":["http:\/\/www.patagoniambiental.com.ar","https:\/\/www.facebook.com\/share\/1C1V8Gv9BX\/?mibextid=qi2Omg","@patagoniambiental","https:\/\/youtube.com\/@patagoniaambiental2023?si=BLt58t0wuXquxlYZ"]}]}},"_links":{"self":[{"href":"https:\/\/patagoniambiental.com.ar\/info\/wp-json\/wp\/v2\/posts\/33441","targetHints":{"allow":["GET"]}}],"collection":[{"href":"https:\/\/patagoniambiental.com.ar\/info\/wp-json\/wp\/v2\/posts"}],"about":[{"href":"https:\/\/patagoniambiental.com.ar\/info\/wp-json\/wp\/v2\/types\/post"}],"author":[{"embeddable":true,"href":"https:\/\/patagoniambiental.com.ar\/info\/wp-json\/wp\/v2\/users\/2"}],"replies":[{"embeddable":true,"href":"https:\/\/patagoniambiental.com.ar\/info\/wp-json\/wp\/v2\/comments?post=33441"}],"version-history":[{"count":0,"href":"https:\/\/patagoniambiental.com.ar\/info\/wp-json\/wp\/v2\/posts\/33441\/revisions"}],"wp:attachment":[{"href":"https:\/\/patagoniambiental.com.ar\/info\/wp-json\/wp\/v2\/media?parent=33441"}],"wp:term":[{"taxonomy":"category","embeddable":true,"href":"https:\/\/patagoniambiental.com.ar\/info\/wp-json\/wp\/v2\/categories?post=33441"},{"taxonomy":"post_tag","embeddable":true,"href":"https:\/\/patagoniambiental.com.ar\/info\/wp-json\/wp\/v2\/tags?post=33441"}],"curies":[{"name":"wp","href":"https:\/\/api.w.org\/{rel}","templated":true}]}}