{"id":33446,"date":"2017-08-17T19:00:14","date_gmt":"2017-08-17T22:00:14","guid":{"rendered":"http:\/\/patagoniambiental.com.ar\/info\/?p=33446"},"modified":"2017-08-17T17:59:27","modified_gmt":"2017-08-17T20:59:27","slug":"san-carlos-de-bariloche-referentes-de-energia-electrica-de-todo-el-pais-debaten-en-rio-negro-sobre-futuras-acciones","status":"publish","type":"post","link":"https:\/\/patagoniambiental.com.ar\/info\/san-carlos-de-bariloche-referentes-de-energia-electrica-de-todo-el-pais-debaten-en-rio-negro-sobre-futuras-acciones\/","title":{"rendered":"San Carlos de Bariloche  Referentes de energ\u00eda el\u00e9ctrica de todo el pa\u00eds debaten en R\u00edo Negro sobre futuras acciones"},"content":{"rendered":"<p class=\"x_MsoNormal\"><i>San Carlos de Bariloche.-Con el objetivo de articular acciones entre provincias y Naci\u00f3n sesion\u00f3 hoy la 147\u00b0 reuni\u00f3n plenaria del Consejo Federal de la Energ\u00eda El\u00e9ctrica (CFEE). <\/i><!--more--><\/p>\n<p class=\"x_MsoNormal\"><i>Adem\u00e1s se firm\u00f3 un acuerdo entre Naci\u00f3n, R\u00edo Negro y Neuqu\u00e9n para realizar los mayores esfuerzos tendientes a brindar celeridad a la ejecuci\u00f3n de las importantes obras el\u00e9ctricas en ejecuci\u00f3n para la regi\u00f3n.<\/i><\/p>\n<p class=\"x_MsoNormal\">\n<p class=\"x_MsoNormal\">Presidi\u00f3 la ceremonia el gobernador de R\u00edo Negro, Alberto Weretilneck, quien record\u00f3 que \u201cnuestra provincia tiene mucho que ver con la generaci\u00f3n de energ\u00eda el\u00e9ctrica y el uso del agua para ello. Y la Patagonia fue poblada por el Estado Nacional y grandes obras de desarrollo energ\u00e9tico\u201d.<\/p>\n<p class=\"x_MsoNormal\">Sobre el encuentro Weretilneck expres\u00f3 que \u201cde la presente organizaci\u00f3n federal se aspira a que quienes garantizamos el suministro en el pa\u00eds tengamos un \u00e1mbito de discusi\u00f3n. Creo que este pa\u00eds encontrar\u00e1 su rumbo definitivo a trav\u00e9s de las provincias, ya que tenemos una carga importante en lo que hace al desarrollo en el d\u00eda a d\u00eda\u201d.<\/p>\n<p class=\"x_MsoNormal\">Adem\u00e1s, el Mandatario agradeci\u00f3 al Fondo de Desarrollo El\u00e9ctrico del Interior (FEDEI), por las inversiones otorgadas para \u201cla futura obra de iluminaci\u00f3n en el acceso al aeropuerto de Bariloche, la cual contar\u00e1 con m\u00e1s de 5.000 metros de cableado subterr\u00e1neo y una inversi\u00f3n estimada de $9.000.000. Y la estaci\u00f3n transformadora de Allen, ya que la principal actividad productiva de la Provincia, de peras y manzanas, necesita de un abastecimiento el\u00e9ctrico importante, fundamentalmente para las c\u00e1maras frigor\u00edficas, cuya obra super\u00f3 los $50.000.0000\u201d.<\/p>\n<p class=\"x_MsoNormal\">Adem\u00e1s, agreg\u00f3 que \u201cdentro del Plan Castello, contamos con un plan de obras energ\u00e9ticas para la provincia, obras que generar\u00e1n un antes y un despu\u00e9s en el desarrollo econ\u00f3mico de R\u00edo Negro\u201d.<\/p>\n<p class=\"x_MsoNormal\">\n<p class=\"x_MsoNormal\">Por su parte, el secretario de Energ\u00eda El\u00e9ctrica de la Naci\u00f3n, Alejandro Sruoga, sostuvo que \u201cel Consejo es la articulaci\u00f3n entre Naci\u00f3n y provincias sobre la posibilidad de proveer el servicio el\u00e9ctrico en lo cual tenemos responsabilidades compartidas. El consejo vela por las mejores decisiones para los vecinos de todo el pa\u00eds\u201d.<\/p>\n<p class=\"x_MsoNormal\">El funcionario recalc\u00f3 sobre el convenio firmado que \u201cvenimos a impulsar las obras de abastecimiento de energ\u00eda para Neuqu\u00e9n y R\u00edo Negro, continuamos lo que en alg\u00fan momento se inici\u00f3, capitalizando lo que se ha hecho y agregando cuestiones positivas. Venimos a completar el proyecto de la segunda l\u00ednea de Alicura \u2013 Pilcaniyeu, que es imprescindible concretarla para el abastecimiento, el desarrollo, la calidad de servicio y seguridad de Bariloche\u201d.<\/p>\n<p class=\"x_MsoNormal\">Participaron de la actividad, el intendente de Bariloche, Gustavo Gennuso; la secretaria de Energ\u00eda El\u00e9ctrica de R\u00edo Negro, Andrea Confini; el presidente del comit\u00e9 ejecutivo del Consejo Federal, Jos\u00e9 Ovejero; y el presidente del Ente Nacional Regulador de la Electricidad (ENRE), Ricardo Mart\u00ednez Leone; y el ministro de Energ\u00eda, Servicios P\u00fablicos y Recursos Naturales de Neuqu\u00e9n, Alejandro Nicola.<\/p>\n<p class=\"x_MsoNormal\">\n<p class=\"x_MsoNormal\"><b><u>Firma de acuerdo<\/u><\/b><\/p>\n<p class=\"x_MsoNormal\">\n<p class=\"x_MsoNormal\">El acta firmada entre Rio Negro, Neuqu\u00e9n y Naci\u00f3n, tiene por objetivo \u201ccomprometerse a realizar los mayores esfuerzos tendientes a brindar celeridad a la ejecuci\u00f3n de las obras y de este modo dar soluci\u00f3n integral de abastecimiento de energ\u00eda el\u00e9ctrica para las principales ciudades de la zona cordillerana\u201d.<\/p>\n<p class=\"x_MsoNormal\">Cabe recordar que R\u00edo Negro y Neuqu\u00e9n han acordado la realizaci\u00f3n de un proyecto integral consistente en el refuerzo del sistema el\u00e9ctrico Alicura \u2013 Pilcaniyeu \u2013 Bariloche (ALIPIBA) existente y la vinculaci\u00f3n el\u00e9ctrica de Villa La Angostura con dicho sistema y de una segunda alimentaci\u00f3n en alta tensi\u00f3n a para Bariloche.<\/p>\n<p class=\"x_MsoNormal\">El objetivo del proyecto es proveer energ\u00eda el\u00e9ctrica en cantidad y calidad suficiente a ambas ciudades desde el Sistema de Interconectado Nacional. En el caso de Bariloche duplicar\u00e1 la capacidad de transporte de energ\u00eda.<\/p>\n<p><b><span lang=\"ES-AR\">Fuente: GOBIERNO DE R\u00cdO NEGRO<\/span><\/b><\/p>\n","protected":false},"excerpt":{"rendered":"<p>San Carlos de Bariloche.-Con el objetivo de articular acciones entre provincias y Naci\u00f3n sesion\u00f3 hoy la 147\u00b0 reuni\u00f3n plenaria del [&hellip;]<\/p>\n","protected":false},"author":2,"featured_media":33447,"comment_status":"open","ping_status":"open","sticky":false,"template":"","format":"standard","meta":{"site-sidebar-layout":"default","site-content-layout":"","ast-site-content-layout":"default","site-content-style":"default","site-sidebar-style":"default","ast-global-header-display":"","ast-banner-title-visibility":"","ast-main-header-display":"","ast-hfb-above-header-display":"","ast-hfb-below-header-display":"","ast-hfb-mobile-header-display":"","site-post-title":"","ast-breadcrumbs-content":"","ast-featured-img":"","footer-sml-layout":"","ast-disable-related-posts":"","theme-transparent-header-meta":"","adv-header-id-meta":"","stick-header-meta":"","header-above-stick-meta":"","header-main-stick-meta":"","header-below-stick-meta":"","astra-migrate-meta-layouts":"default","ast-page-background-enabled":"default","ast-page-background-meta":{"desktop":{"background-color":"var(--ast-global-color-5)","background-image":"","background-repeat":"repeat","background-position":"center center","background-size":"auto","background-attachment":"scroll","background-type":"","background-media":"","overlay-type":"","overlay-color":"","overlay-opacity":"","overlay-gradient":""},"tablet":{"background-color":"","background-image":"","background-repeat":"repeat","background-position":"center center","background-size":"auto","background-attachment":"scroll","background-type":"","background-media":"","overlay-type":"","overlay-color":"","overlay-opacity":"","overlay-gradient":""},"mobile":{"background-color":"","background-image":"","background-repeat":"repeat","background-position":"center center","background-size":"auto","background-attachment":"scroll","background-type":"","background-media":"","overlay-type":"","overlay-color":"","overlay-opacity":"","overlay-gradient":""}},"ast-content-background-meta":{"desktop":{"background-color":"var(--ast-global-color-4)","background-image":"","background-repeat":"repeat","background-position":"center center","background-size":"auto","background-attachment":"scroll","background-type":"","background-media":"","overlay-type":"","overlay-color":"","overlay-opacity":"","overlay-gradient":""},"tablet":{"background-color":"var(--ast-global-color-4)","background-image":"","background-repeat":"repeat","background-position":"center center","background-size":"auto","background-attachment":"scroll","background-type":"","background-media":"","overlay-type":"","overlay-color":"","overlay-opacity":"","overlay-gradient":""},"mobile":{"background-color":"var(--ast-global-color-4)","background-image":"","background-repeat":"repeat","background-position":"center center","background-size":"auto","background-attachment":"scroll","background-type":"","background-media":"","overlay-type":"","overlay-color":"","overlay-opacity":"","overlay-gradient":""}},"footnotes":""},"categories":[12,1],"tags":[],"class_list":["post-33446","post","type-post","status-publish","format-standard","has-post-thumbnail","hentry","category-agenda-ambiental","category-noticias"],"yoast_head":"<!-- This site is optimized with the Yoast SEO Premium plugin v23.0 (Yoast SEO v27.5) - https:\/\/yoast.com\/product\/yoast-seo-premium-wordpress\/ -->\n<title>San Carlos de Bariloche Referentes de energ\u00eda el\u00e9ctrica de todo el pa\u00eds debaten en R\u00edo Negro sobre futuras acciones<\/title>\n<meta name=\"robots\" content=\"index, follow, max-snippet:-1, max-image-preview:large, max-video-preview:-1\" \/>\n<link rel=\"canonical\" href=\"https:\/\/patagoniambiental.com.ar\/info\/san-carlos-de-bariloche-referentes-de-energia-electrica-de-todo-el-pais-debaten-en-rio-negro-sobre-futuras-acciones\/\" \/>\n<meta property=\"og:locale\" content=\"es_ES\" \/>\n<meta property=\"og:type\" content=\"article\" \/>\n<meta property=\"og:title\" content=\"San Carlos de Bariloche Referentes de energ\u00eda el\u00e9ctrica de todo el pa\u00eds debaten en R\u00edo Negro sobre futuras acciones\" \/>\n<meta property=\"og:description\" content=\"San Carlos de Bariloche.-Con el objetivo de articular acciones entre provincias y Naci\u00f3n sesion\u00f3 hoy la 147\u00b0 reuni\u00f3n plenaria del [&hellip;]\" \/>\n<meta property=\"og:url\" content=\"https:\/\/patagoniambiental.com.ar\/info\/san-carlos-de-bariloche-referentes-de-energia-electrica-de-todo-el-pais-debaten-en-rio-negro-sobre-futuras-acciones\/\" \/>\n<meta property=\"og:site_name\" content=\"Patagonia Ambiental\" \/>\n<meta property=\"article:publisher\" content=\"https:\/\/www.facebook.com\/patagonia.ambiental\" \/>\n<meta property=\"article:author\" content=\"https:\/\/www.facebook.com\/share\/1C1V8Gv9BX\/?mibextid=qi2Omg\" \/>\n<meta property=\"article:published_time\" content=\"2017-08-17T22:00:14+00:00\" \/>\n<meta property=\"og:image\" content=\"https:\/\/patagoniambiental.com.ar\/info\/wp-content\/uploads\/2017\/08\/00029888.jpg\" \/>\n\t<meta property=\"og:image:width\" content=\"924\" \/>\n\t<meta property=\"og:image:height\" content=\"616\" \/>\n\t<meta property=\"og:image:type\" content=\"image\/jpeg\" \/>\n<meta name=\"author\" content=\"Patagonia Ambiental\" \/>\n<meta name=\"twitter:card\" content=\"summary_large_image\" \/>\n<meta name=\"twitter:creator\" content=\"@PatAmb\" \/>\n<meta name=\"twitter:site\" content=\"@PatAmb\" \/>\n<script type=\"application\/ld+json\" class=\"yoast-schema-graph\">{\"@context\":\"https:\\\/\\\/schema.org\",\"@graph\":[{\"@type\":\"Article\",\"@id\":\"https:\\\/\\\/patagoniambiental.com.ar\\\/info\\\/san-carlos-de-bariloche-referentes-de-energia-electrica-de-todo-el-pais-debaten-en-rio-negro-sobre-futuras-acciones\\\/#article\",\"isPartOf\":{\"@id\":\"https:\\\/\\\/patagoniambiental.com.ar\\\/info\\\/san-carlos-de-bariloche-referentes-de-energia-electrica-de-todo-el-pais-debaten-en-rio-negro-sobre-futuras-acciones\\\/\"},\"author\":{\"name\":\"Patagonia Ambiental\",\"@id\":\"https:\\\/\\\/patagoniambiental.com.ar\\\/info\\\/#\\\/schema\\\/person\\\/db12bff64bbcbf6a253710bf0ea37b5d\"},\"headline\":\"San Carlos de Bariloche Referentes de energ\u00eda el\u00e9ctrica de todo el pa\u00eds debaten en R\u00edo Negro sobre futuras acciones\",\"datePublished\":\"2017-08-17T22:00:14+00:00\",\"mainEntityOfPage\":{\"@id\":\"https:\\\/\\\/patagoniambiental.com.ar\\\/info\\\/san-carlos-de-bariloche-referentes-de-energia-electrica-de-todo-el-pais-debaten-en-rio-negro-sobre-futuras-acciones\\\/\"},\"wordCount\":692,\"commentCount\":0,\"publisher\":{\"@id\":\"https:\\\/\\\/patagoniambiental.com.ar\\\/info\\\/#organization\"},\"image\":{\"@id\":\"https:\\\/\\\/patagoniambiental.com.ar\\\/info\\\/san-carlos-de-bariloche-referentes-de-energia-electrica-de-todo-el-pais-debaten-en-rio-negro-sobre-futuras-acciones\\\/#primaryimage\"},\"thumbnailUrl\":\"https:\\\/\\\/patagoniambiental.com.ar\\\/info\\\/wp-content\\\/uploads\\\/2017\\\/08\\\/00029888.jpg\",\"articleSection\":[\"Agenda Ambiental\",\"Noticias\"],\"inLanguage\":\"es\",\"potentialAction\":[{\"@type\":\"CommentAction\",\"name\":\"Comment\",\"target\":[\"https:\\\/\\\/patagoniambiental.com.ar\\\/info\\\/san-carlos-de-bariloche-referentes-de-energia-electrica-de-todo-el-pais-debaten-en-rio-negro-sobre-futuras-acciones\\\/#respond\"]}]},{\"@type\":\"WebPage\",\"@id\":\"https:\\\/\\\/patagoniambiental.com.ar\\\/info\\\/san-carlos-de-bariloche-referentes-de-energia-electrica-de-todo-el-pais-debaten-en-rio-negro-sobre-futuras-acciones\\\/\",\"url\":\"https:\\\/\\\/patagoniambiental.com.ar\\\/info\\\/san-carlos-de-bariloche-referentes-de-energia-electrica-de-todo-el-pais-debaten-en-rio-negro-sobre-futuras-acciones\\\/\",\"name\":\"San Carlos de Bariloche Referentes de energ\u00eda el\u00e9ctrica de todo el pa\u00eds debaten en R\u00edo Negro sobre futuras acciones\",\"isPartOf\":{\"@id\":\"https:\\\/\\\/patagoniambiental.com.ar\\\/info\\\/#website\"},\"primaryImageOfPage\":{\"@id\":\"https:\\\/\\\/patagoniambiental.com.ar\\\/info\\\/san-carlos-de-bariloche-referentes-de-energia-electrica-de-todo-el-pais-debaten-en-rio-negro-sobre-futuras-acciones\\\/#primaryimage\"},\"image\":{\"@id\":\"https:\\\/\\\/patagoniambiental.com.ar\\\/info\\\/san-carlos-de-bariloche-referentes-de-energia-electrica-de-todo-el-pais-debaten-en-rio-negro-sobre-futuras-acciones\\\/#primaryimage\"},\"thumbnailUrl\":\"https:\\\/\\\/patagoniambiental.com.ar\\\/info\\\/wp-content\\\/uploads\\\/2017\\\/08\\\/00029888.jpg\",\"datePublished\":\"2017-08-17T22:00:14+00:00\",\"breadcrumb\":{\"@id\":\"https:\\\/\\\/patagoniambiental.com.ar\\\/info\\\/san-carlos-de-bariloche-referentes-de-energia-electrica-de-todo-el-pais-debaten-en-rio-negro-sobre-futuras-acciones\\\/#breadcrumb\"},\"inLanguage\":\"es\",\"potentialAction\":[{\"@type\":\"ReadAction\",\"target\":[\"https:\\\/\\\/patagoniambiental.com.ar\\\/info\\\/san-carlos-de-bariloche-referentes-de-energia-electrica-de-todo-el-pais-debaten-en-rio-negro-sobre-futuras-acciones\\\/\"]}]},{\"@type\":\"ImageObject\",\"inLanguage\":\"es\",\"@id\":\"https:\\\/\\\/patagoniambiental.com.ar\\\/info\\\/san-carlos-de-bariloche-referentes-de-energia-electrica-de-todo-el-pais-debaten-en-rio-negro-sobre-futuras-acciones\\\/#primaryimage\",\"url\":\"https:\\\/\\\/patagoniambiental.com.ar\\\/info\\\/wp-content\\\/uploads\\\/2017\\\/08\\\/00029888.jpg\",\"contentUrl\":\"https:\\\/\\\/patagoniambiental.com.ar\\\/info\\\/wp-content\\\/uploads\\\/2017\\\/08\\\/00029888.jpg\",\"width\":900,\"height\":600},{\"@type\":\"BreadcrumbList\",\"@id\":\"https:\\\/\\\/patagoniambiental.com.ar\\\/info\\\/san-carlos-de-bariloche-referentes-de-energia-electrica-de-todo-el-pais-debaten-en-rio-negro-sobre-futuras-acciones\\\/#breadcrumb\",\"itemListElement\":[{\"@type\":\"ListItem\",\"position\":1,\"name\":\"Inicio\",\"item\":\"https:\\\/\\\/patagoniambiental.com.ar\\\/info\\\/\"},{\"@type\":\"ListItem\",\"position\":2,\"name\":\"San Carlos de Bariloche Referentes de energ\u00eda el\u00e9ctrica de todo el pa\u00eds debaten en R\u00edo Negro sobre futuras acciones\"}]},{\"@type\":\"WebSite\",\"@id\":\"https:\\\/\\\/patagoniambiental.com.ar\\\/info\\\/#website\",\"url\":\"https:\\\/\\\/patagoniambiental.com.ar\\\/info\\\/\",\"name\":\"Patagonia Ambiental\",\"description\":\"Monitoreo y an\u00e1lisis de la situaci\u00f3n geopol\u00edtica en el mundo y su implicancia en la Patagonia\",\"publisher\":{\"@id\":\"https:\\\/\\\/patagoniambiental.com.ar\\\/info\\\/#organization\"},\"potentialAction\":[{\"@type\":\"SearchAction\",\"target\":{\"@type\":\"EntryPoint\",\"urlTemplate\":\"https:\\\/\\\/patagoniambiental.com.ar\\\/info\\\/?s={search_term_string}\"},\"query-input\":{\"@type\":\"PropertyValueSpecification\",\"valueRequired\":true,\"valueName\":\"search_term_string\"}}],\"inLanguage\":\"es\"},{\"@type\":\"Organization\",\"@id\":\"https:\\\/\\\/patagoniambiental.com.ar\\\/info\\\/#organization\",\"name\":\"Patagonia Ambiental\",\"url\":\"https:\\\/\\\/patagoniambiental.com.ar\\\/info\\\/\",\"logo\":{\"@type\":\"ImageObject\",\"inLanguage\":\"es\",\"@id\":\"https:\\\/\\\/patagoniambiental.com.ar\\\/info\\\/#\\\/schema\\\/logo\\\/image\\\/\",\"url\":\"https:\\\/\\\/patagoniambiental.com.ar\\\/info\\\/wp-content\\\/uploads\\\/2025\\\/05\\\/LOGO-PATAGONIA-AMBIENTAL.png\",\"contentUrl\":\"https:\\\/\\\/patagoniambiental.com.ar\\\/info\\\/wp-content\\\/uploads\\\/2025\\\/05\\\/LOGO-PATAGONIA-AMBIENTAL.png\",\"width\":433,\"height\":250,\"caption\":\"Patagonia Ambiental\"},\"image\":{\"@id\":\"https:\\\/\\\/patagoniambiental.com.ar\\\/info\\\/#\\\/schema\\\/logo\\\/image\\\/\"},\"sameAs\":[\"https:\\\/\\\/www.facebook.com\\\/patagonia.ambiental\",\"https:\\\/\\\/x.com\\\/PatAmb\"]},{\"@type\":\"Person\",\"@id\":\"https:\\\/\\\/patagoniambiental.com.ar\\\/info\\\/#\\\/schema\\\/person\\\/db12bff64bbcbf6a253710bf0ea37b5d\",\"name\":\"Patagonia Ambiental\",\"description\":\"Andr\u00e9s Nievas T\u00e9cnico en manejo ambiental, consultor Ambiental y escritor para medios locales e internacionales sobre temas de geopolitica y medio ambiente.\",\"sameAs\":[\"http:\\\/\\\/www.patagoniambiental.com.ar\",\"https:\\\/\\\/www.facebook.com\\\/share\\\/1C1V8Gv9BX\\\/?mibextid=qi2Omg\",\"@patagoniambiental\",\"https:\\\/\\\/youtube.com\\\/@patagoniaambiental2023?si=BLt58t0wuXquxlYZ\"]}]}<\/script>\n<!-- \/ Yoast SEO Premium plugin. -->","yoast_head_json":{"title":"San Carlos de Bariloche Referentes de energ\u00eda el\u00e9ctrica de todo el pa\u00eds debaten en R\u00edo Negro sobre futuras acciones","robots":{"index":"index","follow":"follow","max-snippet":"max-snippet:-1","max-image-preview":"max-image-preview:large","max-video-preview":"max-video-preview:-1"},"canonical":"https:\/\/patagoniambiental.com.ar\/info\/san-carlos-de-bariloche-referentes-de-energia-electrica-de-todo-el-pais-debaten-en-rio-negro-sobre-futuras-acciones\/","og_locale":"es_ES","og_type":"article","og_title":"San Carlos de Bariloche Referentes de energ\u00eda el\u00e9ctrica de todo el pa\u00eds debaten en R\u00edo Negro sobre futuras acciones","og_description":"San Carlos de Bariloche.-Con el objetivo de articular acciones entre provincias y Naci\u00f3n sesion\u00f3 hoy la 147\u00b0 reuni\u00f3n plenaria del [&hellip;]","og_url":"https:\/\/patagoniambiental.com.ar\/info\/san-carlos-de-bariloche-referentes-de-energia-electrica-de-todo-el-pais-debaten-en-rio-negro-sobre-futuras-acciones\/","og_site_name":"Patagonia Ambiental","article_publisher":"https:\/\/www.facebook.com\/patagonia.ambiental","article_author":"https:\/\/www.facebook.com\/share\/1C1V8Gv9BX\/?mibextid=qi2Omg","article_published_time":"2017-08-17T22:00:14+00:00","og_image":[{"width":924,"height":616,"url":"https:\/\/patagoniambiental.com.ar\/info\/wp-content\/uploads\/2017\/08\/00029888.jpg","type":"image\/jpeg"}],"author":"Patagonia Ambiental","twitter_card":"summary_large_image","twitter_creator":"@PatAmb","twitter_site":"@PatAmb","schema":{"@context":"https:\/\/schema.org","@graph":[{"@type":"Article","@id":"https:\/\/patagoniambiental.com.ar\/info\/san-carlos-de-bariloche-referentes-de-energia-electrica-de-todo-el-pais-debaten-en-rio-negro-sobre-futuras-acciones\/#article","isPartOf":{"@id":"https:\/\/patagoniambiental.com.ar\/info\/san-carlos-de-bariloche-referentes-de-energia-electrica-de-todo-el-pais-debaten-en-rio-negro-sobre-futuras-acciones\/"},"author":{"name":"Patagonia Ambiental","@id":"https:\/\/patagoniambiental.com.ar\/info\/#\/schema\/person\/db12bff64bbcbf6a253710bf0ea37b5d"},"headline":"San Carlos de Bariloche Referentes de energ\u00eda el\u00e9ctrica de todo el pa\u00eds debaten en R\u00edo Negro sobre futuras acciones","datePublished":"2017-08-17T22:00:14+00:00","mainEntityOfPage":{"@id":"https:\/\/patagoniambiental.com.ar\/info\/san-carlos-de-bariloche-referentes-de-energia-electrica-de-todo-el-pais-debaten-en-rio-negro-sobre-futuras-acciones\/"},"wordCount":692,"commentCount":0,"publisher":{"@id":"https:\/\/patagoniambiental.com.ar\/info\/#organization"},"image":{"@id":"https:\/\/patagoniambiental.com.ar\/info\/san-carlos-de-bariloche-referentes-de-energia-electrica-de-todo-el-pais-debaten-en-rio-negro-sobre-futuras-acciones\/#primaryimage"},"thumbnailUrl":"https:\/\/patagoniambiental.com.ar\/info\/wp-content\/uploads\/2017\/08\/00029888.jpg","articleSection":["Agenda Ambiental","Noticias"],"inLanguage":"es","potentialAction":[{"@type":"CommentAction","name":"Comment","target":["https:\/\/patagoniambiental.com.ar\/info\/san-carlos-de-bariloche-referentes-de-energia-electrica-de-todo-el-pais-debaten-en-rio-negro-sobre-futuras-acciones\/#respond"]}]},{"@type":"WebPage","@id":"https:\/\/patagoniambiental.com.ar\/info\/san-carlos-de-bariloche-referentes-de-energia-electrica-de-todo-el-pais-debaten-en-rio-negro-sobre-futuras-acciones\/","url":"https:\/\/patagoniambiental.com.ar\/info\/san-carlos-de-bariloche-referentes-de-energia-electrica-de-todo-el-pais-debaten-en-rio-negro-sobre-futuras-acciones\/","name":"San Carlos de Bariloche Referentes de energ\u00eda el\u00e9ctrica de todo el pa\u00eds debaten en R\u00edo Negro sobre futuras acciones","isPartOf":{"@id":"https:\/\/patagoniambiental.com.ar\/info\/#website"},"primaryImageOfPage":{"@id":"https:\/\/patagoniambiental.com.ar\/info\/san-carlos-de-bariloche-referentes-de-energia-electrica-de-todo-el-pais-debaten-en-rio-negro-sobre-futuras-acciones\/#primaryimage"},"image":{"@id":"https:\/\/patagoniambiental.com.ar\/info\/san-carlos-de-bariloche-referentes-de-energia-electrica-de-todo-el-pais-debaten-en-rio-negro-sobre-futuras-acciones\/#primaryimage"},"thumbnailUrl":"https:\/\/patagoniambiental.com.ar\/info\/wp-content\/uploads\/2017\/08\/00029888.jpg","datePublished":"2017-08-17T22:00:14+00:00","breadcrumb":{"@id":"https:\/\/patagoniambiental.com.ar\/info\/san-carlos-de-bariloche-referentes-de-energia-electrica-de-todo-el-pais-debaten-en-rio-negro-sobre-futuras-acciones\/#breadcrumb"},"inLanguage":"es","potentialAction":[{"@type":"ReadAction","target":["https:\/\/patagoniambiental.com.ar\/info\/san-carlos-de-bariloche-referentes-de-energia-electrica-de-todo-el-pais-debaten-en-rio-negro-sobre-futuras-acciones\/"]}]},{"@type":"ImageObject","inLanguage":"es","@id":"https:\/\/patagoniambiental.com.ar\/info\/san-carlos-de-bariloche-referentes-de-energia-electrica-de-todo-el-pais-debaten-en-rio-negro-sobre-futuras-acciones\/#primaryimage","url":"https:\/\/patagoniambiental.com.ar\/info\/wp-content\/uploads\/2017\/08\/00029888.jpg","contentUrl":"https:\/\/patagoniambiental.com.ar\/info\/wp-content\/uploads\/2017\/08\/00029888.jpg","width":900,"height":600},{"@type":"BreadcrumbList","@id":"https:\/\/patagoniambiental.com.ar\/info\/san-carlos-de-bariloche-referentes-de-energia-electrica-de-todo-el-pais-debaten-en-rio-negro-sobre-futuras-acciones\/#breadcrumb","itemListElement":[{"@type":"ListItem","position":1,"name":"Inicio","item":"https:\/\/patagoniambiental.com.ar\/info\/"},{"@type":"ListItem","position":2,"name":"San Carlos de Bariloche Referentes de energ\u00eda el\u00e9ctrica de todo el pa\u00eds debaten en R\u00edo Negro sobre futuras acciones"}]},{"@type":"WebSite","@id":"https:\/\/patagoniambiental.com.ar\/info\/#website","url":"https:\/\/patagoniambiental.com.ar\/info\/","name":"Patagonia Ambiental","description":"Monitoreo y an\u00e1lisis de la situaci\u00f3n geopol\u00edtica en el mundo y su implicancia en la Patagonia","publisher":{"@id":"https:\/\/patagoniambiental.com.ar\/info\/#organization"},"potentialAction":[{"@type":"SearchAction","target":{"@type":"EntryPoint","urlTemplate":"https:\/\/patagoniambiental.com.ar\/info\/?s={search_term_string}"},"query-input":{"@type":"PropertyValueSpecification","valueRequired":true,"valueName":"search_term_string"}}],"inLanguage":"es"},{"@type":"Organization","@id":"https:\/\/patagoniambiental.com.ar\/info\/#organization","name":"Patagonia Ambiental","url":"https:\/\/patagoniambiental.com.ar\/info\/","logo":{"@type":"ImageObject","inLanguage":"es","@id":"https:\/\/patagoniambiental.com.ar\/info\/#\/schema\/logo\/image\/","url":"https:\/\/patagoniambiental.com.ar\/info\/wp-content\/uploads\/2025\/05\/LOGO-PATAGONIA-AMBIENTAL.png","contentUrl":"https:\/\/patagoniambiental.com.ar\/info\/wp-content\/uploads\/2025\/05\/LOGO-PATAGONIA-AMBIENTAL.png","width":433,"height":250,"caption":"Patagonia Ambiental"},"image":{"@id":"https:\/\/patagoniambiental.com.ar\/info\/#\/schema\/logo\/image\/"},"sameAs":["https:\/\/www.facebook.com\/patagonia.ambiental","https:\/\/x.com\/PatAmb"]},{"@type":"Person","@id":"https:\/\/patagoniambiental.com.ar\/info\/#\/schema\/person\/db12bff64bbcbf6a253710bf0ea37b5d","name":"Patagonia Ambiental","description":"Andr\u00e9s Nievas T\u00e9cnico en manejo ambiental, consultor Ambiental y escritor para medios locales e internacionales sobre temas de geopolitica y medio ambiente.","sameAs":["http:\/\/www.patagoniambiental.com.ar","https:\/\/www.facebook.com\/share\/1C1V8Gv9BX\/?mibextid=qi2Omg","@patagoniambiental","https:\/\/youtube.com\/@patagoniaambiental2023?si=BLt58t0wuXquxlYZ"]}]}},"_links":{"self":[{"href":"https:\/\/patagoniambiental.com.ar\/info\/wp-json\/wp\/v2\/posts\/33446","targetHints":{"allow":["GET"]}}],"collection":[{"href":"https:\/\/patagoniambiental.com.ar\/info\/wp-json\/wp\/v2\/posts"}],"about":[{"href":"https:\/\/patagoniambiental.com.ar\/info\/wp-json\/wp\/v2\/types\/post"}],"author":[{"embeddable":true,"href":"https:\/\/patagoniambiental.com.ar\/info\/wp-json\/wp\/v2\/users\/2"}],"replies":[{"embeddable":true,"href":"https:\/\/patagoniambiental.com.ar\/info\/wp-json\/wp\/v2\/comments?post=33446"}],"version-history":[{"count":0,"href":"https:\/\/patagoniambiental.com.ar\/info\/wp-json\/wp\/v2\/posts\/33446\/revisions"}],"wp:featuredmedia":[{"embeddable":true,"href":"https:\/\/patagoniambiental.com.ar\/info\/wp-json\/wp\/v2\/media\/33447"}],"wp:attachment":[{"href":"https:\/\/patagoniambiental.com.ar\/info\/wp-json\/wp\/v2\/media?parent=33446"}],"wp:term":[{"taxonomy":"category","embeddable":true,"href":"https:\/\/patagoniambiental.com.ar\/info\/wp-json\/wp\/v2\/categories?post=33446"},{"taxonomy":"post_tag","embeddable":true,"href":"https:\/\/patagoniambiental.com.ar\/info\/wp-json\/wp\/v2\/tags?post=33446"}],"curies":[{"name":"wp","href":"https:\/\/api.w.org\/{rel}","templated":true}]}}