{"id":33449,"date":"2017-08-17T19:00:06","date_gmt":"2017-08-17T22:00:06","guid":{"rendered":"http:\/\/patagoniambiental.com.ar\/info\/?p=33449"},"modified":"2017-08-17T18:58:31","modified_gmt":"2017-08-17T21:58:31","slug":"san-juan-rio-negro-presente-en-la-apertura-de-sesion-del-consejo-federal-de-gestion-de-riesgo","status":"publish","type":"post","link":"https:\/\/patagoniambiental.com.ar\/info\/san-juan-rio-negro-presente-en-la-apertura-de-sesion-del-consejo-federal-de-gestion-de-riesgo\/","title":{"rendered":"San Juan  R\u00edo Negro presente en la apertura de sesi\u00f3n del Consejo Federal de Gesti\u00f3n de Riesgo"},"content":{"rendered":"<p class=\"x_MsoNormal\"><i>San Juan.-Comenz\u00f3 la sesi\u00f3n del Consejo Federal de Gesti\u00f3n Integral de Riesgo y Protecci\u00f3n Civil (SINAGIR), con representantes de cada provincia argentina. <\/i><!--more--><\/p>\n<p class=\"x_MsoNormal\"><i>El objetivo principal es desarrollar una estrategia nacional de reducci\u00f3n de riesgo de desastres y un plan nacional que permita afrontar los desaf\u00edos futuros.<\/i><\/p>\n<p class=\"x_MsoNormal\">\n<p class=\"x_MsoNormal\">Es la segunda reuni\u00f3n del Consejo Federal, cuya creaci\u00f3n qued\u00f3 establecida con la sanci\u00f3n de la ley nacional de Protecci\u00f3n Civil. La reuni\u00f3n en el sal\u00f3n Cruce de Los Andes fue presidida por el gobernador de San Juan, Sergio U\u00f1ac, el Secretario de Protecci\u00f3n Civil de la Naci\u00f3n Emilio Renda, y el Ministro de Gobierno Emilio Baistrocchi. El director de Defensa Civil, Adri\u00e1n Iribarren se hizo presente en representaci\u00f3n de R\u00edo Negro. Tambi\u00e9n participan representantes de Protecci\u00f3n Civil de cada provincia.<\/p>\n<p class=\"x_MsoNormal\">\u201cEste es un paso m\u00e1s hasta la institucionalizaci\u00f3n del sistema nacional SINAGIR. Necesitamos tomarlo con la pertinencia necesaria, y aportar desde cada \u00e1rea a fin de trabajar arm\u00f3nicamente en la gesti\u00f3n integral de riesgo, para que cada vez haya menos sufrimiento en las emergencias y las provincias puedan bajar sus niveles de riesgo con el trabajo que puedan hagan planificadamente\u201d, resalt\u00f3 el secretario nacional de Protecci\u00f3n Civil, Emilio Renda.<\/p>\n<p class=\"x_MsoNormal\">Por su parte, el ministro de Gobierno de San Juan, Emilio Baistrocchi, insisti\u00f3 en la importancia de la gesti\u00f3n de riesgo para la prevenci\u00f3n: \u201cHemos generado una pol\u00edtica de Estado en San Juan y hemos actuado en consecuencia\u201d, indic\u00f3, y agreg\u00f3 que esto \u201ces como trabajar con una vacuna, a los mejor no pasa, pero si pasa tenemos que estar preparados\u201d.<\/p>\n<p class=\"x_MsoNormal\">Adem\u00e1s, Baistrocchi hizo hincapi\u00e9 en el trabajo coordinado que realiza la provincia entre sus municipios con el consejo intermunicipal de protecci\u00f3n civil \u2013 CICRE.<\/p>\n<p class=\"x_MsoNormal\">Por \u00faltimo, el director de Defensa Civil de R\u00edo Negro, Adri\u00e1n Iribarren, resalt\u00f3 la importancia de trabajar bajo una misma l\u00ednea con Naci\u00f3n y cada Provincia, destacando que \u201cla reuni\u00f3n es significativa no solo por la conclusi\u00f3n de una l\u00ednea de contacto m\u00e1s fluida entre los organismos que act\u00faan ante las emergencias, sino, por tener una l\u00ednea de trabajo clara y espec\u00edfica para actuar en casa de emergencias\u201d.<\/p>\n<p><b><span lang=\"ES-AR\">Fuente: GOBIERNO DE R\u00cdO NEGRO<\/span><\/b><\/p>\n","protected":false},"excerpt":{"rendered":"<p>San Juan.-Comenz\u00f3 la sesi\u00f3n del Consejo Federal de Gesti\u00f3n Integral de Riesgo y Protecci\u00f3n Civil (SINAGIR), con representantes de cada [&hellip;]<\/p>\n","protected":false},"author":2,"featured_media":33450,"comment_status":"open","ping_status":"open","sticky":false,"template":"","format":"standard","meta":{"site-sidebar-layout":"default","site-content-layout":"","ast-site-content-layout":"default","site-content-style":"default","site-sidebar-style":"default","ast-global-header-display":"","ast-banner-title-visibility":"","ast-main-header-display":"","ast-hfb-above-header-display":"","ast-hfb-below-header-display":"","ast-hfb-mobile-header-display":"","site-post-title":"","ast-breadcrumbs-content":"","ast-featured-img":"","footer-sml-layout":"","ast-disable-related-posts":"","theme-transparent-header-meta":"","adv-header-id-meta":"","stick-header-meta":"","header-above-stick-meta":"","header-main-stick-meta":"","header-below-stick-meta":"","astra-migrate-meta-layouts":"default","ast-page-background-enabled":"default","ast-page-background-meta":{"desktop":{"background-color":"var(--ast-global-color-5)","background-image":"","background-repeat":"repeat","background-position":"center center","background-size":"auto","background-attachment":"scroll","background-type":"","background-media":"","overlay-type":"","overlay-color":"","overlay-opacity":"","overlay-gradient":""},"tablet":{"background-color":"","background-image":"","background-repeat":"repeat","background-position":"center center","background-size":"auto","background-attachment":"scroll","background-type":"","background-media":"","overlay-type":"","overlay-color":"","overlay-opacity":"","overlay-gradient":""},"mobile":{"background-color":"","background-image":"","background-repeat":"repeat","background-position":"center center","background-size":"auto","background-attachment":"scroll","background-type":"","background-media":"","overlay-type":"","overlay-color":"","overlay-opacity":"","overlay-gradient":""}},"ast-content-background-meta":{"desktop":{"background-color":"var(--ast-global-color-4)","background-image":"","background-repeat":"repeat","background-position":"center center","background-size":"auto","background-attachment":"scroll","background-type":"","background-media":"","overlay-type":"","overlay-color":"","overlay-opacity":"","overlay-gradient":""},"tablet":{"background-color":"var(--ast-global-color-4)","background-image":"","background-repeat":"repeat","background-position":"center center","background-size":"auto","background-attachment":"scroll","background-type":"","background-media":"","overlay-type":"","overlay-color":"","overlay-opacity":"","overlay-gradient":""},"mobile":{"background-color":"var(--ast-global-color-4)","background-image":"","background-repeat":"repeat","background-position":"center center","background-size":"auto","background-attachment":"scroll","background-type":"","background-media":"","overlay-type":"","overlay-color":"","overlay-opacity":"","overlay-gradient":""}},"footnotes":""},"categories":[12,1],"tags":[],"class_list":["post-33449","post","type-post","status-publish","format-standard","has-post-thumbnail","hentry","category-agenda-ambiental","category-noticias"],"yoast_head":"<!-- This site is optimized with the Yoast SEO Premium plugin v23.0 (Yoast SEO v27.5) - https:\/\/yoast.com\/product\/yoast-seo-premium-wordpress\/ -->\n<title>San Juan R\u00edo Negro presente en la apertura de sesi\u00f3n del Consejo Federal de Gesti\u00f3n de Riesgo<\/title>\n<meta name=\"robots\" content=\"index, follow, max-snippet:-1, max-image-preview:large, max-video-preview:-1\" \/>\n<link rel=\"canonical\" href=\"https:\/\/patagoniambiental.com.ar\/info\/san-juan-rio-negro-presente-en-la-apertura-de-sesion-del-consejo-federal-de-gestion-de-riesgo\/\" \/>\n<meta property=\"og:locale\" content=\"es_ES\" \/>\n<meta property=\"og:type\" content=\"article\" \/>\n<meta property=\"og:title\" content=\"San Juan R\u00edo Negro presente en la apertura de sesi\u00f3n del Consejo Federal de Gesti\u00f3n de Riesgo\" \/>\n<meta property=\"og:description\" content=\"San Juan.-Comenz\u00f3 la sesi\u00f3n del Consejo Federal de Gesti\u00f3n Integral de Riesgo y Protecci\u00f3n Civil (SINAGIR), con representantes de cada [&hellip;]\" \/>\n<meta property=\"og:url\" content=\"https:\/\/patagoniambiental.com.ar\/info\/san-juan-rio-negro-presente-en-la-apertura-de-sesion-del-consejo-federal-de-gestion-de-riesgo\/\" \/>\n<meta property=\"og:site_name\" content=\"Patagonia Ambiental\" \/>\n<meta property=\"article:publisher\" content=\"https:\/\/www.facebook.com\/patagonia.ambiental\" \/>\n<meta property=\"article:author\" content=\"https:\/\/www.facebook.com\/share\/1C1V8Gv9BX\/?mibextid=qi2Omg\" \/>\n<meta property=\"article:published_time\" content=\"2017-08-17T22:00:06+00:00\" \/>\n<meta property=\"og:image\" content=\"https:\/\/patagoniambiental.com.ar\/info\/wp-content\/uploads\/2017\/08\/00029897.jpg\" \/>\n\t<meta property=\"og:image:width\" content=\"924\" \/>\n\t<meta property=\"og:image:height\" content=\"616\" \/>\n\t<meta property=\"og:image:type\" content=\"image\/jpeg\" \/>\n<meta name=\"author\" content=\"Patagonia Ambiental\" \/>\n<meta name=\"twitter:card\" content=\"summary_large_image\" \/>\n<meta name=\"twitter:creator\" content=\"@PatAmb\" \/>\n<meta name=\"twitter:site\" content=\"@PatAmb\" \/>\n<script type=\"application\/ld+json\" class=\"yoast-schema-graph\">{\"@context\":\"https:\\\/\\\/schema.org\",\"@graph\":[{\"@type\":\"Article\",\"@id\":\"https:\\\/\\\/patagoniambiental.com.ar\\\/info\\\/san-juan-rio-negro-presente-en-la-apertura-de-sesion-del-consejo-federal-de-gestion-de-riesgo\\\/#article\",\"isPartOf\":{\"@id\":\"https:\\\/\\\/patagoniambiental.com.ar\\\/info\\\/san-juan-rio-negro-presente-en-la-apertura-de-sesion-del-consejo-federal-de-gestion-de-riesgo\\\/\"},\"author\":{\"name\":\"Patagonia Ambiental\",\"@id\":\"https:\\\/\\\/patagoniambiental.com.ar\\\/info\\\/#\\\/schema\\\/person\\\/db12bff64bbcbf6a253710bf0ea37b5d\"},\"headline\":\"San Juan R\u00edo Negro presente en la apertura de sesi\u00f3n del Consejo Federal de Gesti\u00f3n de Riesgo\",\"datePublished\":\"2017-08-17T22:00:06+00:00\",\"mainEntityOfPage\":{\"@id\":\"https:\\\/\\\/patagoniambiental.com.ar\\\/info\\\/san-juan-rio-negro-presente-en-la-apertura-de-sesion-del-consejo-federal-de-gestion-de-riesgo\\\/\"},\"wordCount\":415,\"commentCount\":0,\"publisher\":{\"@id\":\"https:\\\/\\\/patagoniambiental.com.ar\\\/info\\\/#organization\"},\"image\":{\"@id\":\"https:\\\/\\\/patagoniambiental.com.ar\\\/info\\\/san-juan-rio-negro-presente-en-la-apertura-de-sesion-del-consejo-federal-de-gestion-de-riesgo\\\/#primaryimage\"},\"thumbnailUrl\":\"https:\\\/\\\/patagoniambiental.com.ar\\\/info\\\/wp-content\\\/uploads\\\/2017\\\/08\\\/00029897.jpg\",\"articleSection\":[\"Agenda Ambiental\",\"Noticias\"],\"inLanguage\":\"es\",\"potentialAction\":[{\"@type\":\"CommentAction\",\"name\":\"Comment\",\"target\":[\"https:\\\/\\\/patagoniambiental.com.ar\\\/info\\\/san-juan-rio-negro-presente-en-la-apertura-de-sesion-del-consejo-federal-de-gestion-de-riesgo\\\/#respond\"]}]},{\"@type\":\"WebPage\",\"@id\":\"https:\\\/\\\/patagoniambiental.com.ar\\\/info\\\/san-juan-rio-negro-presente-en-la-apertura-de-sesion-del-consejo-federal-de-gestion-de-riesgo\\\/\",\"url\":\"https:\\\/\\\/patagoniambiental.com.ar\\\/info\\\/san-juan-rio-negro-presente-en-la-apertura-de-sesion-del-consejo-federal-de-gestion-de-riesgo\\\/\",\"name\":\"San Juan R\u00edo Negro presente en la apertura de sesi\u00f3n del Consejo Federal de Gesti\u00f3n de Riesgo\",\"isPartOf\":{\"@id\":\"https:\\\/\\\/patagoniambiental.com.ar\\\/info\\\/#website\"},\"primaryImageOfPage\":{\"@id\":\"https:\\\/\\\/patagoniambiental.com.ar\\\/info\\\/san-juan-rio-negro-presente-en-la-apertura-de-sesion-del-consejo-federal-de-gestion-de-riesgo\\\/#primaryimage\"},\"image\":{\"@id\":\"https:\\\/\\\/patagoniambiental.com.ar\\\/info\\\/san-juan-rio-negro-presente-en-la-apertura-de-sesion-del-consejo-federal-de-gestion-de-riesgo\\\/#primaryimage\"},\"thumbnailUrl\":\"https:\\\/\\\/patagoniambiental.com.ar\\\/info\\\/wp-content\\\/uploads\\\/2017\\\/08\\\/00029897.jpg\",\"datePublished\":\"2017-08-17T22:00:06+00:00\",\"breadcrumb\":{\"@id\":\"https:\\\/\\\/patagoniambiental.com.ar\\\/info\\\/san-juan-rio-negro-presente-en-la-apertura-de-sesion-del-consejo-federal-de-gestion-de-riesgo\\\/#breadcrumb\"},\"inLanguage\":\"es\",\"potentialAction\":[{\"@type\":\"ReadAction\",\"target\":[\"https:\\\/\\\/patagoniambiental.com.ar\\\/info\\\/san-juan-rio-negro-presente-en-la-apertura-de-sesion-del-consejo-federal-de-gestion-de-riesgo\\\/\"]}]},{\"@type\":\"ImageObject\",\"inLanguage\":\"es\",\"@id\":\"https:\\\/\\\/patagoniambiental.com.ar\\\/info\\\/san-juan-rio-negro-presente-en-la-apertura-de-sesion-del-consejo-federal-de-gestion-de-riesgo\\\/#primaryimage\",\"url\":\"https:\\\/\\\/patagoniambiental.com.ar\\\/info\\\/wp-content\\\/uploads\\\/2017\\\/08\\\/00029897.jpg\",\"contentUrl\":\"https:\\\/\\\/patagoniambiental.com.ar\\\/info\\\/wp-content\\\/uploads\\\/2017\\\/08\\\/00029897.jpg\",\"width\":900,\"height\":600},{\"@type\":\"BreadcrumbList\",\"@id\":\"https:\\\/\\\/patagoniambiental.com.ar\\\/info\\\/san-juan-rio-negro-presente-en-la-apertura-de-sesion-del-consejo-federal-de-gestion-de-riesgo\\\/#breadcrumb\",\"itemListElement\":[{\"@type\":\"ListItem\",\"position\":1,\"name\":\"Inicio\",\"item\":\"https:\\\/\\\/patagoniambiental.com.ar\\\/info\\\/\"},{\"@type\":\"ListItem\",\"position\":2,\"name\":\"San Juan R\u00edo Negro presente en la apertura de sesi\u00f3n del Consejo Federal de Gesti\u00f3n de Riesgo\"}]},{\"@type\":\"WebSite\",\"@id\":\"https:\\\/\\\/patagoniambiental.com.ar\\\/info\\\/#website\",\"url\":\"https:\\\/\\\/patagoniambiental.com.ar\\\/info\\\/\",\"name\":\"Patagonia Ambiental\",\"description\":\"Monitoreo y an\u00e1lisis de la situaci\u00f3n geopol\u00edtica en el mundo y su implicancia en la Patagonia\",\"publisher\":{\"@id\":\"https:\\\/\\\/patagoniambiental.com.ar\\\/info\\\/#organization\"},\"potentialAction\":[{\"@type\":\"SearchAction\",\"target\":{\"@type\":\"EntryPoint\",\"urlTemplate\":\"https:\\\/\\\/patagoniambiental.com.ar\\\/info\\\/?s={search_term_string}\"},\"query-input\":{\"@type\":\"PropertyValueSpecification\",\"valueRequired\":true,\"valueName\":\"search_term_string\"}}],\"inLanguage\":\"es\"},{\"@type\":\"Organization\",\"@id\":\"https:\\\/\\\/patagoniambiental.com.ar\\\/info\\\/#organization\",\"name\":\"Patagonia Ambiental\",\"url\":\"https:\\\/\\\/patagoniambiental.com.ar\\\/info\\\/\",\"logo\":{\"@type\":\"ImageObject\",\"inLanguage\":\"es\",\"@id\":\"https:\\\/\\\/patagoniambiental.com.ar\\\/info\\\/#\\\/schema\\\/logo\\\/image\\\/\",\"url\":\"https:\\\/\\\/patagoniambiental.com.ar\\\/info\\\/wp-content\\\/uploads\\\/2025\\\/05\\\/LOGO-PATAGONIA-AMBIENTAL.png\",\"contentUrl\":\"https:\\\/\\\/patagoniambiental.com.ar\\\/info\\\/wp-content\\\/uploads\\\/2025\\\/05\\\/LOGO-PATAGONIA-AMBIENTAL.png\",\"width\":433,\"height\":250,\"caption\":\"Patagonia Ambiental\"},\"image\":{\"@id\":\"https:\\\/\\\/patagoniambiental.com.ar\\\/info\\\/#\\\/schema\\\/logo\\\/image\\\/\"},\"sameAs\":[\"https:\\\/\\\/www.facebook.com\\\/patagonia.ambiental\",\"https:\\\/\\\/x.com\\\/PatAmb\"]},{\"@type\":\"Person\",\"@id\":\"https:\\\/\\\/patagoniambiental.com.ar\\\/info\\\/#\\\/schema\\\/person\\\/db12bff64bbcbf6a253710bf0ea37b5d\",\"name\":\"Patagonia Ambiental\",\"description\":\"Andr\u00e9s Nievas T\u00e9cnico en manejo ambiental, consultor Ambiental y escritor para medios locales e internacionales sobre temas de geopolitica y medio ambiente.\",\"sameAs\":[\"http:\\\/\\\/www.patagoniambiental.com.ar\",\"https:\\\/\\\/www.facebook.com\\\/share\\\/1C1V8Gv9BX\\\/?mibextid=qi2Omg\",\"@patagoniambiental\",\"https:\\\/\\\/youtube.com\\\/@patagoniaambiental2023?si=BLt58t0wuXquxlYZ\"]}]}<\/script>\n<!-- \/ Yoast SEO Premium plugin. -->","yoast_head_json":{"title":"San Juan R\u00edo Negro presente en la apertura de sesi\u00f3n del Consejo Federal de Gesti\u00f3n de Riesgo","robots":{"index":"index","follow":"follow","max-snippet":"max-snippet:-1","max-image-preview":"max-image-preview:large","max-video-preview":"max-video-preview:-1"},"canonical":"https:\/\/patagoniambiental.com.ar\/info\/san-juan-rio-negro-presente-en-la-apertura-de-sesion-del-consejo-federal-de-gestion-de-riesgo\/","og_locale":"es_ES","og_type":"article","og_title":"San Juan R\u00edo Negro presente en la apertura de sesi\u00f3n del Consejo Federal de Gesti\u00f3n de Riesgo","og_description":"San Juan.-Comenz\u00f3 la sesi\u00f3n del Consejo Federal de Gesti\u00f3n Integral de Riesgo y Protecci\u00f3n Civil (SINAGIR), con representantes de cada [&hellip;]","og_url":"https:\/\/patagoniambiental.com.ar\/info\/san-juan-rio-negro-presente-en-la-apertura-de-sesion-del-consejo-federal-de-gestion-de-riesgo\/","og_site_name":"Patagonia Ambiental","article_publisher":"https:\/\/www.facebook.com\/patagonia.ambiental","article_author":"https:\/\/www.facebook.com\/share\/1C1V8Gv9BX\/?mibextid=qi2Omg","article_published_time":"2017-08-17T22:00:06+00:00","og_image":[{"width":924,"height":616,"url":"https:\/\/patagoniambiental.com.ar\/info\/wp-content\/uploads\/2017\/08\/00029897.jpg","type":"image\/jpeg"}],"author":"Patagonia Ambiental","twitter_card":"summary_large_image","twitter_creator":"@PatAmb","twitter_site":"@PatAmb","schema":{"@context":"https:\/\/schema.org","@graph":[{"@type":"Article","@id":"https:\/\/patagoniambiental.com.ar\/info\/san-juan-rio-negro-presente-en-la-apertura-de-sesion-del-consejo-federal-de-gestion-de-riesgo\/#article","isPartOf":{"@id":"https:\/\/patagoniambiental.com.ar\/info\/san-juan-rio-negro-presente-en-la-apertura-de-sesion-del-consejo-federal-de-gestion-de-riesgo\/"},"author":{"name":"Patagonia Ambiental","@id":"https:\/\/patagoniambiental.com.ar\/info\/#\/schema\/person\/db12bff64bbcbf6a253710bf0ea37b5d"},"headline":"San Juan R\u00edo Negro presente en la apertura de sesi\u00f3n del Consejo Federal de Gesti\u00f3n de Riesgo","datePublished":"2017-08-17T22:00:06+00:00","mainEntityOfPage":{"@id":"https:\/\/patagoniambiental.com.ar\/info\/san-juan-rio-negro-presente-en-la-apertura-de-sesion-del-consejo-federal-de-gestion-de-riesgo\/"},"wordCount":415,"commentCount":0,"publisher":{"@id":"https:\/\/patagoniambiental.com.ar\/info\/#organization"},"image":{"@id":"https:\/\/patagoniambiental.com.ar\/info\/san-juan-rio-negro-presente-en-la-apertura-de-sesion-del-consejo-federal-de-gestion-de-riesgo\/#primaryimage"},"thumbnailUrl":"https:\/\/patagoniambiental.com.ar\/info\/wp-content\/uploads\/2017\/08\/00029897.jpg","articleSection":["Agenda Ambiental","Noticias"],"inLanguage":"es","potentialAction":[{"@type":"CommentAction","name":"Comment","target":["https:\/\/patagoniambiental.com.ar\/info\/san-juan-rio-negro-presente-en-la-apertura-de-sesion-del-consejo-federal-de-gestion-de-riesgo\/#respond"]}]},{"@type":"WebPage","@id":"https:\/\/patagoniambiental.com.ar\/info\/san-juan-rio-negro-presente-en-la-apertura-de-sesion-del-consejo-federal-de-gestion-de-riesgo\/","url":"https:\/\/patagoniambiental.com.ar\/info\/san-juan-rio-negro-presente-en-la-apertura-de-sesion-del-consejo-federal-de-gestion-de-riesgo\/","name":"San Juan R\u00edo Negro presente en la apertura de sesi\u00f3n del Consejo Federal de Gesti\u00f3n de Riesgo","isPartOf":{"@id":"https:\/\/patagoniambiental.com.ar\/info\/#website"},"primaryImageOfPage":{"@id":"https:\/\/patagoniambiental.com.ar\/info\/san-juan-rio-negro-presente-en-la-apertura-de-sesion-del-consejo-federal-de-gestion-de-riesgo\/#primaryimage"},"image":{"@id":"https:\/\/patagoniambiental.com.ar\/info\/san-juan-rio-negro-presente-en-la-apertura-de-sesion-del-consejo-federal-de-gestion-de-riesgo\/#primaryimage"},"thumbnailUrl":"https:\/\/patagoniambiental.com.ar\/info\/wp-content\/uploads\/2017\/08\/00029897.jpg","datePublished":"2017-08-17T22:00:06+00:00","breadcrumb":{"@id":"https:\/\/patagoniambiental.com.ar\/info\/san-juan-rio-negro-presente-en-la-apertura-de-sesion-del-consejo-federal-de-gestion-de-riesgo\/#breadcrumb"},"inLanguage":"es","potentialAction":[{"@type":"ReadAction","target":["https:\/\/patagoniambiental.com.ar\/info\/san-juan-rio-negro-presente-en-la-apertura-de-sesion-del-consejo-federal-de-gestion-de-riesgo\/"]}]},{"@type":"ImageObject","inLanguage":"es","@id":"https:\/\/patagoniambiental.com.ar\/info\/san-juan-rio-negro-presente-en-la-apertura-de-sesion-del-consejo-federal-de-gestion-de-riesgo\/#primaryimage","url":"https:\/\/patagoniambiental.com.ar\/info\/wp-content\/uploads\/2017\/08\/00029897.jpg","contentUrl":"https:\/\/patagoniambiental.com.ar\/info\/wp-content\/uploads\/2017\/08\/00029897.jpg","width":900,"height":600},{"@type":"BreadcrumbList","@id":"https:\/\/patagoniambiental.com.ar\/info\/san-juan-rio-negro-presente-en-la-apertura-de-sesion-del-consejo-federal-de-gestion-de-riesgo\/#breadcrumb","itemListElement":[{"@type":"ListItem","position":1,"name":"Inicio","item":"https:\/\/patagoniambiental.com.ar\/info\/"},{"@type":"ListItem","position":2,"name":"San Juan R\u00edo Negro presente en la apertura de sesi\u00f3n del Consejo Federal de Gesti\u00f3n de Riesgo"}]},{"@type":"WebSite","@id":"https:\/\/patagoniambiental.com.ar\/info\/#website","url":"https:\/\/patagoniambiental.com.ar\/info\/","name":"Patagonia Ambiental","description":"Monitoreo y an\u00e1lisis de la situaci\u00f3n geopol\u00edtica en el mundo y su implicancia en la Patagonia","publisher":{"@id":"https:\/\/patagoniambiental.com.ar\/info\/#organization"},"potentialAction":[{"@type":"SearchAction","target":{"@type":"EntryPoint","urlTemplate":"https:\/\/patagoniambiental.com.ar\/info\/?s={search_term_string}"},"query-input":{"@type":"PropertyValueSpecification","valueRequired":true,"valueName":"search_term_string"}}],"inLanguage":"es"},{"@type":"Organization","@id":"https:\/\/patagoniambiental.com.ar\/info\/#organization","name":"Patagonia Ambiental","url":"https:\/\/patagoniambiental.com.ar\/info\/","logo":{"@type":"ImageObject","inLanguage":"es","@id":"https:\/\/patagoniambiental.com.ar\/info\/#\/schema\/logo\/image\/","url":"https:\/\/patagoniambiental.com.ar\/info\/wp-content\/uploads\/2025\/05\/LOGO-PATAGONIA-AMBIENTAL.png","contentUrl":"https:\/\/patagoniambiental.com.ar\/info\/wp-content\/uploads\/2025\/05\/LOGO-PATAGONIA-AMBIENTAL.png","width":433,"height":250,"caption":"Patagonia Ambiental"},"image":{"@id":"https:\/\/patagoniambiental.com.ar\/info\/#\/schema\/logo\/image\/"},"sameAs":["https:\/\/www.facebook.com\/patagonia.ambiental","https:\/\/x.com\/PatAmb"]},{"@type":"Person","@id":"https:\/\/patagoniambiental.com.ar\/info\/#\/schema\/person\/db12bff64bbcbf6a253710bf0ea37b5d","name":"Patagonia Ambiental","description":"Andr\u00e9s Nievas T\u00e9cnico en manejo ambiental, consultor Ambiental y escritor para medios locales e internacionales sobre temas de geopolitica y medio ambiente.","sameAs":["http:\/\/www.patagoniambiental.com.ar","https:\/\/www.facebook.com\/share\/1C1V8Gv9BX\/?mibextid=qi2Omg","@patagoniambiental","https:\/\/youtube.com\/@patagoniaambiental2023?si=BLt58t0wuXquxlYZ"]}]}},"_links":{"self":[{"href":"https:\/\/patagoniambiental.com.ar\/info\/wp-json\/wp\/v2\/posts\/33449","targetHints":{"allow":["GET"]}}],"collection":[{"href":"https:\/\/patagoniambiental.com.ar\/info\/wp-json\/wp\/v2\/posts"}],"about":[{"href":"https:\/\/patagoniambiental.com.ar\/info\/wp-json\/wp\/v2\/types\/post"}],"author":[{"embeddable":true,"href":"https:\/\/patagoniambiental.com.ar\/info\/wp-json\/wp\/v2\/users\/2"}],"replies":[{"embeddable":true,"href":"https:\/\/patagoniambiental.com.ar\/info\/wp-json\/wp\/v2\/comments?post=33449"}],"version-history":[{"count":0,"href":"https:\/\/patagoniambiental.com.ar\/info\/wp-json\/wp\/v2\/posts\/33449\/revisions"}],"wp:featuredmedia":[{"embeddable":true,"href":"https:\/\/patagoniambiental.com.ar\/info\/wp-json\/wp\/v2\/media\/33450"}],"wp:attachment":[{"href":"https:\/\/patagoniambiental.com.ar\/info\/wp-json\/wp\/v2\/media?parent=33449"}],"wp:term":[{"taxonomy":"category","embeddable":true,"href":"https:\/\/patagoniambiental.com.ar\/info\/wp-json\/wp\/v2\/categories?post=33449"},{"taxonomy":"post_tag","embeddable":true,"href":"https:\/\/patagoniambiental.com.ar\/info\/wp-json\/wp\/v2\/tags?post=33449"}],"curies":[{"name":"wp","href":"https:\/\/api.w.org\/{rel}","templated":true}]}}