{"id":33464,"date":"2017-08-18T09:00:30","date_gmt":"2017-08-18T12:00:30","guid":{"rendered":"http:\/\/patagoniambiental.com.ar\/info\/?p=33464"},"modified":"2017-08-17T19:52:35","modified_gmt":"2017-08-17T22:52:35","slug":"millonaria-inversion-para-madryn-sastre-con-autoridades-de-genneia","status":"publish","type":"post","link":"https:\/\/patagoniambiental.com.ar\/info\/millonaria-inversion-para-madryn-sastre-con-autoridades-de-genneia\/","title":{"rendered":"Millonaria inversi\u00f3n para Madryn: Sastre con autoridades de GENNEIA"},"content":{"rendered":"<div>\n<div class=\"x__3x-2\">\n<div>\n<div class=\"x__5r69\">\n<div class=\"x_mtm\">\n<div class=\"x_mtm x__5pcm\">\n<div class=\"x_mtm x__5pco\">\n<div id=\"x_id_5995c8833fb1e8f99572146\" class=\"x_text_exposed_root x_text_exposed\">\n<p>PUERTO MADRYN.- Se reuni\u00f3 con Alfredo Bernardi, Gerente de Relaciones Institucionales de la firma. El\u00a0<span class=\"x_text_exposed_show\">Intendente confirm\u00f3 la instalaci\u00f3n un de un proyecto por mas 400 millones de pesos en energ\u00eda e\u00f3lica. Esta semana se trasladan los molinos desde el Puerto local a la localidad de Rawson.<\/span><\/p>\n<div class=\"x_text_exposed_show\">\n<p>En las \u00faltimas horas el Intendente Ricardo Sastre se reuni\u00f3 en Buenos Aires con representantes de la firma GENNEIA, confirmando para la ciudad la instalaci\u00f3n de molinos e\u00f3licos que estar\u00e1n en el Interconectado, produciendo un derrame inicial de 400 millones de pesos a la ciudad. La reuni\u00f3n se realiz\u00f3 con Alfredo Bernardi, Gerente de Relaciones Institucionales de la firma.<br \/>\n\u00abEs una felicidad muy grande la instalaci\u00f3n de este proyecto en la ciudad, que nos permitir\u00e1 adem\u00e1s dotar de mano de obra local, con firmas locales, dicha instalaci\u00f3n, y la posibilidad de brindarle trabaja o a muchos madrynenses que ser\u00e1n capacitados en el tema\u00bb indic\u00f3 el Intendente Sastre.<br \/>\n\u00abEstuvimos en Buenos Aires reunidos con representantes de la empresa, interioriz\u00e1ndonos de la instalaci\u00f3n del Proyecto, que distribuir\u00e1 energ\u00eda en el Interconectado Nacional. Hay que se\u00f1alar que el mismo tiene un funcionamiento m\u00ednimo de 20 a\u00f1os, y que permitir\u00e1 hasta tanto est\u00e9 terminado, una inversi\u00f3n en nuestra ciudad de un monto superior a los 400 millones de pesos\u00bb.<br \/>\nSastre admiti\u00f3 en otro orden que \u00ablos trabajos previos se realizar\u00e1n con empresas locales, y las tareas comenzar\u00e1n en pocos meses. La empresa conf\u00eda en que ya est\u00e9 funcionando en 2019, con una capacidad muy superior a lo que es hoy el Parque Rawson\u00bb. Finalmente confirm\u00f3 que en los pr\u00f3ximos d\u00edas comenzar\u00e1 el traslado por Ruta 3 de los molinos desde el Puerto local \u00abAlmirante Storni\u00bb hasta la localidad de Rawson, raz\u00f3n por la cual se trabaja en la log\u00edstica correspondiente, solicit\u00e1ndose a los automovilistas tomar las precauciones del caso.<\/p>\n<p>ENERG\u00cdAS LIMPIAS<br \/>\nEl Intendente destac\u00f3 que \u00abesta generaci\u00f3n de energ\u00edas alternativas con recursos naturales como el viento, no hace m\u00e1s que brindarnos una alternativa que ya se utiliza en muchos lugares del mundo, donde el viento es uno de los recursos reinantes, como en nuestra Patagonia. En total se instalar\u00e1n unos 100 molinos entre el Parque I y II, sobre la Ruta 4 camino a la Planta de Selecci\u00f3n y Transferencia de la Gesti\u00f3n Integral de Residuos S\u00f3lidos y Urbanos (GIRSU)\u00bb.<br \/>\nReconoci\u00f3 Sastre en cuanto a la mano de obra local, que \u00abse llevar\u00e1 a cabo por etapas, porque si bien se necesitar\u00e1 para la instalaci\u00f3n del proyecto, hay que destacar que previo a ello se deber\u00e1 hacer una extensa limpieza de campo. Luego llegar\u00e1 la instalaci\u00f3n de los molinos, y la idea es poder abrir en Madryn es capacitar a los madrynenses que vayan a trabajar en el proyecto\u00bb.<br \/>\nRecordemos que hay otro parque que construir\u00e1 Aluar en la ciudad, pero el mismo ser\u00e1 para abastecimiento propio.<br \/>\n\u00abLa energ\u00eda e\u00f3lica pasar\u00e1 a ser una industria important\u00edsima en Madryn, y no solo beneficiar\u00e1 a la ciudad con los molinos, ya que estamos hablando de energ\u00edas limpias, con recursos naturales y muy caracter\u00edsticos en nuestra regi\u00f3n. Vamos a seguir apostando a este tipo de industrias, que mejoran notablemente la calidad de los servicios\u00bb, cerr\u00f3.<\/p>\n<\/div>\n<\/div>\n<\/div>\n<\/div>\n<\/div>\n<\/div>\n<\/div>\n<\/div>\n<\/div>\n<p>Fuente: Municipalidad e Puerto Madryn<\/p>\n","protected":false},"excerpt":{"rendered":"<p>PUERTO MADRYN.- Se reuni\u00f3 con Alfredo Bernardi, Gerente de Relaciones Institucionales de la firma. El\u00a0Intendente confirm\u00f3 la instalaci\u00f3n un de [&hellip;]<\/p>\n","protected":false},"author":2,"featured_media":33465,"comment_status":"open","ping_status":"open","sticky":false,"template":"","format":"standard","meta":{"site-sidebar-layout":"default","site-content-layout":"","ast-site-content-layout":"default","site-content-style":"default","site-sidebar-style":"default","ast-global-header-display":"","ast-banner-title-visibility":"","ast-main-header-display":"","ast-hfb-above-header-display":"","ast-hfb-below-header-display":"","ast-hfb-mobile-header-display":"","site-post-title":"","ast-breadcrumbs-content":"","ast-featured-img":"","footer-sml-layout":"","ast-disable-related-posts":"","theme-transparent-header-meta":"","adv-header-id-meta":"","stick-header-meta":"","header-above-stick-meta":"","header-main-stick-meta":"","header-below-stick-meta":"","astra-migrate-meta-layouts":"default","ast-page-background-enabled":"default","ast-page-background-meta":{"desktop":{"background-color":"var(--ast-global-color-5)","background-image":"","background-repeat":"repeat","background-position":"center center","background-size":"auto","background-attachment":"scroll","background-type":"","background-media":"","overlay-type":"","overlay-color":"","overlay-opacity":"","overlay-gradient":""},"tablet":{"background-color":"","background-image":"","background-repeat":"repeat","background-position":"center center","background-size":"auto","background-attachment":"scroll","background-type":"","background-media":"","overlay-type":"","overlay-color":"","overlay-opacity":"","overlay-gradient":""},"mobile":{"background-color":"","background-image":"","background-repeat":"repeat","background-position":"center center","background-size":"auto","background-attachment":"scroll","background-type":"","background-media":"","overlay-type":"","overlay-color":"","overlay-opacity":"","overlay-gradient":""}},"ast-content-background-meta":{"desktop":{"background-color":"var(--ast-global-color-4)","background-image":"","background-repeat":"repeat","background-position":"center center","background-size":"auto","background-attachment":"scroll","background-type":"","background-media":"","overlay-type":"","overlay-color":"","overlay-opacity":"","overlay-gradient":""},"tablet":{"background-color":"var(--ast-global-color-4)","background-image":"","background-repeat":"repeat","background-position":"center center","background-size":"auto","background-attachment":"scroll","background-type":"","background-media":"","overlay-type":"","overlay-color":"","overlay-opacity":"","overlay-gradient":""},"mobile":{"background-color":"var(--ast-global-color-4)","background-image":"","background-repeat":"repeat","background-position":"center center","background-size":"auto","background-attachment":"scroll","background-type":"","background-media":"","overlay-type":"","overlay-color":"","overlay-opacity":"","overlay-gradient":""}},"footnotes":""},"categories":[16,1],"tags":[],"class_list":["post-33464","post","type-post","status-publish","format-standard","has-post-thumbnail","hentry","category-municipales","category-noticias"],"yoast_head":"<!-- This site is optimized with the Yoast SEO Premium plugin v23.0 (Yoast SEO v27.4) - https:\/\/yoast.com\/product\/yoast-seo-premium-wordpress\/ -->\n<title>Millonaria inversi\u00f3n para Madryn: Sastre con autoridades de GENNEIA<\/title>\n<meta name=\"robots\" content=\"index, follow, max-snippet:-1, max-image-preview:large, max-video-preview:-1\" \/>\n<link rel=\"canonical\" href=\"https:\/\/patagoniambiental.com.ar\/info\/millonaria-inversion-para-madryn-sastre-con-autoridades-de-genneia\/\" \/>\n<meta property=\"og:locale\" content=\"es_ES\" \/>\n<meta property=\"og:type\" content=\"article\" \/>\n<meta property=\"og:title\" content=\"Millonaria inversi\u00f3n para Madryn: Sastre con autoridades de GENNEIA\" \/>\n<meta property=\"og:description\" content=\"PUERTO MADRYN.- Se reuni\u00f3 con Alfredo Bernardi, Gerente de Relaciones Institucionales de la firma. El\u00a0Intendente confirm\u00f3 la instalaci\u00f3n un de [&hellip;]\" \/>\n<meta property=\"og:url\" content=\"https:\/\/patagoniambiental.com.ar\/info\/millonaria-inversion-para-madryn-sastre-con-autoridades-de-genneia\/\" \/>\n<meta property=\"og:site_name\" content=\"Patagonia Ambiental\" \/>\n<meta property=\"article:publisher\" content=\"https:\/\/www.facebook.com\/patagonia.ambiental\" \/>\n<meta property=\"article:author\" content=\"https:\/\/www.facebook.com\/share\/1C1V8Gv9BX\/?mibextid=qi2Omg\" \/>\n<meta property=\"article:published_time\" content=\"2017-08-18T12:00:30+00:00\" \/>\n<meta property=\"og:image\" content=\"https:\/\/patagoniambiental.com.ar\/info\/wp-content\/uploads\/2017\/08\/madryn-eolico.jpg\" \/>\n\t<meta property=\"og:image:width\" content=\"400\" \/>\n\t<meta property=\"og:image:height\" content=\"225\" \/>\n\t<meta property=\"og:image:type\" content=\"image\/jpeg\" \/>\n<meta name=\"author\" content=\"Patagonia Ambiental\" \/>\n<meta name=\"twitter:card\" content=\"summary_large_image\" \/>\n<meta name=\"twitter:creator\" content=\"@PatAmb\" \/>\n<meta name=\"twitter:site\" content=\"@PatAmb\" \/>\n<script type=\"application\/ld+json\" class=\"yoast-schema-graph\">{\"@context\":\"https:\\\/\\\/schema.org\",\"@graph\":[{\"@type\":\"Article\",\"@id\":\"https:\\\/\\\/patagoniambiental.com.ar\\\/info\\\/millonaria-inversion-para-madryn-sastre-con-autoridades-de-genneia\\\/#article\",\"isPartOf\":{\"@id\":\"https:\\\/\\\/patagoniambiental.com.ar\\\/info\\\/millonaria-inversion-para-madryn-sastre-con-autoridades-de-genneia\\\/\"},\"author\":{\"name\":\"Patagonia Ambiental\",\"@id\":\"https:\\\/\\\/patagoniambiental.com.ar\\\/info\\\/#\\\/schema\\\/person\\\/db12bff64bbcbf6a253710bf0ea37b5d\"},\"headline\":\"Millonaria inversi\u00f3n para Madryn: Sastre con autoridades de GENNEIA\",\"datePublished\":\"2017-08-18T12:00:30+00:00\",\"mainEntityOfPage\":{\"@id\":\"https:\\\/\\\/patagoniambiental.com.ar\\\/info\\\/millonaria-inversion-para-madryn-sastre-con-autoridades-de-genneia\\\/\"},\"wordCount\":575,\"commentCount\":0,\"publisher\":{\"@id\":\"https:\\\/\\\/patagoniambiental.com.ar\\\/info\\\/#organization\"},\"image\":{\"@id\":\"https:\\\/\\\/patagoniambiental.com.ar\\\/info\\\/millonaria-inversion-para-madryn-sastre-con-autoridades-de-genneia\\\/#primaryimage\"},\"thumbnailUrl\":\"https:\\\/\\\/patagoniambiental.com.ar\\\/info\\\/wp-content\\\/uploads\\\/2017\\\/08\\\/madryn-eolico.jpg\",\"articleSection\":[\"Municipales\",\"Noticias\"],\"inLanguage\":\"es\",\"potentialAction\":[{\"@type\":\"CommentAction\",\"name\":\"Comment\",\"target\":[\"https:\\\/\\\/patagoniambiental.com.ar\\\/info\\\/millonaria-inversion-para-madryn-sastre-con-autoridades-de-genneia\\\/#respond\"]}]},{\"@type\":\"WebPage\",\"@id\":\"https:\\\/\\\/patagoniambiental.com.ar\\\/info\\\/millonaria-inversion-para-madryn-sastre-con-autoridades-de-genneia\\\/\",\"url\":\"https:\\\/\\\/patagoniambiental.com.ar\\\/info\\\/millonaria-inversion-para-madryn-sastre-con-autoridades-de-genneia\\\/\",\"name\":\"Millonaria inversi\u00f3n para Madryn: Sastre con autoridades de GENNEIA\",\"isPartOf\":{\"@id\":\"https:\\\/\\\/patagoniambiental.com.ar\\\/info\\\/#website\"},\"primaryImageOfPage\":{\"@id\":\"https:\\\/\\\/patagoniambiental.com.ar\\\/info\\\/millonaria-inversion-para-madryn-sastre-con-autoridades-de-genneia\\\/#primaryimage\"},\"image\":{\"@id\":\"https:\\\/\\\/patagoniambiental.com.ar\\\/info\\\/millonaria-inversion-para-madryn-sastre-con-autoridades-de-genneia\\\/#primaryimage\"},\"thumbnailUrl\":\"https:\\\/\\\/patagoniambiental.com.ar\\\/info\\\/wp-content\\\/uploads\\\/2017\\\/08\\\/madryn-eolico.jpg\",\"datePublished\":\"2017-08-18T12:00:30+00:00\",\"breadcrumb\":{\"@id\":\"https:\\\/\\\/patagoniambiental.com.ar\\\/info\\\/millonaria-inversion-para-madryn-sastre-con-autoridades-de-genneia\\\/#breadcrumb\"},\"inLanguage\":\"es\",\"potentialAction\":[{\"@type\":\"ReadAction\",\"target\":[\"https:\\\/\\\/patagoniambiental.com.ar\\\/info\\\/millonaria-inversion-para-madryn-sastre-con-autoridades-de-genneia\\\/\"]}]},{\"@type\":\"ImageObject\",\"inLanguage\":\"es\",\"@id\":\"https:\\\/\\\/patagoniambiental.com.ar\\\/info\\\/millonaria-inversion-para-madryn-sastre-con-autoridades-de-genneia\\\/#primaryimage\",\"url\":\"https:\\\/\\\/patagoniambiental.com.ar\\\/info\\\/wp-content\\\/uploads\\\/2017\\\/08\\\/madryn-eolico.jpg\",\"contentUrl\":\"https:\\\/\\\/patagoniambiental.com.ar\\\/info\\\/wp-content\\\/uploads\\\/2017\\\/08\\\/madryn-eolico.jpg\",\"width\":400,\"height\":225},{\"@type\":\"BreadcrumbList\",\"@id\":\"https:\\\/\\\/patagoniambiental.com.ar\\\/info\\\/millonaria-inversion-para-madryn-sastre-con-autoridades-de-genneia\\\/#breadcrumb\",\"itemListElement\":[{\"@type\":\"ListItem\",\"position\":1,\"name\":\"Inicio\",\"item\":\"https:\\\/\\\/patagoniambiental.com.ar\\\/info\\\/\"},{\"@type\":\"ListItem\",\"position\":2,\"name\":\"Millonaria inversi\u00f3n para Madryn: Sastre con autoridades de GENNEIA\"}]},{\"@type\":\"WebSite\",\"@id\":\"https:\\\/\\\/patagoniambiental.com.ar\\\/info\\\/#website\",\"url\":\"https:\\\/\\\/patagoniambiental.com.ar\\\/info\\\/\",\"name\":\"Patagonia Ambiental\",\"description\":\"Monitoreo y an\u00e1lisis de la situaci\u00f3n geopol\u00edtica en el mundo y su implicancia en la Patagonia\",\"publisher\":{\"@id\":\"https:\\\/\\\/patagoniambiental.com.ar\\\/info\\\/#organization\"},\"potentialAction\":[{\"@type\":\"SearchAction\",\"target\":{\"@type\":\"EntryPoint\",\"urlTemplate\":\"https:\\\/\\\/patagoniambiental.com.ar\\\/info\\\/?s={search_term_string}\"},\"query-input\":{\"@type\":\"PropertyValueSpecification\",\"valueRequired\":true,\"valueName\":\"search_term_string\"}}],\"inLanguage\":\"es\"},{\"@type\":\"Organization\",\"@id\":\"https:\\\/\\\/patagoniambiental.com.ar\\\/info\\\/#organization\",\"name\":\"Patagonia Ambiental\",\"url\":\"https:\\\/\\\/patagoniambiental.com.ar\\\/info\\\/\",\"logo\":{\"@type\":\"ImageObject\",\"inLanguage\":\"es\",\"@id\":\"https:\\\/\\\/patagoniambiental.com.ar\\\/info\\\/#\\\/schema\\\/logo\\\/image\\\/\",\"url\":\"https:\\\/\\\/patagoniambiental.com.ar\\\/info\\\/wp-content\\\/uploads\\\/2025\\\/05\\\/LOGO-PATAGONIA-AMBIENTAL.png\",\"contentUrl\":\"https:\\\/\\\/patagoniambiental.com.ar\\\/info\\\/wp-content\\\/uploads\\\/2025\\\/05\\\/LOGO-PATAGONIA-AMBIENTAL.png\",\"width\":433,\"height\":250,\"caption\":\"Patagonia Ambiental\"},\"image\":{\"@id\":\"https:\\\/\\\/patagoniambiental.com.ar\\\/info\\\/#\\\/schema\\\/logo\\\/image\\\/\"},\"sameAs\":[\"https:\\\/\\\/www.facebook.com\\\/patagonia.ambiental\",\"https:\\\/\\\/x.com\\\/PatAmb\"]},{\"@type\":\"Person\",\"@id\":\"https:\\\/\\\/patagoniambiental.com.ar\\\/info\\\/#\\\/schema\\\/person\\\/db12bff64bbcbf6a253710bf0ea37b5d\",\"name\":\"Patagonia Ambiental\",\"description\":\"Andr\u00e9s Nievas T\u00e9cnico en manejo ambiental, consultor Ambiental y escritor para medios locales e internacionales sobre temas de geopolitica y medio ambiente.\",\"sameAs\":[\"http:\\\/\\\/www.patagoniambiental.com.ar\",\"https:\\\/\\\/www.facebook.com\\\/share\\\/1C1V8Gv9BX\\\/?mibextid=qi2Omg\",\"@patagoniambiental\",\"https:\\\/\\\/youtube.com\\\/@patagoniaambiental2023?si=BLt58t0wuXquxlYZ\"]}]}<\/script>\n<!-- \/ Yoast SEO Premium plugin. -->","yoast_head_json":{"title":"Millonaria inversi\u00f3n para Madryn: Sastre con autoridades de GENNEIA","robots":{"index":"index","follow":"follow","max-snippet":"max-snippet:-1","max-image-preview":"max-image-preview:large","max-video-preview":"max-video-preview:-1"},"canonical":"https:\/\/patagoniambiental.com.ar\/info\/millonaria-inversion-para-madryn-sastre-con-autoridades-de-genneia\/","og_locale":"es_ES","og_type":"article","og_title":"Millonaria inversi\u00f3n para Madryn: Sastre con autoridades de GENNEIA","og_description":"PUERTO MADRYN.- Se reuni\u00f3 con Alfredo Bernardi, Gerente de Relaciones Institucionales de la firma. El\u00a0Intendente confirm\u00f3 la instalaci\u00f3n un de [&hellip;]","og_url":"https:\/\/patagoniambiental.com.ar\/info\/millonaria-inversion-para-madryn-sastre-con-autoridades-de-genneia\/","og_site_name":"Patagonia Ambiental","article_publisher":"https:\/\/www.facebook.com\/patagonia.ambiental","article_author":"https:\/\/www.facebook.com\/share\/1C1V8Gv9BX\/?mibextid=qi2Omg","article_published_time":"2017-08-18T12:00:30+00:00","og_image":[{"width":400,"height":225,"url":"https:\/\/patagoniambiental.com.ar\/info\/wp-content\/uploads\/2017\/08\/madryn-eolico.jpg","type":"image\/jpeg"}],"author":"Patagonia Ambiental","twitter_card":"summary_large_image","twitter_creator":"@PatAmb","twitter_site":"@PatAmb","schema":{"@context":"https:\/\/schema.org","@graph":[{"@type":"Article","@id":"https:\/\/patagoniambiental.com.ar\/info\/millonaria-inversion-para-madryn-sastre-con-autoridades-de-genneia\/#article","isPartOf":{"@id":"https:\/\/patagoniambiental.com.ar\/info\/millonaria-inversion-para-madryn-sastre-con-autoridades-de-genneia\/"},"author":{"name":"Patagonia Ambiental","@id":"https:\/\/patagoniambiental.com.ar\/info\/#\/schema\/person\/db12bff64bbcbf6a253710bf0ea37b5d"},"headline":"Millonaria inversi\u00f3n para Madryn: Sastre con autoridades de GENNEIA","datePublished":"2017-08-18T12:00:30+00:00","mainEntityOfPage":{"@id":"https:\/\/patagoniambiental.com.ar\/info\/millonaria-inversion-para-madryn-sastre-con-autoridades-de-genneia\/"},"wordCount":575,"commentCount":0,"publisher":{"@id":"https:\/\/patagoniambiental.com.ar\/info\/#organization"},"image":{"@id":"https:\/\/patagoniambiental.com.ar\/info\/millonaria-inversion-para-madryn-sastre-con-autoridades-de-genneia\/#primaryimage"},"thumbnailUrl":"https:\/\/patagoniambiental.com.ar\/info\/wp-content\/uploads\/2017\/08\/madryn-eolico.jpg","articleSection":["Municipales","Noticias"],"inLanguage":"es","potentialAction":[{"@type":"CommentAction","name":"Comment","target":["https:\/\/patagoniambiental.com.ar\/info\/millonaria-inversion-para-madryn-sastre-con-autoridades-de-genneia\/#respond"]}]},{"@type":"WebPage","@id":"https:\/\/patagoniambiental.com.ar\/info\/millonaria-inversion-para-madryn-sastre-con-autoridades-de-genneia\/","url":"https:\/\/patagoniambiental.com.ar\/info\/millonaria-inversion-para-madryn-sastre-con-autoridades-de-genneia\/","name":"Millonaria inversi\u00f3n para Madryn: Sastre con autoridades de GENNEIA","isPartOf":{"@id":"https:\/\/patagoniambiental.com.ar\/info\/#website"},"primaryImageOfPage":{"@id":"https:\/\/patagoniambiental.com.ar\/info\/millonaria-inversion-para-madryn-sastre-con-autoridades-de-genneia\/#primaryimage"},"image":{"@id":"https:\/\/patagoniambiental.com.ar\/info\/millonaria-inversion-para-madryn-sastre-con-autoridades-de-genneia\/#primaryimage"},"thumbnailUrl":"https:\/\/patagoniambiental.com.ar\/info\/wp-content\/uploads\/2017\/08\/madryn-eolico.jpg","datePublished":"2017-08-18T12:00:30+00:00","breadcrumb":{"@id":"https:\/\/patagoniambiental.com.ar\/info\/millonaria-inversion-para-madryn-sastre-con-autoridades-de-genneia\/#breadcrumb"},"inLanguage":"es","potentialAction":[{"@type":"ReadAction","target":["https:\/\/patagoniambiental.com.ar\/info\/millonaria-inversion-para-madryn-sastre-con-autoridades-de-genneia\/"]}]},{"@type":"ImageObject","inLanguage":"es","@id":"https:\/\/patagoniambiental.com.ar\/info\/millonaria-inversion-para-madryn-sastre-con-autoridades-de-genneia\/#primaryimage","url":"https:\/\/patagoniambiental.com.ar\/info\/wp-content\/uploads\/2017\/08\/madryn-eolico.jpg","contentUrl":"https:\/\/patagoniambiental.com.ar\/info\/wp-content\/uploads\/2017\/08\/madryn-eolico.jpg","width":400,"height":225},{"@type":"BreadcrumbList","@id":"https:\/\/patagoniambiental.com.ar\/info\/millonaria-inversion-para-madryn-sastre-con-autoridades-de-genneia\/#breadcrumb","itemListElement":[{"@type":"ListItem","position":1,"name":"Inicio","item":"https:\/\/patagoniambiental.com.ar\/info\/"},{"@type":"ListItem","position":2,"name":"Millonaria inversi\u00f3n para Madryn: Sastre con autoridades de GENNEIA"}]},{"@type":"WebSite","@id":"https:\/\/patagoniambiental.com.ar\/info\/#website","url":"https:\/\/patagoniambiental.com.ar\/info\/","name":"Patagonia Ambiental","description":"Monitoreo y an\u00e1lisis de la situaci\u00f3n geopol\u00edtica en el mundo y su implicancia en la Patagonia","publisher":{"@id":"https:\/\/patagoniambiental.com.ar\/info\/#organization"},"potentialAction":[{"@type":"SearchAction","target":{"@type":"EntryPoint","urlTemplate":"https:\/\/patagoniambiental.com.ar\/info\/?s={search_term_string}"},"query-input":{"@type":"PropertyValueSpecification","valueRequired":true,"valueName":"search_term_string"}}],"inLanguage":"es"},{"@type":"Organization","@id":"https:\/\/patagoniambiental.com.ar\/info\/#organization","name":"Patagonia Ambiental","url":"https:\/\/patagoniambiental.com.ar\/info\/","logo":{"@type":"ImageObject","inLanguage":"es","@id":"https:\/\/patagoniambiental.com.ar\/info\/#\/schema\/logo\/image\/","url":"https:\/\/patagoniambiental.com.ar\/info\/wp-content\/uploads\/2025\/05\/LOGO-PATAGONIA-AMBIENTAL.png","contentUrl":"https:\/\/patagoniambiental.com.ar\/info\/wp-content\/uploads\/2025\/05\/LOGO-PATAGONIA-AMBIENTAL.png","width":433,"height":250,"caption":"Patagonia Ambiental"},"image":{"@id":"https:\/\/patagoniambiental.com.ar\/info\/#\/schema\/logo\/image\/"},"sameAs":["https:\/\/www.facebook.com\/patagonia.ambiental","https:\/\/x.com\/PatAmb"]},{"@type":"Person","@id":"https:\/\/patagoniambiental.com.ar\/info\/#\/schema\/person\/db12bff64bbcbf6a253710bf0ea37b5d","name":"Patagonia Ambiental","description":"Andr\u00e9s Nievas T\u00e9cnico en manejo ambiental, consultor Ambiental y escritor para medios locales e internacionales sobre temas de geopolitica y medio ambiente.","sameAs":["http:\/\/www.patagoniambiental.com.ar","https:\/\/www.facebook.com\/share\/1C1V8Gv9BX\/?mibextid=qi2Omg","@patagoniambiental","https:\/\/youtube.com\/@patagoniaambiental2023?si=BLt58t0wuXquxlYZ"]}]}},"_links":{"self":[{"href":"https:\/\/patagoniambiental.com.ar\/info\/wp-json\/wp\/v2\/posts\/33464","targetHints":{"allow":["GET"]}}],"collection":[{"href":"https:\/\/patagoniambiental.com.ar\/info\/wp-json\/wp\/v2\/posts"}],"about":[{"href":"https:\/\/patagoniambiental.com.ar\/info\/wp-json\/wp\/v2\/types\/post"}],"author":[{"embeddable":true,"href":"https:\/\/patagoniambiental.com.ar\/info\/wp-json\/wp\/v2\/users\/2"}],"replies":[{"embeddable":true,"href":"https:\/\/patagoniambiental.com.ar\/info\/wp-json\/wp\/v2\/comments?post=33464"}],"version-history":[{"count":0,"href":"https:\/\/patagoniambiental.com.ar\/info\/wp-json\/wp\/v2\/posts\/33464\/revisions"}],"wp:featuredmedia":[{"embeddable":true,"href":"https:\/\/patagoniambiental.com.ar\/info\/wp-json\/wp\/v2\/media\/33465"}],"wp:attachment":[{"href":"https:\/\/patagoniambiental.com.ar\/info\/wp-json\/wp\/v2\/media?parent=33464"}],"wp:term":[{"taxonomy":"category","embeddable":true,"href":"https:\/\/patagoniambiental.com.ar\/info\/wp-json\/wp\/v2\/categories?post=33464"},{"taxonomy":"post_tag","embeddable":true,"href":"https:\/\/patagoniambiental.com.ar\/info\/wp-json\/wp\/v2\/tags?post=33464"}],"curies":[{"name":"wp","href":"https:\/\/api.w.org\/{rel}","templated":true}]}}