{"id":33512,"date":"2017-08-18T19:00:41","date_gmt":"2017-08-18T22:00:41","guid":{"rendered":"http:\/\/patagoniambiental.com.ar\/info\/?p=33512"},"modified":"2017-08-18T17:32:32","modified_gmt":"2017-08-18T20:32:32","slug":"ganaderos-rionegrinos-piden-frenar-la-violencia-ram","status":"publish","type":"post","link":"https:\/\/patagoniambiental.com.ar\/info\/ganaderos-rionegrinos-piden-frenar-la-violencia-ram\/","title":{"rendered":"Ganaderos rionegrinos piden frenar la violencia RAM"},"content":{"rendered":"<div class=\"entry-meta postmeta clearfix\"><\/div>\n<p>Choele Choel.-.- Reunidos en Choele Choel, los miembros de la Federaci\u00f3n de Sociedades Rurales de R\u00edo Negro solicit\u00f3 a las autoridades, sobre todo a las nacionales, \u201cfrenar la escalada de violencia\u201d que se registra en la zona de cordillera, donde se hacen m\u00e1s frecuentes los ataques (sobre todo incendiario), del grupo Resistencia Ancestral Mapuche (RAM).<!--more--><\/p>\n<p><img fetchpriority=\"high\" decoding=\"async\" class=\"attachment-post-thumbnail size-post-thumbnail wp-post-image\" src=\"https:\/\/www.adnrionegro.com.ar\/wp-content\/uploads\/2017\/08\/FEDERACION.jpg\" sizes=\"(max-width: 2992px) 100vw, 2992px\" srcset=\"https:\/\/i2.wp.com\/www.adnrionegro.com.ar\/wp-content\/uploads\/2017\/08\/FEDERACION.jpg?w=2992&amp;ssl=1 2992w, https:\/\/i2.wp.com\/www.adnrionegro.com.ar\/wp-content\/uploads\/2017\/08\/FEDERACION.jpg?resize=300%2C201&amp;ssl=1 300w, https:\/\/i2.wp.com\/www.adnrionegro.com.ar\/wp-content\/uploads\/2017\/08\/FEDERACION.jpg?resize=768%2C513&amp;ssl=1 768w, https:\/\/i2.wp.com\/www.adnrionegro.com.ar\/wp-content\/uploads\/2017\/08\/FEDERACION.jpg?resize=1024%2C684&amp;ssl=1 1024w, https:\/\/i2.wp.com\/www.adnrionegro.com.ar\/wp-content\/uploads\/2017\/08\/FEDERACION.jpg?w=1720&amp;ssl=1 1720w, https:\/\/i2.wp.com\/www.adnrionegro.com.ar\/wp-content\/uploads\/2017\/08\/FEDERACION.jpg?w=2580&amp;ssl=1 2580w\" alt=\"\" width=\"2992\" height=\"2000\" data-attachment-id=\"183195\" data-permalink=\"https:\/\/www.adnrionegro.com.ar\/2017\/08\/ganaderos-rionegrinos-piden-frenar-la-violencia-ram\/federacion\/\" data-orig-file=\"https:\/\/i2.wp.com\/www.adnrionegro.com.ar\/wp-content\/uploads\/2017\/08\/FEDERACION.jpg?fit=2992%2C2000&amp;ssl=1\" data-orig-size=\"2992,2000\" data-comments-opened=\"0\" data-image-meta=\"{&quot;aperture&quot;:&quot;5.6&quot;,&quot;credit&quot;:&quot;&quot;,&quot;camera&quot;:&quot;NIKON D5600&quot;,&quot;caption&quot;:&quot;&quot;,&quot;created_timestamp&quot;:&quot;1502813421&quot;,&quot;copyright&quot;:&quot;&quot;,&quot;focal_length&quot;:&quot;18&quot;,&quot;iso&quot;:&quot;400&quot;,&quot;shutter_speed&quot;:&quot;0.01&quot;,&quot;title&quot;:&quot;&quot;,&quot;orientation&quot;:&quot;1&quot;}\" data-image-title=\"FEDERACION\" data-image-description=\"\" data-medium-file=\"https:\/\/i2.wp.com\/www.adnrionegro.com.ar\/wp-content\/uploads\/2017\/08\/FEDERACION.jpg?fit=300%2C201&amp;ssl=1\" data-large-file=\"https:\/\/i2.wp.com\/www.adnrionegro.com.ar\/wp-content\/uploads\/2017\/08\/FEDERACION.jpg?fit=860%2C574&amp;ssl=1\" \/><\/p>\n<div class=\"entry clearfix\">\n<p>&nbsp;<\/p>\n<p>Consideran que \u201cson grupos terroristas\u201d y que la dirigencia del campo \u201cdesde hace mucho tiempo tenemos informaci\u00f3n de lo que viene sucediendo en Bariloche y la zona\u201d, se\u00f1al\u00f3 a la prensa Marcelo Casagrande, presidente de la Federaci\u00f3n.<\/p>\n<p>Acudieron a la sede de la Sociedad Rural de Choele Choel representantes de distintos puntos de la provincia, quienes analizaron el buen presente de la actividad ganadera y repasaron la agenda de exposiciones que se realizar\u00e1n en la segunda parte del a\u00f1o en la provincia.<\/p>\n<p>\u201cLa Federaci\u00f3n rechaza todo tipo de violencia, en cualquier forma\u201d, sostuvo Casagrande, quien aclar\u00f3 que \u201cel reclamo puede ser justo o no (debe haber casos ciertos y otros que no), pero si analizamos las acciones del grupo RAM, rechazamos de plano ese tipo de acciones\u201d.<\/p>\n<p>Adem\u00e1s, rechazaron \u201cel pedido o argumento que quieren hacer otra Naci\u00f3n, dentro de Argentina y dentro de Chile, y eso obviamente que tambi\u00e9n se rechaza\u201d.<\/p>\n<p>La RAM, que lidera Facundo Jones Huala ha realizado varios ataques incendiarios, que van desde el hist\u00f3rico refugio Jakob de monta\u00f1a en Bariloche, hasta caba\u00f1as del sindicato del petr\u00f3leo en EL Hoyo, una estaci\u00f3n de la Trochita en El Mait\u00e9n, un cami\u00f3n de General Roca que iba a una estancia de Benetton, y maquinas varias.<\/p>\n<p>\u201cNi argentinos ni chilenos, somos Naci\u00f3n Mapuche. Todo el Territorio Libre y Recuperado para todo Nuestro Pueblo\u201d, reclam\u00f3 la organizaci\u00f3n Resistencia Ancestral Mapuche (RAM), luego de adjudicarse la destrucci\u00f3n mediante un incendio intencional en el refugio Neumeyer en 2014.<\/p>\n<p>Jones Huala fue detenido por pedido de la Justicia de Chile, que ejecutaron fuerzas de seguridad de Argentina, luego de no comparecer en un juicio por la quema de establecimientos, atentados y uso frecuente de la violencia.<br \/>\nAhora, los dirigentes ruralistas de R\u00edo Negro temen que se agrave la situaci\u00f3n en caso de que alg\u00fan poblador o puestero, al ver extra\u00f1os merodeando su casa, abra fuego contra los manifestantes.<\/p>\n<p>\u201cHay que tener en cuenta que las mismas organizaciones mapuches rechazan al grupo RAM\u201d, dijo Casagrande, quien asegur\u00f3 que \u201ctenemos informaci\u00f3n desde hace mucho tiempo de la zona de Bariloche sobre el accionar de este grupo, que en realidad son terroristas\u201d.<\/p>\n<p>En este marco, el presidente de la Federaci\u00f3n manifest\u00f3: \u201cEsperamos que el gobierno nacional act\u00fae, intervenga, junto con el gobierno de Chile, donde los padecen antes que nosotros. Es necesario que empiecen a dar soluciones al tema, sobre todo para frenar la escalada de violencia, porque no podemos permitir la usurpaci\u00f3n de terrenos privados\u201d.<\/p>\n<p>Fuente: ADN<\/p>\n<\/div>\n","protected":false},"excerpt":{"rendered":"<p>Choele Choel.-.- Reunidos en Choele Choel, los miembros de la Federaci\u00f3n de Sociedades Rurales de R\u00edo Negro solicit\u00f3 a las [&hellip;]<\/p>\n","protected":false},"author":2,"featured_media":33513,"comment_status":"open","ping_status":"open","sticky":false,"template":"","format":"standard","meta":{"site-sidebar-layout":"default","site-content-layout":"","ast-site-content-layout":"default","site-content-style":"default","site-sidebar-style":"default","ast-global-header-display":"","ast-banner-title-visibility":"","ast-main-header-display":"","ast-hfb-above-header-display":"","ast-hfb-below-header-display":"","ast-hfb-mobile-header-display":"","site-post-title":"","ast-breadcrumbs-content":"","ast-featured-img":"","footer-sml-layout":"","ast-disable-related-posts":"","theme-transparent-header-meta":"","adv-header-id-meta":"","stick-header-meta":"","header-above-stick-meta":"","header-main-stick-meta":"","header-below-stick-meta":"","astra-migrate-meta-layouts":"default","ast-page-background-enabled":"default","ast-page-background-meta":{"desktop":{"background-color":"var(--ast-global-color-5)","background-image":"","background-repeat":"repeat","background-position":"center center","background-size":"auto","background-attachment":"scroll","background-type":"","background-media":"","overlay-type":"","overlay-color":"","overlay-opacity":"","overlay-gradient":""},"tablet":{"background-color":"","background-image":"","background-repeat":"repeat","background-position":"center center","background-size":"auto","background-attachment":"scroll","background-type":"","background-media":"","overlay-type":"","overlay-color":"","overlay-opacity":"","overlay-gradient":""},"mobile":{"background-color":"","background-image":"","background-repeat":"repeat","background-position":"center center","background-size":"auto","background-attachment":"scroll","background-type":"","background-media":"","overlay-type":"","overlay-color":"","overlay-opacity":"","overlay-gradient":""}},"ast-content-background-meta":{"desktop":{"background-color":"var(--ast-global-color-4)","background-image":"","background-repeat":"repeat","background-position":"center center","background-size":"auto","background-attachment":"scroll","background-type":"","background-media":"","overlay-type":"","overlay-color":"","overlay-opacity":"","overlay-gradient":""},"tablet":{"background-color":"var(--ast-global-color-4)","background-image":"","background-repeat":"repeat","background-position":"center center","background-size":"auto","background-attachment":"scroll","background-type":"","background-media":"","overlay-type":"","overlay-color":"","overlay-opacity":"","overlay-gradient":""},"mobile":{"background-color":"var(--ast-global-color-4)","background-image":"","background-repeat":"repeat","background-position":"center center","background-size":"auto","background-attachment":"scroll","background-type":"","background-media":"","overlay-type":"","overlay-color":"","overlay-opacity":"","overlay-gradient":""}},"footnotes":""},"categories":[19,1],"tags":[],"class_list":["post-33512","post","type-post","status-publish","format-standard","has-post-thumbnail","hentry","category-nacionales","category-noticias"],"yoast_head":"<!-- This site is optimized with the Yoast SEO Premium plugin v23.0 (Yoast SEO v27.5) - https:\/\/yoast.com\/product\/yoast-seo-premium-wordpress\/ -->\n<title>Ganaderos rionegrinos piden frenar la violencia RAM<\/title>\n<meta name=\"robots\" content=\"index, follow, max-snippet:-1, max-image-preview:large, max-video-preview:-1\" \/>\n<link rel=\"canonical\" href=\"https:\/\/patagoniambiental.com.ar\/info\/ganaderos-rionegrinos-piden-frenar-la-violencia-ram\/\" \/>\n<meta property=\"og:locale\" content=\"es_ES\" \/>\n<meta property=\"og:type\" content=\"article\" \/>\n<meta property=\"og:title\" content=\"Ganaderos rionegrinos piden frenar la violencia RAM\" \/>\n<meta property=\"og:description\" content=\"Choele Choel.-.- Reunidos en Choele Choel, los miembros de la Federaci\u00f3n de Sociedades Rurales de R\u00edo Negro solicit\u00f3 a las [&hellip;]\" \/>\n<meta property=\"og:url\" content=\"https:\/\/patagoniambiental.com.ar\/info\/ganaderos-rionegrinos-piden-frenar-la-violencia-ram\/\" \/>\n<meta property=\"og:site_name\" content=\"Patagonia Ambiental\" \/>\n<meta property=\"article:publisher\" content=\"https:\/\/www.facebook.com\/patagonia.ambiental\" \/>\n<meta property=\"article:author\" content=\"https:\/\/www.facebook.com\/share\/1C1V8Gv9BX\/?mibextid=qi2Omg\" \/>\n<meta property=\"article:published_time\" content=\"2017-08-18T22:00:41+00:00\" \/>\n<meta property=\"og:image\" content=\"https:\/\/patagoniambiental.com.ar\/info\/wp-content\/uploads\/2017\/08\/FEDERACION.jpg\" \/>\n\t<meta property=\"og:image:width\" content=\"1024\" \/>\n\t<meta property=\"og:image:height\" content=\"684\" \/>\n\t<meta property=\"og:image:type\" content=\"image\/jpeg\" \/>\n<meta name=\"author\" content=\"Patagonia Ambiental\" \/>\n<meta name=\"twitter:card\" content=\"summary_large_image\" \/>\n<meta name=\"twitter:creator\" content=\"@PatAmb\" \/>\n<meta name=\"twitter:site\" content=\"@PatAmb\" \/>\n<script type=\"application\/ld+json\" class=\"yoast-schema-graph\">{\"@context\":\"https:\\\/\\\/schema.org\",\"@graph\":[{\"@type\":\"Article\",\"@id\":\"https:\\\/\\\/patagoniambiental.com.ar\\\/info\\\/ganaderos-rionegrinos-piden-frenar-la-violencia-ram\\\/#article\",\"isPartOf\":{\"@id\":\"https:\\\/\\\/patagoniambiental.com.ar\\\/info\\\/ganaderos-rionegrinos-piden-frenar-la-violencia-ram\\\/\"},\"author\":{\"name\":\"Patagonia Ambiental\",\"@id\":\"https:\\\/\\\/patagoniambiental.com.ar\\\/info\\\/#\\\/schema\\\/person\\\/db12bff64bbcbf6a253710bf0ea37b5d\"},\"headline\":\"Ganaderos rionegrinos piden frenar la violencia RAM\",\"datePublished\":\"2017-08-18T22:00:41+00:00\",\"mainEntityOfPage\":{\"@id\":\"https:\\\/\\\/patagoniambiental.com.ar\\\/info\\\/ganaderos-rionegrinos-piden-frenar-la-violencia-ram\\\/\"},\"wordCount\":506,\"commentCount\":0,\"publisher\":{\"@id\":\"https:\\\/\\\/patagoniambiental.com.ar\\\/info\\\/#organization\"},\"image\":{\"@id\":\"https:\\\/\\\/patagoniambiental.com.ar\\\/info\\\/ganaderos-rionegrinos-piden-frenar-la-violencia-ram\\\/#primaryimage\"},\"thumbnailUrl\":\"https:\\\/\\\/patagoniambiental.com.ar\\\/info\\\/wp-content\\\/uploads\\\/2017\\\/08\\\/FEDERACION.jpg\",\"articleSection\":[\"Nacionales\",\"Noticias\"],\"inLanguage\":\"es\",\"potentialAction\":[{\"@type\":\"CommentAction\",\"name\":\"Comment\",\"target\":[\"https:\\\/\\\/patagoniambiental.com.ar\\\/info\\\/ganaderos-rionegrinos-piden-frenar-la-violencia-ram\\\/#respond\"]}]},{\"@type\":\"WebPage\",\"@id\":\"https:\\\/\\\/patagoniambiental.com.ar\\\/info\\\/ganaderos-rionegrinos-piden-frenar-la-violencia-ram\\\/\",\"url\":\"https:\\\/\\\/patagoniambiental.com.ar\\\/info\\\/ganaderos-rionegrinos-piden-frenar-la-violencia-ram\\\/\",\"name\":\"Ganaderos rionegrinos piden frenar la violencia RAM\",\"isPartOf\":{\"@id\":\"https:\\\/\\\/patagoniambiental.com.ar\\\/info\\\/#website\"},\"primaryImageOfPage\":{\"@id\":\"https:\\\/\\\/patagoniambiental.com.ar\\\/info\\\/ganaderos-rionegrinos-piden-frenar-la-violencia-ram\\\/#primaryimage\"},\"image\":{\"@id\":\"https:\\\/\\\/patagoniambiental.com.ar\\\/info\\\/ganaderos-rionegrinos-piden-frenar-la-violencia-ram\\\/#primaryimage\"},\"thumbnailUrl\":\"https:\\\/\\\/patagoniambiental.com.ar\\\/info\\\/wp-content\\\/uploads\\\/2017\\\/08\\\/FEDERACION.jpg\",\"datePublished\":\"2017-08-18T22:00:41+00:00\",\"breadcrumb\":{\"@id\":\"https:\\\/\\\/patagoniambiental.com.ar\\\/info\\\/ganaderos-rionegrinos-piden-frenar-la-violencia-ram\\\/#breadcrumb\"},\"inLanguage\":\"es\",\"potentialAction\":[{\"@type\":\"ReadAction\",\"target\":[\"https:\\\/\\\/patagoniambiental.com.ar\\\/info\\\/ganaderos-rionegrinos-piden-frenar-la-violencia-ram\\\/\"]}]},{\"@type\":\"ImageObject\",\"inLanguage\":\"es\",\"@id\":\"https:\\\/\\\/patagoniambiental.com.ar\\\/info\\\/ganaderos-rionegrinos-piden-frenar-la-violencia-ram\\\/#primaryimage\",\"url\":\"https:\\\/\\\/patagoniambiental.com.ar\\\/info\\\/wp-content\\\/uploads\\\/2017\\\/08\\\/FEDERACION.jpg\",\"contentUrl\":\"https:\\\/\\\/patagoniambiental.com.ar\\\/info\\\/wp-content\\\/uploads\\\/2017\\\/08\\\/FEDERACION.jpg\",\"width\":898,\"height\":600},{\"@type\":\"BreadcrumbList\",\"@id\":\"https:\\\/\\\/patagoniambiental.com.ar\\\/info\\\/ganaderos-rionegrinos-piden-frenar-la-violencia-ram\\\/#breadcrumb\",\"itemListElement\":[{\"@type\":\"ListItem\",\"position\":1,\"name\":\"Inicio\",\"item\":\"https:\\\/\\\/patagoniambiental.com.ar\\\/info\\\/\"},{\"@type\":\"ListItem\",\"position\":2,\"name\":\"Ganaderos rionegrinos piden frenar la violencia RAM\"}]},{\"@type\":\"WebSite\",\"@id\":\"https:\\\/\\\/patagoniambiental.com.ar\\\/info\\\/#website\",\"url\":\"https:\\\/\\\/patagoniambiental.com.ar\\\/info\\\/\",\"name\":\"Patagonia Ambiental\",\"description\":\"Monitoreo y an\u00e1lisis de la situaci\u00f3n geopol\u00edtica en el mundo y su implicancia en la Patagonia\",\"publisher\":{\"@id\":\"https:\\\/\\\/patagoniambiental.com.ar\\\/info\\\/#organization\"},\"potentialAction\":[{\"@type\":\"SearchAction\",\"target\":{\"@type\":\"EntryPoint\",\"urlTemplate\":\"https:\\\/\\\/patagoniambiental.com.ar\\\/info\\\/?s={search_term_string}\"},\"query-input\":{\"@type\":\"PropertyValueSpecification\",\"valueRequired\":true,\"valueName\":\"search_term_string\"}}],\"inLanguage\":\"es\"},{\"@type\":\"Organization\",\"@id\":\"https:\\\/\\\/patagoniambiental.com.ar\\\/info\\\/#organization\",\"name\":\"Patagonia Ambiental\",\"url\":\"https:\\\/\\\/patagoniambiental.com.ar\\\/info\\\/\",\"logo\":{\"@type\":\"ImageObject\",\"inLanguage\":\"es\",\"@id\":\"https:\\\/\\\/patagoniambiental.com.ar\\\/info\\\/#\\\/schema\\\/logo\\\/image\\\/\",\"url\":\"https:\\\/\\\/patagoniambiental.com.ar\\\/info\\\/wp-content\\\/uploads\\\/2025\\\/05\\\/LOGO-PATAGONIA-AMBIENTAL.png\",\"contentUrl\":\"https:\\\/\\\/patagoniambiental.com.ar\\\/info\\\/wp-content\\\/uploads\\\/2025\\\/05\\\/LOGO-PATAGONIA-AMBIENTAL.png\",\"width\":433,\"height\":250,\"caption\":\"Patagonia Ambiental\"},\"image\":{\"@id\":\"https:\\\/\\\/patagoniambiental.com.ar\\\/info\\\/#\\\/schema\\\/logo\\\/image\\\/\"},\"sameAs\":[\"https:\\\/\\\/www.facebook.com\\\/patagonia.ambiental\",\"https:\\\/\\\/x.com\\\/PatAmb\"]},{\"@type\":\"Person\",\"@id\":\"https:\\\/\\\/patagoniambiental.com.ar\\\/info\\\/#\\\/schema\\\/person\\\/db12bff64bbcbf6a253710bf0ea37b5d\",\"name\":\"Patagonia Ambiental\",\"description\":\"Andr\u00e9s Nievas T\u00e9cnico en manejo ambiental, consultor Ambiental y escritor para medios locales e internacionales sobre temas de geopolitica y medio ambiente.\",\"sameAs\":[\"http:\\\/\\\/www.patagoniambiental.com.ar\",\"https:\\\/\\\/www.facebook.com\\\/share\\\/1C1V8Gv9BX\\\/?mibextid=qi2Omg\",\"@patagoniambiental\",\"https:\\\/\\\/youtube.com\\\/@patagoniaambiental2023?si=BLt58t0wuXquxlYZ\"]}]}<\/script>\n<!-- \/ Yoast SEO Premium plugin. -->","yoast_head_json":{"title":"Ganaderos rionegrinos piden frenar la violencia RAM","robots":{"index":"index","follow":"follow","max-snippet":"max-snippet:-1","max-image-preview":"max-image-preview:large","max-video-preview":"max-video-preview:-1"},"canonical":"https:\/\/patagoniambiental.com.ar\/info\/ganaderos-rionegrinos-piden-frenar-la-violencia-ram\/","og_locale":"es_ES","og_type":"article","og_title":"Ganaderos rionegrinos piden frenar la violencia RAM","og_description":"Choele Choel.-.- Reunidos en Choele Choel, los miembros de la Federaci\u00f3n de Sociedades Rurales de R\u00edo Negro solicit\u00f3 a las [&hellip;]","og_url":"https:\/\/patagoniambiental.com.ar\/info\/ganaderos-rionegrinos-piden-frenar-la-violencia-ram\/","og_site_name":"Patagonia Ambiental","article_publisher":"https:\/\/www.facebook.com\/patagonia.ambiental","article_author":"https:\/\/www.facebook.com\/share\/1C1V8Gv9BX\/?mibextid=qi2Omg","article_published_time":"2017-08-18T22:00:41+00:00","og_image":[{"width":1024,"height":684,"url":"https:\/\/patagoniambiental.com.ar\/info\/wp-content\/uploads\/2017\/08\/FEDERACION.jpg","type":"image\/jpeg"}],"author":"Patagonia Ambiental","twitter_card":"summary_large_image","twitter_creator":"@PatAmb","twitter_site":"@PatAmb","schema":{"@context":"https:\/\/schema.org","@graph":[{"@type":"Article","@id":"https:\/\/patagoniambiental.com.ar\/info\/ganaderos-rionegrinos-piden-frenar-la-violencia-ram\/#article","isPartOf":{"@id":"https:\/\/patagoniambiental.com.ar\/info\/ganaderos-rionegrinos-piden-frenar-la-violencia-ram\/"},"author":{"name":"Patagonia Ambiental","@id":"https:\/\/patagoniambiental.com.ar\/info\/#\/schema\/person\/db12bff64bbcbf6a253710bf0ea37b5d"},"headline":"Ganaderos rionegrinos piden frenar la violencia RAM","datePublished":"2017-08-18T22:00:41+00:00","mainEntityOfPage":{"@id":"https:\/\/patagoniambiental.com.ar\/info\/ganaderos-rionegrinos-piden-frenar-la-violencia-ram\/"},"wordCount":506,"commentCount":0,"publisher":{"@id":"https:\/\/patagoniambiental.com.ar\/info\/#organization"},"image":{"@id":"https:\/\/patagoniambiental.com.ar\/info\/ganaderos-rionegrinos-piden-frenar-la-violencia-ram\/#primaryimage"},"thumbnailUrl":"https:\/\/patagoniambiental.com.ar\/info\/wp-content\/uploads\/2017\/08\/FEDERACION.jpg","articleSection":["Nacionales","Noticias"],"inLanguage":"es","potentialAction":[{"@type":"CommentAction","name":"Comment","target":["https:\/\/patagoniambiental.com.ar\/info\/ganaderos-rionegrinos-piden-frenar-la-violencia-ram\/#respond"]}]},{"@type":"WebPage","@id":"https:\/\/patagoniambiental.com.ar\/info\/ganaderos-rionegrinos-piden-frenar-la-violencia-ram\/","url":"https:\/\/patagoniambiental.com.ar\/info\/ganaderos-rionegrinos-piden-frenar-la-violencia-ram\/","name":"Ganaderos rionegrinos piden frenar la violencia RAM","isPartOf":{"@id":"https:\/\/patagoniambiental.com.ar\/info\/#website"},"primaryImageOfPage":{"@id":"https:\/\/patagoniambiental.com.ar\/info\/ganaderos-rionegrinos-piden-frenar-la-violencia-ram\/#primaryimage"},"image":{"@id":"https:\/\/patagoniambiental.com.ar\/info\/ganaderos-rionegrinos-piden-frenar-la-violencia-ram\/#primaryimage"},"thumbnailUrl":"https:\/\/patagoniambiental.com.ar\/info\/wp-content\/uploads\/2017\/08\/FEDERACION.jpg","datePublished":"2017-08-18T22:00:41+00:00","breadcrumb":{"@id":"https:\/\/patagoniambiental.com.ar\/info\/ganaderos-rionegrinos-piden-frenar-la-violencia-ram\/#breadcrumb"},"inLanguage":"es","potentialAction":[{"@type":"ReadAction","target":["https:\/\/patagoniambiental.com.ar\/info\/ganaderos-rionegrinos-piden-frenar-la-violencia-ram\/"]}]},{"@type":"ImageObject","inLanguage":"es","@id":"https:\/\/patagoniambiental.com.ar\/info\/ganaderos-rionegrinos-piden-frenar-la-violencia-ram\/#primaryimage","url":"https:\/\/patagoniambiental.com.ar\/info\/wp-content\/uploads\/2017\/08\/FEDERACION.jpg","contentUrl":"https:\/\/patagoniambiental.com.ar\/info\/wp-content\/uploads\/2017\/08\/FEDERACION.jpg","width":898,"height":600},{"@type":"BreadcrumbList","@id":"https:\/\/patagoniambiental.com.ar\/info\/ganaderos-rionegrinos-piden-frenar-la-violencia-ram\/#breadcrumb","itemListElement":[{"@type":"ListItem","position":1,"name":"Inicio","item":"https:\/\/patagoniambiental.com.ar\/info\/"},{"@type":"ListItem","position":2,"name":"Ganaderos rionegrinos piden frenar la violencia RAM"}]},{"@type":"WebSite","@id":"https:\/\/patagoniambiental.com.ar\/info\/#website","url":"https:\/\/patagoniambiental.com.ar\/info\/","name":"Patagonia Ambiental","description":"Monitoreo y an\u00e1lisis de la situaci\u00f3n geopol\u00edtica en el mundo y su implicancia en la Patagonia","publisher":{"@id":"https:\/\/patagoniambiental.com.ar\/info\/#organization"},"potentialAction":[{"@type":"SearchAction","target":{"@type":"EntryPoint","urlTemplate":"https:\/\/patagoniambiental.com.ar\/info\/?s={search_term_string}"},"query-input":{"@type":"PropertyValueSpecification","valueRequired":true,"valueName":"search_term_string"}}],"inLanguage":"es"},{"@type":"Organization","@id":"https:\/\/patagoniambiental.com.ar\/info\/#organization","name":"Patagonia Ambiental","url":"https:\/\/patagoniambiental.com.ar\/info\/","logo":{"@type":"ImageObject","inLanguage":"es","@id":"https:\/\/patagoniambiental.com.ar\/info\/#\/schema\/logo\/image\/","url":"https:\/\/patagoniambiental.com.ar\/info\/wp-content\/uploads\/2025\/05\/LOGO-PATAGONIA-AMBIENTAL.png","contentUrl":"https:\/\/patagoniambiental.com.ar\/info\/wp-content\/uploads\/2025\/05\/LOGO-PATAGONIA-AMBIENTAL.png","width":433,"height":250,"caption":"Patagonia Ambiental"},"image":{"@id":"https:\/\/patagoniambiental.com.ar\/info\/#\/schema\/logo\/image\/"},"sameAs":["https:\/\/www.facebook.com\/patagonia.ambiental","https:\/\/x.com\/PatAmb"]},{"@type":"Person","@id":"https:\/\/patagoniambiental.com.ar\/info\/#\/schema\/person\/db12bff64bbcbf6a253710bf0ea37b5d","name":"Patagonia Ambiental","description":"Andr\u00e9s Nievas T\u00e9cnico en manejo ambiental, consultor Ambiental y escritor para medios locales e internacionales sobre temas de geopolitica y medio ambiente.","sameAs":["http:\/\/www.patagoniambiental.com.ar","https:\/\/www.facebook.com\/share\/1C1V8Gv9BX\/?mibextid=qi2Omg","@patagoniambiental","https:\/\/youtube.com\/@patagoniaambiental2023?si=BLt58t0wuXquxlYZ"]}]}},"_links":{"self":[{"href":"https:\/\/patagoniambiental.com.ar\/info\/wp-json\/wp\/v2\/posts\/33512","targetHints":{"allow":["GET"]}}],"collection":[{"href":"https:\/\/patagoniambiental.com.ar\/info\/wp-json\/wp\/v2\/posts"}],"about":[{"href":"https:\/\/patagoniambiental.com.ar\/info\/wp-json\/wp\/v2\/types\/post"}],"author":[{"embeddable":true,"href":"https:\/\/patagoniambiental.com.ar\/info\/wp-json\/wp\/v2\/users\/2"}],"replies":[{"embeddable":true,"href":"https:\/\/patagoniambiental.com.ar\/info\/wp-json\/wp\/v2\/comments?post=33512"}],"version-history":[{"count":0,"href":"https:\/\/patagoniambiental.com.ar\/info\/wp-json\/wp\/v2\/posts\/33512\/revisions"}],"wp:featuredmedia":[{"embeddable":true,"href":"https:\/\/patagoniambiental.com.ar\/info\/wp-json\/wp\/v2\/media\/33513"}],"wp:attachment":[{"href":"https:\/\/patagoniambiental.com.ar\/info\/wp-json\/wp\/v2\/media?parent=33512"}],"wp:term":[{"taxonomy":"category","embeddable":true,"href":"https:\/\/patagoniambiental.com.ar\/info\/wp-json\/wp\/v2\/categories?post=33512"},{"taxonomy":"post_tag","embeddable":true,"href":"https:\/\/patagoniambiental.com.ar\/info\/wp-json\/wp\/v2\/tags?post=33512"}],"curies":[{"name":"wp","href":"https:\/\/api.w.org\/{rel}","templated":true}]}}