{"id":33546,"date":"2017-08-20T09:00:39","date_gmt":"2017-08-20T12:00:39","guid":{"rendered":"http:\/\/patagoniambiental.com.ar\/info\/?p=33546"},"modified":"2017-08-19T19:06:52","modified_gmt":"2017-08-19T22:06:52","slug":"instituto-tecnico-sale-en-defensa-del-fracking","status":"publish","type":"post","link":"https:\/\/patagoniambiental.com.ar\/info\/instituto-tecnico-sale-en-defensa-del-fracking\/","title":{"rendered":"Instituto t\u00e9cnico sale en defensa del fracking"},"content":{"rendered":"<p class=\"description mainfont entry-summary\">Instituto Argentino del Petr\u00f3leo y el Gas (IAPG) sali\u00f3 a brindar detalles t\u00e9cnicos de la t\u00e9cnica tras la pol\u00e9mica desatada por la actividad en un pozo de Malarg\u00fce.<\/p>\n<div id=\"vsmcontent\" class=\"body vsmcontent mainfont entry-content\">\n<p>En medio de la pol\u00e9mica por la autorizaci\u00f3n del Gobierno provincial a una prueba piloto de fracking en un \u00e1rea petrolera de Malarg\u00fce, un instituto t\u00e9cnico sali\u00f3 en apoyo de esta pr\u00e1ctica, que permitir\u00eda ampliar el horizonte de la actividad en Mendoza.<\/p>\n<p>Luego de que lo hicieran c\u00e1maras empresarias como el Consejo Empresario Mendocino y la Federaci\u00f3n Econ\u00f3mica de Mendoza, entre otros, el Instituto Argentino del Petr\u00f3leo y el Gas (IAPG) delegaci\u00f3n Cuyo sum\u00f3 su voz a favor de la actividad.<\/p>\n<p>Mientras se acumulan las cautelares en la Justicia para frenar las pruebas de fracking en la provincia, la c\u00e1mara empresaria insisti\u00f3 en que es una t\u00e9cnica utilizada en diversas provincias del pa\u00eds desde hace d\u00e9cadas y que es completamente segura tanto para el medio ambiente como para los acu\u00edferos.<\/p>\n<p>\u00abEl desarrollo de los recursos no convencionales est\u00e1 alargando sustancialmente el horizonte productivo de las provincias y es una excelente oportunidad para atraer importantes inversiones con la consecuente generaci\u00f3n de miles de puestos de trabajo\u00bb, se\u00f1al\u00f3 adem\u00e1s el IAPG en un comunicado.<\/p>\n<h2 class=\"subtitle\">El comunicado completo del IAPG a favor del fracking:<\/h2>\n<p><i>En relaci\u00f3n al debate que se ha generado alrededor a la ejecuci\u00f3n de un proyecto piloto de exploraci\u00f3n hidrocarbur\u00edfera mediante estimulaci\u00f3n hidr\u00e1ulica en el Departamento de Malarg\u00fce, el Instituto Argentino del Petr\u00f3leo y del Gas (IAPG), Seccional Cuyo, considera oportuno efectuar algunas consideraciones para brindar informaci\u00f3n sobre el tema.<\/i><\/p>\n<p><i>Es importante considerar que toda operaci\u00f3n relacionada con la extracci\u00f3n de hidrocarburos, debe ser realizada bajo el cumplimiento de las regulaciones nacionales, provinciales y municipales vigentes, respetando las buenas pr\u00e1cticas y los valores \u00e9ticos que apuntan al cuidado de las personas y el ambiente.<\/i><\/p>\n<p><i>No tiene diferencia, desde el punto de vista t\u00e9cnico, la perforaci\u00f3n de un pozo, ya sea este convencional o no convencional. Se llevan a cabo todos los trabajos necesarios para evitar cualquier posibilidad de contacto con los acu\u00edferos, cementando todas las ca\u00f1er\u00edas de revestimiento que se utilizan brindando una triple barrera entre los posibles acu\u00edferos y el pozo. Las locaciones de superficie se realizan bajo el concepto de \u00ablocaci\u00f3n seca\u00bb, es decir que ning\u00fan l\u00edquido o fluido puede estar en contacto con la superficie del terreno o el medio ambiente, debi\u00e9ndose confinar en tanques cerrados especialmente dispuestos. Una vez finalizado el pozo se inicia el proceso de estimulaci\u00f3n hidr\u00e1ulica, fractura hidr\u00e1ulica o \u00abfracking\u00bb.<\/i><\/p>\n<p><i>La estimulaci\u00f3n hidr\u00e1ulica es una t\u00e9cnica para mejorar o generar la permeabilidad de cualquier formaci\u00f3n geol\u00f3gica. Esto se logra con la apertura de microfisuras en las rocas, ubicadas a miles de metros de profundidad, mediante la inyecci\u00f3n a presi\u00f3n de agua, componentes qu\u00edmicos debidamente autorizados y arena; esta \u00faltima utiliz\u00e1ndose como \u00abagente de sost\u00e9n\u00bb impidiendo que las microfisuras generadas se cierren nuevamente. Por estas microfisuras fluyen los hidrocarburos de la formaci\u00f3n al pozo y, luego, hacia la superficie. Esta t\u00e9cnica se utiliza desde hace m\u00e1s de 60 a\u00f1os en el pa\u00eds, tanto en formaciones \u00abconvencionales\u00bb como \u00abno convencionales\u00bb, sin que se haya registrado hasta el momento afectaci\u00f3n de ning\u00fan tipo en acu\u00edferos o el medio ambiente en general. En la actualidad, toda la actividad hidrocarbur\u00edfera, incluyendo las operaciones de estimulaci\u00f3n hidr\u00e1ulica, se realizan bajo estrictos est\u00e1ndares ambientales, constituyendo una de las actividades m\u00e1s reguladas y seguras.<\/i><\/p>\n<p><i>El desarrollo de los recursos no convencionales est\u00e1 alargando sustancialmente el horizonte productivo de las provincias y es una excelente oportunidad para atraer importantes inversiones con la consecuente generaci\u00f3n de miles de puestos de trabajo.<\/i><\/p>\n<div id=\"share-select-text\" class=\"share-buttons\">\n<div id=\"fb-root\" class=\" fb_reset\">\n<div><\/div>\n<div><\/div>\n<\/div>\n<p><i class=\"icon icon-twitter\"><\/i><span id=\"share-select-text-counter\" class=\"counter\"><\/span><\/div>\n<\/div>\n<div id=\"rating-wrapper\" class=\"feelings-rating loading\">\n<form id=\"frmRate\" action=\"http:\/\/www.mdzol.com\/1\/rating\/rateFA.vnc\" method=\"POST\" name=\"frmRate\"><\/form>\n<\/div>\n","protected":false},"excerpt":{"rendered":"<p>Instituto Argentino del Petr\u00f3leo y el Gas (IAPG) sali\u00f3 a brindar detalles t\u00e9cnicos de la t\u00e9cnica tras la pol\u00e9mica desatada [&hellip;]<\/p>\n","protected":false},"author":2,"featured_media":33547,"comment_status":"open","ping_status":"open","sticky":false,"template":"","format":"standard","meta":{"site-sidebar-layout":"default","site-content-layout":"","ast-site-content-layout":"default","site-content-style":"default","site-sidebar-style":"default","ast-global-header-display":"","ast-banner-title-visibility":"","ast-main-header-display":"","ast-hfb-above-header-display":"","ast-hfb-below-header-display":"","ast-hfb-mobile-header-display":"","site-post-title":"","ast-breadcrumbs-content":"","ast-featured-img":"","footer-sml-layout":"","ast-disable-related-posts":"","theme-transparent-header-meta":"","adv-header-id-meta":"","stick-header-meta":"","header-above-stick-meta":"","header-main-stick-meta":"","header-below-stick-meta":"","astra-migrate-meta-layouts":"default","ast-page-background-enabled":"default","ast-page-background-meta":{"desktop":{"background-color":"var(--ast-global-color-5)","background-image":"","background-repeat":"repeat","background-position":"center center","background-size":"auto","background-attachment":"scroll","background-type":"","background-media":"","overlay-type":"","overlay-color":"","overlay-opacity":"","overlay-gradient":""},"tablet":{"background-color":"","background-image":"","background-repeat":"repeat","background-position":"center center","background-size":"auto","background-attachment":"scroll","background-type":"","background-media":"","overlay-type":"","overlay-color":"","overlay-opacity":"","overlay-gradient":""},"mobile":{"background-color":"","background-image":"","background-repeat":"repeat","background-position":"center center","background-size":"auto","background-attachment":"scroll","background-type":"","background-media":"","overlay-type":"","overlay-color":"","overlay-opacity":"","overlay-gradient":""}},"ast-content-background-meta":{"desktop":{"background-color":"var(--ast-global-color-4)","background-image":"","background-repeat":"repeat","background-position":"center center","background-size":"auto","background-attachment":"scroll","background-type":"","background-media":"","overlay-type":"","overlay-color":"","overlay-opacity":"","overlay-gradient":""},"tablet":{"background-color":"var(--ast-global-color-4)","background-image":"","background-repeat":"repeat","background-position":"center center","background-size":"auto","background-attachment":"scroll","background-type":"","background-media":"","overlay-type":"","overlay-color":"","overlay-opacity":"","overlay-gradient":""},"mobile":{"background-color":"var(--ast-global-color-4)","background-image":"","background-repeat":"repeat","background-position":"center center","background-size":"auto","background-attachment":"scroll","background-type":"","background-media":"","overlay-type":"","overlay-color":"","overlay-opacity":"","overlay-gradient":""}},"footnotes":""},"categories":[1],"tags":[],"class_list":["post-33546","post","type-post","status-publish","format-standard","has-post-thumbnail","hentry","category-noticias"],"yoast_head":"<!-- This site is optimized with the Yoast SEO Premium plugin v23.0 (Yoast SEO v27.5) - https:\/\/yoast.com\/product\/yoast-seo-premium-wordpress\/ -->\n<title>Instituto t\u00e9cnico sale en defensa del fracking<\/title>\n<meta name=\"robots\" content=\"index, follow, max-snippet:-1, max-image-preview:large, max-video-preview:-1\" \/>\n<link rel=\"canonical\" href=\"https:\/\/patagoniambiental.com.ar\/info\/instituto-tecnico-sale-en-defensa-del-fracking\/\" \/>\n<meta property=\"og:locale\" content=\"es_ES\" \/>\n<meta property=\"og:type\" content=\"article\" \/>\n<meta property=\"og:title\" content=\"Instituto t\u00e9cnico sale en defensa del fracking\" \/>\n<meta property=\"og:description\" content=\"Instituto Argentino del Petr\u00f3leo y el Gas (IAPG) sali\u00f3 a brindar detalles t\u00e9cnicos de la t\u00e9cnica tras la pol\u00e9mica desatada [&hellip;]\" \/>\n<meta property=\"og:url\" content=\"https:\/\/patagoniambiental.com.ar\/info\/instituto-tecnico-sale-en-defensa-del-fracking\/\" \/>\n<meta property=\"og:site_name\" content=\"Patagonia Ambiental\" \/>\n<meta property=\"article:publisher\" content=\"https:\/\/www.facebook.com\/patagonia.ambiental\" \/>\n<meta property=\"article:author\" content=\"https:\/\/www.facebook.com\/share\/1C1V8Gv9BX\/?mibextid=qi2Omg\" \/>\n<meta property=\"article:published_time\" content=\"2017-08-20T12:00:39+00:00\" \/>\n<meta property=\"og:image\" content=\"https:\/\/patagoniambiental.com.ar\/info\/wp-content\/uploads\/2017\/08\/iapg.jpg\" \/>\n\t<meta property=\"og:image:width\" content=\"459\" \/>\n\t<meta property=\"og:image:height\" content=\"259\" \/>\n\t<meta property=\"og:image:type\" content=\"image\/jpeg\" \/>\n<meta name=\"author\" content=\"Patagonia Ambiental\" \/>\n<meta name=\"twitter:card\" content=\"summary_large_image\" \/>\n<meta name=\"twitter:creator\" content=\"@PatAmb\" \/>\n<meta name=\"twitter:site\" content=\"@PatAmb\" \/>\n<script type=\"application\/ld+json\" class=\"yoast-schema-graph\">{\"@context\":\"https:\\\/\\\/schema.org\",\"@graph\":[{\"@type\":\"Article\",\"@id\":\"https:\\\/\\\/patagoniambiental.com.ar\\\/info\\\/instituto-tecnico-sale-en-defensa-del-fracking\\\/#article\",\"isPartOf\":{\"@id\":\"https:\\\/\\\/patagoniambiental.com.ar\\\/info\\\/instituto-tecnico-sale-en-defensa-del-fracking\\\/\"},\"author\":{\"name\":\"Patagonia Ambiental\",\"@id\":\"https:\\\/\\\/patagoniambiental.com.ar\\\/info\\\/#\\\/schema\\\/person\\\/db12bff64bbcbf6a253710bf0ea37b5d\"},\"headline\":\"Instituto t\u00e9cnico sale en defensa del fracking\",\"datePublished\":\"2017-08-20T12:00:39+00:00\",\"mainEntityOfPage\":{\"@id\":\"https:\\\/\\\/patagoniambiental.com.ar\\\/info\\\/instituto-tecnico-sale-en-defensa-del-fracking\\\/\"},\"wordCount\":676,\"commentCount\":0,\"publisher\":{\"@id\":\"https:\\\/\\\/patagoniambiental.com.ar\\\/info\\\/#organization\"},\"image\":{\"@id\":\"https:\\\/\\\/patagoniambiental.com.ar\\\/info\\\/instituto-tecnico-sale-en-defensa-del-fracking\\\/#primaryimage\"},\"thumbnailUrl\":\"https:\\\/\\\/patagoniambiental.com.ar\\\/info\\\/wp-content\\\/uploads\\\/2017\\\/08\\\/iapg.jpg\",\"articleSection\":[\"Noticias\"],\"inLanguage\":\"es\",\"potentialAction\":[{\"@type\":\"CommentAction\",\"name\":\"Comment\",\"target\":[\"https:\\\/\\\/patagoniambiental.com.ar\\\/info\\\/instituto-tecnico-sale-en-defensa-del-fracking\\\/#respond\"]}]},{\"@type\":\"WebPage\",\"@id\":\"https:\\\/\\\/patagoniambiental.com.ar\\\/info\\\/instituto-tecnico-sale-en-defensa-del-fracking\\\/\",\"url\":\"https:\\\/\\\/patagoniambiental.com.ar\\\/info\\\/instituto-tecnico-sale-en-defensa-del-fracking\\\/\",\"name\":\"Instituto t\u00e9cnico sale en defensa del fracking\",\"isPartOf\":{\"@id\":\"https:\\\/\\\/patagoniambiental.com.ar\\\/info\\\/#website\"},\"primaryImageOfPage\":{\"@id\":\"https:\\\/\\\/patagoniambiental.com.ar\\\/info\\\/instituto-tecnico-sale-en-defensa-del-fracking\\\/#primaryimage\"},\"image\":{\"@id\":\"https:\\\/\\\/patagoniambiental.com.ar\\\/info\\\/instituto-tecnico-sale-en-defensa-del-fracking\\\/#primaryimage\"},\"thumbnailUrl\":\"https:\\\/\\\/patagoniambiental.com.ar\\\/info\\\/wp-content\\\/uploads\\\/2017\\\/08\\\/iapg.jpg\",\"datePublished\":\"2017-08-20T12:00:39+00:00\",\"breadcrumb\":{\"@id\":\"https:\\\/\\\/patagoniambiental.com.ar\\\/info\\\/instituto-tecnico-sale-en-defensa-del-fracking\\\/#breadcrumb\"},\"inLanguage\":\"es\",\"potentialAction\":[{\"@type\":\"ReadAction\",\"target\":[\"https:\\\/\\\/patagoniambiental.com.ar\\\/info\\\/instituto-tecnico-sale-en-defensa-del-fracking\\\/\"]}]},{\"@type\":\"ImageObject\",\"inLanguage\":\"es\",\"@id\":\"https:\\\/\\\/patagoniambiental.com.ar\\\/info\\\/instituto-tecnico-sale-en-defensa-del-fracking\\\/#primaryimage\",\"url\":\"https:\\\/\\\/patagoniambiental.com.ar\\\/info\\\/wp-content\\\/uploads\\\/2017\\\/08\\\/iapg.jpg\",\"contentUrl\":\"https:\\\/\\\/patagoniambiental.com.ar\\\/info\\\/wp-content\\\/uploads\\\/2017\\\/08\\\/iapg.jpg\",\"width\":459,\"height\":259},{\"@type\":\"BreadcrumbList\",\"@id\":\"https:\\\/\\\/patagoniambiental.com.ar\\\/info\\\/instituto-tecnico-sale-en-defensa-del-fracking\\\/#breadcrumb\",\"itemListElement\":[{\"@type\":\"ListItem\",\"position\":1,\"name\":\"Inicio\",\"item\":\"https:\\\/\\\/patagoniambiental.com.ar\\\/info\\\/\"},{\"@type\":\"ListItem\",\"position\":2,\"name\":\"Instituto t\u00e9cnico sale en defensa del fracking\"}]},{\"@type\":\"WebSite\",\"@id\":\"https:\\\/\\\/patagoniambiental.com.ar\\\/info\\\/#website\",\"url\":\"https:\\\/\\\/patagoniambiental.com.ar\\\/info\\\/\",\"name\":\"Patagonia Ambiental\",\"description\":\"Monitoreo y an\u00e1lisis de la situaci\u00f3n geopol\u00edtica en el mundo y su implicancia en la Patagonia\",\"publisher\":{\"@id\":\"https:\\\/\\\/patagoniambiental.com.ar\\\/info\\\/#organization\"},\"potentialAction\":[{\"@type\":\"SearchAction\",\"target\":{\"@type\":\"EntryPoint\",\"urlTemplate\":\"https:\\\/\\\/patagoniambiental.com.ar\\\/info\\\/?s={search_term_string}\"},\"query-input\":{\"@type\":\"PropertyValueSpecification\",\"valueRequired\":true,\"valueName\":\"search_term_string\"}}],\"inLanguage\":\"es\"},{\"@type\":\"Organization\",\"@id\":\"https:\\\/\\\/patagoniambiental.com.ar\\\/info\\\/#organization\",\"name\":\"Patagonia Ambiental\",\"url\":\"https:\\\/\\\/patagoniambiental.com.ar\\\/info\\\/\",\"logo\":{\"@type\":\"ImageObject\",\"inLanguage\":\"es\",\"@id\":\"https:\\\/\\\/patagoniambiental.com.ar\\\/info\\\/#\\\/schema\\\/logo\\\/image\\\/\",\"url\":\"https:\\\/\\\/patagoniambiental.com.ar\\\/info\\\/wp-content\\\/uploads\\\/2025\\\/05\\\/LOGO-PATAGONIA-AMBIENTAL.png\",\"contentUrl\":\"https:\\\/\\\/patagoniambiental.com.ar\\\/info\\\/wp-content\\\/uploads\\\/2025\\\/05\\\/LOGO-PATAGONIA-AMBIENTAL.png\",\"width\":433,\"height\":250,\"caption\":\"Patagonia Ambiental\"},\"image\":{\"@id\":\"https:\\\/\\\/patagoniambiental.com.ar\\\/info\\\/#\\\/schema\\\/logo\\\/image\\\/\"},\"sameAs\":[\"https:\\\/\\\/www.facebook.com\\\/patagonia.ambiental\",\"https:\\\/\\\/x.com\\\/PatAmb\"]},{\"@type\":\"Person\",\"@id\":\"https:\\\/\\\/patagoniambiental.com.ar\\\/info\\\/#\\\/schema\\\/person\\\/db12bff64bbcbf6a253710bf0ea37b5d\",\"name\":\"Patagonia Ambiental\",\"description\":\"Andr\u00e9s Nievas T\u00e9cnico en manejo ambiental, consultor Ambiental y escritor para medios locales e internacionales sobre temas de geopolitica y medio ambiente.\",\"sameAs\":[\"http:\\\/\\\/www.patagoniambiental.com.ar\",\"https:\\\/\\\/www.facebook.com\\\/share\\\/1C1V8Gv9BX\\\/?mibextid=qi2Omg\",\"@patagoniambiental\",\"https:\\\/\\\/youtube.com\\\/@patagoniaambiental2023?si=BLt58t0wuXquxlYZ\"]}]}<\/script>\n<!-- \/ Yoast SEO Premium plugin. -->","yoast_head_json":{"title":"Instituto t\u00e9cnico sale en defensa del fracking","robots":{"index":"index","follow":"follow","max-snippet":"max-snippet:-1","max-image-preview":"max-image-preview:large","max-video-preview":"max-video-preview:-1"},"canonical":"https:\/\/patagoniambiental.com.ar\/info\/instituto-tecnico-sale-en-defensa-del-fracking\/","og_locale":"es_ES","og_type":"article","og_title":"Instituto t\u00e9cnico sale en defensa del fracking","og_description":"Instituto Argentino del Petr\u00f3leo y el Gas (IAPG) sali\u00f3 a brindar detalles t\u00e9cnicos de la t\u00e9cnica tras la pol\u00e9mica desatada [&hellip;]","og_url":"https:\/\/patagoniambiental.com.ar\/info\/instituto-tecnico-sale-en-defensa-del-fracking\/","og_site_name":"Patagonia Ambiental","article_publisher":"https:\/\/www.facebook.com\/patagonia.ambiental","article_author":"https:\/\/www.facebook.com\/share\/1C1V8Gv9BX\/?mibextid=qi2Omg","article_published_time":"2017-08-20T12:00:39+00:00","og_image":[{"width":459,"height":259,"url":"https:\/\/patagoniambiental.com.ar\/info\/wp-content\/uploads\/2017\/08\/iapg.jpg","type":"image\/jpeg"}],"author":"Patagonia Ambiental","twitter_card":"summary_large_image","twitter_creator":"@PatAmb","twitter_site":"@PatAmb","schema":{"@context":"https:\/\/schema.org","@graph":[{"@type":"Article","@id":"https:\/\/patagoniambiental.com.ar\/info\/instituto-tecnico-sale-en-defensa-del-fracking\/#article","isPartOf":{"@id":"https:\/\/patagoniambiental.com.ar\/info\/instituto-tecnico-sale-en-defensa-del-fracking\/"},"author":{"name":"Patagonia Ambiental","@id":"https:\/\/patagoniambiental.com.ar\/info\/#\/schema\/person\/db12bff64bbcbf6a253710bf0ea37b5d"},"headline":"Instituto t\u00e9cnico sale en defensa del fracking","datePublished":"2017-08-20T12:00:39+00:00","mainEntityOfPage":{"@id":"https:\/\/patagoniambiental.com.ar\/info\/instituto-tecnico-sale-en-defensa-del-fracking\/"},"wordCount":676,"commentCount":0,"publisher":{"@id":"https:\/\/patagoniambiental.com.ar\/info\/#organization"},"image":{"@id":"https:\/\/patagoniambiental.com.ar\/info\/instituto-tecnico-sale-en-defensa-del-fracking\/#primaryimage"},"thumbnailUrl":"https:\/\/patagoniambiental.com.ar\/info\/wp-content\/uploads\/2017\/08\/iapg.jpg","articleSection":["Noticias"],"inLanguage":"es","potentialAction":[{"@type":"CommentAction","name":"Comment","target":["https:\/\/patagoniambiental.com.ar\/info\/instituto-tecnico-sale-en-defensa-del-fracking\/#respond"]}]},{"@type":"WebPage","@id":"https:\/\/patagoniambiental.com.ar\/info\/instituto-tecnico-sale-en-defensa-del-fracking\/","url":"https:\/\/patagoniambiental.com.ar\/info\/instituto-tecnico-sale-en-defensa-del-fracking\/","name":"Instituto t\u00e9cnico sale en defensa del fracking","isPartOf":{"@id":"https:\/\/patagoniambiental.com.ar\/info\/#website"},"primaryImageOfPage":{"@id":"https:\/\/patagoniambiental.com.ar\/info\/instituto-tecnico-sale-en-defensa-del-fracking\/#primaryimage"},"image":{"@id":"https:\/\/patagoniambiental.com.ar\/info\/instituto-tecnico-sale-en-defensa-del-fracking\/#primaryimage"},"thumbnailUrl":"https:\/\/patagoniambiental.com.ar\/info\/wp-content\/uploads\/2017\/08\/iapg.jpg","datePublished":"2017-08-20T12:00:39+00:00","breadcrumb":{"@id":"https:\/\/patagoniambiental.com.ar\/info\/instituto-tecnico-sale-en-defensa-del-fracking\/#breadcrumb"},"inLanguage":"es","potentialAction":[{"@type":"ReadAction","target":["https:\/\/patagoniambiental.com.ar\/info\/instituto-tecnico-sale-en-defensa-del-fracking\/"]}]},{"@type":"ImageObject","inLanguage":"es","@id":"https:\/\/patagoniambiental.com.ar\/info\/instituto-tecnico-sale-en-defensa-del-fracking\/#primaryimage","url":"https:\/\/patagoniambiental.com.ar\/info\/wp-content\/uploads\/2017\/08\/iapg.jpg","contentUrl":"https:\/\/patagoniambiental.com.ar\/info\/wp-content\/uploads\/2017\/08\/iapg.jpg","width":459,"height":259},{"@type":"BreadcrumbList","@id":"https:\/\/patagoniambiental.com.ar\/info\/instituto-tecnico-sale-en-defensa-del-fracking\/#breadcrumb","itemListElement":[{"@type":"ListItem","position":1,"name":"Inicio","item":"https:\/\/patagoniambiental.com.ar\/info\/"},{"@type":"ListItem","position":2,"name":"Instituto t\u00e9cnico sale en defensa del fracking"}]},{"@type":"WebSite","@id":"https:\/\/patagoniambiental.com.ar\/info\/#website","url":"https:\/\/patagoniambiental.com.ar\/info\/","name":"Patagonia Ambiental","description":"Monitoreo y an\u00e1lisis de la situaci\u00f3n geopol\u00edtica en el mundo y su implicancia en la Patagonia","publisher":{"@id":"https:\/\/patagoniambiental.com.ar\/info\/#organization"},"potentialAction":[{"@type":"SearchAction","target":{"@type":"EntryPoint","urlTemplate":"https:\/\/patagoniambiental.com.ar\/info\/?s={search_term_string}"},"query-input":{"@type":"PropertyValueSpecification","valueRequired":true,"valueName":"search_term_string"}}],"inLanguage":"es"},{"@type":"Organization","@id":"https:\/\/patagoniambiental.com.ar\/info\/#organization","name":"Patagonia Ambiental","url":"https:\/\/patagoniambiental.com.ar\/info\/","logo":{"@type":"ImageObject","inLanguage":"es","@id":"https:\/\/patagoniambiental.com.ar\/info\/#\/schema\/logo\/image\/","url":"https:\/\/patagoniambiental.com.ar\/info\/wp-content\/uploads\/2025\/05\/LOGO-PATAGONIA-AMBIENTAL.png","contentUrl":"https:\/\/patagoniambiental.com.ar\/info\/wp-content\/uploads\/2025\/05\/LOGO-PATAGONIA-AMBIENTAL.png","width":433,"height":250,"caption":"Patagonia Ambiental"},"image":{"@id":"https:\/\/patagoniambiental.com.ar\/info\/#\/schema\/logo\/image\/"},"sameAs":["https:\/\/www.facebook.com\/patagonia.ambiental","https:\/\/x.com\/PatAmb"]},{"@type":"Person","@id":"https:\/\/patagoniambiental.com.ar\/info\/#\/schema\/person\/db12bff64bbcbf6a253710bf0ea37b5d","name":"Patagonia Ambiental","description":"Andr\u00e9s Nievas T\u00e9cnico en manejo ambiental, consultor Ambiental y escritor para medios locales e internacionales sobre temas de geopolitica y medio ambiente.","sameAs":["http:\/\/www.patagoniambiental.com.ar","https:\/\/www.facebook.com\/share\/1C1V8Gv9BX\/?mibextid=qi2Omg","@patagoniambiental","https:\/\/youtube.com\/@patagoniaambiental2023?si=BLt58t0wuXquxlYZ"]}]}},"_links":{"self":[{"href":"https:\/\/patagoniambiental.com.ar\/info\/wp-json\/wp\/v2\/posts\/33546","targetHints":{"allow":["GET"]}}],"collection":[{"href":"https:\/\/patagoniambiental.com.ar\/info\/wp-json\/wp\/v2\/posts"}],"about":[{"href":"https:\/\/patagoniambiental.com.ar\/info\/wp-json\/wp\/v2\/types\/post"}],"author":[{"embeddable":true,"href":"https:\/\/patagoniambiental.com.ar\/info\/wp-json\/wp\/v2\/users\/2"}],"replies":[{"embeddable":true,"href":"https:\/\/patagoniambiental.com.ar\/info\/wp-json\/wp\/v2\/comments?post=33546"}],"version-history":[{"count":0,"href":"https:\/\/patagoniambiental.com.ar\/info\/wp-json\/wp\/v2\/posts\/33546\/revisions"}],"wp:featuredmedia":[{"embeddable":true,"href":"https:\/\/patagoniambiental.com.ar\/info\/wp-json\/wp\/v2\/media\/33547"}],"wp:attachment":[{"href":"https:\/\/patagoniambiental.com.ar\/info\/wp-json\/wp\/v2\/media?parent=33546"}],"wp:term":[{"taxonomy":"category","embeddable":true,"href":"https:\/\/patagoniambiental.com.ar\/info\/wp-json\/wp\/v2\/categories?post=33546"},{"taxonomy":"post_tag","embeddable":true,"href":"https:\/\/patagoniambiental.com.ar\/info\/wp-json\/wp\/v2\/tags?post=33546"}],"curies":[{"name":"wp","href":"https:\/\/api.w.org\/{rel}","templated":true}]}}