{"id":33611,"date":"2017-08-22T19:00:44","date_gmt":"2017-08-22T22:00:44","guid":{"rendered":"http:\/\/patagoniambiental.com.ar\/info\/?p=33611"},"modified":"2017-08-22T09:47:33","modified_gmt":"2017-08-22T12:47:33","slug":"nuevas-areas-de-extraccion-de-aridos-rechazo-de-la-untdf-al-proyecto","status":"publish","type":"post","link":"https:\/\/patagoniambiental.com.ar\/info\/nuevas-areas-de-extraccion-de-aridos-rechazo-de-la-untdf-al-proyecto\/","title":{"rendered":"Nuevas \u00e1reas de extracci\u00f3n de \u00e1ridos en R\u00edo Grande: Rechazo de la UNTDF al proyecto"},"content":{"rendered":"<header class=\"entry-header\">\n<div class=\"entry-meta\"><\/div>\n<\/header>\n<div class=\"entry-content\">\n<div class=\"really_simple_share really_simple_share_button robots-nocontent snap_nopreview\">\n<div class=\"really_simple_share_facebook_share_new\">\n<div class=\"fb-share-button fb_iframe_widget\" data-href=\"http:\/\/www.surenio.com.ar\/2017\/08\/nuevas-areas-extraccion-aridos-rechazo-la-untdf-al-proyecto\" data-type=\"button\" data-width=\"110\"><a>RIO GRANDE.- El Consejo Superior de la Universidad Nacional de Tierra del Fuego (UNTDF) resolvi\u00f3, por unanimidad, rechazar el proyecto del Gobierno que propone crear un \u201cParque Provincial de Canteras\u201d y habilitar as\u00ed nuevas \u00e1reas de extracci\u00f3n de \u00e1ridos en la zona norte.<\/a><\/div>\n<div data-href=\"http:\/\/www.surenio.com.ar\/2017\/08\/nuevas-areas-extraccion-aridos-rechazo-la-untdf-al-proyecto\" data-type=\"button\" data-width=\"110\"><!--more--><\/div>\n<div data-href=\"http:\/\/www.surenio.com.ar\/2017\/08\/nuevas-areas-extraccion-aridos-rechazo-la-untdf-al-proyecto\" data-type=\"button\" data-width=\"110\"><\/div>\n<div class=\"fb-share-button fb_iframe_widget\" data-href=\"http:\/\/www.surenio.com.ar\/2017\/08\/nuevas-areas-extraccion-aridos-rechazo-la-untdf-al-proyecto\" data-type=\"button\" data-width=\"110\"><a>Adem\u00e1s, los consejeros pidieron que se convoque a una mesa de discusi\u00f3n con t\u00e9cnicos, especialistas e investigadores.<\/a><\/div>\n<\/div>\n<\/div>\n<div class=\"really_simple_share_clearfix\"><\/div>\n<div class=\"g g-2\"><\/div>\n<p>En el marco de la 17\u00ba Sesi\u00f3n Ordinaria del Consejo Superior de la Universidad Nacional de Tierra del Fuego (UNTDF), realizada el viernes \u00faltimo en esta ciudad; se resolvi\u00f3 por unanimidad rechazar el proyecto del Gobierno que propone habilitar nuevas \u00e1reas de extracci\u00f3n de \u00e1ridos en la zona norte.<\/p>\n<p>El planteo surgi\u00f3 a partir del consejero Superior Alejandro Valenzuela, quien adem\u00e1s integra la mesa t\u00e9cnica asesora de la Reserva Provincial Costa Atl\u00e1ntica, y puso en conocimiento sobre el proyecto del Gobierno -asunto 329\/17- de \u201ccambiar los l\u00edmites de la reserva, es decir achicar la reserva y generar canteras en la costa\u201d.<\/p>\n<p>El consejero propuso al cuerpo, un proyecto de resoluci\u00f3n para rechazar el proyecto de ley, y generar una mesa de discusi\u00f3n \u201cdonde representantes t\u00e9cnicos, no solo de la mesa t\u00e9cnica, sino tambi\u00e9n del Consejo Provincial de Medio ambiente que es otra instancia que existe y tampoco fue convocada\u201d tomen la palabra y asesoren al Gobierno y la Legislatura.<\/p>\n<p>El consejero destac\u00f3 que la mesa t\u00e9cnica asesora de la Reserva Costa Atl\u00e1ntica se encuentra \u201ctrabajando en la elaboraci\u00f3n del plan de gesti\u00f3n de la reserva\u201d desde hace dos meses.<\/p>\n<p>\u201cSabemos que existe una realidad de necesidad de explotaci\u00f3n de \u00e1ridos, pero es necesario un consenso, ya que hay cuestiones de protecci\u00f3n nacional e internacional de esta Reserva por lo cual es necesario el dialogo y existen otros lugares en la isla, donde se pueden desarrollar\u201d, concluy\u00f3.<\/p>\n<p>&nbsp;<\/p>\n<p>&nbsp;<\/p>\n<p>Sitio Ramsar<\/p>\n<p>Otros integrantes del Consejo Superior, docentes de la UNTDF, recordaron a la comunidad que la Reserva Costa Atl\u00e1ntica es adem\u00e1s un Sitio Ramsar \u201ces un humedal reconocido de importancia internacional, y pertenece a la Red de reservas hemisf\u00e9rica de aves playeras. Estas designaciones demuestran la importancia del espacio\u201d.<\/p>\n<p>Se destac\u00f3 tambi\u00e9n que en reiteradas oportunidades se han retirado \u00e1ridos de la costa atl\u00e1ntica, y que siempre se afirm\u00f3 desde las \u00e1reas t\u00e9cnicas de la Provincia que se trata de \u201cuna costa con una din\u00e1mica altamente erosiva, donde los riesgos son alt\u00edsimos al realizar actividad minera all\u00ed. Se resalt\u00f3 que es muy importante para la salud ambiental de la ciudad de R\u00edo Grande, que todos sepan de qu\u00e9 se trata la actividad extractiva.<\/p>\n<p>Tras la presentaci\u00f3n, el Consejo Superior de la UNTDF resolvi\u00f3 rechazar el proyecto de Ley enviado a la Legislatura por el Poder ejecutivo, solicitar a los poderes ejecutivos y legislativo convocar a una mesa amplia de discusi\u00f3n y ofrecer a la UNTDF como instituci\u00f3n mediadora y asesora de la mesa, ya que es una de las funciones de la Universidad.<\/p>\n<p>La moci\u00f3n cont\u00f3 con la unanimidad del m\u00e1ximo \u00f3rgano de gobierno de la UNTDF y ser\u00e1 remitida en las pr\u00f3ximas horas a las autoridades provinciales.<\/p>\n<p>&nbsp;<\/p>\n<p>&nbsp;<\/p>\n<p>El proyecto<\/p>\n<p>Con la modificaci\u00f3n de la Ley N\u00b0 415, que estableci\u00f3 la Reserva Costa Atl\u00e1ntica, el Gobierno provincial busca garantizar el abastecimiento de \u00e1ridos en la zona norte, y para ello propone crear un \u201cParque Provincial de Canteras\u201d.<\/p>\n<p>De este modo, se sugiere habilitar nuevos sectores para la explotaci\u00f3n de \u00e1ridos en la costa de R\u00edo Grande, sorteando as\u00ed los problemas judiciales en los que se encuentran las canteras actualmente establecidas en la ciudad.<\/p>\n<p>Por ese motivo, entre los fundamentos del proyecto que ya ingres\u00f3 a la Legislatura, el Ejecutivo provincial sostiene que se atraviesa \u201cun punto de inflexi\u00f3n\u201d en materia de abastecimiento de \u00e1ridos en la zona norte.<\/p>\n<p>Y que los \u00e1ridos, por su escasez, resultan \u201cde car\u00e1cter vital para el desarrollo de la actividad econ\u00f3mica\u201d, consider\u00e1ndolo as\u00ed \u201cun recurso estrat\u00e9gico\u201d.<\/p>\n<p>&nbsp;<\/p>\n<div id=\"attachment_84147\" class=\"wp-caption aligncenter\">\n<p><img fetchpriority=\"high\" decoding=\"async\" class=\"size-medium wp-image-84147\" src=\"http:\/\/www.surenio.com.ar\/wp-content\/uploads\/2017\/08\/rechazo-507x270.jpg\" sizes=\"(max-width: 507px) 100vw, 507px\" srcset=\"http:\/\/www.surenio.com.ar\/wp-content\/uploads\/2017\/08\/rechazo-507x270.jpg 507w, http:\/\/www.surenio.com.ar\/wp-content\/uploads\/2017\/08\/rechazo-1024x545.jpg 1024w, http:\/\/www.surenio.com.ar\/wp-content\/uploads\/2017\/08\/rechazo.jpg 1040w\" alt=\"\" width=\"507\" height=\"270\" \/><\/p>\n<p class=\"wp-caption-text\">El m\u00e1ximo \u00f3rgano de gobierno de la UNTDF rechaz\u00f3 el proyecto del Gobierno.<\/p>\n<\/div>\n<\/div>\n<p>Fuente: El Surenio<\/p>\n","protected":false},"excerpt":{"rendered":"<p>RIO GRANDE.- El Consejo Superior de la Universidad Nacional de Tierra del Fuego (UNTDF) resolvi\u00f3, por unanimidad, rechazar el proyecto [&hellip;]<\/p>\n","protected":false},"author":2,"featured_media":33612,"comment_status":"open","ping_status":"open","sticky":false,"template":"","format":"standard","meta":{"site-sidebar-layout":"default","site-content-layout":"","ast-site-content-layout":"default","site-content-style":"default","site-sidebar-style":"default","ast-global-header-display":"","ast-banner-title-visibility":"","ast-main-header-display":"","ast-hfb-above-header-display":"","ast-hfb-below-header-display":"","ast-hfb-mobile-header-display":"","site-post-title":"","ast-breadcrumbs-content":"","ast-featured-img":"","footer-sml-layout":"","ast-disable-related-posts":"","theme-transparent-header-meta":"","adv-header-id-meta":"","stick-header-meta":"","header-above-stick-meta":"","header-main-stick-meta":"","header-below-stick-meta":"","astra-migrate-meta-layouts":"default","ast-page-background-enabled":"default","ast-page-background-meta":{"desktop":{"background-color":"var(--ast-global-color-5)","background-image":"","background-repeat":"repeat","background-position":"center center","background-size":"auto","background-attachment":"scroll","background-type":"","background-media":"","overlay-type":"","overlay-color":"","overlay-opacity":"","overlay-gradient":""},"tablet":{"background-color":"","background-image":"","background-repeat":"repeat","background-position":"center center","background-size":"auto","background-attachment":"scroll","background-type":"","background-media":"","overlay-type":"","overlay-color":"","overlay-opacity":"","overlay-gradient":""},"mobile":{"background-color":"","background-image":"","background-repeat":"repeat","background-position":"center center","background-size":"auto","background-attachment":"scroll","background-type":"","background-media":"","overlay-type":"","overlay-color":"","overlay-opacity":"","overlay-gradient":""}},"ast-content-background-meta":{"desktop":{"background-color":"var(--ast-global-color-4)","background-image":"","background-repeat":"repeat","background-position":"center center","background-size":"auto","background-attachment":"scroll","background-type":"","background-media":"","overlay-type":"","overlay-color":"","overlay-opacity":"","overlay-gradient":""},"tablet":{"background-color":"var(--ast-global-color-4)","background-image":"","background-repeat":"repeat","background-position":"center center","background-size":"auto","background-attachment":"scroll","background-type":"","background-media":"","overlay-type":"","overlay-color":"","overlay-opacity":"","overlay-gradient":""},"mobile":{"background-color":"var(--ast-global-color-4)","background-image":"","background-repeat":"repeat","background-position":"center center","background-size":"auto","background-attachment":"scroll","background-type":"","background-media":"","overlay-type":"","overlay-color":"","overlay-opacity":"","overlay-gradient":""}},"footnotes":""},"categories":[16,1],"tags":[],"class_list":["post-33611","post","type-post","status-publish","format-standard","has-post-thumbnail","hentry","category-municipales","category-noticias"],"yoast_head":"<!-- This site is optimized with the Yoast SEO Premium plugin v23.0 (Yoast SEO v27.4) - https:\/\/yoast.com\/product\/yoast-seo-premium-wordpress\/ -->\n<title>Nuevas \u00e1reas de extracci\u00f3n de \u00e1ridos en R\u00edo Grande: Rechazo de la UNTDF al proyecto<\/title>\n<meta name=\"robots\" content=\"index, follow, max-snippet:-1, max-image-preview:large, max-video-preview:-1\" \/>\n<link rel=\"canonical\" href=\"https:\/\/patagoniambiental.com.ar\/info\/nuevas-areas-de-extraccion-de-aridos-rechazo-de-la-untdf-al-proyecto\/\" \/>\n<meta property=\"og:locale\" content=\"es_ES\" \/>\n<meta property=\"og:type\" content=\"article\" \/>\n<meta property=\"og:title\" content=\"Nuevas \u00e1reas de extracci\u00f3n de \u00e1ridos en R\u00edo Grande: Rechazo de la UNTDF al proyecto\" \/>\n<meta property=\"og:description\" content=\"RIO GRANDE.- El Consejo Superior de la Universidad Nacional de Tierra del Fuego (UNTDF) resolvi\u00f3, por unanimidad, rechazar el proyecto [&hellip;]\" \/>\n<meta property=\"og:url\" content=\"https:\/\/patagoniambiental.com.ar\/info\/nuevas-areas-de-extraccion-de-aridos-rechazo-de-la-untdf-al-proyecto\/\" \/>\n<meta property=\"og:site_name\" content=\"Patagonia Ambiental\" \/>\n<meta property=\"article:publisher\" content=\"https:\/\/www.facebook.com\/patagonia.ambiental\" \/>\n<meta property=\"article:author\" content=\"https:\/\/www.facebook.com\/share\/1C1V8Gv9BX\/?mibextid=qi2Omg\" \/>\n<meta property=\"article:published_time\" content=\"2017-08-22T22:00:44+00:00\" \/>\n<meta property=\"og:image\" content=\"https:\/\/patagoniambiental.com.ar\/info\/wp-content\/uploads\/2017\/08\/rechazo-507x270.jpg\" \/>\n\t<meta property=\"og:image:width\" content=\"507\" \/>\n\t<meta property=\"og:image:height\" content=\"270\" \/>\n\t<meta property=\"og:image:type\" content=\"image\/jpeg\" \/>\n<meta name=\"author\" content=\"Patagonia Ambiental\" \/>\n<meta name=\"twitter:card\" content=\"summary_large_image\" \/>\n<meta name=\"twitter:creator\" content=\"@PatAmb\" \/>\n<meta name=\"twitter:site\" content=\"@PatAmb\" \/>\n<script type=\"application\/ld+json\" class=\"yoast-schema-graph\">{\"@context\":\"https:\\\/\\\/schema.org\",\"@graph\":[{\"@type\":\"Article\",\"@id\":\"https:\\\/\\\/patagoniambiental.com.ar\\\/info\\\/nuevas-areas-de-extraccion-de-aridos-rechazo-de-la-untdf-al-proyecto\\\/#article\",\"isPartOf\":{\"@id\":\"https:\\\/\\\/patagoniambiental.com.ar\\\/info\\\/nuevas-areas-de-extraccion-de-aridos-rechazo-de-la-untdf-al-proyecto\\\/\"},\"author\":{\"name\":\"Patagonia Ambiental\",\"@id\":\"https:\\\/\\\/patagoniambiental.com.ar\\\/info\\\/#\\\/schema\\\/person\\\/db12bff64bbcbf6a253710bf0ea37b5d\"},\"headline\":\"Nuevas \u00e1reas de extracci\u00f3n de \u00e1ridos en R\u00edo Grande: Rechazo de la UNTDF al proyecto\",\"datePublished\":\"2017-08-22T22:00:44+00:00\",\"mainEntityOfPage\":{\"@id\":\"https:\\\/\\\/patagoniambiental.com.ar\\\/info\\\/nuevas-areas-de-extraccion-de-aridos-rechazo-de-la-untdf-al-proyecto\\\/\"},\"wordCount\":721,\"commentCount\":0,\"publisher\":{\"@id\":\"https:\\\/\\\/patagoniambiental.com.ar\\\/info\\\/#organization\"},\"image\":{\"@id\":\"https:\\\/\\\/patagoniambiental.com.ar\\\/info\\\/nuevas-areas-de-extraccion-de-aridos-rechazo-de-la-untdf-al-proyecto\\\/#primaryimage\"},\"thumbnailUrl\":\"https:\\\/\\\/patagoniambiental.com.ar\\\/info\\\/wp-content\\\/uploads\\\/2017\\\/08\\\/rechazo-507x270.jpg\",\"articleSection\":[\"Municipales\",\"Noticias\"],\"inLanguage\":\"es\",\"potentialAction\":[{\"@type\":\"CommentAction\",\"name\":\"Comment\",\"target\":[\"https:\\\/\\\/patagoniambiental.com.ar\\\/info\\\/nuevas-areas-de-extraccion-de-aridos-rechazo-de-la-untdf-al-proyecto\\\/#respond\"]}]},{\"@type\":\"WebPage\",\"@id\":\"https:\\\/\\\/patagoniambiental.com.ar\\\/info\\\/nuevas-areas-de-extraccion-de-aridos-rechazo-de-la-untdf-al-proyecto\\\/\",\"url\":\"https:\\\/\\\/patagoniambiental.com.ar\\\/info\\\/nuevas-areas-de-extraccion-de-aridos-rechazo-de-la-untdf-al-proyecto\\\/\",\"name\":\"Nuevas \u00e1reas de extracci\u00f3n de \u00e1ridos en R\u00edo Grande: Rechazo de la UNTDF al proyecto\",\"isPartOf\":{\"@id\":\"https:\\\/\\\/patagoniambiental.com.ar\\\/info\\\/#website\"},\"primaryImageOfPage\":{\"@id\":\"https:\\\/\\\/patagoniambiental.com.ar\\\/info\\\/nuevas-areas-de-extraccion-de-aridos-rechazo-de-la-untdf-al-proyecto\\\/#primaryimage\"},\"image\":{\"@id\":\"https:\\\/\\\/patagoniambiental.com.ar\\\/info\\\/nuevas-areas-de-extraccion-de-aridos-rechazo-de-la-untdf-al-proyecto\\\/#primaryimage\"},\"thumbnailUrl\":\"https:\\\/\\\/patagoniambiental.com.ar\\\/info\\\/wp-content\\\/uploads\\\/2017\\\/08\\\/rechazo-507x270.jpg\",\"datePublished\":\"2017-08-22T22:00:44+00:00\",\"breadcrumb\":{\"@id\":\"https:\\\/\\\/patagoniambiental.com.ar\\\/info\\\/nuevas-areas-de-extraccion-de-aridos-rechazo-de-la-untdf-al-proyecto\\\/#breadcrumb\"},\"inLanguage\":\"es\",\"potentialAction\":[{\"@type\":\"ReadAction\",\"target\":[\"https:\\\/\\\/patagoniambiental.com.ar\\\/info\\\/nuevas-areas-de-extraccion-de-aridos-rechazo-de-la-untdf-al-proyecto\\\/\"]}]},{\"@type\":\"ImageObject\",\"inLanguage\":\"es\",\"@id\":\"https:\\\/\\\/patagoniambiental.com.ar\\\/info\\\/nuevas-areas-de-extraccion-de-aridos-rechazo-de-la-untdf-al-proyecto\\\/#primaryimage\",\"url\":\"https:\\\/\\\/patagoniambiental.com.ar\\\/info\\\/wp-content\\\/uploads\\\/2017\\\/08\\\/rechazo-507x270.jpg\",\"contentUrl\":\"https:\\\/\\\/patagoniambiental.com.ar\\\/info\\\/wp-content\\\/uploads\\\/2017\\\/08\\\/rechazo-507x270.jpg\",\"width\":507,\"height\":270,\"caption\":\"El m\u00e1ximo \u00f3rgano de gobierno de la UNTDF rechaz\u00f3 el proyecto del Gobierno.\"},{\"@type\":\"BreadcrumbList\",\"@id\":\"https:\\\/\\\/patagoniambiental.com.ar\\\/info\\\/nuevas-areas-de-extraccion-de-aridos-rechazo-de-la-untdf-al-proyecto\\\/#breadcrumb\",\"itemListElement\":[{\"@type\":\"ListItem\",\"position\":1,\"name\":\"Inicio\",\"item\":\"https:\\\/\\\/patagoniambiental.com.ar\\\/info\\\/\"},{\"@type\":\"ListItem\",\"position\":2,\"name\":\"Nuevas \u00e1reas de extracci\u00f3n de \u00e1ridos en R\u00edo Grande: Rechazo de la UNTDF al proyecto\"}]},{\"@type\":\"WebSite\",\"@id\":\"https:\\\/\\\/patagoniambiental.com.ar\\\/info\\\/#website\",\"url\":\"https:\\\/\\\/patagoniambiental.com.ar\\\/info\\\/\",\"name\":\"Patagonia Ambiental\",\"description\":\"Monitoreo y an\u00e1lisis de la situaci\u00f3n geopol\u00edtica en el mundo y su implicancia en la Patagonia\",\"publisher\":{\"@id\":\"https:\\\/\\\/patagoniambiental.com.ar\\\/info\\\/#organization\"},\"potentialAction\":[{\"@type\":\"SearchAction\",\"target\":{\"@type\":\"EntryPoint\",\"urlTemplate\":\"https:\\\/\\\/patagoniambiental.com.ar\\\/info\\\/?s={search_term_string}\"},\"query-input\":{\"@type\":\"PropertyValueSpecification\",\"valueRequired\":true,\"valueName\":\"search_term_string\"}}],\"inLanguage\":\"es\"},{\"@type\":\"Organization\",\"@id\":\"https:\\\/\\\/patagoniambiental.com.ar\\\/info\\\/#organization\",\"name\":\"Patagonia Ambiental\",\"url\":\"https:\\\/\\\/patagoniambiental.com.ar\\\/info\\\/\",\"logo\":{\"@type\":\"ImageObject\",\"inLanguage\":\"es\",\"@id\":\"https:\\\/\\\/patagoniambiental.com.ar\\\/info\\\/#\\\/schema\\\/logo\\\/image\\\/\",\"url\":\"https:\\\/\\\/patagoniambiental.com.ar\\\/info\\\/wp-content\\\/uploads\\\/2025\\\/05\\\/LOGO-PATAGONIA-AMBIENTAL.png\",\"contentUrl\":\"https:\\\/\\\/patagoniambiental.com.ar\\\/info\\\/wp-content\\\/uploads\\\/2025\\\/05\\\/LOGO-PATAGONIA-AMBIENTAL.png\",\"width\":433,\"height\":250,\"caption\":\"Patagonia Ambiental\"},\"image\":{\"@id\":\"https:\\\/\\\/patagoniambiental.com.ar\\\/info\\\/#\\\/schema\\\/logo\\\/image\\\/\"},\"sameAs\":[\"https:\\\/\\\/www.facebook.com\\\/patagonia.ambiental\",\"https:\\\/\\\/x.com\\\/PatAmb\"]},{\"@type\":\"Person\",\"@id\":\"https:\\\/\\\/patagoniambiental.com.ar\\\/info\\\/#\\\/schema\\\/person\\\/db12bff64bbcbf6a253710bf0ea37b5d\",\"name\":\"Patagonia Ambiental\",\"description\":\"Andr\u00e9s Nievas T\u00e9cnico en manejo ambiental, consultor Ambiental y escritor para medios locales e internacionales sobre temas de geopolitica y medio ambiente.\",\"sameAs\":[\"http:\\\/\\\/www.patagoniambiental.com.ar\",\"https:\\\/\\\/www.facebook.com\\\/share\\\/1C1V8Gv9BX\\\/?mibextid=qi2Omg\",\"@patagoniambiental\",\"https:\\\/\\\/youtube.com\\\/@patagoniaambiental2023?si=BLt58t0wuXquxlYZ\"]}]}<\/script>\n<!-- \/ Yoast SEO Premium plugin. -->","yoast_head_json":{"title":"Nuevas \u00e1reas de extracci\u00f3n de \u00e1ridos en R\u00edo Grande: Rechazo de la UNTDF al proyecto","robots":{"index":"index","follow":"follow","max-snippet":"max-snippet:-1","max-image-preview":"max-image-preview:large","max-video-preview":"max-video-preview:-1"},"canonical":"https:\/\/patagoniambiental.com.ar\/info\/nuevas-areas-de-extraccion-de-aridos-rechazo-de-la-untdf-al-proyecto\/","og_locale":"es_ES","og_type":"article","og_title":"Nuevas \u00e1reas de extracci\u00f3n de \u00e1ridos en R\u00edo Grande: Rechazo de la UNTDF al proyecto","og_description":"RIO GRANDE.- El Consejo Superior de la Universidad Nacional de Tierra del Fuego (UNTDF) resolvi\u00f3, por unanimidad, rechazar el proyecto [&hellip;]","og_url":"https:\/\/patagoniambiental.com.ar\/info\/nuevas-areas-de-extraccion-de-aridos-rechazo-de-la-untdf-al-proyecto\/","og_site_name":"Patagonia Ambiental","article_publisher":"https:\/\/www.facebook.com\/patagonia.ambiental","article_author":"https:\/\/www.facebook.com\/share\/1C1V8Gv9BX\/?mibextid=qi2Omg","article_published_time":"2017-08-22T22:00:44+00:00","og_image":[{"width":507,"height":270,"url":"https:\/\/patagoniambiental.com.ar\/info\/wp-content\/uploads\/2017\/08\/rechazo-507x270.jpg","type":"image\/jpeg"}],"author":"Patagonia Ambiental","twitter_card":"summary_large_image","twitter_creator":"@PatAmb","twitter_site":"@PatAmb","schema":{"@context":"https:\/\/schema.org","@graph":[{"@type":"Article","@id":"https:\/\/patagoniambiental.com.ar\/info\/nuevas-areas-de-extraccion-de-aridos-rechazo-de-la-untdf-al-proyecto\/#article","isPartOf":{"@id":"https:\/\/patagoniambiental.com.ar\/info\/nuevas-areas-de-extraccion-de-aridos-rechazo-de-la-untdf-al-proyecto\/"},"author":{"name":"Patagonia Ambiental","@id":"https:\/\/patagoniambiental.com.ar\/info\/#\/schema\/person\/db12bff64bbcbf6a253710bf0ea37b5d"},"headline":"Nuevas \u00e1reas de extracci\u00f3n de \u00e1ridos en R\u00edo Grande: Rechazo de la UNTDF al proyecto","datePublished":"2017-08-22T22:00:44+00:00","mainEntityOfPage":{"@id":"https:\/\/patagoniambiental.com.ar\/info\/nuevas-areas-de-extraccion-de-aridos-rechazo-de-la-untdf-al-proyecto\/"},"wordCount":721,"commentCount":0,"publisher":{"@id":"https:\/\/patagoniambiental.com.ar\/info\/#organization"},"image":{"@id":"https:\/\/patagoniambiental.com.ar\/info\/nuevas-areas-de-extraccion-de-aridos-rechazo-de-la-untdf-al-proyecto\/#primaryimage"},"thumbnailUrl":"https:\/\/patagoniambiental.com.ar\/info\/wp-content\/uploads\/2017\/08\/rechazo-507x270.jpg","articleSection":["Municipales","Noticias"],"inLanguage":"es","potentialAction":[{"@type":"CommentAction","name":"Comment","target":["https:\/\/patagoniambiental.com.ar\/info\/nuevas-areas-de-extraccion-de-aridos-rechazo-de-la-untdf-al-proyecto\/#respond"]}]},{"@type":"WebPage","@id":"https:\/\/patagoniambiental.com.ar\/info\/nuevas-areas-de-extraccion-de-aridos-rechazo-de-la-untdf-al-proyecto\/","url":"https:\/\/patagoniambiental.com.ar\/info\/nuevas-areas-de-extraccion-de-aridos-rechazo-de-la-untdf-al-proyecto\/","name":"Nuevas \u00e1reas de extracci\u00f3n de \u00e1ridos en R\u00edo Grande: Rechazo de la UNTDF al proyecto","isPartOf":{"@id":"https:\/\/patagoniambiental.com.ar\/info\/#website"},"primaryImageOfPage":{"@id":"https:\/\/patagoniambiental.com.ar\/info\/nuevas-areas-de-extraccion-de-aridos-rechazo-de-la-untdf-al-proyecto\/#primaryimage"},"image":{"@id":"https:\/\/patagoniambiental.com.ar\/info\/nuevas-areas-de-extraccion-de-aridos-rechazo-de-la-untdf-al-proyecto\/#primaryimage"},"thumbnailUrl":"https:\/\/patagoniambiental.com.ar\/info\/wp-content\/uploads\/2017\/08\/rechazo-507x270.jpg","datePublished":"2017-08-22T22:00:44+00:00","breadcrumb":{"@id":"https:\/\/patagoniambiental.com.ar\/info\/nuevas-areas-de-extraccion-de-aridos-rechazo-de-la-untdf-al-proyecto\/#breadcrumb"},"inLanguage":"es","potentialAction":[{"@type":"ReadAction","target":["https:\/\/patagoniambiental.com.ar\/info\/nuevas-areas-de-extraccion-de-aridos-rechazo-de-la-untdf-al-proyecto\/"]}]},{"@type":"ImageObject","inLanguage":"es","@id":"https:\/\/patagoniambiental.com.ar\/info\/nuevas-areas-de-extraccion-de-aridos-rechazo-de-la-untdf-al-proyecto\/#primaryimage","url":"https:\/\/patagoniambiental.com.ar\/info\/wp-content\/uploads\/2017\/08\/rechazo-507x270.jpg","contentUrl":"https:\/\/patagoniambiental.com.ar\/info\/wp-content\/uploads\/2017\/08\/rechazo-507x270.jpg","width":507,"height":270,"caption":"El m\u00e1ximo \u00f3rgano de gobierno de la UNTDF rechaz\u00f3 el proyecto del Gobierno."},{"@type":"BreadcrumbList","@id":"https:\/\/patagoniambiental.com.ar\/info\/nuevas-areas-de-extraccion-de-aridos-rechazo-de-la-untdf-al-proyecto\/#breadcrumb","itemListElement":[{"@type":"ListItem","position":1,"name":"Inicio","item":"https:\/\/patagoniambiental.com.ar\/info\/"},{"@type":"ListItem","position":2,"name":"Nuevas \u00e1reas de extracci\u00f3n de \u00e1ridos en R\u00edo Grande: Rechazo de la UNTDF al proyecto"}]},{"@type":"WebSite","@id":"https:\/\/patagoniambiental.com.ar\/info\/#website","url":"https:\/\/patagoniambiental.com.ar\/info\/","name":"Patagonia Ambiental","description":"Monitoreo y an\u00e1lisis de la situaci\u00f3n geopol\u00edtica en el mundo y su implicancia en la Patagonia","publisher":{"@id":"https:\/\/patagoniambiental.com.ar\/info\/#organization"},"potentialAction":[{"@type":"SearchAction","target":{"@type":"EntryPoint","urlTemplate":"https:\/\/patagoniambiental.com.ar\/info\/?s={search_term_string}"},"query-input":{"@type":"PropertyValueSpecification","valueRequired":true,"valueName":"search_term_string"}}],"inLanguage":"es"},{"@type":"Organization","@id":"https:\/\/patagoniambiental.com.ar\/info\/#organization","name":"Patagonia Ambiental","url":"https:\/\/patagoniambiental.com.ar\/info\/","logo":{"@type":"ImageObject","inLanguage":"es","@id":"https:\/\/patagoniambiental.com.ar\/info\/#\/schema\/logo\/image\/","url":"https:\/\/patagoniambiental.com.ar\/info\/wp-content\/uploads\/2025\/05\/LOGO-PATAGONIA-AMBIENTAL.png","contentUrl":"https:\/\/patagoniambiental.com.ar\/info\/wp-content\/uploads\/2025\/05\/LOGO-PATAGONIA-AMBIENTAL.png","width":433,"height":250,"caption":"Patagonia Ambiental"},"image":{"@id":"https:\/\/patagoniambiental.com.ar\/info\/#\/schema\/logo\/image\/"},"sameAs":["https:\/\/www.facebook.com\/patagonia.ambiental","https:\/\/x.com\/PatAmb"]},{"@type":"Person","@id":"https:\/\/patagoniambiental.com.ar\/info\/#\/schema\/person\/db12bff64bbcbf6a253710bf0ea37b5d","name":"Patagonia Ambiental","description":"Andr\u00e9s Nievas T\u00e9cnico en manejo ambiental, consultor Ambiental y escritor para medios locales e internacionales sobre temas de geopolitica y medio ambiente.","sameAs":["http:\/\/www.patagoniambiental.com.ar","https:\/\/www.facebook.com\/share\/1C1V8Gv9BX\/?mibextid=qi2Omg","@patagoniambiental","https:\/\/youtube.com\/@patagoniaambiental2023?si=BLt58t0wuXquxlYZ"]}]}},"_links":{"self":[{"href":"https:\/\/patagoniambiental.com.ar\/info\/wp-json\/wp\/v2\/posts\/33611","targetHints":{"allow":["GET"]}}],"collection":[{"href":"https:\/\/patagoniambiental.com.ar\/info\/wp-json\/wp\/v2\/posts"}],"about":[{"href":"https:\/\/patagoniambiental.com.ar\/info\/wp-json\/wp\/v2\/types\/post"}],"author":[{"embeddable":true,"href":"https:\/\/patagoniambiental.com.ar\/info\/wp-json\/wp\/v2\/users\/2"}],"replies":[{"embeddable":true,"href":"https:\/\/patagoniambiental.com.ar\/info\/wp-json\/wp\/v2\/comments?post=33611"}],"version-history":[{"count":0,"href":"https:\/\/patagoniambiental.com.ar\/info\/wp-json\/wp\/v2\/posts\/33611\/revisions"}],"wp:featuredmedia":[{"embeddable":true,"href":"https:\/\/patagoniambiental.com.ar\/info\/wp-json\/wp\/v2\/media\/33612"}],"wp:attachment":[{"href":"https:\/\/patagoniambiental.com.ar\/info\/wp-json\/wp\/v2\/media?parent=33611"}],"wp:term":[{"taxonomy":"category","embeddable":true,"href":"https:\/\/patagoniambiental.com.ar\/info\/wp-json\/wp\/v2\/categories?post=33611"},{"taxonomy":"post_tag","embeddable":true,"href":"https:\/\/patagoniambiental.com.ar\/info\/wp-json\/wp\/v2\/tags?post=33611"}],"curies":[{"name":"wp","href":"https:\/\/api.w.org\/{rel}","templated":true}]}}