{"id":33622,"date":"2017-08-23T19:00:34","date_gmt":"2017-08-23T22:00:34","guid":{"rendered":"http:\/\/patagoniambiental.com.ar\/info\/?p=33622"},"modified":"2017-08-22T15:55:21","modified_gmt":"2017-08-22T18:55:21","slug":"san-carlos-de-bariloche-el-cerro-catedral-tuvo-record-de-visitas-este-fin-de-semana","status":"publish","type":"post","link":"https:\/\/patagoniambiental.com.ar\/info\/san-carlos-de-bariloche-el-cerro-catedral-tuvo-record-de-visitas-este-fin-de-semana\/","title":{"rendered":"San Carlos de Bariloche  El Cerro Catedral tuvo r\u00e9cord de visitas este fin de semana"},"content":{"rendered":"<p class=\"x_MsoNormal\"><i>San Carlos de Bariloche.-La intensa nevada que comenz\u00f3 el viernes sumada a la gran cantidad de turistas que llegaron a disfrutar el fin de semana largo, fueron la combinaci\u00f3n perfecta para que el Cerro Catedral tuviera una cifra r\u00e9cord de visitantes.<\/i><!--more--><\/p>\n<p class=\"x_MsoNormal\">\n<p class=\"x_MsoNormal\">Fueron m\u00e1s de 25.000 personas las que pasaron por las inmediaciones de Catedral Alta Patagonia, algo que no suced\u00eda desde que el volc\u00e1n Puyehue entr\u00f3 en erupci\u00f3n en 2011. En plena temporada alta el n\u00famero de esquiadores diarios rondaba los 9.000, mientras que este domingo lleg\u00f3 a 13.500.<\/p>\n<p class=\"x_MsoNormal\">\u201cEs una muy buena noticia para todos los rionegrinos y una muestra de que la inversi\u00f3n de los privados, de la Provincia y Municipio son fundamentales para generar buenos escenarios en cada destino\u201d, indic\u00f3 la ministra de Turismo, Cultura y Deporte de la provincia, Silvina Arrieta.<\/p>\n<p class=\"x_MsoNormal\">La secretaria de Turismo, Silvia Luzzardi, manifest\u00f3 que \u201ceste a\u00f1o Bariloche tiene una temporada excepcional, cuando muchos destinos est\u00e1n cerrando, aqu\u00ed se est\u00e1 haciendo un relanzamiento de temporada, pensando en m\u00e1s de 40 d\u00edas de nieve plena y con los encuentros deportivos m\u00e1s importantes de los \u00faltimos 30 a\u00f1os\u201d.<\/p>\n<p class=\"x_MsoNormal\">Entre esos eventos se destaca la Copa del Mundo de Snowboard Cross que se realizar\u00e1 del 6 al 10 de septiembre y los Juegos Argentinos de Invierno, del 12 al 18 de septiembre.<\/p>\n<p class=\"x_MsoNormal\">Este \u00e9xito est\u00e1 estrechamente ligado a que, seg\u00fan el Ministerio de Turismo de Naci\u00f3n, Bariloche fue la ciudad que mayor ocupaci\u00f3n hotelera durante este peque\u00f1o receso, llegando al 80%. Adem\u00e1s, la gran conectividad a\u00e9rea que hay en la actualidad favorece la llegada de visitantes de diversos puntos del pa\u00eds y pa\u00edses aleda\u00f1os.<\/p>\n<p class=\"x_MsoNormal\">La temporada de invierno fue excelente para la ciudad rionegrina ya que la nieve comenz\u00f3 temprano y fue abundante, lo que benefici\u00f3 a los centros de esqu\u00ed y sirve de marco de cara a las actividades venideras.<\/p>\n<p><b><span lang=\"ES-AR\">Fuente: GOBIERNO DE R\u00cdO NEGRO<\/span><\/b><\/p>\n","protected":false},"excerpt":{"rendered":"<p>San Carlos de Bariloche.-La intensa nevada que comenz\u00f3 el viernes sumada a la gran cantidad de turistas que llegaron a [&hellip;]<\/p>\n","protected":false},"author":2,"featured_media":33623,"comment_status":"open","ping_status":"open","sticky":false,"template":"","format":"standard","meta":{"site-sidebar-layout":"default","site-content-layout":"","ast-site-content-layout":"default","site-content-style":"default","site-sidebar-style":"default","ast-global-header-display":"","ast-banner-title-visibility":"","ast-main-header-display":"","ast-hfb-above-header-display":"","ast-hfb-below-header-display":"","ast-hfb-mobile-header-display":"","site-post-title":"","ast-breadcrumbs-content":"","ast-featured-img":"","footer-sml-layout":"","ast-disable-related-posts":"","theme-transparent-header-meta":"","adv-header-id-meta":"","stick-header-meta":"","header-above-stick-meta":"","header-main-stick-meta":"","header-below-stick-meta":"","astra-migrate-meta-layouts":"default","ast-page-background-enabled":"default","ast-page-background-meta":{"desktop":{"background-color":"var(--ast-global-color-5)","background-image":"","background-repeat":"repeat","background-position":"center center","background-size":"auto","background-attachment":"scroll","background-type":"","background-media":"","overlay-type":"","overlay-color":"","overlay-opacity":"","overlay-gradient":""},"tablet":{"background-color":"","background-image":"","background-repeat":"repeat","background-position":"center center","background-size":"auto","background-attachment":"scroll","background-type":"","background-media":"","overlay-type":"","overlay-color":"","overlay-opacity":"","overlay-gradient":""},"mobile":{"background-color":"","background-image":"","background-repeat":"repeat","background-position":"center center","background-size":"auto","background-attachment":"scroll","background-type":"","background-media":"","overlay-type":"","overlay-color":"","overlay-opacity":"","overlay-gradient":""}},"ast-content-background-meta":{"desktop":{"background-color":"var(--ast-global-color-4)","background-image":"","background-repeat":"repeat","background-position":"center center","background-size":"auto","background-attachment":"scroll","background-type":"","background-media":"","overlay-type":"","overlay-color":"","overlay-opacity":"","overlay-gradient":""},"tablet":{"background-color":"var(--ast-global-color-4)","background-image":"","background-repeat":"repeat","background-position":"center center","background-size":"auto","background-attachment":"scroll","background-type":"","background-media":"","overlay-type":"","overlay-color":"","overlay-opacity":"","overlay-gradient":""},"mobile":{"background-color":"var(--ast-global-color-4)","background-image":"","background-repeat":"repeat","background-position":"center center","background-size":"auto","background-attachment":"scroll","background-type":"","background-media":"","overlay-type":"","overlay-color":"","overlay-opacity":"","overlay-gradient":""}},"footnotes":""},"categories":[1,13,14],"tags":[],"class_list":["post-33622","post","type-post","status-publish","format-standard","has-post-thumbnail","hentry","category-noticias","category-provinciales","category-rio-negro"],"yoast_head":"<!-- This site is optimized with the Yoast SEO Premium plugin v23.0 (Yoast SEO v27.5) - https:\/\/yoast.com\/product\/yoast-seo-premium-wordpress\/ -->\n<title>San Carlos de Bariloche El Cerro Catedral tuvo r\u00e9cord de visitas este fin de semana<\/title>\n<meta name=\"robots\" content=\"index, follow, max-snippet:-1, max-image-preview:large, max-video-preview:-1\" \/>\n<link rel=\"canonical\" href=\"https:\/\/patagoniambiental.com.ar\/info\/san-carlos-de-bariloche-el-cerro-catedral-tuvo-record-de-visitas-este-fin-de-semana\/\" \/>\n<meta property=\"og:locale\" content=\"es_ES\" \/>\n<meta property=\"og:type\" content=\"article\" \/>\n<meta property=\"og:title\" content=\"San Carlos de Bariloche El Cerro Catedral tuvo r\u00e9cord de visitas este fin de semana\" \/>\n<meta property=\"og:description\" content=\"San Carlos de Bariloche.-La intensa nevada que comenz\u00f3 el viernes sumada a la gran cantidad de turistas que llegaron a [&hellip;]\" \/>\n<meta property=\"og:url\" content=\"https:\/\/patagoniambiental.com.ar\/info\/san-carlos-de-bariloche-el-cerro-catedral-tuvo-record-de-visitas-este-fin-de-semana\/\" \/>\n<meta property=\"og:site_name\" content=\"Patagonia Ambiental\" \/>\n<meta property=\"article:publisher\" content=\"https:\/\/www.facebook.com\/patagonia.ambiental\" \/>\n<meta property=\"article:author\" content=\"https:\/\/www.facebook.com\/share\/1C1V8Gv9BX\/?mibextid=qi2Omg\" \/>\n<meta property=\"article:published_time\" content=\"2017-08-23T22:00:34+00:00\" \/>\n<meta property=\"og:image\" content=\"https:\/\/patagoniambiental.com.ar\/info\/wp-content\/uploads\/2017\/08\/00029958.jpg\" \/>\n\t<meta property=\"og:image:width\" content=\"924\" \/>\n\t<meta property=\"og:image:height\" content=\"616\" \/>\n\t<meta property=\"og:image:type\" content=\"image\/jpeg\" \/>\n<meta name=\"author\" content=\"Patagonia Ambiental\" \/>\n<meta name=\"twitter:card\" content=\"summary_large_image\" \/>\n<meta name=\"twitter:creator\" content=\"@PatAmb\" \/>\n<meta name=\"twitter:site\" content=\"@PatAmb\" \/>\n<script type=\"application\/ld+json\" class=\"yoast-schema-graph\">{\"@context\":\"https:\\\/\\\/schema.org\",\"@graph\":[{\"@type\":\"Article\",\"@id\":\"https:\\\/\\\/patagoniambiental.com.ar\\\/info\\\/san-carlos-de-bariloche-el-cerro-catedral-tuvo-record-de-visitas-este-fin-de-semana\\\/#article\",\"isPartOf\":{\"@id\":\"https:\\\/\\\/patagoniambiental.com.ar\\\/info\\\/san-carlos-de-bariloche-el-cerro-catedral-tuvo-record-de-visitas-este-fin-de-semana\\\/\"},\"author\":{\"name\":\"Patagonia Ambiental\",\"@id\":\"https:\\\/\\\/patagoniambiental.com.ar\\\/info\\\/#\\\/schema\\\/person\\\/db12bff64bbcbf6a253710bf0ea37b5d\"},\"headline\":\"San Carlos de Bariloche El Cerro Catedral tuvo r\u00e9cord de visitas este fin de semana\",\"datePublished\":\"2017-08-23T22:00:34+00:00\",\"mainEntityOfPage\":{\"@id\":\"https:\\\/\\\/patagoniambiental.com.ar\\\/info\\\/san-carlos-de-bariloche-el-cerro-catedral-tuvo-record-de-visitas-este-fin-de-semana\\\/\"},\"wordCount\":341,\"commentCount\":0,\"publisher\":{\"@id\":\"https:\\\/\\\/patagoniambiental.com.ar\\\/info\\\/#organization\"},\"image\":{\"@id\":\"https:\\\/\\\/patagoniambiental.com.ar\\\/info\\\/san-carlos-de-bariloche-el-cerro-catedral-tuvo-record-de-visitas-este-fin-de-semana\\\/#primaryimage\"},\"thumbnailUrl\":\"https:\\\/\\\/patagoniambiental.com.ar\\\/info\\\/wp-content\\\/uploads\\\/2017\\\/08\\\/00029958.jpg\",\"articleSection\":[\"Noticias\",\"Provinciales\",\"R\u00edo Negro\"],\"inLanguage\":\"es\",\"potentialAction\":[{\"@type\":\"CommentAction\",\"name\":\"Comment\",\"target\":[\"https:\\\/\\\/patagoniambiental.com.ar\\\/info\\\/san-carlos-de-bariloche-el-cerro-catedral-tuvo-record-de-visitas-este-fin-de-semana\\\/#respond\"]}]},{\"@type\":\"WebPage\",\"@id\":\"https:\\\/\\\/patagoniambiental.com.ar\\\/info\\\/san-carlos-de-bariloche-el-cerro-catedral-tuvo-record-de-visitas-este-fin-de-semana\\\/\",\"url\":\"https:\\\/\\\/patagoniambiental.com.ar\\\/info\\\/san-carlos-de-bariloche-el-cerro-catedral-tuvo-record-de-visitas-este-fin-de-semana\\\/\",\"name\":\"San Carlos de Bariloche El Cerro Catedral tuvo r\u00e9cord de visitas este fin de semana\",\"isPartOf\":{\"@id\":\"https:\\\/\\\/patagoniambiental.com.ar\\\/info\\\/#website\"},\"primaryImageOfPage\":{\"@id\":\"https:\\\/\\\/patagoniambiental.com.ar\\\/info\\\/san-carlos-de-bariloche-el-cerro-catedral-tuvo-record-de-visitas-este-fin-de-semana\\\/#primaryimage\"},\"image\":{\"@id\":\"https:\\\/\\\/patagoniambiental.com.ar\\\/info\\\/san-carlos-de-bariloche-el-cerro-catedral-tuvo-record-de-visitas-este-fin-de-semana\\\/#primaryimage\"},\"thumbnailUrl\":\"https:\\\/\\\/patagoniambiental.com.ar\\\/info\\\/wp-content\\\/uploads\\\/2017\\\/08\\\/00029958.jpg\",\"datePublished\":\"2017-08-23T22:00:34+00:00\",\"breadcrumb\":{\"@id\":\"https:\\\/\\\/patagoniambiental.com.ar\\\/info\\\/san-carlos-de-bariloche-el-cerro-catedral-tuvo-record-de-visitas-este-fin-de-semana\\\/#breadcrumb\"},\"inLanguage\":\"es\",\"potentialAction\":[{\"@type\":\"ReadAction\",\"target\":[\"https:\\\/\\\/patagoniambiental.com.ar\\\/info\\\/san-carlos-de-bariloche-el-cerro-catedral-tuvo-record-de-visitas-este-fin-de-semana\\\/\"]}]},{\"@type\":\"ImageObject\",\"inLanguage\":\"es\",\"@id\":\"https:\\\/\\\/patagoniambiental.com.ar\\\/info\\\/san-carlos-de-bariloche-el-cerro-catedral-tuvo-record-de-visitas-este-fin-de-semana\\\/#primaryimage\",\"url\":\"https:\\\/\\\/patagoniambiental.com.ar\\\/info\\\/wp-content\\\/uploads\\\/2017\\\/08\\\/00029958.jpg\",\"contentUrl\":\"https:\\\/\\\/patagoniambiental.com.ar\\\/info\\\/wp-content\\\/uploads\\\/2017\\\/08\\\/00029958.jpg\",\"width\":900,\"height\":600},{\"@type\":\"BreadcrumbList\",\"@id\":\"https:\\\/\\\/patagoniambiental.com.ar\\\/info\\\/san-carlos-de-bariloche-el-cerro-catedral-tuvo-record-de-visitas-este-fin-de-semana\\\/#breadcrumb\",\"itemListElement\":[{\"@type\":\"ListItem\",\"position\":1,\"name\":\"Inicio\",\"item\":\"https:\\\/\\\/patagoniambiental.com.ar\\\/info\\\/\"},{\"@type\":\"ListItem\",\"position\":2,\"name\":\"San Carlos de Bariloche El Cerro Catedral tuvo r\u00e9cord de visitas este fin de semana\"}]},{\"@type\":\"WebSite\",\"@id\":\"https:\\\/\\\/patagoniambiental.com.ar\\\/info\\\/#website\",\"url\":\"https:\\\/\\\/patagoniambiental.com.ar\\\/info\\\/\",\"name\":\"Patagonia Ambiental\",\"description\":\"Monitoreo y an\u00e1lisis de la situaci\u00f3n geopol\u00edtica en el mundo y su implicancia en la Patagonia\",\"publisher\":{\"@id\":\"https:\\\/\\\/patagoniambiental.com.ar\\\/info\\\/#organization\"},\"potentialAction\":[{\"@type\":\"SearchAction\",\"target\":{\"@type\":\"EntryPoint\",\"urlTemplate\":\"https:\\\/\\\/patagoniambiental.com.ar\\\/info\\\/?s={search_term_string}\"},\"query-input\":{\"@type\":\"PropertyValueSpecification\",\"valueRequired\":true,\"valueName\":\"search_term_string\"}}],\"inLanguage\":\"es\"},{\"@type\":\"Organization\",\"@id\":\"https:\\\/\\\/patagoniambiental.com.ar\\\/info\\\/#organization\",\"name\":\"Patagonia Ambiental\",\"url\":\"https:\\\/\\\/patagoniambiental.com.ar\\\/info\\\/\",\"logo\":{\"@type\":\"ImageObject\",\"inLanguage\":\"es\",\"@id\":\"https:\\\/\\\/patagoniambiental.com.ar\\\/info\\\/#\\\/schema\\\/logo\\\/image\\\/\",\"url\":\"https:\\\/\\\/patagoniambiental.com.ar\\\/info\\\/wp-content\\\/uploads\\\/2025\\\/05\\\/LOGO-PATAGONIA-AMBIENTAL.png\",\"contentUrl\":\"https:\\\/\\\/patagoniambiental.com.ar\\\/info\\\/wp-content\\\/uploads\\\/2025\\\/05\\\/LOGO-PATAGONIA-AMBIENTAL.png\",\"width\":433,\"height\":250,\"caption\":\"Patagonia Ambiental\"},\"image\":{\"@id\":\"https:\\\/\\\/patagoniambiental.com.ar\\\/info\\\/#\\\/schema\\\/logo\\\/image\\\/\"},\"sameAs\":[\"https:\\\/\\\/www.facebook.com\\\/patagonia.ambiental\",\"https:\\\/\\\/x.com\\\/PatAmb\"]},{\"@type\":\"Person\",\"@id\":\"https:\\\/\\\/patagoniambiental.com.ar\\\/info\\\/#\\\/schema\\\/person\\\/db12bff64bbcbf6a253710bf0ea37b5d\",\"name\":\"Patagonia Ambiental\",\"description\":\"Andr\u00e9s Nievas T\u00e9cnico en manejo ambiental, consultor Ambiental y escritor para medios locales e internacionales sobre temas de geopolitica y medio ambiente.\",\"sameAs\":[\"http:\\\/\\\/www.patagoniambiental.com.ar\",\"https:\\\/\\\/www.facebook.com\\\/share\\\/1C1V8Gv9BX\\\/?mibextid=qi2Omg\",\"@patagoniambiental\",\"https:\\\/\\\/youtube.com\\\/@patagoniaambiental2023?si=BLt58t0wuXquxlYZ\"]}]}<\/script>\n<!-- \/ Yoast SEO Premium plugin. -->","yoast_head_json":{"title":"San Carlos de Bariloche El Cerro Catedral tuvo r\u00e9cord de visitas este fin de semana","robots":{"index":"index","follow":"follow","max-snippet":"max-snippet:-1","max-image-preview":"max-image-preview:large","max-video-preview":"max-video-preview:-1"},"canonical":"https:\/\/patagoniambiental.com.ar\/info\/san-carlos-de-bariloche-el-cerro-catedral-tuvo-record-de-visitas-este-fin-de-semana\/","og_locale":"es_ES","og_type":"article","og_title":"San Carlos de Bariloche El Cerro Catedral tuvo r\u00e9cord de visitas este fin de semana","og_description":"San Carlos de Bariloche.-La intensa nevada que comenz\u00f3 el viernes sumada a la gran cantidad de turistas que llegaron a [&hellip;]","og_url":"https:\/\/patagoniambiental.com.ar\/info\/san-carlos-de-bariloche-el-cerro-catedral-tuvo-record-de-visitas-este-fin-de-semana\/","og_site_name":"Patagonia Ambiental","article_publisher":"https:\/\/www.facebook.com\/patagonia.ambiental","article_author":"https:\/\/www.facebook.com\/share\/1C1V8Gv9BX\/?mibextid=qi2Omg","article_published_time":"2017-08-23T22:00:34+00:00","og_image":[{"width":924,"height":616,"url":"https:\/\/patagoniambiental.com.ar\/info\/wp-content\/uploads\/2017\/08\/00029958.jpg","type":"image\/jpeg"}],"author":"Patagonia Ambiental","twitter_card":"summary_large_image","twitter_creator":"@PatAmb","twitter_site":"@PatAmb","schema":{"@context":"https:\/\/schema.org","@graph":[{"@type":"Article","@id":"https:\/\/patagoniambiental.com.ar\/info\/san-carlos-de-bariloche-el-cerro-catedral-tuvo-record-de-visitas-este-fin-de-semana\/#article","isPartOf":{"@id":"https:\/\/patagoniambiental.com.ar\/info\/san-carlos-de-bariloche-el-cerro-catedral-tuvo-record-de-visitas-este-fin-de-semana\/"},"author":{"name":"Patagonia Ambiental","@id":"https:\/\/patagoniambiental.com.ar\/info\/#\/schema\/person\/db12bff64bbcbf6a253710bf0ea37b5d"},"headline":"San Carlos de Bariloche El Cerro Catedral tuvo r\u00e9cord de visitas este fin de semana","datePublished":"2017-08-23T22:00:34+00:00","mainEntityOfPage":{"@id":"https:\/\/patagoniambiental.com.ar\/info\/san-carlos-de-bariloche-el-cerro-catedral-tuvo-record-de-visitas-este-fin-de-semana\/"},"wordCount":341,"commentCount":0,"publisher":{"@id":"https:\/\/patagoniambiental.com.ar\/info\/#organization"},"image":{"@id":"https:\/\/patagoniambiental.com.ar\/info\/san-carlos-de-bariloche-el-cerro-catedral-tuvo-record-de-visitas-este-fin-de-semana\/#primaryimage"},"thumbnailUrl":"https:\/\/patagoniambiental.com.ar\/info\/wp-content\/uploads\/2017\/08\/00029958.jpg","articleSection":["Noticias","Provinciales","R\u00edo Negro"],"inLanguage":"es","potentialAction":[{"@type":"CommentAction","name":"Comment","target":["https:\/\/patagoniambiental.com.ar\/info\/san-carlos-de-bariloche-el-cerro-catedral-tuvo-record-de-visitas-este-fin-de-semana\/#respond"]}]},{"@type":"WebPage","@id":"https:\/\/patagoniambiental.com.ar\/info\/san-carlos-de-bariloche-el-cerro-catedral-tuvo-record-de-visitas-este-fin-de-semana\/","url":"https:\/\/patagoniambiental.com.ar\/info\/san-carlos-de-bariloche-el-cerro-catedral-tuvo-record-de-visitas-este-fin-de-semana\/","name":"San Carlos de Bariloche El Cerro Catedral tuvo r\u00e9cord de visitas este fin de semana","isPartOf":{"@id":"https:\/\/patagoniambiental.com.ar\/info\/#website"},"primaryImageOfPage":{"@id":"https:\/\/patagoniambiental.com.ar\/info\/san-carlos-de-bariloche-el-cerro-catedral-tuvo-record-de-visitas-este-fin-de-semana\/#primaryimage"},"image":{"@id":"https:\/\/patagoniambiental.com.ar\/info\/san-carlos-de-bariloche-el-cerro-catedral-tuvo-record-de-visitas-este-fin-de-semana\/#primaryimage"},"thumbnailUrl":"https:\/\/patagoniambiental.com.ar\/info\/wp-content\/uploads\/2017\/08\/00029958.jpg","datePublished":"2017-08-23T22:00:34+00:00","breadcrumb":{"@id":"https:\/\/patagoniambiental.com.ar\/info\/san-carlos-de-bariloche-el-cerro-catedral-tuvo-record-de-visitas-este-fin-de-semana\/#breadcrumb"},"inLanguage":"es","potentialAction":[{"@type":"ReadAction","target":["https:\/\/patagoniambiental.com.ar\/info\/san-carlos-de-bariloche-el-cerro-catedral-tuvo-record-de-visitas-este-fin-de-semana\/"]}]},{"@type":"ImageObject","inLanguage":"es","@id":"https:\/\/patagoniambiental.com.ar\/info\/san-carlos-de-bariloche-el-cerro-catedral-tuvo-record-de-visitas-este-fin-de-semana\/#primaryimage","url":"https:\/\/patagoniambiental.com.ar\/info\/wp-content\/uploads\/2017\/08\/00029958.jpg","contentUrl":"https:\/\/patagoniambiental.com.ar\/info\/wp-content\/uploads\/2017\/08\/00029958.jpg","width":900,"height":600},{"@type":"BreadcrumbList","@id":"https:\/\/patagoniambiental.com.ar\/info\/san-carlos-de-bariloche-el-cerro-catedral-tuvo-record-de-visitas-este-fin-de-semana\/#breadcrumb","itemListElement":[{"@type":"ListItem","position":1,"name":"Inicio","item":"https:\/\/patagoniambiental.com.ar\/info\/"},{"@type":"ListItem","position":2,"name":"San Carlos de Bariloche El Cerro Catedral tuvo r\u00e9cord de visitas este fin de semana"}]},{"@type":"WebSite","@id":"https:\/\/patagoniambiental.com.ar\/info\/#website","url":"https:\/\/patagoniambiental.com.ar\/info\/","name":"Patagonia Ambiental","description":"Monitoreo y an\u00e1lisis de la situaci\u00f3n geopol\u00edtica en el mundo y su implicancia en la Patagonia","publisher":{"@id":"https:\/\/patagoniambiental.com.ar\/info\/#organization"},"potentialAction":[{"@type":"SearchAction","target":{"@type":"EntryPoint","urlTemplate":"https:\/\/patagoniambiental.com.ar\/info\/?s={search_term_string}"},"query-input":{"@type":"PropertyValueSpecification","valueRequired":true,"valueName":"search_term_string"}}],"inLanguage":"es"},{"@type":"Organization","@id":"https:\/\/patagoniambiental.com.ar\/info\/#organization","name":"Patagonia Ambiental","url":"https:\/\/patagoniambiental.com.ar\/info\/","logo":{"@type":"ImageObject","inLanguage":"es","@id":"https:\/\/patagoniambiental.com.ar\/info\/#\/schema\/logo\/image\/","url":"https:\/\/patagoniambiental.com.ar\/info\/wp-content\/uploads\/2025\/05\/LOGO-PATAGONIA-AMBIENTAL.png","contentUrl":"https:\/\/patagoniambiental.com.ar\/info\/wp-content\/uploads\/2025\/05\/LOGO-PATAGONIA-AMBIENTAL.png","width":433,"height":250,"caption":"Patagonia Ambiental"},"image":{"@id":"https:\/\/patagoniambiental.com.ar\/info\/#\/schema\/logo\/image\/"},"sameAs":["https:\/\/www.facebook.com\/patagonia.ambiental","https:\/\/x.com\/PatAmb"]},{"@type":"Person","@id":"https:\/\/patagoniambiental.com.ar\/info\/#\/schema\/person\/db12bff64bbcbf6a253710bf0ea37b5d","name":"Patagonia Ambiental","description":"Andr\u00e9s Nievas T\u00e9cnico en manejo ambiental, consultor Ambiental y escritor para medios locales e internacionales sobre temas de geopolitica y medio ambiente.","sameAs":["http:\/\/www.patagoniambiental.com.ar","https:\/\/www.facebook.com\/share\/1C1V8Gv9BX\/?mibextid=qi2Omg","@patagoniambiental","https:\/\/youtube.com\/@patagoniaambiental2023?si=BLt58t0wuXquxlYZ"]}]}},"_links":{"self":[{"href":"https:\/\/patagoniambiental.com.ar\/info\/wp-json\/wp\/v2\/posts\/33622","targetHints":{"allow":["GET"]}}],"collection":[{"href":"https:\/\/patagoniambiental.com.ar\/info\/wp-json\/wp\/v2\/posts"}],"about":[{"href":"https:\/\/patagoniambiental.com.ar\/info\/wp-json\/wp\/v2\/types\/post"}],"author":[{"embeddable":true,"href":"https:\/\/patagoniambiental.com.ar\/info\/wp-json\/wp\/v2\/users\/2"}],"replies":[{"embeddable":true,"href":"https:\/\/patagoniambiental.com.ar\/info\/wp-json\/wp\/v2\/comments?post=33622"}],"version-history":[{"count":0,"href":"https:\/\/patagoniambiental.com.ar\/info\/wp-json\/wp\/v2\/posts\/33622\/revisions"}],"wp:featuredmedia":[{"embeddable":true,"href":"https:\/\/patagoniambiental.com.ar\/info\/wp-json\/wp\/v2\/media\/33623"}],"wp:attachment":[{"href":"https:\/\/patagoniambiental.com.ar\/info\/wp-json\/wp\/v2\/media?parent=33622"}],"wp:term":[{"taxonomy":"category","embeddable":true,"href":"https:\/\/patagoniambiental.com.ar\/info\/wp-json\/wp\/v2\/categories?post=33622"},{"taxonomy":"post_tag","embeddable":true,"href":"https:\/\/patagoniambiental.com.ar\/info\/wp-json\/wp\/v2\/tags?post=33622"}],"curies":[{"name":"wp","href":"https:\/\/api.w.org\/{rel}","templated":true}]}}