{"id":33631,"date":"2017-08-22T19:00:50","date_gmt":"2017-08-22T22:00:50","guid":{"rendered":"http:\/\/patagoniambiental.com.ar\/info\/?p=33631"},"modified":"2017-08-22T16:07:04","modified_gmt":"2017-08-22T19:07:04","slug":"esta-noche-se-preven-mejoras-climaticas-en-diversas-zonas-de-la-provincia","status":"publish","type":"post","link":"https:\/\/patagoniambiental.com.ar\/info\/esta-noche-se-preven-mejoras-climaticas-en-diversas-zonas-de-la-provincia\/","title":{"rendered":"Esta noche  Se prev\u00e9n mejoras clim\u00e1ticas en diversas zonas de la Provincia"},"content":{"rendered":"<p class=\"x_MsoNormal\"><i>Viedma.-El Gobierno de R\u00edo Negro continuar\u00e1 trabajando en las zonas afectadas por las inclemencias clim\u00e1ticas, con el objetivo de ofrecer asistencia a los damnificados.<\/i><!--more--><\/p>\n<p>&nbsp;<\/p>\n<p class=\"x_MsoNormal\"><i> Defensa Civil informa que los fuertes vientos y lluvias disminuir\u00e1n hacia la noche.<\/i><\/p>\n<p class=\"x_MsoNormal\">\n<p class=\"x_MsoNormal\">Las condiciones adversas afectan a la regi\u00f3n cordillerana con lluvias, nevadas y vientos fuertes; los Valles y la Meseta rionegrina con vientos intensos que podr\u00edan alcanzar r\u00e1fagas de 100 km\/h, lluvias y nevadas. A partir de ma\u00f1ana se registrar\u00e1 un descenso de la temperatura con heladas nocturnas.<\/p>\n<p class=\"x_MsoNormal\">Para el jueves 24 se espera el ingreso de un nuevo frente de aire fr\u00edo con lluvias y nevadas en cordillera.<\/p>\n<p class=\"x_MsoNormal\">Las rutas provinciales se encuentran sensibles a modificaciones en su transitabilidad por lo que se solicita m\u00e1xima precauci\u00f3n en la circulaci\u00f3n de las mismas. Cabe recordar, tal como inform\u00f3 la Direcci\u00f3n de Vialidad Rionegrina, el corte programado por reparaciones de la Ruta Provincial N\u00ba88 que ser\u00e1 durante hoy y ma\u00f1ana.<\/p>\n<p class=\"x_MsoNormal\">\n<p class=\"x_MsoNormal\"><b><u>Recomendaciones<\/u><\/b><\/p>\n<p class=\"x_MsoNormal\">\n<p class=\"x_MsoNormal\">-Conducir respetando las velocidades ya que el viento puede desestabilizar el veh\u00edculo. Tambi\u00e9n se pueden hallar restos de \u00e1rboles u objetos arrastrados o derribados por las r\u00e1fagas de vientos.<\/p>\n<p class=\"x_MsoNormal\">-No encender fuego a cielo abierto para evitar su propagaci\u00f3n.<\/p>\n<p class=\"x_MsoNormal\">&#8211; Mantener los \u00e1rboles podados a fin de no provocar golpes contra los tendidos el\u00e9ctricos o ventanas.<\/p>\n<p class=\"x_MsoNormal\">-No exponerse a lugares pr\u00f3ximos a muros, zonas arboladas, cables de luz que se encuentren con riesgo a caer.<\/p>\n<p class=\"x_MsoNormal\">-Mantener cerradas puertas y ventanas.<\/p>\n<p class=\"x_MsoNormal\">&#8211; No subir a andamios, techos y\/o cornisas.<\/p>\n<p class=\"x_MsoNormal\">-Ante la probabilidad de cortes en el suministro el\u00e9ctrico, desenchufar equipos sensibles a posibles variaciones en el voltaje.<\/p>\n<p class=\"x_MsoNormal\">-Retirar objetos del exterior que puedan caer con el viento, como lonas, cables, l\u00e1minas y macetas, entre otros.<\/p>\n<p class=\"x_MsoNormal\">Finalmente, en caso de presentarse inconvenientes, comunicarse al RN Emergencias 911.<\/p>\n<p class=\"x_MsoNormal\"><b>\u00a0<\/b><\/p>\n<p><b><span lang=\"ES-AR\">Fuente: GOBIERNO DE R\u00cdO NEGRO<\/span><\/b><\/p>\n","protected":false},"excerpt":{"rendered":"<p>Viedma.-El Gobierno de R\u00edo Negro continuar\u00e1 trabajando en las zonas afectadas por las inclemencias clim\u00e1ticas, con el objetivo de ofrecer [&hellip;]<\/p>\n","protected":false},"author":2,"featured_media":33632,"comment_status":"open","ping_status":"open","sticky":false,"template":"","format":"standard","meta":{"site-sidebar-layout":"default","site-content-layout":"","ast-site-content-layout":"default","site-content-style":"default","site-sidebar-style":"default","ast-global-header-display":"","ast-banner-title-visibility":"","ast-main-header-display":"","ast-hfb-above-header-display":"","ast-hfb-below-header-display":"","ast-hfb-mobile-header-display":"","site-post-title":"","ast-breadcrumbs-content":"","ast-featured-img":"","footer-sml-layout":"","ast-disable-related-posts":"","theme-transparent-header-meta":"","adv-header-id-meta":"","stick-header-meta":"","header-above-stick-meta":"","header-main-stick-meta":"","header-below-stick-meta":"","astra-migrate-meta-layouts":"default","ast-page-background-enabled":"default","ast-page-background-meta":{"desktop":{"background-color":"var(--ast-global-color-5)","background-image":"","background-repeat":"repeat","background-position":"center center","background-size":"auto","background-attachment":"scroll","background-type":"","background-media":"","overlay-type":"","overlay-color":"","overlay-opacity":"","overlay-gradient":""},"tablet":{"background-color":"","background-image":"","background-repeat":"repeat","background-position":"center center","background-size":"auto","background-attachment":"scroll","background-type":"","background-media":"","overlay-type":"","overlay-color":"","overlay-opacity":"","overlay-gradient":""},"mobile":{"background-color":"","background-image":"","background-repeat":"repeat","background-position":"center center","background-size":"auto","background-attachment":"scroll","background-type":"","background-media":"","overlay-type":"","overlay-color":"","overlay-opacity":"","overlay-gradient":""}},"ast-content-background-meta":{"desktop":{"background-color":"var(--ast-global-color-4)","background-image":"","background-repeat":"repeat","background-position":"center center","background-size":"auto","background-attachment":"scroll","background-type":"","background-media":"","overlay-type":"","overlay-color":"","overlay-opacity":"","overlay-gradient":""},"tablet":{"background-color":"var(--ast-global-color-4)","background-image":"","background-repeat":"repeat","background-position":"center center","background-size":"auto","background-attachment":"scroll","background-type":"","background-media":"","overlay-type":"","overlay-color":"","overlay-opacity":"","overlay-gradient":""},"mobile":{"background-color":"var(--ast-global-color-4)","background-image":"","background-repeat":"repeat","background-position":"center center","background-size":"auto","background-attachment":"scroll","background-type":"","background-media":"","overlay-type":"","overlay-color":"","overlay-opacity":"","overlay-gradient":""}},"footnotes":""},"categories":[1,13,14],"tags":[],"class_list":["post-33631","post","type-post","status-publish","format-standard","has-post-thumbnail","hentry","category-noticias","category-provinciales","category-rio-negro"],"yoast_head":"<!-- This site is optimized with the Yoast SEO Premium plugin v23.0 (Yoast SEO v27.5) - https:\/\/yoast.com\/product\/yoast-seo-premium-wordpress\/ -->\n<title>Esta noche Se prev\u00e9n mejoras clim\u00e1ticas en diversas zonas de la Provincia<\/title>\n<meta name=\"robots\" content=\"index, follow, max-snippet:-1, max-image-preview:large, max-video-preview:-1\" \/>\n<link rel=\"canonical\" href=\"https:\/\/patagoniambiental.com.ar\/info\/esta-noche-se-preven-mejoras-climaticas-en-diversas-zonas-de-la-provincia\/\" \/>\n<meta property=\"og:locale\" content=\"es_ES\" \/>\n<meta property=\"og:type\" content=\"article\" \/>\n<meta property=\"og:title\" content=\"Esta noche Se prev\u00e9n mejoras clim\u00e1ticas en diversas zonas de la Provincia\" \/>\n<meta property=\"og:description\" content=\"Viedma.-El Gobierno de R\u00edo Negro continuar\u00e1 trabajando en las zonas afectadas por las inclemencias clim\u00e1ticas, con el objetivo de ofrecer [&hellip;]\" \/>\n<meta property=\"og:url\" content=\"https:\/\/patagoniambiental.com.ar\/info\/esta-noche-se-preven-mejoras-climaticas-en-diversas-zonas-de-la-provincia\/\" \/>\n<meta property=\"og:site_name\" content=\"Patagonia Ambiental\" \/>\n<meta property=\"article:publisher\" content=\"https:\/\/www.facebook.com\/patagonia.ambiental\" \/>\n<meta property=\"article:author\" content=\"https:\/\/www.facebook.com\/share\/1C1V8Gv9BX\/?mibextid=qi2Omg\" \/>\n<meta property=\"article:published_time\" content=\"2017-08-22T22:00:50+00:00\" \/>\n<meta property=\"og:image\" content=\"https:\/\/patagoniambiental.com.ar\/info\/wp-content\/uploads\/2017\/08\/Sin-t\u00edtulo-4.jpg\" \/>\n\t<meta property=\"og:image:width\" content=\"772\" \/>\n\t<meta property=\"og:image:height\" content=\"415\" \/>\n\t<meta property=\"og:image:type\" content=\"image\/jpeg\" \/>\n<meta name=\"author\" content=\"Patagonia Ambiental\" \/>\n<meta name=\"twitter:card\" content=\"summary_large_image\" \/>\n<meta name=\"twitter:creator\" content=\"@PatAmb\" \/>\n<meta name=\"twitter:site\" content=\"@PatAmb\" \/>\n<script type=\"application\/ld+json\" class=\"yoast-schema-graph\">{\"@context\":\"https:\\\/\\\/schema.org\",\"@graph\":[{\"@type\":\"Article\",\"@id\":\"https:\\\/\\\/patagoniambiental.com.ar\\\/info\\\/esta-noche-se-preven-mejoras-climaticas-en-diversas-zonas-de-la-provincia\\\/#article\",\"isPartOf\":{\"@id\":\"https:\\\/\\\/patagoniambiental.com.ar\\\/info\\\/esta-noche-se-preven-mejoras-climaticas-en-diversas-zonas-de-la-provincia\\\/\"},\"author\":{\"name\":\"Patagonia Ambiental\",\"@id\":\"https:\\\/\\\/patagoniambiental.com.ar\\\/info\\\/#\\\/schema\\\/person\\\/db12bff64bbcbf6a253710bf0ea37b5d\"},\"headline\":\"Esta noche Se prev\u00e9n mejoras clim\u00e1ticas en diversas zonas de la Provincia\",\"datePublished\":\"2017-08-22T22:00:50+00:00\",\"mainEntityOfPage\":{\"@id\":\"https:\\\/\\\/patagoniambiental.com.ar\\\/info\\\/esta-noche-se-preven-mejoras-climaticas-en-diversas-zonas-de-la-provincia\\\/\"},\"wordCount\":333,\"commentCount\":0,\"publisher\":{\"@id\":\"https:\\\/\\\/patagoniambiental.com.ar\\\/info\\\/#organization\"},\"image\":{\"@id\":\"https:\\\/\\\/patagoniambiental.com.ar\\\/info\\\/esta-noche-se-preven-mejoras-climaticas-en-diversas-zonas-de-la-provincia\\\/#primaryimage\"},\"thumbnailUrl\":\"https:\\\/\\\/patagoniambiental.com.ar\\\/info\\\/wp-content\\\/uploads\\\/2017\\\/08\\\/Sin-t\u00edtulo-4.jpg\",\"articleSection\":[\"Noticias\",\"Provinciales\",\"R\u00edo Negro\"],\"inLanguage\":\"es\",\"potentialAction\":[{\"@type\":\"CommentAction\",\"name\":\"Comment\",\"target\":[\"https:\\\/\\\/patagoniambiental.com.ar\\\/info\\\/esta-noche-se-preven-mejoras-climaticas-en-diversas-zonas-de-la-provincia\\\/#respond\"]}]},{\"@type\":\"WebPage\",\"@id\":\"https:\\\/\\\/patagoniambiental.com.ar\\\/info\\\/esta-noche-se-preven-mejoras-climaticas-en-diversas-zonas-de-la-provincia\\\/\",\"url\":\"https:\\\/\\\/patagoniambiental.com.ar\\\/info\\\/esta-noche-se-preven-mejoras-climaticas-en-diversas-zonas-de-la-provincia\\\/\",\"name\":\"Esta noche Se prev\u00e9n mejoras clim\u00e1ticas en diversas zonas de la Provincia\",\"isPartOf\":{\"@id\":\"https:\\\/\\\/patagoniambiental.com.ar\\\/info\\\/#website\"},\"primaryImageOfPage\":{\"@id\":\"https:\\\/\\\/patagoniambiental.com.ar\\\/info\\\/esta-noche-se-preven-mejoras-climaticas-en-diversas-zonas-de-la-provincia\\\/#primaryimage\"},\"image\":{\"@id\":\"https:\\\/\\\/patagoniambiental.com.ar\\\/info\\\/esta-noche-se-preven-mejoras-climaticas-en-diversas-zonas-de-la-provincia\\\/#primaryimage\"},\"thumbnailUrl\":\"https:\\\/\\\/patagoniambiental.com.ar\\\/info\\\/wp-content\\\/uploads\\\/2017\\\/08\\\/Sin-t\u00edtulo-4.jpg\",\"datePublished\":\"2017-08-22T22:00:50+00:00\",\"breadcrumb\":{\"@id\":\"https:\\\/\\\/patagoniambiental.com.ar\\\/info\\\/esta-noche-se-preven-mejoras-climaticas-en-diversas-zonas-de-la-provincia\\\/#breadcrumb\"},\"inLanguage\":\"es\",\"potentialAction\":[{\"@type\":\"ReadAction\",\"target\":[\"https:\\\/\\\/patagoniambiental.com.ar\\\/info\\\/esta-noche-se-preven-mejoras-climaticas-en-diversas-zonas-de-la-provincia\\\/\"]}]},{\"@type\":\"ImageObject\",\"inLanguage\":\"es\",\"@id\":\"https:\\\/\\\/patagoniambiental.com.ar\\\/info\\\/esta-noche-se-preven-mejoras-climaticas-en-diversas-zonas-de-la-provincia\\\/#primaryimage\",\"url\":\"https:\\\/\\\/patagoniambiental.com.ar\\\/info\\\/wp-content\\\/uploads\\\/2017\\\/08\\\/Sin-t\u00edtulo-4.jpg\",\"contentUrl\":\"https:\\\/\\\/patagoniambiental.com.ar\\\/info\\\/wp-content\\\/uploads\\\/2017\\\/08\\\/Sin-t\u00edtulo-4.jpg\",\"width\":772,\"height\":415},{\"@type\":\"BreadcrumbList\",\"@id\":\"https:\\\/\\\/patagoniambiental.com.ar\\\/info\\\/esta-noche-se-preven-mejoras-climaticas-en-diversas-zonas-de-la-provincia\\\/#breadcrumb\",\"itemListElement\":[{\"@type\":\"ListItem\",\"position\":1,\"name\":\"Inicio\",\"item\":\"https:\\\/\\\/patagoniambiental.com.ar\\\/info\\\/\"},{\"@type\":\"ListItem\",\"position\":2,\"name\":\"Esta noche Se prev\u00e9n mejoras clim\u00e1ticas en diversas zonas de la Provincia\"}]},{\"@type\":\"WebSite\",\"@id\":\"https:\\\/\\\/patagoniambiental.com.ar\\\/info\\\/#website\",\"url\":\"https:\\\/\\\/patagoniambiental.com.ar\\\/info\\\/\",\"name\":\"Patagonia Ambiental\",\"description\":\"Monitoreo y an\u00e1lisis de la situaci\u00f3n geopol\u00edtica en el mundo y su implicancia en la Patagonia\",\"publisher\":{\"@id\":\"https:\\\/\\\/patagoniambiental.com.ar\\\/info\\\/#organization\"},\"potentialAction\":[{\"@type\":\"SearchAction\",\"target\":{\"@type\":\"EntryPoint\",\"urlTemplate\":\"https:\\\/\\\/patagoniambiental.com.ar\\\/info\\\/?s={search_term_string}\"},\"query-input\":{\"@type\":\"PropertyValueSpecification\",\"valueRequired\":true,\"valueName\":\"search_term_string\"}}],\"inLanguage\":\"es\"},{\"@type\":\"Organization\",\"@id\":\"https:\\\/\\\/patagoniambiental.com.ar\\\/info\\\/#organization\",\"name\":\"Patagonia Ambiental\",\"url\":\"https:\\\/\\\/patagoniambiental.com.ar\\\/info\\\/\",\"logo\":{\"@type\":\"ImageObject\",\"inLanguage\":\"es\",\"@id\":\"https:\\\/\\\/patagoniambiental.com.ar\\\/info\\\/#\\\/schema\\\/logo\\\/image\\\/\",\"url\":\"https:\\\/\\\/patagoniambiental.com.ar\\\/info\\\/wp-content\\\/uploads\\\/2025\\\/05\\\/LOGO-PATAGONIA-AMBIENTAL.png\",\"contentUrl\":\"https:\\\/\\\/patagoniambiental.com.ar\\\/info\\\/wp-content\\\/uploads\\\/2025\\\/05\\\/LOGO-PATAGONIA-AMBIENTAL.png\",\"width\":433,\"height\":250,\"caption\":\"Patagonia Ambiental\"},\"image\":{\"@id\":\"https:\\\/\\\/patagoniambiental.com.ar\\\/info\\\/#\\\/schema\\\/logo\\\/image\\\/\"},\"sameAs\":[\"https:\\\/\\\/www.facebook.com\\\/patagonia.ambiental\",\"https:\\\/\\\/x.com\\\/PatAmb\"]},{\"@type\":\"Person\",\"@id\":\"https:\\\/\\\/patagoniambiental.com.ar\\\/info\\\/#\\\/schema\\\/person\\\/db12bff64bbcbf6a253710bf0ea37b5d\",\"name\":\"Patagonia Ambiental\",\"description\":\"Andr\u00e9s Nievas T\u00e9cnico en manejo ambiental, consultor Ambiental y escritor para medios locales e internacionales sobre temas de geopolitica y medio ambiente.\",\"sameAs\":[\"http:\\\/\\\/www.patagoniambiental.com.ar\",\"https:\\\/\\\/www.facebook.com\\\/share\\\/1C1V8Gv9BX\\\/?mibextid=qi2Omg\",\"@patagoniambiental\",\"https:\\\/\\\/youtube.com\\\/@patagoniaambiental2023?si=BLt58t0wuXquxlYZ\"]}]}<\/script>\n<!-- \/ Yoast SEO Premium plugin. -->","yoast_head_json":{"title":"Esta noche Se prev\u00e9n mejoras clim\u00e1ticas en diversas zonas de la Provincia","robots":{"index":"index","follow":"follow","max-snippet":"max-snippet:-1","max-image-preview":"max-image-preview:large","max-video-preview":"max-video-preview:-1"},"canonical":"https:\/\/patagoniambiental.com.ar\/info\/esta-noche-se-preven-mejoras-climaticas-en-diversas-zonas-de-la-provincia\/","og_locale":"es_ES","og_type":"article","og_title":"Esta noche Se prev\u00e9n mejoras clim\u00e1ticas en diversas zonas de la Provincia","og_description":"Viedma.-El Gobierno de R\u00edo Negro continuar\u00e1 trabajando en las zonas afectadas por las inclemencias clim\u00e1ticas, con el objetivo de ofrecer [&hellip;]","og_url":"https:\/\/patagoniambiental.com.ar\/info\/esta-noche-se-preven-mejoras-climaticas-en-diversas-zonas-de-la-provincia\/","og_site_name":"Patagonia Ambiental","article_publisher":"https:\/\/www.facebook.com\/patagonia.ambiental","article_author":"https:\/\/www.facebook.com\/share\/1C1V8Gv9BX\/?mibextid=qi2Omg","article_published_time":"2017-08-22T22:00:50+00:00","og_image":[{"width":772,"height":415,"url":"https:\/\/patagoniambiental.com.ar\/info\/wp-content\/uploads\/2017\/08\/Sin-t\u00edtulo-4.jpg","type":"image\/jpeg"}],"author":"Patagonia Ambiental","twitter_card":"summary_large_image","twitter_creator":"@PatAmb","twitter_site":"@PatAmb","schema":{"@context":"https:\/\/schema.org","@graph":[{"@type":"Article","@id":"https:\/\/patagoniambiental.com.ar\/info\/esta-noche-se-preven-mejoras-climaticas-en-diversas-zonas-de-la-provincia\/#article","isPartOf":{"@id":"https:\/\/patagoniambiental.com.ar\/info\/esta-noche-se-preven-mejoras-climaticas-en-diversas-zonas-de-la-provincia\/"},"author":{"name":"Patagonia Ambiental","@id":"https:\/\/patagoniambiental.com.ar\/info\/#\/schema\/person\/db12bff64bbcbf6a253710bf0ea37b5d"},"headline":"Esta noche Se prev\u00e9n mejoras clim\u00e1ticas en diversas zonas de la Provincia","datePublished":"2017-08-22T22:00:50+00:00","mainEntityOfPage":{"@id":"https:\/\/patagoniambiental.com.ar\/info\/esta-noche-se-preven-mejoras-climaticas-en-diversas-zonas-de-la-provincia\/"},"wordCount":333,"commentCount":0,"publisher":{"@id":"https:\/\/patagoniambiental.com.ar\/info\/#organization"},"image":{"@id":"https:\/\/patagoniambiental.com.ar\/info\/esta-noche-se-preven-mejoras-climaticas-en-diversas-zonas-de-la-provincia\/#primaryimage"},"thumbnailUrl":"https:\/\/patagoniambiental.com.ar\/info\/wp-content\/uploads\/2017\/08\/Sin-t\u00edtulo-4.jpg","articleSection":["Noticias","Provinciales","R\u00edo Negro"],"inLanguage":"es","potentialAction":[{"@type":"CommentAction","name":"Comment","target":["https:\/\/patagoniambiental.com.ar\/info\/esta-noche-se-preven-mejoras-climaticas-en-diversas-zonas-de-la-provincia\/#respond"]}]},{"@type":"WebPage","@id":"https:\/\/patagoniambiental.com.ar\/info\/esta-noche-se-preven-mejoras-climaticas-en-diversas-zonas-de-la-provincia\/","url":"https:\/\/patagoniambiental.com.ar\/info\/esta-noche-se-preven-mejoras-climaticas-en-diversas-zonas-de-la-provincia\/","name":"Esta noche Se prev\u00e9n mejoras clim\u00e1ticas en diversas zonas de la Provincia","isPartOf":{"@id":"https:\/\/patagoniambiental.com.ar\/info\/#website"},"primaryImageOfPage":{"@id":"https:\/\/patagoniambiental.com.ar\/info\/esta-noche-se-preven-mejoras-climaticas-en-diversas-zonas-de-la-provincia\/#primaryimage"},"image":{"@id":"https:\/\/patagoniambiental.com.ar\/info\/esta-noche-se-preven-mejoras-climaticas-en-diversas-zonas-de-la-provincia\/#primaryimage"},"thumbnailUrl":"https:\/\/patagoniambiental.com.ar\/info\/wp-content\/uploads\/2017\/08\/Sin-t\u00edtulo-4.jpg","datePublished":"2017-08-22T22:00:50+00:00","breadcrumb":{"@id":"https:\/\/patagoniambiental.com.ar\/info\/esta-noche-se-preven-mejoras-climaticas-en-diversas-zonas-de-la-provincia\/#breadcrumb"},"inLanguage":"es","potentialAction":[{"@type":"ReadAction","target":["https:\/\/patagoniambiental.com.ar\/info\/esta-noche-se-preven-mejoras-climaticas-en-diversas-zonas-de-la-provincia\/"]}]},{"@type":"ImageObject","inLanguage":"es","@id":"https:\/\/patagoniambiental.com.ar\/info\/esta-noche-se-preven-mejoras-climaticas-en-diversas-zonas-de-la-provincia\/#primaryimage","url":"https:\/\/patagoniambiental.com.ar\/info\/wp-content\/uploads\/2017\/08\/Sin-t\u00edtulo-4.jpg","contentUrl":"https:\/\/patagoniambiental.com.ar\/info\/wp-content\/uploads\/2017\/08\/Sin-t\u00edtulo-4.jpg","width":772,"height":415},{"@type":"BreadcrumbList","@id":"https:\/\/patagoniambiental.com.ar\/info\/esta-noche-se-preven-mejoras-climaticas-en-diversas-zonas-de-la-provincia\/#breadcrumb","itemListElement":[{"@type":"ListItem","position":1,"name":"Inicio","item":"https:\/\/patagoniambiental.com.ar\/info\/"},{"@type":"ListItem","position":2,"name":"Esta noche Se prev\u00e9n mejoras clim\u00e1ticas en diversas zonas de la Provincia"}]},{"@type":"WebSite","@id":"https:\/\/patagoniambiental.com.ar\/info\/#website","url":"https:\/\/patagoniambiental.com.ar\/info\/","name":"Patagonia Ambiental","description":"Monitoreo y an\u00e1lisis de la situaci\u00f3n geopol\u00edtica en el mundo y su implicancia en la Patagonia","publisher":{"@id":"https:\/\/patagoniambiental.com.ar\/info\/#organization"},"potentialAction":[{"@type":"SearchAction","target":{"@type":"EntryPoint","urlTemplate":"https:\/\/patagoniambiental.com.ar\/info\/?s={search_term_string}"},"query-input":{"@type":"PropertyValueSpecification","valueRequired":true,"valueName":"search_term_string"}}],"inLanguage":"es"},{"@type":"Organization","@id":"https:\/\/patagoniambiental.com.ar\/info\/#organization","name":"Patagonia Ambiental","url":"https:\/\/patagoniambiental.com.ar\/info\/","logo":{"@type":"ImageObject","inLanguage":"es","@id":"https:\/\/patagoniambiental.com.ar\/info\/#\/schema\/logo\/image\/","url":"https:\/\/patagoniambiental.com.ar\/info\/wp-content\/uploads\/2025\/05\/LOGO-PATAGONIA-AMBIENTAL.png","contentUrl":"https:\/\/patagoniambiental.com.ar\/info\/wp-content\/uploads\/2025\/05\/LOGO-PATAGONIA-AMBIENTAL.png","width":433,"height":250,"caption":"Patagonia Ambiental"},"image":{"@id":"https:\/\/patagoniambiental.com.ar\/info\/#\/schema\/logo\/image\/"},"sameAs":["https:\/\/www.facebook.com\/patagonia.ambiental","https:\/\/x.com\/PatAmb"]},{"@type":"Person","@id":"https:\/\/patagoniambiental.com.ar\/info\/#\/schema\/person\/db12bff64bbcbf6a253710bf0ea37b5d","name":"Patagonia Ambiental","description":"Andr\u00e9s Nievas T\u00e9cnico en manejo ambiental, consultor Ambiental y escritor para medios locales e internacionales sobre temas de geopolitica y medio ambiente.","sameAs":["http:\/\/www.patagoniambiental.com.ar","https:\/\/www.facebook.com\/share\/1C1V8Gv9BX\/?mibextid=qi2Omg","@patagoniambiental","https:\/\/youtube.com\/@patagoniaambiental2023?si=BLt58t0wuXquxlYZ"]}]}},"_links":{"self":[{"href":"https:\/\/patagoniambiental.com.ar\/info\/wp-json\/wp\/v2\/posts\/33631","targetHints":{"allow":["GET"]}}],"collection":[{"href":"https:\/\/patagoniambiental.com.ar\/info\/wp-json\/wp\/v2\/posts"}],"about":[{"href":"https:\/\/patagoniambiental.com.ar\/info\/wp-json\/wp\/v2\/types\/post"}],"author":[{"embeddable":true,"href":"https:\/\/patagoniambiental.com.ar\/info\/wp-json\/wp\/v2\/users\/2"}],"replies":[{"embeddable":true,"href":"https:\/\/patagoniambiental.com.ar\/info\/wp-json\/wp\/v2\/comments?post=33631"}],"version-history":[{"count":0,"href":"https:\/\/patagoniambiental.com.ar\/info\/wp-json\/wp\/v2\/posts\/33631\/revisions"}],"wp:featuredmedia":[{"embeddable":true,"href":"https:\/\/patagoniambiental.com.ar\/info\/wp-json\/wp\/v2\/media\/33632"}],"wp:attachment":[{"href":"https:\/\/patagoniambiental.com.ar\/info\/wp-json\/wp\/v2\/media?parent=33631"}],"wp:term":[{"taxonomy":"category","embeddable":true,"href":"https:\/\/patagoniambiental.com.ar\/info\/wp-json\/wp\/v2\/categories?post=33631"},{"taxonomy":"post_tag","embeddable":true,"href":"https:\/\/patagoniambiental.com.ar\/info\/wp-json\/wp\/v2\/tags?post=33631"}],"curies":[{"name":"wp","href":"https:\/\/api.w.org\/{rel}","templated":true}]}}