{"id":33647,"date":"2017-08-22T19:00:47","date_gmt":"2017-08-22T22:00:47","guid":{"rendered":"http:\/\/patagoniambiental.com.ar\/info\/?p=33647"},"modified":"2017-08-22T16:35:39","modified_gmt":"2017-08-22T19:35:39","slug":"lewis-ya-vende-la-energia-del-rio-escondido","status":"publish","type":"post","link":"https:\/\/patagoniambiental.com.ar\/info\/lewis-ya-vende-la-energia-del-rio-escondido\/","title":{"rendered":"Lewis ya vende la energ\u00eda del r\u00edo Escondido"},"content":{"rendered":"<div id=\"p_p_id_contentviewerportlet_WAR_newsportlet_INSTANCE_7b46250c2ded4bb09ceadd10f25cd300_\" class=\"portlet-boundary portlet-boundary_contentviewerportlet_WAR_newsportlet_ portlet-static portlet-static-end content-viewer-portlet \">\n<div class=\"td-portlet\">\n<section id=\"portlet_contentviewerportlet_WAR_newsportlet_INSTANCE_7b46250c2ded4bb09ceadd10f25cd300\" class=\"portlet\">\n<div class=\"portlet-content\">\n<div class=\" portlet-content-container\">\n<div class=\"portlet-body\">\n<div class=\"last td-viewer full-access\">\n<div class=\"template-90\">\n<div class=\"left-block\">\n<p class=\"location font-2-ebold fs16\"><a href=\"http:\/\/www.rionegro.com.ar\/tag\/-\/meta\/el-bolson\">EL BOLS\u00d3N.-<\/a>La centra hidroel\u00e9ctrica comenz\u00f3 a entregar la producci\u00f3n a la red nacional. Para abastecer El Bols\u00f3n faltan obras.<br \/>\n<!--more--><\/p>\n<div class=\"block-author\">\n<div class=\"block\">\n<figure class=\"img-author\">\n<div><img class=\" lazyloaded\" srcset=\"\/\/www.rionegro.com.ar\/documents\/1\/0\/55x55\/0c0\/0d0\/none\/12350\/DGXF\/image_content_6997186_20160426180520.png 55w\" alt=\"Image\" width=\"55\" height=\"55\" data-srcset=\"\/\/www.rionegro.com.ar\/documents\/1\/0\/55x55\/0c0\/0d0\/none\/12350\/DGXF\/image_content_6997186_20160426180520.png 55w\" \/><\/div>\n<\/figure>\n<\/div>\n<div class=\"info-author\">\n<div class=\"byline font-1-bold fs12\"><a href=\"http:\/\/www.rionegro.com.ar\/tag\/-\/meta\/martin-belvis\">MART\u00cdN BELVIS<\/a><\/div>\n<div class=\"byline email font-1 fs12\"><\/div>\n<\/div>\n<\/div>\n<div class=\"datefrom font-2 fs10\">22 AGO 2017 &#8211; 00:00<\/div>\n<\/div>\n<div class=\"cl\"><\/div>\n<\/div>\n<\/div>\n<\/div>\n<\/div>\n<\/div>\n<\/section>\n<\/div>\n<\/div>\n<p>&nbsp;<\/p>\n<div id=\"p_p_id_relatedviewerportlet_WAR_newsportlet_INSTANCE_2caf61592e674fbebb4407f508589526_\" class=\"portlet-boundary portlet-boundary_relatedviewerportlet_WAR_newsportlet_ portlet-static portlet-static-end related-viewer-portlet advanced-91\"><\/div>\n<div id=\"p_p_id_contentviewerportlet_WAR_newsportlet_INSTANCE_821e1339b7ea435c95f10c94a28dac2f_\" class=\"portlet-boundary portlet-boundary_contentviewerportlet_WAR_newsportlet_ portlet-static portlet-static-end content-viewer-portlet \">\n<p>&nbsp;<\/p>\n<div class=\"td-portlet\">\n<section id=\"portlet_contentviewerportlet_WAR_newsportlet_INSTANCE_821e1339b7ea435c95f10c94a28dac2f\" class=\"portlet\">\n<div class=\"portlet-content\">\n<div class=\" portlet-content-container\">\n<div class=\"portlet-body\">\n<div class=\"last td-viewer full-access\">\n<div class=\"template-92\">\n<div class=\"left-block\">\n<div class=\"bx-wrapper\">\n<div class=\"bx-viewport\">\n<div class=\"multimediaMacroWrapper bxMultimedia3392779\">\n<div class=\"contentMedia art-gallery\">\n<figure class=\"cutlineShow\">\n<div><img fetchpriority=\"high\" class=\" lazyloaded\" title=\"El agua que la central toma pasa por las turbinas y es restituida al r\u00edo en el mismo volumen. - DeBariloche - Diario Rio Negro - rionegro.com.ar\" srcset=\"\/\/www.rionegro.com.ar\/documents\/1\/0\/708x370\/24c0\/660d370\/none\/12350\/OROF\/image_content_8746667_20170821201924.jpg 660w\" alt=\"El agua que la central toma pasa por las turbinas y es restituida al r\u00edo en el mismo volumen. - DeBariloche - Diario Rio Negro - rionegro.com.ar\" width=\"660\" height=\"370\" data-srcset=\"\/\/www.rionegro.com.ar\/documents\/1\/0\/708x370\/24c0\/660d370\/none\/12350\/OROF\/image_content_8746667_20170821201924.jpg 660w\" \/><\/div>\n<\/figure>\n<div class=\"cutline\">El agua que la central toma pasa por las turbinas y es restituida al r\u00edo en el mismo volumen.<span class=\"byline-image\">\u00a0(Foto: Archivo)<\/span><\/div>\n<\/div>\n<\/div>\n<\/div>\n<div class=\"bx-controls bx-has-controls-direction\"><\/div>\n<\/div>\n<div class=\"separator\">La central hidroel\u00e9ctrica R\u00edo Escondido, que el empresario ingl\u00e9s Joseph Lewis construy\u00f3 en su estancia ubicada al norte de El Bols\u00f3n, ya comenz\u00f3 a entregar al sistema nacional la energ\u00eda que genera.<\/div>\n<\/div>\n<\/div>\n<\/div>\n<\/div>\n<\/div>\n<\/div>\n<\/section>\n<\/div>\n<\/div>\n<div id=\"p_p_id_contentviewerportlet_WAR_newsportlet_INSTANCE_2da676f355cc46a1b3f3c447b66ecce2_\" class=\"portlet-boundary portlet-boundary_contentviewerportlet_WAR_newsportlet_ portlet-static portlet-static-end content-viewer-portlet \">\n<div class=\"td-portlet\">\n<section id=\"portlet_contentviewerportlet_WAR_newsportlet_INSTANCE_2da676f355cc46a1b3f3c447b66ecce2\" class=\"portlet\">\n<div class=\"portlet-content\">\n<div class=\" portlet-content-container\">\n<div class=\"portlet-body\">\n<div class=\"last td-viewer full-access\">\n<div class=\"template-94\">\n<div class=\"left-block\">\n<div class=\"text font-4 fs16 resizable\">\n<div class=\"paragraph\">\n<p>Fuentes del mercado el\u00e9ctrico nacional confirmaron que la central entr\u00f3 en fase comercial el 12 de agosto pasado. La usina tiene una potencia nominal de 7,2 megavatios (MW) pero por ahora s\u00f3lo est\u00e1 entregando poco m\u00e1s de 3. La central est\u00e1 dentro de Lago Escondido, la estancia que Lewis desarroll\u00f3 en las tierras que compr\u00f3 hace m\u00e1s de 20 a\u00f1os. No es la primera usina que montan en la propiedad, pero a diferencia de la anterior, que era totalmente para autogeneraci\u00f3n, en este caso existe un fin comercial.<\/p>\n<p>El tendido que une la central con la estaci\u00f3n transformadora El Bols\u00f3n, de m\u00e1s de 30 kil\u00f3metros, corre en su mayor parte de manera subterr\u00e1nea y por las tierras de Hidden Lake, la empresa que Lewis cre\u00f3 para administrar Lago Escondido.<\/p>\n<p>En el centro de la propiedad, el lago Escondido sigue generando controversias por las complicaciones para el acceso p\u00fablico, una bandera que levanta la senadora y ahora candidata a diputada nacional Magdalena Odarda.<\/p>\n<p>El agua del r\u00edo Escondido, como la del lago, es de dominio p\u00fablico. La empresa que cre\u00f3 Lewis para esta operaci\u00f3n, Patagonia Energ\u00eda, tiene autorizaci\u00f3n provincial para utilizar ese recurso.<\/p>\n<p>El impacto ecol\u00f3gico es m\u00ednimo, ya que, al ser de paso, no hay embalse, y todo lo que se toma para generar es restituido al mismo curso de agua.<\/p>\n<p>El tendido el\u00e9ctrico tambi\u00e9n qued\u00f3 en manos de Patagonia Energ\u00eda en lo que hace a su operaci\u00f3n y mantenimiento.<\/p>\n<p>Por ahora, la producci\u00f3n pasa por El Bols\u00f3n y llega hasta la estaci\u00f3n Las Golondrinas, en Chubut, informaron las fuentes del mercado consultadas.<\/p>\n<p>Para que Edersa utilice esa energ\u00eda desde su estaci\u00f3n transformadora, es preciso construir celdas y otros sistemas de protecci\u00f3n. Se estima que las obras tardar\u00e1n al menos cuatro meses.<\/p>\n<p>Fuente: Diario Rio Negro<\/p>\n<\/div>\n<\/div>\n<\/div>\n<\/div>\n<\/div>\n<\/div>\n<\/div>\n<\/div>\n<\/section>\n<\/div>\n<\/div>\n","protected":false},"excerpt":{"rendered":"<p>EL BOLS\u00d3N.-La centra hidroel\u00e9ctrica comenz\u00f3 a entregar la producci\u00f3n a la red nacional. Para abastecer El Bols\u00f3n faltan obras.<\/p>\n","protected":false},"author":2,"featured_media":33648,"comment_status":"open","ping_status":"open","sticky":false,"template":"","format":"standard","meta":{"site-sidebar-layout":"default","site-content-layout":"","ast-site-content-layout":"default","site-content-style":"default","site-sidebar-style":"default","ast-global-header-display":"","ast-banner-title-visibility":"","ast-main-header-display":"","ast-hfb-above-header-display":"","ast-hfb-below-header-display":"","ast-hfb-mobile-header-display":"","site-post-title":"","ast-breadcrumbs-content":"","ast-featured-img":"","footer-sml-layout":"","ast-disable-related-posts":"","theme-transparent-header-meta":"","adv-header-id-meta":"","stick-header-meta":"","header-above-stick-meta":"","header-main-stick-meta":"","header-below-stick-meta":"","astra-migrate-meta-layouts":"default","ast-page-background-enabled":"default","ast-page-background-meta":{"desktop":{"background-color":"var(--ast-global-color-5)","background-image":"","background-repeat":"repeat","background-position":"center center","background-size":"auto","background-attachment":"scroll","background-type":"","background-media":"","overlay-type":"","overlay-color":"","overlay-opacity":"","overlay-gradient":""},"tablet":{"background-color":"","background-image":"","background-repeat":"repeat","background-position":"center center","background-size":"auto","background-attachment":"scroll","background-type":"","background-media":"","overlay-type":"","overlay-color":"","overlay-opacity":"","overlay-gradient":""},"mobile":{"background-color":"","background-image":"","background-repeat":"repeat","background-position":"center center","background-size":"auto","background-attachment":"scroll","background-type":"","background-media":"","overlay-type":"","overlay-color":"","overlay-opacity":"","overlay-gradient":""}},"ast-content-background-meta":{"desktop":{"background-color":"var(--ast-global-color-4)","background-image":"","background-repeat":"repeat","background-position":"center center","background-size":"auto","background-attachment":"scroll","background-type":"","background-media":"","overlay-type":"","overlay-color":"","overlay-opacity":"","overlay-gradient":""},"tablet":{"background-color":"var(--ast-global-color-4)","background-image":"","background-repeat":"repeat","background-position":"center center","background-size":"auto","background-attachment":"scroll","background-type":"","background-media":"","overlay-type":"","overlay-color":"","overlay-opacity":"","overlay-gradient":""},"mobile":{"background-color":"var(--ast-global-color-4)","background-image":"","background-repeat":"repeat","background-position":"center center","background-size":"auto","background-attachment":"scroll","background-type":"","background-media":"","overlay-type":"","overlay-color":"","overlay-opacity":"","overlay-gradient":""}},"footnotes":""},"categories":[1,13,14],"tags":[],"class_list":["post-33647","post","type-post","status-publish","format-standard","has-post-thumbnail","hentry","category-noticias","category-provinciales","category-rio-negro"],"yoast_head":"<!-- This site is optimized with the Yoast SEO Premium plugin v23.0 (Yoast SEO v27.5) - https:\/\/yoast.com\/product\/yoast-seo-premium-wordpress\/ -->\n<title>Lewis ya vende la energ\u00eda del r\u00edo Escondido<\/title>\n<meta name=\"robots\" content=\"index, follow, max-snippet:-1, max-image-preview:large, max-video-preview:-1\" \/>\n<link rel=\"canonical\" href=\"https:\/\/patagoniambiental.com.ar\/info\/lewis-ya-vende-la-energia-del-rio-escondido\/\" \/>\n<meta property=\"og:locale\" content=\"es_ES\" \/>\n<meta property=\"og:type\" content=\"article\" \/>\n<meta property=\"og:title\" content=\"Lewis ya vende la energ\u00eda del r\u00edo Escondido\" \/>\n<meta property=\"og:description\" content=\"EL BOLS\u00d3N.-La centra hidroel\u00e9ctrica comenz\u00f3 a entregar la producci\u00f3n a la red nacional. Para abastecer El Bols\u00f3n faltan obras.\" \/>\n<meta property=\"og:url\" content=\"https:\/\/patagoniambiental.com.ar\/info\/lewis-ya-vende-la-energia-del-rio-escondido\/\" \/>\n<meta property=\"og:site_name\" content=\"Patagonia Ambiental\" \/>\n<meta property=\"article:publisher\" content=\"https:\/\/www.facebook.com\/patagonia.ambiental\" \/>\n<meta property=\"article:author\" content=\"https:\/\/www.facebook.com\/share\/1C1V8Gv9BX\/?mibextid=qi2Omg\" \/>\n<meta property=\"article:published_time\" content=\"2017-08-22T22:00:47+00:00\" \/>\n<meta property=\"og:image\" content=\"https:\/\/patagoniambiental.com.ar\/info\/wp-content\/uploads\/2017\/08\/image_content_8746667_20170821201924.jpg\" \/>\n\t<meta property=\"og:image:width\" content=\"660\" \/>\n\t<meta property=\"og:image:height\" content=\"370\" \/>\n\t<meta property=\"og:image:type\" content=\"image\/jpeg\" \/>\n<meta name=\"author\" content=\"Patagonia Ambiental\" \/>\n<meta name=\"twitter:card\" content=\"summary_large_image\" \/>\n<meta name=\"twitter:creator\" content=\"@PatAmb\" \/>\n<meta name=\"twitter:site\" content=\"@PatAmb\" \/>\n<script type=\"application\/ld+json\" class=\"yoast-schema-graph\">{\"@context\":\"https:\\\/\\\/schema.org\",\"@graph\":[{\"@type\":\"Article\",\"@id\":\"https:\\\/\\\/patagoniambiental.com.ar\\\/info\\\/lewis-ya-vende-la-energia-del-rio-escondido\\\/#article\",\"isPartOf\":{\"@id\":\"https:\\\/\\\/patagoniambiental.com.ar\\\/info\\\/lewis-ya-vende-la-energia-del-rio-escondido\\\/\"},\"author\":{\"name\":\"Patagonia Ambiental\",\"@id\":\"https:\\\/\\\/patagoniambiental.com.ar\\\/info\\\/#\\\/schema\\\/person\\\/db12bff64bbcbf6a253710bf0ea37b5d\"},\"headline\":\"Lewis ya vende la energ\u00eda del r\u00edo Escondido\",\"datePublished\":\"2017-08-22T22:00:47+00:00\",\"mainEntityOfPage\":{\"@id\":\"https:\\\/\\\/patagoniambiental.com.ar\\\/info\\\/lewis-ya-vende-la-energia-del-rio-escondido\\\/\"},\"wordCount\":421,\"commentCount\":0,\"publisher\":{\"@id\":\"https:\\\/\\\/patagoniambiental.com.ar\\\/info\\\/#organization\"},\"image\":{\"@id\":\"https:\\\/\\\/patagoniambiental.com.ar\\\/info\\\/lewis-ya-vende-la-energia-del-rio-escondido\\\/#primaryimage\"},\"thumbnailUrl\":\"https:\\\/\\\/patagoniambiental.com.ar\\\/info\\\/wp-content\\\/uploads\\\/2017\\\/08\\\/image_content_8746667_20170821201924.jpg\",\"articleSection\":[\"Noticias\",\"Provinciales\",\"R\u00edo Negro\"],\"inLanguage\":\"es\",\"potentialAction\":[{\"@type\":\"CommentAction\",\"name\":\"Comment\",\"target\":[\"https:\\\/\\\/patagoniambiental.com.ar\\\/info\\\/lewis-ya-vende-la-energia-del-rio-escondido\\\/#respond\"]}]},{\"@type\":\"WebPage\",\"@id\":\"https:\\\/\\\/patagoniambiental.com.ar\\\/info\\\/lewis-ya-vende-la-energia-del-rio-escondido\\\/\",\"url\":\"https:\\\/\\\/patagoniambiental.com.ar\\\/info\\\/lewis-ya-vende-la-energia-del-rio-escondido\\\/\",\"name\":\"Lewis ya vende la energ\u00eda del r\u00edo Escondido\",\"isPartOf\":{\"@id\":\"https:\\\/\\\/patagoniambiental.com.ar\\\/info\\\/#website\"},\"primaryImageOfPage\":{\"@id\":\"https:\\\/\\\/patagoniambiental.com.ar\\\/info\\\/lewis-ya-vende-la-energia-del-rio-escondido\\\/#primaryimage\"},\"image\":{\"@id\":\"https:\\\/\\\/patagoniambiental.com.ar\\\/info\\\/lewis-ya-vende-la-energia-del-rio-escondido\\\/#primaryimage\"},\"thumbnailUrl\":\"https:\\\/\\\/patagoniambiental.com.ar\\\/info\\\/wp-content\\\/uploads\\\/2017\\\/08\\\/image_content_8746667_20170821201924.jpg\",\"datePublished\":\"2017-08-22T22:00:47+00:00\",\"breadcrumb\":{\"@id\":\"https:\\\/\\\/patagoniambiental.com.ar\\\/info\\\/lewis-ya-vende-la-energia-del-rio-escondido\\\/#breadcrumb\"},\"inLanguage\":\"es\",\"potentialAction\":[{\"@type\":\"ReadAction\",\"target\":[\"https:\\\/\\\/patagoniambiental.com.ar\\\/info\\\/lewis-ya-vende-la-energia-del-rio-escondido\\\/\"]}]},{\"@type\":\"ImageObject\",\"inLanguage\":\"es\",\"@id\":\"https:\\\/\\\/patagoniambiental.com.ar\\\/info\\\/lewis-ya-vende-la-energia-del-rio-escondido\\\/#primaryimage\",\"url\":\"https:\\\/\\\/patagoniambiental.com.ar\\\/info\\\/wp-content\\\/uploads\\\/2017\\\/08\\\/image_content_8746667_20170821201924.jpg\",\"contentUrl\":\"https:\\\/\\\/patagoniambiental.com.ar\\\/info\\\/wp-content\\\/uploads\\\/2017\\\/08\\\/image_content_8746667_20170821201924.jpg\",\"width\":660,\"height\":370},{\"@type\":\"BreadcrumbList\",\"@id\":\"https:\\\/\\\/patagoniambiental.com.ar\\\/info\\\/lewis-ya-vende-la-energia-del-rio-escondido\\\/#breadcrumb\",\"itemListElement\":[{\"@type\":\"ListItem\",\"position\":1,\"name\":\"Inicio\",\"item\":\"https:\\\/\\\/patagoniambiental.com.ar\\\/info\\\/\"},{\"@type\":\"ListItem\",\"position\":2,\"name\":\"Lewis ya vende la energ\u00eda del r\u00edo Escondido\"}]},{\"@type\":\"WebSite\",\"@id\":\"https:\\\/\\\/patagoniambiental.com.ar\\\/info\\\/#website\",\"url\":\"https:\\\/\\\/patagoniambiental.com.ar\\\/info\\\/\",\"name\":\"Patagonia Ambiental\",\"description\":\"Monitoreo y an\u00e1lisis de la situaci\u00f3n geopol\u00edtica en el mundo y su implicancia en la Patagonia\",\"publisher\":{\"@id\":\"https:\\\/\\\/patagoniambiental.com.ar\\\/info\\\/#organization\"},\"potentialAction\":[{\"@type\":\"SearchAction\",\"target\":{\"@type\":\"EntryPoint\",\"urlTemplate\":\"https:\\\/\\\/patagoniambiental.com.ar\\\/info\\\/?s={search_term_string}\"},\"query-input\":{\"@type\":\"PropertyValueSpecification\",\"valueRequired\":true,\"valueName\":\"search_term_string\"}}],\"inLanguage\":\"es\"},{\"@type\":\"Organization\",\"@id\":\"https:\\\/\\\/patagoniambiental.com.ar\\\/info\\\/#organization\",\"name\":\"Patagonia Ambiental\",\"url\":\"https:\\\/\\\/patagoniambiental.com.ar\\\/info\\\/\",\"logo\":{\"@type\":\"ImageObject\",\"inLanguage\":\"es\",\"@id\":\"https:\\\/\\\/patagoniambiental.com.ar\\\/info\\\/#\\\/schema\\\/logo\\\/image\\\/\",\"url\":\"https:\\\/\\\/patagoniambiental.com.ar\\\/info\\\/wp-content\\\/uploads\\\/2025\\\/05\\\/LOGO-PATAGONIA-AMBIENTAL.png\",\"contentUrl\":\"https:\\\/\\\/patagoniambiental.com.ar\\\/info\\\/wp-content\\\/uploads\\\/2025\\\/05\\\/LOGO-PATAGONIA-AMBIENTAL.png\",\"width\":433,\"height\":250,\"caption\":\"Patagonia Ambiental\"},\"image\":{\"@id\":\"https:\\\/\\\/patagoniambiental.com.ar\\\/info\\\/#\\\/schema\\\/logo\\\/image\\\/\"},\"sameAs\":[\"https:\\\/\\\/www.facebook.com\\\/patagonia.ambiental\",\"https:\\\/\\\/x.com\\\/PatAmb\"]},{\"@type\":\"Person\",\"@id\":\"https:\\\/\\\/patagoniambiental.com.ar\\\/info\\\/#\\\/schema\\\/person\\\/db12bff64bbcbf6a253710bf0ea37b5d\",\"name\":\"Patagonia Ambiental\",\"description\":\"Andr\u00e9s Nievas T\u00e9cnico en manejo ambiental, consultor Ambiental y escritor para medios locales e internacionales sobre temas de geopolitica y medio ambiente.\",\"sameAs\":[\"http:\\\/\\\/www.patagoniambiental.com.ar\",\"https:\\\/\\\/www.facebook.com\\\/share\\\/1C1V8Gv9BX\\\/?mibextid=qi2Omg\",\"@patagoniambiental\",\"https:\\\/\\\/youtube.com\\\/@patagoniaambiental2023?si=BLt58t0wuXquxlYZ\"]}]}<\/script>\n<!-- \/ Yoast SEO Premium plugin. -->","yoast_head_json":{"title":"Lewis ya vende la energ\u00eda del r\u00edo Escondido","robots":{"index":"index","follow":"follow","max-snippet":"max-snippet:-1","max-image-preview":"max-image-preview:large","max-video-preview":"max-video-preview:-1"},"canonical":"https:\/\/patagoniambiental.com.ar\/info\/lewis-ya-vende-la-energia-del-rio-escondido\/","og_locale":"es_ES","og_type":"article","og_title":"Lewis ya vende la energ\u00eda del r\u00edo Escondido","og_description":"EL BOLS\u00d3N.-La centra hidroel\u00e9ctrica comenz\u00f3 a entregar la producci\u00f3n a la red nacional. Para abastecer El Bols\u00f3n faltan obras.","og_url":"https:\/\/patagoniambiental.com.ar\/info\/lewis-ya-vende-la-energia-del-rio-escondido\/","og_site_name":"Patagonia Ambiental","article_publisher":"https:\/\/www.facebook.com\/patagonia.ambiental","article_author":"https:\/\/www.facebook.com\/share\/1C1V8Gv9BX\/?mibextid=qi2Omg","article_published_time":"2017-08-22T22:00:47+00:00","og_image":[{"width":660,"height":370,"url":"https:\/\/patagoniambiental.com.ar\/info\/wp-content\/uploads\/2017\/08\/image_content_8746667_20170821201924.jpg","type":"image\/jpeg"}],"author":"Patagonia Ambiental","twitter_card":"summary_large_image","twitter_creator":"@PatAmb","twitter_site":"@PatAmb","schema":{"@context":"https:\/\/schema.org","@graph":[{"@type":"Article","@id":"https:\/\/patagoniambiental.com.ar\/info\/lewis-ya-vende-la-energia-del-rio-escondido\/#article","isPartOf":{"@id":"https:\/\/patagoniambiental.com.ar\/info\/lewis-ya-vende-la-energia-del-rio-escondido\/"},"author":{"name":"Patagonia Ambiental","@id":"https:\/\/patagoniambiental.com.ar\/info\/#\/schema\/person\/db12bff64bbcbf6a253710bf0ea37b5d"},"headline":"Lewis ya vende la energ\u00eda del r\u00edo Escondido","datePublished":"2017-08-22T22:00:47+00:00","mainEntityOfPage":{"@id":"https:\/\/patagoniambiental.com.ar\/info\/lewis-ya-vende-la-energia-del-rio-escondido\/"},"wordCount":421,"commentCount":0,"publisher":{"@id":"https:\/\/patagoniambiental.com.ar\/info\/#organization"},"image":{"@id":"https:\/\/patagoniambiental.com.ar\/info\/lewis-ya-vende-la-energia-del-rio-escondido\/#primaryimage"},"thumbnailUrl":"https:\/\/patagoniambiental.com.ar\/info\/wp-content\/uploads\/2017\/08\/image_content_8746667_20170821201924.jpg","articleSection":["Noticias","Provinciales","R\u00edo Negro"],"inLanguage":"es","potentialAction":[{"@type":"CommentAction","name":"Comment","target":["https:\/\/patagoniambiental.com.ar\/info\/lewis-ya-vende-la-energia-del-rio-escondido\/#respond"]}]},{"@type":"WebPage","@id":"https:\/\/patagoniambiental.com.ar\/info\/lewis-ya-vende-la-energia-del-rio-escondido\/","url":"https:\/\/patagoniambiental.com.ar\/info\/lewis-ya-vende-la-energia-del-rio-escondido\/","name":"Lewis ya vende la energ\u00eda del r\u00edo Escondido","isPartOf":{"@id":"https:\/\/patagoniambiental.com.ar\/info\/#website"},"primaryImageOfPage":{"@id":"https:\/\/patagoniambiental.com.ar\/info\/lewis-ya-vende-la-energia-del-rio-escondido\/#primaryimage"},"image":{"@id":"https:\/\/patagoniambiental.com.ar\/info\/lewis-ya-vende-la-energia-del-rio-escondido\/#primaryimage"},"thumbnailUrl":"https:\/\/patagoniambiental.com.ar\/info\/wp-content\/uploads\/2017\/08\/image_content_8746667_20170821201924.jpg","datePublished":"2017-08-22T22:00:47+00:00","breadcrumb":{"@id":"https:\/\/patagoniambiental.com.ar\/info\/lewis-ya-vende-la-energia-del-rio-escondido\/#breadcrumb"},"inLanguage":"es","potentialAction":[{"@type":"ReadAction","target":["https:\/\/patagoniambiental.com.ar\/info\/lewis-ya-vende-la-energia-del-rio-escondido\/"]}]},{"@type":"ImageObject","inLanguage":"es","@id":"https:\/\/patagoniambiental.com.ar\/info\/lewis-ya-vende-la-energia-del-rio-escondido\/#primaryimage","url":"https:\/\/patagoniambiental.com.ar\/info\/wp-content\/uploads\/2017\/08\/image_content_8746667_20170821201924.jpg","contentUrl":"https:\/\/patagoniambiental.com.ar\/info\/wp-content\/uploads\/2017\/08\/image_content_8746667_20170821201924.jpg","width":660,"height":370},{"@type":"BreadcrumbList","@id":"https:\/\/patagoniambiental.com.ar\/info\/lewis-ya-vende-la-energia-del-rio-escondido\/#breadcrumb","itemListElement":[{"@type":"ListItem","position":1,"name":"Inicio","item":"https:\/\/patagoniambiental.com.ar\/info\/"},{"@type":"ListItem","position":2,"name":"Lewis ya vende la energ\u00eda del r\u00edo Escondido"}]},{"@type":"WebSite","@id":"https:\/\/patagoniambiental.com.ar\/info\/#website","url":"https:\/\/patagoniambiental.com.ar\/info\/","name":"Patagonia Ambiental","description":"Monitoreo y an\u00e1lisis de la situaci\u00f3n geopol\u00edtica en el mundo y su implicancia en la Patagonia","publisher":{"@id":"https:\/\/patagoniambiental.com.ar\/info\/#organization"},"potentialAction":[{"@type":"SearchAction","target":{"@type":"EntryPoint","urlTemplate":"https:\/\/patagoniambiental.com.ar\/info\/?s={search_term_string}"},"query-input":{"@type":"PropertyValueSpecification","valueRequired":true,"valueName":"search_term_string"}}],"inLanguage":"es"},{"@type":"Organization","@id":"https:\/\/patagoniambiental.com.ar\/info\/#organization","name":"Patagonia Ambiental","url":"https:\/\/patagoniambiental.com.ar\/info\/","logo":{"@type":"ImageObject","inLanguage":"es","@id":"https:\/\/patagoniambiental.com.ar\/info\/#\/schema\/logo\/image\/","url":"https:\/\/patagoniambiental.com.ar\/info\/wp-content\/uploads\/2025\/05\/LOGO-PATAGONIA-AMBIENTAL.png","contentUrl":"https:\/\/patagoniambiental.com.ar\/info\/wp-content\/uploads\/2025\/05\/LOGO-PATAGONIA-AMBIENTAL.png","width":433,"height":250,"caption":"Patagonia Ambiental"},"image":{"@id":"https:\/\/patagoniambiental.com.ar\/info\/#\/schema\/logo\/image\/"},"sameAs":["https:\/\/www.facebook.com\/patagonia.ambiental","https:\/\/x.com\/PatAmb"]},{"@type":"Person","@id":"https:\/\/patagoniambiental.com.ar\/info\/#\/schema\/person\/db12bff64bbcbf6a253710bf0ea37b5d","name":"Patagonia Ambiental","description":"Andr\u00e9s Nievas T\u00e9cnico en manejo ambiental, consultor Ambiental y escritor para medios locales e internacionales sobre temas de geopolitica y medio ambiente.","sameAs":["http:\/\/www.patagoniambiental.com.ar","https:\/\/www.facebook.com\/share\/1C1V8Gv9BX\/?mibextid=qi2Omg","@patagoniambiental","https:\/\/youtube.com\/@patagoniaambiental2023?si=BLt58t0wuXquxlYZ"]}]}},"_links":{"self":[{"href":"https:\/\/patagoniambiental.com.ar\/info\/wp-json\/wp\/v2\/posts\/33647","targetHints":{"allow":["GET"]}}],"collection":[{"href":"https:\/\/patagoniambiental.com.ar\/info\/wp-json\/wp\/v2\/posts"}],"about":[{"href":"https:\/\/patagoniambiental.com.ar\/info\/wp-json\/wp\/v2\/types\/post"}],"author":[{"embeddable":true,"href":"https:\/\/patagoniambiental.com.ar\/info\/wp-json\/wp\/v2\/users\/2"}],"replies":[{"embeddable":true,"href":"https:\/\/patagoniambiental.com.ar\/info\/wp-json\/wp\/v2\/comments?post=33647"}],"version-history":[{"count":0,"href":"https:\/\/patagoniambiental.com.ar\/info\/wp-json\/wp\/v2\/posts\/33647\/revisions"}],"wp:featuredmedia":[{"embeddable":true,"href":"https:\/\/patagoniambiental.com.ar\/info\/wp-json\/wp\/v2\/media\/33648"}],"wp:attachment":[{"href":"https:\/\/patagoniambiental.com.ar\/info\/wp-json\/wp\/v2\/media?parent=33647"}],"wp:term":[{"taxonomy":"category","embeddable":true,"href":"https:\/\/patagoniambiental.com.ar\/info\/wp-json\/wp\/v2\/categories?post=33647"},{"taxonomy":"post_tag","embeddable":true,"href":"https:\/\/patagoniambiental.com.ar\/info\/wp-json\/wp\/v2\/tags?post=33647"}],"curies":[{"name":"wp","href":"https:\/\/api.w.org\/{rel}","templated":true}]}}