{"id":33656,"date":"2017-08-22T19:00:43","date_gmt":"2017-08-22T22:00:43","guid":{"rendered":"http:\/\/patagoniambiental.com.ar\/info\/?p=33656"},"modified":"2017-08-22T16:57:27","modified_gmt":"2017-08-22T19:57:27","slug":"solicitan-sancionar-a-central-mediterraneo-de-cochamo-por-construccion-irregular-de-camino","status":"publish","type":"post","link":"https:\/\/patagoniambiental.com.ar\/info\/solicitan-sancionar-a-central-mediterraneo-de-cochamo-por-construccion-irregular-de-camino\/","title":{"rendered":"Solicitan sancionar a Central Mediterr\u00e1neo de Cocham\u00f3 por construcci\u00f3n irregular de camino"},"content":{"rendered":"<p><strong>Cochamo.-La Corporaci\u00f3n Puelo Patagonia ingres\u00f3 un documento a la Superintendencia de Medio Ambiente, con el cual busca que el organismo sancione a la empresa Inversiones y Rentas Los Andes<\/strong>, relacionada con los due\u00f1os de la Central Mediterr\u00e1neo de Cocham\u00f3, la que se comprometi\u00f3 ante el Tercer Tribunal Ambiental, en 2016, a ingresar a Estudio de Impacto Ambiental el proyecto denominado Camino R\u00edo Manso.<\/p>\n<p><!--more--><\/p>\n<p>&nbsp;<\/p>\n<p id=\"titulo-nota\">CONTEXTO | Carlos Quezada | Agencia UNO<\/p>\n<div id=\"datos-autor\" class=\"info\"><i>Publicado por<\/i><\/p>\n<div>Emilio Lara<\/div>\n<p><i>La Informaci\u00f3n es de<\/i><\/p>\n<div>Claudio Wek\u00e9n<\/div>\n<div id=\"correcciones\"><\/div>\n<\/div>\n<div class=\"contenido-nota\">\n<div id=\"div-gpt-ad-1418416256666-0\" class=\"bannerNota\" data-google-query-id=\"CN3o_LTN69UCFVQPkQodJ7IByg\"><\/div>\n<p>&nbsp;<\/p>\n<p>Sin embargo, el abogado a cargo de la defensa legal de la corporaci\u00f3n, Erwin Sandoval,\u00a0<strong>acus\u00f3 irregularidades en el proceso<\/strong>\u00a0y en el plan de cumplimiento de la empresa, solicitando que se apliquen las sanciones correspondientes.<\/p>\n<p>A trav\u00e9s del Plan de Cumplimiento la empresa se comprometi\u00f3 a paralizar las obras y a ingresar a estudio el camino lo que, de acuerdo a Sandoval, no se est\u00e1 cumpliendo en los t\u00e9rminos acordados.<\/p>\n<p>Radio B\u00edo B\u00edo se contact\u00f3 con el departamento de Comunicaciones de la empresa, desde donde se inform\u00f3 que s\u00f3lo dentro de las pr\u00f3ximas horas se referir\u00e1n a este tema.<\/p>\n<p>El titular del proyecto ingres\u00f3 a estudio solo 18,2 kil\u00f3metros de un total de 40 y, en reiteradas denuncias de la comunidad, se constat\u00f3 que la empresa sigue trabajando en el lugar, infringiendo al reglamento de Programas de Cumplimiento, Autodenuncia y Planes de Reparaci\u00f3n de la Superintendencia de Medio Ambiente.<\/p>\n<p>Fuente:http:\/\/www.biobiochile.cl\/noticias\/nacional\/region-de-los-lagos\/2017\/08\/21\/solicitan-sancionar-a-central-mediterraneo-de-cochamo-por-construccion-irregular-de-camino.shtml<\/p>\n<\/div>\n","protected":false},"excerpt":{"rendered":"<p>Cochamo.-La Corporaci\u00f3n Puelo Patagonia ingres\u00f3 un documento a la Superintendencia de Medio Ambiente, con el cual busca que el organismo [&hellip;]<\/p>\n","protected":false},"author":2,"featured_media":33657,"comment_status":"open","ping_status":"open","sticky":false,"template":"","format":"standard","meta":{"site-sidebar-layout":"default","site-content-layout":"","ast-site-content-layout":"default","site-content-style":"default","site-sidebar-style":"default","ast-global-header-display":"","ast-banner-title-visibility":"","ast-main-header-display":"","ast-hfb-above-header-display":"","ast-hfb-below-header-display":"","ast-hfb-mobile-header-display":"","site-post-title":"","ast-breadcrumbs-content":"","ast-featured-img":"","footer-sml-layout":"","ast-disable-related-posts":"","theme-transparent-header-meta":"","adv-header-id-meta":"","stick-header-meta":"","header-above-stick-meta":"","header-main-stick-meta":"","header-below-stick-meta":"","astra-migrate-meta-layouts":"default","ast-page-background-enabled":"default","ast-page-background-meta":{"desktop":{"background-color":"var(--ast-global-color-5)","background-image":"","background-repeat":"repeat","background-position":"center center","background-size":"auto","background-attachment":"scroll","background-type":"","background-media":"","overlay-type":"","overlay-color":"","overlay-opacity":"","overlay-gradient":""},"tablet":{"background-color":"","background-image":"","background-repeat":"repeat","background-position":"center center","background-size":"auto","background-attachment":"scroll","background-type":"","background-media":"","overlay-type":"","overlay-color":"","overlay-opacity":"","overlay-gradient":""},"mobile":{"background-color":"","background-image":"","background-repeat":"repeat","background-position":"center center","background-size":"auto","background-attachment":"scroll","background-type":"","background-media":"","overlay-type":"","overlay-color":"","overlay-opacity":"","overlay-gradient":""}},"ast-content-background-meta":{"desktop":{"background-color":"var(--ast-global-color-4)","background-image":"","background-repeat":"repeat","background-position":"center center","background-size":"auto","background-attachment":"scroll","background-type":"","background-media":"","overlay-type":"","overlay-color":"","overlay-opacity":"","overlay-gradient":""},"tablet":{"background-color":"var(--ast-global-color-4)","background-image":"","background-repeat":"repeat","background-position":"center center","background-size":"auto","background-attachment":"scroll","background-type":"","background-media":"","overlay-type":"","overlay-color":"","overlay-opacity":"","overlay-gradient":""},"mobile":{"background-color":"var(--ast-global-color-4)","background-image":"","background-repeat":"repeat","background-position":"center center","background-size":"auto","background-attachment":"scroll","background-type":"","background-media":"","overlay-type":"","overlay-color":"","overlay-opacity":"","overlay-gradient":""}},"footnotes":""},"categories":[23,1],"tags":[],"class_list":["post-33656","post","type-post","status-publish","format-standard","has-post-thumbnail","hentry","category-internacionales","category-noticias"],"yoast_head":"<!-- This site is optimized with the Yoast SEO Premium plugin v23.0 (Yoast SEO v27.4) - https:\/\/yoast.com\/product\/yoast-seo-premium-wordpress\/ -->\n<title>Solicitan sancionar a Central Mediterr\u00e1neo de Cocham\u00f3 por construcci\u00f3n irregular de camino<\/title>\n<meta name=\"robots\" content=\"index, follow, max-snippet:-1, max-image-preview:large, max-video-preview:-1\" \/>\n<link rel=\"canonical\" href=\"https:\/\/patagoniambiental.com.ar\/info\/solicitan-sancionar-a-central-mediterraneo-de-cochamo-por-construccion-irregular-de-camino\/\" \/>\n<meta property=\"og:locale\" content=\"es_ES\" \/>\n<meta property=\"og:type\" content=\"article\" \/>\n<meta property=\"og:title\" content=\"Solicitan sancionar a Central Mediterr\u00e1neo de Cocham\u00f3 por construcci\u00f3n irregular de camino\" \/>\n<meta property=\"og:description\" content=\"Cochamo.-La Corporaci\u00f3n Puelo Patagonia ingres\u00f3 un documento a la Superintendencia de Medio Ambiente, con el cual busca que el organismo [&hellip;]\" \/>\n<meta property=\"og:url\" content=\"https:\/\/patagoniambiental.com.ar\/info\/solicitan-sancionar-a-central-mediterraneo-de-cochamo-por-construccion-irregular-de-camino\/\" \/>\n<meta property=\"og:site_name\" content=\"Patagonia Ambiental\" \/>\n<meta property=\"article:publisher\" content=\"https:\/\/www.facebook.com\/patagonia.ambiental\" \/>\n<meta property=\"article:author\" content=\"https:\/\/www.facebook.com\/share\/1C1V8Gv9BX\/?mibextid=qi2Omg\" \/>\n<meta property=\"article:published_time\" content=\"2017-08-22T22:00:43+00:00\" \/>\n<meta property=\"og:image\" content=\"https:\/\/patagoniambiental.com.ar\/info\/wp-content\/uploads\/2017\/08\/Sin-t\u00edtulo-5.jpg\" \/>\n\t<meta property=\"og:image:width\" content=\"729\" \/>\n\t<meta property=\"og:image:height\" content=\"353\" \/>\n\t<meta property=\"og:image:type\" content=\"image\/jpeg\" \/>\n<meta name=\"author\" content=\"Patagonia Ambiental\" \/>\n<meta name=\"twitter:card\" content=\"summary_large_image\" \/>\n<meta name=\"twitter:creator\" content=\"@PatAmb\" \/>\n<meta name=\"twitter:site\" content=\"@PatAmb\" \/>\n<script type=\"application\/ld+json\" class=\"yoast-schema-graph\">{\"@context\":\"https:\\\/\\\/schema.org\",\"@graph\":[{\"@type\":\"Article\",\"@id\":\"https:\\\/\\\/patagoniambiental.com.ar\\\/info\\\/solicitan-sancionar-a-central-mediterraneo-de-cochamo-por-construccion-irregular-de-camino\\\/#article\",\"isPartOf\":{\"@id\":\"https:\\\/\\\/patagoniambiental.com.ar\\\/info\\\/solicitan-sancionar-a-central-mediterraneo-de-cochamo-por-construccion-irregular-de-camino\\\/\"},\"author\":{\"name\":\"Patagonia Ambiental\",\"@id\":\"https:\\\/\\\/patagoniambiental.com.ar\\\/info\\\/#\\\/schema\\\/person\\\/db12bff64bbcbf6a253710bf0ea37b5d\"},\"headline\":\"Solicitan sancionar a Central Mediterr\u00e1neo de Cocham\u00f3 por construcci\u00f3n irregular de camino\",\"datePublished\":\"2017-08-22T22:00:43+00:00\",\"mainEntityOfPage\":{\"@id\":\"https:\\\/\\\/patagoniambiental.com.ar\\\/info\\\/solicitan-sancionar-a-central-mediterraneo-de-cochamo-por-construccion-irregular-de-camino\\\/\"},\"wordCount\":268,\"commentCount\":0,\"publisher\":{\"@id\":\"https:\\\/\\\/patagoniambiental.com.ar\\\/info\\\/#organization\"},\"image\":{\"@id\":\"https:\\\/\\\/patagoniambiental.com.ar\\\/info\\\/solicitan-sancionar-a-central-mediterraneo-de-cochamo-por-construccion-irregular-de-camino\\\/#primaryimage\"},\"thumbnailUrl\":\"https:\\\/\\\/patagoniambiental.com.ar\\\/info\\\/wp-content\\\/uploads\\\/2017\\\/08\\\/Sin-t\u00edtulo-5.jpg\",\"articleSection\":[\"Internacionales\",\"Noticias\"],\"inLanguage\":\"es\",\"potentialAction\":[{\"@type\":\"CommentAction\",\"name\":\"Comment\",\"target\":[\"https:\\\/\\\/patagoniambiental.com.ar\\\/info\\\/solicitan-sancionar-a-central-mediterraneo-de-cochamo-por-construccion-irregular-de-camino\\\/#respond\"]}]},{\"@type\":\"WebPage\",\"@id\":\"https:\\\/\\\/patagoniambiental.com.ar\\\/info\\\/solicitan-sancionar-a-central-mediterraneo-de-cochamo-por-construccion-irregular-de-camino\\\/\",\"url\":\"https:\\\/\\\/patagoniambiental.com.ar\\\/info\\\/solicitan-sancionar-a-central-mediterraneo-de-cochamo-por-construccion-irregular-de-camino\\\/\",\"name\":\"Solicitan sancionar a Central Mediterr\u00e1neo de Cocham\u00f3 por construcci\u00f3n irregular de camino\",\"isPartOf\":{\"@id\":\"https:\\\/\\\/patagoniambiental.com.ar\\\/info\\\/#website\"},\"primaryImageOfPage\":{\"@id\":\"https:\\\/\\\/patagoniambiental.com.ar\\\/info\\\/solicitan-sancionar-a-central-mediterraneo-de-cochamo-por-construccion-irregular-de-camino\\\/#primaryimage\"},\"image\":{\"@id\":\"https:\\\/\\\/patagoniambiental.com.ar\\\/info\\\/solicitan-sancionar-a-central-mediterraneo-de-cochamo-por-construccion-irregular-de-camino\\\/#primaryimage\"},\"thumbnailUrl\":\"https:\\\/\\\/patagoniambiental.com.ar\\\/info\\\/wp-content\\\/uploads\\\/2017\\\/08\\\/Sin-t\u00edtulo-5.jpg\",\"datePublished\":\"2017-08-22T22:00:43+00:00\",\"breadcrumb\":{\"@id\":\"https:\\\/\\\/patagoniambiental.com.ar\\\/info\\\/solicitan-sancionar-a-central-mediterraneo-de-cochamo-por-construccion-irregular-de-camino\\\/#breadcrumb\"},\"inLanguage\":\"es\",\"potentialAction\":[{\"@type\":\"ReadAction\",\"target\":[\"https:\\\/\\\/patagoniambiental.com.ar\\\/info\\\/solicitan-sancionar-a-central-mediterraneo-de-cochamo-por-construccion-irregular-de-camino\\\/\"]}]},{\"@type\":\"ImageObject\",\"inLanguage\":\"es\",\"@id\":\"https:\\\/\\\/patagoniambiental.com.ar\\\/info\\\/solicitan-sancionar-a-central-mediterraneo-de-cochamo-por-construccion-irregular-de-camino\\\/#primaryimage\",\"url\":\"https:\\\/\\\/patagoniambiental.com.ar\\\/info\\\/wp-content\\\/uploads\\\/2017\\\/08\\\/Sin-t\u00edtulo-5.jpg\",\"contentUrl\":\"https:\\\/\\\/patagoniambiental.com.ar\\\/info\\\/wp-content\\\/uploads\\\/2017\\\/08\\\/Sin-t\u00edtulo-5.jpg\",\"width\":729,\"height\":353},{\"@type\":\"BreadcrumbList\",\"@id\":\"https:\\\/\\\/patagoniambiental.com.ar\\\/info\\\/solicitan-sancionar-a-central-mediterraneo-de-cochamo-por-construccion-irregular-de-camino\\\/#breadcrumb\",\"itemListElement\":[{\"@type\":\"ListItem\",\"position\":1,\"name\":\"Inicio\",\"item\":\"https:\\\/\\\/patagoniambiental.com.ar\\\/info\\\/\"},{\"@type\":\"ListItem\",\"position\":2,\"name\":\"Solicitan sancionar a Central Mediterr\u00e1neo de Cocham\u00f3 por construcci\u00f3n irregular de camino\"}]},{\"@type\":\"WebSite\",\"@id\":\"https:\\\/\\\/patagoniambiental.com.ar\\\/info\\\/#website\",\"url\":\"https:\\\/\\\/patagoniambiental.com.ar\\\/info\\\/\",\"name\":\"Patagonia Ambiental\",\"description\":\"Monitoreo y an\u00e1lisis de la situaci\u00f3n geopol\u00edtica en el mundo y su implicancia en la Patagonia\",\"publisher\":{\"@id\":\"https:\\\/\\\/patagoniambiental.com.ar\\\/info\\\/#organization\"},\"potentialAction\":[{\"@type\":\"SearchAction\",\"target\":{\"@type\":\"EntryPoint\",\"urlTemplate\":\"https:\\\/\\\/patagoniambiental.com.ar\\\/info\\\/?s={search_term_string}\"},\"query-input\":{\"@type\":\"PropertyValueSpecification\",\"valueRequired\":true,\"valueName\":\"search_term_string\"}}],\"inLanguage\":\"es\"},{\"@type\":\"Organization\",\"@id\":\"https:\\\/\\\/patagoniambiental.com.ar\\\/info\\\/#organization\",\"name\":\"Patagonia Ambiental\",\"url\":\"https:\\\/\\\/patagoniambiental.com.ar\\\/info\\\/\",\"logo\":{\"@type\":\"ImageObject\",\"inLanguage\":\"es\",\"@id\":\"https:\\\/\\\/patagoniambiental.com.ar\\\/info\\\/#\\\/schema\\\/logo\\\/image\\\/\",\"url\":\"https:\\\/\\\/patagoniambiental.com.ar\\\/info\\\/wp-content\\\/uploads\\\/2025\\\/05\\\/LOGO-PATAGONIA-AMBIENTAL.png\",\"contentUrl\":\"https:\\\/\\\/patagoniambiental.com.ar\\\/info\\\/wp-content\\\/uploads\\\/2025\\\/05\\\/LOGO-PATAGONIA-AMBIENTAL.png\",\"width\":433,\"height\":250,\"caption\":\"Patagonia Ambiental\"},\"image\":{\"@id\":\"https:\\\/\\\/patagoniambiental.com.ar\\\/info\\\/#\\\/schema\\\/logo\\\/image\\\/\"},\"sameAs\":[\"https:\\\/\\\/www.facebook.com\\\/patagonia.ambiental\",\"https:\\\/\\\/x.com\\\/PatAmb\"]},{\"@type\":\"Person\",\"@id\":\"https:\\\/\\\/patagoniambiental.com.ar\\\/info\\\/#\\\/schema\\\/person\\\/db12bff64bbcbf6a253710bf0ea37b5d\",\"name\":\"Patagonia Ambiental\",\"description\":\"Andr\u00e9s Nievas T\u00e9cnico en manejo ambiental, consultor Ambiental y escritor para medios locales e internacionales sobre temas de geopolitica y medio ambiente.\",\"sameAs\":[\"http:\\\/\\\/www.patagoniambiental.com.ar\",\"https:\\\/\\\/www.facebook.com\\\/share\\\/1C1V8Gv9BX\\\/?mibextid=qi2Omg\",\"@patagoniambiental\",\"https:\\\/\\\/youtube.com\\\/@patagoniaambiental2023?si=BLt58t0wuXquxlYZ\"]}]}<\/script>\n<!-- \/ Yoast SEO Premium plugin. -->","yoast_head_json":{"title":"Solicitan sancionar a Central Mediterr\u00e1neo de Cocham\u00f3 por construcci\u00f3n irregular de camino","robots":{"index":"index","follow":"follow","max-snippet":"max-snippet:-1","max-image-preview":"max-image-preview:large","max-video-preview":"max-video-preview:-1"},"canonical":"https:\/\/patagoniambiental.com.ar\/info\/solicitan-sancionar-a-central-mediterraneo-de-cochamo-por-construccion-irregular-de-camino\/","og_locale":"es_ES","og_type":"article","og_title":"Solicitan sancionar a Central Mediterr\u00e1neo de Cocham\u00f3 por construcci\u00f3n irregular de camino","og_description":"Cochamo.-La Corporaci\u00f3n Puelo Patagonia ingres\u00f3 un documento a la Superintendencia de Medio Ambiente, con el cual busca que el organismo [&hellip;]","og_url":"https:\/\/patagoniambiental.com.ar\/info\/solicitan-sancionar-a-central-mediterraneo-de-cochamo-por-construccion-irregular-de-camino\/","og_site_name":"Patagonia Ambiental","article_publisher":"https:\/\/www.facebook.com\/patagonia.ambiental","article_author":"https:\/\/www.facebook.com\/share\/1C1V8Gv9BX\/?mibextid=qi2Omg","article_published_time":"2017-08-22T22:00:43+00:00","og_image":[{"width":729,"height":353,"url":"https:\/\/patagoniambiental.com.ar\/info\/wp-content\/uploads\/2017\/08\/Sin-t\u00edtulo-5.jpg","type":"image\/jpeg"}],"author":"Patagonia Ambiental","twitter_card":"summary_large_image","twitter_creator":"@PatAmb","twitter_site":"@PatAmb","schema":{"@context":"https:\/\/schema.org","@graph":[{"@type":"Article","@id":"https:\/\/patagoniambiental.com.ar\/info\/solicitan-sancionar-a-central-mediterraneo-de-cochamo-por-construccion-irregular-de-camino\/#article","isPartOf":{"@id":"https:\/\/patagoniambiental.com.ar\/info\/solicitan-sancionar-a-central-mediterraneo-de-cochamo-por-construccion-irregular-de-camino\/"},"author":{"name":"Patagonia Ambiental","@id":"https:\/\/patagoniambiental.com.ar\/info\/#\/schema\/person\/db12bff64bbcbf6a253710bf0ea37b5d"},"headline":"Solicitan sancionar a Central Mediterr\u00e1neo de Cocham\u00f3 por construcci\u00f3n irregular de camino","datePublished":"2017-08-22T22:00:43+00:00","mainEntityOfPage":{"@id":"https:\/\/patagoniambiental.com.ar\/info\/solicitan-sancionar-a-central-mediterraneo-de-cochamo-por-construccion-irregular-de-camino\/"},"wordCount":268,"commentCount":0,"publisher":{"@id":"https:\/\/patagoniambiental.com.ar\/info\/#organization"},"image":{"@id":"https:\/\/patagoniambiental.com.ar\/info\/solicitan-sancionar-a-central-mediterraneo-de-cochamo-por-construccion-irregular-de-camino\/#primaryimage"},"thumbnailUrl":"https:\/\/patagoniambiental.com.ar\/info\/wp-content\/uploads\/2017\/08\/Sin-t\u00edtulo-5.jpg","articleSection":["Internacionales","Noticias"],"inLanguage":"es","potentialAction":[{"@type":"CommentAction","name":"Comment","target":["https:\/\/patagoniambiental.com.ar\/info\/solicitan-sancionar-a-central-mediterraneo-de-cochamo-por-construccion-irregular-de-camino\/#respond"]}]},{"@type":"WebPage","@id":"https:\/\/patagoniambiental.com.ar\/info\/solicitan-sancionar-a-central-mediterraneo-de-cochamo-por-construccion-irregular-de-camino\/","url":"https:\/\/patagoniambiental.com.ar\/info\/solicitan-sancionar-a-central-mediterraneo-de-cochamo-por-construccion-irregular-de-camino\/","name":"Solicitan sancionar a Central Mediterr\u00e1neo de Cocham\u00f3 por construcci\u00f3n irregular de camino","isPartOf":{"@id":"https:\/\/patagoniambiental.com.ar\/info\/#website"},"primaryImageOfPage":{"@id":"https:\/\/patagoniambiental.com.ar\/info\/solicitan-sancionar-a-central-mediterraneo-de-cochamo-por-construccion-irregular-de-camino\/#primaryimage"},"image":{"@id":"https:\/\/patagoniambiental.com.ar\/info\/solicitan-sancionar-a-central-mediterraneo-de-cochamo-por-construccion-irregular-de-camino\/#primaryimage"},"thumbnailUrl":"https:\/\/patagoniambiental.com.ar\/info\/wp-content\/uploads\/2017\/08\/Sin-t\u00edtulo-5.jpg","datePublished":"2017-08-22T22:00:43+00:00","breadcrumb":{"@id":"https:\/\/patagoniambiental.com.ar\/info\/solicitan-sancionar-a-central-mediterraneo-de-cochamo-por-construccion-irregular-de-camino\/#breadcrumb"},"inLanguage":"es","potentialAction":[{"@type":"ReadAction","target":["https:\/\/patagoniambiental.com.ar\/info\/solicitan-sancionar-a-central-mediterraneo-de-cochamo-por-construccion-irregular-de-camino\/"]}]},{"@type":"ImageObject","inLanguage":"es","@id":"https:\/\/patagoniambiental.com.ar\/info\/solicitan-sancionar-a-central-mediterraneo-de-cochamo-por-construccion-irregular-de-camino\/#primaryimage","url":"https:\/\/patagoniambiental.com.ar\/info\/wp-content\/uploads\/2017\/08\/Sin-t\u00edtulo-5.jpg","contentUrl":"https:\/\/patagoniambiental.com.ar\/info\/wp-content\/uploads\/2017\/08\/Sin-t\u00edtulo-5.jpg","width":729,"height":353},{"@type":"BreadcrumbList","@id":"https:\/\/patagoniambiental.com.ar\/info\/solicitan-sancionar-a-central-mediterraneo-de-cochamo-por-construccion-irregular-de-camino\/#breadcrumb","itemListElement":[{"@type":"ListItem","position":1,"name":"Inicio","item":"https:\/\/patagoniambiental.com.ar\/info\/"},{"@type":"ListItem","position":2,"name":"Solicitan sancionar a Central Mediterr\u00e1neo de Cocham\u00f3 por construcci\u00f3n irregular de camino"}]},{"@type":"WebSite","@id":"https:\/\/patagoniambiental.com.ar\/info\/#website","url":"https:\/\/patagoniambiental.com.ar\/info\/","name":"Patagonia Ambiental","description":"Monitoreo y an\u00e1lisis de la situaci\u00f3n geopol\u00edtica en el mundo y su implicancia en la Patagonia","publisher":{"@id":"https:\/\/patagoniambiental.com.ar\/info\/#organization"},"potentialAction":[{"@type":"SearchAction","target":{"@type":"EntryPoint","urlTemplate":"https:\/\/patagoniambiental.com.ar\/info\/?s={search_term_string}"},"query-input":{"@type":"PropertyValueSpecification","valueRequired":true,"valueName":"search_term_string"}}],"inLanguage":"es"},{"@type":"Organization","@id":"https:\/\/patagoniambiental.com.ar\/info\/#organization","name":"Patagonia Ambiental","url":"https:\/\/patagoniambiental.com.ar\/info\/","logo":{"@type":"ImageObject","inLanguage":"es","@id":"https:\/\/patagoniambiental.com.ar\/info\/#\/schema\/logo\/image\/","url":"https:\/\/patagoniambiental.com.ar\/info\/wp-content\/uploads\/2025\/05\/LOGO-PATAGONIA-AMBIENTAL.png","contentUrl":"https:\/\/patagoniambiental.com.ar\/info\/wp-content\/uploads\/2025\/05\/LOGO-PATAGONIA-AMBIENTAL.png","width":433,"height":250,"caption":"Patagonia Ambiental"},"image":{"@id":"https:\/\/patagoniambiental.com.ar\/info\/#\/schema\/logo\/image\/"},"sameAs":["https:\/\/www.facebook.com\/patagonia.ambiental","https:\/\/x.com\/PatAmb"]},{"@type":"Person","@id":"https:\/\/patagoniambiental.com.ar\/info\/#\/schema\/person\/db12bff64bbcbf6a253710bf0ea37b5d","name":"Patagonia Ambiental","description":"Andr\u00e9s Nievas T\u00e9cnico en manejo ambiental, consultor Ambiental y escritor para medios locales e internacionales sobre temas de geopolitica y medio ambiente.","sameAs":["http:\/\/www.patagoniambiental.com.ar","https:\/\/www.facebook.com\/share\/1C1V8Gv9BX\/?mibextid=qi2Omg","@patagoniambiental","https:\/\/youtube.com\/@patagoniaambiental2023?si=BLt58t0wuXquxlYZ"]}]}},"_links":{"self":[{"href":"https:\/\/patagoniambiental.com.ar\/info\/wp-json\/wp\/v2\/posts\/33656","targetHints":{"allow":["GET"]}}],"collection":[{"href":"https:\/\/patagoniambiental.com.ar\/info\/wp-json\/wp\/v2\/posts"}],"about":[{"href":"https:\/\/patagoniambiental.com.ar\/info\/wp-json\/wp\/v2\/types\/post"}],"author":[{"embeddable":true,"href":"https:\/\/patagoniambiental.com.ar\/info\/wp-json\/wp\/v2\/users\/2"}],"replies":[{"embeddable":true,"href":"https:\/\/patagoniambiental.com.ar\/info\/wp-json\/wp\/v2\/comments?post=33656"}],"version-history":[{"count":0,"href":"https:\/\/patagoniambiental.com.ar\/info\/wp-json\/wp\/v2\/posts\/33656\/revisions"}],"wp:featuredmedia":[{"embeddable":true,"href":"https:\/\/patagoniambiental.com.ar\/info\/wp-json\/wp\/v2\/media\/33657"}],"wp:attachment":[{"href":"https:\/\/patagoniambiental.com.ar\/info\/wp-json\/wp\/v2\/media?parent=33656"}],"wp:term":[{"taxonomy":"category","embeddable":true,"href":"https:\/\/patagoniambiental.com.ar\/info\/wp-json\/wp\/v2\/categories?post=33656"},{"taxonomy":"post_tag","embeddable":true,"href":"https:\/\/patagoniambiental.com.ar\/info\/wp-json\/wp\/v2\/tags?post=33656"}],"curies":[{"name":"wp","href":"https:\/\/api.w.org\/{rel}","templated":true}]}}