{"id":33670,"date":"2017-08-24T19:00:03","date_gmt":"2017-08-24T22:00:03","guid":{"rendered":"http:\/\/patagoniambiental.com.ar\/info\/?p=33670"},"modified":"2017-08-22T17:35:05","modified_gmt":"2017-08-22T20:35:05","slug":"cientificos-ponen-fecha-al-fenomeno-solar-que-causara-devastadoras-perdidas","status":"publish","type":"post","link":"https:\/\/patagoniambiental.com.ar\/info\/cientificos-ponen-fecha-al-fenomeno-solar-que-causara-devastadoras-perdidas\/","title":{"rendered":"Cient\u00edficos ponen fecha al fen\u00f3meno solar que causar\u00e1 \u00abdevastadoras p\u00e9rdidas\u00bb"},"content":{"rendered":"<div class=\"b-article__lead\">\n<p>Un estudio llevado a cabo por cient\u00edficos estadounidenses determin\u00f3 la fecha de la fulguraci\u00f3n solar que podr\u00eda causar da\u00f1os significativos a la vida en la Tierra.<\/p>\n<\/div>\n<p><!--more--><\/p>\n<div class=\"b-article__text\">\n<p>De acuerdo con los expertos, la superfulguraci\u00f3n del Sol, que emite cerca de 1034 ergios\u00a0\u2014unidad de medida\u2014 de energ\u00eda, ocurre aproximadamente cada 2.000 a\u00f1os. El fen\u00f3meno astron\u00f3mico tuvo lugar la \u00faltima vez hace 775 a\u00f1os y, de acuerdo con la nueva investigaci\u00f3n, ocurrir\u00e1 nuevamente de aqu\u00ed a unos 750 a\u00f1os.<\/p>\n<p class=\"marker-quote1\">\u00abLlegamos a la conclusi\u00f3n de que el riesgo planteado por las superfulguraciones no ha sido suficientemente evaluado y de que la humanidad podr\u00eda ser testigo de un acontecimiento de esta naturaleza en los pr\u00f3ximos 1.000 a\u00f1os, el cual podr\u00eda causar devastadoras p\u00e9rdidas econ\u00f3micas y tecnol\u00f3gicas\u00bb, apunt\u00f3 el\u00a0<a href=\"https:\/\/lenta.ru\/news\/2017\/08\/21\/superflare\" target=\"_blank\" rel=\"noopener\">estudio<\/a>.<\/p>\n<div class=\"b-inject m-inject-min\">\n<div class=\"b-inject__media\"><img fetchpriority=\"high\" decoding=\"async\" class=\"\" title=\"El Sol (imagen referencial)\" src=\"https:\/\/cdnmundo1.img.sputniknews.com\/images\/106621\/91\/1066219120.jpg\" alt=\"El Sol (imagen referencial)\" width=\"705\" height=\"375\" \/><\/div>\n<div class=\"b-inject__copy\"><a href=\"https:\/\/creativecommons.org\/licenses\/by\/2.0\/\">CC BY 2.0<\/a>\u00a0\/\u00a0<a href=\"https:\/\/www.flickr.com\/photos\/gsfc\/\">NASA GODDARD SPACE FLIGHT CENTER<\/a>\u00a0\/\u00a0<a href=\"https:\/\/flic.kr\/p\/dYwHQz\">NASA&#8217;S VAN ALLEN PROBES DISCOVER A SURPRISE CIRCLING EARTH<\/a><\/div>\n<div class=\"b-inject__content\"><a href=\"https:\/\/mundo.sputniknews.com\/espacio\/201701141066219148-sol-agujero-nasa-viento\/\">\u00a1El sol se desgarra! NASA detecta un enorme hueco sobre la superficie solar (v\u00eddeo)<\/a><\/div>\n<\/div>\n<p>Pese a que la energ\u00eda de esas fulguraciones no es suficiente para causar da\u00f1os significativos al ecosistema de nuestro planeta, las infraestructuras tecnol\u00f3gicas s\u00ed pueden verse seriamente afectadas. En particular, las superfulguraciones solares pueden desactivar completamente los sat\u00e9lites cercanos a la Tierra y las redes el\u00e9ctricas de nuestro planeta.La capa de ozono de nuestro planeta que protege la biosfera de la radiaci\u00f3n ultravioleta podr\u00eda ser afectada considerablemente por una superfulguraci\u00f3n. El exceso de radiaci\u00f3n provocar\u00eda el sobrecalentamiento de las capas superficiales de la atm\u00f3sfera, la eliminaci\u00f3n de los organismos fotosint\u00e9ticos y la degradaci\u00f3n del ADN, subray\u00f3 el\u00a0<a href=\"https:\/\/arxiv.org\/abs\/1708.04241\" target=\"_blank\" rel=\"noopener\">portal ruso Lenta<\/a>.<\/p>\n<p><strong>V\u00eddeo:\u00a0<a href=\"https:\/\/mundo.sputniknews.com\/espacio\/201704301068803095-nasa-sol-llamaradas-sdo\/\">La NASA muestra impresionantes &#8216;explosiones&#8217; en el coraz\u00f3n del Sol<\/a><\/strong><\/p>\n<p>Fuente: Agencia Sputnik<\/p>\n<\/div>\n","protected":false},"excerpt":{"rendered":"<p>Un estudio llevado a cabo por cient\u00edficos estadounidenses determin\u00f3 la fecha de la fulguraci\u00f3n solar que podr\u00eda causar da\u00f1os significativos [&hellip;]<\/p>\n","protected":false},"author":2,"featured_media":33671,"comment_status":"open","ping_status":"open","sticky":false,"template":"","format":"standard","meta":{"site-sidebar-layout":"default","site-content-layout":"","ast-site-content-layout":"default","site-content-style":"default","site-sidebar-style":"default","ast-global-header-display":"","ast-banner-title-visibility":"","ast-main-header-display":"","ast-hfb-above-header-display":"","ast-hfb-below-header-display":"","ast-hfb-mobile-header-display":"","site-post-title":"","ast-breadcrumbs-content":"","ast-featured-img":"","footer-sml-layout":"","ast-disable-related-posts":"","theme-transparent-header-meta":"","adv-header-id-meta":"","stick-header-meta":"","header-above-stick-meta":"","header-main-stick-meta":"","header-below-stick-meta":"","astra-migrate-meta-layouts":"default","ast-page-background-enabled":"default","ast-page-background-meta":{"desktop":{"background-color":"var(--ast-global-color-5)","background-image":"","background-repeat":"repeat","background-position":"center center","background-size":"auto","background-attachment":"scroll","background-type":"","background-media":"","overlay-type":"","overlay-color":"","overlay-opacity":"","overlay-gradient":""},"tablet":{"background-color":"","background-image":"","background-repeat":"repeat","background-position":"center center","background-size":"auto","background-attachment":"scroll","background-type":"","background-media":"","overlay-type":"","overlay-color":"","overlay-opacity":"","overlay-gradient":""},"mobile":{"background-color":"","background-image":"","background-repeat":"repeat","background-position":"center center","background-size":"auto","background-attachment":"scroll","background-type":"","background-media":"","overlay-type":"","overlay-color":"","overlay-opacity":"","overlay-gradient":""}},"ast-content-background-meta":{"desktop":{"background-color":"var(--ast-global-color-4)","background-image":"","background-repeat":"repeat","background-position":"center center","background-size":"auto","background-attachment":"scroll","background-type":"","background-media":"","overlay-type":"","overlay-color":"","overlay-opacity":"","overlay-gradient":""},"tablet":{"background-color":"var(--ast-global-color-4)","background-image":"","background-repeat":"repeat","background-position":"center center","background-size":"auto","background-attachment":"scroll","background-type":"","background-media":"","overlay-type":"","overlay-color":"","overlay-opacity":"","overlay-gradient":""},"mobile":{"background-color":"var(--ast-global-color-4)","background-image":"","background-repeat":"repeat","background-position":"center center","background-size":"auto","background-attachment":"scroll","background-type":"","background-media":"","overlay-type":"","overlay-color":"","overlay-opacity":"","overlay-gradient":""}},"footnotes":""},"categories":[23,1],"tags":[],"class_list":["post-33670","post","type-post","status-publish","format-standard","has-post-thumbnail","hentry","category-internacionales","category-noticias"],"yoast_head":"<!-- This site is optimized with the Yoast SEO Premium plugin v23.0 (Yoast SEO v27.5) - https:\/\/yoast.com\/product\/yoast-seo-premium-wordpress\/ -->\n<title>Cient\u00edficos ponen fecha al fen\u00f3meno solar que causar\u00e1 &quot;devastadoras p\u00e9rdidas&quot;<\/title>\n<meta name=\"robots\" content=\"index, follow, max-snippet:-1, max-image-preview:large, max-video-preview:-1\" \/>\n<link rel=\"canonical\" href=\"https:\/\/patagoniambiental.com.ar\/info\/cientificos-ponen-fecha-al-fenomeno-solar-que-causara-devastadoras-perdidas\/\" \/>\n<meta property=\"og:locale\" content=\"es_ES\" \/>\n<meta property=\"og:type\" content=\"article\" \/>\n<meta property=\"og:title\" content=\"Cient\u00edficos ponen fecha al fen\u00f3meno solar que causar\u00e1 &quot;devastadoras p\u00e9rdidas&quot;\" \/>\n<meta property=\"og:description\" content=\"Un estudio llevado a cabo por cient\u00edficos estadounidenses determin\u00f3 la fecha de la fulguraci\u00f3n solar que podr\u00eda causar da\u00f1os significativos [&hellip;]\" \/>\n<meta property=\"og:url\" content=\"https:\/\/patagoniambiental.com.ar\/info\/cientificos-ponen-fecha-al-fenomeno-solar-que-causara-devastadoras-perdidas\/\" \/>\n<meta property=\"og:site_name\" content=\"Patagonia Ambiental\" \/>\n<meta property=\"article:publisher\" content=\"https:\/\/www.facebook.com\/patagonia.ambiental\" \/>\n<meta property=\"article:author\" content=\"https:\/\/www.facebook.com\/share\/1C1V8Gv9BX\/?mibextid=qi2Omg\" \/>\n<meta property=\"article:published_time\" content=\"2017-08-24T22:00:03+00:00\" \/>\n<meta property=\"og:image\" content=\"https:\/\/patagoniambiental.com.ar\/info\/wp-content\/uploads\/2017\/08\/1066219120.jpg\" \/>\n\t<meta property=\"og:image:width\" content=\"705\" \/>\n\t<meta property=\"og:image:height\" content=\"375\" \/>\n\t<meta property=\"og:image:type\" content=\"image\/jpeg\" \/>\n<meta name=\"author\" content=\"Patagonia Ambiental\" \/>\n<meta name=\"twitter:card\" content=\"summary_large_image\" \/>\n<meta name=\"twitter:creator\" content=\"@PatAmb\" \/>\n<meta name=\"twitter:site\" content=\"@PatAmb\" \/>\n<script type=\"application\/ld+json\" class=\"yoast-schema-graph\">{\"@context\":\"https:\\\/\\\/schema.org\",\"@graph\":[{\"@type\":\"Article\",\"@id\":\"https:\\\/\\\/patagoniambiental.com.ar\\\/info\\\/cientificos-ponen-fecha-al-fenomeno-solar-que-causara-devastadoras-perdidas\\\/#article\",\"isPartOf\":{\"@id\":\"https:\\\/\\\/patagoniambiental.com.ar\\\/info\\\/cientificos-ponen-fecha-al-fenomeno-solar-que-causara-devastadoras-perdidas\\\/\"},\"author\":{\"name\":\"Patagonia Ambiental\",\"@id\":\"https:\\\/\\\/patagoniambiental.com.ar\\\/info\\\/#\\\/schema\\\/person\\\/db12bff64bbcbf6a253710bf0ea37b5d\"},\"headline\":\"Cient\u00edficos ponen fecha al fen\u00f3meno solar que causar\u00e1 \u00abdevastadoras p\u00e9rdidas\u00bb\",\"datePublished\":\"2017-08-24T22:00:03+00:00\",\"mainEntityOfPage\":{\"@id\":\"https:\\\/\\\/patagoniambiental.com.ar\\\/info\\\/cientificos-ponen-fecha-al-fenomeno-solar-que-causara-devastadoras-perdidas\\\/\"},\"wordCount\":316,\"commentCount\":0,\"publisher\":{\"@id\":\"https:\\\/\\\/patagoniambiental.com.ar\\\/info\\\/#organization\"},\"image\":{\"@id\":\"https:\\\/\\\/patagoniambiental.com.ar\\\/info\\\/cientificos-ponen-fecha-al-fenomeno-solar-que-causara-devastadoras-perdidas\\\/#primaryimage\"},\"thumbnailUrl\":\"https:\\\/\\\/patagoniambiental.com.ar\\\/info\\\/wp-content\\\/uploads\\\/2017\\\/08\\\/1066219120.jpg\",\"articleSection\":[\"Internacionales\",\"Noticias\"],\"inLanguage\":\"es\",\"potentialAction\":[{\"@type\":\"CommentAction\",\"name\":\"Comment\",\"target\":[\"https:\\\/\\\/patagoniambiental.com.ar\\\/info\\\/cientificos-ponen-fecha-al-fenomeno-solar-que-causara-devastadoras-perdidas\\\/#respond\"]}]},{\"@type\":\"WebPage\",\"@id\":\"https:\\\/\\\/patagoniambiental.com.ar\\\/info\\\/cientificos-ponen-fecha-al-fenomeno-solar-que-causara-devastadoras-perdidas\\\/\",\"url\":\"https:\\\/\\\/patagoniambiental.com.ar\\\/info\\\/cientificos-ponen-fecha-al-fenomeno-solar-que-causara-devastadoras-perdidas\\\/\",\"name\":\"Cient\u00edficos ponen fecha al fen\u00f3meno solar que causar\u00e1 \\\"devastadoras p\u00e9rdidas\\\"\",\"isPartOf\":{\"@id\":\"https:\\\/\\\/patagoniambiental.com.ar\\\/info\\\/#website\"},\"primaryImageOfPage\":{\"@id\":\"https:\\\/\\\/patagoniambiental.com.ar\\\/info\\\/cientificos-ponen-fecha-al-fenomeno-solar-que-causara-devastadoras-perdidas\\\/#primaryimage\"},\"image\":{\"@id\":\"https:\\\/\\\/patagoniambiental.com.ar\\\/info\\\/cientificos-ponen-fecha-al-fenomeno-solar-que-causara-devastadoras-perdidas\\\/#primaryimage\"},\"thumbnailUrl\":\"https:\\\/\\\/patagoniambiental.com.ar\\\/info\\\/wp-content\\\/uploads\\\/2017\\\/08\\\/1066219120.jpg\",\"datePublished\":\"2017-08-24T22:00:03+00:00\",\"breadcrumb\":{\"@id\":\"https:\\\/\\\/patagoniambiental.com.ar\\\/info\\\/cientificos-ponen-fecha-al-fenomeno-solar-que-causara-devastadoras-perdidas\\\/#breadcrumb\"},\"inLanguage\":\"es\",\"potentialAction\":[{\"@type\":\"ReadAction\",\"target\":[\"https:\\\/\\\/patagoniambiental.com.ar\\\/info\\\/cientificos-ponen-fecha-al-fenomeno-solar-que-causara-devastadoras-perdidas\\\/\"]}]},{\"@type\":\"ImageObject\",\"inLanguage\":\"es\",\"@id\":\"https:\\\/\\\/patagoniambiental.com.ar\\\/info\\\/cientificos-ponen-fecha-al-fenomeno-solar-que-causara-devastadoras-perdidas\\\/#primaryimage\",\"url\":\"https:\\\/\\\/patagoniambiental.com.ar\\\/info\\\/wp-content\\\/uploads\\\/2017\\\/08\\\/1066219120.jpg\",\"contentUrl\":\"https:\\\/\\\/patagoniambiental.com.ar\\\/info\\\/wp-content\\\/uploads\\\/2017\\\/08\\\/1066219120.jpg\",\"width\":705,\"height\":375},{\"@type\":\"BreadcrumbList\",\"@id\":\"https:\\\/\\\/patagoniambiental.com.ar\\\/info\\\/cientificos-ponen-fecha-al-fenomeno-solar-que-causara-devastadoras-perdidas\\\/#breadcrumb\",\"itemListElement\":[{\"@type\":\"ListItem\",\"position\":1,\"name\":\"Inicio\",\"item\":\"https:\\\/\\\/patagoniambiental.com.ar\\\/info\\\/\"},{\"@type\":\"ListItem\",\"position\":2,\"name\":\"Cient\u00edficos ponen fecha al fen\u00f3meno solar que causar\u00e1 \u00abdevastadoras p\u00e9rdidas\u00bb\"}]},{\"@type\":\"WebSite\",\"@id\":\"https:\\\/\\\/patagoniambiental.com.ar\\\/info\\\/#website\",\"url\":\"https:\\\/\\\/patagoniambiental.com.ar\\\/info\\\/\",\"name\":\"Patagonia Ambiental\",\"description\":\"Monitoreo y an\u00e1lisis de la situaci\u00f3n geopol\u00edtica en el mundo y su implicancia en la Patagonia\",\"publisher\":{\"@id\":\"https:\\\/\\\/patagoniambiental.com.ar\\\/info\\\/#organization\"},\"potentialAction\":[{\"@type\":\"SearchAction\",\"target\":{\"@type\":\"EntryPoint\",\"urlTemplate\":\"https:\\\/\\\/patagoniambiental.com.ar\\\/info\\\/?s={search_term_string}\"},\"query-input\":{\"@type\":\"PropertyValueSpecification\",\"valueRequired\":true,\"valueName\":\"search_term_string\"}}],\"inLanguage\":\"es\"},{\"@type\":\"Organization\",\"@id\":\"https:\\\/\\\/patagoniambiental.com.ar\\\/info\\\/#organization\",\"name\":\"Patagonia Ambiental\",\"url\":\"https:\\\/\\\/patagoniambiental.com.ar\\\/info\\\/\",\"logo\":{\"@type\":\"ImageObject\",\"inLanguage\":\"es\",\"@id\":\"https:\\\/\\\/patagoniambiental.com.ar\\\/info\\\/#\\\/schema\\\/logo\\\/image\\\/\",\"url\":\"https:\\\/\\\/patagoniambiental.com.ar\\\/info\\\/wp-content\\\/uploads\\\/2025\\\/05\\\/LOGO-PATAGONIA-AMBIENTAL.png\",\"contentUrl\":\"https:\\\/\\\/patagoniambiental.com.ar\\\/info\\\/wp-content\\\/uploads\\\/2025\\\/05\\\/LOGO-PATAGONIA-AMBIENTAL.png\",\"width\":433,\"height\":250,\"caption\":\"Patagonia Ambiental\"},\"image\":{\"@id\":\"https:\\\/\\\/patagoniambiental.com.ar\\\/info\\\/#\\\/schema\\\/logo\\\/image\\\/\"},\"sameAs\":[\"https:\\\/\\\/www.facebook.com\\\/patagonia.ambiental\",\"https:\\\/\\\/x.com\\\/PatAmb\"]},{\"@type\":\"Person\",\"@id\":\"https:\\\/\\\/patagoniambiental.com.ar\\\/info\\\/#\\\/schema\\\/person\\\/db12bff64bbcbf6a253710bf0ea37b5d\",\"name\":\"Patagonia Ambiental\",\"description\":\"Andr\u00e9s Nievas T\u00e9cnico en manejo ambiental, consultor Ambiental y escritor para medios locales e internacionales sobre temas de geopolitica y medio ambiente.\",\"sameAs\":[\"http:\\\/\\\/www.patagoniambiental.com.ar\",\"https:\\\/\\\/www.facebook.com\\\/share\\\/1C1V8Gv9BX\\\/?mibextid=qi2Omg\",\"@patagoniambiental\",\"https:\\\/\\\/youtube.com\\\/@patagoniaambiental2023?si=BLt58t0wuXquxlYZ\"]}]}<\/script>\n<!-- \/ Yoast SEO Premium plugin. -->","yoast_head_json":{"title":"Cient\u00edficos ponen fecha al fen\u00f3meno solar que causar\u00e1 \"devastadoras p\u00e9rdidas\"","robots":{"index":"index","follow":"follow","max-snippet":"max-snippet:-1","max-image-preview":"max-image-preview:large","max-video-preview":"max-video-preview:-1"},"canonical":"https:\/\/patagoniambiental.com.ar\/info\/cientificos-ponen-fecha-al-fenomeno-solar-que-causara-devastadoras-perdidas\/","og_locale":"es_ES","og_type":"article","og_title":"Cient\u00edficos ponen fecha al fen\u00f3meno solar que causar\u00e1 \"devastadoras p\u00e9rdidas\"","og_description":"Un estudio llevado a cabo por cient\u00edficos estadounidenses determin\u00f3 la fecha de la fulguraci\u00f3n solar que podr\u00eda causar da\u00f1os significativos [&hellip;]","og_url":"https:\/\/patagoniambiental.com.ar\/info\/cientificos-ponen-fecha-al-fenomeno-solar-que-causara-devastadoras-perdidas\/","og_site_name":"Patagonia Ambiental","article_publisher":"https:\/\/www.facebook.com\/patagonia.ambiental","article_author":"https:\/\/www.facebook.com\/share\/1C1V8Gv9BX\/?mibextid=qi2Omg","article_published_time":"2017-08-24T22:00:03+00:00","og_image":[{"width":705,"height":375,"url":"https:\/\/patagoniambiental.com.ar\/info\/wp-content\/uploads\/2017\/08\/1066219120.jpg","type":"image\/jpeg"}],"author":"Patagonia Ambiental","twitter_card":"summary_large_image","twitter_creator":"@PatAmb","twitter_site":"@PatAmb","schema":{"@context":"https:\/\/schema.org","@graph":[{"@type":"Article","@id":"https:\/\/patagoniambiental.com.ar\/info\/cientificos-ponen-fecha-al-fenomeno-solar-que-causara-devastadoras-perdidas\/#article","isPartOf":{"@id":"https:\/\/patagoniambiental.com.ar\/info\/cientificos-ponen-fecha-al-fenomeno-solar-que-causara-devastadoras-perdidas\/"},"author":{"name":"Patagonia Ambiental","@id":"https:\/\/patagoniambiental.com.ar\/info\/#\/schema\/person\/db12bff64bbcbf6a253710bf0ea37b5d"},"headline":"Cient\u00edficos ponen fecha al fen\u00f3meno solar que causar\u00e1 \u00abdevastadoras p\u00e9rdidas\u00bb","datePublished":"2017-08-24T22:00:03+00:00","mainEntityOfPage":{"@id":"https:\/\/patagoniambiental.com.ar\/info\/cientificos-ponen-fecha-al-fenomeno-solar-que-causara-devastadoras-perdidas\/"},"wordCount":316,"commentCount":0,"publisher":{"@id":"https:\/\/patagoniambiental.com.ar\/info\/#organization"},"image":{"@id":"https:\/\/patagoniambiental.com.ar\/info\/cientificos-ponen-fecha-al-fenomeno-solar-que-causara-devastadoras-perdidas\/#primaryimage"},"thumbnailUrl":"https:\/\/patagoniambiental.com.ar\/info\/wp-content\/uploads\/2017\/08\/1066219120.jpg","articleSection":["Internacionales","Noticias"],"inLanguage":"es","potentialAction":[{"@type":"CommentAction","name":"Comment","target":["https:\/\/patagoniambiental.com.ar\/info\/cientificos-ponen-fecha-al-fenomeno-solar-que-causara-devastadoras-perdidas\/#respond"]}]},{"@type":"WebPage","@id":"https:\/\/patagoniambiental.com.ar\/info\/cientificos-ponen-fecha-al-fenomeno-solar-que-causara-devastadoras-perdidas\/","url":"https:\/\/patagoniambiental.com.ar\/info\/cientificos-ponen-fecha-al-fenomeno-solar-que-causara-devastadoras-perdidas\/","name":"Cient\u00edficos ponen fecha al fen\u00f3meno solar que causar\u00e1 \"devastadoras p\u00e9rdidas\"","isPartOf":{"@id":"https:\/\/patagoniambiental.com.ar\/info\/#website"},"primaryImageOfPage":{"@id":"https:\/\/patagoniambiental.com.ar\/info\/cientificos-ponen-fecha-al-fenomeno-solar-que-causara-devastadoras-perdidas\/#primaryimage"},"image":{"@id":"https:\/\/patagoniambiental.com.ar\/info\/cientificos-ponen-fecha-al-fenomeno-solar-que-causara-devastadoras-perdidas\/#primaryimage"},"thumbnailUrl":"https:\/\/patagoniambiental.com.ar\/info\/wp-content\/uploads\/2017\/08\/1066219120.jpg","datePublished":"2017-08-24T22:00:03+00:00","breadcrumb":{"@id":"https:\/\/patagoniambiental.com.ar\/info\/cientificos-ponen-fecha-al-fenomeno-solar-que-causara-devastadoras-perdidas\/#breadcrumb"},"inLanguage":"es","potentialAction":[{"@type":"ReadAction","target":["https:\/\/patagoniambiental.com.ar\/info\/cientificos-ponen-fecha-al-fenomeno-solar-que-causara-devastadoras-perdidas\/"]}]},{"@type":"ImageObject","inLanguage":"es","@id":"https:\/\/patagoniambiental.com.ar\/info\/cientificos-ponen-fecha-al-fenomeno-solar-que-causara-devastadoras-perdidas\/#primaryimage","url":"https:\/\/patagoniambiental.com.ar\/info\/wp-content\/uploads\/2017\/08\/1066219120.jpg","contentUrl":"https:\/\/patagoniambiental.com.ar\/info\/wp-content\/uploads\/2017\/08\/1066219120.jpg","width":705,"height":375},{"@type":"BreadcrumbList","@id":"https:\/\/patagoniambiental.com.ar\/info\/cientificos-ponen-fecha-al-fenomeno-solar-que-causara-devastadoras-perdidas\/#breadcrumb","itemListElement":[{"@type":"ListItem","position":1,"name":"Inicio","item":"https:\/\/patagoniambiental.com.ar\/info\/"},{"@type":"ListItem","position":2,"name":"Cient\u00edficos ponen fecha al fen\u00f3meno solar que causar\u00e1 \u00abdevastadoras p\u00e9rdidas\u00bb"}]},{"@type":"WebSite","@id":"https:\/\/patagoniambiental.com.ar\/info\/#website","url":"https:\/\/patagoniambiental.com.ar\/info\/","name":"Patagonia Ambiental","description":"Monitoreo y an\u00e1lisis de la situaci\u00f3n geopol\u00edtica en el mundo y su implicancia en la Patagonia","publisher":{"@id":"https:\/\/patagoniambiental.com.ar\/info\/#organization"},"potentialAction":[{"@type":"SearchAction","target":{"@type":"EntryPoint","urlTemplate":"https:\/\/patagoniambiental.com.ar\/info\/?s={search_term_string}"},"query-input":{"@type":"PropertyValueSpecification","valueRequired":true,"valueName":"search_term_string"}}],"inLanguage":"es"},{"@type":"Organization","@id":"https:\/\/patagoniambiental.com.ar\/info\/#organization","name":"Patagonia Ambiental","url":"https:\/\/patagoniambiental.com.ar\/info\/","logo":{"@type":"ImageObject","inLanguage":"es","@id":"https:\/\/patagoniambiental.com.ar\/info\/#\/schema\/logo\/image\/","url":"https:\/\/patagoniambiental.com.ar\/info\/wp-content\/uploads\/2025\/05\/LOGO-PATAGONIA-AMBIENTAL.png","contentUrl":"https:\/\/patagoniambiental.com.ar\/info\/wp-content\/uploads\/2025\/05\/LOGO-PATAGONIA-AMBIENTAL.png","width":433,"height":250,"caption":"Patagonia Ambiental"},"image":{"@id":"https:\/\/patagoniambiental.com.ar\/info\/#\/schema\/logo\/image\/"},"sameAs":["https:\/\/www.facebook.com\/patagonia.ambiental","https:\/\/x.com\/PatAmb"]},{"@type":"Person","@id":"https:\/\/patagoniambiental.com.ar\/info\/#\/schema\/person\/db12bff64bbcbf6a253710bf0ea37b5d","name":"Patagonia Ambiental","description":"Andr\u00e9s Nievas T\u00e9cnico en manejo ambiental, consultor Ambiental y escritor para medios locales e internacionales sobre temas de geopolitica y medio ambiente.","sameAs":["http:\/\/www.patagoniambiental.com.ar","https:\/\/www.facebook.com\/share\/1C1V8Gv9BX\/?mibextid=qi2Omg","@patagoniambiental","https:\/\/youtube.com\/@patagoniaambiental2023?si=BLt58t0wuXquxlYZ"]}]}},"_links":{"self":[{"href":"https:\/\/patagoniambiental.com.ar\/info\/wp-json\/wp\/v2\/posts\/33670","targetHints":{"allow":["GET"]}}],"collection":[{"href":"https:\/\/patagoniambiental.com.ar\/info\/wp-json\/wp\/v2\/posts"}],"about":[{"href":"https:\/\/patagoniambiental.com.ar\/info\/wp-json\/wp\/v2\/types\/post"}],"author":[{"embeddable":true,"href":"https:\/\/patagoniambiental.com.ar\/info\/wp-json\/wp\/v2\/users\/2"}],"replies":[{"embeddable":true,"href":"https:\/\/patagoniambiental.com.ar\/info\/wp-json\/wp\/v2\/comments?post=33670"}],"version-history":[{"count":0,"href":"https:\/\/patagoniambiental.com.ar\/info\/wp-json\/wp\/v2\/posts\/33670\/revisions"}],"wp:featuredmedia":[{"embeddable":true,"href":"https:\/\/patagoniambiental.com.ar\/info\/wp-json\/wp\/v2\/media\/33671"}],"wp:attachment":[{"href":"https:\/\/patagoniambiental.com.ar\/info\/wp-json\/wp\/v2\/media?parent=33670"}],"wp:term":[{"taxonomy":"category","embeddable":true,"href":"https:\/\/patagoniambiental.com.ar\/info\/wp-json\/wp\/v2\/categories?post=33670"},{"taxonomy":"post_tag","embeddable":true,"href":"https:\/\/patagoniambiental.com.ar\/info\/wp-json\/wp\/v2\/tags?post=33670"}],"curies":[{"name":"wp","href":"https:\/\/api.w.org\/{rel}","templated":true}]}}