{"id":33693,"date":"2017-08-23T09:00:56","date_gmt":"2017-08-23T12:00:56","guid":{"rendered":"http:\/\/patagoniambiental.com.ar\/info\/?p=33693"},"modified":"2017-08-22T21:15:17","modified_gmt":"2017-08-23T00:15:17","slug":"zara-destaca-la-figura-del-comandante-don-luis-piedra-buena-al-cumplirse-184-anos-de-su-nacimiento","status":"publish","type":"post","link":"https:\/\/patagoniambiental.com.ar\/info\/zara-destaca-la-figura-del-comandante-don-luis-piedra-buena-al-cumplirse-184-anos-de-su-nacimiento\/","title":{"rendered":"Zara destaca la figura del Comandante Don Luis Piedra Buena al cumplirse 184 a\u00f1os de su nacimiento"},"content":{"rendered":"<p class=\"x_gmail-xxmsonormal\">PATAGONES.- El Intendente resalta la figura del m\u00e1s f\u00e9rreo defensor de la Soberan\u00eda Mar\u00edtima Argentina, el Comandante Don Luis Piedrabuena, al conmemorarse el\u00a0pr\u00f3ximo\u00a0\u00a024 de agosto los 184 a\u00f1os de su nacimiento.<\/p>\n<p class=\"x_gmail-xxmsonormal\">\u00a0Asimismo, se informa a la comunidad que ante el inicio de la obra de semipeatonalizaci\u00f3n del sector c\u00e9ntrico de Carmen de Patagones, sobre la calle frente al Mausoleo que guarda los restos del notable marino y su esposa Do\u00f1a Julia Dufour, no se llevar\u00e1 a cabo el acto que tradicionalmente recuerda a\u00f1o tras a\u00f1o el natalicio del mismo.<\/p>\n<p class=\"x_gmail-xxmsonormal\">Ante \u00e9sta situaci\u00f3n y considerando que los actos heroicos desarrollados por Piedrabuena no deben pasar desapercibidos m\u00e1s all\u00e1 de las circunstancias, el Intendente Municipal desea expresar su m\u00e1s profundo reconocimiento a \u00e9ste h\u00e9roe de los mares australes, a qui\u00e9n en buena medida debemos que \u00e9stas tierras pertenezcan hoy a nuestra patria.<\/p>\n<p class=\"x_gmail-xxmsonormal\"><span lang=\"ES-MX\">Por muchos motivos, Piedra Buena tiene m\u00e9ritos para ganarse un lugar de eterno respeto en la memoria de sus compatriotas. Si no bastara su pericia naval, sobra con la simple enumeraci\u00f3n de los rescates en los mares australes, cientos de vidas salvadas sin admitir recompensas, movido s\u00f3lo por su nobleza y humanidad.<\/span><\/p>\n<p class=\"x_gmail-xxmsonormal\"><span lang=\"ES-MX\">Ejemplo de valent\u00eda, hero\u00edsmo y patriotismo, el Comandante Luis Piedrabuena es un modelo a imitar en nuestros d\u00edas sinti\u00e9ndonos orgullosos de nuestra patria, de nuestra patagonia y de nuestro Patagones, cuna de \u00e9ste h\u00e9roe marino a quien recordamos hoy con el mayor de los respetos por su intachable conducta y vida ejemplar<\/span>.<\/p>\n<p class=\"x_gmail-xxmsonormal\">Fuente: Municipio de Patagones<\/p>\n<p class=\"x_MsoNormal\">\n","protected":false},"excerpt":{"rendered":"<p>PATAGONES.- El Intendente resalta la figura del m\u00e1s f\u00e9rreo defensor de la Soberan\u00eda Mar\u00edtima Argentina, el Comandante Don Luis Piedrabuena, [&hellip;]<\/p>\n","protected":false},"author":2,"featured_media":33694,"comment_status":"open","ping_status":"open","sticky":false,"template":"","format":"standard","meta":{"site-sidebar-layout":"default","site-content-layout":"","ast-site-content-layout":"default","site-content-style":"default","site-sidebar-style":"default","ast-global-header-display":"","ast-banner-title-visibility":"","ast-main-header-display":"","ast-hfb-above-header-display":"","ast-hfb-below-header-display":"","ast-hfb-mobile-header-display":"","site-post-title":"","ast-breadcrumbs-content":"","ast-featured-img":"","footer-sml-layout":"","ast-disable-related-posts":"","theme-transparent-header-meta":"","adv-header-id-meta":"","stick-header-meta":"","header-above-stick-meta":"","header-main-stick-meta":"","header-below-stick-meta":"","astra-migrate-meta-layouts":"default","ast-page-background-enabled":"default","ast-page-background-meta":{"desktop":{"background-color":"var(--ast-global-color-5)","background-image":"","background-repeat":"repeat","background-position":"center center","background-size":"auto","background-attachment":"scroll","background-type":"","background-media":"","overlay-type":"","overlay-color":"","overlay-opacity":"","overlay-gradient":""},"tablet":{"background-color":"","background-image":"","background-repeat":"repeat","background-position":"center center","background-size":"auto","background-attachment":"scroll","background-type":"","background-media":"","overlay-type":"","overlay-color":"","overlay-opacity":"","overlay-gradient":""},"mobile":{"background-color":"","background-image":"","background-repeat":"repeat","background-position":"center center","background-size":"auto","background-attachment":"scroll","background-type":"","background-media":"","overlay-type":"","overlay-color":"","overlay-opacity":"","overlay-gradient":""}},"ast-content-background-meta":{"desktop":{"background-color":"var(--ast-global-color-4)","background-image":"","background-repeat":"repeat","background-position":"center center","background-size":"auto","background-attachment":"scroll","background-type":"","background-media":"","overlay-type":"","overlay-color":"","overlay-opacity":"","overlay-gradient":""},"tablet":{"background-color":"var(--ast-global-color-4)","background-image":"","background-repeat":"repeat","background-position":"center center","background-size":"auto","background-attachment":"scroll","background-type":"","background-media":"","overlay-type":"","overlay-color":"","overlay-opacity":"","overlay-gradient":""},"mobile":{"background-color":"var(--ast-global-color-4)","background-image":"","background-repeat":"repeat","background-position":"center center","background-size":"auto","background-attachment":"scroll","background-type":"","background-media":"","overlay-type":"","overlay-color":"","overlay-opacity":"","overlay-gradient":""}},"footnotes":""},"categories":[16,1],"tags":[],"class_list":["post-33693","post","type-post","status-publish","format-standard","has-post-thumbnail","hentry","category-municipales","category-noticias"],"yoast_head":"<!-- This site is optimized with the Yoast SEO Premium plugin v23.0 (Yoast SEO v27.4) - https:\/\/yoast.com\/product\/yoast-seo-premium-wordpress\/ -->\n<title>Zara destaca la figura del Comandante Don Luis Piedra Buena al cumplirse 184 a\u00f1os de su nacimiento<\/title>\n<meta name=\"robots\" content=\"index, follow, max-snippet:-1, max-image-preview:large, max-video-preview:-1\" \/>\n<link rel=\"canonical\" href=\"https:\/\/patagoniambiental.com.ar\/info\/zara-destaca-la-figura-del-comandante-don-luis-piedra-buena-al-cumplirse-184-anos-de-su-nacimiento\/\" \/>\n<meta property=\"og:locale\" content=\"es_ES\" \/>\n<meta property=\"og:type\" content=\"article\" \/>\n<meta property=\"og:title\" content=\"Zara destaca la figura del Comandante Don Luis Piedra Buena al cumplirse 184 a\u00f1os de su nacimiento\" \/>\n<meta property=\"og:description\" content=\"PATAGONES.- El Intendente resalta la figura del m\u00e1s f\u00e9rreo defensor de la Soberan\u00eda Mar\u00edtima Argentina, el Comandante Don Luis Piedrabuena, [&hellip;]\" \/>\n<meta property=\"og:url\" content=\"https:\/\/patagoniambiental.com.ar\/info\/zara-destaca-la-figura-del-comandante-don-luis-piedra-buena-al-cumplirse-184-anos-de-su-nacimiento\/\" \/>\n<meta property=\"og:site_name\" content=\"Patagonia Ambiental\" \/>\n<meta property=\"article:publisher\" content=\"https:\/\/www.facebook.com\/patagonia.ambiental\" \/>\n<meta property=\"article:author\" content=\"https:\/\/www.facebook.com\/share\/1C1V8Gv9BX\/?mibextid=qi2Omg\" \/>\n<meta property=\"article:published_time\" content=\"2017-08-23T12:00:56+00:00\" \/>\n<meta property=\"og:image\" content=\"https:\/\/patagoniambiental.com.ar\/info\/wp-content\/uploads\/2017\/08\/Luis-Piedra-Buena.jpg\" \/>\n\t<meta property=\"og:image:width\" content=\"750\" \/>\n\t<meta property=\"og:image:height\" content=\"502\" \/>\n\t<meta property=\"og:image:type\" content=\"image\/jpeg\" \/>\n<meta name=\"author\" content=\"Patagonia Ambiental\" \/>\n<meta name=\"twitter:card\" content=\"summary_large_image\" \/>\n<meta name=\"twitter:creator\" content=\"@PatAmb\" \/>\n<meta name=\"twitter:site\" content=\"@PatAmb\" \/>\n<script type=\"application\/ld+json\" class=\"yoast-schema-graph\">{\"@context\":\"https:\\\/\\\/schema.org\",\"@graph\":[{\"@type\":\"Article\",\"@id\":\"https:\\\/\\\/patagoniambiental.com.ar\\\/info\\\/zara-destaca-la-figura-del-comandante-don-luis-piedra-buena-al-cumplirse-184-anos-de-su-nacimiento\\\/#article\",\"isPartOf\":{\"@id\":\"https:\\\/\\\/patagoniambiental.com.ar\\\/info\\\/zara-destaca-la-figura-del-comandante-don-luis-piedra-buena-al-cumplirse-184-anos-de-su-nacimiento\\\/\"},\"author\":{\"name\":\"Patagonia Ambiental\",\"@id\":\"https:\\\/\\\/patagoniambiental.com.ar\\\/info\\\/#\\\/schema\\\/person\\\/db12bff64bbcbf6a253710bf0ea37b5d\"},\"headline\":\"Zara destaca la figura del Comandante Don Luis Piedra Buena al cumplirse 184 a\u00f1os de su nacimiento\",\"datePublished\":\"2017-08-23T12:00:56+00:00\",\"mainEntityOfPage\":{\"@id\":\"https:\\\/\\\/patagoniambiental.com.ar\\\/info\\\/zara-destaca-la-figura-del-comandante-don-luis-piedra-buena-al-cumplirse-184-anos-de-su-nacimiento\\\/\"},\"wordCount\":290,\"commentCount\":0,\"publisher\":{\"@id\":\"https:\\\/\\\/patagoniambiental.com.ar\\\/info\\\/#organization\"},\"image\":{\"@id\":\"https:\\\/\\\/patagoniambiental.com.ar\\\/info\\\/zara-destaca-la-figura-del-comandante-don-luis-piedra-buena-al-cumplirse-184-anos-de-su-nacimiento\\\/#primaryimage\"},\"thumbnailUrl\":\"https:\\\/\\\/patagoniambiental.com.ar\\\/info\\\/wp-content\\\/uploads\\\/2017\\\/08\\\/Luis-Piedra-Buena.jpg\",\"articleSection\":[\"Municipales\",\"Noticias\"],\"inLanguage\":\"es\",\"potentialAction\":[{\"@type\":\"CommentAction\",\"name\":\"Comment\",\"target\":[\"https:\\\/\\\/patagoniambiental.com.ar\\\/info\\\/zara-destaca-la-figura-del-comandante-don-luis-piedra-buena-al-cumplirse-184-anos-de-su-nacimiento\\\/#respond\"]}]},{\"@type\":\"WebPage\",\"@id\":\"https:\\\/\\\/patagoniambiental.com.ar\\\/info\\\/zara-destaca-la-figura-del-comandante-don-luis-piedra-buena-al-cumplirse-184-anos-de-su-nacimiento\\\/\",\"url\":\"https:\\\/\\\/patagoniambiental.com.ar\\\/info\\\/zara-destaca-la-figura-del-comandante-don-luis-piedra-buena-al-cumplirse-184-anos-de-su-nacimiento\\\/\",\"name\":\"Zara destaca la figura del Comandante Don Luis Piedra Buena al cumplirse 184 a\u00f1os de su nacimiento\",\"isPartOf\":{\"@id\":\"https:\\\/\\\/patagoniambiental.com.ar\\\/info\\\/#website\"},\"primaryImageOfPage\":{\"@id\":\"https:\\\/\\\/patagoniambiental.com.ar\\\/info\\\/zara-destaca-la-figura-del-comandante-don-luis-piedra-buena-al-cumplirse-184-anos-de-su-nacimiento\\\/#primaryimage\"},\"image\":{\"@id\":\"https:\\\/\\\/patagoniambiental.com.ar\\\/info\\\/zara-destaca-la-figura-del-comandante-don-luis-piedra-buena-al-cumplirse-184-anos-de-su-nacimiento\\\/#primaryimage\"},\"thumbnailUrl\":\"https:\\\/\\\/patagoniambiental.com.ar\\\/info\\\/wp-content\\\/uploads\\\/2017\\\/08\\\/Luis-Piedra-Buena.jpg\",\"datePublished\":\"2017-08-23T12:00:56+00:00\",\"breadcrumb\":{\"@id\":\"https:\\\/\\\/patagoniambiental.com.ar\\\/info\\\/zara-destaca-la-figura-del-comandante-don-luis-piedra-buena-al-cumplirse-184-anos-de-su-nacimiento\\\/#breadcrumb\"},\"inLanguage\":\"es\",\"potentialAction\":[{\"@type\":\"ReadAction\",\"target\":[\"https:\\\/\\\/patagoniambiental.com.ar\\\/info\\\/zara-destaca-la-figura-del-comandante-don-luis-piedra-buena-al-cumplirse-184-anos-de-su-nacimiento\\\/\"]}]},{\"@type\":\"ImageObject\",\"inLanguage\":\"es\",\"@id\":\"https:\\\/\\\/patagoniambiental.com.ar\\\/info\\\/zara-destaca-la-figura-del-comandante-don-luis-piedra-buena-al-cumplirse-184-anos-de-su-nacimiento\\\/#primaryimage\",\"url\":\"https:\\\/\\\/patagoniambiental.com.ar\\\/info\\\/wp-content\\\/uploads\\\/2017\\\/08\\\/Luis-Piedra-Buena.jpg\",\"contentUrl\":\"https:\\\/\\\/patagoniambiental.com.ar\\\/info\\\/wp-content\\\/uploads\\\/2017\\\/08\\\/Luis-Piedra-Buena.jpg\",\"width\":750,\"height\":502},{\"@type\":\"BreadcrumbList\",\"@id\":\"https:\\\/\\\/patagoniambiental.com.ar\\\/info\\\/zara-destaca-la-figura-del-comandante-don-luis-piedra-buena-al-cumplirse-184-anos-de-su-nacimiento\\\/#breadcrumb\",\"itemListElement\":[{\"@type\":\"ListItem\",\"position\":1,\"name\":\"Inicio\",\"item\":\"https:\\\/\\\/patagoniambiental.com.ar\\\/info\\\/\"},{\"@type\":\"ListItem\",\"position\":2,\"name\":\"Zara destaca la figura del Comandante Don Luis Piedra Buena al cumplirse 184 a\u00f1os de su nacimiento\"}]},{\"@type\":\"WebSite\",\"@id\":\"https:\\\/\\\/patagoniambiental.com.ar\\\/info\\\/#website\",\"url\":\"https:\\\/\\\/patagoniambiental.com.ar\\\/info\\\/\",\"name\":\"Patagonia Ambiental\",\"description\":\"Monitoreo y an\u00e1lisis de la situaci\u00f3n geopol\u00edtica en el mundo y su implicancia en la Patagonia\",\"publisher\":{\"@id\":\"https:\\\/\\\/patagoniambiental.com.ar\\\/info\\\/#organization\"},\"potentialAction\":[{\"@type\":\"SearchAction\",\"target\":{\"@type\":\"EntryPoint\",\"urlTemplate\":\"https:\\\/\\\/patagoniambiental.com.ar\\\/info\\\/?s={search_term_string}\"},\"query-input\":{\"@type\":\"PropertyValueSpecification\",\"valueRequired\":true,\"valueName\":\"search_term_string\"}}],\"inLanguage\":\"es\"},{\"@type\":\"Organization\",\"@id\":\"https:\\\/\\\/patagoniambiental.com.ar\\\/info\\\/#organization\",\"name\":\"Patagonia Ambiental\",\"url\":\"https:\\\/\\\/patagoniambiental.com.ar\\\/info\\\/\",\"logo\":{\"@type\":\"ImageObject\",\"inLanguage\":\"es\",\"@id\":\"https:\\\/\\\/patagoniambiental.com.ar\\\/info\\\/#\\\/schema\\\/logo\\\/image\\\/\",\"url\":\"https:\\\/\\\/patagoniambiental.com.ar\\\/info\\\/wp-content\\\/uploads\\\/2025\\\/05\\\/LOGO-PATAGONIA-AMBIENTAL.png\",\"contentUrl\":\"https:\\\/\\\/patagoniambiental.com.ar\\\/info\\\/wp-content\\\/uploads\\\/2025\\\/05\\\/LOGO-PATAGONIA-AMBIENTAL.png\",\"width\":433,\"height\":250,\"caption\":\"Patagonia Ambiental\"},\"image\":{\"@id\":\"https:\\\/\\\/patagoniambiental.com.ar\\\/info\\\/#\\\/schema\\\/logo\\\/image\\\/\"},\"sameAs\":[\"https:\\\/\\\/www.facebook.com\\\/patagonia.ambiental\",\"https:\\\/\\\/x.com\\\/PatAmb\"]},{\"@type\":\"Person\",\"@id\":\"https:\\\/\\\/patagoniambiental.com.ar\\\/info\\\/#\\\/schema\\\/person\\\/db12bff64bbcbf6a253710bf0ea37b5d\",\"name\":\"Patagonia Ambiental\",\"description\":\"Andr\u00e9s Nievas T\u00e9cnico en manejo ambiental, consultor Ambiental y escritor para medios locales e internacionales sobre temas de geopolitica y medio ambiente.\",\"sameAs\":[\"http:\\\/\\\/www.patagoniambiental.com.ar\",\"https:\\\/\\\/www.facebook.com\\\/share\\\/1C1V8Gv9BX\\\/?mibextid=qi2Omg\",\"@patagoniambiental\",\"https:\\\/\\\/youtube.com\\\/@patagoniaambiental2023?si=BLt58t0wuXquxlYZ\"]}]}<\/script>\n<!-- \/ Yoast SEO Premium plugin. -->","yoast_head_json":{"title":"Zara destaca la figura del Comandante Don Luis Piedra Buena al cumplirse 184 a\u00f1os de su nacimiento","robots":{"index":"index","follow":"follow","max-snippet":"max-snippet:-1","max-image-preview":"max-image-preview:large","max-video-preview":"max-video-preview:-1"},"canonical":"https:\/\/patagoniambiental.com.ar\/info\/zara-destaca-la-figura-del-comandante-don-luis-piedra-buena-al-cumplirse-184-anos-de-su-nacimiento\/","og_locale":"es_ES","og_type":"article","og_title":"Zara destaca la figura del Comandante Don Luis Piedra Buena al cumplirse 184 a\u00f1os de su nacimiento","og_description":"PATAGONES.- El Intendente resalta la figura del m\u00e1s f\u00e9rreo defensor de la Soberan\u00eda Mar\u00edtima Argentina, el Comandante Don Luis Piedrabuena, [&hellip;]","og_url":"https:\/\/patagoniambiental.com.ar\/info\/zara-destaca-la-figura-del-comandante-don-luis-piedra-buena-al-cumplirse-184-anos-de-su-nacimiento\/","og_site_name":"Patagonia Ambiental","article_publisher":"https:\/\/www.facebook.com\/patagonia.ambiental","article_author":"https:\/\/www.facebook.com\/share\/1C1V8Gv9BX\/?mibextid=qi2Omg","article_published_time":"2017-08-23T12:00:56+00:00","og_image":[{"width":750,"height":502,"url":"https:\/\/patagoniambiental.com.ar\/info\/wp-content\/uploads\/2017\/08\/Luis-Piedra-Buena.jpg","type":"image\/jpeg"}],"author":"Patagonia Ambiental","twitter_card":"summary_large_image","twitter_creator":"@PatAmb","twitter_site":"@PatAmb","schema":{"@context":"https:\/\/schema.org","@graph":[{"@type":"Article","@id":"https:\/\/patagoniambiental.com.ar\/info\/zara-destaca-la-figura-del-comandante-don-luis-piedra-buena-al-cumplirse-184-anos-de-su-nacimiento\/#article","isPartOf":{"@id":"https:\/\/patagoniambiental.com.ar\/info\/zara-destaca-la-figura-del-comandante-don-luis-piedra-buena-al-cumplirse-184-anos-de-su-nacimiento\/"},"author":{"name":"Patagonia Ambiental","@id":"https:\/\/patagoniambiental.com.ar\/info\/#\/schema\/person\/db12bff64bbcbf6a253710bf0ea37b5d"},"headline":"Zara destaca la figura del Comandante Don Luis Piedra Buena al cumplirse 184 a\u00f1os de su nacimiento","datePublished":"2017-08-23T12:00:56+00:00","mainEntityOfPage":{"@id":"https:\/\/patagoniambiental.com.ar\/info\/zara-destaca-la-figura-del-comandante-don-luis-piedra-buena-al-cumplirse-184-anos-de-su-nacimiento\/"},"wordCount":290,"commentCount":0,"publisher":{"@id":"https:\/\/patagoniambiental.com.ar\/info\/#organization"},"image":{"@id":"https:\/\/patagoniambiental.com.ar\/info\/zara-destaca-la-figura-del-comandante-don-luis-piedra-buena-al-cumplirse-184-anos-de-su-nacimiento\/#primaryimage"},"thumbnailUrl":"https:\/\/patagoniambiental.com.ar\/info\/wp-content\/uploads\/2017\/08\/Luis-Piedra-Buena.jpg","articleSection":["Municipales","Noticias"],"inLanguage":"es","potentialAction":[{"@type":"CommentAction","name":"Comment","target":["https:\/\/patagoniambiental.com.ar\/info\/zara-destaca-la-figura-del-comandante-don-luis-piedra-buena-al-cumplirse-184-anos-de-su-nacimiento\/#respond"]}]},{"@type":"WebPage","@id":"https:\/\/patagoniambiental.com.ar\/info\/zara-destaca-la-figura-del-comandante-don-luis-piedra-buena-al-cumplirse-184-anos-de-su-nacimiento\/","url":"https:\/\/patagoniambiental.com.ar\/info\/zara-destaca-la-figura-del-comandante-don-luis-piedra-buena-al-cumplirse-184-anos-de-su-nacimiento\/","name":"Zara destaca la figura del Comandante Don Luis Piedra Buena al cumplirse 184 a\u00f1os de su nacimiento","isPartOf":{"@id":"https:\/\/patagoniambiental.com.ar\/info\/#website"},"primaryImageOfPage":{"@id":"https:\/\/patagoniambiental.com.ar\/info\/zara-destaca-la-figura-del-comandante-don-luis-piedra-buena-al-cumplirse-184-anos-de-su-nacimiento\/#primaryimage"},"image":{"@id":"https:\/\/patagoniambiental.com.ar\/info\/zara-destaca-la-figura-del-comandante-don-luis-piedra-buena-al-cumplirse-184-anos-de-su-nacimiento\/#primaryimage"},"thumbnailUrl":"https:\/\/patagoniambiental.com.ar\/info\/wp-content\/uploads\/2017\/08\/Luis-Piedra-Buena.jpg","datePublished":"2017-08-23T12:00:56+00:00","breadcrumb":{"@id":"https:\/\/patagoniambiental.com.ar\/info\/zara-destaca-la-figura-del-comandante-don-luis-piedra-buena-al-cumplirse-184-anos-de-su-nacimiento\/#breadcrumb"},"inLanguage":"es","potentialAction":[{"@type":"ReadAction","target":["https:\/\/patagoniambiental.com.ar\/info\/zara-destaca-la-figura-del-comandante-don-luis-piedra-buena-al-cumplirse-184-anos-de-su-nacimiento\/"]}]},{"@type":"ImageObject","inLanguage":"es","@id":"https:\/\/patagoniambiental.com.ar\/info\/zara-destaca-la-figura-del-comandante-don-luis-piedra-buena-al-cumplirse-184-anos-de-su-nacimiento\/#primaryimage","url":"https:\/\/patagoniambiental.com.ar\/info\/wp-content\/uploads\/2017\/08\/Luis-Piedra-Buena.jpg","contentUrl":"https:\/\/patagoniambiental.com.ar\/info\/wp-content\/uploads\/2017\/08\/Luis-Piedra-Buena.jpg","width":750,"height":502},{"@type":"BreadcrumbList","@id":"https:\/\/patagoniambiental.com.ar\/info\/zara-destaca-la-figura-del-comandante-don-luis-piedra-buena-al-cumplirse-184-anos-de-su-nacimiento\/#breadcrumb","itemListElement":[{"@type":"ListItem","position":1,"name":"Inicio","item":"https:\/\/patagoniambiental.com.ar\/info\/"},{"@type":"ListItem","position":2,"name":"Zara destaca la figura del Comandante Don Luis Piedra Buena al cumplirse 184 a\u00f1os de su nacimiento"}]},{"@type":"WebSite","@id":"https:\/\/patagoniambiental.com.ar\/info\/#website","url":"https:\/\/patagoniambiental.com.ar\/info\/","name":"Patagonia Ambiental","description":"Monitoreo y an\u00e1lisis de la situaci\u00f3n geopol\u00edtica en el mundo y su implicancia en la Patagonia","publisher":{"@id":"https:\/\/patagoniambiental.com.ar\/info\/#organization"},"potentialAction":[{"@type":"SearchAction","target":{"@type":"EntryPoint","urlTemplate":"https:\/\/patagoniambiental.com.ar\/info\/?s={search_term_string}"},"query-input":{"@type":"PropertyValueSpecification","valueRequired":true,"valueName":"search_term_string"}}],"inLanguage":"es"},{"@type":"Organization","@id":"https:\/\/patagoniambiental.com.ar\/info\/#organization","name":"Patagonia Ambiental","url":"https:\/\/patagoniambiental.com.ar\/info\/","logo":{"@type":"ImageObject","inLanguage":"es","@id":"https:\/\/patagoniambiental.com.ar\/info\/#\/schema\/logo\/image\/","url":"https:\/\/patagoniambiental.com.ar\/info\/wp-content\/uploads\/2025\/05\/LOGO-PATAGONIA-AMBIENTAL.png","contentUrl":"https:\/\/patagoniambiental.com.ar\/info\/wp-content\/uploads\/2025\/05\/LOGO-PATAGONIA-AMBIENTAL.png","width":433,"height":250,"caption":"Patagonia Ambiental"},"image":{"@id":"https:\/\/patagoniambiental.com.ar\/info\/#\/schema\/logo\/image\/"},"sameAs":["https:\/\/www.facebook.com\/patagonia.ambiental","https:\/\/x.com\/PatAmb"]},{"@type":"Person","@id":"https:\/\/patagoniambiental.com.ar\/info\/#\/schema\/person\/db12bff64bbcbf6a253710bf0ea37b5d","name":"Patagonia Ambiental","description":"Andr\u00e9s Nievas T\u00e9cnico en manejo ambiental, consultor Ambiental y escritor para medios locales e internacionales sobre temas de geopolitica y medio ambiente.","sameAs":["http:\/\/www.patagoniambiental.com.ar","https:\/\/www.facebook.com\/share\/1C1V8Gv9BX\/?mibextid=qi2Omg","@patagoniambiental","https:\/\/youtube.com\/@patagoniaambiental2023?si=BLt58t0wuXquxlYZ"]}]}},"_links":{"self":[{"href":"https:\/\/patagoniambiental.com.ar\/info\/wp-json\/wp\/v2\/posts\/33693","targetHints":{"allow":["GET"]}}],"collection":[{"href":"https:\/\/patagoniambiental.com.ar\/info\/wp-json\/wp\/v2\/posts"}],"about":[{"href":"https:\/\/patagoniambiental.com.ar\/info\/wp-json\/wp\/v2\/types\/post"}],"author":[{"embeddable":true,"href":"https:\/\/patagoniambiental.com.ar\/info\/wp-json\/wp\/v2\/users\/2"}],"replies":[{"embeddable":true,"href":"https:\/\/patagoniambiental.com.ar\/info\/wp-json\/wp\/v2\/comments?post=33693"}],"version-history":[{"count":0,"href":"https:\/\/patagoniambiental.com.ar\/info\/wp-json\/wp\/v2\/posts\/33693\/revisions"}],"wp:featuredmedia":[{"embeddable":true,"href":"https:\/\/patagoniambiental.com.ar\/info\/wp-json\/wp\/v2\/media\/33694"}],"wp:attachment":[{"href":"https:\/\/patagoniambiental.com.ar\/info\/wp-json\/wp\/v2\/media?parent=33693"}],"wp:term":[{"taxonomy":"category","embeddable":true,"href":"https:\/\/patagoniambiental.com.ar\/info\/wp-json\/wp\/v2\/categories?post=33693"},{"taxonomy":"post_tag","embeddable":true,"href":"https:\/\/patagoniambiental.com.ar\/info\/wp-json\/wp\/v2\/tags?post=33693"}],"curies":[{"name":"wp","href":"https:\/\/api.w.org\/{rel}","templated":true}]}}