{"id":33702,"date":"2017-08-23T09:00:37","date_gmt":"2017-08-23T12:00:37","guid":{"rendered":"http:\/\/patagoniambiental.com.ar\/info\/?p=33702"},"modified":"2017-08-22T21:25:44","modified_gmt":"2017-08-23T00:25:44","slug":"impulsan-una-peticion-para-evitar-la-extincion-del-maca-tobiano","status":"publish","type":"post","link":"https:\/\/patagoniambiental.com.ar\/info\/impulsan-una-peticion-para-evitar-la-extincion-del-maca-tobiano\/","title":{"rendered":"Impulsan una petici\u00f3n para evitar la extinci\u00f3n del Mac\u00e1 Tobiano"},"content":{"rendered":"<article id=\"article-post\" class=\"cat-\">\n<div class=\"cuerpo clearfix\">\n<p>SANTA CRUZ.- El Mac\u00e1 Tobiano desde su descubrimiento en 1974, se ha convertido en un s\u00edmbolo de la naturaleza silvestre y la conservaci\u00f3n en Patagonia. Habita lagos y lagunas de las mesetas de altura de la provincia de Santa Cruz, una de las ecorregiones m\u00e1s amenazadas y menos protegidas de la Argentina. En invierno migra hacia la costa atl\u00e1ntica, a los estuarios de los r\u00edos Coyle, Gallegos y Chico-Santa Cruz.<\/p>\n<p>Actualmente, el Mac\u00e1 Tobiano atraviesa un proceso que podr\u00eda llevarlo a la extinci\u00f3n durante esta d\u00e9cada. Se estima que la poblaci\u00f3n no superar\u00eda los 800 individuos, lo cual significa que la poblaci\u00f3n decreci\u00f3 m\u00e1s de un 80% en los \u00faltimos 25 a\u00f1os.<\/p>\n<p>Entre los principales problemas que enfrenta la especie, figura la presencia de especies invasoras y ex\u00f3ticas en su zona reproductiva, como el Vis\u00f3n Americano, la Trucha Arcoiris y la Gaviota Cocinera. A esto se suma el cambio clim\u00e1tico, que se manifiesta en aumentos en la velocidad del viento y en severas sequ\u00edas, que reducen su h\u00e1bitat reproductivo.<\/p>\n<p>Ante esta lamentable situaci\u00f3n voluntarios de Aves Argentinas y Ambiente Sur est\u00e1n desarrollando acciones conjuntas para revertir la situaci\u00f3n cr\u00edtica de \u00e9sta especie desde el a\u00f1o 2009. Mientras se est\u00e1n proyectando acciones que incluyen el monitoreo sistem\u00e1tico de todas las mesetas de importancia; censos en el per\u00edodo invernal en la costa atl\u00e1ntica; el seguimiento mediante el uso de telemetr\u00eda; estudio de su ruta migratoria para evaluar otras potenciales amenazas; la asignaci\u00f3n de agentes de conservaci\u00f3n para implementar medidas de acci\u00f3n directa (control de visones y gaviotas cocineras); se promueven tambi\u00e9n acciones de concientizaci\u00f3n con las comunidades de la regi\u00f3n.<\/p>\n<p>Una forma de ayudar a la causa, que se eligi\u00f3 es la recolecci\u00f3n de firmas a trav\u00e9s de la plataforma change.org para conseguir a trav\u00e9s de la iniciativa la atenci\u00f3n de las autoridades pertinentes. Las personas que desean acompa\u00f1ar la petici\u00f3n deben ingresar a\u00a0<a href=\"http:\/\/www.avesargentinas.org.ar\/proyecto-mac%C3%A1-tobiano\">http:\/\/www.avesargentinas.org.ar\/proyecto-mac%C3%A1-tobiano<\/a>.<\/p>\n<p>Fuente. El patagonico<\/p>\n<\/div>\n<\/article>\n","protected":false},"excerpt":{"rendered":"<p>SANTA CRUZ.- El Mac\u00e1 Tobiano desde su descubrimiento en 1974, se ha convertido en un s\u00edmbolo de la naturaleza silvestre [&hellip;]<\/p>\n","protected":false},"author":2,"featured_media":33703,"comment_status":"open","ping_status":"open","sticky":false,"template":"","format":"standard","meta":{"site-sidebar-layout":"default","site-content-layout":"","ast-site-content-layout":"default","site-content-style":"default","site-sidebar-style":"default","ast-global-header-display":"","ast-banner-title-visibility":"","ast-main-header-display":"","ast-hfb-above-header-display":"","ast-hfb-below-header-display":"","ast-hfb-mobile-header-display":"","site-post-title":"","ast-breadcrumbs-content":"","ast-featured-img":"","footer-sml-layout":"","ast-disable-related-posts":"","theme-transparent-header-meta":"","adv-header-id-meta":"","stick-header-meta":"","header-above-stick-meta":"","header-main-stick-meta":"","header-below-stick-meta":"","astra-migrate-meta-layouts":"default","ast-page-background-enabled":"default","ast-page-background-meta":{"desktop":{"background-color":"var(--ast-global-color-5)","background-image":"","background-repeat":"repeat","background-position":"center center","background-size":"auto","background-attachment":"scroll","background-type":"","background-media":"","overlay-type":"","overlay-color":"","overlay-opacity":"","overlay-gradient":""},"tablet":{"background-color":"","background-image":"","background-repeat":"repeat","background-position":"center center","background-size":"auto","background-attachment":"scroll","background-type":"","background-media":"","overlay-type":"","overlay-color":"","overlay-opacity":"","overlay-gradient":""},"mobile":{"background-color":"","background-image":"","background-repeat":"repeat","background-position":"center center","background-size":"auto","background-attachment":"scroll","background-type":"","background-media":"","overlay-type":"","overlay-color":"","overlay-opacity":"","overlay-gradient":""}},"ast-content-background-meta":{"desktop":{"background-color":"var(--ast-global-color-4)","background-image":"","background-repeat":"repeat","background-position":"center center","background-size":"auto","background-attachment":"scroll","background-type":"","background-media":"","overlay-type":"","overlay-color":"","overlay-opacity":"","overlay-gradient":""},"tablet":{"background-color":"var(--ast-global-color-4)","background-image":"","background-repeat":"repeat","background-position":"center center","background-size":"auto","background-attachment":"scroll","background-type":"","background-media":"","overlay-type":"","overlay-color":"","overlay-opacity":"","overlay-gradient":""},"mobile":{"background-color":"var(--ast-global-color-4)","background-image":"","background-repeat":"repeat","background-position":"center center","background-size":"auto","background-attachment":"scroll","background-type":"","background-media":"","overlay-type":"","overlay-color":"","overlay-opacity":"","overlay-gradient":""}},"footnotes":""},"categories":[1,20],"tags":[],"class_list":["post-33702","post","type-post","status-publish","format-standard","has-post-thumbnail","hentry","category-noticias","category-santa-cruz"],"yoast_head":"<!-- This site is optimized with the Yoast SEO Premium plugin v23.0 (Yoast SEO v27.5) - https:\/\/yoast.com\/product\/yoast-seo-premium-wordpress\/ -->\n<title>Impulsan una petici\u00f3n para evitar la extinci\u00f3n del Mac\u00e1 Tobiano<\/title>\n<meta name=\"robots\" content=\"index, follow, max-snippet:-1, max-image-preview:large, max-video-preview:-1\" \/>\n<link rel=\"canonical\" href=\"https:\/\/patagoniambiental.com.ar\/info\/impulsan-una-peticion-para-evitar-la-extincion-del-maca-tobiano\/\" \/>\n<meta property=\"og:locale\" content=\"es_ES\" \/>\n<meta property=\"og:type\" content=\"article\" \/>\n<meta property=\"og:title\" content=\"Impulsan una petici\u00f3n para evitar la extinci\u00f3n del Mac\u00e1 Tobiano\" \/>\n<meta property=\"og:description\" content=\"SANTA CRUZ.- El Mac\u00e1 Tobiano desde su descubrimiento en 1974, se ha convertido en un s\u00edmbolo de la naturaleza silvestre [&hellip;]\" \/>\n<meta property=\"og:url\" content=\"https:\/\/patagoniambiental.com.ar\/info\/impulsan-una-peticion-para-evitar-la-extincion-del-maca-tobiano\/\" \/>\n<meta property=\"og:site_name\" content=\"Patagonia Ambiental\" \/>\n<meta property=\"article:publisher\" content=\"https:\/\/www.facebook.com\/patagonia.ambiental\" \/>\n<meta property=\"article:author\" content=\"https:\/\/www.facebook.com\/share\/1C1V8Gv9BX\/?mibextid=qi2Omg\" \/>\n<meta property=\"article:published_time\" content=\"2017-08-23T12:00:37+00:00\" \/>\n<meta property=\"og:image\" content=\"https:\/\/patagoniambiental.com.ar\/info\/wp-content\/uploads\/2017\/08\/MACA-TOBIANO.jpg\" \/>\n\t<meta property=\"og:image:width\" content=\"790\" \/>\n\t<meta property=\"og:image:height\" content=\"444\" \/>\n\t<meta property=\"og:image:type\" content=\"image\/jpeg\" \/>\n<meta name=\"author\" content=\"Patagonia Ambiental\" \/>\n<meta name=\"twitter:card\" content=\"summary_large_image\" \/>\n<meta name=\"twitter:creator\" content=\"@PatAmb\" \/>\n<meta name=\"twitter:site\" content=\"@PatAmb\" \/>\n<script type=\"application\/ld+json\" class=\"yoast-schema-graph\">{\"@context\":\"https:\\\/\\\/schema.org\",\"@graph\":[{\"@type\":\"Article\",\"@id\":\"https:\\\/\\\/patagoniambiental.com.ar\\\/info\\\/impulsan-una-peticion-para-evitar-la-extincion-del-maca-tobiano\\\/#article\",\"isPartOf\":{\"@id\":\"https:\\\/\\\/patagoniambiental.com.ar\\\/info\\\/impulsan-una-peticion-para-evitar-la-extincion-del-maca-tobiano\\\/\"},\"author\":{\"name\":\"Patagonia Ambiental\",\"@id\":\"https:\\\/\\\/patagoniambiental.com.ar\\\/info\\\/#\\\/schema\\\/person\\\/db12bff64bbcbf6a253710bf0ea37b5d\"},\"headline\":\"Impulsan una petici\u00f3n para evitar la extinci\u00f3n del Mac\u00e1 Tobiano\",\"datePublished\":\"2017-08-23T12:00:37+00:00\",\"mainEntityOfPage\":{\"@id\":\"https:\\\/\\\/patagoniambiental.com.ar\\\/info\\\/impulsan-una-peticion-para-evitar-la-extincion-del-maca-tobiano\\\/\"},\"wordCount\":373,\"commentCount\":0,\"publisher\":{\"@id\":\"https:\\\/\\\/patagoniambiental.com.ar\\\/info\\\/#organization\"},\"image\":{\"@id\":\"https:\\\/\\\/patagoniambiental.com.ar\\\/info\\\/impulsan-una-peticion-para-evitar-la-extincion-del-maca-tobiano\\\/#primaryimage\"},\"thumbnailUrl\":\"https:\\\/\\\/patagoniambiental.com.ar\\\/info\\\/wp-content\\\/uploads\\\/2017\\\/08\\\/MACA-TOBIANO.jpg\",\"articleSection\":[\"Noticias\",\"Santa Cruz\"],\"inLanguage\":\"es\",\"potentialAction\":[{\"@type\":\"CommentAction\",\"name\":\"Comment\",\"target\":[\"https:\\\/\\\/patagoniambiental.com.ar\\\/info\\\/impulsan-una-peticion-para-evitar-la-extincion-del-maca-tobiano\\\/#respond\"]}]},{\"@type\":\"WebPage\",\"@id\":\"https:\\\/\\\/patagoniambiental.com.ar\\\/info\\\/impulsan-una-peticion-para-evitar-la-extincion-del-maca-tobiano\\\/\",\"url\":\"https:\\\/\\\/patagoniambiental.com.ar\\\/info\\\/impulsan-una-peticion-para-evitar-la-extincion-del-maca-tobiano\\\/\",\"name\":\"Impulsan una petici\u00f3n para evitar la extinci\u00f3n del Mac\u00e1 Tobiano\",\"isPartOf\":{\"@id\":\"https:\\\/\\\/patagoniambiental.com.ar\\\/info\\\/#website\"},\"primaryImageOfPage\":{\"@id\":\"https:\\\/\\\/patagoniambiental.com.ar\\\/info\\\/impulsan-una-peticion-para-evitar-la-extincion-del-maca-tobiano\\\/#primaryimage\"},\"image\":{\"@id\":\"https:\\\/\\\/patagoniambiental.com.ar\\\/info\\\/impulsan-una-peticion-para-evitar-la-extincion-del-maca-tobiano\\\/#primaryimage\"},\"thumbnailUrl\":\"https:\\\/\\\/patagoniambiental.com.ar\\\/info\\\/wp-content\\\/uploads\\\/2017\\\/08\\\/MACA-TOBIANO.jpg\",\"datePublished\":\"2017-08-23T12:00:37+00:00\",\"breadcrumb\":{\"@id\":\"https:\\\/\\\/patagoniambiental.com.ar\\\/info\\\/impulsan-una-peticion-para-evitar-la-extincion-del-maca-tobiano\\\/#breadcrumb\"},\"inLanguage\":\"es\",\"potentialAction\":[{\"@type\":\"ReadAction\",\"target\":[\"https:\\\/\\\/patagoniambiental.com.ar\\\/info\\\/impulsan-una-peticion-para-evitar-la-extincion-del-maca-tobiano\\\/\"]}]},{\"@type\":\"ImageObject\",\"inLanguage\":\"es\",\"@id\":\"https:\\\/\\\/patagoniambiental.com.ar\\\/info\\\/impulsan-una-peticion-para-evitar-la-extincion-del-maca-tobiano\\\/#primaryimage\",\"url\":\"https:\\\/\\\/patagoniambiental.com.ar\\\/info\\\/wp-content\\\/uploads\\\/2017\\\/08\\\/MACA-TOBIANO.jpg\",\"contentUrl\":\"https:\\\/\\\/patagoniambiental.com.ar\\\/info\\\/wp-content\\\/uploads\\\/2017\\\/08\\\/MACA-TOBIANO.jpg\",\"width\":790,\"height\":444},{\"@type\":\"BreadcrumbList\",\"@id\":\"https:\\\/\\\/patagoniambiental.com.ar\\\/info\\\/impulsan-una-peticion-para-evitar-la-extincion-del-maca-tobiano\\\/#breadcrumb\",\"itemListElement\":[{\"@type\":\"ListItem\",\"position\":1,\"name\":\"Inicio\",\"item\":\"https:\\\/\\\/patagoniambiental.com.ar\\\/info\\\/\"},{\"@type\":\"ListItem\",\"position\":2,\"name\":\"Impulsan una petici\u00f3n para evitar la extinci\u00f3n del Mac\u00e1 Tobiano\"}]},{\"@type\":\"WebSite\",\"@id\":\"https:\\\/\\\/patagoniambiental.com.ar\\\/info\\\/#website\",\"url\":\"https:\\\/\\\/patagoniambiental.com.ar\\\/info\\\/\",\"name\":\"Patagonia Ambiental\",\"description\":\"Monitoreo y an\u00e1lisis de la situaci\u00f3n geopol\u00edtica en el mundo y su implicancia en la Patagonia\",\"publisher\":{\"@id\":\"https:\\\/\\\/patagoniambiental.com.ar\\\/info\\\/#organization\"},\"potentialAction\":[{\"@type\":\"SearchAction\",\"target\":{\"@type\":\"EntryPoint\",\"urlTemplate\":\"https:\\\/\\\/patagoniambiental.com.ar\\\/info\\\/?s={search_term_string}\"},\"query-input\":{\"@type\":\"PropertyValueSpecification\",\"valueRequired\":true,\"valueName\":\"search_term_string\"}}],\"inLanguage\":\"es\"},{\"@type\":\"Organization\",\"@id\":\"https:\\\/\\\/patagoniambiental.com.ar\\\/info\\\/#organization\",\"name\":\"Patagonia Ambiental\",\"url\":\"https:\\\/\\\/patagoniambiental.com.ar\\\/info\\\/\",\"logo\":{\"@type\":\"ImageObject\",\"inLanguage\":\"es\",\"@id\":\"https:\\\/\\\/patagoniambiental.com.ar\\\/info\\\/#\\\/schema\\\/logo\\\/image\\\/\",\"url\":\"https:\\\/\\\/patagoniambiental.com.ar\\\/info\\\/wp-content\\\/uploads\\\/2025\\\/05\\\/LOGO-PATAGONIA-AMBIENTAL.png\",\"contentUrl\":\"https:\\\/\\\/patagoniambiental.com.ar\\\/info\\\/wp-content\\\/uploads\\\/2025\\\/05\\\/LOGO-PATAGONIA-AMBIENTAL.png\",\"width\":433,\"height\":250,\"caption\":\"Patagonia Ambiental\"},\"image\":{\"@id\":\"https:\\\/\\\/patagoniambiental.com.ar\\\/info\\\/#\\\/schema\\\/logo\\\/image\\\/\"},\"sameAs\":[\"https:\\\/\\\/www.facebook.com\\\/patagonia.ambiental\",\"https:\\\/\\\/x.com\\\/PatAmb\"]},{\"@type\":\"Person\",\"@id\":\"https:\\\/\\\/patagoniambiental.com.ar\\\/info\\\/#\\\/schema\\\/person\\\/db12bff64bbcbf6a253710bf0ea37b5d\",\"name\":\"Patagonia Ambiental\",\"description\":\"Andr\u00e9s Nievas T\u00e9cnico en manejo ambiental, consultor Ambiental y escritor para medios locales e internacionales sobre temas de geopolitica y medio ambiente.\",\"sameAs\":[\"http:\\\/\\\/www.patagoniambiental.com.ar\",\"https:\\\/\\\/www.facebook.com\\\/share\\\/1C1V8Gv9BX\\\/?mibextid=qi2Omg\",\"@patagoniambiental\",\"https:\\\/\\\/youtube.com\\\/@patagoniaambiental2023?si=BLt58t0wuXquxlYZ\"]}]}<\/script>\n<!-- \/ Yoast SEO Premium plugin. -->","yoast_head_json":{"title":"Impulsan una petici\u00f3n para evitar la extinci\u00f3n del Mac\u00e1 Tobiano","robots":{"index":"index","follow":"follow","max-snippet":"max-snippet:-1","max-image-preview":"max-image-preview:large","max-video-preview":"max-video-preview:-1"},"canonical":"https:\/\/patagoniambiental.com.ar\/info\/impulsan-una-peticion-para-evitar-la-extincion-del-maca-tobiano\/","og_locale":"es_ES","og_type":"article","og_title":"Impulsan una petici\u00f3n para evitar la extinci\u00f3n del Mac\u00e1 Tobiano","og_description":"SANTA CRUZ.- El Mac\u00e1 Tobiano desde su descubrimiento en 1974, se ha convertido en un s\u00edmbolo de la naturaleza silvestre [&hellip;]","og_url":"https:\/\/patagoniambiental.com.ar\/info\/impulsan-una-peticion-para-evitar-la-extincion-del-maca-tobiano\/","og_site_name":"Patagonia Ambiental","article_publisher":"https:\/\/www.facebook.com\/patagonia.ambiental","article_author":"https:\/\/www.facebook.com\/share\/1C1V8Gv9BX\/?mibextid=qi2Omg","article_published_time":"2017-08-23T12:00:37+00:00","og_image":[{"width":790,"height":444,"url":"https:\/\/patagoniambiental.com.ar\/info\/wp-content\/uploads\/2017\/08\/MACA-TOBIANO.jpg","type":"image\/jpeg"}],"author":"Patagonia Ambiental","twitter_card":"summary_large_image","twitter_creator":"@PatAmb","twitter_site":"@PatAmb","schema":{"@context":"https:\/\/schema.org","@graph":[{"@type":"Article","@id":"https:\/\/patagoniambiental.com.ar\/info\/impulsan-una-peticion-para-evitar-la-extincion-del-maca-tobiano\/#article","isPartOf":{"@id":"https:\/\/patagoniambiental.com.ar\/info\/impulsan-una-peticion-para-evitar-la-extincion-del-maca-tobiano\/"},"author":{"name":"Patagonia Ambiental","@id":"https:\/\/patagoniambiental.com.ar\/info\/#\/schema\/person\/db12bff64bbcbf6a253710bf0ea37b5d"},"headline":"Impulsan una petici\u00f3n para evitar la extinci\u00f3n del Mac\u00e1 Tobiano","datePublished":"2017-08-23T12:00:37+00:00","mainEntityOfPage":{"@id":"https:\/\/patagoniambiental.com.ar\/info\/impulsan-una-peticion-para-evitar-la-extincion-del-maca-tobiano\/"},"wordCount":373,"commentCount":0,"publisher":{"@id":"https:\/\/patagoniambiental.com.ar\/info\/#organization"},"image":{"@id":"https:\/\/patagoniambiental.com.ar\/info\/impulsan-una-peticion-para-evitar-la-extincion-del-maca-tobiano\/#primaryimage"},"thumbnailUrl":"https:\/\/patagoniambiental.com.ar\/info\/wp-content\/uploads\/2017\/08\/MACA-TOBIANO.jpg","articleSection":["Noticias","Santa Cruz"],"inLanguage":"es","potentialAction":[{"@type":"CommentAction","name":"Comment","target":["https:\/\/patagoniambiental.com.ar\/info\/impulsan-una-peticion-para-evitar-la-extincion-del-maca-tobiano\/#respond"]}]},{"@type":"WebPage","@id":"https:\/\/patagoniambiental.com.ar\/info\/impulsan-una-peticion-para-evitar-la-extincion-del-maca-tobiano\/","url":"https:\/\/patagoniambiental.com.ar\/info\/impulsan-una-peticion-para-evitar-la-extincion-del-maca-tobiano\/","name":"Impulsan una petici\u00f3n para evitar la extinci\u00f3n del Mac\u00e1 Tobiano","isPartOf":{"@id":"https:\/\/patagoniambiental.com.ar\/info\/#website"},"primaryImageOfPage":{"@id":"https:\/\/patagoniambiental.com.ar\/info\/impulsan-una-peticion-para-evitar-la-extincion-del-maca-tobiano\/#primaryimage"},"image":{"@id":"https:\/\/patagoniambiental.com.ar\/info\/impulsan-una-peticion-para-evitar-la-extincion-del-maca-tobiano\/#primaryimage"},"thumbnailUrl":"https:\/\/patagoniambiental.com.ar\/info\/wp-content\/uploads\/2017\/08\/MACA-TOBIANO.jpg","datePublished":"2017-08-23T12:00:37+00:00","breadcrumb":{"@id":"https:\/\/patagoniambiental.com.ar\/info\/impulsan-una-peticion-para-evitar-la-extincion-del-maca-tobiano\/#breadcrumb"},"inLanguage":"es","potentialAction":[{"@type":"ReadAction","target":["https:\/\/patagoniambiental.com.ar\/info\/impulsan-una-peticion-para-evitar-la-extincion-del-maca-tobiano\/"]}]},{"@type":"ImageObject","inLanguage":"es","@id":"https:\/\/patagoniambiental.com.ar\/info\/impulsan-una-peticion-para-evitar-la-extincion-del-maca-tobiano\/#primaryimage","url":"https:\/\/patagoniambiental.com.ar\/info\/wp-content\/uploads\/2017\/08\/MACA-TOBIANO.jpg","contentUrl":"https:\/\/patagoniambiental.com.ar\/info\/wp-content\/uploads\/2017\/08\/MACA-TOBIANO.jpg","width":790,"height":444},{"@type":"BreadcrumbList","@id":"https:\/\/patagoniambiental.com.ar\/info\/impulsan-una-peticion-para-evitar-la-extincion-del-maca-tobiano\/#breadcrumb","itemListElement":[{"@type":"ListItem","position":1,"name":"Inicio","item":"https:\/\/patagoniambiental.com.ar\/info\/"},{"@type":"ListItem","position":2,"name":"Impulsan una petici\u00f3n para evitar la extinci\u00f3n del Mac\u00e1 Tobiano"}]},{"@type":"WebSite","@id":"https:\/\/patagoniambiental.com.ar\/info\/#website","url":"https:\/\/patagoniambiental.com.ar\/info\/","name":"Patagonia Ambiental","description":"Monitoreo y an\u00e1lisis de la situaci\u00f3n geopol\u00edtica en el mundo y su implicancia en la Patagonia","publisher":{"@id":"https:\/\/patagoniambiental.com.ar\/info\/#organization"},"potentialAction":[{"@type":"SearchAction","target":{"@type":"EntryPoint","urlTemplate":"https:\/\/patagoniambiental.com.ar\/info\/?s={search_term_string}"},"query-input":{"@type":"PropertyValueSpecification","valueRequired":true,"valueName":"search_term_string"}}],"inLanguage":"es"},{"@type":"Organization","@id":"https:\/\/patagoniambiental.com.ar\/info\/#organization","name":"Patagonia Ambiental","url":"https:\/\/patagoniambiental.com.ar\/info\/","logo":{"@type":"ImageObject","inLanguage":"es","@id":"https:\/\/patagoniambiental.com.ar\/info\/#\/schema\/logo\/image\/","url":"https:\/\/patagoniambiental.com.ar\/info\/wp-content\/uploads\/2025\/05\/LOGO-PATAGONIA-AMBIENTAL.png","contentUrl":"https:\/\/patagoniambiental.com.ar\/info\/wp-content\/uploads\/2025\/05\/LOGO-PATAGONIA-AMBIENTAL.png","width":433,"height":250,"caption":"Patagonia Ambiental"},"image":{"@id":"https:\/\/patagoniambiental.com.ar\/info\/#\/schema\/logo\/image\/"},"sameAs":["https:\/\/www.facebook.com\/patagonia.ambiental","https:\/\/x.com\/PatAmb"]},{"@type":"Person","@id":"https:\/\/patagoniambiental.com.ar\/info\/#\/schema\/person\/db12bff64bbcbf6a253710bf0ea37b5d","name":"Patagonia Ambiental","description":"Andr\u00e9s Nievas T\u00e9cnico en manejo ambiental, consultor Ambiental y escritor para medios locales e internacionales sobre temas de geopolitica y medio ambiente.","sameAs":["http:\/\/www.patagoniambiental.com.ar","https:\/\/www.facebook.com\/share\/1C1V8Gv9BX\/?mibextid=qi2Omg","@patagoniambiental","https:\/\/youtube.com\/@patagoniaambiental2023?si=BLt58t0wuXquxlYZ"]}]}},"_links":{"self":[{"href":"https:\/\/patagoniambiental.com.ar\/info\/wp-json\/wp\/v2\/posts\/33702","targetHints":{"allow":["GET"]}}],"collection":[{"href":"https:\/\/patagoniambiental.com.ar\/info\/wp-json\/wp\/v2\/posts"}],"about":[{"href":"https:\/\/patagoniambiental.com.ar\/info\/wp-json\/wp\/v2\/types\/post"}],"author":[{"embeddable":true,"href":"https:\/\/patagoniambiental.com.ar\/info\/wp-json\/wp\/v2\/users\/2"}],"replies":[{"embeddable":true,"href":"https:\/\/patagoniambiental.com.ar\/info\/wp-json\/wp\/v2\/comments?post=33702"}],"version-history":[{"count":0,"href":"https:\/\/patagoniambiental.com.ar\/info\/wp-json\/wp\/v2\/posts\/33702\/revisions"}],"wp:featuredmedia":[{"embeddable":true,"href":"https:\/\/patagoniambiental.com.ar\/info\/wp-json\/wp\/v2\/media\/33703"}],"wp:attachment":[{"href":"https:\/\/patagoniambiental.com.ar\/info\/wp-json\/wp\/v2\/media?parent=33702"}],"wp:term":[{"taxonomy":"category","embeddable":true,"href":"https:\/\/patagoniambiental.com.ar\/info\/wp-json\/wp\/v2\/categories?post=33702"},{"taxonomy":"post_tag","embeddable":true,"href":"https:\/\/patagoniambiental.com.ar\/info\/wp-json\/wp\/v2\/tags?post=33702"}],"curies":[{"name":"wp","href":"https:\/\/api.w.org\/{rel}","templated":true}]}}