{"id":33732,"date":"2017-08-23T19:00:23","date_gmt":"2017-08-23T22:00:23","guid":{"rendered":"http:\/\/patagoniambiental.com.ar\/info\/?p=33732"},"modified":"2017-08-23T10:30:49","modified_gmt":"2017-08-23T13:30:49","slug":"renovacion-y-colocacion-de-senaletica-en-estaciones-de-reciclado-escolares","status":"publish","type":"post","link":"https:\/\/patagoniambiental.com.ar\/info\/renovacion-y-colocacion-de-senaletica-en-estaciones-de-reciclado-escolares\/","title":{"rendered":"Renovaci\u00f3n y colocaci\u00f3n de se\u00f1al\u00e9tica en estaciones de reciclado escolares"},"content":{"rendered":"<p class=\"article-title\">Villa Regina.-Continuando con las acciones para fomentar la conciencia sobre el cuidado ambiental, la Direcci\u00f3n de Medio Ambiente de la Municipalidad de Villa Regina renov\u00f3 las estaciones de reciclado instaladas en centros educativos de la localidad.<\/p>\n<p><!--more--><\/p>\n<div class=\"article-content\">\n<div class=\"article-content-inner\">\n<div class=\"vc_row wpb_row vc_row-fluid\">\n<div class=\"wpb_column vc_column_container vc_col-sm-12\">\n<div class=\"wpb_wrapper\">\n<div class=\"wpb_text_column wpb_content_element \">\n<div class=\"wpb_wrapper\">\n<p><a href=\"http:\/\/www.villaregina.gob.ar\/?attachment_id=4745\" rel=\"attachment wp-att-4745\"><img fetchpriority=\"high\" decoding=\"async\" class=\"aligncenter size-full wp-image-4745\" src=\"http:\/\/www.villaregina.gob.ar\/wp-content\/uploads\/2017\/08\/Renovacion-estaciones-escolares-3.jpg\" sizes=\"(max-width: 1280px) 100vw, 1280px\" srcset=\"\/\/villaregina.gov.ar\/wp-content\/uploads\/2017\/08\/Renovacion-estaciones-escolares-3-300x225.jpg 300w, \/\/villaregina.gov.ar\/wp-content\/uploads\/2017\/08\/Renovacion-estaciones-escolares-3-1024x768.jpg 1024w, \/\/villaregina.gov.ar\/wp-content\/uploads\/2017\/08\/Renovacion-estaciones-escolares-3-600x450.jpg 600w, \/\/villaregina.gov.ar\/wp-content\/uploads\/2017\/08\/Renovacion-estaciones-escolares-3.jpg 1280w\" alt=\"Renovacion estaciones escolares 3\" width=\"1280\" height=\"960\" \/><\/a><\/p>\n<p>&nbsp;<\/p>\n<p>Para ello se reutilizaron tambores donados por la empresa Jugos SA y otros elementos reciclados.<\/p>\n<p>El programa de estaciones de reciclado planificado por la Direcci\u00f3n se pens\u00f3 como una red de puntos que, adem\u00e1s de servir para depositar material destinado al reciclaje y \u00a0el recupero, \u00a0se utilizan por docentes para fomentar el cuidado del medio ambiente.<\/p>\n<\/div>\n<\/div>\n<div class=\"c-gallery\">\n<ul class=\"gallery-images m-layout-masonry m-4-columns\">\n<li><a class=\"lightbox\" title=\"\" href=\"http:\/\/villaregina.gov.ar\/wp-content\/uploads\/2017\/08\/Renovacion-estaciones-escolares-6.jpg\"><img decoding=\"async\" src=\"http:\/\/villaregina.gov.ar\/wp-content\/uploads\/2017\/08\/Renovacion-estaciones-escolares-6-300x225.jpg\" alt=\"\" \/><\/a><\/li>\n<li><a class=\"lightbox\" title=\"\" href=\"http:\/\/villaregina.gov.ar\/wp-content\/uploads\/2017\/08\/Renovacion-estaciones-escolares.jpg\"><img decoding=\"async\" src=\"http:\/\/villaregina.gov.ar\/wp-content\/uploads\/2017\/08\/Renovacion-estaciones-escolares-300x225.jpg\" alt=\"\" \/><\/a><\/li>\n<li><a class=\"lightbox\" title=\"\" href=\"http:\/\/villaregina.gov.ar\/wp-content\/uploads\/2017\/08\/Renovacion-estaciones-escolares-1.jpg\"><img decoding=\"async\" src=\"http:\/\/villaregina.gov.ar\/wp-content\/uploads\/2017\/08\/Renovacion-estaciones-escolares-1-225x300.jpg\" alt=\"\" \/><\/a><\/li>\n<li><a class=\"lightbox\" title=\"\" href=\"http:\/\/villaregina.gov.ar\/wp-content\/uploads\/2017\/08\/Renovacion-estaciones-escolares-3-1.jpg\"><img decoding=\"async\" src=\"http:\/\/villaregina.gov.ar\/wp-content\/uploads\/2017\/08\/Renovacion-estaciones-escolares-3-1-300x225.jpg\" alt=\"\" \/><\/a><\/li>\n<li><a class=\"lightbox\" title=\"\" href=\"http:\/\/villaregina.gov.ar\/wp-content\/uploads\/2017\/08\/Renovacion-estaciones-escolares-4.jpg\"><img decoding=\"async\" src=\"http:\/\/villaregina.gov.ar\/wp-content\/uploads\/2017\/08\/Renovacion-estaciones-escolares-4-300x225.jpg\" alt=\"\" \/><\/a><\/li>\n<li><a class=\"lightbox\" title=\"\" href=\"http:\/\/villaregina.gov.ar\/wp-content\/uploads\/2017\/08\/Renovacion-estaciones-escolares-5.jpg\"><img decoding=\"async\" src=\"http:\/\/villaregina.gov.ar\/wp-content\/uploads\/2017\/08\/Renovacion-estaciones-escolares-5-300x225.jpg\" alt=\"\" \/><\/a><\/li>\n<li><a class=\"lightbox\" title=\"\" href=\"http:\/\/villaregina.gov.ar\/wp-content\/uploads\/2017\/08\/Renovacion-estaciones-escolares-3.jpg\"><img decoding=\"async\" src=\"http:\/\/villaregina.gov.ar\/wp-content\/uploads\/2017\/08\/Renovacion-estaciones-escolares-3-300x225.jpg\" alt=\"\" \/><\/a><\/li>\n<\/ul>\n<\/div>\n<\/div>\n<\/div>\n<\/div>\n<\/div>\n<\/div>\n","protected":false},"excerpt":{"rendered":"<p>Villa Regina.-Continuando con las acciones para fomentar la conciencia sobre el cuidado ambiental, la Direcci\u00f3n de Medio Ambiente de la [&hellip;]<\/p>\n","protected":false},"author":2,"featured_media":33733,"comment_status":"open","ping_status":"open","sticky":false,"template":"","format":"standard","meta":{"site-sidebar-layout":"default","site-content-layout":"","ast-site-content-layout":"default","site-content-style":"default","site-sidebar-style":"default","ast-global-header-display":"","ast-banner-title-visibility":"","ast-main-header-display":"","ast-hfb-above-header-display":"","ast-hfb-below-header-display":"","ast-hfb-mobile-header-display":"","site-post-title":"","ast-breadcrumbs-content":"","ast-featured-img":"","footer-sml-layout":"","ast-disable-related-posts":"","theme-transparent-header-meta":"","adv-header-id-meta":"","stick-header-meta":"","header-above-stick-meta":"","header-main-stick-meta":"","header-below-stick-meta":"","astra-migrate-meta-layouts":"default","ast-page-background-enabled":"default","ast-page-background-meta":{"desktop":{"background-color":"var(--ast-global-color-5)","background-image":"","background-repeat":"repeat","background-position":"center center","background-size":"auto","background-attachment":"scroll","background-type":"","background-media":"","overlay-type":"","overlay-color":"","overlay-opacity":"","overlay-gradient":""},"tablet":{"background-color":"","background-image":"","background-repeat":"repeat","background-position":"center center","background-size":"auto","background-attachment":"scroll","background-type":"","background-media":"","overlay-type":"","overlay-color":"","overlay-opacity":"","overlay-gradient":""},"mobile":{"background-color":"","background-image":"","background-repeat":"repeat","background-position":"center center","background-size":"auto","background-attachment":"scroll","background-type":"","background-media":"","overlay-type":"","overlay-color":"","overlay-opacity":"","overlay-gradient":""}},"ast-content-background-meta":{"desktop":{"background-color":"var(--ast-global-color-4)","background-image":"","background-repeat":"repeat","background-position":"center center","background-size":"auto","background-attachment":"scroll","background-type":"","background-media":"","overlay-type":"","overlay-color":"","overlay-opacity":"","overlay-gradient":""},"tablet":{"background-color":"var(--ast-global-color-4)","background-image":"","background-repeat":"repeat","background-position":"center center","background-size":"auto","background-attachment":"scroll","background-type":"","background-media":"","overlay-type":"","overlay-color":"","overlay-opacity":"","overlay-gradient":""},"mobile":{"background-color":"var(--ast-global-color-4)","background-image":"","background-repeat":"repeat","background-position":"center center","background-size":"auto","background-attachment":"scroll","background-type":"","background-media":"","overlay-type":"","overlay-color":"","overlay-opacity":"","overlay-gradient":""}},"footnotes":""},"categories":[16,1],"tags":[],"class_list":["post-33732","post","type-post","status-publish","format-standard","has-post-thumbnail","hentry","category-municipales","category-noticias"],"yoast_head":"<!-- This site is optimized with the Yoast SEO Premium plugin v23.0 (Yoast SEO v27.4) - https:\/\/yoast.com\/product\/yoast-seo-premium-wordpress\/ -->\n<title>Renovaci\u00f3n y colocaci\u00f3n de se\u00f1al\u00e9tica en estaciones de reciclado escolares<\/title>\n<meta name=\"robots\" content=\"index, follow, max-snippet:-1, max-image-preview:large, max-video-preview:-1\" \/>\n<link rel=\"canonical\" href=\"https:\/\/patagoniambiental.com.ar\/info\/renovacion-y-colocacion-de-senaletica-en-estaciones-de-reciclado-escolares\/\" \/>\n<meta property=\"og:locale\" content=\"es_ES\" \/>\n<meta property=\"og:type\" content=\"article\" \/>\n<meta property=\"og:title\" content=\"Renovaci\u00f3n y colocaci\u00f3n de se\u00f1al\u00e9tica en estaciones de reciclado escolares\" \/>\n<meta property=\"og:description\" content=\"Villa Regina.-Continuando con las acciones para fomentar la conciencia sobre el cuidado ambiental, la Direcci\u00f3n de Medio Ambiente de la [&hellip;]\" \/>\n<meta property=\"og:url\" content=\"https:\/\/patagoniambiental.com.ar\/info\/renovacion-y-colocacion-de-senaletica-en-estaciones-de-reciclado-escolares\/\" \/>\n<meta property=\"og:site_name\" content=\"Patagonia Ambiental\" \/>\n<meta property=\"article:publisher\" content=\"https:\/\/www.facebook.com\/patagonia.ambiental\" \/>\n<meta property=\"article:author\" content=\"https:\/\/www.facebook.com\/share\/1C1V8Gv9BX\/?mibextid=qi2Omg\" \/>\n<meta property=\"article:published_time\" content=\"2017-08-23T22:00:23+00:00\" \/>\n<meta property=\"og:image\" content=\"https:\/\/patagoniambiental.com.ar\/info\/wp-content\/uploads\/2017\/08\/Renovacion-estaciones-escolares-3-1024x768-1.jpg\" \/>\n\t<meta property=\"og:image:width\" content=\"1024\" \/>\n\t<meta property=\"og:image:height\" content=\"768\" \/>\n\t<meta property=\"og:image:type\" content=\"image\/jpeg\" \/>\n<meta name=\"author\" content=\"Patagonia Ambiental\" \/>\n<meta name=\"twitter:card\" content=\"summary_large_image\" \/>\n<meta name=\"twitter:creator\" content=\"@PatAmb\" \/>\n<meta name=\"twitter:site\" content=\"@PatAmb\" \/>\n<script type=\"application\/ld+json\" class=\"yoast-schema-graph\">{\"@context\":\"https:\\\/\\\/schema.org\",\"@graph\":[{\"@type\":\"Article\",\"@id\":\"https:\\\/\\\/patagoniambiental.com.ar\\\/info\\\/renovacion-y-colocacion-de-senaletica-en-estaciones-de-reciclado-escolares\\\/#article\",\"isPartOf\":{\"@id\":\"https:\\\/\\\/patagoniambiental.com.ar\\\/info\\\/renovacion-y-colocacion-de-senaletica-en-estaciones-de-reciclado-escolares\\\/\"},\"author\":{\"name\":\"Patagonia Ambiental\",\"@id\":\"https:\\\/\\\/patagoniambiental.com.ar\\\/info\\\/#\\\/schema\\\/person\\\/db12bff64bbcbf6a253710bf0ea37b5d\"},\"headline\":\"Renovaci\u00f3n y colocaci\u00f3n de se\u00f1al\u00e9tica en estaciones de reciclado escolares\",\"datePublished\":\"2017-08-23T22:00:23+00:00\",\"mainEntityOfPage\":{\"@id\":\"https:\\\/\\\/patagoniambiental.com.ar\\\/info\\\/renovacion-y-colocacion-de-senaletica-en-estaciones-de-reciclado-escolares\\\/\"},\"wordCount\":111,\"commentCount\":0,\"publisher\":{\"@id\":\"https:\\\/\\\/patagoniambiental.com.ar\\\/info\\\/#organization\"},\"image\":{\"@id\":\"https:\\\/\\\/patagoniambiental.com.ar\\\/info\\\/renovacion-y-colocacion-de-senaletica-en-estaciones-de-reciclado-escolares\\\/#primaryimage\"},\"thumbnailUrl\":\"https:\\\/\\\/patagoniambiental.com.ar\\\/info\\\/wp-content\\\/uploads\\\/2017\\\/08\\\/Renovacion-estaciones-escolares-3-1024x768-1.jpg\",\"articleSection\":[\"Municipales\",\"Noticias\"],\"inLanguage\":\"es\",\"potentialAction\":[{\"@type\":\"CommentAction\",\"name\":\"Comment\",\"target\":[\"https:\\\/\\\/patagoniambiental.com.ar\\\/info\\\/renovacion-y-colocacion-de-senaletica-en-estaciones-de-reciclado-escolares\\\/#respond\"]}]},{\"@type\":\"WebPage\",\"@id\":\"https:\\\/\\\/patagoniambiental.com.ar\\\/info\\\/renovacion-y-colocacion-de-senaletica-en-estaciones-de-reciclado-escolares\\\/\",\"url\":\"https:\\\/\\\/patagoniambiental.com.ar\\\/info\\\/renovacion-y-colocacion-de-senaletica-en-estaciones-de-reciclado-escolares\\\/\",\"name\":\"Renovaci\u00f3n y colocaci\u00f3n de se\u00f1al\u00e9tica en estaciones de reciclado escolares\",\"isPartOf\":{\"@id\":\"https:\\\/\\\/patagoniambiental.com.ar\\\/info\\\/#website\"},\"primaryImageOfPage\":{\"@id\":\"https:\\\/\\\/patagoniambiental.com.ar\\\/info\\\/renovacion-y-colocacion-de-senaletica-en-estaciones-de-reciclado-escolares\\\/#primaryimage\"},\"image\":{\"@id\":\"https:\\\/\\\/patagoniambiental.com.ar\\\/info\\\/renovacion-y-colocacion-de-senaletica-en-estaciones-de-reciclado-escolares\\\/#primaryimage\"},\"thumbnailUrl\":\"https:\\\/\\\/patagoniambiental.com.ar\\\/info\\\/wp-content\\\/uploads\\\/2017\\\/08\\\/Renovacion-estaciones-escolares-3-1024x768-1.jpg\",\"datePublished\":\"2017-08-23T22:00:23+00:00\",\"breadcrumb\":{\"@id\":\"https:\\\/\\\/patagoniambiental.com.ar\\\/info\\\/renovacion-y-colocacion-de-senaletica-en-estaciones-de-reciclado-escolares\\\/#breadcrumb\"},\"inLanguage\":\"es\",\"potentialAction\":[{\"@type\":\"ReadAction\",\"target\":[\"https:\\\/\\\/patagoniambiental.com.ar\\\/info\\\/renovacion-y-colocacion-de-senaletica-en-estaciones-de-reciclado-escolares\\\/\"]}]},{\"@type\":\"ImageObject\",\"inLanguage\":\"es\",\"@id\":\"https:\\\/\\\/patagoniambiental.com.ar\\\/info\\\/renovacion-y-colocacion-de-senaletica-en-estaciones-de-reciclado-escolares\\\/#primaryimage\",\"url\":\"https:\\\/\\\/patagoniambiental.com.ar\\\/info\\\/wp-content\\\/uploads\\\/2017\\\/08\\\/Renovacion-estaciones-escolares-3-1024x768-1.jpg\",\"contentUrl\":\"https:\\\/\\\/patagoniambiental.com.ar\\\/info\\\/wp-content\\\/uploads\\\/2017\\\/08\\\/Renovacion-estaciones-escolares-3-1024x768-1.jpg\",\"width\":800,\"height\":600},{\"@type\":\"BreadcrumbList\",\"@id\":\"https:\\\/\\\/patagoniambiental.com.ar\\\/info\\\/renovacion-y-colocacion-de-senaletica-en-estaciones-de-reciclado-escolares\\\/#breadcrumb\",\"itemListElement\":[{\"@type\":\"ListItem\",\"position\":1,\"name\":\"Inicio\",\"item\":\"https:\\\/\\\/patagoniambiental.com.ar\\\/info\\\/\"},{\"@type\":\"ListItem\",\"position\":2,\"name\":\"Renovaci\u00f3n y colocaci\u00f3n de se\u00f1al\u00e9tica en estaciones de reciclado escolares\"}]},{\"@type\":\"WebSite\",\"@id\":\"https:\\\/\\\/patagoniambiental.com.ar\\\/info\\\/#website\",\"url\":\"https:\\\/\\\/patagoniambiental.com.ar\\\/info\\\/\",\"name\":\"Patagonia Ambiental\",\"description\":\"Monitoreo y an\u00e1lisis de la situaci\u00f3n geopol\u00edtica en el mundo y su implicancia en la Patagonia\",\"publisher\":{\"@id\":\"https:\\\/\\\/patagoniambiental.com.ar\\\/info\\\/#organization\"},\"potentialAction\":[{\"@type\":\"SearchAction\",\"target\":{\"@type\":\"EntryPoint\",\"urlTemplate\":\"https:\\\/\\\/patagoniambiental.com.ar\\\/info\\\/?s={search_term_string}\"},\"query-input\":{\"@type\":\"PropertyValueSpecification\",\"valueRequired\":true,\"valueName\":\"search_term_string\"}}],\"inLanguage\":\"es\"},{\"@type\":\"Organization\",\"@id\":\"https:\\\/\\\/patagoniambiental.com.ar\\\/info\\\/#organization\",\"name\":\"Patagonia Ambiental\",\"url\":\"https:\\\/\\\/patagoniambiental.com.ar\\\/info\\\/\",\"logo\":{\"@type\":\"ImageObject\",\"inLanguage\":\"es\",\"@id\":\"https:\\\/\\\/patagoniambiental.com.ar\\\/info\\\/#\\\/schema\\\/logo\\\/image\\\/\",\"url\":\"https:\\\/\\\/patagoniambiental.com.ar\\\/info\\\/wp-content\\\/uploads\\\/2025\\\/05\\\/LOGO-PATAGONIA-AMBIENTAL.png\",\"contentUrl\":\"https:\\\/\\\/patagoniambiental.com.ar\\\/info\\\/wp-content\\\/uploads\\\/2025\\\/05\\\/LOGO-PATAGONIA-AMBIENTAL.png\",\"width\":433,\"height\":250,\"caption\":\"Patagonia Ambiental\"},\"image\":{\"@id\":\"https:\\\/\\\/patagoniambiental.com.ar\\\/info\\\/#\\\/schema\\\/logo\\\/image\\\/\"},\"sameAs\":[\"https:\\\/\\\/www.facebook.com\\\/patagonia.ambiental\",\"https:\\\/\\\/x.com\\\/PatAmb\"]},{\"@type\":\"Person\",\"@id\":\"https:\\\/\\\/patagoniambiental.com.ar\\\/info\\\/#\\\/schema\\\/person\\\/db12bff64bbcbf6a253710bf0ea37b5d\",\"name\":\"Patagonia Ambiental\",\"description\":\"Andr\u00e9s Nievas T\u00e9cnico en manejo ambiental, consultor Ambiental y escritor para medios locales e internacionales sobre temas de geopolitica y medio ambiente.\",\"sameAs\":[\"http:\\\/\\\/www.patagoniambiental.com.ar\",\"https:\\\/\\\/www.facebook.com\\\/share\\\/1C1V8Gv9BX\\\/?mibextid=qi2Omg\",\"@patagoniambiental\",\"https:\\\/\\\/youtube.com\\\/@patagoniaambiental2023?si=BLt58t0wuXquxlYZ\"]}]}<\/script>\n<!-- \/ Yoast SEO Premium plugin. -->","yoast_head_json":{"title":"Renovaci\u00f3n y colocaci\u00f3n de se\u00f1al\u00e9tica en estaciones de reciclado escolares","robots":{"index":"index","follow":"follow","max-snippet":"max-snippet:-1","max-image-preview":"max-image-preview:large","max-video-preview":"max-video-preview:-1"},"canonical":"https:\/\/patagoniambiental.com.ar\/info\/renovacion-y-colocacion-de-senaletica-en-estaciones-de-reciclado-escolares\/","og_locale":"es_ES","og_type":"article","og_title":"Renovaci\u00f3n y colocaci\u00f3n de se\u00f1al\u00e9tica en estaciones de reciclado escolares","og_description":"Villa Regina.-Continuando con las acciones para fomentar la conciencia sobre el cuidado ambiental, la Direcci\u00f3n de Medio Ambiente de la [&hellip;]","og_url":"https:\/\/patagoniambiental.com.ar\/info\/renovacion-y-colocacion-de-senaletica-en-estaciones-de-reciclado-escolares\/","og_site_name":"Patagonia Ambiental","article_publisher":"https:\/\/www.facebook.com\/patagonia.ambiental","article_author":"https:\/\/www.facebook.com\/share\/1C1V8Gv9BX\/?mibextid=qi2Omg","article_published_time":"2017-08-23T22:00:23+00:00","og_image":[{"width":1024,"height":768,"url":"https:\/\/patagoniambiental.com.ar\/info\/wp-content\/uploads\/2017\/08\/Renovacion-estaciones-escolares-3-1024x768-1.jpg","type":"image\/jpeg"}],"author":"Patagonia Ambiental","twitter_card":"summary_large_image","twitter_creator":"@PatAmb","twitter_site":"@PatAmb","schema":{"@context":"https:\/\/schema.org","@graph":[{"@type":"Article","@id":"https:\/\/patagoniambiental.com.ar\/info\/renovacion-y-colocacion-de-senaletica-en-estaciones-de-reciclado-escolares\/#article","isPartOf":{"@id":"https:\/\/patagoniambiental.com.ar\/info\/renovacion-y-colocacion-de-senaletica-en-estaciones-de-reciclado-escolares\/"},"author":{"name":"Patagonia Ambiental","@id":"https:\/\/patagoniambiental.com.ar\/info\/#\/schema\/person\/db12bff64bbcbf6a253710bf0ea37b5d"},"headline":"Renovaci\u00f3n y colocaci\u00f3n de se\u00f1al\u00e9tica en estaciones de reciclado escolares","datePublished":"2017-08-23T22:00:23+00:00","mainEntityOfPage":{"@id":"https:\/\/patagoniambiental.com.ar\/info\/renovacion-y-colocacion-de-senaletica-en-estaciones-de-reciclado-escolares\/"},"wordCount":111,"commentCount":0,"publisher":{"@id":"https:\/\/patagoniambiental.com.ar\/info\/#organization"},"image":{"@id":"https:\/\/patagoniambiental.com.ar\/info\/renovacion-y-colocacion-de-senaletica-en-estaciones-de-reciclado-escolares\/#primaryimage"},"thumbnailUrl":"https:\/\/patagoniambiental.com.ar\/info\/wp-content\/uploads\/2017\/08\/Renovacion-estaciones-escolares-3-1024x768-1.jpg","articleSection":["Municipales","Noticias"],"inLanguage":"es","potentialAction":[{"@type":"CommentAction","name":"Comment","target":["https:\/\/patagoniambiental.com.ar\/info\/renovacion-y-colocacion-de-senaletica-en-estaciones-de-reciclado-escolares\/#respond"]}]},{"@type":"WebPage","@id":"https:\/\/patagoniambiental.com.ar\/info\/renovacion-y-colocacion-de-senaletica-en-estaciones-de-reciclado-escolares\/","url":"https:\/\/patagoniambiental.com.ar\/info\/renovacion-y-colocacion-de-senaletica-en-estaciones-de-reciclado-escolares\/","name":"Renovaci\u00f3n y colocaci\u00f3n de se\u00f1al\u00e9tica en estaciones de reciclado escolares","isPartOf":{"@id":"https:\/\/patagoniambiental.com.ar\/info\/#website"},"primaryImageOfPage":{"@id":"https:\/\/patagoniambiental.com.ar\/info\/renovacion-y-colocacion-de-senaletica-en-estaciones-de-reciclado-escolares\/#primaryimage"},"image":{"@id":"https:\/\/patagoniambiental.com.ar\/info\/renovacion-y-colocacion-de-senaletica-en-estaciones-de-reciclado-escolares\/#primaryimage"},"thumbnailUrl":"https:\/\/patagoniambiental.com.ar\/info\/wp-content\/uploads\/2017\/08\/Renovacion-estaciones-escolares-3-1024x768-1.jpg","datePublished":"2017-08-23T22:00:23+00:00","breadcrumb":{"@id":"https:\/\/patagoniambiental.com.ar\/info\/renovacion-y-colocacion-de-senaletica-en-estaciones-de-reciclado-escolares\/#breadcrumb"},"inLanguage":"es","potentialAction":[{"@type":"ReadAction","target":["https:\/\/patagoniambiental.com.ar\/info\/renovacion-y-colocacion-de-senaletica-en-estaciones-de-reciclado-escolares\/"]}]},{"@type":"ImageObject","inLanguage":"es","@id":"https:\/\/patagoniambiental.com.ar\/info\/renovacion-y-colocacion-de-senaletica-en-estaciones-de-reciclado-escolares\/#primaryimage","url":"https:\/\/patagoniambiental.com.ar\/info\/wp-content\/uploads\/2017\/08\/Renovacion-estaciones-escolares-3-1024x768-1.jpg","contentUrl":"https:\/\/patagoniambiental.com.ar\/info\/wp-content\/uploads\/2017\/08\/Renovacion-estaciones-escolares-3-1024x768-1.jpg","width":800,"height":600},{"@type":"BreadcrumbList","@id":"https:\/\/patagoniambiental.com.ar\/info\/renovacion-y-colocacion-de-senaletica-en-estaciones-de-reciclado-escolares\/#breadcrumb","itemListElement":[{"@type":"ListItem","position":1,"name":"Inicio","item":"https:\/\/patagoniambiental.com.ar\/info\/"},{"@type":"ListItem","position":2,"name":"Renovaci\u00f3n y colocaci\u00f3n de se\u00f1al\u00e9tica en estaciones de reciclado escolares"}]},{"@type":"WebSite","@id":"https:\/\/patagoniambiental.com.ar\/info\/#website","url":"https:\/\/patagoniambiental.com.ar\/info\/","name":"Patagonia Ambiental","description":"Monitoreo y an\u00e1lisis de la situaci\u00f3n geopol\u00edtica en el mundo y su implicancia en la Patagonia","publisher":{"@id":"https:\/\/patagoniambiental.com.ar\/info\/#organization"},"potentialAction":[{"@type":"SearchAction","target":{"@type":"EntryPoint","urlTemplate":"https:\/\/patagoniambiental.com.ar\/info\/?s={search_term_string}"},"query-input":{"@type":"PropertyValueSpecification","valueRequired":true,"valueName":"search_term_string"}}],"inLanguage":"es"},{"@type":"Organization","@id":"https:\/\/patagoniambiental.com.ar\/info\/#organization","name":"Patagonia Ambiental","url":"https:\/\/patagoniambiental.com.ar\/info\/","logo":{"@type":"ImageObject","inLanguage":"es","@id":"https:\/\/patagoniambiental.com.ar\/info\/#\/schema\/logo\/image\/","url":"https:\/\/patagoniambiental.com.ar\/info\/wp-content\/uploads\/2025\/05\/LOGO-PATAGONIA-AMBIENTAL.png","contentUrl":"https:\/\/patagoniambiental.com.ar\/info\/wp-content\/uploads\/2025\/05\/LOGO-PATAGONIA-AMBIENTAL.png","width":433,"height":250,"caption":"Patagonia Ambiental"},"image":{"@id":"https:\/\/patagoniambiental.com.ar\/info\/#\/schema\/logo\/image\/"},"sameAs":["https:\/\/www.facebook.com\/patagonia.ambiental","https:\/\/x.com\/PatAmb"]},{"@type":"Person","@id":"https:\/\/patagoniambiental.com.ar\/info\/#\/schema\/person\/db12bff64bbcbf6a253710bf0ea37b5d","name":"Patagonia Ambiental","description":"Andr\u00e9s Nievas T\u00e9cnico en manejo ambiental, consultor Ambiental y escritor para medios locales e internacionales sobre temas de geopolitica y medio ambiente.","sameAs":["http:\/\/www.patagoniambiental.com.ar","https:\/\/www.facebook.com\/share\/1C1V8Gv9BX\/?mibextid=qi2Omg","@patagoniambiental","https:\/\/youtube.com\/@patagoniaambiental2023?si=BLt58t0wuXquxlYZ"]}]}},"_links":{"self":[{"href":"https:\/\/patagoniambiental.com.ar\/info\/wp-json\/wp\/v2\/posts\/33732","targetHints":{"allow":["GET"]}}],"collection":[{"href":"https:\/\/patagoniambiental.com.ar\/info\/wp-json\/wp\/v2\/posts"}],"about":[{"href":"https:\/\/patagoniambiental.com.ar\/info\/wp-json\/wp\/v2\/types\/post"}],"author":[{"embeddable":true,"href":"https:\/\/patagoniambiental.com.ar\/info\/wp-json\/wp\/v2\/users\/2"}],"replies":[{"embeddable":true,"href":"https:\/\/patagoniambiental.com.ar\/info\/wp-json\/wp\/v2\/comments?post=33732"}],"version-history":[{"count":0,"href":"https:\/\/patagoniambiental.com.ar\/info\/wp-json\/wp\/v2\/posts\/33732\/revisions"}],"wp:featuredmedia":[{"embeddable":true,"href":"https:\/\/patagoniambiental.com.ar\/info\/wp-json\/wp\/v2\/media\/33733"}],"wp:attachment":[{"href":"https:\/\/patagoniambiental.com.ar\/info\/wp-json\/wp\/v2\/media?parent=33732"}],"wp:term":[{"taxonomy":"category","embeddable":true,"href":"https:\/\/patagoniambiental.com.ar\/info\/wp-json\/wp\/v2\/categories?post=33732"},{"taxonomy":"post_tag","embeddable":true,"href":"https:\/\/patagoniambiental.com.ar\/info\/wp-json\/wp\/v2\/tags?post=33732"}],"curies":[{"name":"wp","href":"https:\/\/api.w.org\/{rel}","templated":true}]}}