{"id":33735,"date":"2017-08-23T19:00:23","date_gmt":"2017-08-23T22:00:23","guid":{"rendered":"http:\/\/patagoniambiental.com.ar\/info\/?p=33735"},"modified":"2017-08-23T13:59:52","modified_gmt":"2017-08-23T16:59:52","slug":"autoridades-provinciales-recorrieron-las-zonas-afectadas-por-los-incendios-en-el-alto-valle","status":"publish","type":"post","link":"https:\/\/patagoniambiental.com.ar\/info\/autoridades-provinciales-recorrieron-las-zonas-afectadas-por-los-incendios-en-el-alto-valle\/","title":{"rendered":"Autoridades provinciales recorrieron las zonas afectadas por los incendios en el Alto Valle"},"content":{"rendered":"<h5 class=\"title\">Alto Valle.-Desde la 8 de la ma\u00f1ana, el ministro de Agricultura, Ganader\u00eda y Pesca, Alberto Diomedi recorri\u00f3 la zona afectada por los incendios desatados ayer en el Alto Valle, que recrudecieron por el temporal de viento que afect\u00f3 la zona.<\/h5>\n<p><!--more--><\/p>\n<p><a class=\"single-image\" href=\"http:\/\/www.rionegro.gov.ar\/download\/images\/00029977.jpg\"><img decoding=\"async\" class=\"custom-frame\" src=\"http:\/\/www.rionegro.gov.ar\/download\/images\/00029977.jpg\" alt=\"\" \/><span class=\"curtain\">\u00a0<\/span><\/a><\/p>\n<h5 class=\"title\"><\/h5>\n<p>Al respecto, Dimedi se\u00f1al\u00f3 que \u201cjunto al secretario de Fruticultura, Carlos Banacloy, y responsable de Fiscalizaci\u00f3n, Jorge Chi\u00f3falo, realizamos este recorrido por algunas de las zonas afectadas por los incendios, para observar los da\u00f1os y dialogar con nuestros productores\u201d.<\/p>\n<p>\u201cSe quem\u00f3 una franja paralela al r\u00edo Neuqu\u00e9n y la Ruta 151, desde Cipolleti hasta Campo Grande. Estuvimos en varias chacras y, en un primera estimaci\u00f3n, pudimos observar entre 1.500 a 2.000 hect\u00e1reas afectadas\u201d, agreg\u00f3.<\/p>\n<p>La recorrida comenz\u00f3 en la Facultad de Ciencias Agrarias y continu\u00f3 por chacras lindantes. \u201cEl panorama es desolador ya que los vientos de entre 80 y 100 kil\u00f3metros resultaron devastadores\u201d, asever\u00f3 Diomedi, quien desde ayer a primera hora mantiene comunicaci\u00f3n permanente con el gobernador Alberto Weretilneck que orden\u00f3 evaluar los efectos del siniestro, para tomar decisiones de forma r\u00e1pida.<\/p>\n<p>En este sentido, el Ministro dio las instrucciones necesarias para que la Secretar\u00eda de Fruticultura env\u00ede hoy mismo a las C\u00e1maras de las jurisdicciones afectadas, las planillas para que los productores puedan hacer las correspondientes declaraciones juradas por incendios. Mientras que \u201cma\u00f1ana, los t\u00e9cnicos provinciales comenzar\u00e1n a realizar el relevamiento de la zona\u201d, explic\u00f3.<\/p>\n<p>\u201cPese a que hubo advertencias desde la AIC por alerta meteorol\u00f3gico, la magnitud del fen\u00f3meno super\u00f3 lo pronosticado. Hoy vinimos a tener una primera aproximaci\u00f3n a la situaci\u00f3n y a acompa\u00f1ar a los damnificados para tomar las decisiones pertinentes para los pr\u00f3ximos 15 o 20 d\u00edas\u201d.<\/p>\n<p>Para finalizar, el Ministro lament\u00f3 que la corteza de los arboles se viera afectada por la exposici\u00f3n a las altas temperaturas, \u201cestimo que el deterioro en esos \u00e1rboles es alto, pero son estimaciones que estamos haciendo a partir de esta primera visita, vamos a caminar y la semana pr\u00f3xima nos instalaremos en la zona para meditar las decisiones m\u00e1s acertadas y acompa\u00f1ar a los productores\u201d, finaliz\u00f3.<\/p>\n<p>A su turno, el secretario de Fruticultura, Carlos Banacloy sostuvo: \u201cNo va a alcanzar ni un d\u00eda, ni dos porque queremos hacer un relevamiento exhaustivo ya que la magnitud del incendio ha sido muy importante y no queremos tener datos sobrevaluados sino informaci\u00f3n espec\u00edfica\u201d.<\/p>\n<p>En ese sentido inform\u00f3 que las tareas comenzar\u00e1n con una evaluaci\u00f3n, para dar lugar luego a una declaraci\u00f3n de da\u00f1o de parte de los productores, finalmente se dise\u00f1ar\u00e1 una agenda con el Gobierno Nacional.<\/p>\n<p>\u201cLo que sucedi\u00f3 fue una cat\u00e1strofe, si bien uno puede ejecutar tareas de prevenci\u00f3n estos vientos son muy dif\u00edciles de controlar, ahora hay que ver como quedan estas plantas y ver como se ve afectada la cosecha pr\u00f3xima y las futuras; y ac\u00e1 es donde viene el rol de Estado provincial y nacional tanto en lo que a plantaciones refiere como a reemplazo de postes y alambrados\u201d, culmin\u00f3.<\/p>\n<p>Fuente: Gobierno de Rio Negro<\/p>\n","protected":false},"excerpt":{"rendered":"<p>Alto Valle.-Desde la 8 de la ma\u00f1ana, el ministro de Agricultura, Ganader\u00eda y Pesca, Alberto Diomedi recorri\u00f3 la zona afectada [&hellip;]<\/p>\n","protected":false},"author":2,"featured_media":33736,"comment_status":"open","ping_status":"open","sticky":false,"template":"","format":"standard","meta":{"site-sidebar-layout":"default","site-content-layout":"","ast-site-content-layout":"default","site-content-style":"default","site-sidebar-style":"default","ast-global-header-display":"","ast-banner-title-visibility":"","ast-main-header-display":"","ast-hfb-above-header-display":"","ast-hfb-below-header-display":"","ast-hfb-mobile-header-display":"","site-post-title":"","ast-breadcrumbs-content":"","ast-featured-img":"","footer-sml-layout":"","ast-disable-related-posts":"","theme-transparent-header-meta":"","adv-header-id-meta":"","stick-header-meta":"","header-above-stick-meta":"","header-main-stick-meta":"","header-below-stick-meta":"","astra-migrate-meta-layouts":"default","ast-page-background-enabled":"default","ast-page-background-meta":{"desktop":{"background-color":"var(--ast-global-color-5)","background-image":"","background-repeat":"repeat","background-position":"center center","background-size":"auto","background-attachment":"scroll","background-type":"","background-media":"","overlay-type":"","overlay-color":"","overlay-opacity":"","overlay-gradient":""},"tablet":{"background-color":"","background-image":"","background-repeat":"repeat","background-position":"center center","background-size":"auto","background-attachment":"scroll","background-type":"","background-media":"","overlay-type":"","overlay-color":"","overlay-opacity":"","overlay-gradient":""},"mobile":{"background-color":"","background-image":"","background-repeat":"repeat","background-position":"center center","background-size":"auto","background-attachment":"scroll","background-type":"","background-media":"","overlay-type":"","overlay-color":"","overlay-opacity":"","overlay-gradient":""}},"ast-content-background-meta":{"desktop":{"background-color":"var(--ast-global-color-4)","background-image":"","background-repeat":"repeat","background-position":"center center","background-size":"auto","background-attachment":"scroll","background-type":"","background-media":"","overlay-type":"","overlay-color":"","overlay-opacity":"","overlay-gradient":""},"tablet":{"background-color":"var(--ast-global-color-4)","background-image":"","background-repeat":"repeat","background-position":"center center","background-size":"auto","background-attachment":"scroll","background-type":"","background-media":"","overlay-type":"","overlay-color":"","overlay-opacity":"","overlay-gradient":""},"mobile":{"background-color":"var(--ast-global-color-4)","background-image":"","background-repeat":"repeat","background-position":"center center","background-size":"auto","background-attachment":"scroll","background-type":"","background-media":"","overlay-type":"","overlay-color":"","overlay-opacity":"","overlay-gradient":""}},"footnotes":""},"categories":[1,13,14],"tags":[],"class_list":["post-33735","post","type-post","status-publish","format-standard","has-post-thumbnail","hentry","category-noticias","category-provinciales","category-rio-negro"],"yoast_head":"<!-- This site is optimized with the Yoast SEO Premium plugin v23.0 (Yoast SEO v27.5) - https:\/\/yoast.com\/product\/yoast-seo-premium-wordpress\/ -->\n<title>Autoridades provinciales recorrieron las zonas afectadas por los incendios en el Alto Valle<\/title>\n<meta name=\"robots\" content=\"index, follow, max-snippet:-1, max-image-preview:large, max-video-preview:-1\" \/>\n<link rel=\"canonical\" href=\"https:\/\/patagoniambiental.com.ar\/info\/autoridades-provinciales-recorrieron-las-zonas-afectadas-por-los-incendios-en-el-alto-valle\/\" \/>\n<meta property=\"og:locale\" content=\"es_ES\" \/>\n<meta property=\"og:type\" content=\"article\" \/>\n<meta property=\"og:title\" content=\"Autoridades provinciales recorrieron las zonas afectadas por los incendios en el Alto Valle\" \/>\n<meta property=\"og:description\" content=\"Alto Valle.-Desde la 8 de la ma\u00f1ana, el ministro de Agricultura, Ganader\u00eda y Pesca, Alberto Diomedi recorri\u00f3 la zona afectada [&hellip;]\" \/>\n<meta property=\"og:url\" content=\"https:\/\/patagoniambiental.com.ar\/info\/autoridades-provinciales-recorrieron-las-zonas-afectadas-por-los-incendios-en-el-alto-valle\/\" \/>\n<meta property=\"og:site_name\" content=\"Patagonia Ambiental\" \/>\n<meta property=\"article:publisher\" content=\"https:\/\/www.facebook.com\/patagonia.ambiental\" \/>\n<meta property=\"article:author\" content=\"https:\/\/www.facebook.com\/share\/1C1V8Gv9BX\/?mibextid=qi2Omg\" \/>\n<meta property=\"article:published_time\" content=\"2017-08-23T22:00:23+00:00\" \/>\n<meta property=\"og:image\" content=\"https:\/\/patagoniambiental.com.ar\/info\/wp-content\/uploads\/2017\/08\/00029977.jpg\" \/>\n\t<meta property=\"og:image:width\" content=\"924\" \/>\n\t<meta property=\"og:image:height\" content=\"616\" \/>\n\t<meta property=\"og:image:type\" content=\"image\/jpeg\" \/>\n<meta name=\"author\" content=\"Patagonia Ambiental\" \/>\n<meta name=\"twitter:card\" content=\"summary_large_image\" \/>\n<meta name=\"twitter:creator\" content=\"@PatAmb\" \/>\n<meta name=\"twitter:site\" content=\"@PatAmb\" \/>\n<script type=\"application\/ld+json\" class=\"yoast-schema-graph\">{\"@context\":\"https:\\\/\\\/schema.org\",\"@graph\":[{\"@type\":\"Article\",\"@id\":\"https:\\\/\\\/patagoniambiental.com.ar\\\/info\\\/autoridades-provinciales-recorrieron-las-zonas-afectadas-por-los-incendios-en-el-alto-valle\\\/#article\",\"isPartOf\":{\"@id\":\"https:\\\/\\\/patagoniambiental.com.ar\\\/info\\\/autoridades-provinciales-recorrieron-las-zonas-afectadas-por-los-incendios-en-el-alto-valle\\\/\"},\"author\":{\"name\":\"Patagonia Ambiental\",\"@id\":\"https:\\\/\\\/patagoniambiental.com.ar\\\/info\\\/#\\\/schema\\\/person\\\/db12bff64bbcbf6a253710bf0ea37b5d\"},\"headline\":\"Autoridades provinciales recorrieron las zonas afectadas por los incendios en el Alto Valle\",\"datePublished\":\"2017-08-23T22:00:23+00:00\",\"mainEntityOfPage\":{\"@id\":\"https:\\\/\\\/patagoniambiental.com.ar\\\/info\\\/autoridades-provinciales-recorrieron-las-zonas-afectadas-por-los-incendios-en-el-alto-valle\\\/\"},\"wordCount\":538,\"commentCount\":0,\"publisher\":{\"@id\":\"https:\\\/\\\/patagoniambiental.com.ar\\\/info\\\/#organization\"},\"image\":{\"@id\":\"https:\\\/\\\/patagoniambiental.com.ar\\\/info\\\/autoridades-provinciales-recorrieron-las-zonas-afectadas-por-los-incendios-en-el-alto-valle\\\/#primaryimage\"},\"thumbnailUrl\":\"https:\\\/\\\/patagoniambiental.com.ar\\\/info\\\/wp-content\\\/uploads\\\/2017\\\/08\\\/00029977.jpg\",\"articleSection\":[\"Noticias\",\"Provinciales\",\"R\u00edo Negro\"],\"inLanguage\":\"es\",\"potentialAction\":[{\"@type\":\"CommentAction\",\"name\":\"Comment\",\"target\":[\"https:\\\/\\\/patagoniambiental.com.ar\\\/info\\\/autoridades-provinciales-recorrieron-las-zonas-afectadas-por-los-incendios-en-el-alto-valle\\\/#respond\"]}]},{\"@type\":\"WebPage\",\"@id\":\"https:\\\/\\\/patagoniambiental.com.ar\\\/info\\\/autoridades-provinciales-recorrieron-las-zonas-afectadas-por-los-incendios-en-el-alto-valle\\\/\",\"url\":\"https:\\\/\\\/patagoniambiental.com.ar\\\/info\\\/autoridades-provinciales-recorrieron-las-zonas-afectadas-por-los-incendios-en-el-alto-valle\\\/\",\"name\":\"Autoridades provinciales recorrieron las zonas afectadas por los incendios en el Alto Valle\",\"isPartOf\":{\"@id\":\"https:\\\/\\\/patagoniambiental.com.ar\\\/info\\\/#website\"},\"primaryImageOfPage\":{\"@id\":\"https:\\\/\\\/patagoniambiental.com.ar\\\/info\\\/autoridades-provinciales-recorrieron-las-zonas-afectadas-por-los-incendios-en-el-alto-valle\\\/#primaryimage\"},\"image\":{\"@id\":\"https:\\\/\\\/patagoniambiental.com.ar\\\/info\\\/autoridades-provinciales-recorrieron-las-zonas-afectadas-por-los-incendios-en-el-alto-valle\\\/#primaryimage\"},\"thumbnailUrl\":\"https:\\\/\\\/patagoniambiental.com.ar\\\/info\\\/wp-content\\\/uploads\\\/2017\\\/08\\\/00029977.jpg\",\"datePublished\":\"2017-08-23T22:00:23+00:00\",\"breadcrumb\":{\"@id\":\"https:\\\/\\\/patagoniambiental.com.ar\\\/info\\\/autoridades-provinciales-recorrieron-las-zonas-afectadas-por-los-incendios-en-el-alto-valle\\\/#breadcrumb\"},\"inLanguage\":\"es\",\"potentialAction\":[{\"@type\":\"ReadAction\",\"target\":[\"https:\\\/\\\/patagoniambiental.com.ar\\\/info\\\/autoridades-provinciales-recorrieron-las-zonas-afectadas-por-los-incendios-en-el-alto-valle\\\/\"]}]},{\"@type\":\"ImageObject\",\"inLanguage\":\"es\",\"@id\":\"https:\\\/\\\/patagoniambiental.com.ar\\\/info\\\/autoridades-provinciales-recorrieron-las-zonas-afectadas-por-los-incendios-en-el-alto-valle\\\/#primaryimage\",\"url\":\"https:\\\/\\\/patagoniambiental.com.ar\\\/info\\\/wp-content\\\/uploads\\\/2017\\\/08\\\/00029977.jpg\",\"contentUrl\":\"https:\\\/\\\/patagoniambiental.com.ar\\\/info\\\/wp-content\\\/uploads\\\/2017\\\/08\\\/00029977.jpg\",\"width\":900,\"height\":600},{\"@type\":\"BreadcrumbList\",\"@id\":\"https:\\\/\\\/patagoniambiental.com.ar\\\/info\\\/autoridades-provinciales-recorrieron-las-zonas-afectadas-por-los-incendios-en-el-alto-valle\\\/#breadcrumb\",\"itemListElement\":[{\"@type\":\"ListItem\",\"position\":1,\"name\":\"Inicio\",\"item\":\"https:\\\/\\\/patagoniambiental.com.ar\\\/info\\\/\"},{\"@type\":\"ListItem\",\"position\":2,\"name\":\"Autoridades provinciales recorrieron las zonas afectadas por los incendios en el Alto Valle\"}]},{\"@type\":\"WebSite\",\"@id\":\"https:\\\/\\\/patagoniambiental.com.ar\\\/info\\\/#website\",\"url\":\"https:\\\/\\\/patagoniambiental.com.ar\\\/info\\\/\",\"name\":\"Patagonia Ambiental\",\"description\":\"Monitoreo y an\u00e1lisis de la situaci\u00f3n geopol\u00edtica en el mundo y su implicancia en la Patagonia\",\"publisher\":{\"@id\":\"https:\\\/\\\/patagoniambiental.com.ar\\\/info\\\/#organization\"},\"potentialAction\":[{\"@type\":\"SearchAction\",\"target\":{\"@type\":\"EntryPoint\",\"urlTemplate\":\"https:\\\/\\\/patagoniambiental.com.ar\\\/info\\\/?s={search_term_string}\"},\"query-input\":{\"@type\":\"PropertyValueSpecification\",\"valueRequired\":true,\"valueName\":\"search_term_string\"}}],\"inLanguage\":\"es\"},{\"@type\":\"Organization\",\"@id\":\"https:\\\/\\\/patagoniambiental.com.ar\\\/info\\\/#organization\",\"name\":\"Patagonia Ambiental\",\"url\":\"https:\\\/\\\/patagoniambiental.com.ar\\\/info\\\/\",\"logo\":{\"@type\":\"ImageObject\",\"inLanguage\":\"es\",\"@id\":\"https:\\\/\\\/patagoniambiental.com.ar\\\/info\\\/#\\\/schema\\\/logo\\\/image\\\/\",\"url\":\"https:\\\/\\\/patagoniambiental.com.ar\\\/info\\\/wp-content\\\/uploads\\\/2025\\\/05\\\/LOGO-PATAGONIA-AMBIENTAL.png\",\"contentUrl\":\"https:\\\/\\\/patagoniambiental.com.ar\\\/info\\\/wp-content\\\/uploads\\\/2025\\\/05\\\/LOGO-PATAGONIA-AMBIENTAL.png\",\"width\":433,\"height\":250,\"caption\":\"Patagonia Ambiental\"},\"image\":{\"@id\":\"https:\\\/\\\/patagoniambiental.com.ar\\\/info\\\/#\\\/schema\\\/logo\\\/image\\\/\"},\"sameAs\":[\"https:\\\/\\\/www.facebook.com\\\/patagonia.ambiental\",\"https:\\\/\\\/x.com\\\/PatAmb\"]},{\"@type\":\"Person\",\"@id\":\"https:\\\/\\\/patagoniambiental.com.ar\\\/info\\\/#\\\/schema\\\/person\\\/db12bff64bbcbf6a253710bf0ea37b5d\",\"name\":\"Patagonia Ambiental\",\"description\":\"Andr\u00e9s Nievas T\u00e9cnico en manejo ambiental, consultor Ambiental y escritor para medios locales e internacionales sobre temas de geopolitica y medio ambiente.\",\"sameAs\":[\"http:\\\/\\\/www.patagoniambiental.com.ar\",\"https:\\\/\\\/www.facebook.com\\\/share\\\/1C1V8Gv9BX\\\/?mibextid=qi2Omg\",\"@patagoniambiental\",\"https:\\\/\\\/youtube.com\\\/@patagoniaambiental2023?si=BLt58t0wuXquxlYZ\"]}]}<\/script>\n<!-- \/ Yoast SEO Premium plugin. -->","yoast_head_json":{"title":"Autoridades provinciales recorrieron las zonas afectadas por los incendios en el Alto Valle","robots":{"index":"index","follow":"follow","max-snippet":"max-snippet:-1","max-image-preview":"max-image-preview:large","max-video-preview":"max-video-preview:-1"},"canonical":"https:\/\/patagoniambiental.com.ar\/info\/autoridades-provinciales-recorrieron-las-zonas-afectadas-por-los-incendios-en-el-alto-valle\/","og_locale":"es_ES","og_type":"article","og_title":"Autoridades provinciales recorrieron las zonas afectadas por los incendios en el Alto Valle","og_description":"Alto Valle.-Desde la 8 de la ma\u00f1ana, el ministro de Agricultura, Ganader\u00eda y Pesca, Alberto Diomedi recorri\u00f3 la zona afectada [&hellip;]","og_url":"https:\/\/patagoniambiental.com.ar\/info\/autoridades-provinciales-recorrieron-las-zonas-afectadas-por-los-incendios-en-el-alto-valle\/","og_site_name":"Patagonia Ambiental","article_publisher":"https:\/\/www.facebook.com\/patagonia.ambiental","article_author":"https:\/\/www.facebook.com\/share\/1C1V8Gv9BX\/?mibextid=qi2Omg","article_published_time":"2017-08-23T22:00:23+00:00","og_image":[{"width":924,"height":616,"url":"https:\/\/patagoniambiental.com.ar\/info\/wp-content\/uploads\/2017\/08\/00029977.jpg","type":"image\/jpeg"}],"author":"Patagonia Ambiental","twitter_card":"summary_large_image","twitter_creator":"@PatAmb","twitter_site":"@PatAmb","schema":{"@context":"https:\/\/schema.org","@graph":[{"@type":"Article","@id":"https:\/\/patagoniambiental.com.ar\/info\/autoridades-provinciales-recorrieron-las-zonas-afectadas-por-los-incendios-en-el-alto-valle\/#article","isPartOf":{"@id":"https:\/\/patagoniambiental.com.ar\/info\/autoridades-provinciales-recorrieron-las-zonas-afectadas-por-los-incendios-en-el-alto-valle\/"},"author":{"name":"Patagonia Ambiental","@id":"https:\/\/patagoniambiental.com.ar\/info\/#\/schema\/person\/db12bff64bbcbf6a253710bf0ea37b5d"},"headline":"Autoridades provinciales recorrieron las zonas afectadas por los incendios en el Alto Valle","datePublished":"2017-08-23T22:00:23+00:00","mainEntityOfPage":{"@id":"https:\/\/patagoniambiental.com.ar\/info\/autoridades-provinciales-recorrieron-las-zonas-afectadas-por-los-incendios-en-el-alto-valle\/"},"wordCount":538,"commentCount":0,"publisher":{"@id":"https:\/\/patagoniambiental.com.ar\/info\/#organization"},"image":{"@id":"https:\/\/patagoniambiental.com.ar\/info\/autoridades-provinciales-recorrieron-las-zonas-afectadas-por-los-incendios-en-el-alto-valle\/#primaryimage"},"thumbnailUrl":"https:\/\/patagoniambiental.com.ar\/info\/wp-content\/uploads\/2017\/08\/00029977.jpg","articleSection":["Noticias","Provinciales","R\u00edo Negro"],"inLanguage":"es","potentialAction":[{"@type":"CommentAction","name":"Comment","target":["https:\/\/patagoniambiental.com.ar\/info\/autoridades-provinciales-recorrieron-las-zonas-afectadas-por-los-incendios-en-el-alto-valle\/#respond"]}]},{"@type":"WebPage","@id":"https:\/\/patagoniambiental.com.ar\/info\/autoridades-provinciales-recorrieron-las-zonas-afectadas-por-los-incendios-en-el-alto-valle\/","url":"https:\/\/patagoniambiental.com.ar\/info\/autoridades-provinciales-recorrieron-las-zonas-afectadas-por-los-incendios-en-el-alto-valle\/","name":"Autoridades provinciales recorrieron las zonas afectadas por los incendios en el Alto Valle","isPartOf":{"@id":"https:\/\/patagoniambiental.com.ar\/info\/#website"},"primaryImageOfPage":{"@id":"https:\/\/patagoniambiental.com.ar\/info\/autoridades-provinciales-recorrieron-las-zonas-afectadas-por-los-incendios-en-el-alto-valle\/#primaryimage"},"image":{"@id":"https:\/\/patagoniambiental.com.ar\/info\/autoridades-provinciales-recorrieron-las-zonas-afectadas-por-los-incendios-en-el-alto-valle\/#primaryimage"},"thumbnailUrl":"https:\/\/patagoniambiental.com.ar\/info\/wp-content\/uploads\/2017\/08\/00029977.jpg","datePublished":"2017-08-23T22:00:23+00:00","breadcrumb":{"@id":"https:\/\/patagoniambiental.com.ar\/info\/autoridades-provinciales-recorrieron-las-zonas-afectadas-por-los-incendios-en-el-alto-valle\/#breadcrumb"},"inLanguage":"es","potentialAction":[{"@type":"ReadAction","target":["https:\/\/patagoniambiental.com.ar\/info\/autoridades-provinciales-recorrieron-las-zonas-afectadas-por-los-incendios-en-el-alto-valle\/"]}]},{"@type":"ImageObject","inLanguage":"es","@id":"https:\/\/patagoniambiental.com.ar\/info\/autoridades-provinciales-recorrieron-las-zonas-afectadas-por-los-incendios-en-el-alto-valle\/#primaryimage","url":"https:\/\/patagoniambiental.com.ar\/info\/wp-content\/uploads\/2017\/08\/00029977.jpg","contentUrl":"https:\/\/patagoniambiental.com.ar\/info\/wp-content\/uploads\/2017\/08\/00029977.jpg","width":900,"height":600},{"@type":"BreadcrumbList","@id":"https:\/\/patagoniambiental.com.ar\/info\/autoridades-provinciales-recorrieron-las-zonas-afectadas-por-los-incendios-en-el-alto-valle\/#breadcrumb","itemListElement":[{"@type":"ListItem","position":1,"name":"Inicio","item":"https:\/\/patagoniambiental.com.ar\/info\/"},{"@type":"ListItem","position":2,"name":"Autoridades provinciales recorrieron las zonas afectadas por los incendios en el Alto Valle"}]},{"@type":"WebSite","@id":"https:\/\/patagoniambiental.com.ar\/info\/#website","url":"https:\/\/patagoniambiental.com.ar\/info\/","name":"Patagonia Ambiental","description":"Monitoreo y an\u00e1lisis de la situaci\u00f3n geopol\u00edtica en el mundo y su implicancia en la Patagonia","publisher":{"@id":"https:\/\/patagoniambiental.com.ar\/info\/#organization"},"potentialAction":[{"@type":"SearchAction","target":{"@type":"EntryPoint","urlTemplate":"https:\/\/patagoniambiental.com.ar\/info\/?s={search_term_string}"},"query-input":{"@type":"PropertyValueSpecification","valueRequired":true,"valueName":"search_term_string"}}],"inLanguage":"es"},{"@type":"Organization","@id":"https:\/\/patagoniambiental.com.ar\/info\/#organization","name":"Patagonia Ambiental","url":"https:\/\/patagoniambiental.com.ar\/info\/","logo":{"@type":"ImageObject","inLanguage":"es","@id":"https:\/\/patagoniambiental.com.ar\/info\/#\/schema\/logo\/image\/","url":"https:\/\/patagoniambiental.com.ar\/info\/wp-content\/uploads\/2025\/05\/LOGO-PATAGONIA-AMBIENTAL.png","contentUrl":"https:\/\/patagoniambiental.com.ar\/info\/wp-content\/uploads\/2025\/05\/LOGO-PATAGONIA-AMBIENTAL.png","width":433,"height":250,"caption":"Patagonia Ambiental"},"image":{"@id":"https:\/\/patagoniambiental.com.ar\/info\/#\/schema\/logo\/image\/"},"sameAs":["https:\/\/www.facebook.com\/patagonia.ambiental","https:\/\/x.com\/PatAmb"]},{"@type":"Person","@id":"https:\/\/patagoniambiental.com.ar\/info\/#\/schema\/person\/db12bff64bbcbf6a253710bf0ea37b5d","name":"Patagonia Ambiental","description":"Andr\u00e9s Nievas T\u00e9cnico en manejo ambiental, consultor Ambiental y escritor para medios locales e internacionales sobre temas de geopolitica y medio ambiente.","sameAs":["http:\/\/www.patagoniambiental.com.ar","https:\/\/www.facebook.com\/share\/1C1V8Gv9BX\/?mibextid=qi2Omg","@patagoniambiental","https:\/\/youtube.com\/@patagoniaambiental2023?si=BLt58t0wuXquxlYZ"]}]}},"_links":{"self":[{"href":"https:\/\/patagoniambiental.com.ar\/info\/wp-json\/wp\/v2\/posts\/33735","targetHints":{"allow":["GET"]}}],"collection":[{"href":"https:\/\/patagoniambiental.com.ar\/info\/wp-json\/wp\/v2\/posts"}],"about":[{"href":"https:\/\/patagoniambiental.com.ar\/info\/wp-json\/wp\/v2\/types\/post"}],"author":[{"embeddable":true,"href":"https:\/\/patagoniambiental.com.ar\/info\/wp-json\/wp\/v2\/users\/2"}],"replies":[{"embeddable":true,"href":"https:\/\/patagoniambiental.com.ar\/info\/wp-json\/wp\/v2\/comments?post=33735"}],"version-history":[{"count":0,"href":"https:\/\/patagoniambiental.com.ar\/info\/wp-json\/wp\/v2\/posts\/33735\/revisions"}],"wp:featuredmedia":[{"embeddable":true,"href":"https:\/\/patagoniambiental.com.ar\/info\/wp-json\/wp\/v2\/media\/33736"}],"wp:attachment":[{"href":"https:\/\/patagoniambiental.com.ar\/info\/wp-json\/wp\/v2\/media?parent=33735"}],"wp:term":[{"taxonomy":"category","embeddable":true,"href":"https:\/\/patagoniambiental.com.ar\/info\/wp-json\/wp\/v2\/categories?post=33735"},{"taxonomy":"post_tag","embeddable":true,"href":"https:\/\/patagoniambiental.com.ar\/info\/wp-json\/wp\/v2\/tags?post=33735"}],"curies":[{"name":"wp","href":"https:\/\/api.w.org\/{rel}","templated":true}]}}