{"id":33762,"date":"2017-08-24T09:00:19","date_gmt":"2017-08-24T12:00:19","guid":{"rendered":"http:\/\/patagoniambiental.com.ar\/info\/?p=33762"},"modified":"2017-08-23T21:41:33","modified_gmt":"2017-08-24T00:41:33","slug":"madryn-y-los-efluentes-para-que-abajo-sea-como-arriba","status":"publish","type":"post","link":"https:\/\/patagoniambiental.com.ar\/info\/madryn-y-los-efluentes-para-que-abajo-sea-como-arriba\/","title":{"rendered":"Madryn y los efluentes: para que abajo sea como arriba"},"content":{"rendered":"<p>PUERTO MADRYN.- El titular de la Secretar\u00eda de Ecolog\u00eda y Protecci\u00f3n Ambiental, Facundo Ursino confirm\u00f3 que se est\u00e1n llevando adelante tareas de mantenimiento y reparaci\u00f3n en la Cota 130, que suponen una mejora en el tratamiento de efluentes cloacales de la ciudad y su posterior distribuci\u00f3n como agua de reuso.<br \/>\nEste martes, el funcionario municipal realiz\u00f3 gestiones ante la Administraci\u00f3n Portuaria de Puerto Madryn, para que faciliten materiales en desuso de los antiguos pilotes del muelle que permitir\u00e1 realizar una reparaci\u00f3n interna en la planta de tratamiento, \u201cestamos haciendo un pasaje por uno de los ca\u00f1adones por donde corre el agua, y ya comenzamos con la log\u00edstica para su traslado\u201d, dijo Ursino.<br \/>\nEl municipio realiza tareas de mantenimiento en la planta de tratamiento, \u201cque se hacen en forma constante y est\u00e1 funcionando correctamente. Es cierto que por momentos sobra el agua de reuso, y por momentos estamos justos con lo que se necesita, y estamos trabajando para mejorar eso\u201d, indic\u00f3 el Secretario de Ecolog\u00eda.<\/p>\n<p><strong>Agua de reuso<\/strong><\/p>\n<p>La planta de tratamiento suministra el agua de reuso para riego controlado en diferentes emprendimientos forestales y espacios verdes de la ciudad, \u201cactualmente se est\u00e1 utilizando para forestaci\u00f3n y algunos emprendimientos productivos, y es muy importante el suministro que se hace, por eso seguimos trabajando para ordenar ese recurso\u201d, afirm\u00f3 Ursino al remarcar que se ha logrado que el agua llegue a diversos emprendedores mediante un sistema de ca\u00f1er\u00eda desde donde luego se hace el vuelco a las reservas para el riego en sectores productivos.<br \/>\nEl tratamiento del agua residual mediante lagunas aireadas sumado a la desinfecci\u00f3n del l\u00edquido tratado ha permitido obtener un l\u00edquido que puede serreutilizado sin restricciones, de acuerdo a lo que recomienda la Organizaci\u00f3n Mundial de la Salud. La experiencia de reuso de la ciudad de Puerto Madryn sienta precedentes en la regi\u00f3n Patag\u00f3nica de c\u00f3mo en una localidad con suelos inicialmente poco productivos, se puede llevar a cabo esta pr\u00e1ctica, logrando que mediante el riego con agua residual tratada se mejoren las caracter\u00edsticas iniciales del suelo (incrementando el contenido org\u00e1nico y de nutrientes) y produciendo un importante lavado de las sales que naturalmente est\u00e1n presentes en los suelos.<\/p>\n<p><strong>No se pueden permitir desmanejos<\/strong><\/p>\n<p>Facundo Ursino se refiri\u00f3 tambi\u00e9n a la intervenci\u00f3n realizada el s\u00e1bado \u00faltimo cuando se dispuso la inspecci\u00f3n y posterior clausura de la empresa Altamare en el Parque Industrial Pesquero, debido a que se constat\u00f3 que hab\u00eda un derrame de l\u00edquidos industriales en la v\u00eda p\u00fablica, provenientes del proceso de pescado, se\u00f1alando que la empresa procedi\u00f3 a subsanar la situaci\u00f3n, pero la clausura se mantendr\u00e1 vigente hasta tanto la Secretar\u00eda de Ecolog\u00eda confirme que se ha resuelto la situaci\u00f3n, y la jueza interviniente disponga el levantamiento de la clausura.<br \/>\n\u201cSe aplicar\u00e1 una multa a la empresa por el derrame en la v\u00eda p\u00fablica de l\u00edquido industrial\u201d, dijo el funcionario municipal, al remarcar que ser\u00e1n inflexibles en este sentido por lo cual se est\u00e1 llevando adelante una tarea de monitoreo de las plantas pesqueras, a fin de lograr que \u00e9stas mejoren el tratamiento de efluentes, como as\u00ed tambi\u00e9n de residuos s\u00f3lidos de desecho de pescado.<\/p>\n<p><strong>Acci\u00f3n conjunta<\/strong><\/p>\n<p>El Secretario de Ecolog\u00eda, record\u00f3 que se est\u00e1n llevando adelante gestiones conjuntas con el Ministerio de Ambiente de la Provincia, a fin de lograr que las empresas de los parques industriales y pesquero mejoren el tratamiento, y realicen los vuelcos como corresponde.<br \/>\nOportunamente el Ministerio de Ambiente de Chubut, hab\u00eda anticipado que las empresas pesqueras ten\u00edan un plazo determinado para la ejecuci\u00f3n de obras y otras acciones tendientes a la adecuaci\u00f3n de sus efluentes de acuerdo a los par\u00e1metros establecidos en la normativa vigente.<br \/>\nAutoridades municipales y de la Provincia coinciden en se\u00f1alar que el objetivo es proteger el ambiente y preservar la calidad del agua del Golfo Nuevo, y para ello se controlar\u00e1 que efectivamente se cumpla con los par\u00e1metros establecidos para evitar las descargas ilegales o derrames.<\/p>\n<div class=\"sharedaddy sd-sharing-enabled\">\u00a0Fuente:\u00a0http:\/\/eldiariodemadryn.com\/2017\/08\/madryn-y-los-efluentes-para-que-abajo-sea-arriba\/<\/div>\n","protected":false},"excerpt":{"rendered":"<p>PUERTO MADRYN.- El titular de la Secretar\u00eda de Ecolog\u00eda y Protecci\u00f3n Ambiental, Facundo Ursino confirm\u00f3 que se est\u00e1n llevando adelante [&hellip;]<\/p>\n","protected":false},"author":2,"featured_media":33763,"comment_status":"open","ping_status":"open","sticky":false,"template":"","format":"standard","meta":{"site-sidebar-layout":"default","site-content-layout":"","ast-site-content-layout":"default","site-content-style":"default","site-sidebar-style":"default","ast-global-header-display":"","ast-banner-title-visibility":"","ast-main-header-display":"","ast-hfb-above-header-display":"","ast-hfb-below-header-display":"","ast-hfb-mobile-header-display":"","site-post-title":"","ast-breadcrumbs-content":"","ast-featured-img":"","footer-sml-layout":"","ast-disable-related-posts":"","theme-transparent-header-meta":"","adv-header-id-meta":"","stick-header-meta":"","header-above-stick-meta":"","header-main-stick-meta":"","header-below-stick-meta":"","astra-migrate-meta-layouts":"default","ast-page-background-enabled":"default","ast-page-background-meta":{"desktop":{"background-color":"var(--ast-global-color-5)","background-image":"","background-repeat":"repeat","background-position":"center center","background-size":"auto","background-attachment":"scroll","background-type":"","background-media":"","overlay-type":"","overlay-color":"","overlay-opacity":"","overlay-gradient":""},"tablet":{"background-color":"","background-image":"","background-repeat":"repeat","background-position":"center center","background-size":"auto","background-attachment":"scroll","background-type":"","background-media":"","overlay-type":"","overlay-color":"","overlay-opacity":"","overlay-gradient":""},"mobile":{"background-color":"","background-image":"","background-repeat":"repeat","background-position":"center center","background-size":"auto","background-attachment":"scroll","background-type":"","background-media":"","overlay-type":"","overlay-color":"","overlay-opacity":"","overlay-gradient":""}},"ast-content-background-meta":{"desktop":{"background-color":"var(--ast-global-color-4)","background-image":"","background-repeat":"repeat","background-position":"center center","background-size":"auto","background-attachment":"scroll","background-type":"","background-media":"","overlay-type":"","overlay-color":"","overlay-opacity":"","overlay-gradient":""},"tablet":{"background-color":"var(--ast-global-color-4)","background-image":"","background-repeat":"repeat","background-position":"center center","background-size":"auto","background-attachment":"scroll","background-type":"","background-media":"","overlay-type":"","overlay-color":"","overlay-opacity":"","overlay-gradient":""},"mobile":{"background-color":"var(--ast-global-color-4)","background-image":"","background-repeat":"repeat","background-position":"center center","background-size":"auto","background-attachment":"scroll","background-type":"","background-media":"","overlay-type":"","overlay-color":"","overlay-opacity":"","overlay-gradient":""}},"footnotes":""},"categories":[16,1],"tags":[],"class_list":["post-33762","post","type-post","status-publish","format-standard","has-post-thumbnail","hentry","category-municipales","category-noticias"],"yoast_head":"<!-- This site is optimized with the Yoast SEO Premium plugin v23.0 (Yoast SEO v27.4) - https:\/\/yoast.com\/product\/yoast-seo-premium-wordpress\/ -->\n<title>Madryn y los efluentes: para que abajo sea como arriba<\/title>\n<meta name=\"robots\" content=\"index, follow, max-snippet:-1, max-image-preview:large, max-video-preview:-1\" \/>\n<link rel=\"canonical\" href=\"https:\/\/patagoniambiental.com.ar\/info\/madryn-y-los-efluentes-para-que-abajo-sea-como-arriba\/\" \/>\n<meta property=\"og:locale\" content=\"es_ES\" \/>\n<meta property=\"og:type\" content=\"article\" \/>\n<meta property=\"og:title\" content=\"Madryn y los efluentes: para que abajo sea como arriba\" \/>\n<meta property=\"og:description\" content=\"PUERTO MADRYN.- El titular de la Secretar\u00eda de Ecolog\u00eda y Protecci\u00f3n Ambiental, Facundo Ursino confirm\u00f3 que se est\u00e1n llevando adelante [&hellip;]\" \/>\n<meta property=\"og:url\" content=\"https:\/\/patagoniambiental.com.ar\/info\/madryn-y-los-efluentes-para-que-abajo-sea-como-arriba\/\" \/>\n<meta property=\"og:site_name\" content=\"Patagonia Ambiental\" \/>\n<meta property=\"article:publisher\" content=\"https:\/\/www.facebook.com\/patagonia.ambiental\" \/>\n<meta property=\"article:author\" content=\"https:\/\/www.facebook.com\/share\/1C1V8Gv9BX\/?mibextid=qi2Omg\" \/>\n<meta property=\"article:published_time\" content=\"2017-08-24T12:00:19+00:00\" \/>\n<meta property=\"og:image\" content=\"https:\/\/patagoniambiental.com.ar\/info\/wp-content\/uploads\/2017\/08\/cloacas.jpg\" \/>\n\t<meta property=\"og:image:width\" content=\"400\" \/>\n\t<meta property=\"og:image:height\" content=\"225\" \/>\n\t<meta property=\"og:image:type\" content=\"image\/jpeg\" \/>\n<meta name=\"author\" content=\"Patagonia Ambiental\" \/>\n<meta name=\"twitter:card\" content=\"summary_large_image\" \/>\n<meta name=\"twitter:creator\" content=\"@PatAmb\" \/>\n<meta name=\"twitter:site\" content=\"@PatAmb\" \/>\n<script type=\"application\/ld+json\" class=\"yoast-schema-graph\">{\"@context\":\"https:\\\/\\\/schema.org\",\"@graph\":[{\"@type\":\"Article\",\"@id\":\"https:\\\/\\\/patagoniambiental.com.ar\\\/info\\\/madryn-y-los-efluentes-para-que-abajo-sea-como-arriba\\\/#article\",\"isPartOf\":{\"@id\":\"https:\\\/\\\/patagoniambiental.com.ar\\\/info\\\/madryn-y-los-efluentes-para-que-abajo-sea-como-arriba\\\/\"},\"author\":{\"name\":\"Patagonia Ambiental\",\"@id\":\"https:\\\/\\\/patagoniambiental.com.ar\\\/info\\\/#\\\/schema\\\/person\\\/db12bff64bbcbf6a253710bf0ea37b5d\"},\"headline\":\"Madryn y los efluentes: para que abajo sea como arriba\",\"datePublished\":\"2017-08-24T12:00:19+00:00\",\"mainEntityOfPage\":{\"@id\":\"https:\\\/\\\/patagoniambiental.com.ar\\\/info\\\/madryn-y-los-efluentes-para-que-abajo-sea-como-arriba\\\/\"},\"wordCount\":718,\"commentCount\":0,\"publisher\":{\"@id\":\"https:\\\/\\\/patagoniambiental.com.ar\\\/info\\\/#organization\"},\"image\":{\"@id\":\"https:\\\/\\\/patagoniambiental.com.ar\\\/info\\\/madryn-y-los-efluentes-para-que-abajo-sea-como-arriba\\\/#primaryimage\"},\"thumbnailUrl\":\"https:\\\/\\\/patagoniambiental.com.ar\\\/info\\\/wp-content\\\/uploads\\\/2017\\\/08\\\/cloacas.jpg\",\"articleSection\":[\"Municipales\",\"Noticias\"],\"inLanguage\":\"es\",\"potentialAction\":[{\"@type\":\"CommentAction\",\"name\":\"Comment\",\"target\":[\"https:\\\/\\\/patagoniambiental.com.ar\\\/info\\\/madryn-y-los-efluentes-para-que-abajo-sea-como-arriba\\\/#respond\"]}]},{\"@type\":\"WebPage\",\"@id\":\"https:\\\/\\\/patagoniambiental.com.ar\\\/info\\\/madryn-y-los-efluentes-para-que-abajo-sea-como-arriba\\\/\",\"url\":\"https:\\\/\\\/patagoniambiental.com.ar\\\/info\\\/madryn-y-los-efluentes-para-que-abajo-sea-como-arriba\\\/\",\"name\":\"Madryn y los efluentes: para que abajo sea como arriba\",\"isPartOf\":{\"@id\":\"https:\\\/\\\/patagoniambiental.com.ar\\\/info\\\/#website\"},\"primaryImageOfPage\":{\"@id\":\"https:\\\/\\\/patagoniambiental.com.ar\\\/info\\\/madryn-y-los-efluentes-para-que-abajo-sea-como-arriba\\\/#primaryimage\"},\"image\":{\"@id\":\"https:\\\/\\\/patagoniambiental.com.ar\\\/info\\\/madryn-y-los-efluentes-para-que-abajo-sea-como-arriba\\\/#primaryimage\"},\"thumbnailUrl\":\"https:\\\/\\\/patagoniambiental.com.ar\\\/info\\\/wp-content\\\/uploads\\\/2017\\\/08\\\/cloacas.jpg\",\"datePublished\":\"2017-08-24T12:00:19+00:00\",\"breadcrumb\":{\"@id\":\"https:\\\/\\\/patagoniambiental.com.ar\\\/info\\\/madryn-y-los-efluentes-para-que-abajo-sea-como-arriba\\\/#breadcrumb\"},\"inLanguage\":\"es\",\"potentialAction\":[{\"@type\":\"ReadAction\",\"target\":[\"https:\\\/\\\/patagoniambiental.com.ar\\\/info\\\/madryn-y-los-efluentes-para-que-abajo-sea-como-arriba\\\/\"]}]},{\"@type\":\"ImageObject\",\"inLanguage\":\"es\",\"@id\":\"https:\\\/\\\/patagoniambiental.com.ar\\\/info\\\/madryn-y-los-efluentes-para-que-abajo-sea-como-arriba\\\/#primaryimage\",\"url\":\"https:\\\/\\\/patagoniambiental.com.ar\\\/info\\\/wp-content\\\/uploads\\\/2017\\\/08\\\/cloacas.jpg\",\"contentUrl\":\"https:\\\/\\\/patagoniambiental.com.ar\\\/info\\\/wp-content\\\/uploads\\\/2017\\\/08\\\/cloacas.jpg\",\"width\":400,\"height\":225},{\"@type\":\"BreadcrumbList\",\"@id\":\"https:\\\/\\\/patagoniambiental.com.ar\\\/info\\\/madryn-y-los-efluentes-para-que-abajo-sea-como-arriba\\\/#breadcrumb\",\"itemListElement\":[{\"@type\":\"ListItem\",\"position\":1,\"name\":\"Inicio\",\"item\":\"https:\\\/\\\/patagoniambiental.com.ar\\\/info\\\/\"},{\"@type\":\"ListItem\",\"position\":2,\"name\":\"Madryn y los efluentes: para que abajo sea como arriba\"}]},{\"@type\":\"WebSite\",\"@id\":\"https:\\\/\\\/patagoniambiental.com.ar\\\/info\\\/#website\",\"url\":\"https:\\\/\\\/patagoniambiental.com.ar\\\/info\\\/\",\"name\":\"Patagonia Ambiental\",\"description\":\"Monitoreo y an\u00e1lisis de la situaci\u00f3n geopol\u00edtica en el mundo y su implicancia en la Patagonia\",\"publisher\":{\"@id\":\"https:\\\/\\\/patagoniambiental.com.ar\\\/info\\\/#organization\"},\"potentialAction\":[{\"@type\":\"SearchAction\",\"target\":{\"@type\":\"EntryPoint\",\"urlTemplate\":\"https:\\\/\\\/patagoniambiental.com.ar\\\/info\\\/?s={search_term_string}\"},\"query-input\":{\"@type\":\"PropertyValueSpecification\",\"valueRequired\":true,\"valueName\":\"search_term_string\"}}],\"inLanguage\":\"es\"},{\"@type\":\"Organization\",\"@id\":\"https:\\\/\\\/patagoniambiental.com.ar\\\/info\\\/#organization\",\"name\":\"Patagonia Ambiental\",\"url\":\"https:\\\/\\\/patagoniambiental.com.ar\\\/info\\\/\",\"logo\":{\"@type\":\"ImageObject\",\"inLanguage\":\"es\",\"@id\":\"https:\\\/\\\/patagoniambiental.com.ar\\\/info\\\/#\\\/schema\\\/logo\\\/image\\\/\",\"url\":\"https:\\\/\\\/patagoniambiental.com.ar\\\/info\\\/wp-content\\\/uploads\\\/2025\\\/05\\\/LOGO-PATAGONIA-AMBIENTAL.png\",\"contentUrl\":\"https:\\\/\\\/patagoniambiental.com.ar\\\/info\\\/wp-content\\\/uploads\\\/2025\\\/05\\\/LOGO-PATAGONIA-AMBIENTAL.png\",\"width\":433,\"height\":250,\"caption\":\"Patagonia Ambiental\"},\"image\":{\"@id\":\"https:\\\/\\\/patagoniambiental.com.ar\\\/info\\\/#\\\/schema\\\/logo\\\/image\\\/\"},\"sameAs\":[\"https:\\\/\\\/www.facebook.com\\\/patagonia.ambiental\",\"https:\\\/\\\/x.com\\\/PatAmb\"]},{\"@type\":\"Person\",\"@id\":\"https:\\\/\\\/patagoniambiental.com.ar\\\/info\\\/#\\\/schema\\\/person\\\/db12bff64bbcbf6a253710bf0ea37b5d\",\"name\":\"Patagonia Ambiental\",\"description\":\"Andr\u00e9s Nievas T\u00e9cnico en manejo ambiental, consultor Ambiental y escritor para medios locales e internacionales sobre temas de geopolitica y medio ambiente.\",\"sameAs\":[\"http:\\\/\\\/www.patagoniambiental.com.ar\",\"https:\\\/\\\/www.facebook.com\\\/share\\\/1C1V8Gv9BX\\\/?mibextid=qi2Omg\",\"@patagoniambiental\",\"https:\\\/\\\/youtube.com\\\/@patagoniaambiental2023?si=BLt58t0wuXquxlYZ\"]}]}<\/script>\n<!-- \/ Yoast SEO Premium plugin. -->","yoast_head_json":{"title":"Madryn y los efluentes: para que abajo sea como arriba","robots":{"index":"index","follow":"follow","max-snippet":"max-snippet:-1","max-image-preview":"max-image-preview:large","max-video-preview":"max-video-preview:-1"},"canonical":"https:\/\/patagoniambiental.com.ar\/info\/madryn-y-los-efluentes-para-que-abajo-sea-como-arriba\/","og_locale":"es_ES","og_type":"article","og_title":"Madryn y los efluentes: para que abajo sea como arriba","og_description":"PUERTO MADRYN.- El titular de la Secretar\u00eda de Ecolog\u00eda y Protecci\u00f3n Ambiental, Facundo Ursino confirm\u00f3 que se est\u00e1n llevando adelante [&hellip;]","og_url":"https:\/\/patagoniambiental.com.ar\/info\/madryn-y-los-efluentes-para-que-abajo-sea-como-arriba\/","og_site_name":"Patagonia Ambiental","article_publisher":"https:\/\/www.facebook.com\/patagonia.ambiental","article_author":"https:\/\/www.facebook.com\/share\/1C1V8Gv9BX\/?mibextid=qi2Omg","article_published_time":"2017-08-24T12:00:19+00:00","og_image":[{"width":400,"height":225,"url":"https:\/\/patagoniambiental.com.ar\/info\/wp-content\/uploads\/2017\/08\/cloacas.jpg","type":"image\/jpeg"}],"author":"Patagonia Ambiental","twitter_card":"summary_large_image","twitter_creator":"@PatAmb","twitter_site":"@PatAmb","schema":{"@context":"https:\/\/schema.org","@graph":[{"@type":"Article","@id":"https:\/\/patagoniambiental.com.ar\/info\/madryn-y-los-efluentes-para-que-abajo-sea-como-arriba\/#article","isPartOf":{"@id":"https:\/\/patagoniambiental.com.ar\/info\/madryn-y-los-efluentes-para-que-abajo-sea-como-arriba\/"},"author":{"name":"Patagonia Ambiental","@id":"https:\/\/patagoniambiental.com.ar\/info\/#\/schema\/person\/db12bff64bbcbf6a253710bf0ea37b5d"},"headline":"Madryn y los efluentes: para que abajo sea como arriba","datePublished":"2017-08-24T12:00:19+00:00","mainEntityOfPage":{"@id":"https:\/\/patagoniambiental.com.ar\/info\/madryn-y-los-efluentes-para-que-abajo-sea-como-arriba\/"},"wordCount":718,"commentCount":0,"publisher":{"@id":"https:\/\/patagoniambiental.com.ar\/info\/#organization"},"image":{"@id":"https:\/\/patagoniambiental.com.ar\/info\/madryn-y-los-efluentes-para-que-abajo-sea-como-arriba\/#primaryimage"},"thumbnailUrl":"https:\/\/patagoniambiental.com.ar\/info\/wp-content\/uploads\/2017\/08\/cloacas.jpg","articleSection":["Municipales","Noticias"],"inLanguage":"es","potentialAction":[{"@type":"CommentAction","name":"Comment","target":["https:\/\/patagoniambiental.com.ar\/info\/madryn-y-los-efluentes-para-que-abajo-sea-como-arriba\/#respond"]}]},{"@type":"WebPage","@id":"https:\/\/patagoniambiental.com.ar\/info\/madryn-y-los-efluentes-para-que-abajo-sea-como-arriba\/","url":"https:\/\/patagoniambiental.com.ar\/info\/madryn-y-los-efluentes-para-que-abajo-sea-como-arriba\/","name":"Madryn y los efluentes: para que abajo sea como arriba","isPartOf":{"@id":"https:\/\/patagoniambiental.com.ar\/info\/#website"},"primaryImageOfPage":{"@id":"https:\/\/patagoniambiental.com.ar\/info\/madryn-y-los-efluentes-para-que-abajo-sea-como-arriba\/#primaryimage"},"image":{"@id":"https:\/\/patagoniambiental.com.ar\/info\/madryn-y-los-efluentes-para-que-abajo-sea-como-arriba\/#primaryimage"},"thumbnailUrl":"https:\/\/patagoniambiental.com.ar\/info\/wp-content\/uploads\/2017\/08\/cloacas.jpg","datePublished":"2017-08-24T12:00:19+00:00","breadcrumb":{"@id":"https:\/\/patagoniambiental.com.ar\/info\/madryn-y-los-efluentes-para-que-abajo-sea-como-arriba\/#breadcrumb"},"inLanguage":"es","potentialAction":[{"@type":"ReadAction","target":["https:\/\/patagoniambiental.com.ar\/info\/madryn-y-los-efluentes-para-que-abajo-sea-como-arriba\/"]}]},{"@type":"ImageObject","inLanguage":"es","@id":"https:\/\/patagoniambiental.com.ar\/info\/madryn-y-los-efluentes-para-que-abajo-sea-como-arriba\/#primaryimage","url":"https:\/\/patagoniambiental.com.ar\/info\/wp-content\/uploads\/2017\/08\/cloacas.jpg","contentUrl":"https:\/\/patagoniambiental.com.ar\/info\/wp-content\/uploads\/2017\/08\/cloacas.jpg","width":400,"height":225},{"@type":"BreadcrumbList","@id":"https:\/\/patagoniambiental.com.ar\/info\/madryn-y-los-efluentes-para-que-abajo-sea-como-arriba\/#breadcrumb","itemListElement":[{"@type":"ListItem","position":1,"name":"Inicio","item":"https:\/\/patagoniambiental.com.ar\/info\/"},{"@type":"ListItem","position":2,"name":"Madryn y los efluentes: para que abajo sea como arriba"}]},{"@type":"WebSite","@id":"https:\/\/patagoniambiental.com.ar\/info\/#website","url":"https:\/\/patagoniambiental.com.ar\/info\/","name":"Patagonia Ambiental","description":"Monitoreo y an\u00e1lisis de la situaci\u00f3n geopol\u00edtica en el mundo y su implicancia en la Patagonia","publisher":{"@id":"https:\/\/patagoniambiental.com.ar\/info\/#organization"},"potentialAction":[{"@type":"SearchAction","target":{"@type":"EntryPoint","urlTemplate":"https:\/\/patagoniambiental.com.ar\/info\/?s={search_term_string}"},"query-input":{"@type":"PropertyValueSpecification","valueRequired":true,"valueName":"search_term_string"}}],"inLanguage":"es"},{"@type":"Organization","@id":"https:\/\/patagoniambiental.com.ar\/info\/#organization","name":"Patagonia Ambiental","url":"https:\/\/patagoniambiental.com.ar\/info\/","logo":{"@type":"ImageObject","inLanguage":"es","@id":"https:\/\/patagoniambiental.com.ar\/info\/#\/schema\/logo\/image\/","url":"https:\/\/patagoniambiental.com.ar\/info\/wp-content\/uploads\/2025\/05\/LOGO-PATAGONIA-AMBIENTAL.png","contentUrl":"https:\/\/patagoniambiental.com.ar\/info\/wp-content\/uploads\/2025\/05\/LOGO-PATAGONIA-AMBIENTAL.png","width":433,"height":250,"caption":"Patagonia Ambiental"},"image":{"@id":"https:\/\/patagoniambiental.com.ar\/info\/#\/schema\/logo\/image\/"},"sameAs":["https:\/\/www.facebook.com\/patagonia.ambiental","https:\/\/x.com\/PatAmb"]},{"@type":"Person","@id":"https:\/\/patagoniambiental.com.ar\/info\/#\/schema\/person\/db12bff64bbcbf6a253710bf0ea37b5d","name":"Patagonia Ambiental","description":"Andr\u00e9s Nievas T\u00e9cnico en manejo ambiental, consultor Ambiental y escritor para medios locales e internacionales sobre temas de geopolitica y medio ambiente.","sameAs":["http:\/\/www.patagoniambiental.com.ar","https:\/\/www.facebook.com\/share\/1C1V8Gv9BX\/?mibextid=qi2Omg","@patagoniambiental","https:\/\/youtube.com\/@patagoniaambiental2023?si=BLt58t0wuXquxlYZ"]}]}},"_links":{"self":[{"href":"https:\/\/patagoniambiental.com.ar\/info\/wp-json\/wp\/v2\/posts\/33762","targetHints":{"allow":["GET"]}}],"collection":[{"href":"https:\/\/patagoniambiental.com.ar\/info\/wp-json\/wp\/v2\/posts"}],"about":[{"href":"https:\/\/patagoniambiental.com.ar\/info\/wp-json\/wp\/v2\/types\/post"}],"author":[{"embeddable":true,"href":"https:\/\/patagoniambiental.com.ar\/info\/wp-json\/wp\/v2\/users\/2"}],"replies":[{"embeddable":true,"href":"https:\/\/patagoniambiental.com.ar\/info\/wp-json\/wp\/v2\/comments?post=33762"}],"version-history":[{"count":0,"href":"https:\/\/patagoniambiental.com.ar\/info\/wp-json\/wp\/v2\/posts\/33762\/revisions"}],"wp:featuredmedia":[{"embeddable":true,"href":"https:\/\/patagoniambiental.com.ar\/info\/wp-json\/wp\/v2\/media\/33763"}],"wp:attachment":[{"href":"https:\/\/patagoniambiental.com.ar\/info\/wp-json\/wp\/v2\/media?parent=33762"}],"wp:term":[{"taxonomy":"category","embeddable":true,"href":"https:\/\/patagoniambiental.com.ar\/info\/wp-json\/wp\/v2\/categories?post=33762"},{"taxonomy":"post_tag","embeddable":true,"href":"https:\/\/patagoniambiental.com.ar\/info\/wp-json\/wp\/v2\/tags?post=33762"}],"curies":[{"name":"wp","href":"https:\/\/api.w.org\/{rel}","templated":true}]}}