{"id":33778,"date":"2017-08-24T19:00:41","date_gmt":"2017-08-24T22:00:41","guid":{"rendered":"http:\/\/patagoniambiental.com.ar\/info\/?p=33778"},"modified":"2017-08-24T09:56:26","modified_gmt":"2017-08-24T12:56:26","slug":"despacho-favorable-a-ordenanza-referente-a-la-quema-de-cubiertas","status":"publish","type":"post","link":"https:\/\/patagoniambiental.com.ar\/info\/despacho-favorable-a-ordenanza-referente-a-la-quema-de-cubiertas\/","title":{"rendered":"Despacho favorable a ordenanza referente a la quema de cubiertas"},"content":{"rendered":"<div>\n<header>R\u00edo Gallegos.-La\u00a0 Comisi\u00f3n de Transporte, Industria, Comercio y Asuntos T\u00e9cnicos del HCD dio curso a la ordenanza que busca modificar el c\u00f3digo de faltas municipal de R\u00edo Gallegos en cuanto a \u201cconductas da\u00f1inas al medio ambiente\u201d, apuntando a el mismo\u00a0que sea coincidente con la ley provincial.<\/p>\n<\/header>\n<\/div>\n<p><!--more--><\/p>\n<div class=\"clear\"><\/div>\n<div class=\"image\">\n<div class=\"fotonota1\">\n<div id=\"galeria_fotos137605\">\n<div id=\"photos_137605\" class=\"photos_all\">\n<div>\n<div id=\"jahl-newsitem137605\"><a title=\"Despacho favorable a ordenanza referente a la quema de cubiertas\"><img decoding=\"async\" id=\"photos_137605_img\" class=\"bordefotonota1\" src=\"http:\/\/commondata.tiemposur.com.ar\/noticias\/2017\/08\/23\/137605_nota_\" alt=\"Despacho favorable a ordenanza referente a la quema de cubiertas\" \/><span class=\"ampliar-foto\" title=\"Ampliar imagen\">\u00a0<\/span><\/a><\/p>\n<div class=\"photos_desc\"><\/div>\n<\/div>\n<\/div>\n<\/div>\n<\/div>\n<\/div>\n<\/div>\n<div class=\"redes clearfix\">\n<div class=\"title\"><\/div>\n<div class=\"social\">\n<div class=\"social_large\">\n<div class=\"facebook_large\"><\/div>\n<div class=\"facebook_large\">Bajo la presidencia del Concejal Juan Manuel kingma y el acompa\u00f1amiento de su par Mart\u00edn Medvedovsky, se llev\u00f3 adelante una nueva reuni\u00f3n de la\u00a0 Comisi\u00f3n de Transporte, Industria, Comercio y Asuntos T\u00e9cnicos en instalaciones del HCDRG, contando con la presencia sin voto del Concejal Dr. Evaristo Ru\u00edz puesto que en \u00e9stos momentos se encuentra a cargo del ejecutivo municipal y del edil Fabi\u00e1n Leguizam\u00f3n quien se present\u00f3 a fundamentar proyectos de su autor\u00eda que estaban para ser tratados en la comisi\u00f3n.<\/div>\n<\/div>\n<\/div>\n<\/div>\n<div class=\"XXtextoNota clearfix\">\n<div align=\"justify\">\n<p>De esta forma, cuatro proyectos, autor\u00eda del Concejal Leguizam\u00f3n, fueron puestos a consideraci\u00f3n. Primeramente se envi\u00f3 a archivo el proyecto de ordenanza que busca la creaci\u00f3n de un Registro de Comercios que exploten el rubro imprenta, que ejerzan la fabricaci\u00f3n, producci\u00f3n y copia de sellos identificatorios.<\/p>\n<p>Tras el an\u00e1lisis y el trabajo en conjunto con \u00e1reas a fines, se decidi\u00f3 dejar pendiente para realizar modificaciones, el proyecto de ordenanza N\u00b0 15211, el cual versa sobre habilitaci\u00f3n de ferias y\/o exposiciones con fines comerciales de cosas muebles nuevas y feria del usado.<\/p>\n<p>&nbsp;<\/p>\n<p><strong>Quema de cubiertas<\/strong><\/p>\n<p>Siguiendo con el orden del d\u00eda,\u00a0 se dio despacho favorable al proyecto de ordenanza N\u00b0 15610 autor\u00eda del concejal Dr. Ru\u00edz el cual propone la modificaci\u00f3n del c\u00f3digo de faltas\u00a0 Municipal (ordenanza N\u00b0 2039) en su art\u00edculo 213\u00b0.<\/p>\n<p>Respecto del art\u00edculo 213\u00b0, incorporado por la Ordenanza N\u00b0 6850 del 19 de noviembre del 2009, se propone la modificaci\u00f3n\u00a0 de su texto para hacerlo coincidente con la ley provincial N\u00b0 3316 (modifica el art\u00edculo 62\u00b0 del c\u00f3digo de Faltas de la Provincia de Santa Cruz), que entre otras conductas da\u00f1inas al medio ambiente, proh\u00edbe la quema de cubiertas a cielo abierto, en atenci\u00f3n a ser su redacci\u00f3n acorde a una adecuada t\u00e9cnica legislativa y m\u00e1s abarcativa de conductas lesivas al medio ambiente urbano.<\/p>\n<p>Fuente: Tiempo Sur<\/p>\n<p>&nbsp;<\/p>\n<\/div>\n<\/div>\n","protected":false},"excerpt":{"rendered":"<p>R\u00edo Gallegos.-La\u00a0 Comisi\u00f3n de Transporte, Industria, Comercio y Asuntos T\u00e9cnicos del HCD dio curso a la ordenanza que busca modificar [&hellip;]<\/p>\n","protected":false},"author":2,"featured_media":33779,"comment_status":"open","ping_status":"open","sticky":false,"template":"","format":"standard","meta":{"site-sidebar-layout":"default","site-content-layout":"","ast-site-content-layout":"default","site-content-style":"default","site-sidebar-style":"default","ast-global-header-display":"","ast-banner-title-visibility":"","ast-main-header-display":"","ast-hfb-above-header-display":"","ast-hfb-below-header-display":"","ast-hfb-mobile-header-display":"","site-post-title":"","ast-breadcrumbs-content":"","ast-featured-img":"","footer-sml-layout":"","ast-disable-related-posts":"","theme-transparent-header-meta":"","adv-header-id-meta":"","stick-header-meta":"","header-above-stick-meta":"","header-main-stick-meta":"","header-below-stick-meta":"","astra-migrate-meta-layouts":"default","ast-page-background-enabled":"default","ast-page-background-meta":{"desktop":{"background-color":"var(--ast-global-color-5)","background-image":"","background-repeat":"repeat","background-position":"center center","background-size":"auto","background-attachment":"scroll","background-type":"","background-media":"","overlay-type":"","overlay-color":"","overlay-opacity":"","overlay-gradient":""},"tablet":{"background-color":"","background-image":"","background-repeat":"repeat","background-position":"center center","background-size":"auto","background-attachment":"scroll","background-type":"","background-media":"","overlay-type":"","overlay-color":"","overlay-opacity":"","overlay-gradient":""},"mobile":{"background-color":"","background-image":"","background-repeat":"repeat","background-position":"center center","background-size":"auto","background-attachment":"scroll","background-type":"","background-media":"","overlay-type":"","overlay-color":"","overlay-opacity":"","overlay-gradient":""}},"ast-content-background-meta":{"desktop":{"background-color":"var(--ast-global-color-4)","background-image":"","background-repeat":"repeat","background-position":"center center","background-size":"auto","background-attachment":"scroll","background-type":"","background-media":"","overlay-type":"","overlay-color":"","overlay-opacity":"","overlay-gradient":""},"tablet":{"background-color":"var(--ast-global-color-4)","background-image":"","background-repeat":"repeat","background-position":"center center","background-size":"auto","background-attachment":"scroll","background-type":"","background-media":"","overlay-type":"","overlay-color":"","overlay-opacity":"","overlay-gradient":""},"mobile":{"background-color":"var(--ast-global-color-4)","background-image":"","background-repeat":"repeat","background-position":"center center","background-size":"auto","background-attachment":"scroll","background-type":"","background-media":"","overlay-type":"","overlay-color":"","overlay-opacity":"","overlay-gradient":""}},"footnotes":""},"categories":[16,1],"tags":[],"class_list":["post-33778","post","type-post","status-publish","format-standard","has-post-thumbnail","hentry","category-municipales","category-noticias"],"yoast_head":"<!-- This site is optimized with the Yoast SEO Premium plugin v23.0 (Yoast SEO v27.4) - https:\/\/yoast.com\/product\/yoast-seo-premium-wordpress\/ -->\n<title>Despacho favorable a ordenanza referente a la quema de cubiertas<\/title>\n<meta name=\"robots\" content=\"index, follow, max-snippet:-1, max-image-preview:large, max-video-preview:-1\" \/>\n<link rel=\"canonical\" href=\"https:\/\/patagoniambiental.com.ar\/info\/despacho-favorable-a-ordenanza-referente-a-la-quema-de-cubiertas\/\" \/>\n<meta property=\"og:locale\" content=\"es_ES\" \/>\n<meta property=\"og:type\" content=\"article\" \/>\n<meta property=\"og:title\" content=\"Despacho favorable a ordenanza referente a la quema de cubiertas\" \/>\n<meta property=\"og:description\" content=\"R\u00edo Gallegos.-La\u00a0 Comisi\u00f3n de Transporte, Industria, Comercio y Asuntos T\u00e9cnicos del HCD dio curso a la ordenanza que busca modificar [&hellip;]\" \/>\n<meta property=\"og:url\" content=\"https:\/\/patagoniambiental.com.ar\/info\/despacho-favorable-a-ordenanza-referente-a-la-quema-de-cubiertas\/\" \/>\n<meta property=\"og:site_name\" content=\"Patagonia Ambiental\" \/>\n<meta property=\"article:publisher\" content=\"https:\/\/www.facebook.com\/patagonia.ambiental\" \/>\n<meta property=\"article:author\" content=\"https:\/\/www.facebook.com\/share\/1C1V8Gv9BX\/?mibextid=qi2Omg\" \/>\n<meta property=\"article:published_time\" content=\"2017-08-24T22:00:41+00:00\" \/>\n<meta property=\"og:image\" content=\"https:\/\/patagoniambiental.com.ar\/info\/wp-content\/uploads\/2017\/08\/345.jpg\" \/>\n\t<meta property=\"og:image:width\" content=\"555\" \/>\n\t<meta property=\"og:image:height\" content=\"368\" \/>\n\t<meta property=\"og:image:type\" content=\"image\/jpeg\" \/>\n<meta name=\"author\" content=\"Patagonia Ambiental\" \/>\n<meta name=\"twitter:card\" content=\"summary_large_image\" \/>\n<meta name=\"twitter:creator\" content=\"@PatAmb\" \/>\n<meta name=\"twitter:site\" content=\"@PatAmb\" \/>\n<script type=\"application\/ld+json\" class=\"yoast-schema-graph\">{\"@context\":\"https:\\\/\\\/schema.org\",\"@graph\":[{\"@type\":\"Article\",\"@id\":\"https:\\\/\\\/patagoniambiental.com.ar\\\/info\\\/despacho-favorable-a-ordenanza-referente-a-la-quema-de-cubiertas\\\/#article\",\"isPartOf\":{\"@id\":\"https:\\\/\\\/patagoniambiental.com.ar\\\/info\\\/despacho-favorable-a-ordenanza-referente-a-la-quema-de-cubiertas\\\/\"},\"author\":{\"name\":\"Patagonia Ambiental\",\"@id\":\"https:\\\/\\\/patagoniambiental.com.ar\\\/info\\\/#\\\/schema\\\/person\\\/db12bff64bbcbf6a253710bf0ea37b5d\"},\"headline\":\"Despacho favorable a ordenanza referente a la quema de cubiertas\",\"datePublished\":\"2017-08-24T22:00:41+00:00\",\"mainEntityOfPage\":{\"@id\":\"https:\\\/\\\/patagoniambiental.com.ar\\\/info\\\/despacho-favorable-a-ordenanza-referente-a-la-quema-de-cubiertas\\\/\"},\"wordCount\":391,\"commentCount\":0,\"publisher\":{\"@id\":\"https:\\\/\\\/patagoniambiental.com.ar\\\/info\\\/#organization\"},\"image\":{\"@id\":\"https:\\\/\\\/patagoniambiental.com.ar\\\/info\\\/despacho-favorable-a-ordenanza-referente-a-la-quema-de-cubiertas\\\/#primaryimage\"},\"thumbnailUrl\":\"https:\\\/\\\/patagoniambiental.com.ar\\\/info\\\/wp-content\\\/uploads\\\/2017\\\/08\\\/345.jpg\",\"articleSection\":[\"Municipales\",\"Noticias\"],\"inLanguage\":\"es\",\"potentialAction\":[{\"@type\":\"CommentAction\",\"name\":\"Comment\",\"target\":[\"https:\\\/\\\/patagoniambiental.com.ar\\\/info\\\/despacho-favorable-a-ordenanza-referente-a-la-quema-de-cubiertas\\\/#respond\"]}]},{\"@type\":\"WebPage\",\"@id\":\"https:\\\/\\\/patagoniambiental.com.ar\\\/info\\\/despacho-favorable-a-ordenanza-referente-a-la-quema-de-cubiertas\\\/\",\"url\":\"https:\\\/\\\/patagoniambiental.com.ar\\\/info\\\/despacho-favorable-a-ordenanza-referente-a-la-quema-de-cubiertas\\\/\",\"name\":\"Despacho favorable a ordenanza referente a la quema de cubiertas\",\"isPartOf\":{\"@id\":\"https:\\\/\\\/patagoniambiental.com.ar\\\/info\\\/#website\"},\"primaryImageOfPage\":{\"@id\":\"https:\\\/\\\/patagoniambiental.com.ar\\\/info\\\/despacho-favorable-a-ordenanza-referente-a-la-quema-de-cubiertas\\\/#primaryimage\"},\"image\":{\"@id\":\"https:\\\/\\\/patagoniambiental.com.ar\\\/info\\\/despacho-favorable-a-ordenanza-referente-a-la-quema-de-cubiertas\\\/#primaryimage\"},\"thumbnailUrl\":\"https:\\\/\\\/patagoniambiental.com.ar\\\/info\\\/wp-content\\\/uploads\\\/2017\\\/08\\\/345.jpg\",\"datePublished\":\"2017-08-24T22:00:41+00:00\",\"breadcrumb\":{\"@id\":\"https:\\\/\\\/patagoniambiental.com.ar\\\/info\\\/despacho-favorable-a-ordenanza-referente-a-la-quema-de-cubiertas\\\/#breadcrumb\"},\"inLanguage\":\"es\",\"potentialAction\":[{\"@type\":\"ReadAction\",\"target\":[\"https:\\\/\\\/patagoniambiental.com.ar\\\/info\\\/despacho-favorable-a-ordenanza-referente-a-la-quema-de-cubiertas\\\/\"]}]},{\"@type\":\"ImageObject\",\"inLanguage\":\"es\",\"@id\":\"https:\\\/\\\/patagoniambiental.com.ar\\\/info\\\/despacho-favorable-a-ordenanza-referente-a-la-quema-de-cubiertas\\\/#primaryimage\",\"url\":\"https:\\\/\\\/patagoniambiental.com.ar\\\/info\\\/wp-content\\\/uploads\\\/2017\\\/08\\\/345.jpg\",\"contentUrl\":\"https:\\\/\\\/patagoniambiental.com.ar\\\/info\\\/wp-content\\\/uploads\\\/2017\\\/08\\\/345.jpg\",\"width\":555,\"height\":368},{\"@type\":\"BreadcrumbList\",\"@id\":\"https:\\\/\\\/patagoniambiental.com.ar\\\/info\\\/despacho-favorable-a-ordenanza-referente-a-la-quema-de-cubiertas\\\/#breadcrumb\",\"itemListElement\":[{\"@type\":\"ListItem\",\"position\":1,\"name\":\"Inicio\",\"item\":\"https:\\\/\\\/patagoniambiental.com.ar\\\/info\\\/\"},{\"@type\":\"ListItem\",\"position\":2,\"name\":\"Despacho favorable a ordenanza referente a la quema de cubiertas\"}]},{\"@type\":\"WebSite\",\"@id\":\"https:\\\/\\\/patagoniambiental.com.ar\\\/info\\\/#website\",\"url\":\"https:\\\/\\\/patagoniambiental.com.ar\\\/info\\\/\",\"name\":\"Patagonia Ambiental\",\"description\":\"Monitoreo y an\u00e1lisis de la situaci\u00f3n geopol\u00edtica en el mundo y su implicancia en la Patagonia\",\"publisher\":{\"@id\":\"https:\\\/\\\/patagoniambiental.com.ar\\\/info\\\/#organization\"},\"potentialAction\":[{\"@type\":\"SearchAction\",\"target\":{\"@type\":\"EntryPoint\",\"urlTemplate\":\"https:\\\/\\\/patagoniambiental.com.ar\\\/info\\\/?s={search_term_string}\"},\"query-input\":{\"@type\":\"PropertyValueSpecification\",\"valueRequired\":true,\"valueName\":\"search_term_string\"}}],\"inLanguage\":\"es\"},{\"@type\":\"Organization\",\"@id\":\"https:\\\/\\\/patagoniambiental.com.ar\\\/info\\\/#organization\",\"name\":\"Patagonia Ambiental\",\"url\":\"https:\\\/\\\/patagoniambiental.com.ar\\\/info\\\/\",\"logo\":{\"@type\":\"ImageObject\",\"inLanguage\":\"es\",\"@id\":\"https:\\\/\\\/patagoniambiental.com.ar\\\/info\\\/#\\\/schema\\\/logo\\\/image\\\/\",\"url\":\"https:\\\/\\\/patagoniambiental.com.ar\\\/info\\\/wp-content\\\/uploads\\\/2025\\\/05\\\/LOGO-PATAGONIA-AMBIENTAL.png\",\"contentUrl\":\"https:\\\/\\\/patagoniambiental.com.ar\\\/info\\\/wp-content\\\/uploads\\\/2025\\\/05\\\/LOGO-PATAGONIA-AMBIENTAL.png\",\"width\":433,\"height\":250,\"caption\":\"Patagonia Ambiental\"},\"image\":{\"@id\":\"https:\\\/\\\/patagoniambiental.com.ar\\\/info\\\/#\\\/schema\\\/logo\\\/image\\\/\"},\"sameAs\":[\"https:\\\/\\\/www.facebook.com\\\/patagonia.ambiental\",\"https:\\\/\\\/x.com\\\/PatAmb\"]},{\"@type\":\"Person\",\"@id\":\"https:\\\/\\\/patagoniambiental.com.ar\\\/info\\\/#\\\/schema\\\/person\\\/db12bff64bbcbf6a253710bf0ea37b5d\",\"name\":\"Patagonia Ambiental\",\"description\":\"Andr\u00e9s Nievas T\u00e9cnico en manejo ambiental, consultor Ambiental y escritor para medios locales e internacionales sobre temas de geopolitica y medio ambiente.\",\"sameAs\":[\"http:\\\/\\\/www.patagoniambiental.com.ar\",\"https:\\\/\\\/www.facebook.com\\\/share\\\/1C1V8Gv9BX\\\/?mibextid=qi2Omg\",\"@patagoniambiental\",\"https:\\\/\\\/youtube.com\\\/@patagoniaambiental2023?si=BLt58t0wuXquxlYZ\"]}]}<\/script>\n<!-- \/ Yoast SEO Premium plugin. -->","yoast_head_json":{"title":"Despacho favorable a ordenanza referente a la quema de cubiertas","robots":{"index":"index","follow":"follow","max-snippet":"max-snippet:-1","max-image-preview":"max-image-preview:large","max-video-preview":"max-video-preview:-1"},"canonical":"https:\/\/patagoniambiental.com.ar\/info\/despacho-favorable-a-ordenanza-referente-a-la-quema-de-cubiertas\/","og_locale":"es_ES","og_type":"article","og_title":"Despacho favorable a ordenanza referente a la quema de cubiertas","og_description":"R\u00edo Gallegos.-La\u00a0 Comisi\u00f3n de Transporte, Industria, Comercio y Asuntos T\u00e9cnicos del HCD dio curso a la ordenanza que busca modificar [&hellip;]","og_url":"https:\/\/patagoniambiental.com.ar\/info\/despacho-favorable-a-ordenanza-referente-a-la-quema-de-cubiertas\/","og_site_name":"Patagonia Ambiental","article_publisher":"https:\/\/www.facebook.com\/patagonia.ambiental","article_author":"https:\/\/www.facebook.com\/share\/1C1V8Gv9BX\/?mibextid=qi2Omg","article_published_time":"2017-08-24T22:00:41+00:00","og_image":[{"width":555,"height":368,"url":"https:\/\/patagoniambiental.com.ar\/info\/wp-content\/uploads\/2017\/08\/345.jpg","type":"image\/jpeg"}],"author":"Patagonia Ambiental","twitter_card":"summary_large_image","twitter_creator":"@PatAmb","twitter_site":"@PatAmb","schema":{"@context":"https:\/\/schema.org","@graph":[{"@type":"Article","@id":"https:\/\/patagoniambiental.com.ar\/info\/despacho-favorable-a-ordenanza-referente-a-la-quema-de-cubiertas\/#article","isPartOf":{"@id":"https:\/\/patagoniambiental.com.ar\/info\/despacho-favorable-a-ordenanza-referente-a-la-quema-de-cubiertas\/"},"author":{"name":"Patagonia Ambiental","@id":"https:\/\/patagoniambiental.com.ar\/info\/#\/schema\/person\/db12bff64bbcbf6a253710bf0ea37b5d"},"headline":"Despacho favorable a ordenanza referente a la quema de cubiertas","datePublished":"2017-08-24T22:00:41+00:00","mainEntityOfPage":{"@id":"https:\/\/patagoniambiental.com.ar\/info\/despacho-favorable-a-ordenanza-referente-a-la-quema-de-cubiertas\/"},"wordCount":391,"commentCount":0,"publisher":{"@id":"https:\/\/patagoniambiental.com.ar\/info\/#organization"},"image":{"@id":"https:\/\/patagoniambiental.com.ar\/info\/despacho-favorable-a-ordenanza-referente-a-la-quema-de-cubiertas\/#primaryimage"},"thumbnailUrl":"https:\/\/patagoniambiental.com.ar\/info\/wp-content\/uploads\/2017\/08\/345.jpg","articleSection":["Municipales","Noticias"],"inLanguage":"es","potentialAction":[{"@type":"CommentAction","name":"Comment","target":["https:\/\/patagoniambiental.com.ar\/info\/despacho-favorable-a-ordenanza-referente-a-la-quema-de-cubiertas\/#respond"]}]},{"@type":"WebPage","@id":"https:\/\/patagoniambiental.com.ar\/info\/despacho-favorable-a-ordenanza-referente-a-la-quema-de-cubiertas\/","url":"https:\/\/patagoniambiental.com.ar\/info\/despacho-favorable-a-ordenanza-referente-a-la-quema-de-cubiertas\/","name":"Despacho favorable a ordenanza referente a la quema de cubiertas","isPartOf":{"@id":"https:\/\/patagoniambiental.com.ar\/info\/#website"},"primaryImageOfPage":{"@id":"https:\/\/patagoniambiental.com.ar\/info\/despacho-favorable-a-ordenanza-referente-a-la-quema-de-cubiertas\/#primaryimage"},"image":{"@id":"https:\/\/patagoniambiental.com.ar\/info\/despacho-favorable-a-ordenanza-referente-a-la-quema-de-cubiertas\/#primaryimage"},"thumbnailUrl":"https:\/\/patagoniambiental.com.ar\/info\/wp-content\/uploads\/2017\/08\/345.jpg","datePublished":"2017-08-24T22:00:41+00:00","breadcrumb":{"@id":"https:\/\/patagoniambiental.com.ar\/info\/despacho-favorable-a-ordenanza-referente-a-la-quema-de-cubiertas\/#breadcrumb"},"inLanguage":"es","potentialAction":[{"@type":"ReadAction","target":["https:\/\/patagoniambiental.com.ar\/info\/despacho-favorable-a-ordenanza-referente-a-la-quema-de-cubiertas\/"]}]},{"@type":"ImageObject","inLanguage":"es","@id":"https:\/\/patagoniambiental.com.ar\/info\/despacho-favorable-a-ordenanza-referente-a-la-quema-de-cubiertas\/#primaryimage","url":"https:\/\/patagoniambiental.com.ar\/info\/wp-content\/uploads\/2017\/08\/345.jpg","contentUrl":"https:\/\/patagoniambiental.com.ar\/info\/wp-content\/uploads\/2017\/08\/345.jpg","width":555,"height":368},{"@type":"BreadcrumbList","@id":"https:\/\/patagoniambiental.com.ar\/info\/despacho-favorable-a-ordenanza-referente-a-la-quema-de-cubiertas\/#breadcrumb","itemListElement":[{"@type":"ListItem","position":1,"name":"Inicio","item":"https:\/\/patagoniambiental.com.ar\/info\/"},{"@type":"ListItem","position":2,"name":"Despacho favorable a ordenanza referente a la quema de cubiertas"}]},{"@type":"WebSite","@id":"https:\/\/patagoniambiental.com.ar\/info\/#website","url":"https:\/\/patagoniambiental.com.ar\/info\/","name":"Patagonia Ambiental","description":"Monitoreo y an\u00e1lisis de la situaci\u00f3n geopol\u00edtica en el mundo y su implicancia en la Patagonia","publisher":{"@id":"https:\/\/patagoniambiental.com.ar\/info\/#organization"},"potentialAction":[{"@type":"SearchAction","target":{"@type":"EntryPoint","urlTemplate":"https:\/\/patagoniambiental.com.ar\/info\/?s={search_term_string}"},"query-input":{"@type":"PropertyValueSpecification","valueRequired":true,"valueName":"search_term_string"}}],"inLanguage":"es"},{"@type":"Organization","@id":"https:\/\/patagoniambiental.com.ar\/info\/#organization","name":"Patagonia Ambiental","url":"https:\/\/patagoniambiental.com.ar\/info\/","logo":{"@type":"ImageObject","inLanguage":"es","@id":"https:\/\/patagoniambiental.com.ar\/info\/#\/schema\/logo\/image\/","url":"https:\/\/patagoniambiental.com.ar\/info\/wp-content\/uploads\/2025\/05\/LOGO-PATAGONIA-AMBIENTAL.png","contentUrl":"https:\/\/patagoniambiental.com.ar\/info\/wp-content\/uploads\/2025\/05\/LOGO-PATAGONIA-AMBIENTAL.png","width":433,"height":250,"caption":"Patagonia Ambiental"},"image":{"@id":"https:\/\/patagoniambiental.com.ar\/info\/#\/schema\/logo\/image\/"},"sameAs":["https:\/\/www.facebook.com\/patagonia.ambiental","https:\/\/x.com\/PatAmb"]},{"@type":"Person","@id":"https:\/\/patagoniambiental.com.ar\/info\/#\/schema\/person\/db12bff64bbcbf6a253710bf0ea37b5d","name":"Patagonia Ambiental","description":"Andr\u00e9s Nievas T\u00e9cnico en manejo ambiental, consultor Ambiental y escritor para medios locales e internacionales sobre temas de geopolitica y medio ambiente.","sameAs":["http:\/\/www.patagoniambiental.com.ar","https:\/\/www.facebook.com\/share\/1C1V8Gv9BX\/?mibextid=qi2Omg","@patagoniambiental","https:\/\/youtube.com\/@patagoniaambiental2023?si=BLt58t0wuXquxlYZ"]}]}},"_links":{"self":[{"href":"https:\/\/patagoniambiental.com.ar\/info\/wp-json\/wp\/v2\/posts\/33778","targetHints":{"allow":["GET"]}}],"collection":[{"href":"https:\/\/patagoniambiental.com.ar\/info\/wp-json\/wp\/v2\/posts"}],"about":[{"href":"https:\/\/patagoniambiental.com.ar\/info\/wp-json\/wp\/v2\/types\/post"}],"author":[{"embeddable":true,"href":"https:\/\/patagoniambiental.com.ar\/info\/wp-json\/wp\/v2\/users\/2"}],"replies":[{"embeddable":true,"href":"https:\/\/patagoniambiental.com.ar\/info\/wp-json\/wp\/v2\/comments?post=33778"}],"version-history":[{"count":0,"href":"https:\/\/patagoniambiental.com.ar\/info\/wp-json\/wp\/v2\/posts\/33778\/revisions"}],"wp:featuredmedia":[{"embeddable":true,"href":"https:\/\/patagoniambiental.com.ar\/info\/wp-json\/wp\/v2\/media\/33779"}],"wp:attachment":[{"href":"https:\/\/patagoniambiental.com.ar\/info\/wp-json\/wp\/v2\/media?parent=33778"}],"wp:term":[{"taxonomy":"category","embeddable":true,"href":"https:\/\/patagoniambiental.com.ar\/info\/wp-json\/wp\/v2\/categories?post=33778"},{"taxonomy":"post_tag","embeddable":true,"href":"https:\/\/patagoniambiental.com.ar\/info\/wp-json\/wp\/v2\/tags?post=33778"}],"curies":[{"name":"wp","href":"https:\/\/api.w.org\/{rel}","templated":true}]}}