{"id":33781,"date":"2017-08-24T19:00:00","date_gmt":"2017-08-24T22:00:00","guid":{"rendered":"http:\/\/patagoniambiental.com.ar\/info\/?p=33781"},"modified":"2017-08-24T10:34:47","modified_gmt":"2017-08-24T13:34:47","slug":"alumnos-del-ipet-no-50-y-una-experiencia-educativa-en-bariloche","status":"publish","type":"post","link":"https:\/\/patagoniambiental.com.ar\/info\/alumnos-del-ipet-no-50-y-una-experiencia-educativa-en-bariloche\/","title":{"rendered":"Alumnos del IPET N\u00ba 50 y una experiencia educativa en Bariloche"},"content":{"rendered":"<div class=\"detalle\">San Carlos de Bariloche.-Estudiantes de 7\u00ba B visitaron el Instituto Balseiro y la INVAP, una universidad y una empresa con caracter\u00edsticas \u00fanicas. Tras ello, trabajar\u00e1n en un proyecto \u00e1ulico.<\/div>\n<p><!--more--><\/p>\n<div><\/div>\n<div>\n<p>Alumnos de s\u00e9ptimo a\u00f1o B de la especialidad Electr\u00f3nica del IPET N\u00ba 50 \u201cEmilio F. Olmos\u201d\u00a0visitaron hace unos d\u00edas, el\u00a0<a href=\"http:\/\/www.ib.edu.ar\/\" target=\"_blank\" rel=\"noopener\">Instituto Balseiro<\/a>, una universidad p\u00fablica y gratuita con caracter\u00edsticas \u00fanicas, y la\u00a0<a href=\"http:\/\/www.invap.com.ar\/es\/\" target=\"_blank\" rel=\"noopener\">INVAP<\/a>, una empresa dedicada al dise\u00f1o y construcci\u00f3n de sistemas tecnol\u00f3gicos complejos.<\/p>\n<div id=\"publi-226\" class=\"publi  contenido-primer-parrafo\" data-publicidad=\"226\"><\/div>\n<p><strong>Franco Valverde<\/strong>, docente de Telecomunicaciones que acompa\u00f1\u00f3 al grupo junto a\u00a0<strong>Daniel Gallo<\/strong>, explic\u00f3 que es un viaje similar al que se realiz\u00f3 hace dos a\u00f1os, ocasi\u00f3n en que la iniciativa surgi\u00f3 de los alumnos.<img fetchpriority=\"high\" decoding=\"async\" class=\"img-responsive lazyautosizes lazyloading\" src=\"http:\/\/el-periodico.com.ar\/download\/multimedia.normal.b9ff9b9c3e74520c.36333731316632622d663130392d343763352d393531312d62316434313762665f6e6f726d616c2e6a7067.jpg\" sizes=\"750px\" srcset=\"\/download\/multimedia.normal.b9ff9b9c3e74520c.36333731316632622d663130392d343763352d393531312d62316434313762665f6e6f726d616c2e6a7067.jpg 900w, \/download\/multimedia.miniatura.9159882a30b885db.36333731316632622d663130392d343763352d393531312d62316434313762665f6d696e6961747572612e6a7067.jpg 400w, \/download\/multimedia.grande.88dff99ad4bf0858.36333731316632622d663130392d343763352d393531312d62316434313762665f6772616e64652e6a7067.jpg 1280w\" alt=\"63711f2b-f109-47c5-9511-b1d417bfad17\" width=\"1280\" height=\"960\" data-alto-grande=\"960\" data-ancho-grande=\"1280\" data-sizes=\"auto\" data-src=\"\/download\/multimedia.normal.b9ff9b9c3e74520c.36333731316632622d663130392d343763352d393531312d62316434313762665f6e6f726d616c2e6a7067.jpg\" data-srcset=\"\/download\/multimedia.normal.b9ff9b9c3e74520c.36333731316632622d663130392d343763352d393531312d62316434313762665f6e6f726d616c2e6a7067.jpg 900w, \/download\/multimedia.miniatura.9159882a30b885db.36333731316632622d663130392d343763352d393531312d62316434313762665f6d696e6961747572612e6a7067.jpg 400w, \/download\/multimedia.grande.88dff99ad4bf0858.36333731316632622d663130392d343763352d393531312d62316434313762665f6772616e64652e6a7067.jpg 1280w\" \/><\/p>\n<p>El docente, que aclar\u00f3 que la posibilidad de realizar el viaje surgi\u00f3 a partir de un contacto que ten\u00eda\u00a0<strong>Jorge Tom\u00e9 Seif<\/strong>, el director del establecimiento, cont\u00f3 que viajaron a Bariloche entre el domingo 13 y el s\u00e1bado 19 de agosto.<\/p>\n<h3><strong>Visita al Instituto Balseiro<\/strong><\/h3>\n<p>\u201cEl Instituto Balseiro es una universidad \u00fanica en Latinoam\u00e9rica\u00a0que tiene cuatro carreras que son ingenier\u00eda Nuclear, ingenier\u00eda Mec\u00e1nica, ingenier\u00eda en Telecomunicaciones y F\u00edsica, y que produce los cient\u00edficos m\u00e1s calificados del pa\u00eds. Los alumnos reciben una beca completa de parte del Gobierno. Depende de la Universidad de Cuyo y de la Comisi\u00f3n Nacional de Energ\u00eda At\u00f3mica.\u00a0La exigencia es alt\u00edsima. A los alumnos les pagan por estudiar por lo que la dedicaci\u00f3n es full time. Es otra educaci\u00f3n de la que estamos acostumbrados nosotros\u201d, explic\u00f3 Valverde.<\/p>\n<p><img decoding=\"async\" class=\"img-responsive lazyautosizes lazyloaded\" src=\"http:\/\/el-periodico.com.ar\/download\/multimedia.normal.b089623d9c989192.32326662613666302d303731392d343638622d623536352d37353434646136655f6e6f726d616c2e6a7067.jpg\" sizes=\"750px\" srcset=\"\/download\/multimedia.normal.b089623d9c989192.32326662613666302d303731392d343638622d623536352d37353434646136655f6e6f726d616c2e6a7067.jpg 900w, \/download\/multimedia.miniatura.9e0722ec9910c517.32326662613666302d303731392d343638622d623536352d37353434646136655f6d696e6961747572612e6a7067.jpg 400w, \/download\/multimedia.grande.b3fdfe7ceb408e2c.32326662613666302d303731392d343638622d623536352d37353434646136655f6772616e64652e6a7067.jpg 1280w\" alt=\"22fba6f0-0719-468b-b565-7544da6e90a4\" width=\"1280\" height=\"960\" data-alto-grande=\"960\" data-ancho-grande=\"1280\" data-sizes=\"auto\" data-src=\"\/download\/multimedia.normal.b089623d9c989192.32326662613666302d303731392d343638622d623536352d37353434646136655f6e6f726d616c2e6a7067.jpg\" data-srcset=\"\/download\/multimedia.normal.b089623d9c989192.32326662613666302d303731392d343638622d623536352d37353434646136655f6e6f726d616c2e6a7067.jpg 900w, \/download\/multimedia.miniatura.9e0722ec9910c517.32326662613666302d303731392d343638622d623536352d37353434646136655f6d696e6961747572612e6a7067.jpg 400w, \/download\/multimedia.grande.b3fdfe7ceb408e2c.32326662613666302d303731392d343638622d623536352d37353434646136655f6772616e64652e6a7067.jpg 1280w\" \/><br \/>\nSobre su visita a este lugar, el docente manifest\u00f3 que tras la visita\u00a0participaron de charlas, recorrieron los laboratorios y fueron viendo la forma de estudio y de trabajo. \u201cEl predio lo comparten con la Comisi\u00f3n Nacional de Energ\u00eda At\u00f3mica, as\u00ed que tambi\u00e9n est\u00e1 el reactor nuclear que se utiliza para hacer estudios de muy alta \u00a0complejidad. No es para generar electricidad sino que con la energ\u00eda que se saca de ah\u00ed se hacen estudios forenses, de an\u00e1lisis de materiales, y todo el desarrollo de telecomunicaciones.\u00a0Estaban haciendo un complejo de Medicina Nuclear para tratar a personas con radiois\u00f3topos. Son de alta complejidad y la idea es empezar a probarlos con enfermos terminales. Es incre\u00edble, es otro mundo y no se conoce mucho de lo que se hace ah\u00ed\u201d.<\/p>\n<h3><strong>Recorrido por la INVAP<\/strong><\/h3>\n<p>Sobre la visita a la INVAP,\u00a0Valverde cont\u00f3 que all\u00ed se producen reactores nucleares. \u201cLos construyen. El \u00faltimo lo vendieron hace un par de a\u00f1os a Australia. Est\u00e1n compitiendo con pa\u00edses del primer mundo. Se presentan a licitaciones. Ahora se presentaron a la licitaci\u00f3n por un reactor en Holanda y compiten con pa\u00edses como Francia y Alemania que son los n\u00famero uno en eso. Son los que hicieron el sat\u00e9lite ARSAT 2 y est\u00e1n construyendo ahora dos sat\u00e9lites m\u00e1s para Estados Unidos. Son para investigaciones geol\u00f3gicas, meteorol\u00f3gicas, son sat\u00e9lites m\u00e1s chicos pero ya lo est\u00e1n produciendo en serie, est\u00e1n haciendo dos a la vez. Es de primer nivel\u201d.<\/p>\n<h3><strong>Proyecto \u00e1ulico<\/strong><\/h3>\n<p>Los chicos, que durante la primera mitad del a\u00f1o estuvieron prepar\u00e1ndose en la tem\u00e1tica de la asignatura,\u00a0deber\u00e1n trabajar en base a los conocimientos adquiridos.<\/p>\n<p><img decoding=\"async\" class=\"img-responsive lazyautosizes lazyloaded\" src=\"http:\/\/el-periodico.com.ar\/download\/multimedia.normal.88677bcc7bf3fefb.35326664396361382d313333372d346339332d396533342d64333538336338655f6e6f726d616c2e6a7067.jpg\" sizes=\"750px\" srcset=\"\/download\/multimedia.normal.88677bcc7bf3fefb.35326664396361382d313333372d346339332d396533342d64333538336338655f6e6f726d616c2e6a7067.jpg 900w, \/download\/multimedia.miniatura.b6a6a49d8a900d32.35326664396361382d313333372d346339332d396533342d64333538336338655f6d696e6961747572612e6a7067.jpg 400w, \/download\/multimedia.grande.af45c87088daa59b.35326664396361382d313333372d346339332d396533342d64333538336338655f6772616e64652e6a7067.jpg 1280w\" alt=\"52fd9ca8-1337-4c93-9e34-d3583c8e374a\" width=\"1280\" height=\"843\" data-alto-grande=\"843\" data-ancho-grande=\"1280\" data-sizes=\"auto\" data-src=\"\/download\/multimedia.normal.88677bcc7bf3fefb.35326664396361382d313333372d346339332d396533342d64333538336338655f6e6f726d616c2e6a7067.jpg\" data-srcset=\"\/download\/multimedia.normal.88677bcc7bf3fefb.35326664396361382d313333372d346339332d396533342d64333538336338655f6e6f726d616c2e6a7067.jpg 900w, \/download\/multimedia.miniatura.b6a6a49d8a900d32.35326664396361382d313333372d346339332d396533342d64333538336338655f6d696e6961747572612e6a7067.jpg 400w, \/download\/multimedia.grande.af45c87088daa59b.35326664396361382d313333372d346339332d396533342d64333538336338655f6772616e64652e6a7067.jpg 1280w\" \/><br \/>\nLos j\u00f3venes trabajar\u00e1n en un proyecto complejo divididos en grupos peque\u00f1os, cada uno de los cuales llevar\u00e1 adelante un an\u00e1lisis e investigaci\u00f3n.\u00a0Luego, cada parte se ensamblar\u00e1 con las dem\u00e1s, a modo de rompecabezas, para luego compartir las experiencias con el resto.<\/p>\n<p>Asimismo,\u00a0buscar\u00e1n crear un v\u00ednculo con el instituto, construyendo unas plaquetas electr\u00f3nicas para el instituto, que por el momento las pide a f\u00e1bricas de Buenos Aires.<\/p>\n<p>\u201cEstamos muy contentos. Me dicen los padres que los chicos no paran de hablar de eso, as\u00ed que vamos a aprovechar ese entusiasmo que tienen para volcarlo ac\u00e1 y hacer una especie de r\u00e9plica de la manera de trabajar de all\u00e1\u201d, concluy\u00f3 el docente.<\/p>\n<p>Fuente:\u00a0http:\/\/el-periodico.com.ar\/noticia\/31570\/alumnos-del-ipet-no-50-y-una-experiencia-educativa-en-bariloche<\/p>\n<\/div>\n","protected":false},"excerpt":{"rendered":"<p>San Carlos de Bariloche.-Estudiantes de 7\u00ba B visitaron el Instituto Balseiro y la INVAP, una universidad y una empresa con [&hellip;]<\/p>\n","protected":false},"author":2,"featured_media":33782,"comment_status":"open","ping_status":"open","sticky":false,"template":"","format":"standard","meta":{"site-sidebar-layout":"default","site-content-layout":"","ast-site-content-layout":"default","site-content-style":"default","site-sidebar-style":"default","ast-global-header-display":"","ast-banner-title-visibility":"","ast-main-header-display":"","ast-hfb-above-header-display":"","ast-hfb-below-header-display":"","ast-hfb-mobile-header-display":"","site-post-title":"","ast-breadcrumbs-content":"","ast-featured-img":"","footer-sml-layout":"","ast-disable-related-posts":"","theme-transparent-header-meta":"","adv-header-id-meta":"","stick-header-meta":"","header-above-stick-meta":"","header-main-stick-meta":"","header-below-stick-meta":"","astra-migrate-meta-layouts":"default","ast-page-background-enabled":"default","ast-page-background-meta":{"desktop":{"background-color":"var(--ast-global-color-5)","background-image":"","background-repeat":"repeat","background-position":"center center","background-size":"auto","background-attachment":"scroll","background-type":"","background-media":"","overlay-type":"","overlay-color":"","overlay-opacity":"","overlay-gradient":""},"tablet":{"background-color":"","background-image":"","background-repeat":"repeat","background-position":"center center","background-size":"auto","background-attachment":"scroll","background-type":"","background-media":"","overlay-type":"","overlay-color":"","overlay-opacity":"","overlay-gradient":""},"mobile":{"background-color":"","background-image":"","background-repeat":"repeat","background-position":"center center","background-size":"auto","background-attachment":"scroll","background-type":"","background-media":"","overlay-type":"","overlay-color":"","overlay-opacity":"","overlay-gradient":""}},"ast-content-background-meta":{"desktop":{"background-color":"var(--ast-global-color-4)","background-image":"","background-repeat":"repeat","background-position":"center center","background-size":"auto","background-attachment":"scroll","background-type":"","background-media":"","overlay-type":"","overlay-color":"","overlay-opacity":"","overlay-gradient":""},"tablet":{"background-color":"var(--ast-global-color-4)","background-image":"","background-repeat":"repeat","background-position":"center center","background-size":"auto","background-attachment":"scroll","background-type":"","background-media":"","overlay-type":"","overlay-color":"","overlay-opacity":"","overlay-gradient":""},"mobile":{"background-color":"var(--ast-global-color-4)","background-image":"","background-repeat":"repeat","background-position":"center center","background-size":"auto","background-attachment":"scroll","background-type":"","background-media":"","overlay-type":"","overlay-color":"","overlay-opacity":"","overlay-gradient":""}},"footnotes":""},"categories":[53,1],"tags":[],"class_list":["post-33781","post","type-post","status-publish","format-standard","has-post-thumbnail","hentry","category-general","category-noticias"],"yoast_head":"<!-- This site is optimized with the Yoast SEO Premium plugin v23.0 (Yoast SEO v27.5) - https:\/\/yoast.com\/product\/yoast-seo-premium-wordpress\/ -->\n<title>Alumnos del IPET N\u00ba 50 y una experiencia educativa en Bariloche<\/title>\n<meta name=\"robots\" content=\"index, follow, max-snippet:-1, max-image-preview:large, max-video-preview:-1\" \/>\n<link rel=\"canonical\" href=\"https:\/\/patagoniambiental.com.ar\/info\/alumnos-del-ipet-no-50-y-una-experiencia-educativa-en-bariloche\/\" \/>\n<meta property=\"og:locale\" content=\"es_ES\" \/>\n<meta property=\"og:type\" content=\"article\" \/>\n<meta property=\"og:title\" content=\"Alumnos del IPET N\u00ba 50 y una experiencia educativa en Bariloche\" \/>\n<meta property=\"og:description\" content=\"San Carlos de Bariloche.-Estudiantes de 7\u00ba B visitaron el Instituto Balseiro y la INVAP, una universidad y una empresa con [&hellip;]\" \/>\n<meta property=\"og:url\" content=\"https:\/\/patagoniambiental.com.ar\/info\/alumnos-del-ipet-no-50-y-una-experiencia-educativa-en-bariloche\/\" \/>\n<meta property=\"og:site_name\" content=\"Patagonia Ambiental\" \/>\n<meta property=\"article:publisher\" content=\"https:\/\/www.facebook.com\/patagonia.ambiental\" \/>\n<meta property=\"article:author\" content=\"https:\/\/www.facebook.com\/share\/1C1V8Gv9BX\/?mibextid=qi2Omg\" \/>\n<meta property=\"article:published_time\" content=\"2017-08-24T22:00:00+00:00\" \/>\n<meta property=\"og:image\" content=\"https:\/\/patagoniambiental.com.ar\/info\/wp-content\/uploads\/2017\/08\/multimedia.normal.b089623d9c989192.32326662613666302d303731392d343638622d623536352d37353434646136655f6e6f726d616c2e6a7067.jpg\" \/>\n\t<meta property=\"og:image:width\" content=\"900\" \/>\n\t<meta property=\"og:image:height\" content=\"675\" \/>\n\t<meta property=\"og:image:type\" content=\"image\/jpeg\" \/>\n<meta name=\"author\" content=\"Patagonia Ambiental\" \/>\n<meta name=\"twitter:card\" content=\"summary_large_image\" \/>\n<meta name=\"twitter:creator\" content=\"@PatAmb\" \/>\n<meta name=\"twitter:site\" content=\"@PatAmb\" \/>\n<script type=\"application\/ld+json\" class=\"yoast-schema-graph\">{\"@context\":\"https:\\\/\\\/schema.org\",\"@graph\":[{\"@type\":\"Article\",\"@id\":\"https:\\\/\\\/patagoniambiental.com.ar\\\/info\\\/alumnos-del-ipet-no-50-y-una-experiencia-educativa-en-bariloche\\\/#article\",\"isPartOf\":{\"@id\":\"https:\\\/\\\/patagoniambiental.com.ar\\\/info\\\/alumnos-del-ipet-no-50-y-una-experiencia-educativa-en-bariloche\\\/\"},\"author\":{\"name\":\"Patagonia Ambiental\",\"@id\":\"https:\\\/\\\/patagoniambiental.com.ar\\\/info\\\/#\\\/schema\\\/person\\\/db12bff64bbcbf6a253710bf0ea37b5d\"},\"headline\":\"Alumnos del IPET N\u00ba 50 y una experiencia educativa en Bariloche\",\"datePublished\":\"2017-08-24T22:00:00+00:00\",\"mainEntityOfPage\":{\"@id\":\"https:\\\/\\\/patagoniambiental.com.ar\\\/info\\\/alumnos-del-ipet-no-50-y-una-experiencia-educativa-en-bariloche\\\/\"},\"wordCount\":704,\"commentCount\":0,\"publisher\":{\"@id\":\"https:\\\/\\\/patagoniambiental.com.ar\\\/info\\\/#organization\"},\"image\":{\"@id\":\"https:\\\/\\\/patagoniambiental.com.ar\\\/info\\\/alumnos-del-ipet-no-50-y-una-experiencia-educativa-en-bariloche\\\/#primaryimage\"},\"thumbnailUrl\":\"https:\\\/\\\/patagoniambiental.com.ar\\\/info\\\/wp-content\\\/uploads\\\/2017\\\/08\\\/multimedia.normal.b089623d9c989192.32326662613666302d303731392d343638622d623536352d37353434646136655f6e6f726d616c2e6a7067.jpg\",\"articleSection\":[\"General\",\"Noticias\"],\"inLanguage\":\"es\",\"potentialAction\":[{\"@type\":\"CommentAction\",\"name\":\"Comment\",\"target\":[\"https:\\\/\\\/patagoniambiental.com.ar\\\/info\\\/alumnos-del-ipet-no-50-y-una-experiencia-educativa-en-bariloche\\\/#respond\"]}]},{\"@type\":\"WebPage\",\"@id\":\"https:\\\/\\\/patagoniambiental.com.ar\\\/info\\\/alumnos-del-ipet-no-50-y-una-experiencia-educativa-en-bariloche\\\/\",\"url\":\"https:\\\/\\\/patagoniambiental.com.ar\\\/info\\\/alumnos-del-ipet-no-50-y-una-experiencia-educativa-en-bariloche\\\/\",\"name\":\"Alumnos del IPET N\u00ba 50 y una experiencia educativa en Bariloche\",\"isPartOf\":{\"@id\":\"https:\\\/\\\/patagoniambiental.com.ar\\\/info\\\/#website\"},\"primaryImageOfPage\":{\"@id\":\"https:\\\/\\\/patagoniambiental.com.ar\\\/info\\\/alumnos-del-ipet-no-50-y-una-experiencia-educativa-en-bariloche\\\/#primaryimage\"},\"image\":{\"@id\":\"https:\\\/\\\/patagoniambiental.com.ar\\\/info\\\/alumnos-del-ipet-no-50-y-una-experiencia-educativa-en-bariloche\\\/#primaryimage\"},\"thumbnailUrl\":\"https:\\\/\\\/patagoniambiental.com.ar\\\/info\\\/wp-content\\\/uploads\\\/2017\\\/08\\\/multimedia.normal.b089623d9c989192.32326662613666302d303731392d343638622d623536352d37353434646136655f6e6f726d616c2e6a7067.jpg\",\"datePublished\":\"2017-08-24T22:00:00+00:00\",\"breadcrumb\":{\"@id\":\"https:\\\/\\\/patagoniambiental.com.ar\\\/info\\\/alumnos-del-ipet-no-50-y-una-experiencia-educativa-en-bariloche\\\/#breadcrumb\"},\"inLanguage\":\"es\",\"potentialAction\":[{\"@type\":\"ReadAction\",\"target\":[\"https:\\\/\\\/patagoniambiental.com.ar\\\/info\\\/alumnos-del-ipet-no-50-y-una-experiencia-educativa-en-bariloche\\\/\"]}]},{\"@type\":\"ImageObject\",\"inLanguage\":\"es\",\"@id\":\"https:\\\/\\\/patagoniambiental.com.ar\\\/info\\\/alumnos-del-ipet-no-50-y-una-experiencia-educativa-en-bariloche\\\/#primaryimage\",\"url\":\"https:\\\/\\\/patagoniambiental.com.ar\\\/info\\\/wp-content\\\/uploads\\\/2017\\\/08\\\/multimedia.normal.b089623d9c989192.32326662613666302d303731392d343638622d623536352d37353434646136655f6e6f726d616c2e6a7067.jpg\",\"contentUrl\":\"https:\\\/\\\/patagoniambiental.com.ar\\\/info\\\/wp-content\\\/uploads\\\/2017\\\/08\\\/multimedia.normal.b089623d9c989192.32326662613666302d303731392d343638622d623536352d37353434646136655f6e6f726d616c2e6a7067.jpg\",\"width\":800,\"height\":600},{\"@type\":\"BreadcrumbList\",\"@id\":\"https:\\\/\\\/patagoniambiental.com.ar\\\/info\\\/alumnos-del-ipet-no-50-y-una-experiencia-educativa-en-bariloche\\\/#breadcrumb\",\"itemListElement\":[{\"@type\":\"ListItem\",\"position\":1,\"name\":\"Inicio\",\"item\":\"https:\\\/\\\/patagoniambiental.com.ar\\\/info\\\/\"},{\"@type\":\"ListItem\",\"position\":2,\"name\":\"Alumnos del IPET N\u00ba 50 y una experiencia educativa en Bariloche\"}]},{\"@type\":\"WebSite\",\"@id\":\"https:\\\/\\\/patagoniambiental.com.ar\\\/info\\\/#website\",\"url\":\"https:\\\/\\\/patagoniambiental.com.ar\\\/info\\\/\",\"name\":\"Patagonia Ambiental\",\"description\":\"Monitoreo y an\u00e1lisis de la situaci\u00f3n geopol\u00edtica en el mundo y su implicancia en la Patagonia\",\"publisher\":{\"@id\":\"https:\\\/\\\/patagoniambiental.com.ar\\\/info\\\/#organization\"},\"potentialAction\":[{\"@type\":\"SearchAction\",\"target\":{\"@type\":\"EntryPoint\",\"urlTemplate\":\"https:\\\/\\\/patagoniambiental.com.ar\\\/info\\\/?s={search_term_string}\"},\"query-input\":{\"@type\":\"PropertyValueSpecification\",\"valueRequired\":true,\"valueName\":\"search_term_string\"}}],\"inLanguage\":\"es\"},{\"@type\":\"Organization\",\"@id\":\"https:\\\/\\\/patagoniambiental.com.ar\\\/info\\\/#organization\",\"name\":\"Patagonia Ambiental\",\"url\":\"https:\\\/\\\/patagoniambiental.com.ar\\\/info\\\/\",\"logo\":{\"@type\":\"ImageObject\",\"inLanguage\":\"es\",\"@id\":\"https:\\\/\\\/patagoniambiental.com.ar\\\/info\\\/#\\\/schema\\\/logo\\\/image\\\/\",\"url\":\"https:\\\/\\\/patagoniambiental.com.ar\\\/info\\\/wp-content\\\/uploads\\\/2025\\\/05\\\/LOGO-PATAGONIA-AMBIENTAL.png\",\"contentUrl\":\"https:\\\/\\\/patagoniambiental.com.ar\\\/info\\\/wp-content\\\/uploads\\\/2025\\\/05\\\/LOGO-PATAGONIA-AMBIENTAL.png\",\"width\":433,\"height\":250,\"caption\":\"Patagonia Ambiental\"},\"image\":{\"@id\":\"https:\\\/\\\/patagoniambiental.com.ar\\\/info\\\/#\\\/schema\\\/logo\\\/image\\\/\"},\"sameAs\":[\"https:\\\/\\\/www.facebook.com\\\/patagonia.ambiental\",\"https:\\\/\\\/x.com\\\/PatAmb\"]},{\"@type\":\"Person\",\"@id\":\"https:\\\/\\\/patagoniambiental.com.ar\\\/info\\\/#\\\/schema\\\/person\\\/db12bff64bbcbf6a253710bf0ea37b5d\",\"name\":\"Patagonia Ambiental\",\"description\":\"Andr\u00e9s Nievas T\u00e9cnico en manejo ambiental, consultor Ambiental y escritor para medios locales e internacionales sobre temas de geopolitica y medio ambiente.\",\"sameAs\":[\"http:\\\/\\\/www.patagoniambiental.com.ar\",\"https:\\\/\\\/www.facebook.com\\\/share\\\/1C1V8Gv9BX\\\/?mibextid=qi2Omg\",\"@patagoniambiental\",\"https:\\\/\\\/youtube.com\\\/@patagoniaambiental2023?si=BLt58t0wuXquxlYZ\"]}]}<\/script>\n<!-- \/ Yoast SEO Premium plugin. -->","yoast_head_json":{"title":"Alumnos del IPET N\u00ba 50 y una experiencia educativa en Bariloche","robots":{"index":"index","follow":"follow","max-snippet":"max-snippet:-1","max-image-preview":"max-image-preview:large","max-video-preview":"max-video-preview:-1"},"canonical":"https:\/\/patagoniambiental.com.ar\/info\/alumnos-del-ipet-no-50-y-una-experiencia-educativa-en-bariloche\/","og_locale":"es_ES","og_type":"article","og_title":"Alumnos del IPET N\u00ba 50 y una experiencia educativa en Bariloche","og_description":"San Carlos de Bariloche.-Estudiantes de 7\u00ba B visitaron el Instituto Balseiro y la INVAP, una universidad y una empresa con [&hellip;]","og_url":"https:\/\/patagoniambiental.com.ar\/info\/alumnos-del-ipet-no-50-y-una-experiencia-educativa-en-bariloche\/","og_site_name":"Patagonia Ambiental","article_publisher":"https:\/\/www.facebook.com\/patagonia.ambiental","article_author":"https:\/\/www.facebook.com\/share\/1C1V8Gv9BX\/?mibextid=qi2Omg","article_published_time":"2017-08-24T22:00:00+00:00","og_image":[{"width":900,"height":675,"url":"https:\/\/patagoniambiental.com.ar\/info\/wp-content\/uploads\/2017\/08\/multimedia.normal.b089623d9c989192.32326662613666302d303731392d343638622d623536352d37353434646136655f6e6f726d616c2e6a7067.jpg","type":"image\/jpeg"}],"author":"Patagonia Ambiental","twitter_card":"summary_large_image","twitter_creator":"@PatAmb","twitter_site":"@PatAmb","schema":{"@context":"https:\/\/schema.org","@graph":[{"@type":"Article","@id":"https:\/\/patagoniambiental.com.ar\/info\/alumnos-del-ipet-no-50-y-una-experiencia-educativa-en-bariloche\/#article","isPartOf":{"@id":"https:\/\/patagoniambiental.com.ar\/info\/alumnos-del-ipet-no-50-y-una-experiencia-educativa-en-bariloche\/"},"author":{"name":"Patagonia Ambiental","@id":"https:\/\/patagoniambiental.com.ar\/info\/#\/schema\/person\/db12bff64bbcbf6a253710bf0ea37b5d"},"headline":"Alumnos del IPET N\u00ba 50 y una experiencia educativa en Bariloche","datePublished":"2017-08-24T22:00:00+00:00","mainEntityOfPage":{"@id":"https:\/\/patagoniambiental.com.ar\/info\/alumnos-del-ipet-no-50-y-una-experiencia-educativa-en-bariloche\/"},"wordCount":704,"commentCount":0,"publisher":{"@id":"https:\/\/patagoniambiental.com.ar\/info\/#organization"},"image":{"@id":"https:\/\/patagoniambiental.com.ar\/info\/alumnos-del-ipet-no-50-y-una-experiencia-educativa-en-bariloche\/#primaryimage"},"thumbnailUrl":"https:\/\/patagoniambiental.com.ar\/info\/wp-content\/uploads\/2017\/08\/multimedia.normal.b089623d9c989192.32326662613666302d303731392d343638622d623536352d37353434646136655f6e6f726d616c2e6a7067.jpg","articleSection":["General","Noticias"],"inLanguage":"es","potentialAction":[{"@type":"CommentAction","name":"Comment","target":["https:\/\/patagoniambiental.com.ar\/info\/alumnos-del-ipet-no-50-y-una-experiencia-educativa-en-bariloche\/#respond"]}]},{"@type":"WebPage","@id":"https:\/\/patagoniambiental.com.ar\/info\/alumnos-del-ipet-no-50-y-una-experiencia-educativa-en-bariloche\/","url":"https:\/\/patagoniambiental.com.ar\/info\/alumnos-del-ipet-no-50-y-una-experiencia-educativa-en-bariloche\/","name":"Alumnos del IPET N\u00ba 50 y una experiencia educativa en Bariloche","isPartOf":{"@id":"https:\/\/patagoniambiental.com.ar\/info\/#website"},"primaryImageOfPage":{"@id":"https:\/\/patagoniambiental.com.ar\/info\/alumnos-del-ipet-no-50-y-una-experiencia-educativa-en-bariloche\/#primaryimage"},"image":{"@id":"https:\/\/patagoniambiental.com.ar\/info\/alumnos-del-ipet-no-50-y-una-experiencia-educativa-en-bariloche\/#primaryimage"},"thumbnailUrl":"https:\/\/patagoniambiental.com.ar\/info\/wp-content\/uploads\/2017\/08\/multimedia.normal.b089623d9c989192.32326662613666302d303731392d343638622d623536352d37353434646136655f6e6f726d616c2e6a7067.jpg","datePublished":"2017-08-24T22:00:00+00:00","breadcrumb":{"@id":"https:\/\/patagoniambiental.com.ar\/info\/alumnos-del-ipet-no-50-y-una-experiencia-educativa-en-bariloche\/#breadcrumb"},"inLanguage":"es","potentialAction":[{"@type":"ReadAction","target":["https:\/\/patagoniambiental.com.ar\/info\/alumnos-del-ipet-no-50-y-una-experiencia-educativa-en-bariloche\/"]}]},{"@type":"ImageObject","inLanguage":"es","@id":"https:\/\/patagoniambiental.com.ar\/info\/alumnos-del-ipet-no-50-y-una-experiencia-educativa-en-bariloche\/#primaryimage","url":"https:\/\/patagoniambiental.com.ar\/info\/wp-content\/uploads\/2017\/08\/multimedia.normal.b089623d9c989192.32326662613666302d303731392d343638622d623536352d37353434646136655f6e6f726d616c2e6a7067.jpg","contentUrl":"https:\/\/patagoniambiental.com.ar\/info\/wp-content\/uploads\/2017\/08\/multimedia.normal.b089623d9c989192.32326662613666302d303731392d343638622d623536352d37353434646136655f6e6f726d616c2e6a7067.jpg","width":800,"height":600},{"@type":"BreadcrumbList","@id":"https:\/\/patagoniambiental.com.ar\/info\/alumnos-del-ipet-no-50-y-una-experiencia-educativa-en-bariloche\/#breadcrumb","itemListElement":[{"@type":"ListItem","position":1,"name":"Inicio","item":"https:\/\/patagoniambiental.com.ar\/info\/"},{"@type":"ListItem","position":2,"name":"Alumnos del IPET N\u00ba 50 y una experiencia educativa en Bariloche"}]},{"@type":"WebSite","@id":"https:\/\/patagoniambiental.com.ar\/info\/#website","url":"https:\/\/patagoniambiental.com.ar\/info\/","name":"Patagonia Ambiental","description":"Monitoreo y an\u00e1lisis de la situaci\u00f3n geopol\u00edtica en el mundo y su implicancia en la Patagonia","publisher":{"@id":"https:\/\/patagoniambiental.com.ar\/info\/#organization"},"potentialAction":[{"@type":"SearchAction","target":{"@type":"EntryPoint","urlTemplate":"https:\/\/patagoniambiental.com.ar\/info\/?s={search_term_string}"},"query-input":{"@type":"PropertyValueSpecification","valueRequired":true,"valueName":"search_term_string"}}],"inLanguage":"es"},{"@type":"Organization","@id":"https:\/\/patagoniambiental.com.ar\/info\/#organization","name":"Patagonia Ambiental","url":"https:\/\/patagoniambiental.com.ar\/info\/","logo":{"@type":"ImageObject","inLanguage":"es","@id":"https:\/\/patagoniambiental.com.ar\/info\/#\/schema\/logo\/image\/","url":"https:\/\/patagoniambiental.com.ar\/info\/wp-content\/uploads\/2025\/05\/LOGO-PATAGONIA-AMBIENTAL.png","contentUrl":"https:\/\/patagoniambiental.com.ar\/info\/wp-content\/uploads\/2025\/05\/LOGO-PATAGONIA-AMBIENTAL.png","width":433,"height":250,"caption":"Patagonia Ambiental"},"image":{"@id":"https:\/\/patagoniambiental.com.ar\/info\/#\/schema\/logo\/image\/"},"sameAs":["https:\/\/www.facebook.com\/patagonia.ambiental","https:\/\/x.com\/PatAmb"]},{"@type":"Person","@id":"https:\/\/patagoniambiental.com.ar\/info\/#\/schema\/person\/db12bff64bbcbf6a253710bf0ea37b5d","name":"Patagonia Ambiental","description":"Andr\u00e9s Nievas T\u00e9cnico en manejo ambiental, consultor Ambiental y escritor para medios locales e internacionales sobre temas de geopolitica y medio ambiente.","sameAs":["http:\/\/www.patagoniambiental.com.ar","https:\/\/www.facebook.com\/share\/1C1V8Gv9BX\/?mibextid=qi2Omg","@patagoniambiental","https:\/\/youtube.com\/@patagoniaambiental2023?si=BLt58t0wuXquxlYZ"]}]}},"_links":{"self":[{"href":"https:\/\/patagoniambiental.com.ar\/info\/wp-json\/wp\/v2\/posts\/33781","targetHints":{"allow":["GET"]}}],"collection":[{"href":"https:\/\/patagoniambiental.com.ar\/info\/wp-json\/wp\/v2\/posts"}],"about":[{"href":"https:\/\/patagoniambiental.com.ar\/info\/wp-json\/wp\/v2\/types\/post"}],"author":[{"embeddable":true,"href":"https:\/\/patagoniambiental.com.ar\/info\/wp-json\/wp\/v2\/users\/2"}],"replies":[{"embeddable":true,"href":"https:\/\/patagoniambiental.com.ar\/info\/wp-json\/wp\/v2\/comments?post=33781"}],"version-history":[{"count":0,"href":"https:\/\/patagoniambiental.com.ar\/info\/wp-json\/wp\/v2\/posts\/33781\/revisions"}],"wp:featuredmedia":[{"embeddable":true,"href":"https:\/\/patagoniambiental.com.ar\/info\/wp-json\/wp\/v2\/media\/33782"}],"wp:attachment":[{"href":"https:\/\/patagoniambiental.com.ar\/info\/wp-json\/wp\/v2\/media?parent=33781"}],"wp:term":[{"taxonomy":"category","embeddable":true,"href":"https:\/\/patagoniambiental.com.ar\/info\/wp-json\/wp\/v2\/categories?post=33781"},{"taxonomy":"post_tag","embeddable":true,"href":"https:\/\/patagoniambiental.com.ar\/info\/wp-json\/wp\/v2\/tags?post=33781"}],"curies":[{"name":"wp","href":"https:\/\/api.w.org\/{rel}","templated":true}]}}