{"id":33784,"date":"2017-08-24T19:00:24","date_gmt":"2017-08-24T22:00:24","guid":{"rendered":"http:\/\/patagoniambiental.com.ar\/info\/?p=33784"},"modified":"2017-08-24T10:41:23","modified_gmt":"2017-08-24T13:41:23","slug":"reunion-con-la-camara-de-comercio-el-dpa-continua-trabajando-en-el-saneamiento-del-rio-negro","status":"publish","type":"post","link":"https:\/\/patagoniambiental.com.ar\/info\/reunion-con-la-camara-de-comercio-el-dpa-continua-trabajando-en-el-saneamiento-del-rio-negro\/","title":{"rendered":"Reuni\u00f3n con la C\u00e1mara de Comercio  El DPA contin\u00faa trabajando en el saneamiento del r\u00edo Negro"},"content":{"rendered":"<p class=\"x_MsoNormal\"><i>Viedma.-Autoridades del organismo provincial brindaron detalles de las diversas obras que se est\u00e1n llevando adelante para el saneamiento del r\u00edo Negro.<\/i><!--more--><\/p>\n<p class=\"x_MsoNormal\">\n<p class=\"x_MsoNormal\">En la ocasi\u00f3n el titular del Departamento Provincial de Aguas (DPA), Fernando Curetti, recibi\u00f3 al presidente de la C\u00e1mara de Comercio, Turismo, Industria y Producci\u00f3n, Juan Agust\u00edn Moggio, a quien le inform\u00f3 sobre el Plan de Agua Potable y Saneamiento en el que trabaja el organismo, y que ya fue presentado ante el Gobierno Nacional para lograr el financiamiento.<\/p>\n<p class=\"x_MsoNormal\">De este modo, Curetti explic\u00f3 que \u201cpresentamos la carpeta de obra con la que ya conseguimos el presupuesto para las obras de agua y cloacas de Roca y Cipolletti y de las cuales recientemente llevamos adelante la audiencia p\u00fablica\u201d.<\/p>\n<p class=\"x_MsoNormal\">Asimismo, el funcionario agreg\u00f3 que \u201caparte de esto ya tenemos 12 planes directores con financiamiento designado del Plan Castello. Estos ser\u00e1n todos sistemas con vuelco cero al r\u00edo Negro\u201d.<\/p>\n<p class=\"x_MsoNormal\">\u201cEl plan Castello viene a solucionar el problema de Viedma y 11 localidades m\u00e1s, que ya cuentan con los pliegos listos para concretar las obras\u201d, explic\u00f3 Curetti.<\/p>\n<p class=\"x_MsoNormal\">Se trata de Viedma, Villa Regina, Las Grutas, Playas Doradas, Mainqu\u00e9, General Conesa, Luis Beltr\u00e1n, R\u00edo Colorado, Cinco Saltos, Sierra Colorada, Pilcaniyeu y Maquinchao, donde se atender\u00e1 a m\u00e1s de 111.000 habitantes con una inversi\u00f3n de 90.000.000 de d\u00f3lares.<\/p>\n<p class=\"x_MsoNormal\">En tal sentido, a\u00f1adi\u00f3 que \u201cnuestro pilar fundamental a la hora de pensar y sentarnos a planificar cada una de esta obras, siempre fue proteger los cursos de agua y hacer valer los derechos de miles de rionegrinos y rionegrinas\u201d.<\/p>\n<p class=\"x_MsoNormal\">El funcionario expres\u00f3 que se debe tener en cuenta, que \u201clos sistemas de saneamiento son obras trascendentales porque se trata de sistemas que dejar\u00e1n de volcar los residuos cloacales al r\u00edo Negro, en el caso de las ciudades ubicadas en los m\u00e1rgenes. Esto contribuye, sin dudas, a la protecci\u00f3n de nuestro ambiente, dando m\u00e1s calidad de vida, m\u00e1s oportunidad de desarrollo a las ciudades\u00a0\u00a0y un futuro garantizado para las pr\u00f3ximas generaciones\u201d.<\/p>\n<p class=\"x_MsoNormal\">Cabe se\u00f1alar que las obras proyectadas por el DPA, son nuevos sistemas que van ampliar la cobertura del servicio en las localidades. En los casos de las ciudades que hoy vuelcan sus efluentes al r\u00edo\u00a0\u00a0Negro, los residuos cloacales ser\u00e1n tratados por el nuevo sistema para convertirlos en aguas residuales, y reutilizarlos en el riego forestal. Esta pol\u00edtica h\u00eddrica de uso sustentable del recurso, es propiciada por la Autoridad Interjurisdiccional de las Cuencas de los r\u00edos Limay, Neuqu\u00e9n y Negro (AIC)<\/p>\n<p class=\"x_MsoNormal\">Finalmente, Curetti destac\u00f3 que el vuelco cero, ya est\u00e1 haciendo sus primeros pasos en la provincia, con la obra en marcha del Plan Director de Desag\u00fces Cloacales de Choele Choel. Esta obra, se encuentra con un porcentaje de avance del 65% y aplicar\u00e1 un tratamiento en los residuos para poder reutilizarlos en el riego de diez hect\u00e1reas en una primera etapa, con posibilidad de extenderse a 30 hect\u00e1reas. La especie que se forestar\u00e1 en la zona es principalmente con ejemplares de \u00e1lamo.<\/p>\n<p class=\"x_MsoNormal\">\n<p><b><span lang=\"ES-AR\">Fuente: GOBIERNO DE R\u00cdO NEGRO<\/span><\/b><\/p>\n","protected":false},"excerpt":{"rendered":"<p>Viedma.-Autoridades del organismo provincial brindaron detalles de las diversas obras que se est\u00e1n llevando adelante para el saneamiento del r\u00edo [&hellip;]<\/p>\n","protected":false},"author":2,"featured_media":33785,"comment_status":"open","ping_status":"open","sticky":false,"template":"","format":"standard","meta":{"site-sidebar-layout":"default","site-content-layout":"","ast-site-content-layout":"default","site-content-style":"default","site-sidebar-style":"default","ast-global-header-display":"","ast-banner-title-visibility":"","ast-main-header-display":"","ast-hfb-above-header-display":"","ast-hfb-below-header-display":"","ast-hfb-mobile-header-display":"","site-post-title":"","ast-breadcrumbs-content":"","ast-featured-img":"","footer-sml-layout":"","ast-disable-related-posts":"","theme-transparent-header-meta":"","adv-header-id-meta":"","stick-header-meta":"","header-above-stick-meta":"","header-main-stick-meta":"","header-below-stick-meta":"","astra-migrate-meta-layouts":"default","ast-page-background-enabled":"default","ast-page-background-meta":{"desktop":{"background-color":"var(--ast-global-color-5)","background-image":"","background-repeat":"repeat","background-position":"center center","background-size":"auto","background-attachment":"scroll","background-type":"","background-media":"","overlay-type":"","overlay-color":"","overlay-opacity":"","overlay-gradient":""},"tablet":{"background-color":"","background-image":"","background-repeat":"repeat","background-position":"center center","background-size":"auto","background-attachment":"scroll","background-type":"","background-media":"","overlay-type":"","overlay-color":"","overlay-opacity":"","overlay-gradient":""},"mobile":{"background-color":"","background-image":"","background-repeat":"repeat","background-position":"center center","background-size":"auto","background-attachment":"scroll","background-type":"","background-media":"","overlay-type":"","overlay-color":"","overlay-opacity":"","overlay-gradient":""}},"ast-content-background-meta":{"desktop":{"background-color":"var(--ast-global-color-4)","background-image":"","background-repeat":"repeat","background-position":"center center","background-size":"auto","background-attachment":"scroll","background-type":"","background-media":"","overlay-type":"","overlay-color":"","overlay-opacity":"","overlay-gradient":""},"tablet":{"background-color":"var(--ast-global-color-4)","background-image":"","background-repeat":"repeat","background-position":"center center","background-size":"auto","background-attachment":"scroll","background-type":"","background-media":"","overlay-type":"","overlay-color":"","overlay-opacity":"","overlay-gradient":""},"mobile":{"background-color":"var(--ast-global-color-4)","background-image":"","background-repeat":"repeat","background-position":"center center","background-size":"auto","background-attachment":"scroll","background-type":"","background-media":"","overlay-type":"","overlay-color":"","overlay-opacity":"","overlay-gradient":""}},"footnotes":""},"categories":[1,13,14],"tags":[],"class_list":["post-33784","post","type-post","status-publish","format-standard","has-post-thumbnail","hentry","category-noticias","category-provinciales","category-rio-negro"],"yoast_head":"<!-- This site is optimized with the Yoast SEO Premium plugin v23.0 (Yoast SEO v27.5) - https:\/\/yoast.com\/product\/yoast-seo-premium-wordpress\/ -->\n<title>Reuni\u00f3n con la C\u00e1mara de Comercio El DPA contin\u00faa trabajando en el saneamiento del r\u00edo Negro<\/title>\n<meta name=\"robots\" content=\"index, follow, max-snippet:-1, max-image-preview:large, max-video-preview:-1\" \/>\n<link rel=\"canonical\" href=\"https:\/\/patagoniambiental.com.ar\/info\/reunion-con-la-camara-de-comercio-el-dpa-continua-trabajando-en-el-saneamiento-del-rio-negro\/\" \/>\n<meta property=\"og:locale\" content=\"es_ES\" \/>\n<meta property=\"og:type\" content=\"article\" \/>\n<meta property=\"og:title\" content=\"Reuni\u00f3n con la C\u00e1mara de Comercio El DPA contin\u00faa trabajando en el saneamiento del r\u00edo Negro\" \/>\n<meta property=\"og:description\" content=\"Viedma.-Autoridades del organismo provincial brindaron detalles de las diversas obras que se est\u00e1n llevando adelante para el saneamiento del r\u00edo [&hellip;]\" \/>\n<meta property=\"og:url\" content=\"https:\/\/patagoniambiental.com.ar\/info\/reunion-con-la-camara-de-comercio-el-dpa-continua-trabajando-en-el-saneamiento-del-rio-negro\/\" \/>\n<meta property=\"og:site_name\" content=\"Patagonia Ambiental\" \/>\n<meta property=\"article:publisher\" content=\"https:\/\/www.facebook.com\/patagonia.ambiental\" \/>\n<meta property=\"article:author\" content=\"https:\/\/www.facebook.com\/share\/1C1V8Gv9BX\/?mibextid=qi2Omg\" \/>\n<meta property=\"article:published_time\" content=\"2017-08-24T22:00:24+00:00\" \/>\n<meta property=\"og:image\" content=\"https:\/\/patagoniambiental.com.ar\/info\/wp-content\/uploads\/2017\/08\/00029999.jpg\" \/>\n\t<meta property=\"og:image:width\" content=\"924\" \/>\n\t<meta property=\"og:image:height\" content=\"616\" \/>\n\t<meta property=\"og:image:type\" content=\"image\/jpeg\" \/>\n<meta name=\"author\" content=\"Patagonia Ambiental\" \/>\n<meta name=\"twitter:card\" content=\"summary_large_image\" \/>\n<meta name=\"twitter:creator\" content=\"@PatAmb\" \/>\n<meta name=\"twitter:site\" content=\"@PatAmb\" \/>\n<script type=\"application\/ld+json\" class=\"yoast-schema-graph\">{\"@context\":\"https:\\\/\\\/schema.org\",\"@graph\":[{\"@type\":\"Article\",\"@id\":\"https:\\\/\\\/patagoniambiental.com.ar\\\/info\\\/reunion-con-la-camara-de-comercio-el-dpa-continua-trabajando-en-el-saneamiento-del-rio-negro\\\/#article\",\"isPartOf\":{\"@id\":\"https:\\\/\\\/patagoniambiental.com.ar\\\/info\\\/reunion-con-la-camara-de-comercio-el-dpa-continua-trabajando-en-el-saneamiento-del-rio-negro\\\/\"},\"author\":{\"name\":\"Patagonia Ambiental\",\"@id\":\"https:\\\/\\\/patagoniambiental.com.ar\\\/info\\\/#\\\/schema\\\/person\\\/db12bff64bbcbf6a253710bf0ea37b5d\"},\"headline\":\"Reuni\u00f3n con la C\u00e1mara de Comercio El DPA contin\u00faa trabajando en el saneamiento del r\u00edo Negro\",\"datePublished\":\"2017-08-24T22:00:24+00:00\",\"mainEntityOfPage\":{\"@id\":\"https:\\\/\\\/patagoniambiental.com.ar\\\/info\\\/reunion-con-la-camara-de-comercio-el-dpa-continua-trabajando-en-el-saneamiento-del-rio-negro\\\/\"},\"wordCount\":543,\"commentCount\":0,\"publisher\":{\"@id\":\"https:\\\/\\\/patagoniambiental.com.ar\\\/info\\\/#organization\"},\"image\":{\"@id\":\"https:\\\/\\\/patagoniambiental.com.ar\\\/info\\\/reunion-con-la-camara-de-comercio-el-dpa-continua-trabajando-en-el-saneamiento-del-rio-negro\\\/#primaryimage\"},\"thumbnailUrl\":\"https:\\\/\\\/patagoniambiental.com.ar\\\/info\\\/wp-content\\\/uploads\\\/2017\\\/08\\\/00029999.jpg\",\"articleSection\":[\"Noticias\",\"Provinciales\",\"R\u00edo Negro\"],\"inLanguage\":\"es\",\"potentialAction\":[{\"@type\":\"CommentAction\",\"name\":\"Comment\",\"target\":[\"https:\\\/\\\/patagoniambiental.com.ar\\\/info\\\/reunion-con-la-camara-de-comercio-el-dpa-continua-trabajando-en-el-saneamiento-del-rio-negro\\\/#respond\"]}]},{\"@type\":\"WebPage\",\"@id\":\"https:\\\/\\\/patagoniambiental.com.ar\\\/info\\\/reunion-con-la-camara-de-comercio-el-dpa-continua-trabajando-en-el-saneamiento-del-rio-negro\\\/\",\"url\":\"https:\\\/\\\/patagoniambiental.com.ar\\\/info\\\/reunion-con-la-camara-de-comercio-el-dpa-continua-trabajando-en-el-saneamiento-del-rio-negro\\\/\",\"name\":\"Reuni\u00f3n con la C\u00e1mara de Comercio El DPA contin\u00faa trabajando en el saneamiento del r\u00edo Negro\",\"isPartOf\":{\"@id\":\"https:\\\/\\\/patagoniambiental.com.ar\\\/info\\\/#website\"},\"primaryImageOfPage\":{\"@id\":\"https:\\\/\\\/patagoniambiental.com.ar\\\/info\\\/reunion-con-la-camara-de-comercio-el-dpa-continua-trabajando-en-el-saneamiento-del-rio-negro\\\/#primaryimage\"},\"image\":{\"@id\":\"https:\\\/\\\/patagoniambiental.com.ar\\\/info\\\/reunion-con-la-camara-de-comercio-el-dpa-continua-trabajando-en-el-saneamiento-del-rio-negro\\\/#primaryimage\"},\"thumbnailUrl\":\"https:\\\/\\\/patagoniambiental.com.ar\\\/info\\\/wp-content\\\/uploads\\\/2017\\\/08\\\/00029999.jpg\",\"datePublished\":\"2017-08-24T22:00:24+00:00\",\"breadcrumb\":{\"@id\":\"https:\\\/\\\/patagoniambiental.com.ar\\\/info\\\/reunion-con-la-camara-de-comercio-el-dpa-continua-trabajando-en-el-saneamiento-del-rio-negro\\\/#breadcrumb\"},\"inLanguage\":\"es\",\"potentialAction\":[{\"@type\":\"ReadAction\",\"target\":[\"https:\\\/\\\/patagoniambiental.com.ar\\\/info\\\/reunion-con-la-camara-de-comercio-el-dpa-continua-trabajando-en-el-saneamiento-del-rio-negro\\\/\"]}]},{\"@type\":\"ImageObject\",\"inLanguage\":\"es\",\"@id\":\"https:\\\/\\\/patagoniambiental.com.ar\\\/info\\\/reunion-con-la-camara-de-comercio-el-dpa-continua-trabajando-en-el-saneamiento-del-rio-negro\\\/#primaryimage\",\"url\":\"https:\\\/\\\/patagoniambiental.com.ar\\\/info\\\/wp-content\\\/uploads\\\/2017\\\/08\\\/00029999.jpg\",\"contentUrl\":\"https:\\\/\\\/patagoniambiental.com.ar\\\/info\\\/wp-content\\\/uploads\\\/2017\\\/08\\\/00029999.jpg\",\"width\":900,\"height\":600},{\"@type\":\"BreadcrumbList\",\"@id\":\"https:\\\/\\\/patagoniambiental.com.ar\\\/info\\\/reunion-con-la-camara-de-comercio-el-dpa-continua-trabajando-en-el-saneamiento-del-rio-negro\\\/#breadcrumb\",\"itemListElement\":[{\"@type\":\"ListItem\",\"position\":1,\"name\":\"Inicio\",\"item\":\"https:\\\/\\\/patagoniambiental.com.ar\\\/info\\\/\"},{\"@type\":\"ListItem\",\"position\":2,\"name\":\"Reuni\u00f3n con la C\u00e1mara de Comercio El DPA contin\u00faa trabajando en el saneamiento del r\u00edo Negro\"}]},{\"@type\":\"WebSite\",\"@id\":\"https:\\\/\\\/patagoniambiental.com.ar\\\/info\\\/#website\",\"url\":\"https:\\\/\\\/patagoniambiental.com.ar\\\/info\\\/\",\"name\":\"Patagonia Ambiental\",\"description\":\"Monitoreo y an\u00e1lisis de la situaci\u00f3n geopol\u00edtica en el mundo y su implicancia en la Patagonia\",\"publisher\":{\"@id\":\"https:\\\/\\\/patagoniambiental.com.ar\\\/info\\\/#organization\"},\"potentialAction\":[{\"@type\":\"SearchAction\",\"target\":{\"@type\":\"EntryPoint\",\"urlTemplate\":\"https:\\\/\\\/patagoniambiental.com.ar\\\/info\\\/?s={search_term_string}\"},\"query-input\":{\"@type\":\"PropertyValueSpecification\",\"valueRequired\":true,\"valueName\":\"search_term_string\"}}],\"inLanguage\":\"es\"},{\"@type\":\"Organization\",\"@id\":\"https:\\\/\\\/patagoniambiental.com.ar\\\/info\\\/#organization\",\"name\":\"Patagonia Ambiental\",\"url\":\"https:\\\/\\\/patagoniambiental.com.ar\\\/info\\\/\",\"logo\":{\"@type\":\"ImageObject\",\"inLanguage\":\"es\",\"@id\":\"https:\\\/\\\/patagoniambiental.com.ar\\\/info\\\/#\\\/schema\\\/logo\\\/image\\\/\",\"url\":\"https:\\\/\\\/patagoniambiental.com.ar\\\/info\\\/wp-content\\\/uploads\\\/2025\\\/05\\\/LOGO-PATAGONIA-AMBIENTAL.png\",\"contentUrl\":\"https:\\\/\\\/patagoniambiental.com.ar\\\/info\\\/wp-content\\\/uploads\\\/2025\\\/05\\\/LOGO-PATAGONIA-AMBIENTAL.png\",\"width\":433,\"height\":250,\"caption\":\"Patagonia Ambiental\"},\"image\":{\"@id\":\"https:\\\/\\\/patagoniambiental.com.ar\\\/info\\\/#\\\/schema\\\/logo\\\/image\\\/\"},\"sameAs\":[\"https:\\\/\\\/www.facebook.com\\\/patagonia.ambiental\",\"https:\\\/\\\/x.com\\\/PatAmb\"]},{\"@type\":\"Person\",\"@id\":\"https:\\\/\\\/patagoniambiental.com.ar\\\/info\\\/#\\\/schema\\\/person\\\/db12bff64bbcbf6a253710bf0ea37b5d\",\"name\":\"Patagonia Ambiental\",\"description\":\"Andr\u00e9s Nievas T\u00e9cnico en manejo ambiental, consultor Ambiental y escritor para medios locales e internacionales sobre temas de geopolitica y medio ambiente.\",\"sameAs\":[\"http:\\\/\\\/www.patagoniambiental.com.ar\",\"https:\\\/\\\/www.facebook.com\\\/share\\\/1C1V8Gv9BX\\\/?mibextid=qi2Omg\",\"@patagoniambiental\",\"https:\\\/\\\/youtube.com\\\/@patagoniaambiental2023?si=BLt58t0wuXquxlYZ\"]}]}<\/script>\n<!-- \/ Yoast SEO Premium plugin. -->","yoast_head_json":{"title":"Reuni\u00f3n con la C\u00e1mara de Comercio El DPA contin\u00faa trabajando en el saneamiento del r\u00edo Negro","robots":{"index":"index","follow":"follow","max-snippet":"max-snippet:-1","max-image-preview":"max-image-preview:large","max-video-preview":"max-video-preview:-1"},"canonical":"https:\/\/patagoniambiental.com.ar\/info\/reunion-con-la-camara-de-comercio-el-dpa-continua-trabajando-en-el-saneamiento-del-rio-negro\/","og_locale":"es_ES","og_type":"article","og_title":"Reuni\u00f3n con la C\u00e1mara de Comercio El DPA contin\u00faa trabajando en el saneamiento del r\u00edo Negro","og_description":"Viedma.-Autoridades del organismo provincial brindaron detalles de las diversas obras que se est\u00e1n llevando adelante para el saneamiento del r\u00edo [&hellip;]","og_url":"https:\/\/patagoniambiental.com.ar\/info\/reunion-con-la-camara-de-comercio-el-dpa-continua-trabajando-en-el-saneamiento-del-rio-negro\/","og_site_name":"Patagonia Ambiental","article_publisher":"https:\/\/www.facebook.com\/patagonia.ambiental","article_author":"https:\/\/www.facebook.com\/share\/1C1V8Gv9BX\/?mibextid=qi2Omg","article_published_time":"2017-08-24T22:00:24+00:00","og_image":[{"width":924,"height":616,"url":"https:\/\/patagoniambiental.com.ar\/info\/wp-content\/uploads\/2017\/08\/00029999.jpg","type":"image\/jpeg"}],"author":"Patagonia Ambiental","twitter_card":"summary_large_image","twitter_creator":"@PatAmb","twitter_site":"@PatAmb","schema":{"@context":"https:\/\/schema.org","@graph":[{"@type":"Article","@id":"https:\/\/patagoniambiental.com.ar\/info\/reunion-con-la-camara-de-comercio-el-dpa-continua-trabajando-en-el-saneamiento-del-rio-negro\/#article","isPartOf":{"@id":"https:\/\/patagoniambiental.com.ar\/info\/reunion-con-la-camara-de-comercio-el-dpa-continua-trabajando-en-el-saneamiento-del-rio-negro\/"},"author":{"name":"Patagonia Ambiental","@id":"https:\/\/patagoniambiental.com.ar\/info\/#\/schema\/person\/db12bff64bbcbf6a253710bf0ea37b5d"},"headline":"Reuni\u00f3n con la C\u00e1mara de Comercio El DPA contin\u00faa trabajando en el saneamiento del r\u00edo Negro","datePublished":"2017-08-24T22:00:24+00:00","mainEntityOfPage":{"@id":"https:\/\/patagoniambiental.com.ar\/info\/reunion-con-la-camara-de-comercio-el-dpa-continua-trabajando-en-el-saneamiento-del-rio-negro\/"},"wordCount":543,"commentCount":0,"publisher":{"@id":"https:\/\/patagoniambiental.com.ar\/info\/#organization"},"image":{"@id":"https:\/\/patagoniambiental.com.ar\/info\/reunion-con-la-camara-de-comercio-el-dpa-continua-trabajando-en-el-saneamiento-del-rio-negro\/#primaryimage"},"thumbnailUrl":"https:\/\/patagoniambiental.com.ar\/info\/wp-content\/uploads\/2017\/08\/00029999.jpg","articleSection":["Noticias","Provinciales","R\u00edo Negro"],"inLanguage":"es","potentialAction":[{"@type":"CommentAction","name":"Comment","target":["https:\/\/patagoniambiental.com.ar\/info\/reunion-con-la-camara-de-comercio-el-dpa-continua-trabajando-en-el-saneamiento-del-rio-negro\/#respond"]}]},{"@type":"WebPage","@id":"https:\/\/patagoniambiental.com.ar\/info\/reunion-con-la-camara-de-comercio-el-dpa-continua-trabajando-en-el-saneamiento-del-rio-negro\/","url":"https:\/\/patagoniambiental.com.ar\/info\/reunion-con-la-camara-de-comercio-el-dpa-continua-trabajando-en-el-saneamiento-del-rio-negro\/","name":"Reuni\u00f3n con la C\u00e1mara de Comercio El DPA contin\u00faa trabajando en el saneamiento del r\u00edo Negro","isPartOf":{"@id":"https:\/\/patagoniambiental.com.ar\/info\/#website"},"primaryImageOfPage":{"@id":"https:\/\/patagoniambiental.com.ar\/info\/reunion-con-la-camara-de-comercio-el-dpa-continua-trabajando-en-el-saneamiento-del-rio-negro\/#primaryimage"},"image":{"@id":"https:\/\/patagoniambiental.com.ar\/info\/reunion-con-la-camara-de-comercio-el-dpa-continua-trabajando-en-el-saneamiento-del-rio-negro\/#primaryimage"},"thumbnailUrl":"https:\/\/patagoniambiental.com.ar\/info\/wp-content\/uploads\/2017\/08\/00029999.jpg","datePublished":"2017-08-24T22:00:24+00:00","breadcrumb":{"@id":"https:\/\/patagoniambiental.com.ar\/info\/reunion-con-la-camara-de-comercio-el-dpa-continua-trabajando-en-el-saneamiento-del-rio-negro\/#breadcrumb"},"inLanguage":"es","potentialAction":[{"@type":"ReadAction","target":["https:\/\/patagoniambiental.com.ar\/info\/reunion-con-la-camara-de-comercio-el-dpa-continua-trabajando-en-el-saneamiento-del-rio-negro\/"]}]},{"@type":"ImageObject","inLanguage":"es","@id":"https:\/\/patagoniambiental.com.ar\/info\/reunion-con-la-camara-de-comercio-el-dpa-continua-trabajando-en-el-saneamiento-del-rio-negro\/#primaryimage","url":"https:\/\/patagoniambiental.com.ar\/info\/wp-content\/uploads\/2017\/08\/00029999.jpg","contentUrl":"https:\/\/patagoniambiental.com.ar\/info\/wp-content\/uploads\/2017\/08\/00029999.jpg","width":900,"height":600},{"@type":"BreadcrumbList","@id":"https:\/\/patagoniambiental.com.ar\/info\/reunion-con-la-camara-de-comercio-el-dpa-continua-trabajando-en-el-saneamiento-del-rio-negro\/#breadcrumb","itemListElement":[{"@type":"ListItem","position":1,"name":"Inicio","item":"https:\/\/patagoniambiental.com.ar\/info\/"},{"@type":"ListItem","position":2,"name":"Reuni\u00f3n con la C\u00e1mara de Comercio El DPA contin\u00faa trabajando en el saneamiento del r\u00edo Negro"}]},{"@type":"WebSite","@id":"https:\/\/patagoniambiental.com.ar\/info\/#website","url":"https:\/\/patagoniambiental.com.ar\/info\/","name":"Patagonia Ambiental","description":"Monitoreo y an\u00e1lisis de la situaci\u00f3n geopol\u00edtica en el mundo y su implicancia en la Patagonia","publisher":{"@id":"https:\/\/patagoniambiental.com.ar\/info\/#organization"},"potentialAction":[{"@type":"SearchAction","target":{"@type":"EntryPoint","urlTemplate":"https:\/\/patagoniambiental.com.ar\/info\/?s={search_term_string}"},"query-input":{"@type":"PropertyValueSpecification","valueRequired":true,"valueName":"search_term_string"}}],"inLanguage":"es"},{"@type":"Organization","@id":"https:\/\/patagoniambiental.com.ar\/info\/#organization","name":"Patagonia Ambiental","url":"https:\/\/patagoniambiental.com.ar\/info\/","logo":{"@type":"ImageObject","inLanguage":"es","@id":"https:\/\/patagoniambiental.com.ar\/info\/#\/schema\/logo\/image\/","url":"https:\/\/patagoniambiental.com.ar\/info\/wp-content\/uploads\/2025\/05\/LOGO-PATAGONIA-AMBIENTAL.png","contentUrl":"https:\/\/patagoniambiental.com.ar\/info\/wp-content\/uploads\/2025\/05\/LOGO-PATAGONIA-AMBIENTAL.png","width":433,"height":250,"caption":"Patagonia Ambiental"},"image":{"@id":"https:\/\/patagoniambiental.com.ar\/info\/#\/schema\/logo\/image\/"},"sameAs":["https:\/\/www.facebook.com\/patagonia.ambiental","https:\/\/x.com\/PatAmb"]},{"@type":"Person","@id":"https:\/\/patagoniambiental.com.ar\/info\/#\/schema\/person\/db12bff64bbcbf6a253710bf0ea37b5d","name":"Patagonia Ambiental","description":"Andr\u00e9s Nievas T\u00e9cnico en manejo ambiental, consultor Ambiental y escritor para medios locales e internacionales sobre temas de geopolitica y medio ambiente.","sameAs":["http:\/\/www.patagoniambiental.com.ar","https:\/\/www.facebook.com\/share\/1C1V8Gv9BX\/?mibextid=qi2Omg","@patagoniambiental","https:\/\/youtube.com\/@patagoniaambiental2023?si=BLt58t0wuXquxlYZ"]}]}},"_links":{"self":[{"href":"https:\/\/patagoniambiental.com.ar\/info\/wp-json\/wp\/v2\/posts\/33784","targetHints":{"allow":["GET"]}}],"collection":[{"href":"https:\/\/patagoniambiental.com.ar\/info\/wp-json\/wp\/v2\/posts"}],"about":[{"href":"https:\/\/patagoniambiental.com.ar\/info\/wp-json\/wp\/v2\/types\/post"}],"author":[{"embeddable":true,"href":"https:\/\/patagoniambiental.com.ar\/info\/wp-json\/wp\/v2\/users\/2"}],"replies":[{"embeddable":true,"href":"https:\/\/patagoniambiental.com.ar\/info\/wp-json\/wp\/v2\/comments?post=33784"}],"version-history":[{"count":0,"href":"https:\/\/patagoniambiental.com.ar\/info\/wp-json\/wp\/v2\/posts\/33784\/revisions"}],"wp:featuredmedia":[{"embeddable":true,"href":"https:\/\/patagoniambiental.com.ar\/info\/wp-json\/wp\/v2\/media\/33785"}],"wp:attachment":[{"href":"https:\/\/patagoniambiental.com.ar\/info\/wp-json\/wp\/v2\/media?parent=33784"}],"wp:term":[{"taxonomy":"category","embeddable":true,"href":"https:\/\/patagoniambiental.com.ar\/info\/wp-json\/wp\/v2\/categories?post=33784"},{"taxonomy":"post_tag","embeddable":true,"href":"https:\/\/patagoniambiental.com.ar\/info\/wp-json\/wp\/v2\/tags?post=33784"}],"curies":[{"name":"wp","href":"https:\/\/api.w.org\/{rel}","templated":true}]}}